{"id":16310,"date":"2022-05-03T13:57:13","date_gmt":"2022-05-03T11:57:13","guid":{"rendered":"https:\/\/www.m-q.ch\/?p=16310"},"modified":"2022-05-03T13:57:13","modified_gmt":"2022-05-03T11:57:13","slug":"7-programme-dinnovation-kickstart-avec-un-accent-renforce-sur-le-developpement-durable","status":"publish","type":"post","link":"https:\/\/www.m-q.ch\/fr\/7-kickstart-innovationsprogramm-mit-verstaerktem-fokus-auf-nachhaltigkeit\/","title":{"rendered":"7e programme d'innovation Kickstart avec un accent renforc\u00e9 sur la durabilit\u00e9"},"content":{"rendered":"<figure id=\"attachment_16311\" aria-describedby=\"caption-attachment-16311\" style=\"width: 680px\" class=\"wp-caption alignnone\"><img loading=\"lazy\" decoding=\"async\" class=\"size-full wp-image-16311\" src=\"https:\/\/www.m-q.ch\/wp-content\/uploads\/2022\/05\/7-Kickstart-Innovationsprogramm-mit-verstaerktem-Fokus-auf-Nachhaltigkeit_MQ.jpg\" alt=\"\" width=\"680\" height=\"468\" srcset=\"https:\/\/www.m-q.ch\/wp-content\/uploads\/2022\/05\/7-Kickstart-Innovationsprogramm-mit-verstaerktem-Fokus-auf-Nachhaltigkeit_MQ.jpg 680w, https:\/\/www.m-q.ch\/wp-content\/uploads\/2022\/05\/7-Kickstart-Innovationsprogramm-mit-verstaerktem-Fokus-auf-Nachhaltigkeit_MQ-18x12.jpg 18w, https:\/\/www.m-q.ch\/wp-content\/uploads\/2022\/05\/7-Kickstart-Innovationsprogramm-mit-verstaerktem-Fokus-auf-Nachhaltigkeit_MQ-254x175.jpg 254w, https:\/\/www.m-q.ch\/wp-content\/uploads\/2022\/05\/7-Kickstart-Innovationsprogramm-mit-verstaerktem-Fokus-auf-Nachhaltigkeit_MQ-509x350.jpg 509w, https:\/\/www.m-q.ch\/wp-content\/uploads\/2022\/05\/7-Kickstart-Innovationsprogramm-mit-verstaerktem-Fokus-auf-Nachhaltigkeit_MQ-300x206.jpg 300w\" sizes=\"auto, (max-width: 680px) 100vw, 680px\" \/><figcaption id=\"caption-attachment-16311\" class=\"wp-caption-text\">Katka Letzing, cofondatrice et CEO de Kickstart Innovation. (Image : zVg \/ Kickstart)<\/figcaption><\/figure>\n<p>Kickstart Innovation, l'une des principales plateformes d'Open Innovation en Europe selon ses propres dires, a lanc\u00e9 son nouveau programme le 26 avril 2022 - et ce pour la septi\u00e8me fois. Dans les <a href=\"https:\/\/www.m-q.ch\/fr\/le-programme-dinnovation-pour-les-start-ups-est-lance\/\">ann\u00e9es pass\u00e9es<\/a> le programme d'innovation a r\u00e9ussi \u00e0 attirer quelques-unes des meilleures start-ups du monde afin d'\u00e9laborer des solutions pour la soci\u00e9t\u00e9. Cela se fait en partenariat avec des acteurs cl\u00e9s du secteur, notamment <a href=\"https:\/\/www.axa.ch\/en\/private-customers.html?gclid=CjwKCAiA4o79BRBvEiwAjteoYE-9ZBv9Unr6QXMQBNCiWMSoS2PN3zNJr6hhVvWZbTmy-2uy1-eZSBoCtNoQAvD_BwE&amp;ef_id=X6PO3QAAABwYtR-H:20201105132549:s\">AXA<\/a>, <a href=\"https:\/\/www.coop.ch\/en\/?gclid=CjwKCAiA4o79BRBvEiwAjteoYIaR7emOuJIMHNw2nefmJWDQNab0KjlqHqAhyFVDoA91W_nHoIAVVhoCzGwQAvD_BwE&amp;gclsrc=aw.ds\">Coop<\/a>, <a href=\"https:\/\/www.swisscom.ch\/en\/business.html\">Swisscom<\/a>, <a href=\"https:\/\/www.mobiliere.ch\/?ds_rl=1247884&amp;ds_rl=1253691&amp;ds_rl=1253697&amp;gclid=Cj0KCQjw3v6SBhCsARIsACyrRAnlqM3cbloz46F1E1TKI4sTIgVIdMFCo6pMejYtqoq0n6Wje66orL0aAj5iEALw_wcB&amp;gclsrc=aw.ds\">le mobilier<\/a>, <a href=\"https:\/\/www.postfinance.ch\/en\/private.html\">PostFinance<\/a>, <a href=\"https:\/\/www.sanitas.com\/de\/privatkunden.html\">Sanitas<\/a>, <a href=\"https:\/\/www.stadt-zuerich.ch\/portal\/en\/index.html\">la ville de Zurich<\/a>, <a href=\"https:\/\/www.credit-suisse.com\/ch\/en.html?aa_cmp=psrc_pbch_ch_2019_alonp_cs_wr_na_goog_na_na__w07732&amp;gclid=CjwKCAiA4o79BRBvEiwAjteoYFtaKiE8EyDVZjVQlehDP16xnx0TyOUz83Elrd466Gl714X7BqmF5xoCPr8QAvD_BwE\">Credit Suisse<\/a>, <a href=\"https:\/\/www.galenica.com\/en\/\">Galenica<\/a> et <a href=\"https:\/\/www.css.ch\/\">CSS Assurance<\/a>. Depuis 2016, Kickstart a ainsi soutenu plus de 300 startups et r\u00e9alis\u00e9 plus de 200 deals sous forme de coop\u00e9rations dans plus de 40 pays. Jusqu'\u00e0 pr\u00e9sent, des investissements d'un montant de plus de 2 milliards de CHF ont \u00e9t\u00e9 r\u00e9alis\u00e9s, notamment pour des startups aussi connues que Planted, Neustark, AAAcell et d'autres.<\/p>\n<h2>Programme d'innovation mettant l'accent sur la durabilit\u00e9<\/h2>\n<p>Le programme a lieu chaque ann\u00e9e depuis 2016, alors que la num\u00e9risation et la durabilit\u00e9 deviennent de plus en plus des moteurs d'innovation dans tous les secteurs. \"Les startups offrent un large \u00e9ventail de solutions aux entreprises qui sont \u00e0 la recherche de nouvelles technologies et d'innovations vari\u00e9es pour leur d\u00e9veloppement. Parall\u00e8lement, les partenariats avec les entreprises favorisent la croissance des startups gr\u00e2ce \u00e0 des pools d'experts et des opportunit\u00e9s de coop\u00e9ration\", explique Katka Letzing, cofondatrice et CEO de Kickstart Innovation. \"La durabilit\u00e9 est d\u00e9sormais au c\u0153ur de toutes les activit\u00e9s. Un grand changement a eu lieu dans ce domaine ces derni\u00e8res ann\u00e9es, comme le montre le doublement des deals autour du th\u00e8me de l'\u00e9conomie circulaire au cours des douze derniers mois\".<\/p>\n<h2>Acc\u00e8s au r\u00e9seau d'investisseurs\u00a0<\/h2>\n<p>L'objectif du programme Kickstart est de permettre des projets pilotes ou des coop\u00e9rations commerciales entre des start-ups et des institutions \u00e9tablies. Il s'agit ainsi de lancer de nouveaux produits et services sur le march\u00e9 \u00e0 plus grande \u00e9chelle, de trouver de nouvelles sources de revenus et d'investir dans des mod\u00e8les et des proc\u00e9d\u00e9s d'avenir.<\/p>\n<p>La recherche des th\u00e8mes de l'avenir se fait dans six domaines cibl\u00e9s : New Work &amp; Learning, Health &amp; Wellbeing, Finance &amp; Insurance, Food &amp; Retail, Smart Cities and Intrapreneurship. Chaque domaine se concentre sur des tendances d'innovation sp\u00e9cifiques et sur les besoins des diff\u00e9rents partenaires. En outre, Kickstart pr\u00e9sente une nouvelle identit\u00e9 de marque mondiale qui repr\u00e9sente l'\u00e9volution de l'entreprise vers un acteur international qui s'engage \u00e0 innover rapidement pour un avenir meilleur.<\/p>\n<p>Outre la mise en place de partenariats, le programme d'innovation Kickstart donne \u00e9galement acc\u00e8s \u00e0 un r\u00e9seau diversifi\u00e9 d'investisseurs pour les start-ups et les anciens \u00e9tudiants qui r\u00e9alisent des tours de financement. Des partenaires avec Corporate Venture Arms y participent activement, notamment Swisscom Ventures et AXA Venture Partners, entre autres. \"Ces derni\u00e8res ann\u00e9es, nous avons eu l'occasion de collaborer avec de grandes start-up et de conclure des accords de coop\u00e9ration et de participation, notamment avec des entreprises comme Labster et Unsupervised. Je me r\u00e9jouis de voir d'autres coop\u00e9rations de ce type cette ann\u00e9e, avec un accent accru sur les th\u00e8mes du d\u00e9veloppement durable\", explique Roger W\u00fcthrich-Hasenb\u00f6hler, Chief Digital Officer, Swisscom.<\/p>\n<p><em>Pour plus d'informations et pour envoyer les dossiers de candidature <a href=\"https:\/\/www.kickstart-innovation.com\/\">ici<\/a> \u00e0 trouver.<\/em><\/p>","protected":false},"excerpt":{"rendered":"<p>Kickstart Innovation, eine der gem\u00e4ss eigener Darstellung f\u00fchrenden Plattformen f\u00fcr Open Innovation in Europa, startete am 26. April 2022 ihr neues Programm &#8211; und dies zum siebten Mal. In den vergangenen Jahren hat das Innovationsprogramm einige der weltweit besten Startups gewinnen k\u00f6nnen, um L\u00f6sungen f\u00fcr die Gesellschaft zu erarbeiten. Dies geschieht in Partnerschaft mit wichtigen [&hellip;]<\/p>\n","protected":false},"author":10,"featured_media":16311,"comment_status":"closed","ping_status":"closed","sticky":false,"template":"","format":"standard","meta":{"_acf_changed":false,"footnotes":""},"categories":[4448],"tags":[3399,3701,5264],"class_list":["post-16310","post","type-post","status-publish","format-standard","has-post-thumbnail","hentry","category-allgemein","tag-innovation","tag-nachhaltigkeit","tag-startups"],"acf":[],"yoast_head":"<!-- This site is optimized with the Yoast SEO plugin v26.2 - https:\/\/yoast.com\/wordpress\/plugins\/seo\/ -->\n<title>7. Kickstart Innovationsprogramm mit verst\u00e4rktem Fokus auf Nachhaltigkeit - MQ Management und Qualit\u00e4t<\/title>\n<meta name=\"description\" content=\"Die Bewerbungsphase f\u00fcr das Kickstart Innovationsprogramm l\u00e4uft seit 26. April 2022. Dieses Jahr liegt der Fokus auf Nachhaltigkeit.\" \/>\n<meta name=\"robots\" content=\"index, follow, max-snippet:-1, max-image-preview:large, max-video-preview:-1\" \/>\n<link rel=\"canonical\" href=\"https:\/\/www.m-q.ch\/fr\/7-programme-dinnovation-kickstart-avec-un-accent-renforce-sur-le-developpement-durable\/\" \/>\n<meta property=\"og:locale\" content=\"fr_FR\" \/>\n<meta property=\"og:type\" content=\"article\" \/>\n<meta property=\"og:title\" content=\"7. Kickstart Innovationsprogramm mit verst\u00e4rktem Fokus auf Nachhaltigkeit\" \/>\n<meta property=\"og:description\" content=\"Die Bewerbungsphase f\u00fcr das Kickstart Innovationsprogramm l\u00e4uft seit 26. April 2022. Dieses Jahr liegt der Fokus auf Nachhaltigkeit.\" \/>\n<meta property=\"og:url\" content=\"https:\/\/www.m-q.ch\/fr\/7-programme-dinnovation-kickstart-avec-un-accent-renforce-sur-le-developpement-durable\/\" \/>\n<meta property=\"og:site_name\" content=\"MQ Management und Qualit\u00e4t\" \/>\n<meta property=\"article:publisher\" content=\"https:\/\/www.facebook.com\/ManagementUndQualitaet\" \/>\n<meta property=\"article:published_time\" content=\"2022-05-03T11:57:13+00:00\" \/>\n<meta property=\"og:image\" content=\"https:\/\/www.m-q.ch\/wp-content\/uploads\/2022\/05\/7-Kickstart-Innovationsprogramm-mit-verstaerktem-Fokus-auf-Nachhaltigkeit_MQ.jpg\" \/>\n\t<meta property=\"og:image:width\" content=\"680\" \/>\n\t<meta property=\"og:image:height\" content=\"468\" \/>\n\t<meta property=\"og:image:type\" content=\"image\/jpeg\" \/>\n<meta name=\"author\" content=\"Thomas Berner\" \/>\n<meta name=\"twitter:card\" content=\"summary_large_image\" \/>\n<meta name=\"twitter:title\" content=\"7. #Kickstart #Innovationsprogramm mit verst\u00e4rktem Fokus auf #Nachhaltigkeit\" \/>\n<meta name=\"twitter:description\" content=\"Die #Bewerbungsphase f\u00fcr das #Kickstart #Innovationsprogramm l\u00e4uft seit 26. April 2022. Dieses Jahr liegt der Fokus auf #Nachhaltigkeit.\" \/>\n<meta name=\"twitter:image\" content=\"https:\/\/www.m-q.ch\/wp-content\/uploads\/2022\/05\/7-Kickstart-Innovationsprogramm-mit-verstaerktem-Fokus-auf-Nachhaltigkeit_MQ.jpg\" \/>\n<meta name=\"twitter:label1\" content=\"\u00c9crit par\" \/>\n\t<meta name=\"twitter:data1\" content=\"Thomas Berner\" \/>\n\t<meta name=\"twitter:label2\" content=\"Dur\u00e9e de lecture estim\u00e9e\" \/>\n\t<meta name=\"twitter:data2\" content=\"2 minutes\" \/>\n<script type=\"application\/ld+json\" class=\"yoast-schema-graph\">{\"@context\":\"https:\/\/schema.org\",\"@graph\":[{\"@type\":\"Article\",\"@id\":\"https:\/\/www.m-q.ch\/7-kickstart-innovationsprogramm-mit-verstaerktem-fokus-auf-nachhaltigkeit\/#article\",\"isPartOf\":{\"@id\":\"https:\/\/www.m-q.ch\/7-kickstart-innovationsprogramm-mit-verstaerktem-fokus-auf-nachhaltigkeit\/\"},\"author\":{\"name\":\"Thomas Berner\",\"@id\":\"https:\/\/www.m-q.ch\/fr\/#\/schema\/person\/a8711938b1cfb3f056dec70eaa0b42ab\"},\"headline\":\"7. Kickstart Innovationsprogramm mit verst\u00e4rktem Fokus auf Nachhaltigkeit\",\"datePublished\":\"2022-05-03T11:57:13+00:00\",\"mainEntityOfPage\":{\"@id\":\"https:\/\/www.m-q.ch\/7-kickstart-innovationsprogramm-mit-verstaerktem-fokus-auf-nachhaltigkeit\/\"},\"wordCount\":491,\"publisher\":{\"@id\":\"https:\/\/www.m-q.ch\/fr\/#organization\"},\"image\":{\"@id\":\"https:\/\/www.m-q.ch\/7-kickstart-innovationsprogramm-mit-verstaerktem-fokus-auf-nachhaltigkeit\/#primaryimage\"},\"thumbnailUrl\":\"https:\/\/www.m-q.ch\/wp-content\/uploads\/2022\/05\/7-Kickstart-Innovationsprogramm-mit-verstaerktem-Fokus-auf-Nachhaltigkeit_MQ.jpg\",\"keywords\":[\"Innovation\",\"Nachhaltigkeit\",\"Startups\"],\"articleSection\":[\"Allgemein\"],\"inLanguage\":\"fr-FR\"},{\"@type\":\"WebPage\",\"@id\":\"https:\/\/www.m-q.ch\/7-kickstart-innovationsprogramm-mit-verstaerktem-fokus-auf-nachhaltigkeit\/\",\"url\":\"https:\/\/www.m-q.ch\/7-kickstart-innovationsprogramm-mit-verstaerktem-fokus-auf-nachhaltigkeit\/\",\"name\":\"7. Kickstart Innovationsprogramm mit verst\u00e4rktem Fokus auf Nachhaltigkeit - MQ Management und Qualit\u00e4t\",\"isPartOf\":{\"@id\":\"https:\/\/www.m-q.ch\/fr\/#website\"},\"primaryImageOfPage\":{\"@id\":\"https:\/\/www.m-q.ch\/7-kickstart-innovationsprogramm-mit-verstaerktem-fokus-auf-nachhaltigkeit\/#primaryimage\"},\"image\":{\"@id\":\"https:\/\/www.m-q.ch\/7-kickstart-innovationsprogramm-mit-verstaerktem-fokus-auf-nachhaltigkeit\/#primaryimage\"},\"thumbnailUrl\":\"https:\/\/www.m-q.ch\/wp-content\/uploads\/2022\/05\/7-Kickstart-Innovationsprogramm-mit-verstaerktem-Fokus-auf-Nachhaltigkeit_MQ.jpg\",\"datePublished\":\"2022-05-03T11:57:13+00:00\",\"description\":\"Die Bewerbungsphase f\u00fcr das Kickstart Innovationsprogramm l\u00e4uft seit 26. April 2022. Dieses Jahr liegt der Fokus auf Nachhaltigkeit.\",\"breadcrumb\":{\"@id\":\"https:\/\/www.m-q.ch\/7-kickstart-innovationsprogramm-mit-verstaerktem-fokus-auf-nachhaltigkeit\/#breadcrumb\"},\"inLanguage\":\"fr-FR\",\"potentialAction\":[{\"@type\":\"ReadAction\",\"target\":[\"https:\/\/www.m-q.ch\/7-kickstart-innovationsprogramm-mit-verstaerktem-fokus-auf-nachhaltigkeit\/\"]}]},{\"@type\":\"ImageObject\",\"inLanguage\":\"fr-FR\",\"@id\":\"https:\/\/www.m-q.ch\/7-kickstart-innovationsprogramm-mit-verstaerktem-fokus-auf-nachhaltigkeit\/#primaryimage\",\"url\":\"https:\/\/www.m-q.ch\/wp-content\/uploads\/2022\/05\/7-Kickstart-Innovationsprogramm-mit-verstaerktem-Fokus-auf-Nachhaltigkeit_MQ.jpg\",\"contentUrl\":\"https:\/\/www.m-q.ch\/wp-content\/uploads\/2022\/05\/7-Kickstart-Innovationsprogramm-mit-verstaerktem-Fokus-auf-Nachhaltigkeit_MQ.jpg\",\"width\":680,\"height\":468,\"caption\":\"Katka Letzing, Co-Founder und CEO von Kickstart Innovation. (Bild: zVg \/ Kickstart)\"},{\"@type\":\"BreadcrumbList\",\"@id\":\"https:\/\/www.m-q.ch\/7-kickstart-innovationsprogramm-mit-verstaerktem-fokus-auf-nachhaltigkeit\/#breadcrumb\",\"itemListElement\":[{\"@type\":\"ListItem\",\"position\":1,\"name\":\"Allgemein\",\"item\":\"https:\/\/www.m-q.ch\/kategorie\/allgemein\/\"},{\"@type\":\"ListItem\",\"position\":2,\"name\":\"7. Kickstart Innovationsprogramm mit verst\u00e4rktem Fokus auf Nachhaltigkeit\"}]},{\"@type\":\"WebSite\",\"@id\":\"https:\/\/www.m-q.ch\/fr\/#website\",\"url\":\"https:\/\/www.m-q.ch\/fr\/\",\"name\":\"MQ Management und Qualit\u00e4t\",\"description\":\"Plattform f\u00fcr integrierte Managementsysteme.\",\"publisher\":{\"@id\":\"https:\/\/www.m-q.ch\/fr\/#organization\"},\"potentialAction\":[{\"@type\":\"SearchAction\",\"target\":{\"@type\":\"EntryPoint\",\"urlTemplate\":\"https:\/\/www.m-q.ch\/fr\/?s={search_term_string}\"},\"query-input\":{\"@type\":\"PropertyValueSpecification\",\"valueRequired\":true,\"valueName\":\"search_term_string\"}}],\"inLanguage\":\"fr-FR\"},{\"@type\":\"Organization\",\"@id\":\"https:\/\/www.m-q.ch\/fr\/#organization\",\"name\":\"Galledia Fachmedien AG\",\"url\":\"https:\/\/www.m-q.ch\/fr\/\",\"logo\":{\"@type\":\"ImageObject\",\"inLanguage\":\"fr-FR\",\"@id\":\"https:\/\/www.m-q.ch\/fr\/#\/schema\/logo\/image\/\",\"url\":\"https:\/\/www.m-q.ch\/wp-content\/uploads\/2020\/12\/cropped-logo_small.png\",\"contentUrl\":\"https:\/\/www.m-q.ch\/wp-content\/uploads\/2020\/12\/cropped-logo_small.png\",\"width\":512,\"height\":512,\"caption\":\"Galledia Fachmedien AG\"},\"image\":{\"@id\":\"https:\/\/www.m-q.ch\/fr\/#\/schema\/logo\/image\/\"},\"sameAs\":[\"https:\/\/www.facebook.com\/ManagementUndQualitaet\",\"https:\/\/www.linkedin.com\/showcase\/17982321\/admin\/\"]},{\"@type\":\"Person\",\"@id\":\"https:\/\/www.m-q.ch\/fr\/#\/schema\/person\/a8711938b1cfb3f056dec70eaa0b42ab\",\"name\":\"Thomas Berner\",\"image\":{\"@type\":\"ImageObject\",\"inLanguage\":\"fr-FR\",\"@id\":\"https:\/\/www.m-q.ch\/fr\/#\/schema\/person\/image\/\",\"url\":\"https:\/\/secure.gravatar.com\/avatar\/faea7857408f70478f976d576da10f96?s=96&d=mm&r=g\",\"contentUrl\":\"https:\/\/secure.gravatar.com\/avatar\/faea7857408f70478f976d576da10f96?s=96&d=mm&r=g\",\"caption\":\"Thomas Berner\"},\"url\":\"https:\/\/www.m-q.ch\/fr\/author\/thomas-berner\/\"}]}<\/script>\n<!-- \/ Yoast SEO plugin. -->","yoast_head_json":{"title":"7e programme d'innovation Kickstart avec un accent renforc\u00e9 sur la durabilit\u00e9 - MQ Management et Qualit\u00e9","description":"La phase de candidature pour le programme d'innovation Kickstart est ouverte depuis le 26 avril 2022. Cette ann\u00e9e, l'accent est mis sur la durabilit\u00e9.","robots":{"index":"index","follow":"follow","max-snippet":"max-snippet:-1","max-image-preview":"max-image-preview:large","max-video-preview":"max-video-preview:-1"},"canonical":"https:\/\/www.m-q.ch\/fr\/7-programme-dinnovation-kickstart-avec-un-accent-renforce-sur-le-developpement-durable\/","og_locale":"fr_FR","og_type":"article","og_title":"7. Kickstart Innovationsprogramm mit verst\u00e4rktem Fokus auf Nachhaltigkeit","og_description":"Die Bewerbungsphase f\u00fcr das Kickstart Innovationsprogramm l\u00e4uft seit 26. April 2022. Dieses Jahr liegt der Fokus auf Nachhaltigkeit.","og_url":"https:\/\/www.m-q.ch\/fr\/7-programme-dinnovation-kickstart-avec-un-accent-renforce-sur-le-developpement-durable\/","og_site_name":"MQ Management und Qualit\u00e4t","article_publisher":"https:\/\/www.facebook.com\/ManagementUndQualitaet","article_published_time":"2022-05-03T11:57:13+00:00","og_image":[{"width":680,"height":468,"url":"https:\/\/www.m-q.ch\/wp-content\/uploads\/2022\/05\/7-Kickstart-Innovationsprogramm-mit-verstaerktem-Fokus-auf-Nachhaltigkeit_MQ.jpg","type":"image\/jpeg"}],"author":"Thomas Berner","twitter_card":"summary_large_image","twitter_title":"7. #Kickstart #Innovationsprogramm mit verst\u00e4rktem Fokus auf #Nachhaltigkeit","twitter_description":"Die #Bewerbungsphase f\u00fcr das #Kickstart #Innovationsprogramm l\u00e4uft seit 26. April 2022. Dieses Jahr liegt der Fokus auf #Nachhaltigkeit.","twitter_image":"https:\/\/www.m-q.ch\/wp-content\/uploads\/2022\/05\/7-Kickstart-Innovationsprogramm-mit-verstaerktem-Fokus-auf-Nachhaltigkeit_MQ.jpg","twitter_misc":{"\u00c9crit par":"Thomas Berner","Dur\u00e9e de lecture estim\u00e9e":"2 minutes"},"schema":{"@context":"https:\/\/schema.org","@graph":[{"@type":"Article","@id":"https:\/\/www.m-q.ch\/7-kickstart-innovationsprogramm-mit-verstaerktem-fokus-auf-nachhaltigkeit\/#article","isPartOf":{"@id":"https:\/\/www.m-q.ch\/7-kickstart-innovationsprogramm-mit-verstaerktem-fokus-auf-nachhaltigkeit\/"},"author":{"name":"Thomas Berner","@id":"https:\/\/www.m-q.ch\/fr\/#\/schema\/person\/a8711938b1cfb3f056dec70eaa0b42ab"},"headline":"7. Kickstart Innovationsprogramm mit verst\u00e4rktem Fokus auf Nachhaltigkeit","datePublished":"2022-05-03T11:57:13+00:00","mainEntityOfPage":{"@id":"https:\/\/www.m-q.ch\/7-kickstart-innovationsprogramm-mit-verstaerktem-fokus-auf-nachhaltigkeit\/"},"wordCount":491,"publisher":{"@id":"https:\/\/www.m-q.ch\/fr\/#organization"},"image":{"@id":"https:\/\/www.m-q.ch\/7-kickstart-innovationsprogramm-mit-verstaerktem-fokus-auf-nachhaltigkeit\/#primaryimage"},"thumbnailUrl":"https:\/\/www.m-q.ch\/wp-content\/uploads\/2022\/05\/7-Kickstart-Innovationsprogramm-mit-verstaerktem-Fokus-auf-Nachhaltigkeit_MQ.jpg","keywords":["Innovation","Nachhaltigkeit","Startups"],"articleSection":["Allgemein"],"inLanguage":"fr-FR"},{"@type":"WebPage","@id":"https:\/\/www.m-q.ch\/7-kickstart-innovationsprogramm-mit-verstaerktem-fokus-auf-nachhaltigkeit\/","url":"https:\/\/www.m-q.ch\/7-kickstart-innovationsprogramm-mit-verstaerktem-fokus-auf-nachhaltigkeit\/","name":"7e programme d'innovation Kickstart avec un accent renforc\u00e9 sur la durabilit\u00e9 - MQ Management et Qualit\u00e9","isPartOf":{"@id":"https:\/\/www.m-q.ch\/fr\/#website"},"primaryImageOfPage":{"@id":"https:\/\/www.m-q.ch\/7-kickstart-innovationsprogramm-mit-verstaerktem-fokus-auf-nachhaltigkeit\/#primaryimage"},"image":{"@id":"https:\/\/www.m-q.ch\/7-kickstart-innovationsprogramm-mit-verstaerktem-fokus-auf-nachhaltigkeit\/#primaryimage"},"thumbnailUrl":"https:\/\/www.m-q.ch\/wp-content\/uploads\/2022\/05\/7-Kickstart-Innovationsprogramm-mit-verstaerktem-Fokus-auf-Nachhaltigkeit_MQ.jpg","datePublished":"2022-05-03T11:57:13+00:00","description":"La phase de candidature pour le programme d'innovation Kickstart est ouverte depuis le 26 avril 2022. Cette ann\u00e9e, l'accent est mis sur la durabilit\u00e9.","breadcrumb":{"@id":"https:\/\/www.m-q.ch\/7-kickstart-innovationsprogramm-mit-verstaerktem-fokus-auf-nachhaltigkeit\/#breadcrumb"},"inLanguage":"fr-FR","potentialAction":[{"@type":"ReadAction","target":["https:\/\/www.m-q.ch\/7-kickstart-innovationsprogramm-mit-verstaerktem-fokus-auf-nachhaltigkeit\/"]}]},{"@type":"ImageObject","inLanguage":"fr-FR","@id":"https:\/\/www.m-q.ch\/7-kickstart-innovationsprogramm-mit-verstaerktem-fokus-auf-nachhaltigkeit\/#primaryimage","url":"https:\/\/www.m-q.ch\/wp-content\/uploads\/2022\/05\/7-Kickstart-Innovationsprogramm-mit-verstaerktem-Fokus-auf-Nachhaltigkeit_MQ.jpg","contentUrl":"https:\/\/www.m-q.ch\/wp-content\/uploads\/2022\/05\/7-Kickstart-Innovationsprogramm-mit-verstaerktem-Fokus-auf-Nachhaltigkeit_MQ.jpg","width":680,"height":468,"caption":"Katka Letzing, Co-Founder und CEO von Kickstart Innovation. (Bild: zVg \/ Kickstart)"},{"@type":"BreadcrumbList","@id":"https:\/\/www.m-q.ch\/7-kickstart-innovationsprogramm-mit-verstaerktem-fokus-auf-nachhaltigkeit\/#breadcrumb","itemListElement":[{"@type":"ListItem","position":1,"name":"Allgemein","item":"https:\/\/www.m-q.ch\/kategorie\/allgemein\/"},{"@type":"ListItem","position":2,"name":"7. Kickstart Innovationsprogramm mit verst\u00e4rktem Fokus auf Nachhaltigkeit"}]},{"@type":"WebSite","@id":"https:\/\/www.m-q.ch\/fr\/#website","url":"https:\/\/www.m-q.ch\/fr\/","name":"Gestion et qualit\u00e9 du QM","description":"Plate-forme pour les syst\u00e8mes de gestion int\u00e9gr\u00e9e.","publisher":{"@id":"https:\/\/www.m-q.ch\/fr\/#organization"},"potentialAction":[{"@type":"SearchAction","target":{"@type":"EntryPoint","urlTemplate":"https:\/\/www.m-q.ch\/fr\/?s={search_term_string}"},"query-input":{"@type":"PropertyValueSpecification","valueRequired":true,"valueName":"search_term_string"}}],"inLanguage":"fr-FR"},{"@type":"Organization","@id":"https:\/\/www.m-q.ch\/fr\/#organization","name":"Galledia Trade Media AG","url":"https:\/\/www.m-q.ch\/fr\/","logo":{"@type":"ImageObject","inLanguage":"fr-FR","@id":"https:\/\/www.m-q.ch\/fr\/#\/schema\/logo\/image\/","url":"https:\/\/www.m-q.ch\/wp-content\/uploads\/2020\/12\/cropped-logo_small.png","contentUrl":"https:\/\/www.m-q.ch\/wp-content\/uploads\/2020\/12\/cropped-logo_small.png","width":512,"height":512,"caption":"Galledia Fachmedien AG"},"image":{"@id":"https:\/\/www.m-q.ch\/fr\/#\/schema\/logo\/image\/"},"sameAs":["https:\/\/www.facebook.com\/ManagementUndQualitaet","https:\/\/www.linkedin.com\/showcase\/17982321\/admin\/"]},{"@type":"Person","@id":"https:\/\/www.m-q.ch\/fr\/#\/schema\/person\/a8711938b1cfb3f056dec70eaa0b42ab","name":"Thomas Berner","image":{"@type":"ImageObject","inLanguage":"fr-FR","@id":"https:\/\/www.m-q.ch\/fr\/#\/schema\/person\/image\/","url":"https:\/\/secure.gravatar.com\/avatar\/faea7857408f70478f976d576da10f96?s=96&d=mm&r=g","contentUrl":"https:\/\/secure.gravatar.com\/avatar\/faea7857408f70478f976d576da10f96?s=96&d=mm&r=g","caption":"Thomas Berner"},"url":"https:\/\/www.m-q.ch\/fr\/author\/thomas-berner\/"}]}},"_links":{"self":[{"href":"https:\/\/www.m-q.ch\/fr\/wp-json\/wp\/v2\/posts\/16310","targetHints":{"allow":["GET"]}}],"collection":[{"href":"https:\/\/www.m-q.ch\/fr\/wp-json\/wp\/v2\/posts"}],"about":[{"href":"https:\/\/www.m-q.ch\/fr\/wp-json\/wp\/v2\/types\/post"}],"author":[{"embeddable":true,"href":"https:\/\/www.m-q.ch\/fr\/wp-json\/wp\/v2\/users\/10"}],"replies":[{"embeddable":true,"href":"https:\/\/www.m-q.ch\/fr\/wp-json\/wp\/v2\/comments?post=16310"}],"version-history":[{"count":1,"href":"https:\/\/www.m-q.ch\/fr\/wp-json\/wp\/v2\/posts\/16310\/revisions"}],"predecessor-version":[{"id":16312,"href":"https:\/\/www.m-q.ch\/fr\/wp-json\/wp\/v2\/posts\/16310\/revisions\/16312"}],"wp:featuredmedia":[{"embeddable":true,"href":"https:\/\/www.m-q.ch\/fr\/wp-json\/wp\/v2\/media\/16311"}],"wp:attachment":[{"href":"https:\/\/www.m-q.ch\/fr\/wp-json\/wp\/v2\/media?parent=16310"}],"wp:term":[{"taxonomy":"category","embeddable":true,"href":"https:\/\/www.m-q.ch\/fr\/wp-json\/wp\/v2\/categories?post=16310"},{"taxonomy":"post_tag","embeddable":true,"href":"https:\/\/www.m-q.ch\/fr\/wp-json\/wp\/v2\/tags?post=16310"}],"curies":[{"name":"wp","href":"https:\/\/api.w.org\/{rel}","templated":true}]}}