{"id":16403,"date":"2022-06-01T13:57:34","date_gmt":"2022-06-01T11:57:34","guid":{"rendered":"https:\/\/www.m-q.ch\/?p=16403"},"modified":"2022-06-24T16:44:45","modified_gmt":"2022-06-24T14:44:45","slug":"premier-rapport-swiss-ai-sur-lutilisation-de-lintelligence-artificielle","status":"publish","type":"post","link":"https:\/\/www.m-q.ch\/fr\/erster-swiss-ai-report-zum-einsatz-kuenstlicher-intelligenz\/","title":{"rendered":"Premier rapport Swiss AI sur l'utilisation de l'intelligence artificielle"},"content":{"rendered":"<figure id=\"attachment_16404\" aria-describedby=\"caption-attachment-16404\" style=\"width: 680px\" class=\"wp-caption alignnone\"><img loading=\"lazy\" decoding=\"async\" class=\"size-full wp-image-16404\" src=\"https:\/\/www.m-q.ch\/wp-content\/uploads\/2022\/06\/Erster-Swiss-AI-Report-zum-Einsatz-kuenstlicher-Intelligenz_MQ.jpg\" alt=\"\" width=\"680\" height=\"489\" srcset=\"https:\/\/www.m-q.ch\/wp-content\/uploads\/2022\/06\/Erster-Swiss-AI-Report-zum-Einsatz-kuenstlicher-Intelligenz_MQ.jpg 680w, https:\/\/www.m-q.ch\/wp-content\/uploads\/2022\/06\/Erster-Swiss-AI-Report-zum-Einsatz-kuenstlicher-Intelligenz_MQ-18x12.jpg 18w, https:\/\/www.m-q.ch\/wp-content\/uploads\/2022\/06\/Erster-Swiss-AI-Report-zum-Einsatz-kuenstlicher-Intelligenz_MQ-243x175.jpg 243w, https:\/\/www.m-q.ch\/wp-content\/uploads\/2022\/06\/Erster-Swiss-AI-Report-zum-Einsatz-kuenstlicher-Intelligenz_MQ-487x350.jpg 487w, https:\/\/www.m-q.ch\/wp-content\/uploads\/2022\/06\/Erster-Swiss-AI-Report-zum-Einsatz-kuenstlicher-Intelligenz_MQ-300x216.jpg 300w\" sizes=\"auto, (max-width: 680px) 100vw, 680px\" \/><figcaption id=\"caption-attachment-16404\" class=\"wp-caption-text\">Les entreprises suisses investissent des millions dans l'IA et misent sur la recherche. C'est la conclusion du premier Swiss AI Report. (Image : Unsplash.com)<\/figcaption><\/figure>\n<p>Pour la premi\u00e8re publication du Swiss AI Report, 92 entreprises suisses de diff\u00e9rentes tailles ont \u00e9t\u00e9 interrog\u00e9es. Le rapport a \u00e9t\u00e9 \u00e9labor\u00e9 par le think tank W.I.R.E et la fondation Mindfire \u00e0 la demande du canton de Schwyz.<\/p>\n<h3>Le Swiss AI Report estime qu'il reste beaucoup \u00e0 faire pour rattraper le retard<\/h3>\n<p>Le r\u00e9sultat r\u00e9v\u00e8le des tendances claires. Le th\u00e8me de l'IA est un th\u00e8me strat\u00e9gique central dans les entreprises. Cela ne va pas de soi pour un nouveau th\u00e8me technologique, \u00e9crivent les auteurs du rapport. Toutefois, 56 pour cent des entreprises se consid\u00e8rent encore au niveau 1 sur 5 en ce qui concerne le degr\u00e9 d'automatisation effectif. 47 pour cent des personnes interrog\u00e9es ne consid\u00e8rent pas encore l'IA comme un soutien dans leur activit\u00e9 principale. Les entreprises suisses en seraient donc encore au d\u00e9but de l'\u00e9volution vers une utilisation syst\u00e9matique de l'intelligence artificielle, selon le Swiss AI Report.\u00a0<\/p>\n<p>Parall\u00e8lement, de nombreuses entreprises veulent investir dans les technologies IA. 75 % ont l'intention d'y consacrer jusqu'\u00e0 un million l'ann\u00e9e prochaine, 20 % des entreprises jusqu'\u00e0 5 millions. La volont\u00e9 de se positionner dans l'environnement AI se manifeste surtout chez les grandes entreprises. Seules 10 % environ des PME qui se penchent de mani\u00e8re proactive sur les applications AI disposent \u00e9galement d'un budget AI fixe. Dans les grandes entreprises, ce chiffre atteint tout de m\u00eame 40%.<\/p>\n<h3><strong>Une collaboration fructueuse entre la science et l'\u00e9conomie<\/strong><\/h3>\n<p>Autre conclusion du rapport : il est tr\u00e8s r\u00e9jouissant de constater que la collaboration entre l'\u00e9conomie et la science fonctionne en Suisse. Selon ce rapport, deux tiers des entreprises interrog\u00e9es entretiennent un partenariat avec des hautes \u00e9coles dans le contexte de l'IA. La m\u00eame proportion veut construire elle-m\u00eame les bases techniques pour une utilisation r\u00e9ussie de l'IA. Seules 8 % d'entre elles souhaitent les acheter enti\u00e8rement. Les meilleurs talents sont donc tr\u00e8s recherch\u00e9s. Face \u00e0 la p\u00e9nurie de personnel qualifi\u00e9, pr\u00e8s de la moiti\u00e9 des entreprises proposent d\u00e9j\u00e0 des formations continues internes sur l'IA.<\/p>\n<p>De nombreuses entreprises suisses sont manifestement conscientes des risques que comporte l'utilisation de l'intelligence artificielle. Ainsi, 45% d'entre elles craignent des r\u00e9sultats erron\u00e9s lors de l'utilisation de l'intelligence artificielle en raison d'une base de donn\u00e9es insuffisante ou d'une distorsion subjective lors de l'entra\u00eenement des algorithmes. Il est frappant de constater que seuls 3 % des personnes interrog\u00e9es expriment des craintes de nature \u00e9thique. De m\u00eame, seuls 1,2 % consid\u00e8rent que les besoins croissants en \u00e9nergie et la durabilit\u00e9 \u00e9cologique li\u00e9s \u00e0 l'utilisation de l'IA constituent un d\u00e9fi majeur.\u00a0<\/p>\n<p><em>Source et informations compl\u00e9mentaires : <a href=\"https:\/\/308764.eu2.cleverreach.com\/c\/72029358\/7c974fdaa09-rcslcs\">ai-con.ch<\/a> \/ <a href=\"https:\/\/www.thewire.ch\/\">www.thewire.ch<\/a><\/em><\/p>","protected":false},"excerpt":{"rendered":"<p>F\u00fcr den erstmals ver\u00f6ffentlichten Swiss AI Report wurden 92 Schweizer Unternehmen unterschiedlicher Gr\u00f6sse befragt. Der Report wurde im Auftrag des Kantons Schwyz durch den Thinktank W.I.R.E und die Stiftung Mindfire erarbeitet. Swiss AI Report ortet noch viel Aufholbedarf Das Resultat l\u00e4sst klare Tendenzen erkennen. Das Thema AI ist ein strategisches Kernthema in den Firmen. Das [&hellip;]<\/p>\n","protected":false},"author":10,"featured_media":16404,"comment_status":"closed","ping_status":"closed","sticky":false,"template":"","format":"standard","meta":{"_acf_changed":false,"footnotes":""},"categories":[4448],"tags":[3372,3435,3362],"class_list":["post-16403","post","type-post","status-publish","format-standard","has-post-thumbnail","hentry","category-allgemein","tag-digitalisierung","tag-kuenstliche-intelligenz","tag-studie"],"acf":[],"yoast_head":"<!-- This site is optimized with the Yoast SEO plugin v26.2 - https:\/\/yoast.com\/wordpress\/plugins\/seo\/ -->\n<title>Erster Swiss AI Report zum Einsatz k\u00fcnstlicher Intelligenz - MQ Management und Qualit\u00e4t<\/title>\n<meta name=\"description\" content=\"An der f\u00fchrenden Schweizer Konferenz im Bereich Artificial Intelligence (AiCon) wird der Swiss AI Report pr\u00e4sentiert.\" \/>\n<meta name=\"robots\" content=\"index, follow, max-snippet:-1, max-image-preview:large, max-video-preview:-1\" \/>\n<link rel=\"canonical\" href=\"https:\/\/www.m-q.ch\/fr\/premier-rapport-swiss-ai-sur-lutilisation-de-lintelligence-artificielle\/\" \/>\n<meta property=\"og:locale\" content=\"fr_FR\" \/>\n<meta property=\"og:type\" content=\"article\" \/>\n<meta property=\"og:title\" content=\"Erster Swiss AI Report zum Einsatz k\u00fcnstlicher Intelligenz\" \/>\n<meta property=\"og:description\" content=\"An der f\u00fchrenden Schweizer Konferenz im Bereich Artificial Intelligence (AiCon) wird der Swiss AI Report pr\u00e4sentiert.\" \/>\n<meta property=\"og:url\" content=\"https:\/\/www.m-q.ch\/fr\/premier-rapport-swiss-ai-sur-lutilisation-de-lintelligence-artificielle\/\" \/>\n<meta property=\"og:site_name\" content=\"MQ Management und Qualit\u00e4t\" \/>\n<meta property=\"article:publisher\" content=\"https:\/\/www.facebook.com\/ManagementUndQualitaet\" \/>\n<meta property=\"article:published_time\" content=\"2022-06-01T11:57:34+00:00\" \/>\n<meta property=\"article:modified_time\" content=\"2022-06-24T14:44:45+00:00\" \/>\n<meta property=\"og:image\" content=\"https:\/\/www.m-q.ch\/wp-content\/uploads\/2022\/06\/Erster-Swiss-AI-Report-zum-Einsatz-kuenstlicher-Intelligenz_MQ.jpg\" \/>\n\t<meta property=\"og:image:width\" content=\"680\" \/>\n\t<meta property=\"og:image:height\" content=\"489\" \/>\n\t<meta property=\"og:image:type\" content=\"image\/jpeg\" \/>\n<meta name=\"author\" content=\"Thomas Berner\" \/>\n<meta name=\"twitter:card\" content=\"summary_large_image\" \/>\n<meta name=\"twitter:title\" content=\"Erster Swiss #AI Report zum Einsatz k\u00fcnstlicher #Intelligenz\" \/>\n<meta name=\"twitter:description\" content=\"An der f\u00fchrenden Schweizer Konferenz im Bereich Artificial Intelligence (#AiCon) wird der Swiss AI Report pr\u00e4sentiert.\" \/>\n<meta name=\"twitter:image\" content=\"https:\/\/www.m-q.ch\/wp-content\/uploads\/2022\/06\/Erster-Swiss-AI-Report-zum-Einsatz-kuenstlicher-Intelligenz_MQ.jpg\" \/>\n<meta name=\"twitter:label1\" content=\"\u00c9crit par\" \/>\n\t<meta name=\"twitter:data1\" content=\"Thomas Berner\" \/>\n\t<meta name=\"twitter:label2\" content=\"Dur\u00e9e de lecture estim\u00e9e\" \/>\n\t<meta name=\"twitter:data2\" content=\"2 minutes\" \/>\n<script type=\"application\/ld+json\" class=\"yoast-schema-graph\">{\"@context\":\"https:\/\/schema.org\",\"@graph\":[{\"@type\":\"Article\",\"@id\":\"https:\/\/www.m-q.ch\/erster-swiss-ai-report-zum-einsatz-kuenstlicher-intelligenz\/#article\",\"isPartOf\":{\"@id\":\"https:\/\/www.m-q.ch\/erster-swiss-ai-report-zum-einsatz-kuenstlicher-intelligenz\/\"},\"author\":{\"name\":\"Thomas Berner\",\"@id\":\"https:\/\/www.m-q.ch\/fr\/#\/schema\/person\/a8711938b1cfb3f056dec70eaa0b42ab\"},\"headline\":\"Erster Swiss AI Report zum Einsatz k\u00fcnstlicher Intelligenz\",\"datePublished\":\"2022-06-01T11:57:34+00:00\",\"dateModified\":\"2022-06-24T14:44:45+00:00\",\"mainEntityOfPage\":{\"@id\":\"https:\/\/www.m-q.ch\/erster-swiss-ai-report-zum-einsatz-kuenstlicher-intelligenz\/\"},\"wordCount\":400,\"publisher\":{\"@id\":\"https:\/\/www.m-q.ch\/fr\/#organization\"},\"image\":{\"@id\":\"https:\/\/www.m-q.ch\/erster-swiss-ai-report-zum-einsatz-kuenstlicher-intelligenz\/#primaryimage\"},\"thumbnailUrl\":\"https:\/\/www.m-q.ch\/wp-content\/uploads\/2022\/06\/Erster-Swiss-AI-Report-zum-Einsatz-kuenstlicher-Intelligenz_MQ.jpg\",\"keywords\":[\"Digitalisierung\",\"K\u00fcnstliche Intelligenz\",\"Studie\"],\"articleSection\":[\"Allgemein\"],\"inLanguage\":\"fr-FR\"},{\"@type\":\"WebPage\",\"@id\":\"https:\/\/www.m-q.ch\/erster-swiss-ai-report-zum-einsatz-kuenstlicher-intelligenz\/\",\"url\":\"https:\/\/www.m-q.ch\/erster-swiss-ai-report-zum-einsatz-kuenstlicher-intelligenz\/\",\"name\":\"Erster Swiss AI Report zum Einsatz k\u00fcnstlicher Intelligenz - MQ Management und Qualit\u00e4t\",\"isPartOf\":{\"@id\":\"https:\/\/www.m-q.ch\/fr\/#website\"},\"primaryImageOfPage\":{\"@id\":\"https:\/\/www.m-q.ch\/erster-swiss-ai-report-zum-einsatz-kuenstlicher-intelligenz\/#primaryimage\"},\"image\":{\"@id\":\"https:\/\/www.m-q.ch\/erster-swiss-ai-report-zum-einsatz-kuenstlicher-intelligenz\/#primaryimage\"},\"thumbnailUrl\":\"https:\/\/www.m-q.ch\/wp-content\/uploads\/2022\/06\/Erster-Swiss-AI-Report-zum-Einsatz-kuenstlicher-Intelligenz_MQ.jpg\",\"datePublished\":\"2022-06-01T11:57:34+00:00\",\"dateModified\":\"2022-06-24T14:44:45+00:00\",\"description\":\"An der f\u00fchrenden Schweizer Konferenz im Bereich Artificial Intelligence (AiCon) wird der Swiss AI Report pr\u00e4sentiert.\",\"breadcrumb\":{\"@id\":\"https:\/\/www.m-q.ch\/erster-swiss-ai-report-zum-einsatz-kuenstlicher-intelligenz\/#breadcrumb\"},\"inLanguage\":\"fr-FR\",\"potentialAction\":[{\"@type\":\"ReadAction\",\"target\":[\"https:\/\/www.m-q.ch\/erster-swiss-ai-report-zum-einsatz-kuenstlicher-intelligenz\/\"]}]},{\"@type\":\"ImageObject\",\"inLanguage\":\"fr-FR\",\"@id\":\"https:\/\/www.m-q.ch\/erster-swiss-ai-report-zum-einsatz-kuenstlicher-intelligenz\/#primaryimage\",\"url\":\"https:\/\/www.m-q.ch\/wp-content\/uploads\/2022\/06\/Erster-Swiss-AI-Report-zum-Einsatz-kuenstlicher-Intelligenz_MQ.jpg\",\"contentUrl\":\"https:\/\/www.m-q.ch\/wp-content\/uploads\/2022\/06\/Erster-Swiss-AI-Report-zum-Einsatz-kuenstlicher-Intelligenz_MQ.jpg\",\"width\":680,\"height\":489,\"caption\":\"Schweizer Firmen investieren Millionen in AI und setzen auf Forschung. Zu diesem Schluss kommt der erste Swiss AI Report. (Bild: Unsplash.com)\"},{\"@type\":\"BreadcrumbList\",\"@id\":\"https:\/\/www.m-q.ch\/erster-swiss-ai-report-zum-einsatz-kuenstlicher-intelligenz\/#breadcrumb\",\"itemListElement\":[{\"@type\":\"ListItem\",\"position\":1,\"name\":\"Allgemein\",\"item\":\"https:\/\/www.m-q.ch\/kategorie\/allgemein\/\"},{\"@type\":\"ListItem\",\"position\":2,\"name\":\"Erster Swiss AI Report zum Einsatz k\u00fcnstlicher Intelligenz\"}]},{\"@type\":\"WebSite\",\"@id\":\"https:\/\/www.m-q.ch\/fr\/#website\",\"url\":\"https:\/\/www.m-q.ch\/fr\/\",\"name\":\"MQ Management und Qualit\u00e4t\",\"description\":\"Plattform f\u00fcr integrierte Managementsysteme.\",\"publisher\":{\"@id\":\"https:\/\/www.m-q.ch\/fr\/#organization\"},\"potentialAction\":[{\"@type\":\"SearchAction\",\"target\":{\"@type\":\"EntryPoint\",\"urlTemplate\":\"https:\/\/www.m-q.ch\/fr\/?s={search_term_string}\"},\"query-input\":{\"@type\":\"PropertyValueSpecification\",\"valueRequired\":true,\"valueName\":\"search_term_string\"}}],\"inLanguage\":\"fr-FR\"},{\"@type\":\"Organization\",\"@id\":\"https:\/\/www.m-q.ch\/fr\/#organization\",\"name\":\"Galledia Fachmedien AG\",\"url\":\"https:\/\/www.m-q.ch\/fr\/\",\"logo\":{\"@type\":\"ImageObject\",\"inLanguage\":\"fr-FR\",\"@id\":\"https:\/\/www.m-q.ch\/fr\/#\/schema\/logo\/image\/\",\"url\":\"https:\/\/www.m-q.ch\/wp-content\/uploads\/2020\/12\/cropped-logo_small.png\",\"contentUrl\":\"https:\/\/www.m-q.ch\/wp-content\/uploads\/2020\/12\/cropped-logo_small.png\",\"width\":512,\"height\":512,\"caption\":\"Galledia Fachmedien AG\"},\"image\":{\"@id\":\"https:\/\/www.m-q.ch\/fr\/#\/schema\/logo\/image\/\"},\"sameAs\":[\"https:\/\/www.facebook.com\/ManagementUndQualitaet\",\"https:\/\/www.linkedin.com\/showcase\/17982321\/admin\/\"]},{\"@type\":\"Person\",\"@id\":\"https:\/\/www.m-q.ch\/fr\/#\/schema\/person\/a8711938b1cfb3f056dec70eaa0b42ab\",\"name\":\"Thomas Berner\",\"image\":{\"@type\":\"ImageObject\",\"inLanguage\":\"fr-FR\",\"@id\":\"https:\/\/www.m-q.ch\/fr\/#\/schema\/person\/image\/\",\"url\":\"https:\/\/secure.gravatar.com\/avatar\/faea7857408f70478f976d576da10f96?s=96&d=mm&r=g\",\"contentUrl\":\"https:\/\/secure.gravatar.com\/avatar\/faea7857408f70478f976d576da10f96?s=96&d=mm&r=g\",\"caption\":\"Thomas Berner\"},\"url\":\"https:\/\/www.m-q.ch\/fr\/author\/thomas-berner\/\"}]}<\/script>\n<!-- \/ Yoast SEO plugin. -->","yoast_head_json":{"title":"Premier rapport Swiss AI sur l'utilisation de l'intelligence artificielle - MQ Management et Qualit\u00e9","description":"Le Swiss AI Report sera pr\u00e9sent\u00e9 lors de la principale conf\u00e9rence suisse dans le domaine de l'intelligence artificielle (AiCon).","robots":{"index":"index","follow":"follow","max-snippet":"max-snippet:-1","max-image-preview":"max-image-preview:large","max-video-preview":"max-video-preview:-1"},"canonical":"https:\/\/www.m-q.ch\/fr\/premier-rapport-swiss-ai-sur-lutilisation-de-lintelligence-artificielle\/","og_locale":"fr_FR","og_type":"article","og_title":"Erster Swiss AI Report zum Einsatz k\u00fcnstlicher Intelligenz","og_description":"An der f\u00fchrenden Schweizer Konferenz im Bereich Artificial Intelligence (AiCon) wird der Swiss AI Report pr\u00e4sentiert.","og_url":"https:\/\/www.m-q.ch\/fr\/premier-rapport-swiss-ai-sur-lutilisation-de-lintelligence-artificielle\/","og_site_name":"MQ Management und Qualit\u00e4t","article_publisher":"https:\/\/www.facebook.com\/ManagementUndQualitaet","article_published_time":"2022-06-01T11:57:34+00:00","article_modified_time":"2022-06-24T14:44:45+00:00","og_image":[{"width":680,"height":489,"url":"https:\/\/www.m-q.ch\/wp-content\/uploads\/2022\/06\/Erster-Swiss-AI-Report-zum-Einsatz-kuenstlicher-Intelligenz_MQ.jpg","type":"image\/jpeg"}],"author":"Thomas Berner","twitter_card":"summary_large_image","twitter_title":"Erster Swiss #AI Report zum Einsatz k\u00fcnstlicher #Intelligenz","twitter_description":"An der f\u00fchrenden Schweizer Konferenz im Bereich Artificial Intelligence (#AiCon) wird der Swiss AI Report pr\u00e4sentiert.","twitter_image":"https:\/\/www.m-q.ch\/wp-content\/uploads\/2022\/06\/Erster-Swiss-AI-Report-zum-Einsatz-kuenstlicher-Intelligenz_MQ.jpg","twitter_misc":{"\u00c9crit par":"Thomas Berner","Dur\u00e9e de lecture estim\u00e9e":"2 minutes"},"schema":{"@context":"https:\/\/schema.org","@graph":[{"@type":"Article","@id":"https:\/\/www.m-q.ch\/erster-swiss-ai-report-zum-einsatz-kuenstlicher-intelligenz\/#article","isPartOf":{"@id":"https:\/\/www.m-q.ch\/erster-swiss-ai-report-zum-einsatz-kuenstlicher-intelligenz\/"},"author":{"name":"Thomas Berner","@id":"https:\/\/www.m-q.ch\/fr\/#\/schema\/person\/a8711938b1cfb3f056dec70eaa0b42ab"},"headline":"Erster Swiss AI Report zum Einsatz k\u00fcnstlicher Intelligenz","datePublished":"2022-06-01T11:57:34+00:00","dateModified":"2022-06-24T14:44:45+00:00","mainEntityOfPage":{"@id":"https:\/\/www.m-q.ch\/erster-swiss-ai-report-zum-einsatz-kuenstlicher-intelligenz\/"},"wordCount":400,"publisher":{"@id":"https:\/\/www.m-q.ch\/fr\/#organization"},"image":{"@id":"https:\/\/www.m-q.ch\/erster-swiss-ai-report-zum-einsatz-kuenstlicher-intelligenz\/#primaryimage"},"thumbnailUrl":"https:\/\/www.m-q.ch\/wp-content\/uploads\/2022\/06\/Erster-Swiss-AI-Report-zum-Einsatz-kuenstlicher-Intelligenz_MQ.jpg","keywords":["Digitalisierung","K\u00fcnstliche Intelligenz","Studie"],"articleSection":["Allgemein"],"inLanguage":"fr-FR"},{"@type":"WebPage","@id":"https:\/\/www.m-q.ch\/erster-swiss-ai-report-zum-einsatz-kuenstlicher-intelligenz\/","url":"https:\/\/www.m-q.ch\/erster-swiss-ai-report-zum-einsatz-kuenstlicher-intelligenz\/","name":"Premier rapport Swiss AI sur l'utilisation de l'intelligence artificielle - MQ Management et Qualit\u00e9","isPartOf":{"@id":"https:\/\/www.m-q.ch\/fr\/#website"},"primaryImageOfPage":{"@id":"https:\/\/www.m-q.ch\/erster-swiss-ai-report-zum-einsatz-kuenstlicher-intelligenz\/#primaryimage"},"image":{"@id":"https:\/\/www.m-q.ch\/erster-swiss-ai-report-zum-einsatz-kuenstlicher-intelligenz\/#primaryimage"},"thumbnailUrl":"https:\/\/www.m-q.ch\/wp-content\/uploads\/2022\/06\/Erster-Swiss-AI-Report-zum-Einsatz-kuenstlicher-Intelligenz_MQ.jpg","datePublished":"2022-06-01T11:57:34+00:00","dateModified":"2022-06-24T14:44:45+00:00","description":"Le Swiss AI Report sera pr\u00e9sent\u00e9 lors de la principale conf\u00e9rence suisse dans le domaine de l'intelligence artificielle (AiCon).","breadcrumb":{"@id":"https:\/\/www.m-q.ch\/erster-swiss-ai-report-zum-einsatz-kuenstlicher-intelligenz\/#breadcrumb"},"inLanguage":"fr-FR","potentialAction":[{"@type":"ReadAction","target":["https:\/\/www.m-q.ch\/erster-swiss-ai-report-zum-einsatz-kuenstlicher-intelligenz\/"]}]},{"@type":"ImageObject","inLanguage":"fr-FR","@id":"https:\/\/www.m-q.ch\/erster-swiss-ai-report-zum-einsatz-kuenstlicher-intelligenz\/#primaryimage","url":"https:\/\/www.m-q.ch\/wp-content\/uploads\/2022\/06\/Erster-Swiss-AI-Report-zum-Einsatz-kuenstlicher-Intelligenz_MQ.jpg","contentUrl":"https:\/\/www.m-q.ch\/wp-content\/uploads\/2022\/06\/Erster-Swiss-AI-Report-zum-Einsatz-kuenstlicher-Intelligenz_MQ.jpg","width":680,"height":489,"caption":"Schweizer Firmen investieren Millionen in AI und setzen auf Forschung. Zu diesem Schluss kommt der erste Swiss AI Report. (Bild: Unsplash.com)"},{"@type":"BreadcrumbList","@id":"https:\/\/www.m-q.ch\/erster-swiss-ai-report-zum-einsatz-kuenstlicher-intelligenz\/#breadcrumb","itemListElement":[{"@type":"ListItem","position":1,"name":"Allgemein","item":"https:\/\/www.m-q.ch\/kategorie\/allgemein\/"},{"@type":"ListItem","position":2,"name":"Erster Swiss AI Report zum Einsatz k\u00fcnstlicher Intelligenz"}]},{"@type":"WebSite","@id":"https:\/\/www.m-q.ch\/fr\/#website","url":"https:\/\/www.m-q.ch\/fr\/","name":"Gestion et qualit\u00e9 du QM","description":"Plate-forme pour les syst\u00e8mes de gestion int\u00e9gr\u00e9e.","publisher":{"@id":"https:\/\/www.m-q.ch\/fr\/#organization"},"potentialAction":[{"@type":"SearchAction","target":{"@type":"EntryPoint","urlTemplate":"https:\/\/www.m-q.ch\/fr\/?s={search_term_string}"},"query-input":{"@type":"PropertyValueSpecification","valueRequired":true,"valueName":"search_term_string"}}],"inLanguage":"fr-FR"},{"@type":"Organization","@id":"https:\/\/www.m-q.ch\/fr\/#organization","name":"Galledia Trade Media AG","url":"https:\/\/www.m-q.ch\/fr\/","logo":{"@type":"ImageObject","inLanguage":"fr-FR","@id":"https:\/\/www.m-q.ch\/fr\/#\/schema\/logo\/image\/","url":"https:\/\/www.m-q.ch\/wp-content\/uploads\/2020\/12\/cropped-logo_small.png","contentUrl":"https:\/\/www.m-q.ch\/wp-content\/uploads\/2020\/12\/cropped-logo_small.png","width":512,"height":512,"caption":"Galledia Fachmedien AG"},"image":{"@id":"https:\/\/www.m-q.ch\/fr\/#\/schema\/logo\/image\/"},"sameAs":["https:\/\/www.facebook.com\/ManagementUndQualitaet","https:\/\/www.linkedin.com\/showcase\/17982321\/admin\/"]},{"@type":"Person","@id":"https:\/\/www.m-q.ch\/fr\/#\/schema\/person\/a8711938b1cfb3f056dec70eaa0b42ab","name":"Thomas Berner","image":{"@type":"ImageObject","inLanguage":"fr-FR","@id":"https:\/\/www.m-q.ch\/fr\/#\/schema\/person\/image\/","url":"https:\/\/secure.gravatar.com\/avatar\/faea7857408f70478f976d576da10f96?s=96&d=mm&r=g","contentUrl":"https:\/\/secure.gravatar.com\/avatar\/faea7857408f70478f976d576da10f96?s=96&d=mm&r=g","caption":"Thomas Berner"},"url":"https:\/\/www.m-q.ch\/fr\/author\/thomas-berner\/"}]}},"_links":{"self":[{"href":"https:\/\/www.m-q.ch\/fr\/wp-json\/wp\/v2\/posts\/16403","targetHints":{"allow":["GET"]}}],"collection":[{"href":"https:\/\/www.m-q.ch\/fr\/wp-json\/wp\/v2\/posts"}],"about":[{"href":"https:\/\/www.m-q.ch\/fr\/wp-json\/wp\/v2\/types\/post"}],"author":[{"embeddable":true,"href":"https:\/\/www.m-q.ch\/fr\/wp-json\/wp\/v2\/users\/10"}],"replies":[{"embeddable":true,"href":"https:\/\/www.m-q.ch\/fr\/wp-json\/wp\/v2\/comments?post=16403"}],"version-history":[{"count":1,"href":"https:\/\/www.m-q.ch\/fr\/wp-json\/wp\/v2\/posts\/16403\/revisions"}],"predecessor-version":[{"id":16405,"href":"https:\/\/www.m-q.ch\/fr\/wp-json\/wp\/v2\/posts\/16403\/revisions\/16405"}],"wp:featuredmedia":[{"embeddable":true,"href":"https:\/\/www.m-q.ch\/fr\/wp-json\/wp\/v2\/media\/16404"}],"wp:attachment":[{"href":"https:\/\/www.m-q.ch\/fr\/wp-json\/wp\/v2\/media?parent=16403"}],"wp:term":[{"taxonomy":"category","embeddable":true,"href":"https:\/\/www.m-q.ch\/fr\/wp-json\/wp\/v2\/categories?post=16403"},{"taxonomy":"post_tag","embeddable":true,"href":"https:\/\/www.m-q.ch\/fr\/wp-json\/wp\/v2\/tags?post=16403"}],"curies":[{"name":"wp","href":"https:\/\/api.w.org\/{rel}","templated":true}]}}