{"id":16427,"date":"2022-06-10T10:52:07","date_gmt":"2022-06-10T08:52:07","guid":{"rendered":"https:\/\/www.m-q.ch\/?p=16427"},"modified":"2022-06-10T10:52:07","modified_gmt":"2022-06-10T08:52:07","slug":"bosch-developpe-ses-activites-en-suisse","status":"publish","type":"post","link":"https:\/\/www.m-q.ch\/fr\/bosch-baut-aktivitaeten-in-der-schweiz-aus\/","title":{"rendered":"Bosch d\u00e9veloppe ses activit\u00e9s en Suisse"},"content":{"rendered":"<figure id=\"attachment_16428\" aria-describedby=\"caption-attachment-16428\" style=\"width: 680px\" class=\"wp-caption alignnone\"><img loading=\"lazy\" decoding=\"async\" class=\"size-full wp-image-16428\" src=\"https:\/\/www.m-q.ch\/wp-content\/uploads\/2022\/06\/Bosch-baut-Aktivitaeten-in-der-Schweiz-aus_MQ.jpg\" alt=\"\" width=\"680\" height=\"383\" srcset=\"https:\/\/www.m-q.ch\/wp-content\/uploads\/2022\/06\/Bosch-baut-Aktivitaeten-in-der-Schweiz-aus_MQ.jpg 680w, https:\/\/www.m-q.ch\/wp-content\/uploads\/2022\/06\/Bosch-baut-Aktivitaeten-in-der-Schweiz-aus_MQ-18x10.jpg 18w, https:\/\/www.m-q.ch\/wp-content\/uploads\/2022\/06\/Bosch-baut-Aktivitaeten-in-der-Schweiz-aus_MQ-311x175.jpg 311w, https:\/\/www.m-q.ch\/wp-content\/uploads\/2022\/06\/Bosch-baut-Aktivitaeten-in-der-Schweiz-aus_MQ-621x350.jpg 621w, https:\/\/www.m-q.ch\/wp-content\/uploads\/2022\/06\/Bosch-baut-Aktivitaeten-in-der-Schweiz-aus_MQ-300x169.jpg 300w\" sizes=\"auto, (max-width: 680px) 100vw, 680px\" \/><figcaption id=\"caption-attachment-16428\" class=\"wp-caption-text\">Au si\u00e8ge suisse de Zuchwil, Bosch va investir 45 millions de francs dans un b\u00e2timent neutre en CO2. (Image : zVg \/ Bosch)<\/figcaption><\/figure>\n<p>L'entreprise internationale de technologie et de services Bosch a pu augmenter son chiffre d'affaires sur le march\u00e9 suisse \u00e0 745 millions de francs au cours de l'exercice 2021. Cela correspond \u00e0 une croissance d'environ 11,5 pour cent par rapport \u00e0 l'ann\u00e9e pr\u00e9c\u00e9dente. Le chiffre d'affaires net total, y compris les livraisons internes aux filiales, s'est \u00e9lev\u00e9 \u00e0 1,65 milliard de francs. L'entreprise, qui distribue ses produits en Suisse depuis 1904, emploie environ 2 000 personnes dans le pays. \"Ce r\u00e9sultat positif refl\u00e8te les bonnes performances de nos diff\u00e9rents secteurs d'activit\u00e9 et les efforts de nos collaborateurs pour saisir les opportunit\u00e9s qui se pr\u00e9sentent dans un contexte mondial peu favorable\", a d\u00e9clar\u00e9 Ute Lepple, repr\u00e9sentante du groupe Bosch en Suisse.<\/p>\n<h3>Int\u00e9gration des entreprises acquises<\/h3>\n<p>Ute Lepple s'est montr\u00e9e particuli\u00e8rement satisfaite de l'augmentation due \u00e0 l'acquisition d'Elpro Group AG \u00e0 Buchs, ainsi que du changement de nom de Buderus Heiztechnik AG en Bosch Thermotechnik AG. Avec ces deux activit\u00e9s, l'entreprise renforce la pr\u00e9sence de la marque Bosch en Suisse. \"2022 sera une nouvelle ann\u00e9e exigeante. Nous avons pris un bon d\u00e9part et nous allons tout mettre en \u0153uvre pour cro\u00eetre plus fortement que le march\u00e9 dans les secteurs importants\", a d\u00e9clar\u00e9 Ute Lepple.<\/p>\n<h3>\u00c9volution du chiffre d'affaires par secteur d'activit\u00e9<\/h3>\n<p>Dans le secteur d'activit\u00e9 Mobility Solutions, Bosch a de nouveau enregistr\u00e9, selon le rapport de gestion, une nette croissance en Suisse en 2021 dans le secteur d'activit\u00e9 Automotive Aftermarket ainsi que dans les syst\u00e8mes de propulsion et d'assistance \u00e0 la conduite pour eBikes. Le secteur d'activit\u00e9 Consumer Goods a encore augment\u00e9 son chiffre d'affaires par rapport \u00e0 l'ann\u00e9e pr\u00e9c\u00e9dente, qui \u00e9tait d\u00e9j\u00e0 forte. Malgr\u00e9 la pand\u00e9mie et les d\u00e9fis conjoncturels, le chiffre d'affaires de la division Industrial Technology a \u00e9galement augment\u00e9, les clients ont \u00e9t\u00e9 livr\u00e9s de mani\u00e8re fiable et la satisfaction a continu\u00e9 de cro\u00eetre. Dans le secteur Energy and Building Technology, la division Thermotechnique a enregistr\u00e9 une solide croissance. Les ventes sur le march\u00e9 partiel le plus important, celui des pompes \u00e0 chaleur, ont connu une \u00e9volution particuli\u00e8rement r\u00e9jouissante, avec des gains de parts de march\u00e9 significatifs.<\/p>\n<h3>Nouveau si\u00e8ge social neutre en CO2 de Bosch Suisse<\/h3>\n<p>En mars 2022, Bosch Suisse a lanc\u00e9 la construction d'un nouveau b\u00e2timent administratif sur le site de Zuchwil (SO). Avec un investissement de 45 millions de francs, ce projet de construction compte parmi les plus importants investissements de l'entreprise en Suisse au cours des derni\u00e8res ann\u00e9es. D'ici 2024, un b\u00e2timent neutre en CO2 de quatre \u00e9tages \u00e0 structure en bois sera construit sur une surface de 14 900 m2. Le b\u00e2timent est pr\u00e9vu pour \u00eatre \u00e0 la fois le si\u00e8ge principal de Bosch Suisse et celui de la division de produits Bosch Power Tools Accessories, Scintilla AG, active dans le monde entier.<\/p>\n<h3>Groupe Bosch : perspectives 2022 et cap strat\u00e9gique<\/h3>\n<p>L'ensemble de l'entreprise a r\u00e9alis\u00e9 en 2021 une nette augmentation de son chiffre d'affaires et de ses r\u00e9sultats malgr\u00e9 un contexte difficile. Au premier trimestre 2022, le chiffre d'affaires de l'entreprise de technologie et de services a augment\u00e9 de 5,2 pour cent. Pour l'ensemble de l'ann\u00e9e, Bosch pr\u00e9voit une augmentation du chiffre d'affaires de plus de 6 pour cent et un rendement de l'EBIT dans la fourchette de trois \u00e0 quatre pour cent - l'entreprise s'attend toutefois \u00e0 des charges consid\u00e9rables, principalement dues \u00e0 l'augmentation des co\u00fbts de l'\u00e9nergie, des mat\u00e9riaux et de la logistique. \"Le succ\u00e8s de l'exercice 2021 nous donne confiance pour ma\u00eetriser \u00e9galement l'environnement exigeant de l'ann\u00e9e en cours\", a d\u00e9clar\u00e9 Dr Stefan Hartung, pr\u00e9sident du directoire de Robert Bosch GmbH. Parmi les incertitudes consid\u00e9rables figure la guerre en Ukraine avec toutes ses cons\u00e9quences. Selon Hartung, la situation actuelle met en \u00e9vidence la pression d'agir sur la politique et la soci\u00e9t\u00e9 pour devenir moins d\u00e9pendants des sources d'\u00e9nergie fossiles et s'attaquer avec force \u00e0 l'exploitation de nouvelles \u00e9nergies. C'est pourquoi le groupe Bosch poursuit syst\u00e9matiquement ses efforts pour la protection du climat malgr\u00e9 le contexte \u00e9conomique difficile. Hartung a annonc\u00e9 \u00e0 cet effet des investissements dans des techniques neutres pour le climat, telles que l'\u00e9lectrification et l'hydrog\u00e8ne, \u00e0 hauteur d'un peu plus de trois milliards d'euros sur trois ans.<\/p>\n<p><a href=\"http:\/\/www.bosch.ch\"><em>Source et informations compl\u00e9mentaires<\/em><\/a><\/p>","protected":false},"excerpt":{"rendered":"<p>Das internationale Technologie- und Dienstleistungsunternehmen Bosch konnte im Gesch\u00e4ftsjahr 2021 seinen Umsatz auf dem Schweizer Markt auf 745 Millionen Franken steigern. Das entspricht einem Wachstum von rund 11,5 Prozent gegen\u00fcber Vorjahr. Der Gesamtnettoumsatz einschliesslich interner Lieferungen an Tochtergesellschaften belief sich auf 1,65 Milliarden Franken. Das Unternehmen, das seine Produkte seit 1904 in der Schweiz vertreibt, [&hellip;]<\/p>\n","protected":false},"author":10,"featured_media":16428,"comment_status":"closed","ping_status":"closed","sticky":false,"template":"","format":"standard","meta":{"_acf_changed":false,"footnotes":""},"categories":[4448],"tags":[3360,3352],"class_list":["post-16427","post","type-post","status-publish","format-standard","has-post-thumbnail","hentry","category-allgemein","tag-management-und-unternehmensfuehrung","tag-unternehmen"],"acf":[],"yoast_head":"<!-- This site is optimized with the Yoast SEO plugin v26.2 - https:\/\/yoast.com\/wordpress\/plugins\/seo\/ -->\n<title>Bosch baut Aktivit\u00e4ten in der Schweiz aus - MQ Management und Qualit\u00e4t<\/title>\n<meta name=\"description\" content=\"Bosch hat 2021 in der Schweiz 745 Millionen Franken Umsatz erzielt. Das Wachstum betr\u00e4gt 11,5 Prozent gegen\u00fcber dem Vorjahr.\" \/>\n<meta name=\"robots\" content=\"index, follow, max-snippet:-1, max-image-preview:large, max-video-preview:-1\" \/>\n<link rel=\"canonical\" href=\"https:\/\/www.m-q.ch\/fr\/bosch-developpe-ses-activites-en-suisse\/\" \/>\n<meta property=\"og:locale\" content=\"fr_FR\" \/>\n<meta property=\"og:type\" content=\"article\" \/>\n<meta property=\"og:title\" content=\"Bosch baut Aktivit\u00e4ten in der Schweiz aus\" \/>\n<meta property=\"og:description\" content=\"Bosch hat 2021 in der Schweiz 745 Millionen Franken Umsatz erzielt. Das Wachstum betr\u00e4gt 11,5 Prozent gegen\u00fcber dem Vorjahr.\" \/>\n<meta property=\"og:url\" content=\"https:\/\/www.m-q.ch\/fr\/bosch-developpe-ses-activites-en-suisse\/\" \/>\n<meta property=\"og:site_name\" content=\"MQ Management und Qualit\u00e4t\" \/>\n<meta property=\"article:publisher\" content=\"https:\/\/www.facebook.com\/ManagementUndQualitaet\" \/>\n<meta property=\"article:published_time\" content=\"2022-06-10T08:52:07+00:00\" \/>\n<meta property=\"og:image\" content=\"https:\/\/www.m-q.ch\/wp-content\/uploads\/2022\/06\/Bosch-baut-Aktivitaeten-in-der-Schweiz-aus_MQ.jpg\" \/>\n\t<meta property=\"og:image:width\" content=\"680\" \/>\n\t<meta property=\"og:image:height\" content=\"383\" \/>\n\t<meta property=\"og:image:type\" content=\"image\/jpeg\" \/>\n<meta name=\"author\" content=\"Thomas Berner\" \/>\n<meta name=\"twitter:card\" content=\"summary_large_image\" \/>\n<meta name=\"twitter:title\" content=\"#Bosch baut Aktivit\u00e4ten in der Schweiz aus\" \/>\n<meta name=\"twitter:description\" content=\"#Bosch hat 2021 in der Schweiz 745 Millionen Franken #Umsatz erzielt. Das Wachstum betr\u00e4gt 11,5 Prozent gegen\u00fcber dem Vorjahr.\" \/>\n<meta name=\"twitter:image\" content=\"https:\/\/www.m-q.ch\/wp-content\/uploads\/2022\/06\/Bosch-baut-Aktivitaeten-in-der-Schweiz-aus_MQ.jpg\" \/>\n<meta name=\"twitter:label1\" content=\"\u00c9crit par\" \/>\n\t<meta name=\"twitter:data1\" content=\"Thomas Berner\" \/>\n\t<meta name=\"twitter:label2\" content=\"Dur\u00e9e de lecture estim\u00e9e\" \/>\n\t<meta name=\"twitter:data2\" content=\"3 minutes\" \/>\n<script type=\"application\/ld+json\" class=\"yoast-schema-graph\">{\"@context\":\"https:\/\/schema.org\",\"@graph\":[{\"@type\":\"Article\",\"@id\":\"https:\/\/www.m-q.ch\/bosch-baut-aktivitaeten-in-der-schweiz-aus\/#article\",\"isPartOf\":{\"@id\":\"https:\/\/www.m-q.ch\/bosch-baut-aktivitaeten-in-der-schweiz-aus\/\"},\"author\":{\"name\":\"Thomas Berner\",\"@id\":\"https:\/\/www.m-q.ch\/fr\/#\/schema\/person\/a8711938b1cfb3f056dec70eaa0b42ab\"},\"headline\":\"Bosch baut Aktivit\u00e4ten in der Schweiz aus\",\"datePublished\":\"2022-06-10T08:52:07+00:00\",\"mainEntityOfPage\":{\"@id\":\"https:\/\/www.m-q.ch\/bosch-baut-aktivitaeten-in-der-schweiz-aus\/\"},\"wordCount\":599,\"publisher\":{\"@id\":\"https:\/\/www.m-q.ch\/fr\/#organization\"},\"image\":{\"@id\":\"https:\/\/www.m-q.ch\/bosch-baut-aktivitaeten-in-der-schweiz-aus\/#primaryimage\"},\"thumbnailUrl\":\"https:\/\/www.m-q.ch\/wp-content\/uploads\/2022\/06\/Bosch-baut-Aktivitaeten-in-der-Schweiz-aus_MQ.jpg\",\"keywords\":[\"Management und Unternehmensf\u00fchrung\",\"Unternehmen\"],\"articleSection\":[\"Allgemein\"],\"inLanguage\":\"fr-FR\"},{\"@type\":\"WebPage\",\"@id\":\"https:\/\/www.m-q.ch\/bosch-baut-aktivitaeten-in-der-schweiz-aus\/\",\"url\":\"https:\/\/www.m-q.ch\/bosch-baut-aktivitaeten-in-der-schweiz-aus\/\",\"name\":\"Bosch baut Aktivit\u00e4ten in der Schweiz aus - MQ Management und Qualit\u00e4t\",\"isPartOf\":{\"@id\":\"https:\/\/www.m-q.ch\/fr\/#website\"},\"primaryImageOfPage\":{\"@id\":\"https:\/\/www.m-q.ch\/bosch-baut-aktivitaeten-in-der-schweiz-aus\/#primaryimage\"},\"image\":{\"@id\":\"https:\/\/www.m-q.ch\/bosch-baut-aktivitaeten-in-der-schweiz-aus\/#primaryimage\"},\"thumbnailUrl\":\"https:\/\/www.m-q.ch\/wp-content\/uploads\/2022\/06\/Bosch-baut-Aktivitaeten-in-der-Schweiz-aus_MQ.jpg\",\"datePublished\":\"2022-06-10T08:52:07+00:00\",\"description\":\"Bosch hat 2021 in der Schweiz 745 Millionen Franken Umsatz erzielt. Das Wachstum betr\u00e4gt 11,5 Prozent gegen\u00fcber dem Vorjahr.\",\"breadcrumb\":{\"@id\":\"https:\/\/www.m-q.ch\/bosch-baut-aktivitaeten-in-der-schweiz-aus\/#breadcrumb\"},\"inLanguage\":\"fr-FR\",\"potentialAction\":[{\"@type\":\"ReadAction\",\"target\":[\"https:\/\/www.m-q.ch\/bosch-baut-aktivitaeten-in-der-schweiz-aus\/\"]}]},{\"@type\":\"ImageObject\",\"inLanguage\":\"fr-FR\",\"@id\":\"https:\/\/www.m-q.ch\/bosch-baut-aktivitaeten-in-der-schweiz-aus\/#primaryimage\",\"url\":\"https:\/\/www.m-q.ch\/wp-content\/uploads\/2022\/06\/Bosch-baut-Aktivitaeten-in-der-Schweiz-aus_MQ.jpg\",\"contentUrl\":\"https:\/\/www.m-q.ch\/wp-content\/uploads\/2022\/06\/Bosch-baut-Aktivitaeten-in-der-Schweiz-aus_MQ.jpg\",\"width\":680,\"height\":383,\"caption\":\"Am Schweizer Hauptsitz in Zuchwil wird Bosch 45 Millionen Franken in ein CO2-neutrales Geb\u00e4ude investieren. (Bild: zVg \/ Bosch)\"},{\"@type\":\"BreadcrumbList\",\"@id\":\"https:\/\/www.m-q.ch\/bosch-baut-aktivitaeten-in-der-schweiz-aus\/#breadcrumb\",\"itemListElement\":[{\"@type\":\"ListItem\",\"position\":1,\"name\":\"Allgemein\",\"item\":\"https:\/\/www.m-q.ch\/kategorie\/allgemein\/\"},{\"@type\":\"ListItem\",\"position\":2,\"name\":\"Bosch baut Aktivit\u00e4ten in der Schweiz aus\"}]},{\"@type\":\"WebSite\",\"@id\":\"https:\/\/www.m-q.ch\/fr\/#website\",\"url\":\"https:\/\/www.m-q.ch\/fr\/\",\"name\":\"MQ Management und Qualit\u00e4t\",\"description\":\"Plattform f\u00fcr integrierte Managementsysteme.\",\"publisher\":{\"@id\":\"https:\/\/www.m-q.ch\/fr\/#organization\"},\"potentialAction\":[{\"@type\":\"SearchAction\",\"target\":{\"@type\":\"EntryPoint\",\"urlTemplate\":\"https:\/\/www.m-q.ch\/fr\/?s={search_term_string}\"},\"query-input\":{\"@type\":\"PropertyValueSpecification\",\"valueRequired\":true,\"valueName\":\"search_term_string\"}}],\"inLanguage\":\"fr-FR\"},{\"@type\":\"Organization\",\"@id\":\"https:\/\/www.m-q.ch\/fr\/#organization\",\"name\":\"Galledia Fachmedien AG\",\"url\":\"https:\/\/www.m-q.ch\/fr\/\",\"logo\":{\"@type\":\"ImageObject\",\"inLanguage\":\"fr-FR\",\"@id\":\"https:\/\/www.m-q.ch\/fr\/#\/schema\/logo\/image\/\",\"url\":\"https:\/\/www.m-q.ch\/wp-content\/uploads\/2020\/12\/cropped-logo_small.png\",\"contentUrl\":\"https:\/\/www.m-q.ch\/wp-content\/uploads\/2020\/12\/cropped-logo_small.png\",\"width\":512,\"height\":512,\"caption\":\"Galledia Fachmedien AG\"},\"image\":{\"@id\":\"https:\/\/www.m-q.ch\/fr\/#\/schema\/logo\/image\/\"},\"sameAs\":[\"https:\/\/www.facebook.com\/ManagementUndQualitaet\",\"https:\/\/www.linkedin.com\/showcase\/17982321\/admin\/\"]},{\"@type\":\"Person\",\"@id\":\"https:\/\/www.m-q.ch\/fr\/#\/schema\/person\/a8711938b1cfb3f056dec70eaa0b42ab\",\"name\":\"Thomas Berner\",\"image\":{\"@type\":\"ImageObject\",\"inLanguage\":\"fr-FR\",\"@id\":\"https:\/\/www.m-q.ch\/fr\/#\/schema\/person\/image\/\",\"url\":\"https:\/\/secure.gravatar.com\/avatar\/faea7857408f70478f976d576da10f96?s=96&d=mm&r=g\",\"contentUrl\":\"https:\/\/secure.gravatar.com\/avatar\/faea7857408f70478f976d576da10f96?s=96&d=mm&r=g\",\"caption\":\"Thomas Berner\"},\"url\":\"https:\/\/www.m-q.ch\/fr\/author\/thomas-berner\/\"}]}<\/script>\n<!-- \/ Yoast SEO plugin. -->","yoast_head_json":{"title":"Bosch d\u00e9veloppe ses activit\u00e9s en Suisse - MQ Management et qualit\u00e9","description":"En 2021, Bosch a r\u00e9alis\u00e9 un chiffre d'affaires de 745 millions de francs en Suisse. La croissance est de 11,5 % par rapport \u00e0 l'ann\u00e9e pr\u00e9c\u00e9dente.","robots":{"index":"index","follow":"follow","max-snippet":"max-snippet:-1","max-image-preview":"max-image-preview:large","max-video-preview":"max-video-preview:-1"},"canonical":"https:\/\/www.m-q.ch\/fr\/bosch-developpe-ses-activites-en-suisse\/","og_locale":"fr_FR","og_type":"article","og_title":"Bosch baut Aktivit\u00e4ten in der Schweiz aus","og_description":"Bosch hat 2021 in der Schweiz 745 Millionen Franken Umsatz erzielt. Das Wachstum betr\u00e4gt 11,5 Prozent gegen\u00fcber dem Vorjahr.","og_url":"https:\/\/www.m-q.ch\/fr\/bosch-developpe-ses-activites-en-suisse\/","og_site_name":"MQ Management und Qualit\u00e4t","article_publisher":"https:\/\/www.facebook.com\/ManagementUndQualitaet","article_published_time":"2022-06-10T08:52:07+00:00","og_image":[{"width":680,"height":383,"url":"https:\/\/www.m-q.ch\/wp-content\/uploads\/2022\/06\/Bosch-baut-Aktivitaeten-in-der-Schweiz-aus_MQ.jpg","type":"image\/jpeg"}],"author":"Thomas Berner","twitter_card":"summary_large_image","twitter_title":"#Bosch baut Aktivit\u00e4ten in der Schweiz aus","twitter_description":"#Bosch hat 2021 in der Schweiz 745 Millionen Franken #Umsatz erzielt. Das Wachstum betr\u00e4gt 11,5 Prozent gegen\u00fcber dem Vorjahr.","twitter_image":"https:\/\/www.m-q.ch\/wp-content\/uploads\/2022\/06\/Bosch-baut-Aktivitaeten-in-der-Schweiz-aus_MQ.jpg","twitter_misc":{"\u00c9crit par":"Thomas Berner","Dur\u00e9e de lecture estim\u00e9e":"3 minutes"},"schema":{"@context":"https:\/\/schema.org","@graph":[{"@type":"Article","@id":"https:\/\/www.m-q.ch\/bosch-baut-aktivitaeten-in-der-schweiz-aus\/#article","isPartOf":{"@id":"https:\/\/www.m-q.ch\/bosch-baut-aktivitaeten-in-der-schweiz-aus\/"},"author":{"name":"Thomas Berner","@id":"https:\/\/www.m-q.ch\/fr\/#\/schema\/person\/a8711938b1cfb3f056dec70eaa0b42ab"},"headline":"Bosch baut Aktivit\u00e4ten in der Schweiz aus","datePublished":"2022-06-10T08:52:07+00:00","mainEntityOfPage":{"@id":"https:\/\/www.m-q.ch\/bosch-baut-aktivitaeten-in-der-schweiz-aus\/"},"wordCount":599,"publisher":{"@id":"https:\/\/www.m-q.ch\/fr\/#organization"},"image":{"@id":"https:\/\/www.m-q.ch\/bosch-baut-aktivitaeten-in-der-schweiz-aus\/#primaryimage"},"thumbnailUrl":"https:\/\/www.m-q.ch\/wp-content\/uploads\/2022\/06\/Bosch-baut-Aktivitaeten-in-der-Schweiz-aus_MQ.jpg","keywords":["Management und Unternehmensf\u00fchrung","Unternehmen"],"articleSection":["Allgemein"],"inLanguage":"fr-FR"},{"@type":"WebPage","@id":"https:\/\/www.m-q.ch\/bosch-baut-aktivitaeten-in-der-schweiz-aus\/","url":"https:\/\/www.m-q.ch\/bosch-baut-aktivitaeten-in-der-schweiz-aus\/","name":"Bosch d\u00e9veloppe ses activit\u00e9s en Suisse - MQ Management et qualit\u00e9","isPartOf":{"@id":"https:\/\/www.m-q.ch\/fr\/#website"},"primaryImageOfPage":{"@id":"https:\/\/www.m-q.ch\/bosch-baut-aktivitaeten-in-der-schweiz-aus\/#primaryimage"},"image":{"@id":"https:\/\/www.m-q.ch\/bosch-baut-aktivitaeten-in-der-schweiz-aus\/#primaryimage"},"thumbnailUrl":"https:\/\/www.m-q.ch\/wp-content\/uploads\/2022\/06\/Bosch-baut-Aktivitaeten-in-der-Schweiz-aus_MQ.jpg","datePublished":"2022-06-10T08:52:07+00:00","description":"En 2021, Bosch a r\u00e9alis\u00e9 un chiffre d'affaires de 745 millions de francs en Suisse. La croissance est de 11,5 % par rapport \u00e0 l'ann\u00e9e pr\u00e9c\u00e9dente.","breadcrumb":{"@id":"https:\/\/www.m-q.ch\/bosch-baut-aktivitaeten-in-der-schweiz-aus\/#breadcrumb"},"inLanguage":"fr-FR","potentialAction":[{"@type":"ReadAction","target":["https:\/\/www.m-q.ch\/bosch-baut-aktivitaeten-in-der-schweiz-aus\/"]}]},{"@type":"ImageObject","inLanguage":"fr-FR","@id":"https:\/\/www.m-q.ch\/bosch-baut-aktivitaeten-in-der-schweiz-aus\/#primaryimage","url":"https:\/\/www.m-q.ch\/wp-content\/uploads\/2022\/06\/Bosch-baut-Aktivitaeten-in-der-Schweiz-aus_MQ.jpg","contentUrl":"https:\/\/www.m-q.ch\/wp-content\/uploads\/2022\/06\/Bosch-baut-Aktivitaeten-in-der-Schweiz-aus_MQ.jpg","width":680,"height":383,"caption":"Am Schweizer Hauptsitz in Zuchwil wird Bosch 45 Millionen Franken in ein CO2-neutrales Geb\u00e4ude investieren. (Bild: zVg \/ Bosch)"},{"@type":"BreadcrumbList","@id":"https:\/\/www.m-q.ch\/bosch-baut-aktivitaeten-in-der-schweiz-aus\/#breadcrumb","itemListElement":[{"@type":"ListItem","position":1,"name":"Allgemein","item":"https:\/\/www.m-q.ch\/kategorie\/allgemein\/"},{"@type":"ListItem","position":2,"name":"Bosch baut Aktivit\u00e4ten in der Schweiz aus"}]},{"@type":"WebSite","@id":"https:\/\/www.m-q.ch\/fr\/#website","url":"https:\/\/www.m-q.ch\/fr\/","name":"Gestion et qualit\u00e9 du QM","description":"Plate-forme pour les syst\u00e8mes de gestion int\u00e9gr\u00e9e.","publisher":{"@id":"https:\/\/www.m-q.ch\/fr\/#organization"},"potentialAction":[{"@type":"SearchAction","target":{"@type":"EntryPoint","urlTemplate":"https:\/\/www.m-q.ch\/fr\/?s={search_term_string}"},"query-input":{"@type":"PropertyValueSpecification","valueRequired":true,"valueName":"search_term_string"}}],"inLanguage":"fr-FR"},{"@type":"Organization","@id":"https:\/\/www.m-q.ch\/fr\/#organization","name":"Galledia Trade Media AG","url":"https:\/\/www.m-q.ch\/fr\/","logo":{"@type":"ImageObject","inLanguage":"fr-FR","@id":"https:\/\/www.m-q.ch\/fr\/#\/schema\/logo\/image\/","url":"https:\/\/www.m-q.ch\/wp-content\/uploads\/2020\/12\/cropped-logo_small.png","contentUrl":"https:\/\/www.m-q.ch\/wp-content\/uploads\/2020\/12\/cropped-logo_small.png","width":512,"height":512,"caption":"Galledia Fachmedien AG"},"image":{"@id":"https:\/\/www.m-q.ch\/fr\/#\/schema\/logo\/image\/"},"sameAs":["https:\/\/www.facebook.com\/ManagementUndQualitaet","https:\/\/www.linkedin.com\/showcase\/17982321\/admin\/"]},{"@type":"Person","@id":"https:\/\/www.m-q.ch\/fr\/#\/schema\/person\/a8711938b1cfb3f056dec70eaa0b42ab","name":"Thomas Berner","image":{"@type":"ImageObject","inLanguage":"fr-FR","@id":"https:\/\/www.m-q.ch\/fr\/#\/schema\/person\/image\/","url":"https:\/\/secure.gravatar.com\/avatar\/faea7857408f70478f976d576da10f96?s=96&d=mm&r=g","contentUrl":"https:\/\/secure.gravatar.com\/avatar\/faea7857408f70478f976d576da10f96?s=96&d=mm&r=g","caption":"Thomas Berner"},"url":"https:\/\/www.m-q.ch\/fr\/author\/thomas-berner\/"}]}},"_links":{"self":[{"href":"https:\/\/www.m-q.ch\/fr\/wp-json\/wp\/v2\/posts\/16427","targetHints":{"allow":["GET"]}}],"collection":[{"href":"https:\/\/www.m-q.ch\/fr\/wp-json\/wp\/v2\/posts"}],"about":[{"href":"https:\/\/www.m-q.ch\/fr\/wp-json\/wp\/v2\/types\/post"}],"author":[{"embeddable":true,"href":"https:\/\/www.m-q.ch\/fr\/wp-json\/wp\/v2\/users\/10"}],"replies":[{"embeddable":true,"href":"https:\/\/www.m-q.ch\/fr\/wp-json\/wp\/v2\/comments?post=16427"}],"version-history":[{"count":1,"href":"https:\/\/www.m-q.ch\/fr\/wp-json\/wp\/v2\/posts\/16427\/revisions"}],"predecessor-version":[{"id":16429,"href":"https:\/\/www.m-q.ch\/fr\/wp-json\/wp\/v2\/posts\/16427\/revisions\/16429"}],"wp:featuredmedia":[{"embeddable":true,"href":"https:\/\/www.m-q.ch\/fr\/wp-json\/wp\/v2\/media\/16428"}],"wp:attachment":[{"href":"https:\/\/www.m-q.ch\/fr\/wp-json\/wp\/v2\/media?parent=16427"}],"wp:term":[{"taxonomy":"category","embeddable":true,"href":"https:\/\/www.m-q.ch\/fr\/wp-json\/wp\/v2\/categories?post=16427"},{"taxonomy":"post_tag","embeddable":true,"href":"https:\/\/www.m-q.ch\/fr\/wp-json\/wp\/v2\/tags?post=16427"}],"curies":[{"name":"wp","href":"https:\/\/api.w.org\/{rel}","templated":true}]}}