{"id":16524,"date":"2022-06-23T16:46:26","date_gmt":"2022-06-23T14:46:26","guid":{"rendered":"https:\/\/www.m-q.ch\/?p=16524"},"modified":"2022-06-23T16:46:26","modified_gmt":"2022-06-23T14:46:26","slug":"la-securite-un-theme-majeur-pour-la-suisse-et-son-industrie","status":"publish","type":"post","link":"https:\/\/www.m-q.ch\/fr\/sicherheit-ein-topthema-fuer-die-schweiz-und-ihre-industrie\/","title":{"rendered":"La s\u00e9curit\u00e9 - un th\u00e8me majeur pour la Suisse et son industrie"},"content":{"rendered":"<figure id=\"attachment_16525\" aria-describedby=\"caption-attachment-16525\" style=\"width: 680px\" class=\"wp-caption alignnone\"><img loading=\"lazy\" decoding=\"async\" class=\"size-full wp-image-16525\" src=\"https:\/\/www.m-q.ch\/wp-content\/uploads\/2022\/06\/Sicherheit-ein-Topthema-fuer-die-Schweiz-und-ihre-Industrie_MQ.jpg\" alt=\"\" width=\"680\" height=\"453\" srcset=\"https:\/\/www.m-q.ch\/wp-content\/uploads\/2022\/06\/Sicherheit-ein-Topthema-fuer-die-Schweiz-und-ihre-Industrie_MQ.jpg 680w, https:\/\/www.m-q.ch\/wp-content\/uploads\/2022\/06\/Sicherheit-ein-Topthema-fuer-die-Schweiz-und-ihre-Industrie_MQ-18x12.jpg 18w, https:\/\/www.m-q.ch\/wp-content\/uploads\/2022\/06\/Sicherheit-ein-Topthema-fuer-die-Schweiz-und-ihre-Industrie_MQ-263x175.jpg 263w, https:\/\/www.m-q.ch\/wp-content\/uploads\/2022\/06\/Sicherheit-ein-Topthema-fuer-die-Schweiz-und-ihre-Industrie_MQ-525x350.jpg 525w, https:\/\/www.m-q.ch\/wp-content\/uploads\/2022\/06\/Sicherheit-ein-Topthema-fuer-die-Schweiz-und-ihre-Industrie_MQ-300x200.jpg 300w\" sizes=\"auto, (max-width: 680px) 100vw, 680px\" \/><figcaption id=\"caption-attachment-16525\" class=\"wp-caption-text\">Les entreprises industrielles suisses sont r\u00e9guli\u00e8rement dans le collimateur des cybercriminels. (Image : Pixabay.com)<\/figcaption><\/figure>\n<p>L'ancien secr\u00e9taire g\u00e9n\u00e9ral de l'OTAN et premier ministre du Danemark Anders Fogh Rasmussen a ouvert la Journ\u00e9e de l'industrie Swissmem du 23 juin 2022 en pr\u00e9sentant son analyse de la situation s\u00e9curitaire en Europe. Pour lui, il est clair qu'\"\u00e0 court terme, une augmentation des tensions entre autocraties et d\u00e9mocraties est in\u00e9vitable\". S'adressant aux entrepreneurs, il a d\u00e9clar\u00e9 : \"En 2022, chaque grande entreprise aura besoin de son propre ministre des affaires \u00e9trang\u00e8res. Ce n'est qu'en comprenant les risques g\u00e9opolitiques que vous pourrez garder une longueur d'avance sur vos concurrents\". Philippe Amon, pr\u00e9sident et CEO de Sicpa, s'est exprim\u00e9 dans le m\u00eame sens : \"La dynamique strat\u00e9gique mondiale est de plus en plus agressive. Le v\u00e9ritable succ\u00e8s r\u00e9side dans notre capacit\u00e9 \u00e0 anticiper\".<\/p>\n<h3>Une situation inconfortable pour les petits \u00c9tats<\/h3>\n<p>Martin Hirzel, pr\u00e9sident de Swissmem, s'est \u00e9galement exprim\u00e9 sur la politique de s\u00e9curit\u00e9 : \"Depuis des ann\u00e9es d\u00e9j\u00e0, nous constatons dans diff\u00e9rents \u00c9tats un retour au protectionnisme, au nationalisme et au militarisme. Au niveau international, la loi du plus fort prend de plus en plus le dessus. Pour les petits Etats comme la Suisse, c'est particuli\u00e8rement inconfortable. A mes yeux, il est grand temps que la Suisse s'engage \u00e0 nouveau davantage pour un syst\u00e8me international bas\u00e9 sur le droit international, le multilat\u00e9ralisme, la coop\u00e9ration et le commerce\".\u00a0<\/p>\n<p>Le conseiller f\u00e9d\u00e9ral Ueli Maurer, chef du D\u00e9partement f\u00e9d\u00e9ral des finances, qui est responsable de la cybers\u00e9curit\u00e9 au niveau f\u00e9d\u00e9ral, a soulign\u00e9 que \"la cybers\u00e9curit\u00e9 est bien soutenue par la politique, au-del\u00e0 des fronti\u00e8res des partis\".\u00a0 \u00a0<\/p>\n<h3>Les entreprises MEM suisses sont la cible de nombreuses attaques\u00a0<\/h3>\n<p>\u00c0 l'\u00e8re de la num\u00e9risation, les entreprises industrielles offrent des surfaces d'attaque particuli\u00e8rement importantes pour les cybercriminels. Les cyberattaques, mais aussi les attaques physiques, constituent aujourd'hui une menace constante. Lors de la Journ\u00e9e de l'industrie, Martin Hirzel a pr\u00e9sent\u00e9 les r\u00e9sultats d'une enqu\u00eate men\u00e9e aupr\u00e8s des entreprises membres de Swissmem en collaboration avec l'Institut de droit p\u00e9nal et de criminologie de l'Universit\u00e9 de Berne. Ils montrent clairement que les attaques peuvent toucher toutes les entreprises, quelle que soit leur taille. Le potentiel de dommages est \u00e9norme et peut, dans des cas extr\u00eames, mettre en p\u00e9ril l'existence d'une entreprise. En cons\u00e9quence, la sensibilisation \u00e0 ces risques est \u00e9lev\u00e9e dans les entreprises membres de Swissmem. Des mesures cibl\u00e9es sont mises en \u0153uvre dans presque toutes les entreprises. Elles ont permis que 82 pour cent des attaques consid\u00e9r\u00e9es comme tr\u00e8s graves n'aient pas eu de cons\u00e9quences ou que celles-ci aient pu \u00eatre \u00e9limin\u00e9es \u00e0 court terme. Martin Hirzel, pr\u00e9sident de Swissmem, en tire la conclusion suivante : \"Je suis heureux de constater qu'au sein des membres de Swissmem, la sensibilisation aux cyberattaques et aux menaces physiques est \u00e9lev\u00e9e. L'attention ne doit toutefois pas se rel\u00e2cher. Chaque entreprise doit \u00eatre pr\u00e9par\u00e9e en permanence sur le plan technologique et organisationnel afin d'\u00eatre en mesure de repousser de telles attaques\".\u00a0<\/p>\n<h3>Exp\u00e9riences de cyber-attaques<\/h3>\n<p>Lors d'une table ronde, Irina Leutwyler, CEO Wesco AG, Barend Fruithof, CEO Aebi Schmidt AG et Andrea Roth, CEO Geobrugg AG, ont d\u00e9crit leurs exp\u00e9riences et les enseignements qu'ils ont tir\u00e9s des attaques subies par leurs entreprises. Au nom de tous, Irina Leutwyler a soutenu la d\u00e9claration du pr\u00e9sident de Swissmem : \"Nous sommes constamment en train de nous pr\u00e9parer \u00e0 la prochaine attaque. Car elle viendra !\"\u00a0<\/p>\n<p>La Journ\u00e9e de l'industrie a \u00e9t\u00e9 compl\u00e9t\u00e9e par un podium compos\u00e9 de la conseill\u00e8re nationale Maja Riniker (PLR), de la conseill\u00e8re nationale Edith Graf-Litscher (PS), du conseiller national Franz Gr\u00fcter (UDC) et du conseiller national Gerhard Andrey (VERTS). \u00a0<\/p>\n<p><em>Source : <a href=\"http:\/\/www.swissmem.ch\">www.swissmem.ch<\/a><\/em><\/p>","protected":false},"excerpt":{"rendered":"<p>Der ehemalige NATO-Generalsekret\u00e4r und Premierminister D\u00e4nemarks Anders Fogh Rasmussen er\u00f6ffnete den Swissmem-Industrietag vom 23. Juni 2022 und pr\u00e4sentierte seine Analyse zur Sicherheitslage in Europa. F\u00fcr ihn ist klar: \u00abKurzfristig ist eine Zunahme der Spannungen zwischen Autokratien und Demokratien unvermeidlich.\u00bb An die Unternehmerinnen und Unternehmer gerichtet meinte er: \u00abIm Jahr 2022 braucht jedes grosse Unternehmen seinen [&hellip;]<\/p>\n","protected":false},"author":10,"featured_media":16525,"comment_status":"closed","ping_status":"closed","sticky":false,"template":"","format":"standard","meta":{"_acf_changed":false,"footnotes":""},"categories":[4],"tags":[3560,3342,5277,3359],"class_list":["post-16524","post","type-post","status-publish","format-standard","has-post-thumbnail","hentry","category-risikomanagement","tag-cybersicherheit","tag-fachkongressfachmesse","tag-sicherheitspolitik","tag-vereineverbaendeinstitutionen"],"acf":[],"yoast_head":"<!-- This site is optimized with the Yoast SEO plugin v26.2 - https:\/\/yoast.com\/wordpress\/plugins\/seo\/ -->\n<title>Sicherheit \u2013 ein Topthema f\u00fcr die Schweiz und ihre Industrie - MQ Management und Qualit\u00e4t<\/title>\n<meta name=\"description\" content=\"Unter dem Titel \u00abIm Fadenkreuz \u2013 Sicherheit und Resilienz f\u00fcr Industrie und Gesellschaft\u00bb fand am 23. 6. 22 der 15. Swissmem-Industrietag statt.\" \/>\n<meta name=\"robots\" content=\"index, follow, max-snippet:-1, max-image-preview:large, max-video-preview:-1\" \/>\n<link rel=\"canonical\" href=\"https:\/\/www.m-q.ch\/fr\/la-securite-un-theme-majeur-pour-la-suisse-et-son-industrie\/\" \/>\n<meta property=\"og:locale\" content=\"fr_FR\" \/>\n<meta property=\"og:type\" content=\"article\" \/>\n<meta property=\"og:title\" content=\"Sicherheit \u2013 ein Topthema f\u00fcr die Schweiz und ihre Industrie\" \/>\n<meta property=\"og:description\" content=\"Unter dem Titel \u00abIm Fadenkreuz \u2013 Sicherheit und Resilienz f\u00fcr Industrie und Gesellschaft\u00bb fand am 23. 6. 22 der 15. Swissmem-Industrietag statt.\" \/>\n<meta property=\"og:url\" content=\"https:\/\/www.m-q.ch\/fr\/la-securite-un-theme-majeur-pour-la-suisse-et-son-industrie\/\" \/>\n<meta property=\"og:site_name\" content=\"MQ Management und Qualit\u00e4t\" \/>\n<meta property=\"article:publisher\" content=\"https:\/\/www.facebook.com\/ManagementUndQualitaet\" \/>\n<meta property=\"article:published_time\" content=\"2022-06-23T14:46:26+00:00\" \/>\n<meta property=\"og:image\" content=\"https:\/\/www.m-q.ch\/wp-content\/uploads\/2022\/06\/Sicherheit-ein-Topthema-fuer-die-Schweiz-und-ihre-Industrie_MQ.jpg\" \/>\n\t<meta property=\"og:image:width\" content=\"680\" \/>\n\t<meta property=\"og:image:height\" content=\"453\" \/>\n\t<meta property=\"og:image:type\" content=\"image\/jpeg\" \/>\n<meta name=\"author\" content=\"Thomas Berner\" \/>\n<meta name=\"twitter:card\" content=\"summary_large_image\" \/>\n<meta name=\"twitter:title\" content=\"#Sicherheit \u2013 ein #Topthema f\u00fcr die Schweiz und ihre #Industrie\" \/>\n<meta name=\"twitter:description\" content=\"Unter dem Titel \u00abIm #Fadenkreuz \u2013 Sicherheit und #Resilienz f\u00fcr Industrie und Gesellschaft\u00bb fand am 23. 6. 22 der 15. #Swissmem-Industrietag statt.\" \/>\n<meta name=\"twitter:image\" content=\"https:\/\/www.m-q.ch\/wp-content\/uploads\/2022\/06\/Sicherheit-ein-Topthema-fuer-die-Schweiz-und-ihre-Industrie_MQ.jpg\" \/>\n<meta name=\"twitter:label1\" content=\"\u00c9crit par\" \/>\n\t<meta name=\"twitter:data1\" content=\"Thomas Berner\" \/>\n\t<meta name=\"twitter:label2\" content=\"Dur\u00e9e de lecture estim\u00e9e\" \/>\n\t<meta name=\"twitter:data2\" content=\"3 minutes\" \/>\n<script type=\"application\/ld+json\" class=\"yoast-schema-graph\">{\"@context\":\"https:\/\/schema.org\",\"@graph\":[{\"@type\":\"Article\",\"@id\":\"https:\/\/www.m-q.ch\/sicherheit-ein-topthema-fuer-die-schweiz-und-ihre-industrie\/#article\",\"isPartOf\":{\"@id\":\"https:\/\/www.m-q.ch\/sicherheit-ein-topthema-fuer-die-schweiz-und-ihre-industrie\/\"},\"author\":{\"name\":\"Thomas Berner\",\"@id\":\"https:\/\/www.m-q.ch\/fr\/#\/schema\/person\/a8711938b1cfb3f056dec70eaa0b42ab\"},\"headline\":\"Sicherheit \u2013 ein Topthema f\u00fcr die Schweiz und ihre Industrie\",\"datePublished\":\"2022-06-23T14:46:26+00:00\",\"mainEntityOfPage\":{\"@id\":\"https:\/\/www.m-q.ch\/sicherheit-ein-topthema-fuer-die-schweiz-und-ihre-industrie\/\"},\"wordCount\":528,\"publisher\":{\"@id\":\"https:\/\/www.m-q.ch\/fr\/#organization\"},\"image\":{\"@id\":\"https:\/\/www.m-q.ch\/sicherheit-ein-topthema-fuer-die-schweiz-und-ihre-industrie\/#primaryimage\"},\"thumbnailUrl\":\"https:\/\/www.m-q.ch\/wp-content\/uploads\/2022\/06\/Sicherheit-ein-Topthema-fuer-die-Schweiz-und-ihre-Industrie_MQ.jpg\",\"keywords\":[\"Cybersicherheit\",\"Fachkongress\/Fachmesse\",\"Sicherheitspolitik\",\"Vereine\/Verb\u00e4nde\/Institutionen\"],\"articleSection\":[\"Risikomanagement\"],\"inLanguage\":\"fr-FR\"},{\"@type\":\"WebPage\",\"@id\":\"https:\/\/www.m-q.ch\/sicherheit-ein-topthema-fuer-die-schweiz-und-ihre-industrie\/\",\"url\":\"https:\/\/www.m-q.ch\/sicherheit-ein-topthema-fuer-die-schweiz-und-ihre-industrie\/\",\"name\":\"Sicherheit \u2013 ein Topthema f\u00fcr die Schweiz und ihre Industrie - MQ Management und Qualit\u00e4t\",\"isPartOf\":{\"@id\":\"https:\/\/www.m-q.ch\/fr\/#website\"},\"primaryImageOfPage\":{\"@id\":\"https:\/\/www.m-q.ch\/sicherheit-ein-topthema-fuer-die-schweiz-und-ihre-industrie\/#primaryimage\"},\"image\":{\"@id\":\"https:\/\/www.m-q.ch\/sicherheit-ein-topthema-fuer-die-schweiz-und-ihre-industrie\/#primaryimage\"},\"thumbnailUrl\":\"https:\/\/www.m-q.ch\/wp-content\/uploads\/2022\/06\/Sicherheit-ein-Topthema-fuer-die-Schweiz-und-ihre-Industrie_MQ.jpg\",\"datePublished\":\"2022-06-23T14:46:26+00:00\",\"description\":\"Unter dem Titel \u00abIm Fadenkreuz \u2013 Sicherheit und Resilienz f\u00fcr Industrie und Gesellschaft\u00bb fand am 23. 6. 22 der 15. Swissmem-Industrietag statt.\",\"breadcrumb\":{\"@id\":\"https:\/\/www.m-q.ch\/sicherheit-ein-topthema-fuer-die-schweiz-und-ihre-industrie\/#breadcrumb\"},\"inLanguage\":\"fr-FR\",\"potentialAction\":[{\"@type\":\"ReadAction\",\"target\":[\"https:\/\/www.m-q.ch\/sicherheit-ein-topthema-fuer-die-schweiz-und-ihre-industrie\/\"]}]},{\"@type\":\"ImageObject\",\"inLanguage\":\"fr-FR\",\"@id\":\"https:\/\/www.m-q.ch\/sicherheit-ein-topthema-fuer-die-schweiz-und-ihre-industrie\/#primaryimage\",\"url\":\"https:\/\/www.m-q.ch\/wp-content\/uploads\/2022\/06\/Sicherheit-ein-Topthema-fuer-die-Schweiz-und-ihre-Industrie_MQ.jpg\",\"contentUrl\":\"https:\/\/www.m-q.ch\/wp-content\/uploads\/2022\/06\/Sicherheit-ein-Topthema-fuer-die-Schweiz-und-ihre-Industrie_MQ.jpg\",\"width\":680,\"height\":453,\"caption\":\"Die Schweizer Industrieunternehmen stehen immer wieder im Fadenkreuz von Cyberkriminellen. (Bild: Pixabay.com)\"},{\"@type\":\"BreadcrumbList\",\"@id\":\"https:\/\/www.m-q.ch\/sicherheit-ein-topthema-fuer-die-schweiz-und-ihre-industrie\/#breadcrumb\",\"itemListElement\":[{\"@type\":\"ListItem\",\"position\":1,\"name\":\"Risikomanagement\",\"item\":\"https:\/\/www.m-q.ch\/kategorie\/risikomanagement\/\"},{\"@type\":\"ListItem\",\"position\":2,\"name\":\"Sicherheit \u2013 ein Topthema f\u00fcr die Schweiz und ihre Industrie\"}]},{\"@type\":\"WebSite\",\"@id\":\"https:\/\/www.m-q.ch\/fr\/#website\",\"url\":\"https:\/\/www.m-q.ch\/fr\/\",\"name\":\"MQ Management und Qualit\u00e4t\",\"description\":\"Plattform f\u00fcr integrierte Managementsysteme.\",\"publisher\":{\"@id\":\"https:\/\/www.m-q.ch\/fr\/#organization\"},\"potentialAction\":[{\"@type\":\"SearchAction\",\"target\":{\"@type\":\"EntryPoint\",\"urlTemplate\":\"https:\/\/www.m-q.ch\/fr\/?s={search_term_string}\"},\"query-input\":{\"@type\":\"PropertyValueSpecification\",\"valueRequired\":true,\"valueName\":\"search_term_string\"}}],\"inLanguage\":\"fr-FR\"},{\"@type\":\"Organization\",\"@id\":\"https:\/\/www.m-q.ch\/fr\/#organization\",\"name\":\"Galledia Fachmedien AG\",\"url\":\"https:\/\/www.m-q.ch\/fr\/\",\"logo\":{\"@type\":\"ImageObject\",\"inLanguage\":\"fr-FR\",\"@id\":\"https:\/\/www.m-q.ch\/fr\/#\/schema\/logo\/image\/\",\"url\":\"https:\/\/www.m-q.ch\/wp-content\/uploads\/2020\/12\/cropped-logo_small.png\",\"contentUrl\":\"https:\/\/www.m-q.ch\/wp-content\/uploads\/2020\/12\/cropped-logo_small.png\",\"width\":512,\"height\":512,\"caption\":\"Galledia Fachmedien AG\"},\"image\":{\"@id\":\"https:\/\/www.m-q.ch\/fr\/#\/schema\/logo\/image\/\"},\"sameAs\":[\"https:\/\/www.facebook.com\/ManagementUndQualitaet\",\"https:\/\/www.linkedin.com\/showcase\/17982321\/admin\/\"]},{\"@type\":\"Person\",\"@id\":\"https:\/\/www.m-q.ch\/fr\/#\/schema\/person\/a8711938b1cfb3f056dec70eaa0b42ab\",\"name\":\"Thomas Berner\",\"image\":{\"@type\":\"ImageObject\",\"inLanguage\":\"fr-FR\",\"@id\":\"https:\/\/www.m-q.ch\/fr\/#\/schema\/person\/image\/\",\"url\":\"https:\/\/secure.gravatar.com\/avatar\/faea7857408f70478f976d576da10f96?s=96&d=mm&r=g\",\"contentUrl\":\"https:\/\/secure.gravatar.com\/avatar\/faea7857408f70478f976d576da10f96?s=96&d=mm&r=g\",\"caption\":\"Thomas Berner\"},\"url\":\"https:\/\/www.m-q.ch\/fr\/author\/thomas-berner\/\"}]}<\/script>\n<!-- \/ Yoast SEO plugin. -->","yoast_head_json":{"title":"La s\u00e9curit\u00e9 - un th\u00e8me majeur pour la Suisse et son industrie - MQ Management et Qualit\u00e9","description":"La 15e Journ\u00e9e de l'industrie Swissmem s'est d\u00e9roul\u00e9e le 23\/6\/22 sous le titre \"En point de mire - S\u00e9curit\u00e9 et r\u00e9silience pour l'industrie et la soci\u00e9t\u00e9\".","robots":{"index":"index","follow":"follow","max-snippet":"max-snippet:-1","max-image-preview":"max-image-preview:large","max-video-preview":"max-video-preview:-1"},"canonical":"https:\/\/www.m-q.ch\/fr\/la-securite-un-theme-majeur-pour-la-suisse-et-son-industrie\/","og_locale":"fr_FR","og_type":"article","og_title":"Sicherheit \u2013 ein Topthema f\u00fcr die Schweiz und ihre Industrie","og_description":"Unter dem Titel \u00abIm Fadenkreuz \u2013 Sicherheit und Resilienz f\u00fcr Industrie und Gesellschaft\u00bb fand am 23. 6. 22 der 15. Swissmem-Industrietag statt.","og_url":"https:\/\/www.m-q.ch\/fr\/la-securite-un-theme-majeur-pour-la-suisse-et-son-industrie\/","og_site_name":"MQ Management und Qualit\u00e4t","article_publisher":"https:\/\/www.facebook.com\/ManagementUndQualitaet","article_published_time":"2022-06-23T14:46:26+00:00","og_image":[{"width":680,"height":453,"url":"https:\/\/www.m-q.ch\/wp-content\/uploads\/2022\/06\/Sicherheit-ein-Topthema-fuer-die-Schweiz-und-ihre-Industrie_MQ.jpg","type":"image\/jpeg"}],"author":"Thomas Berner","twitter_card":"summary_large_image","twitter_title":"#Sicherheit \u2013 ein #Topthema f\u00fcr die Schweiz und ihre #Industrie","twitter_description":"Unter dem Titel \u00abIm #Fadenkreuz \u2013 Sicherheit und #Resilienz f\u00fcr Industrie und Gesellschaft\u00bb fand am 23. 6. 22 der 15. #Swissmem-Industrietag statt.","twitter_image":"https:\/\/www.m-q.ch\/wp-content\/uploads\/2022\/06\/Sicherheit-ein-Topthema-fuer-die-Schweiz-und-ihre-Industrie_MQ.jpg","twitter_misc":{"\u00c9crit par":"Thomas Berner","Dur\u00e9e de lecture estim\u00e9e":"3 minutes"},"schema":{"@context":"https:\/\/schema.org","@graph":[{"@type":"Article","@id":"https:\/\/www.m-q.ch\/sicherheit-ein-topthema-fuer-die-schweiz-und-ihre-industrie\/#article","isPartOf":{"@id":"https:\/\/www.m-q.ch\/sicherheit-ein-topthema-fuer-die-schweiz-und-ihre-industrie\/"},"author":{"name":"Thomas Berner","@id":"https:\/\/www.m-q.ch\/fr\/#\/schema\/person\/a8711938b1cfb3f056dec70eaa0b42ab"},"headline":"Sicherheit \u2013 ein Topthema f\u00fcr die Schweiz und ihre Industrie","datePublished":"2022-06-23T14:46:26+00:00","mainEntityOfPage":{"@id":"https:\/\/www.m-q.ch\/sicherheit-ein-topthema-fuer-die-schweiz-und-ihre-industrie\/"},"wordCount":528,"publisher":{"@id":"https:\/\/www.m-q.ch\/fr\/#organization"},"image":{"@id":"https:\/\/www.m-q.ch\/sicherheit-ein-topthema-fuer-die-schweiz-und-ihre-industrie\/#primaryimage"},"thumbnailUrl":"https:\/\/www.m-q.ch\/wp-content\/uploads\/2022\/06\/Sicherheit-ein-Topthema-fuer-die-Schweiz-und-ihre-Industrie_MQ.jpg","keywords":["Cybersicherheit","Fachkongress\/Fachmesse","Sicherheitspolitik","Vereine\/Verb\u00e4nde\/Institutionen"],"articleSection":["Risikomanagement"],"inLanguage":"fr-FR"},{"@type":"WebPage","@id":"https:\/\/www.m-q.ch\/sicherheit-ein-topthema-fuer-die-schweiz-und-ihre-industrie\/","url":"https:\/\/www.m-q.ch\/sicherheit-ein-topthema-fuer-die-schweiz-und-ihre-industrie\/","name":"La s\u00e9curit\u00e9 - un th\u00e8me majeur pour la Suisse et son industrie - MQ Management et Qualit\u00e9","isPartOf":{"@id":"https:\/\/www.m-q.ch\/fr\/#website"},"primaryImageOfPage":{"@id":"https:\/\/www.m-q.ch\/sicherheit-ein-topthema-fuer-die-schweiz-und-ihre-industrie\/#primaryimage"},"image":{"@id":"https:\/\/www.m-q.ch\/sicherheit-ein-topthema-fuer-die-schweiz-und-ihre-industrie\/#primaryimage"},"thumbnailUrl":"https:\/\/www.m-q.ch\/wp-content\/uploads\/2022\/06\/Sicherheit-ein-Topthema-fuer-die-Schweiz-und-ihre-Industrie_MQ.jpg","datePublished":"2022-06-23T14:46:26+00:00","description":"La 15e Journ\u00e9e de l'industrie Swissmem s'est d\u00e9roul\u00e9e le 23\/6\/22 sous le titre \"En point de mire - S\u00e9curit\u00e9 et r\u00e9silience pour l'industrie et la soci\u00e9t\u00e9\".","breadcrumb":{"@id":"https:\/\/www.m-q.ch\/sicherheit-ein-topthema-fuer-die-schweiz-und-ihre-industrie\/#breadcrumb"},"inLanguage":"fr-FR","potentialAction":[{"@type":"ReadAction","target":["https:\/\/www.m-q.ch\/sicherheit-ein-topthema-fuer-die-schweiz-und-ihre-industrie\/"]}]},{"@type":"ImageObject","inLanguage":"fr-FR","@id":"https:\/\/www.m-q.ch\/sicherheit-ein-topthema-fuer-die-schweiz-und-ihre-industrie\/#primaryimage","url":"https:\/\/www.m-q.ch\/wp-content\/uploads\/2022\/06\/Sicherheit-ein-Topthema-fuer-die-Schweiz-und-ihre-Industrie_MQ.jpg","contentUrl":"https:\/\/www.m-q.ch\/wp-content\/uploads\/2022\/06\/Sicherheit-ein-Topthema-fuer-die-Schweiz-und-ihre-Industrie_MQ.jpg","width":680,"height":453,"caption":"Die Schweizer Industrieunternehmen stehen immer wieder im Fadenkreuz von Cyberkriminellen. (Bild: Pixabay.com)"},{"@type":"BreadcrumbList","@id":"https:\/\/www.m-q.ch\/sicherheit-ein-topthema-fuer-die-schweiz-und-ihre-industrie\/#breadcrumb","itemListElement":[{"@type":"ListItem","position":1,"name":"Risikomanagement","item":"https:\/\/www.m-q.ch\/kategorie\/risikomanagement\/"},{"@type":"ListItem","position":2,"name":"Sicherheit \u2013 ein Topthema f\u00fcr die Schweiz und ihre Industrie"}]},{"@type":"WebSite","@id":"https:\/\/www.m-q.ch\/fr\/#website","url":"https:\/\/www.m-q.ch\/fr\/","name":"Gestion et qualit\u00e9 du QM","description":"Plate-forme pour les syst\u00e8mes de gestion int\u00e9gr\u00e9e.","publisher":{"@id":"https:\/\/www.m-q.ch\/fr\/#organization"},"potentialAction":[{"@type":"SearchAction","target":{"@type":"EntryPoint","urlTemplate":"https:\/\/www.m-q.ch\/fr\/?s={search_term_string}"},"query-input":{"@type":"PropertyValueSpecification","valueRequired":true,"valueName":"search_term_string"}}],"inLanguage":"fr-FR"},{"@type":"Organization","@id":"https:\/\/www.m-q.ch\/fr\/#organization","name":"Galledia Trade Media AG","url":"https:\/\/www.m-q.ch\/fr\/","logo":{"@type":"ImageObject","inLanguage":"fr-FR","@id":"https:\/\/www.m-q.ch\/fr\/#\/schema\/logo\/image\/","url":"https:\/\/www.m-q.ch\/wp-content\/uploads\/2020\/12\/cropped-logo_small.png","contentUrl":"https:\/\/www.m-q.ch\/wp-content\/uploads\/2020\/12\/cropped-logo_small.png","width":512,"height":512,"caption":"Galledia Fachmedien AG"},"image":{"@id":"https:\/\/www.m-q.ch\/fr\/#\/schema\/logo\/image\/"},"sameAs":["https:\/\/www.facebook.com\/ManagementUndQualitaet","https:\/\/www.linkedin.com\/showcase\/17982321\/admin\/"]},{"@type":"Person","@id":"https:\/\/www.m-q.ch\/fr\/#\/schema\/person\/a8711938b1cfb3f056dec70eaa0b42ab","name":"Thomas Berner","image":{"@type":"ImageObject","inLanguage":"fr-FR","@id":"https:\/\/www.m-q.ch\/fr\/#\/schema\/person\/image\/","url":"https:\/\/secure.gravatar.com\/avatar\/faea7857408f70478f976d576da10f96?s=96&d=mm&r=g","contentUrl":"https:\/\/secure.gravatar.com\/avatar\/faea7857408f70478f976d576da10f96?s=96&d=mm&r=g","caption":"Thomas Berner"},"url":"https:\/\/www.m-q.ch\/fr\/author\/thomas-berner\/"}]}},"_links":{"self":[{"href":"https:\/\/www.m-q.ch\/fr\/wp-json\/wp\/v2\/posts\/16524","targetHints":{"allow":["GET"]}}],"collection":[{"href":"https:\/\/www.m-q.ch\/fr\/wp-json\/wp\/v2\/posts"}],"about":[{"href":"https:\/\/www.m-q.ch\/fr\/wp-json\/wp\/v2\/types\/post"}],"author":[{"embeddable":true,"href":"https:\/\/www.m-q.ch\/fr\/wp-json\/wp\/v2\/users\/10"}],"replies":[{"embeddable":true,"href":"https:\/\/www.m-q.ch\/fr\/wp-json\/wp\/v2\/comments?post=16524"}],"version-history":[{"count":1,"href":"https:\/\/www.m-q.ch\/fr\/wp-json\/wp\/v2\/posts\/16524\/revisions"}],"predecessor-version":[{"id":16526,"href":"https:\/\/www.m-q.ch\/fr\/wp-json\/wp\/v2\/posts\/16524\/revisions\/16526"}],"wp:featuredmedia":[{"embeddable":true,"href":"https:\/\/www.m-q.ch\/fr\/wp-json\/wp\/v2\/media\/16525"}],"wp:attachment":[{"href":"https:\/\/www.m-q.ch\/fr\/wp-json\/wp\/v2\/media?parent=16524"}],"wp:term":[{"taxonomy":"category","embeddable":true,"href":"https:\/\/www.m-q.ch\/fr\/wp-json\/wp\/v2\/categories?post=16524"},{"taxonomy":"post_tag","embeddable":true,"href":"https:\/\/www.m-q.ch\/fr\/wp-json\/wp\/v2\/tags?post=16524"}],"curies":[{"name":"wp","href":"https:\/\/api.w.org\/{rel}","templated":true}]}}