{"id":16766,"date":"2022-08-09T13:34:04","date_gmt":"2022-08-09T11:34:04","guid":{"rendered":"https:\/\/www.m-q.ch\/?p=16766"},"modified":"2022-08-29T09:46:45","modified_gmt":"2022-08-29T07:46:45","slug":"green-it-linformatique-durable-cle-de-la-competitivite","status":"publish","type":"post","link":"https:\/\/www.m-q.ch\/fr\/green-it-nachhaltige-it-als-schluessel-zur-wettbewerbsfaehigkeit\/","title":{"rendered":"Green IT : l'informatique durable, cl\u00e9 de la comp\u00e9titivit\u00e9"},"content":{"rendered":"<figure id=\"attachment_16767\" aria-describedby=\"caption-attachment-16767\" style=\"width: 680px\" class=\"wp-caption alignnone\"><img loading=\"lazy\" decoding=\"async\" class=\"size-full wp-image-16767\" src=\"https:\/\/www.m-q.ch\/wp-content\/uploads\/2022\/08\/Green-IT-Nachhaltige-IT-als-Schluessel-zur-Wettbewerbsfaehigkeit_MQ.jpg\" alt=\"\" width=\"680\" height=\"453\" srcset=\"https:\/\/www.m-q.ch\/wp-content\/uploads\/2022\/08\/Green-IT-Nachhaltige-IT-als-Schluessel-zur-Wettbewerbsfaehigkeit_MQ.jpg 680w, https:\/\/www.m-q.ch\/wp-content\/uploads\/2022\/08\/Green-IT-Nachhaltige-IT-als-Schluessel-zur-Wettbewerbsfaehigkeit_MQ-18x12.jpg 18w, https:\/\/www.m-q.ch\/wp-content\/uploads\/2022\/08\/Green-IT-Nachhaltige-IT-als-Schluessel-zur-Wettbewerbsfaehigkeit_MQ-263x175.jpg 263w, https:\/\/www.m-q.ch\/wp-content\/uploads\/2022\/08\/Green-IT-Nachhaltige-IT-als-Schluessel-zur-Wettbewerbsfaehigkeit_MQ-525x350.jpg 525w, https:\/\/www.m-q.ch\/wp-content\/uploads\/2022\/08\/Green-IT-Nachhaltige-IT-als-Schluessel-zur-Wettbewerbsfaehigkeit_MQ-300x200.jpg 300w\" sizes=\"auto, (max-width: 680px) 100vw, 680px\" \/><figcaption id=\"caption-attachment-16767\" class=\"wp-caption-text\">Philippe Picalek de Cloudera estime qu'en plus de la culture d'entreprise, l'informatique est au centre du th\u00e8me de la durabilit\u00e9. (Image : pixabay, geralt)<\/figcaption><\/figure>\n<p>Alors que la num\u00e9risation des processus dans les entreprises individuelles permet d'\u00e9conomiser des ressources, la transformation num\u00e9rique globale conduit \u00e0 une <a href=\"https:\/\/www.m-q.ch\/fr\/2019-apporte-plus-de-donnees-plus-de-clouds-et-plus-de-defis-pour-linformatique\/\">l'utilisation exponentielle des ressources \u00e0 l'\u00e9chelle mondiale<\/a>. La raison en est simple : l'augmentation des flux de travail virtuels g\u00e9n\u00e8re des quantit\u00e9s de plus en plus importantes de donn\u00e9es, qui sont stock\u00e9es dans des centres de donn\u00e9es - lesquels produisent plus ou moins d'\u00e9missions de CO2 selon leur taille et leur constitution. <a href=\"https:\/\/www.climateneutralgroup.com\/en\/news\/carbon-emissions-of-data-centers\/\">Des \u00e9tudes montrent qu'actuellement, 2 % de l'\u00e9nergie mondiale est d\u00e9j\u00e0 utilis\u00e9e par les centres de donn\u00e9es.<\/a>.\u00a0<\/p>\n<p>Il est d'autant plus tragique que les donn\u00e9es soient stock\u00e9es sans \u00eatre analys\u00e9es ni utilis\u00e9es pour le succ\u00e8s de l'entreprise. Il en r\u00e9sulte une situation \"en vrac\". Le choix de l'emplacement des donn\u00e9es, de leur forme et de la bonne plate-forme de donn\u00e9es est donc une \u00e9tape cruciale, tant pour la r\u00e9ussite de l'entreprise que pour la pr\u00e9servation de l'environnement. Cela conf\u00e8re une immense importance \u00e0 l'informatique verte, c'est-\u00e0-dire aux services et produits des technologies de l'information et de la communication (TIC) respectueux de l'environnement et \u00e0 leur utilisation durable.<\/p>\n<h3><strong>Initiatives, mesures et certifications<\/strong><\/h3>\n<p>Gr\u00e2ce \u00e0 des mesures telles que l'initiative Green IT du gouvernement allemand ou la directive europ\u00e9enne sur l'\u00e9coconception, la consommation d'\u00e9lectricit\u00e9 due \u00e0 l'informatique en Allemagne est parvenue \u00e0 rester au moins relativement constante depuis 2017 - environ deux pour cent de la consommation \u00e9lectrique du pays. Mais la technologie blockchain ou l'intelligence artificielle (IA) font grimper les besoins \u00e9nerg\u00e9tiques des centres de donn\u00e9es. Selon une <a href=\"https:\/\/theshiftproject.org\/wp-content\/uploads\/2019\/03\/Lean-ICT-Report_The-Shift-Project_2019.pdf\">\u00c9tude de The Shift Project<\/a> de 2019, les \u00e9missions de l'\u00e9conomie num\u00e9rique pourraient toutefois d\u00e9j\u00e0 repr\u00e9senter 8 % des \u00e9missions totales de CO2 au cours des cinq prochaines ann\u00e9es.\u00a0<\/p>\n<p>Pour contrer de tels sc\u00e9narios, il faut que les entreprises fassent attention \u00e0 leur empreinte carbone, notamment dans les centres de donn\u00e9es. Il est par exemple possible d'\u00e9conomiser beaucoup d'\u00e9nergie lors du refroidissement des serveurs, car l'\u00e9clairage et le refroidissement ext\u00e9rieur peuvent \u00eatre automatis\u00e9s et l'emplacement des serveurs joue \u00e9galement un r\u00f4le - le plus \u00e9loign\u00e9 possible les uns des autres et dans un endroit frais. <a href=\"https:\/\/www.nrel.gov\/computational-science\/measuring-efficiency-pue.html\">Globalement, il convient de viser une efficacit\u00e9 de la consommation d'\u00e9lectricit\u00e9 de 1,2 ou moins.<\/a> De plus, de nombreux processus et applications peuvent d\u00e9sormais \u00eatre transf\u00e9r\u00e9s vers le cloud. La tendance est \u00e0 la r\u00e9duction de l'alimentation en \u00e9nergie pour les syst\u00e8mes en nuage en raison de l'\u00e9chelle de la taille. En principe, les entreprises peuvent \u00e9galement tenir compte des certifications d'efficacit\u00e9 \u00e9nerg\u00e9tique lors de l'achat. Des organisations telles que TCO Certified ou Energy Star contr\u00f4lent et certifient les usines et les appareils en termes d'efficacit\u00e9 et de pratiques durables.\u00a0<\/p>\n<h3><strong>Quel est le r\u00f4le de l'informatique verte dans les entreprises ?<\/strong><\/h3>\n<p>Selon une\u00a0<a href=\"https:\/\/www.capgemini.com\/de-de\/news\/sustainable-it-nachhaltigkeit-studie-2021\/\">\u00c9tude de Capgemini<\/a> l'informatique verte ne joue actuellement qu'un r\u00f4le mineur dans la plupart des entreprises - seule une entreprise sur cinq ayant une strat\u00e9gie de durabilit\u00e9 tient compte de la contribution de l'informatique au climat. Cela s'explique notamment par un manque de connaissances sp\u00e9cialis\u00e9es, indiquent 53 % des personnes interrog\u00e9es. Et seuls 43 % des dirigeants connaissent le montant des \u00e9missions de CO2 g\u00e9n\u00e9r\u00e9es par leur informatique. Seuls 18 % ont une strat\u00e9gie globale avec des d\u00e9lais et des objectifs concr\u00e8tement d\u00e9finis ; seuls 6 % mettent d\u00e9j\u00e0 en \u0153uvre une informatique durable. Et cela ne changera pas dans les prochaines ann\u00e9es : seules 22% des entreprises pr\u00e9voient de r\u00e9duire leur empreinte carbone de plus d'un quart gr\u00e2ce \u00e0 une informatique durable. Et ce, bien que\u00a0<a href=\"https:\/\/www.climateneutralgroup.com\/en\/news\/carbon-emissions-of-data-centers\/\">On estime que les centres de donn\u00e9es consomment environ 3 % de l'\u00e9lectricit\u00e9 mondiale<\/a> et sont responsables d'environ 2 % du total des \u00e9missions de gaz \u00e0 effet de serre.<\/p>\n<h3><strong>L'utilisation durable des donn\u00e9es d\u00e9termine la comp\u00e9titivit\u00e9 et le d\u00e9part du personnel<\/strong><\/h3>\n<p>Les entreprises ont pourtant reconnu la pertinence des d\u00e9cisions commerciales durables bas\u00e9es sur des donn\u00e9es. Selon une \u00e9tude\u00a0<a href=\"https:\/\/www.cloudera.com\/content\/dam\/www\/marketing\/resources\/whitepapers\/cloudera-global-ai-report.pdf?daqp=true\">\u00c9tude de Cloudera<\/a> plus d'un cinqui\u00e8me (21%) des d\u00e9cideurs d'entreprises allemandes font d\u00e9j\u00e0 passer des investissements plus importants dans les domaines environnementaux, sociaux et de gouvernance (ESG) avant le d\u00e9veloppement de nouveaux produits et services (18%) ou le maintien ou l'augmentation de leurs b\u00e9n\u00e9fices (19%). Cette d\u00e9marche n'est toutefois pas totalement d\u00e9sint\u00e9ress\u00e9e, car outre la n\u00e9cessit\u00e9 \u00e9cologique, les avantages \u00e9conomiques de l'informatique durable ne sont pas \u00e0 n\u00e9gliger, que ce soit en termes de r\u00e9sultats commerciaux, de r\u00e9putation sociale, d'image de marque ou de fid\u00e9lisation de la client\u00e8le.\u00a0<\/p>\n<p>L'\u00e9tude de Cloudera le montre en d\u00e9tail : \u00e0 la question de savoir quel serait l'impact si leur entreprise ne commen\u00e7ait pas \u00e0 utiliser les donn\u00e9es pour prendre des d\u00e9cisions commerciales plus durables au cours des trois prochaines ann\u00e9es, pr\u00e8s de la moiti\u00e9 des d\u00e9cideurs d'entreprise (47%) ont r\u00e9pondu qu'ils s'attendaient \u00e0 une baisse de la croissance. Les autres cons\u00e9quences sont l'augmentation de la pression sur le conseil d'administration et la perte d'activit\u00e9. Mais le plus int\u00e9ressant est que 27 pour cent des d\u00e9cideurs pensent que les collaborateurs quitteront l'entreprise - un crit\u00e8re d\u00e9cisif en ces temps de p\u00e9nurie de personnel qualifi\u00e9.<\/p>\n<p><em><strong>A l'auteur :<\/strong><br \/>\nPhilippe Picalek, vice-pr\u00e9sident r\u00e9gional pour la Suisse chez Cloudera, un fournisseur de services cloud. Le Cloudera Enterprise Data Cloud traite toutes les donn\u00e9es, quel que soit leur lieu de stockage, de la p\u00e9riph\u00e9rie aux applications d'intelligence artificielle.\u00a0<\/em><\/p>","protected":false},"excerpt":{"rendered":"<p>W\u00e4hrend die Digitalisierung von Prozessen in einzelnen Unternehmen Ressourcen einspart, so f\u00fchrt die globale digitale Transformation zu einer weltweiten exponentiellen Ressourcennutzung. Das hat einen einfachen Grund: Durch steigende virtuelle Arbeitsabl\u00e4ufe entstehen immer gr\u00f6ssere Mengen an Daten, die in Rechenzentren gespeichert werden \u2013 die je nach Gr\u00f6sse und Konstitution mehr oder weniger CO2-Emissionen produzieren. Studien zeigen, [&hellip;]<\/p>\n","protected":false},"author":10,"featured_media":16767,"comment_status":"closed","ping_status":"closed","sticky":false,"template":"","format":"standard","meta":{"_acf_changed":false,"footnotes":""},"categories":[3303],"tags":[4192,3372,5302],"class_list":["post-16766","post","type-post","status-publish","format-standard","has-post-thumbnail","hentry","category-qualitaetsmanagement","tag-cloud-computing","tag-digitalisierung","tag-green-it"],"acf":[],"yoast_head":"<!-- This site is optimized with the Yoast SEO plugin v26.2 - https:\/\/yoast.com\/wordpress\/plugins\/seo\/ -->\n<title>Green IT: Nachhaltige IT als Schl\u00fcssel zur Wettbewerbsf\u00e4higkeit - MQ Management und Qualit\u00e4t<\/title>\n<meta name=\"description\" content=\"Bei der Nachhaltigkeit geht es auch um IT, denn gerade Rechenzentren tragen zum steigenden Energieverbrauch bei. Green IT lautet die Losung.\" \/>\n<meta name=\"robots\" content=\"index, follow, max-snippet:-1, max-image-preview:large, max-video-preview:-1\" \/>\n<link rel=\"canonical\" href=\"https:\/\/www.m-q.ch\/fr\/green-it-linformatique-durable-cle-de-la-competitivite\/\" \/>\n<meta property=\"og:locale\" content=\"fr_FR\" \/>\n<meta property=\"og:type\" content=\"article\" \/>\n<meta property=\"og:title\" content=\"Green IT: Nachhaltige IT als Schl\u00fcssel zur Wettbewerbsf\u00e4higkeit\" \/>\n<meta property=\"og:description\" content=\"Bei der Nachhaltigkeit geht es auch um IT, denn gerade Rechenzentren tragen zum steigenden Energieverbrauch bei. Green IT lautet die Losung.\" \/>\n<meta property=\"og:url\" content=\"https:\/\/www.m-q.ch\/fr\/green-it-linformatique-durable-cle-de-la-competitivite\/\" \/>\n<meta property=\"og:site_name\" content=\"MQ Management und Qualit\u00e4t\" \/>\n<meta property=\"article:publisher\" content=\"https:\/\/www.facebook.com\/ManagementUndQualitaet\" \/>\n<meta property=\"article:published_time\" content=\"2022-08-09T11:34:04+00:00\" \/>\n<meta property=\"article:modified_time\" content=\"2022-08-29T07:46:45+00:00\" \/>\n<meta property=\"og:image\" content=\"https:\/\/www.m-q.ch\/wp-content\/uploads\/2022\/08\/Green-IT-Nachhaltige-IT-als-Schluessel-zur-Wettbewerbsfaehigkeit_MQ.jpg\" \/>\n\t<meta property=\"og:image:width\" content=\"680\" \/>\n\t<meta property=\"og:image:height\" content=\"453\" \/>\n\t<meta property=\"og:image:type\" content=\"image\/jpeg\" \/>\n<meta name=\"author\" content=\"Thomas Berner\" \/>\n<meta name=\"twitter:card\" content=\"summary_large_image\" \/>\n<meta name=\"twitter:title\" content=\"Green IT: Nachhaltige #IT als Schl\u00fcssel zur #Wettbewerbsf\u00e4higkeit\" \/>\n<meta name=\"twitter:description\" content=\"Bei der #Nachhaltigkeit geht es auch um #IT, denn gerade #Rechenzentren tragen zum steigenden #Energieverbrauch bei. Green IT lautet die Losung.\" \/>\n<meta name=\"twitter:image\" content=\"https:\/\/www.m-q.ch\/wp-content\/uploads\/2022\/08\/Green-IT-Nachhaltige-IT-als-Schluessel-zur-Wettbewerbsfaehigkeit_MQ.jpg\" \/>\n<meta name=\"twitter:label1\" content=\"\u00c9crit par\" \/>\n\t<meta name=\"twitter:data1\" content=\"Thomas Berner\" \/>\n\t<meta name=\"twitter:label2\" content=\"Dur\u00e9e de lecture estim\u00e9e\" \/>\n\t<meta name=\"twitter:data2\" content=\"4 minutes\" \/>\n<script type=\"application\/ld+json\" class=\"yoast-schema-graph\">{\"@context\":\"https:\/\/schema.org\",\"@graph\":[{\"@type\":\"Article\",\"@id\":\"https:\/\/www.m-q.ch\/green-it-nachhaltige-it-als-schluessel-zur-wettbewerbsfaehigkeit\/#article\",\"isPartOf\":{\"@id\":\"https:\/\/www.m-q.ch\/green-it-nachhaltige-it-als-schluessel-zur-wettbewerbsfaehigkeit\/\"},\"author\":{\"name\":\"Thomas Berner\",\"@id\":\"https:\/\/www.m-q.ch\/fr\/#\/schema\/person\/a8711938b1cfb3f056dec70eaa0b42ab\"},\"headline\":\"Green IT: Nachhaltige IT als Schl\u00fcssel zur Wettbewerbsf\u00e4higkeit\",\"datePublished\":\"2022-08-09T11:34:04+00:00\",\"dateModified\":\"2022-08-29T07:46:45+00:00\",\"mainEntityOfPage\":{\"@id\":\"https:\/\/www.m-q.ch\/green-it-nachhaltige-it-als-schluessel-zur-wettbewerbsfaehigkeit\/\"},\"wordCount\":762,\"publisher\":{\"@id\":\"https:\/\/www.m-q.ch\/fr\/#organization\"},\"image\":{\"@id\":\"https:\/\/www.m-q.ch\/green-it-nachhaltige-it-als-schluessel-zur-wettbewerbsfaehigkeit\/#primaryimage\"},\"thumbnailUrl\":\"https:\/\/www.m-q.ch\/wp-content\/uploads\/2022\/08\/Green-IT-Nachhaltige-IT-als-Schluessel-zur-Wettbewerbsfaehigkeit_MQ.jpg\",\"keywords\":[\"Cloud Computing\",\"Digitalisierung\",\"Green IT\"],\"articleSection\":[\"Qualit\u00e4tsmanagement\"],\"inLanguage\":\"fr-FR\"},{\"@type\":\"WebPage\",\"@id\":\"https:\/\/www.m-q.ch\/green-it-nachhaltige-it-als-schluessel-zur-wettbewerbsfaehigkeit\/\",\"url\":\"https:\/\/www.m-q.ch\/green-it-nachhaltige-it-als-schluessel-zur-wettbewerbsfaehigkeit\/\",\"name\":\"Green IT: Nachhaltige IT als Schl\u00fcssel zur Wettbewerbsf\u00e4higkeit - MQ Management und Qualit\u00e4t\",\"isPartOf\":{\"@id\":\"https:\/\/www.m-q.ch\/fr\/#website\"},\"primaryImageOfPage\":{\"@id\":\"https:\/\/www.m-q.ch\/green-it-nachhaltige-it-als-schluessel-zur-wettbewerbsfaehigkeit\/#primaryimage\"},\"image\":{\"@id\":\"https:\/\/www.m-q.ch\/green-it-nachhaltige-it-als-schluessel-zur-wettbewerbsfaehigkeit\/#primaryimage\"},\"thumbnailUrl\":\"https:\/\/www.m-q.ch\/wp-content\/uploads\/2022\/08\/Green-IT-Nachhaltige-IT-als-Schluessel-zur-Wettbewerbsfaehigkeit_MQ.jpg\",\"datePublished\":\"2022-08-09T11:34:04+00:00\",\"dateModified\":\"2022-08-29T07:46:45+00:00\",\"description\":\"Bei der Nachhaltigkeit geht es auch um IT, denn gerade Rechenzentren tragen zum steigenden Energieverbrauch bei. Green IT lautet die Losung.\",\"breadcrumb\":{\"@id\":\"https:\/\/www.m-q.ch\/green-it-nachhaltige-it-als-schluessel-zur-wettbewerbsfaehigkeit\/#breadcrumb\"},\"inLanguage\":\"fr-FR\",\"potentialAction\":[{\"@type\":\"ReadAction\",\"target\":[\"https:\/\/www.m-q.ch\/green-it-nachhaltige-it-als-schluessel-zur-wettbewerbsfaehigkeit\/\"]}]},{\"@type\":\"ImageObject\",\"inLanguage\":\"fr-FR\",\"@id\":\"https:\/\/www.m-q.ch\/green-it-nachhaltige-it-als-schluessel-zur-wettbewerbsfaehigkeit\/#primaryimage\",\"url\":\"https:\/\/www.m-q.ch\/wp-content\/uploads\/2022\/08\/Green-IT-Nachhaltige-IT-als-Schluessel-zur-Wettbewerbsfaehigkeit_MQ.jpg\",\"contentUrl\":\"https:\/\/www.m-q.ch\/wp-content\/uploads\/2022\/08\/Green-IT-Nachhaltige-IT-als-Schluessel-zur-Wettbewerbsfaehigkeit_MQ.jpg\",\"width\":680,\"height\":453,\"caption\":\"Philippe Picalek von Cloudera meint, dass neben der Unternehmenskultur, die IT beim Thema Nachhaltigkeit im Fokus steht. (Bild: pixabay, geralt)\"},{\"@type\":\"BreadcrumbList\",\"@id\":\"https:\/\/www.m-q.ch\/green-it-nachhaltige-it-als-schluessel-zur-wettbewerbsfaehigkeit\/#breadcrumb\",\"itemListElement\":[{\"@type\":\"ListItem\",\"position\":1,\"name\":\"Qualit\u00e4tsmanagement\",\"item\":\"https:\/\/www.m-q.ch\/kategorie\/qualitaetsmanagement\/\"},{\"@type\":\"ListItem\",\"position\":2,\"name\":\"Green IT: Nachhaltige IT als Schl\u00fcssel zur Wettbewerbsf\u00e4higkeit\"}]},{\"@type\":\"WebSite\",\"@id\":\"https:\/\/www.m-q.ch\/fr\/#website\",\"url\":\"https:\/\/www.m-q.ch\/fr\/\",\"name\":\"MQ Management und Qualit\u00e4t\",\"description\":\"Plattform f\u00fcr integrierte Managementsysteme.\",\"publisher\":{\"@id\":\"https:\/\/www.m-q.ch\/fr\/#organization\"},\"potentialAction\":[{\"@type\":\"SearchAction\",\"target\":{\"@type\":\"EntryPoint\",\"urlTemplate\":\"https:\/\/www.m-q.ch\/fr\/?s={search_term_string}\"},\"query-input\":{\"@type\":\"PropertyValueSpecification\",\"valueRequired\":true,\"valueName\":\"search_term_string\"}}],\"inLanguage\":\"fr-FR\"},{\"@type\":\"Organization\",\"@id\":\"https:\/\/www.m-q.ch\/fr\/#organization\",\"name\":\"Galledia Fachmedien AG\",\"url\":\"https:\/\/www.m-q.ch\/fr\/\",\"logo\":{\"@type\":\"ImageObject\",\"inLanguage\":\"fr-FR\",\"@id\":\"https:\/\/www.m-q.ch\/fr\/#\/schema\/logo\/image\/\",\"url\":\"https:\/\/www.m-q.ch\/wp-content\/uploads\/2020\/12\/cropped-logo_small.png\",\"contentUrl\":\"https:\/\/www.m-q.ch\/wp-content\/uploads\/2020\/12\/cropped-logo_small.png\",\"width\":512,\"height\":512,\"caption\":\"Galledia Fachmedien AG\"},\"image\":{\"@id\":\"https:\/\/www.m-q.ch\/fr\/#\/schema\/logo\/image\/\"},\"sameAs\":[\"https:\/\/www.facebook.com\/ManagementUndQualitaet\",\"https:\/\/www.linkedin.com\/showcase\/17982321\/admin\/\"]},{\"@type\":\"Person\",\"@id\":\"https:\/\/www.m-q.ch\/fr\/#\/schema\/person\/a8711938b1cfb3f056dec70eaa0b42ab\",\"name\":\"Thomas Berner\",\"image\":{\"@type\":\"ImageObject\",\"inLanguage\":\"fr-FR\",\"@id\":\"https:\/\/www.m-q.ch\/fr\/#\/schema\/person\/image\/\",\"url\":\"https:\/\/secure.gravatar.com\/avatar\/faea7857408f70478f976d576da10f96?s=96&d=mm&r=g\",\"contentUrl\":\"https:\/\/secure.gravatar.com\/avatar\/faea7857408f70478f976d576da10f96?s=96&d=mm&r=g\",\"caption\":\"Thomas Berner\"},\"url\":\"https:\/\/www.m-q.ch\/fr\/author\/thomas-berner\/\"}]}<\/script>\n<!-- \/ Yoast SEO plugin. -->","yoast_head_json":{"title":"Green IT : l'informatique durable, cl\u00e9 de la comp\u00e9titivit\u00e9 - MQ Management et Qualit\u00e9","description":"La durabilit\u00e9 concerne \u00e9galement l'informatique, car les centres de donn\u00e9es contribuent \u00e0 l'augmentation de la consommation d'\u00e9nergie. Le mot d'ordre est \"Green IT\".","robots":{"index":"index","follow":"follow","max-snippet":"max-snippet:-1","max-image-preview":"max-image-preview:large","max-video-preview":"max-video-preview:-1"},"canonical":"https:\/\/www.m-q.ch\/fr\/green-it-linformatique-durable-cle-de-la-competitivite\/","og_locale":"fr_FR","og_type":"article","og_title":"Green IT: Nachhaltige IT als Schl\u00fcssel zur Wettbewerbsf\u00e4higkeit","og_description":"Bei der Nachhaltigkeit geht es auch um IT, denn gerade Rechenzentren tragen zum steigenden Energieverbrauch bei. Green IT lautet die Losung.","og_url":"https:\/\/www.m-q.ch\/fr\/green-it-linformatique-durable-cle-de-la-competitivite\/","og_site_name":"MQ Management und Qualit\u00e4t","article_publisher":"https:\/\/www.facebook.com\/ManagementUndQualitaet","article_published_time":"2022-08-09T11:34:04+00:00","article_modified_time":"2022-08-29T07:46:45+00:00","og_image":[{"width":680,"height":453,"url":"https:\/\/www.m-q.ch\/wp-content\/uploads\/2022\/08\/Green-IT-Nachhaltige-IT-als-Schluessel-zur-Wettbewerbsfaehigkeit_MQ.jpg","type":"image\/jpeg"}],"author":"Thomas Berner","twitter_card":"summary_large_image","twitter_title":"Green IT: Nachhaltige #IT als Schl\u00fcssel zur #Wettbewerbsf\u00e4higkeit","twitter_description":"Bei der #Nachhaltigkeit geht es auch um #IT, denn gerade #Rechenzentren tragen zum steigenden #Energieverbrauch bei. Green IT lautet die Losung.","twitter_image":"https:\/\/www.m-q.ch\/wp-content\/uploads\/2022\/08\/Green-IT-Nachhaltige-IT-als-Schluessel-zur-Wettbewerbsfaehigkeit_MQ.jpg","twitter_misc":{"\u00c9crit par":"Thomas Berner","Dur\u00e9e de lecture estim\u00e9e":"4 minutes"},"schema":{"@context":"https:\/\/schema.org","@graph":[{"@type":"Article","@id":"https:\/\/www.m-q.ch\/green-it-nachhaltige-it-als-schluessel-zur-wettbewerbsfaehigkeit\/#article","isPartOf":{"@id":"https:\/\/www.m-q.ch\/green-it-nachhaltige-it-als-schluessel-zur-wettbewerbsfaehigkeit\/"},"author":{"name":"Thomas Berner","@id":"https:\/\/www.m-q.ch\/fr\/#\/schema\/person\/a8711938b1cfb3f056dec70eaa0b42ab"},"headline":"Green IT: Nachhaltige IT als Schl\u00fcssel zur Wettbewerbsf\u00e4higkeit","datePublished":"2022-08-09T11:34:04+00:00","dateModified":"2022-08-29T07:46:45+00:00","mainEntityOfPage":{"@id":"https:\/\/www.m-q.ch\/green-it-nachhaltige-it-als-schluessel-zur-wettbewerbsfaehigkeit\/"},"wordCount":762,"publisher":{"@id":"https:\/\/www.m-q.ch\/fr\/#organization"},"image":{"@id":"https:\/\/www.m-q.ch\/green-it-nachhaltige-it-als-schluessel-zur-wettbewerbsfaehigkeit\/#primaryimage"},"thumbnailUrl":"https:\/\/www.m-q.ch\/wp-content\/uploads\/2022\/08\/Green-IT-Nachhaltige-IT-als-Schluessel-zur-Wettbewerbsfaehigkeit_MQ.jpg","keywords":["Cloud Computing","Digitalisierung","Green IT"],"articleSection":["Qualit\u00e4tsmanagement"],"inLanguage":"fr-FR"},{"@type":"WebPage","@id":"https:\/\/www.m-q.ch\/green-it-nachhaltige-it-als-schluessel-zur-wettbewerbsfaehigkeit\/","url":"https:\/\/www.m-q.ch\/green-it-nachhaltige-it-als-schluessel-zur-wettbewerbsfaehigkeit\/","name":"Green IT : l'informatique durable, cl\u00e9 de la comp\u00e9titivit\u00e9 - MQ Management et Qualit\u00e9","isPartOf":{"@id":"https:\/\/www.m-q.ch\/fr\/#website"},"primaryImageOfPage":{"@id":"https:\/\/www.m-q.ch\/green-it-nachhaltige-it-als-schluessel-zur-wettbewerbsfaehigkeit\/#primaryimage"},"image":{"@id":"https:\/\/www.m-q.ch\/green-it-nachhaltige-it-als-schluessel-zur-wettbewerbsfaehigkeit\/#primaryimage"},"thumbnailUrl":"https:\/\/www.m-q.ch\/wp-content\/uploads\/2022\/08\/Green-IT-Nachhaltige-IT-als-Schluessel-zur-Wettbewerbsfaehigkeit_MQ.jpg","datePublished":"2022-08-09T11:34:04+00:00","dateModified":"2022-08-29T07:46:45+00:00","description":"La durabilit\u00e9 concerne \u00e9galement l'informatique, car les centres de donn\u00e9es contribuent \u00e0 l'augmentation de la consommation d'\u00e9nergie. Le mot d'ordre est \"Green IT\".","breadcrumb":{"@id":"https:\/\/www.m-q.ch\/green-it-nachhaltige-it-als-schluessel-zur-wettbewerbsfaehigkeit\/#breadcrumb"},"inLanguage":"fr-FR","potentialAction":[{"@type":"ReadAction","target":["https:\/\/www.m-q.ch\/green-it-nachhaltige-it-als-schluessel-zur-wettbewerbsfaehigkeit\/"]}]},{"@type":"ImageObject","inLanguage":"fr-FR","@id":"https:\/\/www.m-q.ch\/green-it-nachhaltige-it-als-schluessel-zur-wettbewerbsfaehigkeit\/#primaryimage","url":"https:\/\/www.m-q.ch\/wp-content\/uploads\/2022\/08\/Green-IT-Nachhaltige-IT-als-Schluessel-zur-Wettbewerbsfaehigkeit_MQ.jpg","contentUrl":"https:\/\/www.m-q.ch\/wp-content\/uploads\/2022\/08\/Green-IT-Nachhaltige-IT-als-Schluessel-zur-Wettbewerbsfaehigkeit_MQ.jpg","width":680,"height":453,"caption":"Philippe Picalek von Cloudera meint, dass neben der Unternehmenskultur, die IT beim Thema Nachhaltigkeit im Fokus steht. (Bild: pixabay, geralt)"},{"@type":"BreadcrumbList","@id":"https:\/\/www.m-q.ch\/green-it-nachhaltige-it-als-schluessel-zur-wettbewerbsfaehigkeit\/#breadcrumb","itemListElement":[{"@type":"ListItem","position":1,"name":"Qualit\u00e4tsmanagement","item":"https:\/\/www.m-q.ch\/kategorie\/qualitaetsmanagement\/"},{"@type":"ListItem","position":2,"name":"Green IT: Nachhaltige IT als Schl\u00fcssel zur Wettbewerbsf\u00e4higkeit"}]},{"@type":"WebSite","@id":"https:\/\/www.m-q.ch\/fr\/#website","url":"https:\/\/www.m-q.ch\/fr\/","name":"Gestion et qualit\u00e9 du QM","description":"Plate-forme pour les syst\u00e8mes de gestion int\u00e9gr\u00e9e.","publisher":{"@id":"https:\/\/www.m-q.ch\/fr\/#organization"},"potentialAction":[{"@type":"SearchAction","target":{"@type":"EntryPoint","urlTemplate":"https:\/\/www.m-q.ch\/fr\/?s={search_term_string}"},"query-input":{"@type":"PropertyValueSpecification","valueRequired":true,"valueName":"search_term_string"}}],"inLanguage":"fr-FR"},{"@type":"Organization","@id":"https:\/\/www.m-q.ch\/fr\/#organization","name":"Galledia Trade Media AG","url":"https:\/\/www.m-q.ch\/fr\/","logo":{"@type":"ImageObject","inLanguage":"fr-FR","@id":"https:\/\/www.m-q.ch\/fr\/#\/schema\/logo\/image\/","url":"https:\/\/www.m-q.ch\/wp-content\/uploads\/2020\/12\/cropped-logo_small.png","contentUrl":"https:\/\/www.m-q.ch\/wp-content\/uploads\/2020\/12\/cropped-logo_small.png","width":512,"height":512,"caption":"Galledia Fachmedien AG"},"image":{"@id":"https:\/\/www.m-q.ch\/fr\/#\/schema\/logo\/image\/"},"sameAs":["https:\/\/www.facebook.com\/ManagementUndQualitaet","https:\/\/www.linkedin.com\/showcase\/17982321\/admin\/"]},{"@type":"Person","@id":"https:\/\/www.m-q.ch\/fr\/#\/schema\/person\/a8711938b1cfb3f056dec70eaa0b42ab","name":"Thomas Berner","image":{"@type":"ImageObject","inLanguage":"fr-FR","@id":"https:\/\/www.m-q.ch\/fr\/#\/schema\/person\/image\/","url":"https:\/\/secure.gravatar.com\/avatar\/faea7857408f70478f976d576da10f96?s=96&d=mm&r=g","contentUrl":"https:\/\/secure.gravatar.com\/avatar\/faea7857408f70478f976d576da10f96?s=96&d=mm&r=g","caption":"Thomas Berner"},"url":"https:\/\/www.m-q.ch\/fr\/author\/thomas-berner\/"}]}},"_links":{"self":[{"href":"https:\/\/www.m-q.ch\/fr\/wp-json\/wp\/v2\/posts\/16766","targetHints":{"allow":["GET"]}}],"collection":[{"href":"https:\/\/www.m-q.ch\/fr\/wp-json\/wp\/v2\/posts"}],"about":[{"href":"https:\/\/www.m-q.ch\/fr\/wp-json\/wp\/v2\/types\/post"}],"author":[{"embeddable":true,"href":"https:\/\/www.m-q.ch\/fr\/wp-json\/wp\/v2\/users\/10"}],"replies":[{"embeddable":true,"href":"https:\/\/www.m-q.ch\/fr\/wp-json\/wp\/v2\/comments?post=16766"}],"version-history":[{"count":1,"href":"https:\/\/www.m-q.ch\/fr\/wp-json\/wp\/v2\/posts\/16766\/revisions"}],"predecessor-version":[{"id":16768,"href":"https:\/\/www.m-q.ch\/fr\/wp-json\/wp\/v2\/posts\/16766\/revisions\/16768"}],"wp:featuredmedia":[{"embeddable":true,"href":"https:\/\/www.m-q.ch\/fr\/wp-json\/wp\/v2\/media\/16767"}],"wp:attachment":[{"href":"https:\/\/www.m-q.ch\/fr\/wp-json\/wp\/v2\/media?parent=16766"}],"wp:term":[{"taxonomy":"category","embeddable":true,"href":"https:\/\/www.m-q.ch\/fr\/wp-json\/wp\/v2\/categories?post=16766"},{"taxonomy":"post_tag","embeddable":true,"href":"https:\/\/www.m-q.ch\/fr\/wp-json\/wp\/v2\/tags?post=16766"}],"curies":[{"name":"wp","href":"https:\/\/api.w.org\/{rel}","templated":true}]}}