{"id":16871,"date":"2022-09-08T09:02:07","date_gmt":"2022-09-08T07:02:07","guid":{"rendered":"https:\/\/www.m-q.ch\/?p=16871"},"modified":"2022-09-08T09:02:07","modified_gmt":"2022-09-08T07:02:07","slug":"prevoyance-vieillesse-personnelle-le-manque-de-connaissances-rend-difficile-une-plus-grande-responsabilite-personnelle","status":"publish","type":"post","link":"https:\/\/www.m-q.ch\/fr\/eigene-altersvorsorge-fehlendes-wissen-erschwert-mehr-selbstverantwortung\/","title":{"rendered":"Pr\u00e9voyance vieillesse individuelle : le manque de connaissances rend difficile une plus grande responsabilit\u00e9 personnelle"},"content":{"rendered":"<figure id=\"attachment_16872\" aria-describedby=\"caption-attachment-16872\" style=\"width: 680px\" class=\"wp-caption alignnone\"><img loading=\"lazy\" decoding=\"async\" class=\"size-full wp-image-16872\" src=\"https:\/\/www.m-q.ch\/wp-content\/uploads\/2022\/09\/Eigene-Altersvorsorge-Fehlendes-Wissen-erschwert-mehr-Selbstverantwortung_MQ.jpg\" alt=\"\" width=\"680\" height=\"453\" srcset=\"https:\/\/www.m-q.ch\/wp-content\/uploads\/2022\/09\/Eigene-Altersvorsorge-Fehlendes-Wissen-erschwert-mehr-Selbstverantwortung_MQ.jpg 680w, https:\/\/www.m-q.ch\/wp-content\/uploads\/2022\/09\/Eigene-Altersvorsorge-Fehlendes-Wissen-erschwert-mehr-Selbstverantwortung_MQ-18x12.jpg 18w, https:\/\/www.m-q.ch\/wp-content\/uploads\/2022\/09\/Eigene-Altersvorsorge-Fehlendes-Wissen-erschwert-mehr-Selbstverantwortung_MQ-263x175.jpg 263w, https:\/\/www.m-q.ch\/wp-content\/uploads\/2022\/09\/Eigene-Altersvorsorge-Fehlendes-Wissen-erschwert-mehr-Selbstverantwortung_MQ-525x350.jpg 525w, https:\/\/www.m-q.ch\/wp-content\/uploads\/2022\/09\/Eigene-Altersvorsorge-Fehlendes-Wissen-erschwert-mehr-Selbstverantwortung_MQ-300x200.jpg 300w\" sizes=\"auto, (max-width: 680px) 100vw, 680px\" \/><figcaption id=\"caption-attachment-16872\" class=\"wp-caption-text\">Une majorit\u00e9 de la population suisse ne pense pas recevoir suffisamment d'argent de l'AVS et du 2e pilier \u00e0 la retraite. Les alternatives pour la pr\u00e9voyance vieillesse suscitent de l'int\u00e9r\u00eat. Mais les connaissances n\u00e9cessaires font souvent d\u00e9faut. (Image : Pixabay.com)<\/figcaption><\/figure>\n<p>Changement d\u00e9mographique et rendements insuffisamment \u00e9lev\u00e9s pour financer durablement le 2e pilier : Les travailleurs en Suisse sont conscients des d\u00e9fis de la pr\u00e9voyance vieillesse. Seuls quatre pour cent des personnes interrog\u00e9es dans le cadre de l'\u00e9tude repr\u00e9sentative de la HSLU sont oppos\u00e9es aux mesures visant \u00e0 rem\u00e9dier aux probl\u00e8mes de financement de l'AVS et du 2e pilier. \"En cons\u00e9quence, le scepticisme des personnes interrog\u00e9es concernant les prestations de retraite est \u00e9lev\u00e9\", explique Yvonne Seiler Zimmermann, directrice de l'\u00e9tude et enseignante \u00e0 la Haute \u00e9cole de Lucerne. Selon l'\u00e9tude de la HSLU, environ trois personnes interrog\u00e9es sur cinq ne pensent pas qu'elles recevront suffisamment d'argent de l'AVS et du 2e pilier pour maintenir leur niveau de vie habituel \u00e0 la retraite. Fait int\u00e9ressant : les femmes ont encore moins confiance dans le syst\u00e8me de pr\u00e9voyance que les hommes. Sans surprise, les jeunes ont moins d'espoir de recevoir suffisamment d'argent de l'AVS et du 2e pilier que les personnes plus \u00e2g\u00e9es.<\/p>\n<h3>Les gens veulent assumer leur propre responsabilit\u00e9 en mati\u00e8re de pr\u00e9voyance vieillesse<\/h3>\n<p>L'une des m\u00e9ga-tendances de la prospective est l'individualisation dans tous les domaines de la vie. \"Cette tendance conduit en particulier \u00e0 ce que les gens vivent de mani\u00e8re plus autod\u00e9termin\u00e9e et souhaitent de plus en plus organiser leur activit\u00e9 professionnelle de mani\u00e8re flexible et en fonction de leurs besoins\", explique Seiler Zimmermann. Outre la flexibilit\u00e9 des horaires et des lieux de travail, de nombreux salari\u00e9s souhaitent de plus en plus prendre des cong\u00e9s pendant leur activit\u00e9 professionnelle pour suivre une formation continue, prendre un cong\u00e9 sabbatique, un cong\u00e9 parental ou s'occuper de leurs proches. De plus en plus de personnes expriment en outre le souhait de prendre leur retraite plus t\u00f4t que ne le pr\u00e9voit la loi. La responsable de l'\u00e9tude en est convaincue : \"La m\u00e9ga-tendance de l'individualisation fait que les gens doivent aussi assumer davantage de responsabilit\u00e9 personnelle en mati\u00e8re de pr\u00e9voyance\". Cela implique notamment de pouvoir d\u00e9terminer soi-m\u00eame la strat\u00e9gie de placement de son propre capital de pr\u00e9voyance et de se pr\u00e9munir soi-m\u00eame contre les p\u00e9riodes d'inactivit\u00e9. \"Une interruption de l'activit\u00e9 professionnelle peut sinon entra\u00eener une r\u00e9duction ult\u00e9rieure de la rente\", explique Seiler Zimmermann.<\/p>\n<figure id=\"attachment_16873\" aria-describedby=\"caption-attachment-16873\" style=\"width: 680px\" class=\"wp-caption alignnone\"><img loading=\"lazy\" decoding=\"async\" class=\"size-full wp-image-16873\" src=\"https:\/\/www.m-q.ch\/wp-content\/uploads\/2022\/09\/Eigene-Altersvorsorge-Fehlendes-Wissen-erschwert-mehr-Selbstverantwortung-2_MQ.jpg\" alt=\"\" width=\"680\" height=\"430\" srcset=\"https:\/\/www.m-q.ch\/wp-content\/uploads\/2022\/09\/Eigene-Altersvorsorge-Fehlendes-Wissen-erschwert-mehr-Selbstverantwortung-2_MQ.jpg 680w, https:\/\/www.m-q.ch\/wp-content\/uploads\/2022\/09\/Eigene-Altersvorsorge-Fehlendes-Wissen-erschwert-mehr-Selbstverantwortung-2_MQ-18x12.jpg 18w, https:\/\/www.m-q.ch\/wp-content\/uploads\/2022\/09\/Eigene-Altersvorsorge-Fehlendes-Wissen-erschwert-mehr-Selbstverantwortung-2_MQ-277x175.jpg 277w, https:\/\/www.m-q.ch\/wp-content\/uploads\/2022\/09\/Eigene-Altersvorsorge-Fehlendes-Wissen-erschwert-mehr-Selbstverantwortung-2_MQ-553x350.jpg 553w, https:\/\/www.m-q.ch\/wp-content\/uploads\/2022\/09\/Eigene-Altersvorsorge-Fehlendes-Wissen-erschwert-mehr-Selbstverantwortung-2_MQ-300x190.jpg 300w\" sizes=\"auto, (max-width: 680px) 100vw, 680px\" \/><figcaption id=\"caption-attachment-16873\" class=\"wp-caption-text\">(Source : Haute \u00e9cole de Lucerne)<\/figcaption><\/figure>\n<h3>Les solutions de pr\u00e9voyance individuelles suscitent de l'int\u00e9r\u00eat<\/h3>\n<p>L'enqu\u00eate montre qu'avec 62 pour cent, la grande majorit\u00e9 des personnes interrog\u00e9es est favorable \u00e0 l'id\u00e9e de d\u00e9terminer elles-m\u00eames leur strat\u00e9gie de placement. Toutefois, 30 pour cent souhaitent \u00eatre bien conseill\u00e9s lors de la d\u00e9finition de la strat\u00e9gie de placement et 24 autres pour cent aimeraient pouvoir choisir parmi une s\u00e9lection pr\u00e9d\u00e9finie d'alternatives.<\/p>\n<p>Une nette majorit\u00e9 des personnes interrog\u00e9es appr\u00e9cierait de pouvoir financer une pause professionnelle au moyen d'un compte de pr\u00e9voyance sp\u00e9cial et suppl\u00e9mentaire. 82 % d'entre elles trouveraient cela bien. \"La plupart des gens seraient donc pr\u00eats \u00e0 assumer une plus grande responsabilit\u00e9 personnelle en mati\u00e8re de pr\u00e9voyance vieillesse\", explique Seiler Zimmermann. \"Les solutions de pr\u00e9voyance individuelles suscitent de l'int\u00e9r\u00eat\". Les personnes interrog\u00e9es souhaiteraient le plus souvent utiliser ce compte suppl\u00e9mentaire pour financer une retraite anticip\u00e9e, suivies par les cong\u00e9s sabbatiques. De nombreuses personnes interrog\u00e9es seraient \u00e9galement satisfaites d'avoir un tel compte sans savoir exactement comment elles utiliseront l'argent plus tard.<\/p>\n<h3>M\u00e9connaissance de ses propres lacunes<\/h3>\n<p>Pour pouvoir s'occuper soi-m\u00eame de sa pr\u00e9voyance financi\u00e8re, il faut avoir un minimum de connaissances en mati\u00e8re de finances et de pr\u00e9voyance vieillesse. Les r\u00e9sultats de l'enqu\u00eate le montrent : Les connaissances des personnes interrog\u00e9es sur le syst\u00e8me de pr\u00e9voyance et leur propre institution de pr\u00e9voyance sont plut\u00f4t modestes. \"Le probl\u00e8me principal n'est pas le manque de connaissances en soi, mais l'ignorance de ses propres lacunes\", pr\u00e9cise Yvonne Seiler Zimmermann. \"Si quelqu'un est conscient de ne pas savoir quelque chose, cette personne peut se faire conseiller ou s'informer elle-m\u00eame\", poursuit l'experte de la HSLU. Cette conscience de son ignorance fait toutefois d\u00e9faut \u00e0 de nombreuses personnes.<\/p>\n<p>Cette lacune dans les connaissances se manifeste notamment aussi dans les r\u00e9glementations relatives \u00e0 la pr\u00e9voyance vieillesse volontaire. \"Par exemple, une personne qui a d\u00e9cid\u00e9 d'interrompre son activit\u00e9 professionnelle ne peut plus cotiser au pilier 3a\", explique Seiler Zimmermann. Mais beaucoup l'ignorent. Seuls 35 % des personnes interrog\u00e9es savent que toutes les personnes en Suisse n'ont pas le droit de cotiser au pilier 3a. \"Celui qui d\u00e9cide d'interrompre son activit\u00e9 professionnelle devrait prendre en compte de tels facteurs\", explique l'experte de la HSLU. Ce n'est qu'un exemple parmi d'autres des raisons pour lesquelles il vaut la peine d'acqu\u00e9rir des connaissances dans le domaine de la pr\u00e9voyance vieillesse. Avec la pr\u00e9sente \u00e9tude, les auteurs de l'\u00e9tude souhaitent attirer l'attention sur cette th\u00e9matique. Seiler Zimmermann : \"Les discussions publiques sur les th\u00e8mes de la pr\u00e9voyance peuvent contribuer \u00e0 am\u00e9liorer le niveau de connaissance et de savoir de la population en g\u00e9n\u00e9ral\".<\/p>\n<p><em>Source : <a href=\"http:\/\/www.hslu.ch\">Universit\u00e9 de Lucerne<\/a><\/em><\/p>","protected":false},"excerpt":{"rendered":"<p>Demographischer Wandel und ungen\u00fcgend hohe Renditen, um die 2. S\u00e4ule nachhaltig zu finanzieren: Die Arbeitnehmenden in der Schweiz sind sich den Herausforderungen in der Altersvorsorge bewusst. Nur gerade vier Prozent der Befragten, die an der repr\u00e4sentativen HSLU-Studie teilgenommen haben, stehen Massnahmen zur Behebung der Finanzierungsprobleme von AHV und 2. S\u00e4ule ablehnend gegen\u00fcber. \u00abEntsprechend ist die [&hellip;]<\/p>\n","protected":false},"author":10,"featured_media":16872,"comment_status":"closed","ping_status":"closed","sticky":false,"template":"","format":"standard","meta":{"_acf_changed":false,"footnotes":""},"categories":[5],"tags":[5314,3360,3362],"class_list":["post-16871","post","type-post","status-publish","format-standard","has-post-thumbnail","hentry","category-business_excellence","tag-altersvorsorge","tag-management-und-unternehmensfuehrung","tag-studie"],"acf":[],"yoast_head":"<!-- This site is optimized with the Yoast SEO plugin v26.2 - https:\/\/yoast.com\/wordpress\/plugins\/seo\/ -->\n<title>Eigene Altersvorsorge: Fehlendes Wissen erschwert mehr Selbstverantwortung - MQ Management und Qualit\u00e4t<\/title>\n<meta name=\"description\" content=\"Viele glauben nicht, im Alter gen\u00fcgend Geld aus der AHV und der 2. S\u00e4ule zu erhalten. Das Interesse an individueller Altersvorsorge steigt.\" \/>\n<meta name=\"robots\" content=\"index, follow, max-snippet:-1, max-image-preview:large, max-video-preview:-1\" \/>\n<link rel=\"canonical\" href=\"https:\/\/www.m-q.ch\/fr\/prevoyance-vieillesse-personnelle-le-manque-de-connaissances-rend-difficile-une-plus-grande-responsabilite-personnelle\/\" \/>\n<meta property=\"og:locale\" content=\"fr_FR\" \/>\n<meta property=\"og:type\" content=\"article\" \/>\n<meta property=\"og:title\" content=\"Eigene Altersvorsorge: Fehlendes Wissen erschwert mehr Selbstverantwortung\" \/>\n<meta property=\"og:description\" content=\"Viele glauben nicht, im Alter gen\u00fcgend Geld aus der AHV und der 2. S\u00e4ule zu erhalten. Das Interesse an individueller Altersvorsorge steigt.\" \/>\n<meta property=\"og:url\" content=\"https:\/\/www.m-q.ch\/fr\/prevoyance-vieillesse-personnelle-le-manque-de-connaissances-rend-difficile-une-plus-grande-responsabilite-personnelle\/\" \/>\n<meta property=\"og:site_name\" content=\"MQ Management und Qualit\u00e4t\" \/>\n<meta property=\"article:publisher\" content=\"https:\/\/www.facebook.com\/ManagementUndQualitaet\" \/>\n<meta property=\"article:published_time\" content=\"2022-09-08T07:02:07+00:00\" \/>\n<meta property=\"og:image\" content=\"https:\/\/www.m-q.ch\/wp-content\/uploads\/2022\/09\/Eigene-Altersvorsorge-Fehlendes-Wissen-erschwert-mehr-Selbstverantwortung_MQ.jpg\" \/>\n\t<meta property=\"og:image:width\" content=\"680\" \/>\n\t<meta property=\"og:image:height\" content=\"453\" \/>\n\t<meta property=\"og:image:type\" content=\"image\/jpeg\" \/>\n<meta name=\"author\" content=\"Thomas Berner\" \/>\n<meta name=\"twitter:card\" content=\"summary_large_image\" \/>\n<meta name=\"twitter:title\" content=\"Eigene #Altersvorsorge: Fehlendes Wissen erschwert mehr #Selbstverantwortung\" \/>\n<meta name=\"twitter:description\" content=\"Viele glauben nicht, im Alter gen\u00fcgend Geld aus der #AHV und der 2. S\u00e4ule zu erhalten. Das Interesse an individueller #Altersvorsorge steigt.\" \/>\n<meta name=\"twitter:image\" content=\"https:\/\/www.m-q.ch\/wp-content\/uploads\/2022\/09\/Eigene-Altersvorsorge-Fehlendes-Wissen-erschwert-mehr-Selbstverantwortung_MQ.jpg\" \/>\n<meta name=\"twitter:label1\" content=\"\u00c9crit par\" \/>\n\t<meta name=\"twitter:data1\" content=\"Thomas Berner\" \/>\n\t<meta name=\"twitter:label2\" content=\"Dur\u00e9e de lecture estim\u00e9e\" \/>\n\t<meta name=\"twitter:data2\" content=\"4 minutes\" \/>\n<script type=\"application\/ld+json\" class=\"yoast-schema-graph\">{\"@context\":\"https:\/\/schema.org\",\"@graph\":[{\"@type\":\"Article\",\"@id\":\"https:\/\/www.m-q.ch\/eigene-altersvorsorge-fehlendes-wissen-erschwert-mehr-selbstverantwortung\/#article\",\"isPartOf\":{\"@id\":\"https:\/\/www.m-q.ch\/eigene-altersvorsorge-fehlendes-wissen-erschwert-mehr-selbstverantwortung\/\"},\"author\":{\"name\":\"Thomas Berner\",\"@id\":\"https:\/\/www.m-q.ch\/fr\/#\/schema\/person\/a8711938b1cfb3f056dec70eaa0b42ab\"},\"headline\":\"Eigene Altersvorsorge: Fehlendes Wissen erschwert mehr Selbstverantwortung\",\"datePublished\":\"2022-09-08T07:02:07+00:00\",\"mainEntityOfPage\":{\"@id\":\"https:\/\/www.m-q.ch\/eigene-altersvorsorge-fehlendes-wissen-erschwert-mehr-selbstverantwortung\/\"},\"wordCount\":761,\"publisher\":{\"@id\":\"https:\/\/www.m-q.ch\/fr\/#organization\"},\"image\":{\"@id\":\"https:\/\/www.m-q.ch\/eigene-altersvorsorge-fehlendes-wissen-erschwert-mehr-selbstverantwortung\/#primaryimage\"},\"thumbnailUrl\":\"https:\/\/www.m-q.ch\/wp-content\/uploads\/2022\/09\/Eigene-Altersvorsorge-Fehlendes-Wissen-erschwert-mehr-Selbstverantwortung_MQ.jpg\",\"keywords\":[\"Altersvorsorge\",\"Management und Unternehmensf\u00fchrung\",\"Studie\"],\"articleSection\":[\"Business Excellence\"],\"inLanguage\":\"fr-FR\"},{\"@type\":\"WebPage\",\"@id\":\"https:\/\/www.m-q.ch\/eigene-altersvorsorge-fehlendes-wissen-erschwert-mehr-selbstverantwortung\/\",\"url\":\"https:\/\/www.m-q.ch\/eigene-altersvorsorge-fehlendes-wissen-erschwert-mehr-selbstverantwortung\/\",\"name\":\"Eigene Altersvorsorge: Fehlendes Wissen erschwert mehr Selbstverantwortung - MQ Management und Qualit\u00e4t\",\"isPartOf\":{\"@id\":\"https:\/\/www.m-q.ch\/fr\/#website\"},\"primaryImageOfPage\":{\"@id\":\"https:\/\/www.m-q.ch\/eigene-altersvorsorge-fehlendes-wissen-erschwert-mehr-selbstverantwortung\/#primaryimage\"},\"image\":{\"@id\":\"https:\/\/www.m-q.ch\/eigene-altersvorsorge-fehlendes-wissen-erschwert-mehr-selbstverantwortung\/#primaryimage\"},\"thumbnailUrl\":\"https:\/\/www.m-q.ch\/wp-content\/uploads\/2022\/09\/Eigene-Altersvorsorge-Fehlendes-Wissen-erschwert-mehr-Selbstverantwortung_MQ.jpg\",\"datePublished\":\"2022-09-08T07:02:07+00:00\",\"description\":\"Viele glauben nicht, im Alter gen\u00fcgend Geld aus der AHV und der 2. S\u00e4ule zu erhalten. Das Interesse an individueller Altersvorsorge steigt.\",\"breadcrumb\":{\"@id\":\"https:\/\/www.m-q.ch\/eigene-altersvorsorge-fehlendes-wissen-erschwert-mehr-selbstverantwortung\/#breadcrumb\"},\"inLanguage\":\"fr-FR\",\"potentialAction\":[{\"@type\":\"ReadAction\",\"target\":[\"https:\/\/www.m-q.ch\/eigene-altersvorsorge-fehlendes-wissen-erschwert-mehr-selbstverantwortung\/\"]}]},{\"@type\":\"ImageObject\",\"inLanguage\":\"fr-FR\",\"@id\":\"https:\/\/www.m-q.ch\/eigene-altersvorsorge-fehlendes-wissen-erschwert-mehr-selbstverantwortung\/#primaryimage\",\"url\":\"https:\/\/www.m-q.ch\/wp-content\/uploads\/2022\/09\/Eigene-Altersvorsorge-Fehlendes-Wissen-erschwert-mehr-Selbstverantwortung_MQ.jpg\",\"contentUrl\":\"https:\/\/www.m-q.ch\/wp-content\/uploads\/2022\/09\/Eigene-Altersvorsorge-Fehlendes-Wissen-erschwert-mehr-Selbstverantwortung_MQ.jpg\",\"width\":680,\"height\":453,\"caption\":\"Eine Mehrheit der Schweizer Bev\u00f6lkerung glaubt nicht, im Alter gen\u00fcgend Geld aus der AHV und der 2. S\u00e4ule zu erhalten. Alternativen f\u00fcr die Altersvorsorge stossen auf Interesse. Oft fehlt aber das dazu notwendige Wissen. (Bild: Pixabay.com)\"},{\"@type\":\"BreadcrumbList\",\"@id\":\"https:\/\/www.m-q.ch\/eigene-altersvorsorge-fehlendes-wissen-erschwert-mehr-selbstverantwortung\/#breadcrumb\",\"itemListElement\":[{\"@type\":\"ListItem\",\"position\":1,\"name\":\"Business Excellence\",\"item\":\"https:\/\/www.m-q.ch\/kategorie\/business_excellence\/\"},{\"@type\":\"ListItem\",\"position\":2,\"name\":\"Eigene Altersvorsorge: Fehlendes Wissen erschwert mehr Selbstverantwortung\"}]},{\"@type\":\"WebSite\",\"@id\":\"https:\/\/www.m-q.ch\/fr\/#website\",\"url\":\"https:\/\/www.m-q.ch\/fr\/\",\"name\":\"MQ Management und Qualit\u00e4t\",\"description\":\"Plattform f\u00fcr integrierte Managementsysteme.\",\"publisher\":{\"@id\":\"https:\/\/www.m-q.ch\/fr\/#organization\"},\"potentialAction\":[{\"@type\":\"SearchAction\",\"target\":{\"@type\":\"EntryPoint\",\"urlTemplate\":\"https:\/\/www.m-q.ch\/fr\/?s={search_term_string}\"},\"query-input\":{\"@type\":\"PropertyValueSpecification\",\"valueRequired\":true,\"valueName\":\"search_term_string\"}}],\"inLanguage\":\"fr-FR\"},{\"@type\":\"Organization\",\"@id\":\"https:\/\/www.m-q.ch\/fr\/#organization\",\"name\":\"Galledia Fachmedien AG\",\"url\":\"https:\/\/www.m-q.ch\/fr\/\",\"logo\":{\"@type\":\"ImageObject\",\"inLanguage\":\"fr-FR\",\"@id\":\"https:\/\/www.m-q.ch\/fr\/#\/schema\/logo\/image\/\",\"url\":\"https:\/\/www.m-q.ch\/wp-content\/uploads\/2020\/12\/cropped-logo_small.png\",\"contentUrl\":\"https:\/\/www.m-q.ch\/wp-content\/uploads\/2020\/12\/cropped-logo_small.png\",\"width\":512,\"height\":512,\"caption\":\"Galledia Fachmedien AG\"},\"image\":{\"@id\":\"https:\/\/www.m-q.ch\/fr\/#\/schema\/logo\/image\/\"},\"sameAs\":[\"https:\/\/www.facebook.com\/ManagementUndQualitaet\",\"https:\/\/www.linkedin.com\/showcase\/17982321\/admin\/\"]},{\"@type\":\"Person\",\"@id\":\"https:\/\/www.m-q.ch\/fr\/#\/schema\/person\/a8711938b1cfb3f056dec70eaa0b42ab\",\"name\":\"Thomas Berner\",\"image\":{\"@type\":\"ImageObject\",\"inLanguage\":\"fr-FR\",\"@id\":\"https:\/\/www.m-q.ch\/fr\/#\/schema\/person\/image\/\",\"url\":\"https:\/\/secure.gravatar.com\/avatar\/faea7857408f70478f976d576da10f96?s=96&d=mm&r=g\",\"contentUrl\":\"https:\/\/secure.gravatar.com\/avatar\/faea7857408f70478f976d576da10f96?s=96&d=mm&r=g\",\"caption\":\"Thomas Berner\"},\"url\":\"https:\/\/www.m-q.ch\/fr\/author\/thomas-berner\/\"}]}<\/script>\n<!-- \/ Yoast SEO plugin. -->","yoast_head_json":{"title":"Pr\u00e9voyance vieillesse personnelle : le manque de connaissances entrave une plus grande responsabilit\u00e9 personnelle - MQ Management et Qualit\u00e9","description":"Nombreux sont ceux qui ne pensent pas recevoir suffisamment d'argent de l'AVS et du 2e pilier \u00e0 la retraite. L'int\u00e9r\u00eat pour la pr\u00e9voyance vieillesse individuelle augmente.","robots":{"index":"index","follow":"follow","max-snippet":"max-snippet:-1","max-image-preview":"max-image-preview:large","max-video-preview":"max-video-preview:-1"},"canonical":"https:\/\/www.m-q.ch\/fr\/prevoyance-vieillesse-personnelle-le-manque-de-connaissances-rend-difficile-une-plus-grande-responsabilite-personnelle\/","og_locale":"fr_FR","og_type":"article","og_title":"Eigene Altersvorsorge: Fehlendes Wissen erschwert mehr Selbstverantwortung","og_description":"Viele glauben nicht, im Alter gen\u00fcgend Geld aus der AHV und der 2. S\u00e4ule zu erhalten. Das Interesse an individueller Altersvorsorge steigt.","og_url":"https:\/\/www.m-q.ch\/fr\/prevoyance-vieillesse-personnelle-le-manque-de-connaissances-rend-difficile-une-plus-grande-responsabilite-personnelle\/","og_site_name":"MQ Management und Qualit\u00e4t","article_publisher":"https:\/\/www.facebook.com\/ManagementUndQualitaet","article_published_time":"2022-09-08T07:02:07+00:00","og_image":[{"width":680,"height":453,"url":"https:\/\/www.m-q.ch\/wp-content\/uploads\/2022\/09\/Eigene-Altersvorsorge-Fehlendes-Wissen-erschwert-mehr-Selbstverantwortung_MQ.jpg","type":"image\/jpeg"}],"author":"Thomas Berner","twitter_card":"summary_large_image","twitter_title":"Eigene #Altersvorsorge: Fehlendes Wissen erschwert mehr #Selbstverantwortung","twitter_description":"Viele glauben nicht, im Alter gen\u00fcgend Geld aus der #AHV und der 2. S\u00e4ule zu erhalten. Das Interesse an individueller #Altersvorsorge steigt.","twitter_image":"https:\/\/www.m-q.ch\/wp-content\/uploads\/2022\/09\/Eigene-Altersvorsorge-Fehlendes-Wissen-erschwert-mehr-Selbstverantwortung_MQ.jpg","twitter_misc":{"\u00c9crit par":"Thomas Berner","Dur\u00e9e de lecture estim\u00e9e":"4 minutes"},"schema":{"@context":"https:\/\/schema.org","@graph":[{"@type":"Article","@id":"https:\/\/www.m-q.ch\/eigene-altersvorsorge-fehlendes-wissen-erschwert-mehr-selbstverantwortung\/#article","isPartOf":{"@id":"https:\/\/www.m-q.ch\/eigene-altersvorsorge-fehlendes-wissen-erschwert-mehr-selbstverantwortung\/"},"author":{"name":"Thomas Berner","@id":"https:\/\/www.m-q.ch\/fr\/#\/schema\/person\/a8711938b1cfb3f056dec70eaa0b42ab"},"headline":"Eigene Altersvorsorge: Fehlendes Wissen erschwert mehr Selbstverantwortung","datePublished":"2022-09-08T07:02:07+00:00","mainEntityOfPage":{"@id":"https:\/\/www.m-q.ch\/eigene-altersvorsorge-fehlendes-wissen-erschwert-mehr-selbstverantwortung\/"},"wordCount":761,"publisher":{"@id":"https:\/\/www.m-q.ch\/fr\/#organization"},"image":{"@id":"https:\/\/www.m-q.ch\/eigene-altersvorsorge-fehlendes-wissen-erschwert-mehr-selbstverantwortung\/#primaryimage"},"thumbnailUrl":"https:\/\/www.m-q.ch\/wp-content\/uploads\/2022\/09\/Eigene-Altersvorsorge-Fehlendes-Wissen-erschwert-mehr-Selbstverantwortung_MQ.jpg","keywords":["Altersvorsorge","Management und Unternehmensf\u00fchrung","Studie"],"articleSection":["Business Excellence"],"inLanguage":"fr-FR"},{"@type":"WebPage","@id":"https:\/\/www.m-q.ch\/eigene-altersvorsorge-fehlendes-wissen-erschwert-mehr-selbstverantwortung\/","url":"https:\/\/www.m-q.ch\/eigene-altersvorsorge-fehlendes-wissen-erschwert-mehr-selbstverantwortung\/","name":"Pr\u00e9voyance vieillesse personnelle : le manque de connaissances entrave une plus grande responsabilit\u00e9 personnelle - MQ Management et Qualit\u00e9","isPartOf":{"@id":"https:\/\/www.m-q.ch\/fr\/#website"},"primaryImageOfPage":{"@id":"https:\/\/www.m-q.ch\/eigene-altersvorsorge-fehlendes-wissen-erschwert-mehr-selbstverantwortung\/#primaryimage"},"image":{"@id":"https:\/\/www.m-q.ch\/eigene-altersvorsorge-fehlendes-wissen-erschwert-mehr-selbstverantwortung\/#primaryimage"},"thumbnailUrl":"https:\/\/www.m-q.ch\/wp-content\/uploads\/2022\/09\/Eigene-Altersvorsorge-Fehlendes-Wissen-erschwert-mehr-Selbstverantwortung_MQ.jpg","datePublished":"2022-09-08T07:02:07+00:00","description":"Nombreux sont ceux qui ne pensent pas recevoir suffisamment d'argent de l'AVS et du 2e pilier \u00e0 la retraite. L'int\u00e9r\u00eat pour la pr\u00e9voyance vieillesse individuelle augmente.","breadcrumb":{"@id":"https:\/\/www.m-q.ch\/eigene-altersvorsorge-fehlendes-wissen-erschwert-mehr-selbstverantwortung\/#breadcrumb"},"inLanguage":"fr-FR","potentialAction":[{"@type":"ReadAction","target":["https:\/\/www.m-q.ch\/eigene-altersvorsorge-fehlendes-wissen-erschwert-mehr-selbstverantwortung\/"]}]},{"@type":"ImageObject","inLanguage":"fr-FR","@id":"https:\/\/www.m-q.ch\/eigene-altersvorsorge-fehlendes-wissen-erschwert-mehr-selbstverantwortung\/#primaryimage","url":"https:\/\/www.m-q.ch\/wp-content\/uploads\/2022\/09\/Eigene-Altersvorsorge-Fehlendes-Wissen-erschwert-mehr-Selbstverantwortung_MQ.jpg","contentUrl":"https:\/\/www.m-q.ch\/wp-content\/uploads\/2022\/09\/Eigene-Altersvorsorge-Fehlendes-Wissen-erschwert-mehr-Selbstverantwortung_MQ.jpg","width":680,"height":453,"caption":"Eine Mehrheit der Schweizer Bev\u00f6lkerung glaubt nicht, im Alter gen\u00fcgend Geld aus der AHV und der 2. S\u00e4ule zu erhalten. Alternativen f\u00fcr die Altersvorsorge stossen auf Interesse. Oft fehlt aber das dazu notwendige Wissen. (Bild: Pixabay.com)"},{"@type":"BreadcrumbList","@id":"https:\/\/www.m-q.ch\/eigene-altersvorsorge-fehlendes-wissen-erschwert-mehr-selbstverantwortung\/#breadcrumb","itemListElement":[{"@type":"ListItem","position":1,"name":"Business Excellence","item":"https:\/\/www.m-q.ch\/kategorie\/business_excellence\/"},{"@type":"ListItem","position":2,"name":"Eigene Altersvorsorge: Fehlendes Wissen erschwert mehr Selbstverantwortung"}]},{"@type":"WebSite","@id":"https:\/\/www.m-q.ch\/fr\/#website","url":"https:\/\/www.m-q.ch\/fr\/","name":"Gestion et qualit\u00e9 du QM","description":"Plate-forme pour les syst\u00e8mes de gestion int\u00e9gr\u00e9e.","publisher":{"@id":"https:\/\/www.m-q.ch\/fr\/#organization"},"potentialAction":[{"@type":"SearchAction","target":{"@type":"EntryPoint","urlTemplate":"https:\/\/www.m-q.ch\/fr\/?s={search_term_string}"},"query-input":{"@type":"PropertyValueSpecification","valueRequired":true,"valueName":"search_term_string"}}],"inLanguage":"fr-FR"},{"@type":"Organization","@id":"https:\/\/www.m-q.ch\/fr\/#organization","name":"Galledia Trade Media AG","url":"https:\/\/www.m-q.ch\/fr\/","logo":{"@type":"ImageObject","inLanguage":"fr-FR","@id":"https:\/\/www.m-q.ch\/fr\/#\/schema\/logo\/image\/","url":"https:\/\/www.m-q.ch\/wp-content\/uploads\/2020\/12\/cropped-logo_small.png","contentUrl":"https:\/\/www.m-q.ch\/wp-content\/uploads\/2020\/12\/cropped-logo_small.png","width":512,"height":512,"caption":"Galledia Fachmedien AG"},"image":{"@id":"https:\/\/www.m-q.ch\/fr\/#\/schema\/logo\/image\/"},"sameAs":["https:\/\/www.facebook.com\/ManagementUndQualitaet","https:\/\/www.linkedin.com\/showcase\/17982321\/admin\/"]},{"@type":"Person","@id":"https:\/\/www.m-q.ch\/fr\/#\/schema\/person\/a8711938b1cfb3f056dec70eaa0b42ab","name":"Thomas Berner","image":{"@type":"ImageObject","inLanguage":"fr-FR","@id":"https:\/\/www.m-q.ch\/fr\/#\/schema\/person\/image\/","url":"https:\/\/secure.gravatar.com\/avatar\/faea7857408f70478f976d576da10f96?s=96&d=mm&r=g","contentUrl":"https:\/\/secure.gravatar.com\/avatar\/faea7857408f70478f976d576da10f96?s=96&d=mm&r=g","caption":"Thomas Berner"},"url":"https:\/\/www.m-q.ch\/fr\/author\/thomas-berner\/"}]}},"_links":{"self":[{"href":"https:\/\/www.m-q.ch\/fr\/wp-json\/wp\/v2\/posts\/16871","targetHints":{"allow":["GET"]}}],"collection":[{"href":"https:\/\/www.m-q.ch\/fr\/wp-json\/wp\/v2\/posts"}],"about":[{"href":"https:\/\/www.m-q.ch\/fr\/wp-json\/wp\/v2\/types\/post"}],"author":[{"embeddable":true,"href":"https:\/\/www.m-q.ch\/fr\/wp-json\/wp\/v2\/users\/10"}],"replies":[{"embeddable":true,"href":"https:\/\/www.m-q.ch\/fr\/wp-json\/wp\/v2\/comments?post=16871"}],"version-history":[{"count":1,"href":"https:\/\/www.m-q.ch\/fr\/wp-json\/wp\/v2\/posts\/16871\/revisions"}],"predecessor-version":[{"id":16874,"href":"https:\/\/www.m-q.ch\/fr\/wp-json\/wp\/v2\/posts\/16871\/revisions\/16874"}],"wp:featuredmedia":[{"embeddable":true,"href":"https:\/\/www.m-q.ch\/fr\/wp-json\/wp\/v2\/media\/16872"}],"wp:attachment":[{"href":"https:\/\/www.m-q.ch\/fr\/wp-json\/wp\/v2\/media?parent=16871"}],"wp:term":[{"taxonomy":"category","embeddable":true,"href":"https:\/\/www.m-q.ch\/fr\/wp-json\/wp\/v2\/categories?post=16871"},{"taxonomy":"post_tag","embeddable":true,"href":"https:\/\/www.m-q.ch\/fr\/wp-json\/wp\/v2\/tags?post=16871"}],"curies":[{"name":"wp","href":"https:\/\/api.w.org\/{rel}","templated":true}]}}