{"id":16879,"date":"2022-09-13T03:15:45","date_gmt":"2022-09-13T01:15:45","guid":{"rendered":"https:\/\/www.m-q.ch\/?p=16879"},"modified":"2022-09-30T07:54:00","modified_gmt":"2022-09-30T05:54:00","slug":"diversite-et-inclusion-un-avantage-concurrentiel-pour-les-entreprises","status":"publish","type":"post","link":"https:\/\/www.m-q.ch\/fr\/diversity-und-inklusion-wettbewerbsvorteil-fuer-firmen\/","title":{"rendered":"Diversit\u00e9 et inclusion : un avantage concurrentiel pour les entreprises ?"},"content":{"rendered":"<figure id=\"attachment_16880\" aria-describedby=\"caption-attachment-16880\" style=\"width: 680px\" class=\"wp-caption alignnone\"><img loading=\"lazy\" decoding=\"async\" class=\"size-full wp-image-16880\" src=\"https:\/\/www.m-q.ch\/wp-content\/uploads\/2022\/09\/Diversity-und-Inklusion-Wettbewerbsvorteil-fuer-Firmen_MQ.jpg\" alt=\"\" width=\"680\" height=\"453\" srcset=\"https:\/\/www.m-q.ch\/wp-content\/uploads\/2022\/09\/Diversity-und-Inklusion-Wettbewerbsvorteil-fuer-Firmen_MQ.jpg 680w, https:\/\/www.m-q.ch\/wp-content\/uploads\/2022\/09\/Diversity-und-Inklusion-Wettbewerbsvorteil-fuer-Firmen_MQ-18x12.jpg 18w, https:\/\/www.m-q.ch\/wp-content\/uploads\/2022\/09\/Diversity-und-Inklusion-Wettbewerbsvorteil-fuer-Firmen_MQ-263x175.jpg 263w, https:\/\/www.m-q.ch\/wp-content\/uploads\/2022\/09\/Diversity-und-Inklusion-Wettbewerbsvorteil-fuer-Firmen_MQ-525x350.jpg 525w, https:\/\/www.m-q.ch\/wp-content\/uploads\/2022\/09\/Diversity-und-Inklusion-Wettbewerbsvorteil-fuer-Firmen_MQ-300x200.jpg 300w\" sizes=\"auto, (max-width: 680px) 100vw, 680px\" \/><figcaption id=\"caption-attachment-16880\" class=\"wp-caption-text\">Les responsables de l'\u00e9tude Simone M\u00fcller-Staubli, Helena Trachsel, Sonja Michel, Daniela Frau, Christian M\u00fcller. (Image : Sandra Blaser)<\/figcaption><\/figure>\n<p>L'\u00e9tude \"Diversity &amp; Inclusion as a competitive advantage\" traite du lien entre la diversit\u00e9, l'inclusion et la comp\u00e9titivit\u00e9 des entreprises. L'objectif des \u00e9valuateurs \u00e9tait de v\u00e9rifier l'hypoth\u00e8se suivante : Les entreprises qui mettent en \u0153uvre une strat\u00e9gie de diversit\u00e9 et d'inclusion sont plus r\u00e9silientes et plus performantes \u00e0 long terme que les entreprises qui ne poursuivent pas une telle strat\u00e9gie.<\/p>\n<h3><strong>L'engagement social a des cons\u00e9quences positives<\/strong><\/h3>\n<p>\u00c0 l'aide de diverses questions de recherche, la ZHAW a examin\u00e9 la litt\u00e9rature existante ainsi que les donn\u00e9es empiriques et a \u00e9galement abord\u00e9 les perspectives \u00e9conomiques, manag\u00e9riales et politiques. Les r\u00e9sultats de l'expertise confirment que la gestion strat\u00e9gique de la diversit\u00e9 et de l'inclusion augmente l'avantage concurrentiel des entreprises, car elle permet d'accro\u00eetre leur cr\u00e9ativit\u00e9, leur innovation et l'attractivit\u00e9 de leur marque, et de r\u00e9duire la p\u00e9nurie de main-d'\u0153uvre qualifi\u00e9e.<\/p>\n<p>L'un des experts est le directeur du Centre pour le droit de la concurrence et la conformit\u00e9 \u00e0 la Haute \u00e9cole des sciences appliqu\u00e9es de Zurich (ZHAW), Patrick Krauskopf : \"L'expertise montre scientifiquement comment la diversit\u00e9 et l'inclusion influencent positivement la comp\u00e9titivit\u00e9 des entreprises et cr\u00e9e ainsi un lien important entre l'engagement social et le d\u00e9veloppement \u00e9conomique.<\/p>\n<h3><strong>L'expertise simplifie la mise en \u0153uvre dans la pratique<\/strong><\/h3>\n<p>Mais pourquoi une expertise scientifique est-elle n\u00e9cessaire pour faire progresser l'engagement social en faveur de l'\u00e9galit\u00e9 ? \"Dans l'\u00e9tude, nous cr\u00e9ons une base solide qui aide \u00e0 permettre une \u00e9volution vers plus de diversit\u00e9 et d'inclusion dans la pratique\", explique Simone M\u00fcller-Staubli, initiatrice de Swiss Diversity.<\/p>\n<p>Swiss Diversity et la ZHAW sont soutenues par le service de l'\u00e9galit\u00e9 du canton de Zurich ainsi que par BKW SA, l'entreprise d'\u00e9nergie et d'infrastructure dont le si\u00e8ge est \u00e0 Berne. Sonja Michel, Business Transformation chez FMB, explique l'engagement de FMB par le fait qu'une \u00e9norme diversit\u00e9 de personnalit\u00e9s, de cultures et d'exp\u00e9riences se c\u00f4toient dans cette entreprise active au niveau international : \"Nous soutenons l'\u00e9tude dans le but de permettre au plus grand nombre de personnes possible de travailler dans des cultures d'entreprise inclusives et respectueuses des chances. Car d'une part, l'\u00e9tude favorise dans notre entreprise la compr\u00e9hension des liens entre diversit\u00e9 et succ\u00e8s \u00e9conomique. D'autre part, elle permet \u00e0 d'autres entreprises suisses d'obtenir de pr\u00e9cieuses recommandations d'action pour leur gestion strat\u00e9gique de la diversit\u00e9\".<\/p>\n<h3><strong>Inspiration pour les entreprises suisses en mati\u00e8re de diversit\u00e9 et d'inclusion<\/strong><\/h3>\n<p>Les r\u00e9sultats doivent inspirer les entreprises suisses \u00e0 s'engager pour une culture d'entreprise diversifi\u00e9e et inclusive. Dans ce contexte, il est indispensable de traiter la diversit\u00e9 et l'inclusion au plus haut niveau, souligne Patrick Krauskopf : \"Il faut une gestion strat\u00e9gique de la diversit\u00e9 et de l'inclusion qui soit ancr\u00e9e dans tous les domaines de l'organisation, au-del\u00e0 des d\u00e9partements RH\". Car l'entreprise profite \u00e9conomiquement d'une plus grande \u00e9galit\u00e9 des chances.<\/p>\n<p>Ce constat est central pour le bureau de l'\u00e9galit\u00e9 du canton de Zurich : \"Pour nous, la cl\u00e9 de la confirmation de la rentabilit\u00e9 de l'inclusion et de la diversit\u00e9 r\u00e9side dans la mise en \u00e9vidence des progr\u00e8s \u00e9conomiques \u00e0 l'aide de cette \u00e9tude. Nous pourrons ainsi mettre en \u0153uvre la diversit\u00e9 et l'inclusion de mani\u00e8re convaincante et plus compl\u00e8te\", explique la responsable Helena Trachsel.<\/p>\n<p><em>Source et informations compl\u00e9mentaires : <a href=\"http:\/\/www.swissdiversity.com\">www.swissdiversity.com<\/a><\/em><\/p>","protected":false},"excerpt":{"rendered":"<p>Die Studie \u00abDiversity &amp; Inclusion als Wettbewerbsvorteil\u00bb behandelt den Zusammenhang zwischen Diversit\u00e4t, Inklusion und Wettbewerbsf\u00e4higkeit von Unternehmen. Das Ziel der Gutachterinnen und Gutachter war es, folgende Hypothese zu pr\u00fcfen: Unternehmen, die Diversity und Inklusion strategisch implementieren, sind resilienter und langfristig erfolgreicher als Unternehmen, die eine solche Strategie nicht verfolgen. Gesellschaftliches Engagement hat positive Folgen Mit [&hellip;]<\/p>\n","protected":false},"author":10,"featured_media":16880,"comment_status":"closed","ping_status":"closed","sticky":false,"template":"","format":"standard","meta":{"_acf_changed":false,"footnotes":""},"categories":[5],"tags":[3328,4714,3360,5293],"class_list":["post-16879","post","type-post","status-publish","format-standard","has-post-thumbnail","hentry","category-business_excellence","tag-business-excellence","tag-diversity-and-inclusion-management","tag-management-und-unternehmensfuehrung","tag-wissenschaft-und-forschung"],"acf":[],"yoast_head":"<!-- This site is optimized with the Yoast SEO plugin v26.2 - https:\/\/yoast.com\/wordpress\/plugins\/seo\/ -->\n<title>Diversity und Inklusion: Wettbewerbsvorteil f\u00fcr Firmen? - MQ Management und Qualit\u00e4t<\/title>\n<meta name=\"description\" content=\"F\u00fchren Diversity und Inklusion zu mehr Wettbewerbsf\u00e4higkeit? Dieser Frage ging eine wissenschaftliche Studie der ZHAW nach.\" \/>\n<meta name=\"robots\" content=\"index, follow, max-snippet:-1, max-image-preview:large, max-video-preview:-1\" \/>\n<link rel=\"canonical\" href=\"https:\/\/www.m-q.ch\/fr\/diversite-et-inclusion-un-avantage-concurrentiel-pour-les-entreprises\/\" \/>\n<meta property=\"og:locale\" content=\"fr_FR\" \/>\n<meta property=\"og:type\" content=\"article\" \/>\n<meta property=\"og:title\" content=\"Diversity und Inklusion: Wettbewerbsvorteil f\u00fcr Firmen?\" \/>\n<meta property=\"og:description\" content=\"F\u00fchren Diversity und Inklusion zu mehr Wettbewerbsf\u00e4higkeit? Dieser Frage ging eine wissenschaftliche Studie der ZHAW nach.\" \/>\n<meta property=\"og:url\" content=\"https:\/\/www.m-q.ch\/fr\/diversite-et-inclusion-un-avantage-concurrentiel-pour-les-entreprises\/\" \/>\n<meta property=\"og:site_name\" content=\"MQ Management und Qualit\u00e4t\" \/>\n<meta property=\"article:publisher\" content=\"https:\/\/www.facebook.com\/ManagementUndQualitaet\" \/>\n<meta property=\"article:published_time\" content=\"2022-09-13T01:15:45+00:00\" \/>\n<meta property=\"article:modified_time\" content=\"2022-09-30T05:54:00+00:00\" \/>\n<meta property=\"og:image\" content=\"https:\/\/www.m-q.ch\/wp-content\/uploads\/2022\/09\/Diversity-und-Inklusion-Wettbewerbsvorteil-fuer-Firmen_MQ.jpg\" \/>\n\t<meta property=\"og:image:width\" content=\"680\" \/>\n\t<meta property=\"og:image:height\" content=\"453\" \/>\n\t<meta property=\"og:image:type\" content=\"image\/jpeg\" \/>\n<meta name=\"author\" content=\"Thomas Berner\" \/>\n<meta name=\"twitter:card\" content=\"summary_large_image\" \/>\n<meta name=\"twitter:title\" content=\"#Diversity und #Inklusion: #Wettbewerbsvorteil f\u00fcr Firmen?\" \/>\n<meta name=\"twitter:description\" content=\"F\u00fchren #Diversity und #Inklusion zu mehr #Wettbewerbsf\u00e4higkeit? Dieser Frage ging eine wissenschaftliche Studie der #ZHAW nach.\" \/>\n<meta name=\"twitter:image\" content=\"https:\/\/www.m-q.ch\/wp-content\/uploads\/2022\/09\/Diversity-und-Inklusion-Wettbewerbsvorteil-fuer-Firmen_MQ.jpg\" \/>\n<meta name=\"twitter:label1\" content=\"\u00c9crit par\" \/>\n\t<meta name=\"twitter:data1\" content=\"Thomas Berner\" \/>\n\t<meta name=\"twitter:label2\" content=\"Dur\u00e9e de lecture estim\u00e9e\" \/>\n\t<meta name=\"twitter:data2\" content=\"2 minutes\" \/>\n<script type=\"application\/ld+json\" class=\"yoast-schema-graph\">{\"@context\":\"https:\/\/schema.org\",\"@graph\":[{\"@type\":\"Article\",\"@id\":\"https:\/\/www.m-q.ch\/diversity-und-inklusion-wettbewerbsvorteil-fuer-firmen\/#article\",\"isPartOf\":{\"@id\":\"https:\/\/www.m-q.ch\/diversity-und-inklusion-wettbewerbsvorteil-fuer-firmen\/\"},\"author\":{\"name\":\"Thomas Berner\",\"@id\":\"https:\/\/www.m-q.ch\/fr\/#\/schema\/person\/a8711938b1cfb3f056dec70eaa0b42ab\"},\"headline\":\"Diversity und Inklusion: Wettbewerbsvorteil f\u00fcr Firmen?\",\"datePublished\":\"2022-09-13T01:15:45+00:00\",\"dateModified\":\"2022-09-30T05:54:00+00:00\",\"mainEntityOfPage\":{\"@id\":\"https:\/\/www.m-q.ch\/diversity-und-inklusion-wettbewerbsvorteil-fuer-firmen\/\"},\"wordCount\":504,\"publisher\":{\"@id\":\"https:\/\/www.m-q.ch\/fr\/#organization\"},\"image\":{\"@id\":\"https:\/\/www.m-q.ch\/diversity-und-inklusion-wettbewerbsvorteil-fuer-firmen\/#primaryimage\"},\"thumbnailUrl\":\"https:\/\/www.m-q.ch\/wp-content\/uploads\/2022\/09\/Diversity-und-Inklusion-Wettbewerbsvorteil-fuer-Firmen_MQ.jpg\",\"keywords\":[\"Business Excellence\",\"Diversity and Inclusion Management\",\"Management und Unternehmensf\u00fchrung\",\"Wissenschaft und Forschung\"],\"articleSection\":[\"Business Excellence\"],\"inLanguage\":\"fr-FR\"},{\"@type\":\"WebPage\",\"@id\":\"https:\/\/www.m-q.ch\/diversity-und-inklusion-wettbewerbsvorteil-fuer-firmen\/\",\"url\":\"https:\/\/www.m-q.ch\/diversity-und-inklusion-wettbewerbsvorteil-fuer-firmen\/\",\"name\":\"Diversity und Inklusion: Wettbewerbsvorteil f\u00fcr Firmen? - MQ Management und Qualit\u00e4t\",\"isPartOf\":{\"@id\":\"https:\/\/www.m-q.ch\/fr\/#website\"},\"primaryImageOfPage\":{\"@id\":\"https:\/\/www.m-q.ch\/diversity-und-inklusion-wettbewerbsvorteil-fuer-firmen\/#primaryimage\"},\"image\":{\"@id\":\"https:\/\/www.m-q.ch\/diversity-und-inklusion-wettbewerbsvorteil-fuer-firmen\/#primaryimage\"},\"thumbnailUrl\":\"https:\/\/www.m-q.ch\/wp-content\/uploads\/2022\/09\/Diversity-und-Inklusion-Wettbewerbsvorteil-fuer-Firmen_MQ.jpg\",\"datePublished\":\"2022-09-13T01:15:45+00:00\",\"dateModified\":\"2022-09-30T05:54:00+00:00\",\"description\":\"F\u00fchren Diversity und Inklusion zu mehr Wettbewerbsf\u00e4higkeit? Dieser Frage ging eine wissenschaftliche Studie der ZHAW nach.\",\"breadcrumb\":{\"@id\":\"https:\/\/www.m-q.ch\/diversity-und-inklusion-wettbewerbsvorteil-fuer-firmen\/#breadcrumb\"},\"inLanguage\":\"fr-FR\",\"potentialAction\":[{\"@type\":\"ReadAction\",\"target\":[\"https:\/\/www.m-q.ch\/diversity-und-inklusion-wettbewerbsvorteil-fuer-firmen\/\"]}]},{\"@type\":\"ImageObject\",\"inLanguage\":\"fr-FR\",\"@id\":\"https:\/\/www.m-q.ch\/diversity-und-inklusion-wettbewerbsvorteil-fuer-firmen\/#primaryimage\",\"url\":\"https:\/\/www.m-q.ch\/wp-content\/uploads\/2022\/09\/Diversity-und-Inklusion-Wettbewerbsvorteil-fuer-Firmen_MQ.jpg\",\"contentUrl\":\"https:\/\/www.m-q.ch\/wp-content\/uploads\/2022\/09\/Diversity-und-Inklusion-Wettbewerbsvorteil-fuer-Firmen_MQ.jpg\",\"width\":680,\"height\":453,\"caption\":\"Studien-Verantwortliche Simone Mu\u0308ller-Staubli, Helena Trachsel, Sonja Michel, Daniela Frau, Christian Mu\u0308ller. (Bild: Sandra Blaser)\"},{\"@type\":\"BreadcrumbList\",\"@id\":\"https:\/\/www.m-q.ch\/diversity-und-inklusion-wettbewerbsvorteil-fuer-firmen\/#breadcrumb\",\"itemListElement\":[{\"@type\":\"ListItem\",\"position\":1,\"name\":\"Business Excellence\",\"item\":\"https:\/\/www.m-q.ch\/kategorie\/business_excellence\/\"},{\"@type\":\"ListItem\",\"position\":2,\"name\":\"Diversity und Inklusion: Wettbewerbsvorteil f\u00fcr Firmen?\"}]},{\"@type\":\"WebSite\",\"@id\":\"https:\/\/www.m-q.ch\/fr\/#website\",\"url\":\"https:\/\/www.m-q.ch\/fr\/\",\"name\":\"MQ Management und Qualit\u00e4t\",\"description\":\"Plattform f\u00fcr integrierte Managementsysteme.\",\"publisher\":{\"@id\":\"https:\/\/www.m-q.ch\/fr\/#organization\"},\"potentialAction\":[{\"@type\":\"SearchAction\",\"target\":{\"@type\":\"EntryPoint\",\"urlTemplate\":\"https:\/\/www.m-q.ch\/fr\/?s={search_term_string}\"},\"query-input\":{\"@type\":\"PropertyValueSpecification\",\"valueRequired\":true,\"valueName\":\"search_term_string\"}}],\"inLanguage\":\"fr-FR\"},{\"@type\":\"Organization\",\"@id\":\"https:\/\/www.m-q.ch\/fr\/#organization\",\"name\":\"Galledia Fachmedien AG\",\"url\":\"https:\/\/www.m-q.ch\/fr\/\",\"logo\":{\"@type\":\"ImageObject\",\"inLanguage\":\"fr-FR\",\"@id\":\"https:\/\/www.m-q.ch\/fr\/#\/schema\/logo\/image\/\",\"url\":\"https:\/\/www.m-q.ch\/wp-content\/uploads\/2020\/12\/cropped-logo_small.png\",\"contentUrl\":\"https:\/\/www.m-q.ch\/wp-content\/uploads\/2020\/12\/cropped-logo_small.png\",\"width\":512,\"height\":512,\"caption\":\"Galledia Fachmedien AG\"},\"image\":{\"@id\":\"https:\/\/www.m-q.ch\/fr\/#\/schema\/logo\/image\/\"},\"sameAs\":[\"https:\/\/www.facebook.com\/ManagementUndQualitaet\",\"https:\/\/www.linkedin.com\/showcase\/17982321\/admin\/\"]},{\"@type\":\"Person\",\"@id\":\"https:\/\/www.m-q.ch\/fr\/#\/schema\/person\/a8711938b1cfb3f056dec70eaa0b42ab\",\"name\":\"Thomas Berner\",\"image\":{\"@type\":\"ImageObject\",\"inLanguage\":\"fr-FR\",\"@id\":\"https:\/\/www.m-q.ch\/fr\/#\/schema\/person\/image\/\",\"url\":\"https:\/\/secure.gravatar.com\/avatar\/faea7857408f70478f976d576da10f96?s=96&d=mm&r=g\",\"contentUrl\":\"https:\/\/secure.gravatar.com\/avatar\/faea7857408f70478f976d576da10f96?s=96&d=mm&r=g\",\"caption\":\"Thomas Berner\"},\"url\":\"https:\/\/www.m-q.ch\/fr\/author\/thomas-berner\/\"}]}<\/script>\n<!-- \/ Yoast SEO plugin. -->","yoast_head_json":{"title":"Diversit\u00e9 et inclusion : un avantage concurrentiel pour les entreprises ? - MQ Management et qualit\u00e9","description":"La diversit\u00e9 et l'inclusion m\u00e8nent-elles \u00e0 une plus grande comp\u00e9titivit\u00e9 ? C'est la question \u00e0 laquelle a tent\u00e9 de r\u00e9pondre une \u00e9tude scientifique de la ZHAW.","robots":{"index":"index","follow":"follow","max-snippet":"max-snippet:-1","max-image-preview":"max-image-preview:large","max-video-preview":"max-video-preview:-1"},"canonical":"https:\/\/www.m-q.ch\/fr\/diversite-et-inclusion-un-avantage-concurrentiel-pour-les-entreprises\/","og_locale":"fr_FR","og_type":"article","og_title":"Diversity und Inklusion: Wettbewerbsvorteil f\u00fcr Firmen?","og_description":"F\u00fchren Diversity und Inklusion zu mehr Wettbewerbsf\u00e4higkeit? Dieser Frage ging eine wissenschaftliche Studie der ZHAW nach.","og_url":"https:\/\/www.m-q.ch\/fr\/diversite-et-inclusion-un-avantage-concurrentiel-pour-les-entreprises\/","og_site_name":"MQ Management und Qualit\u00e4t","article_publisher":"https:\/\/www.facebook.com\/ManagementUndQualitaet","article_published_time":"2022-09-13T01:15:45+00:00","article_modified_time":"2022-09-30T05:54:00+00:00","og_image":[{"width":680,"height":453,"url":"https:\/\/www.m-q.ch\/wp-content\/uploads\/2022\/09\/Diversity-und-Inklusion-Wettbewerbsvorteil-fuer-Firmen_MQ.jpg","type":"image\/jpeg"}],"author":"Thomas Berner","twitter_card":"summary_large_image","twitter_title":"#Diversity und #Inklusion: #Wettbewerbsvorteil f\u00fcr Firmen?","twitter_description":"F\u00fchren #Diversity und #Inklusion zu mehr #Wettbewerbsf\u00e4higkeit? Dieser Frage ging eine wissenschaftliche Studie der #ZHAW nach.","twitter_image":"https:\/\/www.m-q.ch\/wp-content\/uploads\/2022\/09\/Diversity-und-Inklusion-Wettbewerbsvorteil-fuer-Firmen_MQ.jpg","twitter_misc":{"\u00c9crit par":"Thomas Berner","Dur\u00e9e de lecture estim\u00e9e":"2 minutes"},"schema":{"@context":"https:\/\/schema.org","@graph":[{"@type":"Article","@id":"https:\/\/www.m-q.ch\/diversity-und-inklusion-wettbewerbsvorteil-fuer-firmen\/#article","isPartOf":{"@id":"https:\/\/www.m-q.ch\/diversity-und-inklusion-wettbewerbsvorteil-fuer-firmen\/"},"author":{"name":"Thomas Berner","@id":"https:\/\/www.m-q.ch\/fr\/#\/schema\/person\/a8711938b1cfb3f056dec70eaa0b42ab"},"headline":"Diversity und Inklusion: Wettbewerbsvorteil f\u00fcr Firmen?","datePublished":"2022-09-13T01:15:45+00:00","dateModified":"2022-09-30T05:54:00+00:00","mainEntityOfPage":{"@id":"https:\/\/www.m-q.ch\/diversity-und-inklusion-wettbewerbsvorteil-fuer-firmen\/"},"wordCount":504,"publisher":{"@id":"https:\/\/www.m-q.ch\/fr\/#organization"},"image":{"@id":"https:\/\/www.m-q.ch\/diversity-und-inklusion-wettbewerbsvorteil-fuer-firmen\/#primaryimage"},"thumbnailUrl":"https:\/\/www.m-q.ch\/wp-content\/uploads\/2022\/09\/Diversity-und-Inklusion-Wettbewerbsvorteil-fuer-Firmen_MQ.jpg","keywords":["Business Excellence","Diversity and Inclusion Management","Management und Unternehmensf\u00fchrung","Wissenschaft und Forschung"],"articleSection":["Business Excellence"],"inLanguage":"fr-FR"},{"@type":"WebPage","@id":"https:\/\/www.m-q.ch\/diversity-und-inklusion-wettbewerbsvorteil-fuer-firmen\/","url":"https:\/\/www.m-q.ch\/diversity-und-inklusion-wettbewerbsvorteil-fuer-firmen\/","name":"Diversit\u00e9 et inclusion : un avantage concurrentiel pour les entreprises ? - MQ Management et qualit\u00e9","isPartOf":{"@id":"https:\/\/www.m-q.ch\/fr\/#website"},"primaryImageOfPage":{"@id":"https:\/\/www.m-q.ch\/diversity-und-inklusion-wettbewerbsvorteil-fuer-firmen\/#primaryimage"},"image":{"@id":"https:\/\/www.m-q.ch\/diversity-und-inklusion-wettbewerbsvorteil-fuer-firmen\/#primaryimage"},"thumbnailUrl":"https:\/\/www.m-q.ch\/wp-content\/uploads\/2022\/09\/Diversity-und-Inklusion-Wettbewerbsvorteil-fuer-Firmen_MQ.jpg","datePublished":"2022-09-13T01:15:45+00:00","dateModified":"2022-09-30T05:54:00+00:00","description":"La diversit\u00e9 et l'inclusion m\u00e8nent-elles \u00e0 une plus grande comp\u00e9titivit\u00e9 ? C'est la question \u00e0 laquelle a tent\u00e9 de r\u00e9pondre une \u00e9tude scientifique de la ZHAW.","breadcrumb":{"@id":"https:\/\/www.m-q.ch\/diversity-und-inklusion-wettbewerbsvorteil-fuer-firmen\/#breadcrumb"},"inLanguage":"fr-FR","potentialAction":[{"@type":"ReadAction","target":["https:\/\/www.m-q.ch\/diversity-und-inklusion-wettbewerbsvorteil-fuer-firmen\/"]}]},{"@type":"ImageObject","inLanguage":"fr-FR","@id":"https:\/\/www.m-q.ch\/diversity-und-inklusion-wettbewerbsvorteil-fuer-firmen\/#primaryimage","url":"https:\/\/www.m-q.ch\/wp-content\/uploads\/2022\/09\/Diversity-und-Inklusion-Wettbewerbsvorteil-fuer-Firmen_MQ.jpg","contentUrl":"https:\/\/www.m-q.ch\/wp-content\/uploads\/2022\/09\/Diversity-und-Inklusion-Wettbewerbsvorteil-fuer-Firmen_MQ.jpg","width":680,"height":453,"caption":"Studien-Verantwortliche Simone Mu\u0308ller-Staubli, Helena Trachsel, Sonja Michel, Daniela Frau, Christian Mu\u0308ller. (Bild: Sandra Blaser)"},{"@type":"BreadcrumbList","@id":"https:\/\/www.m-q.ch\/diversity-und-inklusion-wettbewerbsvorteil-fuer-firmen\/#breadcrumb","itemListElement":[{"@type":"ListItem","position":1,"name":"Business Excellence","item":"https:\/\/www.m-q.ch\/kategorie\/business_excellence\/"},{"@type":"ListItem","position":2,"name":"Diversity und Inklusion: Wettbewerbsvorteil f\u00fcr Firmen?"}]},{"@type":"WebSite","@id":"https:\/\/www.m-q.ch\/fr\/#website","url":"https:\/\/www.m-q.ch\/fr\/","name":"Gestion et qualit\u00e9 du QM","description":"Plate-forme pour les syst\u00e8mes de gestion int\u00e9gr\u00e9e.","publisher":{"@id":"https:\/\/www.m-q.ch\/fr\/#organization"},"potentialAction":[{"@type":"SearchAction","target":{"@type":"EntryPoint","urlTemplate":"https:\/\/www.m-q.ch\/fr\/?s={search_term_string}"},"query-input":{"@type":"PropertyValueSpecification","valueRequired":true,"valueName":"search_term_string"}}],"inLanguage":"fr-FR"},{"@type":"Organization","@id":"https:\/\/www.m-q.ch\/fr\/#organization","name":"Galledia Trade Media AG","url":"https:\/\/www.m-q.ch\/fr\/","logo":{"@type":"ImageObject","inLanguage":"fr-FR","@id":"https:\/\/www.m-q.ch\/fr\/#\/schema\/logo\/image\/","url":"https:\/\/www.m-q.ch\/wp-content\/uploads\/2020\/12\/cropped-logo_small.png","contentUrl":"https:\/\/www.m-q.ch\/wp-content\/uploads\/2020\/12\/cropped-logo_small.png","width":512,"height":512,"caption":"Galledia Fachmedien AG"},"image":{"@id":"https:\/\/www.m-q.ch\/fr\/#\/schema\/logo\/image\/"},"sameAs":["https:\/\/www.facebook.com\/ManagementUndQualitaet","https:\/\/www.linkedin.com\/showcase\/17982321\/admin\/"]},{"@type":"Person","@id":"https:\/\/www.m-q.ch\/fr\/#\/schema\/person\/a8711938b1cfb3f056dec70eaa0b42ab","name":"Thomas Berner","image":{"@type":"ImageObject","inLanguage":"fr-FR","@id":"https:\/\/www.m-q.ch\/fr\/#\/schema\/person\/image\/","url":"https:\/\/secure.gravatar.com\/avatar\/faea7857408f70478f976d576da10f96?s=96&d=mm&r=g","contentUrl":"https:\/\/secure.gravatar.com\/avatar\/faea7857408f70478f976d576da10f96?s=96&d=mm&r=g","caption":"Thomas Berner"},"url":"https:\/\/www.m-q.ch\/fr\/author\/thomas-berner\/"}]}},"_links":{"self":[{"href":"https:\/\/www.m-q.ch\/fr\/wp-json\/wp\/v2\/posts\/16879","targetHints":{"allow":["GET"]}}],"collection":[{"href":"https:\/\/www.m-q.ch\/fr\/wp-json\/wp\/v2\/posts"}],"about":[{"href":"https:\/\/www.m-q.ch\/fr\/wp-json\/wp\/v2\/types\/post"}],"author":[{"embeddable":true,"href":"https:\/\/www.m-q.ch\/fr\/wp-json\/wp\/v2\/users\/10"}],"replies":[{"embeddable":true,"href":"https:\/\/www.m-q.ch\/fr\/wp-json\/wp\/v2\/comments?post=16879"}],"version-history":[{"count":1,"href":"https:\/\/www.m-q.ch\/fr\/wp-json\/wp\/v2\/posts\/16879\/revisions"}],"predecessor-version":[{"id":16881,"href":"https:\/\/www.m-q.ch\/fr\/wp-json\/wp\/v2\/posts\/16879\/revisions\/16881"}],"wp:featuredmedia":[{"embeddable":true,"href":"https:\/\/www.m-q.ch\/fr\/wp-json\/wp\/v2\/media\/16880"}],"wp:attachment":[{"href":"https:\/\/www.m-q.ch\/fr\/wp-json\/wp\/v2\/media?parent=16879"}],"wp:term":[{"taxonomy":"category","embeddable":true,"href":"https:\/\/www.m-q.ch\/fr\/wp-json\/wp\/v2\/categories?post=16879"},{"taxonomy":"post_tag","embeddable":true,"href":"https:\/\/www.m-q.ch\/fr\/wp-json\/wp\/v2\/tags?post=16879"}],"curies":[{"name":"wp","href":"https:\/\/api.w.org\/{rel}","templated":true}]}}