{"id":16883,"date":"2022-09-13T09:31:59","date_gmt":"2022-09-13T07:31:59","guid":{"rendered":"https:\/\/www.m-q.ch\/?p=16883"},"modified":"2022-09-13T09:31:59","modified_gmt":"2022-09-13T07:31:59","slug":"swiss-digital-initiative-sdi-a-une-nouvelle-direction","status":"publish","type":"post","link":"https:\/\/www.m-q.ch\/fr\/swiss-digital-initiative-sdi-mit-neuer-geschaeftsfuehrung\/","title":{"rendered":"Nouvelle direction pour la Swiss Digital Initiative (SDI)"},"content":{"rendered":"<figure id=\"attachment_16884\" aria-describedby=\"caption-attachment-16884\" style=\"width: 680px\" class=\"wp-caption alignnone\"><img loading=\"lazy\" decoding=\"async\" class=\"size-full wp-image-16884\" src=\"https:\/\/www.m-q.ch\/wp-content\/uploads\/2022\/09\/Swiss-Digital-Initiative-SDI-mit-neuer-Geschaeftsfuehrung_MQ.jpg\" alt=\"\" width=\"680\" height=\"386\" srcset=\"https:\/\/www.m-q.ch\/wp-content\/uploads\/2022\/09\/Swiss-Digital-Initiative-SDI-mit-neuer-Geschaeftsfuehrung_MQ.jpg 680w, https:\/\/www.m-q.ch\/wp-content\/uploads\/2022\/09\/Swiss-Digital-Initiative-SDI-mit-neuer-Geschaeftsfuehrung_MQ-18x10.jpg 18w, https:\/\/www.m-q.ch\/wp-content\/uploads\/2022\/09\/Swiss-Digital-Initiative-SDI-mit-neuer-Geschaeftsfuehrung_MQ-308x175.jpg 308w, https:\/\/www.m-q.ch\/wp-content\/uploads\/2022\/09\/Swiss-Digital-Initiative-SDI-mit-neuer-Geschaeftsfuehrung_MQ-617x350.jpg 617w, https:\/\/www.m-q.ch\/wp-content\/uploads\/2022\/09\/Swiss-Digital-Initiative-SDI-mit-neuer-Geschaeftsfuehrung_MQ-300x170.jpg 300w\" sizes=\"auto, (max-width: 680px) 100vw, 680px\" \/><figcaption id=\"caption-attachment-16884\" class=\"wp-caption-text\">Niniane Paeffgen s'en va, Fathi Derder arrive : la Swiss Digital Initiative (SDI) a un nouveau directeur. (Images : Swiss Digital Initiative)<\/figcaption><\/figure>\n<p>La Swiss Digital Initiative (SDI) est une fondation ind\u00e9pendante \u00e0 but non lucratif bas\u00e9e \u00e0 Gen\u00e8ve, cr\u00e9\u00e9e en 2020 par digitalswitzerland et plac\u00e9e sous le patronage du conseiller f\u00e9d\u00e9ral Ueli Maurer. L'initiative a vu le jour en 2019 \u00e0 la suite du premier \"Swiss Global Digital Summit\" consacr\u00e9 \u00e0 l'\u00e9thique et \u00e0 la loyaut\u00e9 \u00e0 l'\u00e8re num\u00e9rique. La SDI poursuit des projets concrets dans le but de garantir des normes \u00e9thiques et de promouvoir un comportement responsable dans le monde num\u00e9rique. Elle r\u00e9unit la science, la politique, la soci\u00e9t\u00e9 civile et l'\u00e9conomie afin de trouver des solutions qui renforcent la confiance dans les technologies num\u00e9riques et les acteurs du changement num\u00e9rique.<\/p>\n<h3>Projet phare \"Label de confiance num\u00e9rique<\/h3>\n<p>Jusqu'\u00e0 pr\u00e9sent, la Swiss Digital Initiative \u00e9tait dirig\u00e9e par Niniane Paeffgen. Apr\u00e8s trois ans depuis la cr\u00e9ation de la fondation, une p\u00e9riode de mise en place et de direction, l'actuelle directrice quittera la fondation en novembre 2022. Elle prendra un cong\u00e9 sabbatique pour se consacrer ensuite \u00e0 de nouvelles t\u00e2ches. Le point culminant de son mandat a \u00e9t\u00e9 le \" label de responsabilit\u00e9 num\u00e9rique \", lanc\u00e9 dans le cadre du World Economic Forum (WEF) en tant que premier label au monde.<a href=\"https:\/\/www.m-q.ch\/fr\/linitiative-swiss-digital-contient-le-label-digital-trust\/\">Label de confiance num\u00e9rique<\/a>\". Ce projet phare vise \u00e0 sensibiliser \u00e0 la gestion des donn\u00e9es num\u00e9riques, de la sph\u00e8re priv\u00e9e et de l'intelligence artificielle et \u00e0 la diffuser dans le monde depuis Gen\u00e8ve. Avec le projet \"Ethique de l'intelligence artificielle\" et \"Corporate Digital Responsibility in Practice\", d'autres projets concrets ont \u00e9t\u00e9 d\u00e9velopp\u00e9s et mis en \u0153uvre avec des partenaires renomm\u00e9s tels que HEAD Gen\u00e8ve et IMD Lausanne. Doris Leuthard, pr\u00e9sidente de la Swiss Digital Initiative et ancienne conseill\u00e8re f\u00e9d\u00e9rale : \"Nous remercions chaleureusement Niniane pour son engagement sans faille et son action en faveur de la fondation, mais aussi pour le positionnement de la Suisse et de Gen\u00e8ve dans les domaines de l'\u00e9thique et de la confiance num\u00e9riques. Gr\u00e2ce \u00e0 son engagement, la fondation est parfaitement positionn\u00e9e pour l'avenir\".<\/p>\n<h3>La Swiss Digital Initiative entre dans une nouvelle phase<\/h3>\n<p>Fathi Derder sera charg\u00e9 de promouvoir le positionnement international de la SDI et du label, comme l'indique la fondation. Avec l'op\u00e9rationnalisation et l'attribution du label aux applications num\u00e9riques des vingt premiers pionniers du Digital Trust, la SDI entre dans une nouvelle phase, poursuit le communiqu\u00e9. L'accent est d\u00e9sormais mis sur le d\u00e9veloppement et la mise \u00e0 l'\u00e9chelle internationale du label Digital Trust. Un comit\u00e9 d'experts comp\u00e9tents a r\u00e9cemment \u00e9t\u00e9 recrut\u00e9 dans le cadre d'un processus de candidature ouvert. Sous sa direction, le label devrait \u00e9galement devenir un standard reconnu au niveau international pour les applications num\u00e9riques fiables.<\/p>\n<p>Fathi Derder apporte son expertise \u00e0 l'intersection de la politique, de l'\u00e9conomie et de la soci\u00e9t\u00e9. En tant que journaliste, ancien conseiller national, directeur et cofondateur de la Swiss Food &amp; Nutrition Valley, il poss\u00e8de \"la sensibilit\u00e9 politique, l'exp\u00e9rience et la motivation n\u00e9cessaires pour \u00e9crire le prochain chapitre de Swiss Digital\".<br \/>\ninitiative\", communique la fondation. La pr\u00e9sidente de la SDI, Doris Leuthard, d\u00e9clare : \"Nous sommes fiers d'avoir pu recruter en la personne de Fathi Derder une personnalit\u00e9 aussi \u00e9minente, aussi comp\u00e9tente et aussi engag\u00e9e. Cela confirme la grande importance que la SDI a d\u00e9j\u00e0 acquise apr\u00e8s quelques ann\u00e9es\".<\/p>\n<p><em>Source : <a href=\"https:\/\/www.swiss-digital-initiative.org\/\">https:\/\/www.swiss-digital-initiative.org\/<\/a><\/em><\/p>","protected":false},"excerpt":{"rendered":"<p>Die Swiss Digital Initiative (SDI) ist eine unabh\u00e4ngige, nicht gewinnorientierte Stiftung mit Sitz in Genf, die 2020 von digitalswitzerland gegr\u00fcndet wurde und unter dem Patronat von Bundesrat Ueli Maurer steht. Entstanden ist die Initiative im Jahr 2019 als Ergebnis aus dem ersten \u00abSwiss Global Digital Summit\u00bb zu Ethik und Fairness im digitalen Zeitalter. Die SDI [&hellip;]<\/p>\n","protected":false},"author":10,"featured_media":16884,"comment_status":"closed","ping_status":"closed","sticky":false,"template":"","format":"standard","meta":{"_acf_changed":false,"footnotes":""},"categories":[5],"tags":[5220,3372,3335,3359],"class_list":["post-16883","post","type-post","status-publish","format-standard","has-post-thumbnail","hentry","category-business_excellence","tag-digitale-ethik","tag-digitalisierung","tag-personalia","tag-vereineverbaendeinstitutionen"],"acf":[],"yoast_head":"<!-- This site is optimized with the Yoast SEO plugin v26.2 - https:\/\/yoast.com\/wordpress\/plugins\/seo\/ -->\n<title>Swiss Digital Initiative (SDI) mit neuer Gesch\u00e4ftsf\u00fchrung - MQ Management und Qualit\u00e4t<\/title>\n<meta name=\"description\" content=\"Gesch\u00e4ftsf\u00fchrerin Niniane Paeffgen verl\u00e4sst die Stiftung Swiss Digital Initiative per November 2022 . Ihr Nachfolger wird Fathi Derder.\" \/>\n<meta name=\"robots\" content=\"index, follow, max-snippet:-1, max-image-preview:large, max-video-preview:-1\" \/>\n<link rel=\"canonical\" href=\"https:\/\/www.m-q.ch\/fr\/swiss-digital-initiative-sdi-a-une-nouvelle-direction\/\" \/>\n<meta property=\"og:locale\" content=\"fr_FR\" \/>\n<meta property=\"og:type\" content=\"article\" \/>\n<meta property=\"og:title\" content=\"Swiss Digital Initiative (SDI) mit neuer Gesch\u00e4ftsf\u00fchrung\" \/>\n<meta property=\"og:description\" content=\"Gesch\u00e4ftsf\u00fchrerin Niniane Paeffgen verl\u00e4sst die Stiftung Swiss Digital Initiative per November 2022 . Ihr Nachfolger wird Fathi Derder.\" \/>\n<meta property=\"og:url\" content=\"https:\/\/www.m-q.ch\/fr\/swiss-digital-initiative-sdi-a-une-nouvelle-direction\/\" \/>\n<meta property=\"og:site_name\" content=\"MQ Management und Qualit\u00e4t\" \/>\n<meta property=\"article:publisher\" content=\"https:\/\/www.facebook.com\/ManagementUndQualitaet\" \/>\n<meta property=\"article:published_time\" content=\"2022-09-13T07:31:59+00:00\" \/>\n<meta property=\"og:image\" content=\"https:\/\/www.m-q.ch\/wp-content\/uploads\/2022\/09\/Swiss-Digital-Initiative-SDI-mit-neuer-Geschaeftsfuehrung_MQ.jpg\" \/>\n\t<meta property=\"og:image:width\" content=\"680\" \/>\n\t<meta property=\"og:image:height\" content=\"386\" \/>\n\t<meta property=\"og:image:type\" content=\"image\/jpeg\" \/>\n<meta name=\"author\" content=\"Thomas Berner\" \/>\n<meta name=\"twitter:card\" content=\"summary_large_image\" \/>\n<meta name=\"twitter:title\" content=\"Swiss Digital Initiative (#SDI) mit neuer #Gesch\u00e4ftsf\u00fchrung\" \/>\n<meta name=\"twitter:description\" content=\"#Gesch\u00e4ftsf\u00fchrerin Niniane #Paeffgen verl\u00e4sst die Stiftung Swiss Digital Initiative #SDI per November 2022 . Ihr Nachfolger wird Fathi #Derder.\" \/>\n<meta name=\"twitter:image\" content=\"https:\/\/www.m-q.ch\/wp-content\/uploads\/2022\/09\/Swiss-Digital-Initiative-SDI-mit-neuer-Geschaeftsfuehrung_MQ.jpg\" \/>\n<meta name=\"twitter:label1\" content=\"\u00c9crit par\" \/>\n\t<meta name=\"twitter:data1\" content=\"Thomas Berner\" \/>\n\t<meta name=\"twitter:label2\" content=\"Dur\u00e9e de lecture estim\u00e9e\" \/>\n\t<meta name=\"twitter:data2\" content=\"3 minutes\" \/>\n<script type=\"application\/ld+json\" class=\"yoast-schema-graph\">{\"@context\":\"https:\/\/schema.org\",\"@graph\":[{\"@type\":\"Article\",\"@id\":\"https:\/\/www.m-q.ch\/swiss-digital-initiative-sdi-mit-neuer-geschaeftsfuehrung\/#article\",\"isPartOf\":{\"@id\":\"https:\/\/www.m-q.ch\/swiss-digital-initiative-sdi-mit-neuer-geschaeftsfuehrung\/\"},\"author\":{\"name\":\"Thomas Berner\",\"@id\":\"https:\/\/www.m-q.ch\/fr\/#\/schema\/person\/a8711938b1cfb3f056dec70eaa0b42ab\"},\"headline\":\"Swiss Digital Initiative (SDI) mit neuer Gesch\u00e4ftsf\u00fchrung\",\"datePublished\":\"2022-09-13T07:31:59+00:00\",\"mainEntityOfPage\":{\"@id\":\"https:\/\/www.m-q.ch\/swiss-digital-initiative-sdi-mit-neuer-geschaeftsfuehrung\/\"},\"wordCount\":534,\"publisher\":{\"@id\":\"https:\/\/www.m-q.ch\/fr\/#organization\"},\"image\":{\"@id\":\"https:\/\/www.m-q.ch\/swiss-digital-initiative-sdi-mit-neuer-geschaeftsfuehrung\/#primaryimage\"},\"thumbnailUrl\":\"https:\/\/www.m-q.ch\/wp-content\/uploads\/2022\/09\/Swiss-Digital-Initiative-SDI-mit-neuer-Geschaeftsfuehrung_MQ.jpg\",\"keywords\":[\"Digitale Ethik\",\"Digitalisierung\",\"Personalia\",\"Vereine\/Verb\u00e4nde\/Institutionen\"],\"articleSection\":[\"Business Excellence\"],\"inLanguage\":\"fr-FR\"},{\"@type\":\"WebPage\",\"@id\":\"https:\/\/www.m-q.ch\/swiss-digital-initiative-sdi-mit-neuer-geschaeftsfuehrung\/\",\"url\":\"https:\/\/www.m-q.ch\/swiss-digital-initiative-sdi-mit-neuer-geschaeftsfuehrung\/\",\"name\":\"Swiss Digital Initiative (SDI) mit neuer Gesch\u00e4ftsf\u00fchrung - MQ Management und Qualit\u00e4t\",\"isPartOf\":{\"@id\":\"https:\/\/www.m-q.ch\/fr\/#website\"},\"primaryImageOfPage\":{\"@id\":\"https:\/\/www.m-q.ch\/swiss-digital-initiative-sdi-mit-neuer-geschaeftsfuehrung\/#primaryimage\"},\"image\":{\"@id\":\"https:\/\/www.m-q.ch\/swiss-digital-initiative-sdi-mit-neuer-geschaeftsfuehrung\/#primaryimage\"},\"thumbnailUrl\":\"https:\/\/www.m-q.ch\/wp-content\/uploads\/2022\/09\/Swiss-Digital-Initiative-SDI-mit-neuer-Geschaeftsfuehrung_MQ.jpg\",\"datePublished\":\"2022-09-13T07:31:59+00:00\",\"description\":\"Gesch\u00e4ftsf\u00fchrerin Niniane Paeffgen verl\u00e4sst die Stiftung Swiss Digital Initiative per November 2022 . Ihr Nachfolger wird Fathi Derder.\",\"breadcrumb\":{\"@id\":\"https:\/\/www.m-q.ch\/swiss-digital-initiative-sdi-mit-neuer-geschaeftsfuehrung\/#breadcrumb\"},\"inLanguage\":\"fr-FR\",\"potentialAction\":[{\"@type\":\"ReadAction\",\"target\":[\"https:\/\/www.m-q.ch\/swiss-digital-initiative-sdi-mit-neuer-geschaeftsfuehrung\/\"]}]},{\"@type\":\"ImageObject\",\"inLanguage\":\"fr-FR\",\"@id\":\"https:\/\/www.m-q.ch\/swiss-digital-initiative-sdi-mit-neuer-geschaeftsfuehrung\/#primaryimage\",\"url\":\"https:\/\/www.m-q.ch\/wp-content\/uploads\/2022\/09\/Swiss-Digital-Initiative-SDI-mit-neuer-Geschaeftsfuehrung_MQ.jpg\",\"contentUrl\":\"https:\/\/www.m-q.ch\/wp-content\/uploads\/2022\/09\/Swiss-Digital-Initiative-SDI-mit-neuer-Geschaeftsfuehrung_MQ.jpg\",\"width\":680,\"height\":386,\"caption\":\"Niniane Paeffgen geht, Fathi Derder kommt: Die Swiss Digital Initiative (SDI) erh\u00e4lt einen neuen Gesch\u00e4ftsf\u00fchrer. (Bilder: Swiss Digital Initiative)\"},{\"@type\":\"BreadcrumbList\",\"@id\":\"https:\/\/www.m-q.ch\/swiss-digital-initiative-sdi-mit-neuer-geschaeftsfuehrung\/#breadcrumb\",\"itemListElement\":[{\"@type\":\"ListItem\",\"position\":1,\"name\":\"Business Excellence\",\"item\":\"https:\/\/www.m-q.ch\/kategorie\/business_excellence\/\"},{\"@type\":\"ListItem\",\"position\":2,\"name\":\"Swiss Digital Initiative (SDI) mit neuer Gesch\u00e4ftsf\u00fchrung\"}]},{\"@type\":\"WebSite\",\"@id\":\"https:\/\/www.m-q.ch\/fr\/#website\",\"url\":\"https:\/\/www.m-q.ch\/fr\/\",\"name\":\"MQ Management und Qualit\u00e4t\",\"description\":\"Plattform f\u00fcr integrierte Managementsysteme.\",\"publisher\":{\"@id\":\"https:\/\/www.m-q.ch\/fr\/#organization\"},\"potentialAction\":[{\"@type\":\"SearchAction\",\"target\":{\"@type\":\"EntryPoint\",\"urlTemplate\":\"https:\/\/www.m-q.ch\/fr\/?s={search_term_string}\"},\"query-input\":{\"@type\":\"PropertyValueSpecification\",\"valueRequired\":true,\"valueName\":\"search_term_string\"}}],\"inLanguage\":\"fr-FR\"},{\"@type\":\"Organization\",\"@id\":\"https:\/\/www.m-q.ch\/fr\/#organization\",\"name\":\"Galledia Fachmedien AG\",\"url\":\"https:\/\/www.m-q.ch\/fr\/\",\"logo\":{\"@type\":\"ImageObject\",\"inLanguage\":\"fr-FR\",\"@id\":\"https:\/\/www.m-q.ch\/fr\/#\/schema\/logo\/image\/\",\"url\":\"https:\/\/www.m-q.ch\/wp-content\/uploads\/2020\/12\/cropped-logo_small.png\",\"contentUrl\":\"https:\/\/www.m-q.ch\/wp-content\/uploads\/2020\/12\/cropped-logo_small.png\",\"width\":512,\"height\":512,\"caption\":\"Galledia Fachmedien AG\"},\"image\":{\"@id\":\"https:\/\/www.m-q.ch\/fr\/#\/schema\/logo\/image\/\"},\"sameAs\":[\"https:\/\/www.facebook.com\/ManagementUndQualitaet\",\"https:\/\/www.linkedin.com\/showcase\/17982321\/admin\/\"]},{\"@type\":\"Person\",\"@id\":\"https:\/\/www.m-q.ch\/fr\/#\/schema\/person\/a8711938b1cfb3f056dec70eaa0b42ab\",\"name\":\"Thomas Berner\",\"image\":{\"@type\":\"ImageObject\",\"inLanguage\":\"fr-FR\",\"@id\":\"https:\/\/www.m-q.ch\/fr\/#\/schema\/person\/image\/\",\"url\":\"https:\/\/secure.gravatar.com\/avatar\/faea7857408f70478f976d576da10f96?s=96&d=mm&r=g\",\"contentUrl\":\"https:\/\/secure.gravatar.com\/avatar\/faea7857408f70478f976d576da10f96?s=96&d=mm&r=g\",\"caption\":\"Thomas Berner\"},\"url\":\"https:\/\/www.m-q.ch\/fr\/author\/thomas-berner\/\"}]}<\/script>\n<!-- \/ Yoast SEO plugin. -->","yoast_head_json":{"title":"La Swiss Digital Initiative (SDI) a une nouvelle direction - MQ Management et Qualit\u00e9","description":"La directrice Niniane Paeffgen quittera la fondation Swiss Digital Initiative en novembre 2022. Elle sera remplac\u00e9e par Fathi Derder.","robots":{"index":"index","follow":"follow","max-snippet":"max-snippet:-1","max-image-preview":"max-image-preview:large","max-video-preview":"max-video-preview:-1"},"canonical":"https:\/\/www.m-q.ch\/fr\/swiss-digital-initiative-sdi-a-une-nouvelle-direction\/","og_locale":"fr_FR","og_type":"article","og_title":"Swiss Digital Initiative (SDI) mit neuer Gesch\u00e4ftsf\u00fchrung","og_description":"Gesch\u00e4ftsf\u00fchrerin Niniane Paeffgen verl\u00e4sst die Stiftung Swiss Digital Initiative per November 2022 . Ihr Nachfolger wird Fathi Derder.","og_url":"https:\/\/www.m-q.ch\/fr\/swiss-digital-initiative-sdi-a-une-nouvelle-direction\/","og_site_name":"MQ Management und Qualit\u00e4t","article_publisher":"https:\/\/www.facebook.com\/ManagementUndQualitaet","article_published_time":"2022-09-13T07:31:59+00:00","og_image":[{"width":680,"height":386,"url":"https:\/\/www.m-q.ch\/wp-content\/uploads\/2022\/09\/Swiss-Digital-Initiative-SDI-mit-neuer-Geschaeftsfuehrung_MQ.jpg","type":"image\/jpeg"}],"author":"Thomas Berner","twitter_card":"summary_large_image","twitter_title":"Swiss Digital Initiative (#SDI) mit neuer #Gesch\u00e4ftsf\u00fchrung","twitter_description":"#Gesch\u00e4ftsf\u00fchrerin Niniane #Paeffgen verl\u00e4sst die Stiftung Swiss Digital Initiative #SDI per November 2022 . Ihr Nachfolger wird Fathi #Derder.","twitter_image":"https:\/\/www.m-q.ch\/wp-content\/uploads\/2022\/09\/Swiss-Digital-Initiative-SDI-mit-neuer-Geschaeftsfuehrung_MQ.jpg","twitter_misc":{"\u00c9crit par":"Thomas Berner","Dur\u00e9e de lecture estim\u00e9e":"3 minutes"},"schema":{"@context":"https:\/\/schema.org","@graph":[{"@type":"Article","@id":"https:\/\/www.m-q.ch\/swiss-digital-initiative-sdi-mit-neuer-geschaeftsfuehrung\/#article","isPartOf":{"@id":"https:\/\/www.m-q.ch\/swiss-digital-initiative-sdi-mit-neuer-geschaeftsfuehrung\/"},"author":{"name":"Thomas Berner","@id":"https:\/\/www.m-q.ch\/fr\/#\/schema\/person\/a8711938b1cfb3f056dec70eaa0b42ab"},"headline":"Swiss Digital Initiative (SDI) mit neuer Gesch\u00e4ftsf\u00fchrung","datePublished":"2022-09-13T07:31:59+00:00","mainEntityOfPage":{"@id":"https:\/\/www.m-q.ch\/swiss-digital-initiative-sdi-mit-neuer-geschaeftsfuehrung\/"},"wordCount":534,"publisher":{"@id":"https:\/\/www.m-q.ch\/fr\/#organization"},"image":{"@id":"https:\/\/www.m-q.ch\/swiss-digital-initiative-sdi-mit-neuer-geschaeftsfuehrung\/#primaryimage"},"thumbnailUrl":"https:\/\/www.m-q.ch\/wp-content\/uploads\/2022\/09\/Swiss-Digital-Initiative-SDI-mit-neuer-Geschaeftsfuehrung_MQ.jpg","keywords":["Digitale Ethik","Digitalisierung","Personalia","Vereine\/Verb\u00e4nde\/Institutionen"],"articleSection":["Business Excellence"],"inLanguage":"fr-FR"},{"@type":"WebPage","@id":"https:\/\/www.m-q.ch\/swiss-digital-initiative-sdi-mit-neuer-geschaeftsfuehrung\/","url":"https:\/\/www.m-q.ch\/swiss-digital-initiative-sdi-mit-neuer-geschaeftsfuehrung\/","name":"La Swiss Digital Initiative (SDI) a une nouvelle direction - MQ Management et Qualit\u00e9","isPartOf":{"@id":"https:\/\/www.m-q.ch\/fr\/#website"},"primaryImageOfPage":{"@id":"https:\/\/www.m-q.ch\/swiss-digital-initiative-sdi-mit-neuer-geschaeftsfuehrung\/#primaryimage"},"image":{"@id":"https:\/\/www.m-q.ch\/swiss-digital-initiative-sdi-mit-neuer-geschaeftsfuehrung\/#primaryimage"},"thumbnailUrl":"https:\/\/www.m-q.ch\/wp-content\/uploads\/2022\/09\/Swiss-Digital-Initiative-SDI-mit-neuer-Geschaeftsfuehrung_MQ.jpg","datePublished":"2022-09-13T07:31:59+00:00","description":"La directrice Niniane Paeffgen quittera la fondation Swiss Digital Initiative en novembre 2022. Elle sera remplac\u00e9e par Fathi Derder.","breadcrumb":{"@id":"https:\/\/www.m-q.ch\/swiss-digital-initiative-sdi-mit-neuer-geschaeftsfuehrung\/#breadcrumb"},"inLanguage":"fr-FR","potentialAction":[{"@type":"ReadAction","target":["https:\/\/www.m-q.ch\/swiss-digital-initiative-sdi-mit-neuer-geschaeftsfuehrung\/"]}]},{"@type":"ImageObject","inLanguage":"fr-FR","@id":"https:\/\/www.m-q.ch\/swiss-digital-initiative-sdi-mit-neuer-geschaeftsfuehrung\/#primaryimage","url":"https:\/\/www.m-q.ch\/wp-content\/uploads\/2022\/09\/Swiss-Digital-Initiative-SDI-mit-neuer-Geschaeftsfuehrung_MQ.jpg","contentUrl":"https:\/\/www.m-q.ch\/wp-content\/uploads\/2022\/09\/Swiss-Digital-Initiative-SDI-mit-neuer-Geschaeftsfuehrung_MQ.jpg","width":680,"height":386,"caption":"Niniane Paeffgen geht, Fathi Derder kommt: Die Swiss Digital Initiative (SDI) erh\u00e4lt einen neuen Gesch\u00e4ftsf\u00fchrer. (Bilder: Swiss Digital Initiative)"},{"@type":"BreadcrumbList","@id":"https:\/\/www.m-q.ch\/swiss-digital-initiative-sdi-mit-neuer-geschaeftsfuehrung\/#breadcrumb","itemListElement":[{"@type":"ListItem","position":1,"name":"Business Excellence","item":"https:\/\/www.m-q.ch\/kategorie\/business_excellence\/"},{"@type":"ListItem","position":2,"name":"Swiss Digital Initiative (SDI) mit neuer Gesch\u00e4ftsf\u00fchrung"}]},{"@type":"WebSite","@id":"https:\/\/www.m-q.ch\/fr\/#website","url":"https:\/\/www.m-q.ch\/fr\/","name":"Gestion et qualit\u00e9 du QM","description":"Plate-forme pour les syst\u00e8mes de gestion int\u00e9gr\u00e9e.","publisher":{"@id":"https:\/\/www.m-q.ch\/fr\/#organization"},"potentialAction":[{"@type":"SearchAction","target":{"@type":"EntryPoint","urlTemplate":"https:\/\/www.m-q.ch\/fr\/?s={search_term_string}"},"query-input":{"@type":"PropertyValueSpecification","valueRequired":true,"valueName":"search_term_string"}}],"inLanguage":"fr-FR"},{"@type":"Organization","@id":"https:\/\/www.m-q.ch\/fr\/#organization","name":"Galledia Trade Media AG","url":"https:\/\/www.m-q.ch\/fr\/","logo":{"@type":"ImageObject","inLanguage":"fr-FR","@id":"https:\/\/www.m-q.ch\/fr\/#\/schema\/logo\/image\/","url":"https:\/\/www.m-q.ch\/wp-content\/uploads\/2020\/12\/cropped-logo_small.png","contentUrl":"https:\/\/www.m-q.ch\/wp-content\/uploads\/2020\/12\/cropped-logo_small.png","width":512,"height":512,"caption":"Galledia Fachmedien AG"},"image":{"@id":"https:\/\/www.m-q.ch\/fr\/#\/schema\/logo\/image\/"},"sameAs":["https:\/\/www.facebook.com\/ManagementUndQualitaet","https:\/\/www.linkedin.com\/showcase\/17982321\/admin\/"]},{"@type":"Person","@id":"https:\/\/www.m-q.ch\/fr\/#\/schema\/person\/a8711938b1cfb3f056dec70eaa0b42ab","name":"Thomas Berner","image":{"@type":"ImageObject","inLanguage":"fr-FR","@id":"https:\/\/www.m-q.ch\/fr\/#\/schema\/person\/image\/","url":"https:\/\/secure.gravatar.com\/avatar\/faea7857408f70478f976d576da10f96?s=96&d=mm&r=g","contentUrl":"https:\/\/secure.gravatar.com\/avatar\/faea7857408f70478f976d576da10f96?s=96&d=mm&r=g","caption":"Thomas Berner"},"url":"https:\/\/www.m-q.ch\/fr\/author\/thomas-berner\/"}]}},"_links":{"self":[{"href":"https:\/\/www.m-q.ch\/fr\/wp-json\/wp\/v2\/posts\/16883","targetHints":{"allow":["GET"]}}],"collection":[{"href":"https:\/\/www.m-q.ch\/fr\/wp-json\/wp\/v2\/posts"}],"about":[{"href":"https:\/\/www.m-q.ch\/fr\/wp-json\/wp\/v2\/types\/post"}],"author":[{"embeddable":true,"href":"https:\/\/www.m-q.ch\/fr\/wp-json\/wp\/v2\/users\/10"}],"replies":[{"embeddable":true,"href":"https:\/\/www.m-q.ch\/fr\/wp-json\/wp\/v2\/comments?post=16883"}],"version-history":[{"count":1,"href":"https:\/\/www.m-q.ch\/fr\/wp-json\/wp\/v2\/posts\/16883\/revisions"}],"predecessor-version":[{"id":16885,"href":"https:\/\/www.m-q.ch\/fr\/wp-json\/wp\/v2\/posts\/16883\/revisions\/16885"}],"wp:featuredmedia":[{"embeddable":true,"href":"https:\/\/www.m-q.ch\/fr\/wp-json\/wp\/v2\/media\/16884"}],"wp:attachment":[{"href":"https:\/\/www.m-q.ch\/fr\/wp-json\/wp\/v2\/media?parent=16883"}],"wp:term":[{"taxonomy":"category","embeddable":true,"href":"https:\/\/www.m-q.ch\/fr\/wp-json\/wp\/v2\/categories?post=16883"},{"taxonomy":"post_tag","embeddable":true,"href":"https:\/\/www.m-q.ch\/fr\/wp-json\/wp\/v2\/tags?post=16883"}],"curies":[{"name":"wp","href":"https:\/\/api.w.org\/{rel}","templated":true}]}}