{"id":16933,"date":"2022-09-28T09:18:23","date_gmt":"2022-09-28T07:18:23","guid":{"rendered":"https:\/\/www.m-q.ch\/?p=16933"},"modified":"2022-09-28T09:18:23","modified_gmt":"2022-09-28T07:18:23","slug":"lancement-du-kit-de-demarrage-pour-la-responsabilite-numerique","status":"publish","type":"post","link":"https:\/\/www.m-q.ch\/fr\/starter-kit-fuer-digitale-verantwortung-lanciert\/","title":{"rendered":"Lancement d'un kit de d\u00e9marrage pour la responsabilit\u00e9 num\u00e9rique"},"content":{"rendered":"<figure id=\"attachment_16934\" aria-describedby=\"caption-attachment-16934\" style=\"width: 680px\" class=\"wp-caption alignnone\"><img loading=\"lazy\" decoding=\"async\" class=\"size-full wp-image-16934\" src=\"https:\/\/www.m-q.ch\/wp-content\/uploads\/2022\/09\/Starter-Kit-fuer-digitale-Verantwortung-lanciert_MQ.jpg\" alt=\"\" width=\"680\" height=\"371\" srcset=\"https:\/\/www.m-q.ch\/wp-content\/uploads\/2022\/09\/Starter-Kit-fuer-digitale-Verantwortung-lanciert_MQ.jpg 680w, https:\/\/www.m-q.ch\/wp-content\/uploads\/2022\/09\/Starter-Kit-fuer-digitale-Verantwortung-lanciert_MQ-18x10.jpg 18w, https:\/\/www.m-q.ch\/wp-content\/uploads\/2022\/09\/Starter-Kit-fuer-digitale-Verantwortung-lanciert_MQ-321x175.jpg 321w, https:\/\/www.m-q.ch\/wp-content\/uploads\/2022\/09\/Starter-Kit-fuer-digitale-Verantwortung-lanciert_MQ-642x350.jpg 642w, https:\/\/www.m-q.ch\/wp-content\/uploads\/2022\/09\/Starter-Kit-fuer-digitale-Verantwortung-lanciert_MQ-300x164.jpg 300w\" sizes=\"auto, (max-width: 680px) 100vw, 680px\" \/><figcaption id=\"caption-attachment-16934\" class=\"wp-caption-text\">En route vers une plus grande responsabilit\u00e9 num\u00e9rique : un kit de d\u00e9marrage de SDI et IMD facilite le d\u00e9marrage. (Image : SDI \/ IMD)<\/figcaption><\/figure>\n<p>Compte tenu du rythme de l'\u00e9volution technologique et de l'adoption rapide de diverses technologies num\u00e9riques \u00e0 grande \u00e9chelle, le discours sur la responsabilit\u00e9 et la r\u00e9tention num\u00e9riques a mis du temps \u00e0 rattraper son retard. Cela se refl\u00e8te \u00e9galement dans un paradigme d'innovation dominant qui favorise des cycles de d\u00e9veloppement rapides. Les aspects n\u00e9gatifs de ce paradigme sont toutefois de plus en plus \u00e9vidents : aliment\u00e9s par diff\u00e9rents scandales, les clients et les autorit\u00e9s de surveillance sont de plus en plus conscients de la situation et la confiance dans les services num\u00e9riques se perd progressivement. La responsabilit\u00e9 num\u00e9rique des entreprises pourrait ainsi passer du statut de niche \u00e0 celui d'avantage concurrentiel.<\/p>\n<h3>Responsabilit\u00e9 num\u00e9rique des entreprises : du d\u00e9fi \u00e0 l'opportunit\u00e9<\/h3>\n<p>\"Le Starter Kit a \u00e9t\u00e9 con\u00e7u comme un guide pour r\u00e9duire les obstacles que rencontrent les organisations pour aborder les questions importantes de la responsabilit\u00e9 num\u00e9rique. Dans l'esprit de la mise en pratique des principes, la plateforme sert de point d'entr\u00e9e simple pour la mise en \u0153uvre de solutions concr\u00e8tes\", explique Niniane Paeffgen, <a href=\"https:\/\/www.m-q.ch\/fr\/swiss-digital-initiative-sdi-a-une-nouvelle-direction\/\">Directrice de la Swiss Digital Initiative<\/a>.<\/p>\n<p>Avec le Corporate Digital Responsibility Starter Kit, la Swiss Digital Initiative et l'Institute for Management Development fournissent aux organisations les connaissances et les outils n\u00e9cessaires pour entamer un dialogue sur les pratiques num\u00e9riques responsables et pour cr\u00e9er des directives qui s'appliquent dans le contexte de leurs activit\u00e9s sp\u00e9cifiques.<br \/>\nstructures organisationnelles ont un sens. Cette ressource gratuite est con\u00e7ue pour s'adapter \u00e0 toutes les structures et tailles d'organisation et ne n\u00e9cessite qu'un minimum de ressources financi\u00e8res et humaines. Notre recherche condens\u00e9e et notre rapport d\u00e9taill\u00e9 permettent aux organisations de reconna\u00eetre la valeur des pratiques num\u00e9riques responsables, de trouver des solutions aux d\u00e9fis communs et, finalement, de commencer l\u00e0 o\u00f9 elles sont, avec les ressources dont elles disposent d\u00e9j\u00e0. \"Lorsqu'elle est g\u00e9r\u00e9e efficacement, la responsabilit\u00e9 num\u00e9rique peut prot\u00e9ger les organisations contre les menaces et leur permettre de se diff\u00e9rencier dans l'esprit des consommateurs. La cl\u00e9 est de se lancer\", explique le professeur Michael Wade de l'Institute for Management Development.<\/p>\n<h3>Le kit de d\u00e9marrage abaisse le seuil d'entr\u00e9e<\/h3>\n<p>Le kit de d\u00e9marrage montre que, m\u00eame si le th\u00e8me de la responsabilit\u00e9 num\u00e9rique d'entreprise peut sembler tr\u00e8s laborieux au d\u00e9part, chaque organisation peut s'y mettre. Les d\u00e9fis communs peuvent \u00eatre relev\u00e9s en apprenant de l'exp\u00e9rience d'autres organisations et les premiers pas peuvent \u00eatre faits \u00e0 tout moment, avec un nombre croissant de ressources suppl\u00e9mentaires que les organisations peuvent utiliser. \u00c9tant donn\u00e9 l'importance de la prise en charge de la responsabilit\u00e9 num\u00e9rique pour l'innovation durable, le kit de d\u00e9marrage r\u00e9duit les obstacles \u00e0 la prise en charge de la responsabilit\u00e9 num\u00e9rique par les entreprises.<\/p>\n<p><em>Cliquez ici pour acc\u00e9der au kit de d\u00e9marrage : <a href=\"https:\/\/cdr-starterkit.ch\/\">https:\/\/cdr-starterkit.ch\/<\/a><\/em><\/p>","protected":false},"excerpt":{"rendered":"<p>Angesichts des Tempos der technologischen Entwicklung und der raschen \u00dcbernahme verschiedener digitaler Technologien in grossem Massstab hat der Diskurs \u00fcber digitale Verantwortung und Nachhaltung nur langsam aufgeholt. Dies spiegelt sich auch in einem vorherrschenden Innovationsparadigma wider, das schnelle Entwicklungszyklen f\u00f6rdert. Die negativen Seiten dieses Paradigmas werden jedoch immer deutlicher: Angeheizt durch verschiedene Skandale w\u00e4chst das [&hellip;]<\/p>\n","protected":false},"author":10,"featured_media":16934,"comment_status":"closed","ping_status":"closed","sticky":false,"template":"","format":"standard","meta":{"_acf_changed":false,"footnotes":""},"categories":[5],"tags":[5323,3372,3329],"class_list":["post-16933","post","type-post","status-publish","format-standard","has-post-thumbnail","hentry","category-business_excellence","tag-digitale-verantwortung","tag-digitalisierung","tag-produkte"],"acf":[],"yoast_head":"<!-- This site is optimized with the Yoast SEO plugin v26.2 - https:\/\/yoast.com\/wordpress\/plugins\/seo\/ -->\n<title>Starter Kit f\u00fcr digitale Verantwortung lanciert - MQ Management und Qualit\u00e4t<\/title>\n<meta name=\"description\" content=\"Die Swiss Digital Initiative und das Institute for Management Development haben ein Corporate Digital Responsibility Starter Kit entwickelt.\" \/>\n<meta name=\"robots\" content=\"index, follow, max-snippet:-1, max-image-preview:large, max-video-preview:-1\" \/>\n<link rel=\"canonical\" href=\"https:\/\/www.m-q.ch\/fr\/lancement-du-kit-de-demarrage-pour-la-responsabilite-numerique\/\" \/>\n<meta property=\"og:locale\" content=\"fr_FR\" \/>\n<meta property=\"og:type\" content=\"article\" \/>\n<meta property=\"og:title\" content=\"Starter Kit f\u00fcr digitale Verantwortung lanciert\" \/>\n<meta property=\"og:description\" content=\"Die Swiss Digital Initiative und das Institute for Management Development haben ein Corporate Digital Responsibility Starter Kit entwickelt.\" \/>\n<meta property=\"og:url\" content=\"https:\/\/www.m-q.ch\/fr\/lancement-du-kit-de-demarrage-pour-la-responsabilite-numerique\/\" \/>\n<meta property=\"og:site_name\" content=\"MQ Management und Qualit\u00e4t\" \/>\n<meta property=\"article:publisher\" content=\"https:\/\/www.facebook.com\/ManagementUndQualitaet\" \/>\n<meta property=\"article:published_time\" content=\"2022-09-28T07:18:23+00:00\" \/>\n<meta property=\"og:image\" content=\"https:\/\/www.m-q.ch\/wp-content\/uploads\/2022\/09\/Starter-Kit-fuer-digitale-Verantwortung-lanciert_MQ.jpg\" \/>\n\t<meta property=\"og:image:width\" content=\"680\" \/>\n\t<meta property=\"og:image:height\" content=\"371\" \/>\n\t<meta property=\"og:image:type\" content=\"image\/jpeg\" \/>\n<meta name=\"author\" content=\"Thomas Berner\" \/>\n<meta name=\"twitter:card\" content=\"summary_large_image\" \/>\n<meta name=\"twitter:title\" content=\"#StarterKit f\u00fcr digitale #Verantwortung lanciert\" \/>\n<meta name=\"twitter:description\" content=\"Die Swiss Digital Initiative und das Institute for Management Development haben ein Corporate Digital Responsibility #StarterKit entwickelt.\" \/>\n<meta name=\"twitter:image\" content=\"https:\/\/www.m-q.ch\/wp-content\/uploads\/2022\/09\/Starter-Kit-fuer-digitale-Verantwortung-lanciert_MQ.jpg\" \/>\n<meta name=\"twitter:label1\" content=\"\u00c9crit par\" \/>\n\t<meta name=\"twitter:data1\" content=\"Thomas Berner\" \/>\n\t<meta name=\"twitter:label2\" content=\"Dur\u00e9e de lecture estim\u00e9e\" \/>\n\t<meta name=\"twitter:data2\" content=\"2 minutes\" \/>\n<script type=\"application\/ld+json\" class=\"yoast-schema-graph\">{\"@context\":\"https:\/\/schema.org\",\"@graph\":[{\"@type\":\"Article\",\"@id\":\"https:\/\/www.m-q.ch\/starter-kit-fuer-digitale-verantwortung-lanciert\/#article\",\"isPartOf\":{\"@id\":\"https:\/\/www.m-q.ch\/starter-kit-fuer-digitale-verantwortung-lanciert\/\"},\"author\":{\"name\":\"Thomas Berner\",\"@id\":\"https:\/\/www.m-q.ch\/fr\/#\/schema\/person\/a8711938b1cfb3f056dec70eaa0b42ab\"},\"headline\":\"Starter Kit f\u00fcr digitale Verantwortung lanciert\",\"datePublished\":\"2022-09-28T07:18:23+00:00\",\"mainEntityOfPage\":{\"@id\":\"https:\/\/www.m-q.ch\/starter-kit-fuer-digitale-verantwortung-lanciert\/\"},\"wordCount\":453,\"publisher\":{\"@id\":\"https:\/\/www.m-q.ch\/fr\/#organization\"},\"image\":{\"@id\":\"https:\/\/www.m-q.ch\/starter-kit-fuer-digitale-verantwortung-lanciert\/#primaryimage\"},\"thumbnailUrl\":\"https:\/\/www.m-q.ch\/wp-content\/uploads\/2022\/09\/Starter-Kit-fuer-digitale-Verantwortung-lanciert_MQ.jpg\",\"keywords\":[\"Digitale Verantwortung\",\"Digitalisierung\",\"Produkte\"],\"articleSection\":[\"Business Excellence\"],\"inLanguage\":\"fr-FR\"},{\"@type\":\"WebPage\",\"@id\":\"https:\/\/www.m-q.ch\/starter-kit-fuer-digitale-verantwortung-lanciert\/\",\"url\":\"https:\/\/www.m-q.ch\/starter-kit-fuer-digitale-verantwortung-lanciert\/\",\"name\":\"Starter Kit f\u00fcr digitale Verantwortung lanciert - MQ Management und Qualit\u00e4t\",\"isPartOf\":{\"@id\":\"https:\/\/www.m-q.ch\/fr\/#website\"},\"primaryImageOfPage\":{\"@id\":\"https:\/\/www.m-q.ch\/starter-kit-fuer-digitale-verantwortung-lanciert\/#primaryimage\"},\"image\":{\"@id\":\"https:\/\/www.m-q.ch\/starter-kit-fuer-digitale-verantwortung-lanciert\/#primaryimage\"},\"thumbnailUrl\":\"https:\/\/www.m-q.ch\/wp-content\/uploads\/2022\/09\/Starter-Kit-fuer-digitale-Verantwortung-lanciert_MQ.jpg\",\"datePublished\":\"2022-09-28T07:18:23+00:00\",\"description\":\"Die Swiss Digital Initiative und das Institute for Management Development haben ein Corporate Digital Responsibility Starter Kit entwickelt.\",\"breadcrumb\":{\"@id\":\"https:\/\/www.m-q.ch\/starter-kit-fuer-digitale-verantwortung-lanciert\/#breadcrumb\"},\"inLanguage\":\"fr-FR\",\"potentialAction\":[{\"@type\":\"ReadAction\",\"target\":[\"https:\/\/www.m-q.ch\/starter-kit-fuer-digitale-verantwortung-lanciert\/\"]}]},{\"@type\":\"ImageObject\",\"inLanguage\":\"fr-FR\",\"@id\":\"https:\/\/www.m-q.ch\/starter-kit-fuer-digitale-verantwortung-lanciert\/#primaryimage\",\"url\":\"https:\/\/www.m-q.ch\/wp-content\/uploads\/2022\/09\/Starter-Kit-fuer-digitale-Verantwortung-lanciert_MQ.jpg\",\"contentUrl\":\"https:\/\/www.m-q.ch\/wp-content\/uploads\/2022\/09\/Starter-Kit-fuer-digitale-Verantwortung-lanciert_MQ.jpg\",\"width\":680,\"height\":371,\"caption\":\"Auf dem Weg zu mehr digitaler Verantwortung: Ein Starter Kit f\u00fcr digitale Verantwortung von SDI und IMD erleichtert den Einstieg. (Bild: SDI \/ IMD)\"},{\"@type\":\"BreadcrumbList\",\"@id\":\"https:\/\/www.m-q.ch\/starter-kit-fuer-digitale-verantwortung-lanciert\/#breadcrumb\",\"itemListElement\":[{\"@type\":\"ListItem\",\"position\":1,\"name\":\"Business Excellence\",\"item\":\"https:\/\/www.m-q.ch\/kategorie\/business_excellence\/\"},{\"@type\":\"ListItem\",\"position\":2,\"name\":\"Starter Kit f\u00fcr digitale Verantwortung lanciert\"}]},{\"@type\":\"WebSite\",\"@id\":\"https:\/\/www.m-q.ch\/fr\/#website\",\"url\":\"https:\/\/www.m-q.ch\/fr\/\",\"name\":\"MQ Management und Qualit\u00e4t\",\"description\":\"Plattform f\u00fcr integrierte Managementsysteme.\",\"publisher\":{\"@id\":\"https:\/\/www.m-q.ch\/fr\/#organization\"},\"potentialAction\":[{\"@type\":\"SearchAction\",\"target\":{\"@type\":\"EntryPoint\",\"urlTemplate\":\"https:\/\/www.m-q.ch\/fr\/?s={search_term_string}\"},\"query-input\":{\"@type\":\"PropertyValueSpecification\",\"valueRequired\":true,\"valueName\":\"search_term_string\"}}],\"inLanguage\":\"fr-FR\"},{\"@type\":\"Organization\",\"@id\":\"https:\/\/www.m-q.ch\/fr\/#organization\",\"name\":\"Galledia Fachmedien AG\",\"url\":\"https:\/\/www.m-q.ch\/fr\/\",\"logo\":{\"@type\":\"ImageObject\",\"inLanguage\":\"fr-FR\",\"@id\":\"https:\/\/www.m-q.ch\/fr\/#\/schema\/logo\/image\/\",\"url\":\"https:\/\/www.m-q.ch\/wp-content\/uploads\/2020\/12\/cropped-logo_small.png\",\"contentUrl\":\"https:\/\/www.m-q.ch\/wp-content\/uploads\/2020\/12\/cropped-logo_small.png\",\"width\":512,\"height\":512,\"caption\":\"Galledia Fachmedien AG\"},\"image\":{\"@id\":\"https:\/\/www.m-q.ch\/fr\/#\/schema\/logo\/image\/\"},\"sameAs\":[\"https:\/\/www.facebook.com\/ManagementUndQualitaet\",\"https:\/\/www.linkedin.com\/showcase\/17982321\/admin\/\"]},{\"@type\":\"Person\",\"@id\":\"https:\/\/www.m-q.ch\/fr\/#\/schema\/person\/a8711938b1cfb3f056dec70eaa0b42ab\",\"name\":\"Thomas Berner\",\"image\":{\"@type\":\"ImageObject\",\"inLanguage\":\"fr-FR\",\"@id\":\"https:\/\/www.m-q.ch\/fr\/#\/schema\/person\/image\/\",\"url\":\"https:\/\/secure.gravatar.com\/avatar\/faea7857408f70478f976d576da10f96?s=96&d=mm&r=g\",\"contentUrl\":\"https:\/\/secure.gravatar.com\/avatar\/faea7857408f70478f976d576da10f96?s=96&d=mm&r=g\",\"caption\":\"Thomas Berner\"},\"url\":\"https:\/\/www.m-q.ch\/fr\/author\/thomas-berner\/\"}]}<\/script>\n<!-- \/ Yoast SEO plugin. -->","yoast_head_json":{"title":"Lancement du kit de d\u00e9marrage pour la responsabilit\u00e9 num\u00e9rique - MQ Management et qualit\u00e9","description":"La Swiss Digital Initiative et l'Institute for Management Development ont d\u00e9velopp\u00e9 un Corporate Digital Responsibility Starter Kit.","robots":{"index":"index","follow":"follow","max-snippet":"max-snippet:-1","max-image-preview":"max-image-preview:large","max-video-preview":"max-video-preview:-1"},"canonical":"https:\/\/www.m-q.ch\/fr\/lancement-du-kit-de-demarrage-pour-la-responsabilite-numerique\/","og_locale":"fr_FR","og_type":"article","og_title":"Starter Kit f\u00fcr digitale Verantwortung lanciert","og_description":"Die Swiss Digital Initiative und das Institute for Management Development haben ein Corporate Digital Responsibility Starter Kit entwickelt.","og_url":"https:\/\/www.m-q.ch\/fr\/lancement-du-kit-de-demarrage-pour-la-responsabilite-numerique\/","og_site_name":"MQ Management und Qualit\u00e4t","article_publisher":"https:\/\/www.facebook.com\/ManagementUndQualitaet","article_published_time":"2022-09-28T07:18:23+00:00","og_image":[{"width":680,"height":371,"url":"https:\/\/www.m-q.ch\/wp-content\/uploads\/2022\/09\/Starter-Kit-fuer-digitale-Verantwortung-lanciert_MQ.jpg","type":"image\/jpeg"}],"author":"Thomas Berner","twitter_card":"summary_large_image","twitter_title":"#StarterKit f\u00fcr digitale #Verantwortung lanciert","twitter_description":"Die Swiss Digital Initiative und das Institute for Management Development haben ein Corporate Digital Responsibility #StarterKit entwickelt.","twitter_image":"https:\/\/www.m-q.ch\/wp-content\/uploads\/2022\/09\/Starter-Kit-fuer-digitale-Verantwortung-lanciert_MQ.jpg","twitter_misc":{"\u00c9crit par":"Thomas Berner","Dur\u00e9e de lecture estim\u00e9e":"2 minutes"},"schema":{"@context":"https:\/\/schema.org","@graph":[{"@type":"Article","@id":"https:\/\/www.m-q.ch\/starter-kit-fuer-digitale-verantwortung-lanciert\/#article","isPartOf":{"@id":"https:\/\/www.m-q.ch\/starter-kit-fuer-digitale-verantwortung-lanciert\/"},"author":{"name":"Thomas Berner","@id":"https:\/\/www.m-q.ch\/fr\/#\/schema\/person\/a8711938b1cfb3f056dec70eaa0b42ab"},"headline":"Starter Kit f\u00fcr digitale Verantwortung lanciert","datePublished":"2022-09-28T07:18:23+00:00","mainEntityOfPage":{"@id":"https:\/\/www.m-q.ch\/starter-kit-fuer-digitale-verantwortung-lanciert\/"},"wordCount":453,"publisher":{"@id":"https:\/\/www.m-q.ch\/fr\/#organization"},"image":{"@id":"https:\/\/www.m-q.ch\/starter-kit-fuer-digitale-verantwortung-lanciert\/#primaryimage"},"thumbnailUrl":"https:\/\/www.m-q.ch\/wp-content\/uploads\/2022\/09\/Starter-Kit-fuer-digitale-Verantwortung-lanciert_MQ.jpg","keywords":["Digitale Verantwortung","Digitalisierung","Produkte"],"articleSection":["Business Excellence"],"inLanguage":"fr-FR"},{"@type":"WebPage","@id":"https:\/\/www.m-q.ch\/starter-kit-fuer-digitale-verantwortung-lanciert\/","url":"https:\/\/www.m-q.ch\/starter-kit-fuer-digitale-verantwortung-lanciert\/","name":"Lancement du kit de d\u00e9marrage pour la responsabilit\u00e9 num\u00e9rique - MQ Management et qualit\u00e9","isPartOf":{"@id":"https:\/\/www.m-q.ch\/fr\/#website"},"primaryImageOfPage":{"@id":"https:\/\/www.m-q.ch\/starter-kit-fuer-digitale-verantwortung-lanciert\/#primaryimage"},"image":{"@id":"https:\/\/www.m-q.ch\/starter-kit-fuer-digitale-verantwortung-lanciert\/#primaryimage"},"thumbnailUrl":"https:\/\/www.m-q.ch\/wp-content\/uploads\/2022\/09\/Starter-Kit-fuer-digitale-Verantwortung-lanciert_MQ.jpg","datePublished":"2022-09-28T07:18:23+00:00","description":"La Swiss Digital Initiative et l'Institute for Management Development ont d\u00e9velopp\u00e9 un Corporate Digital Responsibility Starter Kit.","breadcrumb":{"@id":"https:\/\/www.m-q.ch\/starter-kit-fuer-digitale-verantwortung-lanciert\/#breadcrumb"},"inLanguage":"fr-FR","potentialAction":[{"@type":"ReadAction","target":["https:\/\/www.m-q.ch\/starter-kit-fuer-digitale-verantwortung-lanciert\/"]}]},{"@type":"ImageObject","inLanguage":"fr-FR","@id":"https:\/\/www.m-q.ch\/starter-kit-fuer-digitale-verantwortung-lanciert\/#primaryimage","url":"https:\/\/www.m-q.ch\/wp-content\/uploads\/2022\/09\/Starter-Kit-fuer-digitale-Verantwortung-lanciert_MQ.jpg","contentUrl":"https:\/\/www.m-q.ch\/wp-content\/uploads\/2022\/09\/Starter-Kit-fuer-digitale-Verantwortung-lanciert_MQ.jpg","width":680,"height":371,"caption":"Auf dem Weg zu mehr digitaler Verantwortung: Ein Starter Kit f\u00fcr digitale Verantwortung von SDI und IMD erleichtert den Einstieg. (Bild: SDI \/ IMD)"},{"@type":"BreadcrumbList","@id":"https:\/\/www.m-q.ch\/starter-kit-fuer-digitale-verantwortung-lanciert\/#breadcrumb","itemListElement":[{"@type":"ListItem","position":1,"name":"Business Excellence","item":"https:\/\/www.m-q.ch\/kategorie\/business_excellence\/"},{"@type":"ListItem","position":2,"name":"Starter Kit f\u00fcr digitale Verantwortung lanciert"}]},{"@type":"WebSite","@id":"https:\/\/www.m-q.ch\/fr\/#website","url":"https:\/\/www.m-q.ch\/fr\/","name":"Gestion et qualit\u00e9 du QM","description":"Plate-forme pour les syst\u00e8mes de gestion int\u00e9gr\u00e9e.","publisher":{"@id":"https:\/\/www.m-q.ch\/fr\/#organization"},"potentialAction":[{"@type":"SearchAction","target":{"@type":"EntryPoint","urlTemplate":"https:\/\/www.m-q.ch\/fr\/?s={search_term_string}"},"query-input":{"@type":"PropertyValueSpecification","valueRequired":true,"valueName":"search_term_string"}}],"inLanguage":"fr-FR"},{"@type":"Organization","@id":"https:\/\/www.m-q.ch\/fr\/#organization","name":"Galledia Trade Media AG","url":"https:\/\/www.m-q.ch\/fr\/","logo":{"@type":"ImageObject","inLanguage":"fr-FR","@id":"https:\/\/www.m-q.ch\/fr\/#\/schema\/logo\/image\/","url":"https:\/\/www.m-q.ch\/wp-content\/uploads\/2020\/12\/cropped-logo_small.png","contentUrl":"https:\/\/www.m-q.ch\/wp-content\/uploads\/2020\/12\/cropped-logo_small.png","width":512,"height":512,"caption":"Galledia Fachmedien AG"},"image":{"@id":"https:\/\/www.m-q.ch\/fr\/#\/schema\/logo\/image\/"},"sameAs":["https:\/\/www.facebook.com\/ManagementUndQualitaet","https:\/\/www.linkedin.com\/showcase\/17982321\/admin\/"]},{"@type":"Person","@id":"https:\/\/www.m-q.ch\/fr\/#\/schema\/person\/a8711938b1cfb3f056dec70eaa0b42ab","name":"Thomas Berner","image":{"@type":"ImageObject","inLanguage":"fr-FR","@id":"https:\/\/www.m-q.ch\/fr\/#\/schema\/person\/image\/","url":"https:\/\/secure.gravatar.com\/avatar\/faea7857408f70478f976d576da10f96?s=96&d=mm&r=g","contentUrl":"https:\/\/secure.gravatar.com\/avatar\/faea7857408f70478f976d576da10f96?s=96&d=mm&r=g","caption":"Thomas Berner"},"url":"https:\/\/www.m-q.ch\/fr\/author\/thomas-berner\/"}]}},"_links":{"self":[{"href":"https:\/\/www.m-q.ch\/fr\/wp-json\/wp\/v2\/posts\/16933","targetHints":{"allow":["GET"]}}],"collection":[{"href":"https:\/\/www.m-q.ch\/fr\/wp-json\/wp\/v2\/posts"}],"about":[{"href":"https:\/\/www.m-q.ch\/fr\/wp-json\/wp\/v2\/types\/post"}],"author":[{"embeddable":true,"href":"https:\/\/www.m-q.ch\/fr\/wp-json\/wp\/v2\/users\/10"}],"replies":[{"embeddable":true,"href":"https:\/\/www.m-q.ch\/fr\/wp-json\/wp\/v2\/comments?post=16933"}],"version-history":[{"count":1,"href":"https:\/\/www.m-q.ch\/fr\/wp-json\/wp\/v2\/posts\/16933\/revisions"}],"predecessor-version":[{"id":16935,"href":"https:\/\/www.m-q.ch\/fr\/wp-json\/wp\/v2\/posts\/16933\/revisions\/16935"}],"wp:featuredmedia":[{"embeddable":true,"href":"https:\/\/www.m-q.ch\/fr\/wp-json\/wp\/v2\/media\/16934"}],"wp:attachment":[{"href":"https:\/\/www.m-q.ch\/fr\/wp-json\/wp\/v2\/media?parent=16933"}],"wp:term":[{"taxonomy":"category","embeddable":true,"href":"https:\/\/www.m-q.ch\/fr\/wp-json\/wp\/v2\/categories?post=16933"},{"taxonomy":"post_tag","embeddable":true,"href":"https:\/\/www.m-q.ch\/fr\/wp-json\/wp\/v2\/tags?post=16933"}],"curies":[{"name":"wp","href":"https:\/\/api.w.org\/{rel}","templated":true}]}}