{"id":17167,"date":"2022-11-15T11:17:09","date_gmt":"2022-11-15T10:17:09","guid":{"rendered":"https:\/\/www.m-q.ch\/?p=17167"},"modified":"2022-11-15T11:17:09","modified_gmt":"2022-11-15T10:17:09","slug":"orange-cyberdefense-rachete-scrt-et-telsys","status":"publish","type":"post","link":"https:\/\/www.m-q.ch\/fr\/orange-cyberdefense-uebernimmt-scrt-und-telsys\/","title":{"rendered":"Orange Cyberdefense acquiert SCRT et Telsys"},"content":{"rendered":"<figure id=\"attachment_17168\" aria-describedby=\"caption-attachment-17168\" style=\"width: 680px\" class=\"wp-caption alignnone\"><img loading=\"lazy\" decoding=\"async\" class=\"size-full wp-image-17168\" src=\"https:\/\/www.m-q.ch\/wp-content\/uploads\/2022\/11\/Orange-Cyberdefense-uebernimmt-SCRT-und-Telsys_MQ.jpg\" alt=\"\" width=\"680\" height=\"512\" srcset=\"https:\/\/www.m-q.ch\/wp-content\/uploads\/2022\/11\/Orange-Cyberdefense-uebernimmt-SCRT-und-Telsys_MQ.jpg 680w, https:\/\/www.m-q.ch\/wp-content\/uploads\/2022\/11\/Orange-Cyberdefense-uebernimmt-SCRT-und-Telsys_MQ-16x12.jpg 16w, https:\/\/www.m-q.ch\/wp-content\/uploads\/2022\/11\/Orange-Cyberdefense-uebernimmt-SCRT-und-Telsys_MQ-375x282.jpg 375w, https:\/\/www.m-q.ch\/wp-content\/uploads\/2022\/11\/Orange-Cyberdefense-uebernimmt-SCRT-und-Telsys_MQ-465x350.jpg 465w\" sizes=\"auto, (max-width: 680px) 100vw, 680px\" \/><figcaption id=\"caption-attachment-17168\" class=\"wp-caption-text\">Hugues Foulon, directeur g\u00e9n\u00e9ral d'Orange Cyberdefense, a d\u00e9clar\u00e9 \u00e0 propos de l'acquisition de SCRT et Telsys : \"Nous sommes ravis de cette acquisition. C'est un pas de plus vers notre objectif de renforcer notre position de leader europ\u00e9en de la cybers\u00e9curit\u00e9\". (Image : zVg \/ Orange)<\/figcaption><\/figure>\n<p>Le 8 novembre 2022, Orange Cyberdefense, filiale du fournisseur de services de t\u00e9l\u00e9communications Orange, a acquis les soci\u00e9t\u00e9s suisses SCRT et Telsys \u00e0 100 %. Les deux soci\u00e9t\u00e9s s\u0153urs ont leur si\u00e8ge social commun \u00e0 Morges, pr\u00e8s de Lausanne, et emploient une centaine de personnes, toutes expertes en cybers\u00e9curit\u00e9 et en services connexes, qui se r\u00e9partissent \u00e9galement entre les bureaux de Gen\u00e8ve et de Berne. L'entreprise SCRT, leader sur le march\u00e9 romand de la cybers\u00e9curit\u00e9 selon ses propres dires, accompagne ses clients depuis 20 ans avec une offre de solutions compl\u00e8tes de cybers\u00e9curit\u00e9 en mati\u00e8re de services g\u00e9r\u00e9s, de consulting, de pen-testing et de correction de vuln\u00e9rabilit\u00e9s en cas de cyberattaques. Telsys, quant \u00e0 lui, est sp\u00e9cialis\u00e9 dans la gestion de solutions informatiques.\u00a0\u00a0<\/p>\n<p>Le d\u00e9veloppement de sa filiale de cybers\u00e9curit\u00e9 est une priorit\u00e9 strat\u00e9gique pour le groupe Orange, est-il pr\u00e9cis\u00e9. Sur un march\u00e9 dont la croissance annuelle est sup\u00e9rieure \u00e0 10 %, la filiale d'Orange a enregistr\u00e9 une augmentation de son chiffre d'affaires de 14 % en 2021, avec un objectif d'un milliard d'euros en 2023. Avec l'acquisition de ces entreprises, Orange Cyberdefense \u00e9tend son expertise dans le domaine des cybermenaces, ainsi que sa force de frappe unique dans le domaine du piratage \u00e9thique \u00e0 200 sp\u00e9cialistes. Cette derni\u00e8re op\u00e9ration constitue une nouvelle \u00e9tape dans la strat\u00e9gie ambitieuse de croissance organique et inorganique d'Orange Cyberdefense. D\u00e9j\u00e0 en 2019, SecureLink et SecureData ont \u00e9t\u00e9 acquis. Avec une pr\u00e9sence dans neuf pays (France, Belgique, Danemark, Allemagne, Pays-Bas, Norv\u00e8ge, Su\u00e8de, Royaume-Uni et maintenant la Suisse), ses plus de 2700 experts et 8500 clients, Orange Cyberdefense entend renforcer son leadership europ\u00e9en en mati\u00e8re de cybers\u00e9curit\u00e9.<\/p>\n<p>L'\u00e9quipe de direction existante et les structures de SCRT et Telsys conserveront leur autonomie locale afin d'acc\u00e9l\u00e9rer les plans d'expansion, notamment sur le territoire suisse-allemand, en synergie avec les Orange Business Services d\u00e9j\u00e0 \u00e9tablis. En s'appuyant sur l'expertise et les ressources du groupe Orange, SCRT et Telsys pourront \u00e9largir leur catalogue de services et proposer \u00e0 leurs clients une gamme encore plus large de services SOC 24h\/24 et 7j\/7 ou une offre \u00e9largie de prestations et de services g\u00e9r\u00e9s. Les d\u00e9tails financiers de la transaction n'ont pas \u00e9t\u00e9 communiqu\u00e9s.<\/p>\n<p><em>Source : <a href=\"http:\/\/www.orange.com\">www.orange.com<\/a><\/em><\/p>","protected":false},"excerpt":{"rendered":"<p>Am 8. November 2022 hat Orange Cyberdefense, Tochterunternehmen des Telekommunikations-Dienstleisters Orange, die Schweizer Firmen SCRT und Telsys zu 100 % \u00fcbernommen. Die beiden Schwesterunternehmen haben ihre gemeinsame Zentrale in Morges in der N\u00e4he von Lausanne und besch\u00e4ftigen circa 100 Mitarbeitende, alles Experten f\u00fcr Cybersicherheit und verbundene Dienstleistungen, die sich auch auf die B\u00fcros von Genf [&hellip;]<\/p>\n","protected":false},"author":10,"featured_media":17168,"comment_status":"closed","ping_status":"closed","sticky":false,"template":"","format":"standard","meta":{"_acf_changed":false,"footnotes":""},"categories":[4448],"tags":[3560,3352],"class_list":["post-17167","post","type-post","status-publish","format-standard","has-post-thumbnail","hentry","category-allgemein","tag-cybersicherheit","tag-unternehmen"],"acf":[],"yoast_head":"<!-- This site is optimized with the Yoast SEO plugin v26.2 - https:\/\/yoast.com\/wordpress\/plugins\/seo\/ -->\n<title>Orange Cyberdefense \u00fcbernimmt SCRT und Telsys - MQ Management und Qualit\u00e4t<\/title>\n<meta name=\"description\" content=\"Die Cybersecurity-Tochter von Orange \u201eOrange Cyberdefense\u201c hat die beiden Schweizer Firmen SCRT und Telsys \u00fcbernommen.\" \/>\n<meta name=\"robots\" content=\"index, follow, max-snippet:-1, max-image-preview:large, max-video-preview:-1\" \/>\n<link rel=\"canonical\" href=\"https:\/\/www.m-q.ch\/fr\/orange-cyberdefense-rachete-scrt-et-telsys\/\" \/>\n<meta property=\"og:locale\" content=\"fr_FR\" \/>\n<meta property=\"og:type\" content=\"article\" \/>\n<meta property=\"og:title\" content=\"Orange Cyberdefense \u00fcbernimmt SCRT und Telsys\" \/>\n<meta property=\"og:description\" content=\"Die Cybersecurity-Tochter von Orange \u201eOrange Cyberdefense\u201c hat die beiden Schweizer Firmen SCRT und Telsys \u00fcbernommen.\" \/>\n<meta property=\"og:url\" content=\"https:\/\/www.m-q.ch\/fr\/orange-cyberdefense-rachete-scrt-et-telsys\/\" \/>\n<meta property=\"og:site_name\" content=\"MQ Management und Qualit\u00e4t\" \/>\n<meta property=\"article:publisher\" content=\"https:\/\/www.facebook.com\/ManagementUndQualitaet\" \/>\n<meta property=\"article:published_time\" content=\"2022-11-15T10:17:09+00:00\" \/>\n<meta property=\"og:image\" content=\"https:\/\/www.m-q.ch\/wp-content\/uploads\/2022\/11\/Orange-Cyberdefense-uebernimmt-SCRT-und-Telsys_MQ.jpg\" \/>\n\t<meta property=\"og:image:width\" content=\"680\" \/>\n\t<meta property=\"og:image:height\" content=\"512\" \/>\n\t<meta property=\"og:image:type\" content=\"image\/jpeg\" \/>\n<meta name=\"author\" content=\"Thomas Berner\" \/>\n<meta name=\"twitter:card\" content=\"summary_large_image\" \/>\n<meta name=\"twitter:title\" content=\"#Orange #Cyberdefense \u00fcbernimmt #SCRT und #Telsys\" \/>\n<meta name=\"twitter:description\" content=\"Die #Cybersecurity-Tochter von #Orange \u201eOrange Cyberdefense\u201c hat die beiden Schweizer Firmen #SCRT und #Telsys \u00fcbernommen.\" \/>\n<meta name=\"twitter:image\" content=\"https:\/\/www.m-q.ch\/wp-content\/uploads\/2022\/11\/Orange-Cyberdefense-uebernimmt-SCRT-und-Telsys_MQ.jpg\" \/>\n<meta name=\"twitter:label1\" content=\"\u00c9crit par\" \/>\n\t<meta name=\"twitter:data1\" content=\"Thomas Berner\" \/>\n\t<meta name=\"twitter:label2\" content=\"Dur\u00e9e de lecture estim\u00e9e\" \/>\n\t<meta name=\"twitter:data2\" content=\"2 minutes\" \/>\n<script type=\"application\/ld+json\" class=\"yoast-schema-graph\">{\"@context\":\"https:\/\/schema.org\",\"@graph\":[{\"@type\":\"Article\",\"@id\":\"https:\/\/www.m-q.ch\/orange-cyberdefense-uebernimmt-scrt-und-telsys\/#article\",\"isPartOf\":{\"@id\":\"https:\/\/www.m-q.ch\/orange-cyberdefense-uebernimmt-scrt-und-telsys\/\"},\"author\":{\"name\":\"Thomas Berner\",\"@id\":\"https:\/\/www.m-q.ch\/fr\/#\/schema\/person\/a8711938b1cfb3f056dec70eaa0b42ab\"},\"headline\":\"Orange Cyberdefense \u00fcbernimmt SCRT und Telsys\",\"datePublished\":\"2022-11-15T10:17:09+00:00\",\"mainEntityOfPage\":{\"@id\":\"https:\/\/www.m-q.ch\/orange-cyberdefense-uebernimmt-scrt-und-telsys\/\"},\"wordCount\":374,\"publisher\":{\"@id\":\"https:\/\/www.m-q.ch\/fr\/#organization\"},\"image\":{\"@id\":\"https:\/\/www.m-q.ch\/orange-cyberdefense-uebernimmt-scrt-und-telsys\/#primaryimage\"},\"thumbnailUrl\":\"https:\/\/www.m-q.ch\/wp-content\/uploads\/2022\/11\/Orange-Cyberdefense-uebernimmt-SCRT-und-Telsys_MQ.jpg\",\"keywords\":[\"Cybersicherheit\",\"Unternehmen\"],\"articleSection\":[\"Allgemein\"],\"inLanguage\":\"fr-FR\"},{\"@type\":\"WebPage\",\"@id\":\"https:\/\/www.m-q.ch\/orange-cyberdefense-uebernimmt-scrt-und-telsys\/\",\"url\":\"https:\/\/www.m-q.ch\/orange-cyberdefense-uebernimmt-scrt-und-telsys\/\",\"name\":\"Orange Cyberdefense \u00fcbernimmt SCRT und Telsys - MQ Management und Qualit\u00e4t\",\"isPartOf\":{\"@id\":\"https:\/\/www.m-q.ch\/fr\/#website\"},\"primaryImageOfPage\":{\"@id\":\"https:\/\/www.m-q.ch\/orange-cyberdefense-uebernimmt-scrt-und-telsys\/#primaryimage\"},\"image\":{\"@id\":\"https:\/\/www.m-q.ch\/orange-cyberdefense-uebernimmt-scrt-und-telsys\/#primaryimage\"},\"thumbnailUrl\":\"https:\/\/www.m-q.ch\/wp-content\/uploads\/2022\/11\/Orange-Cyberdefense-uebernimmt-SCRT-und-Telsys_MQ.jpg\",\"datePublished\":\"2022-11-15T10:17:09+00:00\",\"description\":\"Die Cybersecurity-Tochter von Orange \u201eOrange Cyberdefense\u201c hat die beiden Schweizer Firmen SCRT und Telsys \u00fcbernommen.\",\"breadcrumb\":{\"@id\":\"https:\/\/www.m-q.ch\/orange-cyberdefense-uebernimmt-scrt-und-telsys\/#breadcrumb\"},\"inLanguage\":\"fr-FR\",\"potentialAction\":[{\"@type\":\"ReadAction\",\"target\":[\"https:\/\/www.m-q.ch\/orange-cyberdefense-uebernimmt-scrt-und-telsys\/\"]}]},{\"@type\":\"ImageObject\",\"inLanguage\":\"fr-FR\",\"@id\":\"https:\/\/www.m-q.ch\/orange-cyberdefense-uebernimmt-scrt-und-telsys\/#primaryimage\",\"url\":\"https:\/\/www.m-q.ch\/wp-content\/uploads\/2022\/11\/Orange-Cyberdefense-uebernimmt-SCRT-und-Telsys_MQ.jpg\",\"contentUrl\":\"https:\/\/www.m-q.ch\/wp-content\/uploads\/2022\/11\/Orange-Cyberdefense-uebernimmt-SCRT-und-Telsys_MQ.jpg\",\"width\":680,\"height\":512,\"caption\":\"Hugues Foulon, Gesch\u00e4ftsf\u00fchrer von Orange Cyberdefense: \u201eWir freuen uns \u00fcber diese \u00dcbernahme und insbesondere dar\u00fcber, neue erstklassige Teams bei uns begr\u00fcssen zu d\u00fcrfen mit Mitarbeitenden, die unsere Leistungsst\u00e4rke verbessern. Das ist ein weiterer Schritt hin zu unserem Ziel, die europ\u00e4ische Marktf\u00fchrerschaft f\u00fcr Cybersicherheit weiter auszubauen. Wir dringen in den siebtgr\u00f6ssten Cybersecurity-Markt Europas vor und festigen gleichzeitig die Position der Gruppe Orange auf dem Schweizer Markt.\u201c (Bild: zVg \/ Orange)\"},{\"@type\":\"BreadcrumbList\",\"@id\":\"https:\/\/www.m-q.ch\/orange-cyberdefense-uebernimmt-scrt-und-telsys\/#breadcrumb\",\"itemListElement\":[{\"@type\":\"ListItem\",\"position\":1,\"name\":\"Allgemein\",\"item\":\"https:\/\/www.m-q.ch\/kategorie\/allgemein\/\"},{\"@type\":\"ListItem\",\"position\":2,\"name\":\"Orange Cyberdefense \u00fcbernimmt SCRT und Telsys\"}]},{\"@type\":\"WebSite\",\"@id\":\"https:\/\/www.m-q.ch\/fr\/#website\",\"url\":\"https:\/\/www.m-q.ch\/fr\/\",\"name\":\"MQ Management und Qualit\u00e4t\",\"description\":\"Plattform f\u00fcr integrierte Managementsysteme.\",\"publisher\":{\"@id\":\"https:\/\/www.m-q.ch\/fr\/#organization\"},\"potentialAction\":[{\"@type\":\"SearchAction\",\"target\":{\"@type\":\"EntryPoint\",\"urlTemplate\":\"https:\/\/www.m-q.ch\/fr\/?s={search_term_string}\"},\"query-input\":{\"@type\":\"PropertyValueSpecification\",\"valueRequired\":true,\"valueName\":\"search_term_string\"}}],\"inLanguage\":\"fr-FR\"},{\"@type\":\"Organization\",\"@id\":\"https:\/\/www.m-q.ch\/fr\/#organization\",\"name\":\"Galledia Fachmedien AG\",\"url\":\"https:\/\/www.m-q.ch\/fr\/\",\"logo\":{\"@type\":\"ImageObject\",\"inLanguage\":\"fr-FR\",\"@id\":\"https:\/\/www.m-q.ch\/fr\/#\/schema\/logo\/image\/\",\"url\":\"https:\/\/www.m-q.ch\/wp-content\/uploads\/2020\/12\/cropped-logo_small.png\",\"contentUrl\":\"https:\/\/www.m-q.ch\/wp-content\/uploads\/2020\/12\/cropped-logo_small.png\",\"width\":512,\"height\":512,\"caption\":\"Galledia Fachmedien AG\"},\"image\":{\"@id\":\"https:\/\/www.m-q.ch\/fr\/#\/schema\/logo\/image\/\"},\"sameAs\":[\"https:\/\/www.facebook.com\/ManagementUndQualitaet\",\"https:\/\/www.linkedin.com\/showcase\/17982321\/admin\/\"]},{\"@type\":\"Person\",\"@id\":\"https:\/\/www.m-q.ch\/fr\/#\/schema\/person\/a8711938b1cfb3f056dec70eaa0b42ab\",\"name\":\"Thomas Berner\",\"image\":{\"@type\":\"ImageObject\",\"inLanguage\":\"fr-FR\",\"@id\":\"https:\/\/www.m-q.ch\/fr\/#\/schema\/person\/image\/\",\"url\":\"https:\/\/secure.gravatar.com\/avatar\/faea7857408f70478f976d576da10f96?s=96&d=mm&r=g\",\"contentUrl\":\"https:\/\/secure.gravatar.com\/avatar\/faea7857408f70478f976d576da10f96?s=96&d=mm&r=g\",\"caption\":\"Thomas Berner\"},\"url\":\"https:\/\/www.m-q.ch\/fr\/author\/thomas-berner\/\"}]}<\/script>\n<!-- \/ Yoast SEO plugin. -->","yoast_head_json":{"title":"Orange Cyberdefense acquiert SCRT et Telsys - MQ Management et Qualit\u00e9","description":"La filiale de cybers\u00e9curit\u00e9 d'Orange \"Orange Cyberdefense\" a rachet\u00e9 les deux entreprises suisses SCRT et Telsys.","robots":{"index":"index","follow":"follow","max-snippet":"max-snippet:-1","max-image-preview":"max-image-preview:large","max-video-preview":"max-video-preview:-1"},"canonical":"https:\/\/www.m-q.ch\/fr\/orange-cyberdefense-rachete-scrt-et-telsys\/","og_locale":"fr_FR","og_type":"article","og_title":"Orange Cyberdefense \u00fcbernimmt SCRT und Telsys","og_description":"Die Cybersecurity-Tochter von Orange \u201eOrange Cyberdefense\u201c hat die beiden Schweizer Firmen SCRT und Telsys \u00fcbernommen.","og_url":"https:\/\/www.m-q.ch\/fr\/orange-cyberdefense-rachete-scrt-et-telsys\/","og_site_name":"MQ Management und Qualit\u00e4t","article_publisher":"https:\/\/www.facebook.com\/ManagementUndQualitaet","article_published_time":"2022-11-15T10:17:09+00:00","og_image":[{"width":680,"height":512,"url":"https:\/\/www.m-q.ch\/wp-content\/uploads\/2022\/11\/Orange-Cyberdefense-uebernimmt-SCRT-und-Telsys_MQ.jpg","type":"image\/jpeg"}],"author":"Thomas Berner","twitter_card":"summary_large_image","twitter_title":"#Orange #Cyberdefense \u00fcbernimmt #SCRT und #Telsys","twitter_description":"Die #Cybersecurity-Tochter von #Orange \u201eOrange Cyberdefense\u201c hat die beiden Schweizer Firmen #SCRT und #Telsys \u00fcbernommen.","twitter_image":"https:\/\/www.m-q.ch\/wp-content\/uploads\/2022\/11\/Orange-Cyberdefense-uebernimmt-SCRT-und-Telsys_MQ.jpg","twitter_misc":{"\u00c9crit par":"Thomas Berner","Dur\u00e9e de lecture estim\u00e9e":"2 minutes"},"schema":{"@context":"https:\/\/schema.org","@graph":[{"@type":"Article","@id":"https:\/\/www.m-q.ch\/orange-cyberdefense-uebernimmt-scrt-und-telsys\/#article","isPartOf":{"@id":"https:\/\/www.m-q.ch\/orange-cyberdefense-uebernimmt-scrt-und-telsys\/"},"author":{"name":"Thomas Berner","@id":"https:\/\/www.m-q.ch\/fr\/#\/schema\/person\/a8711938b1cfb3f056dec70eaa0b42ab"},"headline":"Orange Cyberdefense \u00fcbernimmt SCRT und Telsys","datePublished":"2022-11-15T10:17:09+00:00","mainEntityOfPage":{"@id":"https:\/\/www.m-q.ch\/orange-cyberdefense-uebernimmt-scrt-und-telsys\/"},"wordCount":374,"publisher":{"@id":"https:\/\/www.m-q.ch\/fr\/#organization"},"image":{"@id":"https:\/\/www.m-q.ch\/orange-cyberdefense-uebernimmt-scrt-und-telsys\/#primaryimage"},"thumbnailUrl":"https:\/\/www.m-q.ch\/wp-content\/uploads\/2022\/11\/Orange-Cyberdefense-uebernimmt-SCRT-und-Telsys_MQ.jpg","keywords":["Cybersicherheit","Unternehmen"],"articleSection":["Allgemein"],"inLanguage":"fr-FR"},{"@type":"WebPage","@id":"https:\/\/www.m-q.ch\/orange-cyberdefense-uebernimmt-scrt-und-telsys\/","url":"https:\/\/www.m-q.ch\/orange-cyberdefense-uebernimmt-scrt-und-telsys\/","name":"Orange Cyberdefense acquiert SCRT et Telsys - MQ Management et Qualit\u00e9","isPartOf":{"@id":"https:\/\/www.m-q.ch\/fr\/#website"},"primaryImageOfPage":{"@id":"https:\/\/www.m-q.ch\/orange-cyberdefense-uebernimmt-scrt-und-telsys\/#primaryimage"},"image":{"@id":"https:\/\/www.m-q.ch\/orange-cyberdefense-uebernimmt-scrt-und-telsys\/#primaryimage"},"thumbnailUrl":"https:\/\/www.m-q.ch\/wp-content\/uploads\/2022\/11\/Orange-Cyberdefense-uebernimmt-SCRT-und-Telsys_MQ.jpg","datePublished":"2022-11-15T10:17:09+00:00","description":"La filiale de cybers\u00e9curit\u00e9 d'Orange \"Orange Cyberdefense\" a rachet\u00e9 les deux entreprises suisses SCRT et Telsys.","breadcrumb":{"@id":"https:\/\/www.m-q.ch\/orange-cyberdefense-uebernimmt-scrt-und-telsys\/#breadcrumb"},"inLanguage":"fr-FR","potentialAction":[{"@type":"ReadAction","target":["https:\/\/www.m-q.ch\/orange-cyberdefense-uebernimmt-scrt-und-telsys\/"]}]},{"@type":"ImageObject","inLanguage":"fr-FR","@id":"https:\/\/www.m-q.ch\/orange-cyberdefense-uebernimmt-scrt-und-telsys\/#primaryimage","url":"https:\/\/www.m-q.ch\/wp-content\/uploads\/2022\/11\/Orange-Cyberdefense-uebernimmt-SCRT-und-Telsys_MQ.jpg","contentUrl":"https:\/\/www.m-q.ch\/wp-content\/uploads\/2022\/11\/Orange-Cyberdefense-uebernimmt-SCRT-und-Telsys_MQ.jpg","width":680,"height":512,"caption":"Hugues Foulon, Gesch\u00e4ftsf\u00fchrer von Orange Cyberdefense: \u201eWir freuen uns \u00fcber diese \u00dcbernahme und insbesondere dar\u00fcber, neue erstklassige Teams bei uns begr\u00fcssen zu d\u00fcrfen mit Mitarbeitenden, die unsere Leistungsst\u00e4rke verbessern. Das ist ein weiterer Schritt hin zu unserem Ziel, die europ\u00e4ische Marktf\u00fchrerschaft f\u00fcr Cybersicherheit weiter auszubauen. Wir dringen in den siebtgr\u00f6ssten Cybersecurity-Markt Europas vor und festigen gleichzeitig die Position der Gruppe Orange auf dem Schweizer Markt.\u201c (Bild: zVg \/ Orange)"},{"@type":"BreadcrumbList","@id":"https:\/\/www.m-q.ch\/orange-cyberdefense-uebernimmt-scrt-und-telsys\/#breadcrumb","itemListElement":[{"@type":"ListItem","position":1,"name":"Allgemein","item":"https:\/\/www.m-q.ch\/kategorie\/allgemein\/"},{"@type":"ListItem","position":2,"name":"Orange Cyberdefense \u00fcbernimmt SCRT und Telsys"}]},{"@type":"WebSite","@id":"https:\/\/www.m-q.ch\/fr\/#website","url":"https:\/\/www.m-q.ch\/fr\/","name":"Gestion et qualit\u00e9 du QM","description":"Plate-forme pour les syst\u00e8mes de gestion int\u00e9gr\u00e9e.","publisher":{"@id":"https:\/\/www.m-q.ch\/fr\/#organization"},"potentialAction":[{"@type":"SearchAction","target":{"@type":"EntryPoint","urlTemplate":"https:\/\/www.m-q.ch\/fr\/?s={search_term_string}"},"query-input":{"@type":"PropertyValueSpecification","valueRequired":true,"valueName":"search_term_string"}}],"inLanguage":"fr-FR"},{"@type":"Organization","@id":"https:\/\/www.m-q.ch\/fr\/#organization","name":"Galledia Trade Media AG","url":"https:\/\/www.m-q.ch\/fr\/","logo":{"@type":"ImageObject","inLanguage":"fr-FR","@id":"https:\/\/www.m-q.ch\/fr\/#\/schema\/logo\/image\/","url":"https:\/\/www.m-q.ch\/wp-content\/uploads\/2020\/12\/cropped-logo_small.png","contentUrl":"https:\/\/www.m-q.ch\/wp-content\/uploads\/2020\/12\/cropped-logo_small.png","width":512,"height":512,"caption":"Galledia Fachmedien AG"},"image":{"@id":"https:\/\/www.m-q.ch\/fr\/#\/schema\/logo\/image\/"},"sameAs":["https:\/\/www.facebook.com\/ManagementUndQualitaet","https:\/\/www.linkedin.com\/showcase\/17982321\/admin\/"]},{"@type":"Person","@id":"https:\/\/www.m-q.ch\/fr\/#\/schema\/person\/a8711938b1cfb3f056dec70eaa0b42ab","name":"Thomas Berner","image":{"@type":"ImageObject","inLanguage":"fr-FR","@id":"https:\/\/www.m-q.ch\/fr\/#\/schema\/person\/image\/","url":"https:\/\/secure.gravatar.com\/avatar\/faea7857408f70478f976d576da10f96?s=96&d=mm&r=g","contentUrl":"https:\/\/secure.gravatar.com\/avatar\/faea7857408f70478f976d576da10f96?s=96&d=mm&r=g","caption":"Thomas Berner"},"url":"https:\/\/www.m-q.ch\/fr\/author\/thomas-berner\/"}]}},"_links":{"self":[{"href":"https:\/\/www.m-q.ch\/fr\/wp-json\/wp\/v2\/posts\/17167","targetHints":{"allow":["GET"]}}],"collection":[{"href":"https:\/\/www.m-q.ch\/fr\/wp-json\/wp\/v2\/posts"}],"about":[{"href":"https:\/\/www.m-q.ch\/fr\/wp-json\/wp\/v2\/types\/post"}],"author":[{"embeddable":true,"href":"https:\/\/www.m-q.ch\/fr\/wp-json\/wp\/v2\/users\/10"}],"replies":[{"embeddable":true,"href":"https:\/\/www.m-q.ch\/fr\/wp-json\/wp\/v2\/comments?post=17167"}],"version-history":[{"count":1,"href":"https:\/\/www.m-q.ch\/fr\/wp-json\/wp\/v2\/posts\/17167\/revisions"}],"predecessor-version":[{"id":17169,"href":"https:\/\/www.m-q.ch\/fr\/wp-json\/wp\/v2\/posts\/17167\/revisions\/17169"}],"wp:featuredmedia":[{"embeddable":true,"href":"https:\/\/www.m-q.ch\/fr\/wp-json\/wp\/v2\/media\/17168"}],"wp:attachment":[{"href":"https:\/\/www.m-q.ch\/fr\/wp-json\/wp\/v2\/media?parent=17167"}],"wp:term":[{"taxonomy":"category","embeddable":true,"href":"https:\/\/www.m-q.ch\/fr\/wp-json\/wp\/v2\/categories?post=17167"},{"taxonomy":"post_tag","embeddable":true,"href":"https:\/\/www.m-q.ch\/fr\/wp-json\/wp\/v2\/tags?post=17167"}],"curies":[{"name":"wp","href":"https:\/\/api.w.org\/{rel}","templated":true}]}}