{"id":17396,"date":"2023-01-10T08:30:47","date_gmt":"2023-01-10T07:30:47","guid":{"rendered":"https:\/\/www.m-q.ch\/?p=17396"},"modified":"2023-01-10T08:27:35","modified_gmt":"2023-01-10T07:27:35","slug":"la-confederation-soutient-deux-autres-centres-technologiques","status":"publish","type":"post","link":"https:\/\/www.m-q.ch\/fr\/eidgenossenschaft-foerdert-zwei-weitere-technologiezentren\/","title":{"rendered":"La Conf\u00e9d\u00e9ration soutient deux autres centres technologiques"},"content":{"rendered":"<figure id=\"attachment_17397\" aria-describedby=\"caption-attachment-17397\" style=\"width: 680px\" class=\"wp-caption alignnone\"><img loading=\"lazy\" decoding=\"async\" class=\"size-full wp-image-17397\" src=\"https:\/\/www.m-q.ch\/wp-content\/uploads\/2023\/01\/Eidgenossenschaft-foerdert-zwei-weitere-Technologiezentren_MQ.jpg\" alt=\"\" width=\"680\" height=\"442\" srcset=\"https:\/\/www.m-q.ch\/wp-content\/uploads\/2023\/01\/Eidgenossenschaft-foerdert-zwei-weitere-Technologiezentren_MQ.jpg 680w, https:\/\/www.m-q.ch\/wp-content\/uploads\/2023\/01\/Eidgenossenschaft-foerdert-zwei-weitere-Technologiezentren_MQ-18x12.jpg 18w, https:\/\/www.m-q.ch\/wp-content\/uploads\/2023\/01\/Eidgenossenschaft-foerdert-zwei-weitere-Technologiezentren_MQ-375x244.jpg 375w, https:\/\/www.m-q.ch\/wp-content\/uploads\/2023\/01\/Eidgenossenschaft-foerdert-zwei-weitere-Technologiezentren_MQ-538x350.jpg 538w\" sizes=\"auto, (max-width: 680px) 100vw, 680px\" \/><figcaption id=\"caption-attachment-17397\" class=\"wp-caption-text\">L'Alliance AM-TTC a \u00e9t\u00e9 cr\u00e9\u00e9e \u00e0 l'initiative de l'Empa et est charg\u00e9e par le Secr\u00e9tariat d'Etat \u00e0 la formation, \u00e0 la recherche et \u00e0 l'innovation d'\u00e9valuer les demandes et d'accompagner le d\u00e9veloppement des centres AM-TTC. (Image : Envato)<\/figcaption><\/figure>\n<p>Les universit\u00e9s et les instituts de recherche suisses sont leaders mondiaux dans de nombreux domaines. La Suisse fait \u00e9galement partie des nations leaders en ce qui concerne les r\u00e9sultats de la recherche et les brevets qui en d\u00e9coulent. Pourtant, il arrive souvent que de nouvelles technologies de fabrication ne passent pas des laboratoires de recherche locaux \u00e0 l'application industrielle. Leur chemin se termine alors dans la \"vall\u00e9e de la mort\" pour les innovations.<\/p>\n<h3>Maintenir la Suisse en tant que site de production de haute qualit\u00e9<\/h3>\n<p>C'est l\u00e0 qu'intervient l'initiative visant \u00e0 cr\u00e9er un r\u00e9seau de centres suisses de transfert de technologie, les \"Advanced Manufacturing Technologie Transfer Centers\" (en abr\u00e9g\u00e9 AM-TTC). Cette initiative fait partie du plan d'action \"num\u00e9risation\" de la Conf\u00e9d\u00e9ration et a pour objectif de maintenir \u00e0 long terme la Suisse en tant que site de production moderne et de haute qualit\u00e9. L'initiative AM-TTC vise \u00e0 mettre en place et \u00e0 rendre accessibles des infrastructures qui permettent \u00e0 l'industrie suisse - en particulier aux PME locales - de d\u00e9couvrir et d'exp\u00e9rimenter de nouvelles technologies de fabrication et de les transf\u00e9rer dans leur production.<\/p>\n<p>Les diff\u00e9rents centres technologiques sont cr\u00e9\u00e9s et financ\u00e9s dans le cadre d'un partenariat entre les pouvoirs publics et l'industrie (\"Public-Private Partnership\"). Les organismes responsables et les consortiums des centres se composent d'instituts de recherche et d'entreprises industrielles suisses. Ainsi, ces centres sont en m\u00eame temps des lieux o\u00f9 les partenaires de la science et de l'industrie peuvent d\u00e9velopper ensemble de nouvelles technologies de fabrication et les rendre compatibles avec l'industrie.<\/p>\n<div class=\"std-paragraph-block\">\n<h3>Les premiers centres seront cr\u00e9\u00e9s en 2019<\/h3>\n<div class=\"std-art-paragraph\">\n<p>En 2019, deux centres technologiques ont d\u00e9j\u00e0 \u00e9t\u00e9 cr\u00e9\u00e9s : le centre \"ANAXAM\", qui permet aux entreprises industrielles d'utiliser plus facilement les lignes de faisceau de l'Institut Paul Scherrer (PSI) pour \u00e9tudier leurs mat\u00e9riaux et leurs produits ; et le \"Swiss m4m Center\", qui donne aux entreprises MedTech l'acc\u00e8s \u00e0 une ligne de production pilote d'implants m\u00e9dicaux imprim\u00e9s en 3D, certifi\u00e9e ISO 13485. Durant la phase de d\u00e9marrage, jusqu'\u00e0 fin 2020, ces deux centres ont \u00e9t\u00e9 soutenus par des fonds du Conseil des EPF ; depuis d\u00e9but 2021, ils sont soutenus par des fonds de la Conf\u00e9d\u00e9ration en tant qu'institutions de recherche d'importance nationale (conform\u00e9ment \u00e0 l'art. 15 de la loi sur l'encouragement de la recherche et de l'innovation (LERI)).<\/p>\n<\/div>\n<\/div>\n<div class=\"std-paragraph-block\">\n<h3>Soutien \u00e0 deux autres centres technologiques<\/h3>\n<div class=\"std-art-paragraph\">\n<p>Fin novembre de cette ann\u00e9e, le D\u00e9partement f\u00e9d\u00e9ral de l'\u00e9conomie, de la formation et de la recherche (DEFR) et l'\"AM-TTC Alliance\", l'organisation fa\u00eeti\u00e8re de l'initiative AM-TTC, ont d\u00e9cid\u00e9, \u00e0 l'issue d'une proc\u00e9dure de s\u00e9lection compl\u00e8te, de soutenir deux autres centres technologiques dans les domaines de la robotique collaborative et de la photonique jusqu'\u00e0 fin 2024 avec des moyens d'un montant total de 6,5 millions de francs. Le soutien provient d'une part des fonds du Conseil des EPF, qui a d\u00e9fini le d\u00e9veloppement des AM-TTC en Suisse comme une mesure de sa planification strat\u00e9gique 2021-2024. D'autre part, les centres re\u00e7oivent \u00e9galement des fonds d'encouragement de la Conf\u00e9d\u00e9ration conform\u00e9ment \u00e0 l'art. 15 LERI.<\/p>\n<p>Le \"Swiss Cobotics Competence Center\" (S3C) de Bienne veut mettre en \u00e9vidence les chances de la collaboration entre l'homme et le robot. Son objectif est de combler l'\u00e9cart entre les capacit\u00e9s th\u00e9oriques des robots et la r\u00e9alit\u00e9 industrielle, et donc d'amener davantage les robots collaboratifs dans l'application industrielle. Gr\u00e2ce au S3C, les entreprises suisses auront acc\u00e8s au savoir-faire et \u00e0 une plateforme de d\u00e9monstration et de test pour des solutions cobotiques innovantes. Outre le parc suisse d'innovation de Biel\/Bienne et la \"Swiss Smart Factory\" qui y est install\u00e9e, la <a href=\"https:\/\/www.bfh.ch\/de\/\">Haute \u00e9cole sp\u00e9cialis\u00e9e bernoise<\/a> est l'un des membres fondateurs du S3C. Et depuis sa cr\u00e9ation en novembre 2022, de nombreux autres partenaires industriels et scientifiques ont d\u00e9j\u00e0 rejoint le S3C en tant que membres.<\/p>\n<p>Le deuxi\u00e8me AM-TTC nouvellement cr\u00e9\u00e9, le \"Swiss Photonics Integration Center\" (\"Swiss PIC\"), est situ\u00e9 dans le parc d'innovation suisse \"<a href=\"https:\/\/www.parkinnovaare.ch\/de\">InnovAare<\/a>\"est situ\u00e9 dans le centre. Ce centre se concentre sur les composants et les syst\u00e8mes optiques qui transportent et traitent les particules de lumi\u00e8re, appel\u00e9es photons. Le \"Swiss PITC\" mettra en place des installations qui permettront d'int\u00e9grer les plus petits composants optiques dans des syst\u00e8mes ou appareils plus grands et de les tester. En Suisse, il existe de nombreuses entreprises et groupes de recherche qui d\u00e9veloppent et fabriquent de nouveaux composants photoniques innovants. Souvent, ils n'ont pas acc\u00e8s \u00e0 de telles installations. Le \"Swiss PITC\" vise \u00e0 combler cette lacune en rendant de telles installations accessibles et en aidant les entreprises \u00e0 mettre en place leurs propres solutions d'int\u00e9gration et de conditionnement dans leur production.<\/p>\n<p><em>Source : <a href=\"http:\/\/www.empa.ch\">Empa<\/a><\/em><\/p>\n<\/div>\n<\/div>\n<div class=\"std-paragraph-block\">\n<blockquote>\n<h3>L'\"Alliance AM-TTC<\/h3>\n<\/blockquote>\n<div class=\"std-art-paragraph\">\n<blockquote>\n<p>Le 4 f\u00e9vrier 2019, 22 institutions de recherche et entreprises industrielles suisses ont fond\u00e9 \u00e0 l'Empa \u00e0 D\u00fcbendorf l'association \"AM-TTC Alliance\", l'association fa\u00eeti\u00e8re de ces centres de transfert de technologie. Parmi les membres figurent des institutions du domaine des EPF, des hautes \u00e9coles sp\u00e9cialis\u00e9es et d'autres instituts de recherche, des entreprises industrielles comme ABB, BASF, B\u00fchler, Hilti, Oerlikon, Rolex et Siemens ainsi que l'association industrielle Swissmem. Le directeur g\u00e9n\u00e9ral est actuellement le chercheur de l'Empa Lars Sommerh\u00e4user.<\/p>\n<\/blockquote>\n<\/div>\n<\/div>","protected":false},"excerpt":{"rendered":"<p>Die Schweizer Hochschulen und Forschungseinrichtungen sind in vielen Gebieten weltweit f\u00fchrend. Auch hinsichtlich der Forschungsergebnisse und den daraus resultierenden Patenten geh\u00f6rt die Schweiz zu den f\u00fchrenden Nationen. Doch oftmals finden neue Herstellungstechnologien nicht ihren Weg aus den hiesigen Forschungslaboren in die industrielle Anwendung. Ihr Weg endet dann im \u00abTal des Todes\u00bb f\u00fcr Innovationen. Schweiz als [&hellip;]<\/p>\n","protected":false},"author":10,"featured_media":17397,"comment_status":"closed","ping_status":"closed","sticky":false,"template":"","format":"standard","meta":{"_acf_changed":false,"footnotes":""},"categories":[4448],"tags":[3743,3490,4143],"class_list":["post-17396","post","type-post","status-publish","format-standard","has-post-thumbnail","hentry","category-allgemein","tag-forschung","tag-schweiz","tag-technologiezentren"],"acf":[],"yoast_head":"<!-- This site is optimized with the Yoast SEO plugin v26.2 - https:\/\/yoast.com\/wordpress\/plugins\/seo\/ -->\n<title>Eidgenossenschaft f\u00f6rdert zwei weitere Technologiezentren - MQ Management und Qualit\u00e4t<\/title>\n<meta name=\"description\" content=\"Das Eidgen\u00f6ssisches Departement f\u00fcr Wirtschaft, Bildung und Forschung (WBF) und die \u00abAM-TTC Alliance\u00bb f\u00f6rdern zwei weitere Technologiezentren.\" \/>\n<meta name=\"robots\" content=\"index, follow, max-snippet:-1, max-image-preview:large, max-video-preview:-1\" \/>\n<link rel=\"canonical\" href=\"https:\/\/www.m-q.ch\/fr\/la-confederation-soutient-deux-autres-centres-technologiques\/\" \/>\n<meta property=\"og:locale\" content=\"fr_FR\" \/>\n<meta property=\"og:type\" content=\"article\" \/>\n<meta property=\"og:title\" content=\"Eidgenossenschaft f\u00f6rdert zwei weitere Technologiezentren\" \/>\n<meta property=\"og:description\" content=\"Das Eidgen\u00f6ssisches Departement f\u00fcr Wirtschaft, Bildung und Forschung (WBF) und die \u00abAM-TTC Alliance\u00bb f\u00f6rdern zwei weitere Technologiezentren.\" \/>\n<meta property=\"og:url\" content=\"https:\/\/www.m-q.ch\/fr\/la-confederation-soutient-deux-autres-centres-technologiques\/\" \/>\n<meta property=\"og:site_name\" content=\"MQ Management und Qualit\u00e4t\" \/>\n<meta property=\"article:publisher\" content=\"https:\/\/www.facebook.com\/ManagementUndQualitaet\" \/>\n<meta property=\"article:published_time\" content=\"2023-01-10T07:30:47+00:00\" \/>\n<meta property=\"og:image\" content=\"https:\/\/www.m-q.ch\/wp-content\/uploads\/2023\/01\/Eidgenossenschaft-foerdert-zwei-weitere-Technologiezentren_MQ.jpg\" \/>\n\t<meta property=\"og:image:width\" content=\"680\" \/>\n\t<meta property=\"og:image:height\" content=\"442\" \/>\n\t<meta property=\"og:image:type\" content=\"image\/jpeg\" \/>\n<meta name=\"author\" content=\"Thomas Berner\" \/>\n<meta name=\"twitter:card\" content=\"summary_large_image\" \/>\n<meta name=\"twitter:title\" content=\"#Eidgenossenschaft f\u00f6rdert zwei weitere #Technologiezentren\" \/>\n<meta name=\"twitter:description\" content=\"Das Eidgen\u00f6ssisches Departement f\u00fcr Wirtschaft, Bildung und Forschung (#WBF) und die \u00ab#AM-TTC Alliance\u00bb f\u00f6rdern zwei weitere #Technologiezentren.\" \/>\n<meta name=\"twitter:image\" content=\"https:\/\/www.m-q.ch\/wp-content\/uploads\/2023\/01\/Eidgenossenschaft-foerdert-zwei-weitere-Technologiezentren_MQ.jpg\" \/>\n<meta name=\"twitter:label1\" content=\"\u00c9crit par\" \/>\n\t<meta name=\"twitter:data1\" content=\"Thomas Berner\" \/>\n\t<meta name=\"twitter:label2\" content=\"Dur\u00e9e de lecture estim\u00e9e\" \/>\n\t<meta name=\"twitter:data2\" content=\"4 minutes\" \/>\n<script type=\"application\/ld+json\" class=\"yoast-schema-graph\">{\"@context\":\"https:\/\/schema.org\",\"@graph\":[{\"@type\":\"Article\",\"@id\":\"https:\/\/www.m-q.ch\/eidgenossenschaft-foerdert-zwei-weitere-technologiezentren\/#article\",\"isPartOf\":{\"@id\":\"https:\/\/www.m-q.ch\/eidgenossenschaft-foerdert-zwei-weitere-technologiezentren\/\"},\"author\":{\"name\":\"Thomas Berner\",\"@id\":\"https:\/\/www.m-q.ch\/fr\/#\/schema\/person\/a8711938b1cfb3f056dec70eaa0b42ab\"},\"headline\":\"Eidgenossenschaft f\u00f6rdert zwei weitere Technologiezentren\",\"datePublished\":\"2023-01-10T07:30:47+00:00\",\"mainEntityOfPage\":{\"@id\":\"https:\/\/www.m-q.ch\/eidgenossenschaft-foerdert-zwei-weitere-technologiezentren\/\"},\"wordCount\":748,\"publisher\":{\"@id\":\"https:\/\/www.m-q.ch\/fr\/#organization\"},\"image\":{\"@id\":\"https:\/\/www.m-q.ch\/eidgenossenschaft-foerdert-zwei-weitere-technologiezentren\/#primaryimage\"},\"thumbnailUrl\":\"https:\/\/www.m-q.ch\/wp-content\/uploads\/2023\/01\/Eidgenossenschaft-foerdert-zwei-weitere-Technologiezentren_MQ.jpg\",\"keywords\":[\"Forschung\",\"Schweiz\",\"Technologiezentren\"],\"articleSection\":[\"Allgemein\"],\"inLanguage\":\"fr-FR\"},{\"@type\":\"WebPage\",\"@id\":\"https:\/\/www.m-q.ch\/eidgenossenschaft-foerdert-zwei-weitere-technologiezentren\/\",\"url\":\"https:\/\/www.m-q.ch\/eidgenossenschaft-foerdert-zwei-weitere-technologiezentren\/\",\"name\":\"Eidgenossenschaft f\u00f6rdert zwei weitere Technologiezentren - MQ Management und Qualit\u00e4t\",\"isPartOf\":{\"@id\":\"https:\/\/www.m-q.ch\/fr\/#website\"},\"primaryImageOfPage\":{\"@id\":\"https:\/\/www.m-q.ch\/eidgenossenschaft-foerdert-zwei-weitere-technologiezentren\/#primaryimage\"},\"image\":{\"@id\":\"https:\/\/www.m-q.ch\/eidgenossenschaft-foerdert-zwei-weitere-technologiezentren\/#primaryimage\"},\"thumbnailUrl\":\"https:\/\/www.m-q.ch\/wp-content\/uploads\/2023\/01\/Eidgenossenschaft-foerdert-zwei-weitere-Technologiezentren_MQ.jpg\",\"datePublished\":\"2023-01-10T07:30:47+00:00\",\"description\":\"Das Eidgen\u00f6ssisches Departement f\u00fcr Wirtschaft, Bildung und Forschung (WBF) und die \u00abAM-TTC Alliance\u00bb f\u00f6rdern zwei weitere Technologiezentren.\",\"breadcrumb\":{\"@id\":\"https:\/\/www.m-q.ch\/eidgenossenschaft-foerdert-zwei-weitere-technologiezentren\/#breadcrumb\"},\"inLanguage\":\"fr-FR\",\"potentialAction\":[{\"@type\":\"ReadAction\",\"target\":[\"https:\/\/www.m-q.ch\/eidgenossenschaft-foerdert-zwei-weitere-technologiezentren\/\"]}]},{\"@type\":\"ImageObject\",\"inLanguage\":\"fr-FR\",\"@id\":\"https:\/\/www.m-q.ch\/eidgenossenschaft-foerdert-zwei-weitere-technologiezentren\/#primaryimage\",\"url\":\"https:\/\/www.m-q.ch\/wp-content\/uploads\/2023\/01\/Eidgenossenschaft-foerdert-zwei-weitere-Technologiezentren_MQ.jpg\",\"contentUrl\":\"https:\/\/www.m-q.ch\/wp-content\/uploads\/2023\/01\/Eidgenossenschaft-foerdert-zwei-weitere-Technologiezentren_MQ.jpg\",\"width\":680,\"height\":442,\"caption\":\"Die AM-TTC Alliance wurde auf Initiative der Empa gegr\u00fcndet und hat vom Staatssekretariat f\u00fcr Bildung, Forschung und Innovation den Auftrag, Gesuche zu evaluieren und die Entwicklung von AM-TTC-Zentren zu begleiten. (Bild: Envato)\"},{\"@type\":\"BreadcrumbList\",\"@id\":\"https:\/\/www.m-q.ch\/eidgenossenschaft-foerdert-zwei-weitere-technologiezentren\/#breadcrumb\",\"itemListElement\":[{\"@type\":\"ListItem\",\"position\":1,\"name\":\"Allgemein\",\"item\":\"https:\/\/www.m-q.ch\/kategorie\/allgemein\/\"},{\"@type\":\"ListItem\",\"position\":2,\"name\":\"Eidgenossenschaft f\u00f6rdert zwei weitere Technologiezentren\"}]},{\"@type\":\"WebSite\",\"@id\":\"https:\/\/www.m-q.ch\/fr\/#website\",\"url\":\"https:\/\/www.m-q.ch\/fr\/\",\"name\":\"MQ Management und Qualit\u00e4t\",\"description\":\"Plattform f\u00fcr integrierte Managementsysteme.\",\"publisher\":{\"@id\":\"https:\/\/www.m-q.ch\/fr\/#organization\"},\"potentialAction\":[{\"@type\":\"SearchAction\",\"target\":{\"@type\":\"EntryPoint\",\"urlTemplate\":\"https:\/\/www.m-q.ch\/fr\/?s={search_term_string}\"},\"query-input\":{\"@type\":\"PropertyValueSpecification\",\"valueRequired\":true,\"valueName\":\"search_term_string\"}}],\"inLanguage\":\"fr-FR\"},{\"@type\":\"Organization\",\"@id\":\"https:\/\/www.m-q.ch\/fr\/#organization\",\"name\":\"Galledia Fachmedien AG\",\"url\":\"https:\/\/www.m-q.ch\/fr\/\",\"logo\":{\"@type\":\"ImageObject\",\"inLanguage\":\"fr-FR\",\"@id\":\"https:\/\/www.m-q.ch\/fr\/#\/schema\/logo\/image\/\",\"url\":\"https:\/\/www.m-q.ch\/wp-content\/uploads\/2020\/12\/cropped-logo_small.png\",\"contentUrl\":\"https:\/\/www.m-q.ch\/wp-content\/uploads\/2020\/12\/cropped-logo_small.png\",\"width\":512,\"height\":512,\"caption\":\"Galledia Fachmedien AG\"},\"image\":{\"@id\":\"https:\/\/www.m-q.ch\/fr\/#\/schema\/logo\/image\/\"},\"sameAs\":[\"https:\/\/www.facebook.com\/ManagementUndQualitaet\",\"https:\/\/www.linkedin.com\/showcase\/17982321\/admin\/\"]},{\"@type\":\"Person\",\"@id\":\"https:\/\/www.m-q.ch\/fr\/#\/schema\/person\/a8711938b1cfb3f056dec70eaa0b42ab\",\"name\":\"Thomas Berner\",\"image\":{\"@type\":\"ImageObject\",\"inLanguage\":\"fr-FR\",\"@id\":\"https:\/\/www.m-q.ch\/fr\/#\/schema\/person\/image\/\",\"url\":\"https:\/\/secure.gravatar.com\/avatar\/faea7857408f70478f976d576da10f96?s=96&d=mm&r=g\",\"contentUrl\":\"https:\/\/secure.gravatar.com\/avatar\/faea7857408f70478f976d576da10f96?s=96&d=mm&r=g\",\"caption\":\"Thomas Berner\"},\"url\":\"https:\/\/www.m-q.ch\/fr\/author\/thomas-berner\/\"}]}<\/script>\n<!-- \/ Yoast SEO plugin. -->","yoast_head_json":{"title":"La Conf\u00e9d\u00e9ration soutient deux autres centres technologiques - MQ Management et Qualit\u00e9","description":"Le D\u00e9partement f\u00e9d\u00e9ral de l'\u00e9conomie, de la formation et de la recherche (DEFR) et l'\"AM-TTC Alliance\" soutiennent deux autres centres technologiques.","robots":{"index":"index","follow":"follow","max-snippet":"max-snippet:-1","max-image-preview":"max-image-preview:large","max-video-preview":"max-video-preview:-1"},"canonical":"https:\/\/www.m-q.ch\/fr\/la-confederation-soutient-deux-autres-centres-technologiques\/","og_locale":"fr_FR","og_type":"article","og_title":"Eidgenossenschaft f\u00f6rdert zwei weitere Technologiezentren","og_description":"Das Eidgen\u00f6ssisches Departement f\u00fcr Wirtschaft, Bildung und Forschung (WBF) und die \u00abAM-TTC Alliance\u00bb f\u00f6rdern zwei weitere Technologiezentren.","og_url":"https:\/\/www.m-q.ch\/fr\/la-confederation-soutient-deux-autres-centres-technologiques\/","og_site_name":"MQ Management und Qualit\u00e4t","article_publisher":"https:\/\/www.facebook.com\/ManagementUndQualitaet","article_published_time":"2023-01-10T07:30:47+00:00","og_image":[{"width":680,"height":442,"url":"https:\/\/www.m-q.ch\/wp-content\/uploads\/2023\/01\/Eidgenossenschaft-foerdert-zwei-weitere-Technologiezentren_MQ.jpg","type":"image\/jpeg"}],"author":"Thomas Berner","twitter_card":"summary_large_image","twitter_title":"#Eidgenossenschaft f\u00f6rdert zwei weitere #Technologiezentren","twitter_description":"Das Eidgen\u00f6ssisches Departement f\u00fcr Wirtschaft, Bildung und Forschung (#WBF) und die \u00ab#AM-TTC Alliance\u00bb f\u00f6rdern zwei weitere #Technologiezentren.","twitter_image":"https:\/\/www.m-q.ch\/wp-content\/uploads\/2023\/01\/Eidgenossenschaft-foerdert-zwei-weitere-Technologiezentren_MQ.jpg","twitter_misc":{"\u00c9crit par":"Thomas Berner","Dur\u00e9e de lecture estim\u00e9e":"4 minutes"},"schema":{"@context":"https:\/\/schema.org","@graph":[{"@type":"Article","@id":"https:\/\/www.m-q.ch\/eidgenossenschaft-foerdert-zwei-weitere-technologiezentren\/#article","isPartOf":{"@id":"https:\/\/www.m-q.ch\/eidgenossenschaft-foerdert-zwei-weitere-technologiezentren\/"},"author":{"name":"Thomas Berner","@id":"https:\/\/www.m-q.ch\/fr\/#\/schema\/person\/a8711938b1cfb3f056dec70eaa0b42ab"},"headline":"Eidgenossenschaft f\u00f6rdert zwei weitere Technologiezentren","datePublished":"2023-01-10T07:30:47+00:00","mainEntityOfPage":{"@id":"https:\/\/www.m-q.ch\/eidgenossenschaft-foerdert-zwei-weitere-technologiezentren\/"},"wordCount":748,"publisher":{"@id":"https:\/\/www.m-q.ch\/fr\/#organization"},"image":{"@id":"https:\/\/www.m-q.ch\/eidgenossenschaft-foerdert-zwei-weitere-technologiezentren\/#primaryimage"},"thumbnailUrl":"https:\/\/www.m-q.ch\/wp-content\/uploads\/2023\/01\/Eidgenossenschaft-foerdert-zwei-weitere-Technologiezentren_MQ.jpg","keywords":["Forschung","Schweiz","Technologiezentren"],"articleSection":["Allgemein"],"inLanguage":"fr-FR"},{"@type":"WebPage","@id":"https:\/\/www.m-q.ch\/eidgenossenschaft-foerdert-zwei-weitere-technologiezentren\/","url":"https:\/\/www.m-q.ch\/eidgenossenschaft-foerdert-zwei-weitere-technologiezentren\/","name":"La Conf\u00e9d\u00e9ration soutient deux autres centres technologiques - MQ Management et Qualit\u00e9","isPartOf":{"@id":"https:\/\/www.m-q.ch\/fr\/#website"},"primaryImageOfPage":{"@id":"https:\/\/www.m-q.ch\/eidgenossenschaft-foerdert-zwei-weitere-technologiezentren\/#primaryimage"},"image":{"@id":"https:\/\/www.m-q.ch\/eidgenossenschaft-foerdert-zwei-weitere-technologiezentren\/#primaryimage"},"thumbnailUrl":"https:\/\/www.m-q.ch\/wp-content\/uploads\/2023\/01\/Eidgenossenschaft-foerdert-zwei-weitere-Technologiezentren_MQ.jpg","datePublished":"2023-01-10T07:30:47+00:00","description":"Le D\u00e9partement f\u00e9d\u00e9ral de l'\u00e9conomie, de la formation et de la recherche (DEFR) et l'\"AM-TTC Alliance\" soutiennent deux autres centres technologiques.","breadcrumb":{"@id":"https:\/\/www.m-q.ch\/eidgenossenschaft-foerdert-zwei-weitere-technologiezentren\/#breadcrumb"},"inLanguage":"fr-FR","potentialAction":[{"@type":"ReadAction","target":["https:\/\/www.m-q.ch\/eidgenossenschaft-foerdert-zwei-weitere-technologiezentren\/"]}]},{"@type":"ImageObject","inLanguage":"fr-FR","@id":"https:\/\/www.m-q.ch\/eidgenossenschaft-foerdert-zwei-weitere-technologiezentren\/#primaryimage","url":"https:\/\/www.m-q.ch\/wp-content\/uploads\/2023\/01\/Eidgenossenschaft-foerdert-zwei-weitere-Technologiezentren_MQ.jpg","contentUrl":"https:\/\/www.m-q.ch\/wp-content\/uploads\/2023\/01\/Eidgenossenschaft-foerdert-zwei-weitere-Technologiezentren_MQ.jpg","width":680,"height":442,"caption":"Die AM-TTC Alliance wurde auf Initiative der Empa gegr\u00fcndet und hat vom Staatssekretariat f\u00fcr Bildung, Forschung und Innovation den Auftrag, Gesuche zu evaluieren und die Entwicklung von AM-TTC-Zentren zu begleiten. (Bild: Envato)"},{"@type":"BreadcrumbList","@id":"https:\/\/www.m-q.ch\/eidgenossenschaft-foerdert-zwei-weitere-technologiezentren\/#breadcrumb","itemListElement":[{"@type":"ListItem","position":1,"name":"Allgemein","item":"https:\/\/www.m-q.ch\/kategorie\/allgemein\/"},{"@type":"ListItem","position":2,"name":"Eidgenossenschaft f\u00f6rdert zwei weitere Technologiezentren"}]},{"@type":"WebSite","@id":"https:\/\/www.m-q.ch\/fr\/#website","url":"https:\/\/www.m-q.ch\/fr\/","name":"Gestion et qualit\u00e9 du QM","description":"Plate-forme pour les syst\u00e8mes de gestion int\u00e9gr\u00e9e.","publisher":{"@id":"https:\/\/www.m-q.ch\/fr\/#organization"},"potentialAction":[{"@type":"SearchAction","target":{"@type":"EntryPoint","urlTemplate":"https:\/\/www.m-q.ch\/fr\/?s={search_term_string}"},"query-input":{"@type":"PropertyValueSpecification","valueRequired":true,"valueName":"search_term_string"}}],"inLanguage":"fr-FR"},{"@type":"Organization","@id":"https:\/\/www.m-q.ch\/fr\/#organization","name":"Galledia Trade Media AG","url":"https:\/\/www.m-q.ch\/fr\/","logo":{"@type":"ImageObject","inLanguage":"fr-FR","@id":"https:\/\/www.m-q.ch\/fr\/#\/schema\/logo\/image\/","url":"https:\/\/www.m-q.ch\/wp-content\/uploads\/2020\/12\/cropped-logo_small.png","contentUrl":"https:\/\/www.m-q.ch\/wp-content\/uploads\/2020\/12\/cropped-logo_small.png","width":512,"height":512,"caption":"Galledia Fachmedien AG"},"image":{"@id":"https:\/\/www.m-q.ch\/fr\/#\/schema\/logo\/image\/"},"sameAs":["https:\/\/www.facebook.com\/ManagementUndQualitaet","https:\/\/www.linkedin.com\/showcase\/17982321\/admin\/"]},{"@type":"Person","@id":"https:\/\/www.m-q.ch\/fr\/#\/schema\/person\/a8711938b1cfb3f056dec70eaa0b42ab","name":"Thomas Berner","image":{"@type":"ImageObject","inLanguage":"fr-FR","@id":"https:\/\/www.m-q.ch\/fr\/#\/schema\/person\/image\/","url":"https:\/\/secure.gravatar.com\/avatar\/faea7857408f70478f976d576da10f96?s=96&d=mm&r=g","contentUrl":"https:\/\/secure.gravatar.com\/avatar\/faea7857408f70478f976d576da10f96?s=96&d=mm&r=g","caption":"Thomas Berner"},"url":"https:\/\/www.m-q.ch\/fr\/author\/thomas-berner\/"}]}},"_links":{"self":[{"href":"https:\/\/www.m-q.ch\/fr\/wp-json\/wp\/v2\/posts\/17396","targetHints":{"allow":["GET"]}}],"collection":[{"href":"https:\/\/www.m-q.ch\/fr\/wp-json\/wp\/v2\/posts"}],"about":[{"href":"https:\/\/www.m-q.ch\/fr\/wp-json\/wp\/v2\/types\/post"}],"author":[{"embeddable":true,"href":"https:\/\/www.m-q.ch\/fr\/wp-json\/wp\/v2\/users\/10"}],"replies":[{"embeddable":true,"href":"https:\/\/www.m-q.ch\/fr\/wp-json\/wp\/v2\/comments?post=17396"}],"version-history":[{"count":1,"href":"https:\/\/www.m-q.ch\/fr\/wp-json\/wp\/v2\/posts\/17396\/revisions"}],"predecessor-version":[{"id":17398,"href":"https:\/\/www.m-q.ch\/fr\/wp-json\/wp\/v2\/posts\/17396\/revisions\/17398"}],"wp:featuredmedia":[{"embeddable":true,"href":"https:\/\/www.m-q.ch\/fr\/wp-json\/wp\/v2\/media\/17397"}],"wp:attachment":[{"href":"https:\/\/www.m-q.ch\/fr\/wp-json\/wp\/v2\/media?parent=17396"}],"wp:term":[{"taxonomy":"category","embeddable":true,"href":"https:\/\/www.m-q.ch\/fr\/wp-json\/wp\/v2\/categories?post=17396"},{"taxonomy":"post_tag","embeddable":true,"href":"https:\/\/www.m-q.ch\/fr\/wp-json\/wp\/v2\/tags?post=17396"}],"curies":[{"name":"wp","href":"https:\/\/api.w.org\/{rel}","templated":true}]}}