{"id":17606,"date":"2023-02-27T14:03:33","date_gmt":"2023-02-27T13:03:33","guid":{"rendered":"https:\/\/www.m-q.ch\/?p=17606"},"modified":"2023-03-21T13:30:46","modified_gmt":"2023-03-21T12:30:46","slug":"limperatif-numerique-remplace-la-transformation-numerique","status":"publish","type":"post","link":"https:\/\/www.m-q.ch\/fr\/der-digitale-imperativ-ersetzt-die-digitale-transformation\/","title":{"rendered":"L'imp\u00e9ratif num\u00e9rique remplace la transformation num\u00e9rique"},"content":{"rendered":"<figure id=\"attachment_17608\" aria-describedby=\"caption-attachment-17608\" style=\"width: 680px\" class=\"wp-caption alignnone\"><img loading=\"lazy\" decoding=\"async\" class=\"size-full wp-image-17608\" src=\"https:\/\/www.m-q.ch\/wp-content\/uploads\/2023\/02\/Der-digitale-Imperativ-ersetzt-die-digitale-Transformation_MQ.jpg\" alt=\"\" width=\"680\" height=\"483\" srcset=\"https:\/\/www.m-q.ch\/wp-content\/uploads\/2023\/02\/Der-digitale-Imperativ-ersetzt-die-digitale-Transformation_MQ.jpg 680w, https:\/\/www.m-q.ch\/wp-content\/uploads\/2023\/02\/Der-digitale-Imperativ-ersetzt-die-digitale-Transformation_MQ-18x12.jpg 18w, https:\/\/www.m-q.ch\/wp-content\/uploads\/2023\/02\/Der-digitale-Imperativ-ersetzt-die-digitale-Transformation_MQ-375x266.jpg 375w, https:\/\/www.m-q.ch\/wp-content\/uploads\/2023\/02\/Der-digitale-Imperativ-ersetzt-die-digitale-Transformation_MQ-493x350.jpg 493w\" sizes=\"auto, (max-width: 680px) 100vw, 680px\" \/><figcaption id=\"caption-attachment-17608\" class=\"wp-caption-text\">Aux yeux de Cosima von Kries, le prolongement de la transformation num\u00e9rique est l'imp\u00e9ratif num\u00e9rique. (Image : Nintex)<\/figcaption><\/figure>\n<p>Gr\u00e2ce \u00e0 sa forte position dans le secteur technologique, Microsoft est bien plac\u00e9e pour cr\u00e9er de nouvelles tendances. <a href=\"https:\/\/www.linkedin.com\/pulse\/digital-imperative-every-organization-satya-nadella\/?trackingId=3FHeuQsbQSSIXOtFbjepbg%3D%3D\">Ainsi, lorsque Satya Nadella dit<\/a>Si l'on peut dire que les chefs d'entreprise doivent aller au-del\u00e0 de la transformation num\u00e9rique, c'est tout \u00e0 fait vrai. L'imp\u00e9ratif num\u00e9rique implique plus qu'une simple urgence. Il implique une n\u00e9cessit\u00e9. Les efforts de num\u00e9risation ne sont pas r\u00e9serv\u00e9s aux entreprises sophistiqu\u00e9es disposant d'importants budgets technologiques. Ils sont n\u00e9cessaires pour \"chaque organisation dans chaque secteur\".<\/p>\n<p>Le passage \u00e0 la num\u00e9risation en tant que n\u00e9cessit\u00e9 signale le nouveau r\u00f4le principal que joue la technologie dans notre monde. La technologie n'existe plus seulement en marge de la vie professionnelle. Elle a fusionn\u00e9 avec tant de processus, de fonctions et de personnes qu'elle est au c\u0153ur du travail quotidien. C'est l\u00e0 le v\u00e9ritable sens de l'imp\u00e9ratif num\u00e9rique. Elle fait partie int\u00e9grante des fonctions commerciales et est essentielle \u00e0 la croissance de l'entreprise.<\/p>\n<h3><strong>Qu'en est-il de la transformation num\u00e9rique ?<\/strong><\/h3>\n<p><strong>\u00a0<\/strong>Au cours de la derni\u00e8re d\u00e9cennie, la transformation num\u00e9rique a conduit les entreprises \u00e0 la pointe du progr\u00e8s \u00e0 adopter une approche bas\u00e9e sur la technologie. Elle a initi\u00e9 un changement de mentalit\u00e9 dans les entreprises modernes et a largement contribu\u00e9 \u00e0 l'\u00e9volution technologique.<\/p>\n<p>Ce qui a chang\u00e9, ce n'est pas le besoin de technologie. C'est l'id\u00e9e perp\u00e9tuelle du changement. Selon Nadella, les dirigeants n'ont pas besoin de repenser leur entreprise, de la red\u00e9couvrir ou de la transformer en permanence. Le besoin de changement est reconnu - et les premiers rouages num\u00e9riques devraient d\u00e9j\u00e0 \u00eatre en place. La transformation num\u00e9rique devrait d\u00e9j\u00e0 \u00eatre en cours au niveau de l'entreprise.\u00a0\u00a0<\/p>\n<h3><strong>Pourquoi l'imp\u00e9ratif num\u00e9rique maintenant ?<\/strong><\/h3>\n<p>La question que beaucoup se posent est la suivante : pourquoi maintenant ? Pourquoi la num\u00e9risation est-elle devenue si importante maintenant (et pas il y a dix ans, par exemple) ?<\/p>\n<p>L'\u00e9volution vers un imp\u00e9ratif num\u00e9rique est en fait un h\u00e9ritage du mouvement de transformation num\u00e9rique. Les chefs d'entreprise ont r\u00e9alis\u00e9 des investissements num\u00e9riques. Les DSI et le personnel informatique ont mis en \u0153uvre de nouvelles solutions et form\u00e9 les collaborateurs. Et les avantages commerciaux sont devenus rapidement et clairement visibles. Pour les entreprises qui ont pris le train de la num\u00e9risation il y a dix ans, la \"transformation\" en a valu la peine.\u00a0<a href=\"https:\/\/www.forbes.com\/sites\/forbestechcouncil\/2021\/04\/07\/digital-transformation-is-coming-of-age\/?sh=5db842274eee\">Des \u00e9tudes montrent que<\/a>L'\u00e9tude a montr\u00e9 que les entreprises qui ont opt\u00e9 t\u00f4t pour la transformation num\u00e9rique \u00e9taient mieux \u00e0 m\u00eame d'acc\u00e9l\u00e9rer leurs efforts de num\u00e9risation, de s'adapter rapidement et de continuer \u00e0 prosp\u00e9rer. Les retardataires ont constat\u00e9 que leurs progr\u00e8s \u00e9taient \u00e0 la tra\u00eene par rapport \u00e0 ceux qui \u00e9taient mieux pr\u00e9par\u00e9s.<\/p>\n<p>\"Alors que la transformation num\u00e9rique \u00e9tait autrefois une strat\u00e9gie permettant aux entreprises de se d\u00e9marquer de leurs concurrents et de les devancer, elle est aujourd'hui une question de survie. La num\u00e9risation est devenue urgente et n\u00e9cessaire. Elle est d\u00e9sormais une n\u00e9cessit\u00e9\", constate Cosima von Kries.\u00a0<\/p>\n<h3><strong>Dans quels domaines la num\u00e9risation est-elle in\u00e9vitable ?<\/strong><\/h3>\n<p>L'imp\u00e9ratif num\u00e9rique, comme la transformation num\u00e9rique, couvre des domaines cl\u00e9s de l'entreprise. Toutes les entreprises ne suivent pas le m\u00eame chemin, mais typiquement, la num\u00e9risation est cruciale pour :<\/p>\n<ul>\n<li><strong>Stockage\/gestion des donn\u00e9es :<\/strong> R\u00e9cemment, le cloud s'est impos\u00e9 comme la cl\u00e9 du stockage et de la gestion des donn\u00e9es, rempla\u00e7ant ainsi les anciens syst\u00e8mes install\u00e9s sur site. Le stockage dans le nuage offre \u00e0 ses utilisateurs une s\u00e9curit\u00e9 et une flexibilit\u00e9 accrues, car il peut \u00e9voluer rapidement et les mises \u00e0 jour de s\u00e9curit\u00e9 et les correctifs sont assur\u00e9s.<\/li>\n<li><strong>Syst\u00e8mes de collaboration :<\/strong> Les ventes d'applications de collaboration ont explos\u00e9 pendant la pand\u00e9mie, lorsque les travailleurs \u00e0 distance avaient besoin de nouveaux outils pour collaborer efficacement. Les outils de collaboration facilitent un mod\u00e8le de travail \u00e0 distance\/hybride tout en permettant une communication plus structur\u00e9e au bureau.<\/li>\n<li><strong>Outils de productivit\u00e9 :\u00a0<\/strong>Les technologies qui favorisent la productivit\u00e9 sont actuellement en t\u00eate de liste des priorit\u00e9s des entreprises. Il s'agit notamment d'outils d'automatisation, d'outils de flux de travail et d'applications capables de suivre la productivit\u00e9 tout au long du cycle de vie d'un projet. Ces outils ne se contentent pas d'augmenter la productivit\u00e9 des employ\u00e9s, ils contiennent g\u00e9n\u00e9ralement des profils de donn\u00e9es qui permettent une meilleure prise de d\u00e9cision.<\/li>\n<\/ul>\n<h3><strong>L'imp\u00e9ratif num\u00e9rique : un appel \u00e0 l'action<\/strong><\/h3>\n<p>Jusqu'\u00e0 pr\u00e9sent, la num\u00e9risation \u00e9tait une d\u00e9cision de la direction de l'entreprise. Le mot \"transformation\" a \u00e9t\u00e9 utilis\u00e9 pour faciliter l'entr\u00e9e des cadres dans le processus de num\u00e9risation. Il d\u00e9crit la m\u00e9tamorphose de m\u00e9thodes obsol\u00e8tes vers de nouvelles technologies. Maintenant que de nombreux syst\u00e8mes num\u00e9riques sont d\u00e9j\u00e0 en place, une nouvelle \u00e8re de num\u00e9risation commence. Une entreprise qui utilise avec succ\u00e8s des outils d'automatisation, des applications de collaboration, des technologies bas\u00e9es sur l'IA et des syst\u00e8mes bas\u00e9s sur le cloud s'imposera - de nombreuses et diverses mani\u00e8res - sur le march\u00e9.\u00a0<\/p>\n<p>La transformation num\u00e9rique n'est plus une option pour les chefs d'entreprise. La num\u00e9risation n'est pas non plus quelque chose de radical, de sophistiqu\u00e9 ou de facile \u00e0 mettre en \u0153uvre du jour au lendemain. L'imp\u00e9ratif num\u00e9rique est avant tout une invitation \u00e0 l'action. Il marque le d\u00e9but d'une nouvelle \u00e8re. Et invite les retardataires de la num\u00e9risation \u00e0 s'adapter - et \u00e0 le faire rapidement.<\/p>\n<p>R\u00e9f\u00e9rence de la source :\u00a0<\/p>\n<ul>\n<li><a href=\"https:\/\/www.linkedin.com\/pulse\/digital-imperative-every-organization-satya-nadella\/?trackingId=3FHeuQsbQSSIXOtFbjepbg%3D%3D\">https:\/\/www.linkedin.com\/pulse\/digital-imperative-every-organization-satya-nadella\/?trackingId=3FHeuQsbQSSIXOtFbjepbg%3D%3D<\/a><\/li>\n<li><a href=\"https:\/\/www.forbes.com\/sites\/forbestechcouncil\/2021\/04\/07\/digital-transformation-is-coming-of-age\/?sh=6c77e35a74ee\">https:\/\/www.forbes.com\/sites\/forbestechcouncil\/2021\/04\/07\/digital-transformation-is-coming-of-age\/?sh=6c77e35a74ee<\/a><\/li>\n<\/ul>\n<p><em>Source : <a href=\"https:\/\/www.nintex.de\/\">Nintex<\/a><\/em><\/p>","protected":false},"excerpt":{"rendered":"<p>Dank dessen starker Stellung in der Technologiebranche ist Microsoft in einer guten Position, um neue Trends zu setzen. Wenn Satya Nadella also sagt, dass Unternehmensleiter \u00fcber die digitale Transformation hinausgehen m\u00fcssen, dann ist das durchaus zutreffend. Der digitale Imperativ impliziert mehr als nur Dringlichkeit. Er impliziert eine Notwendigkeit. Digitalisierungsbem\u00fchungen sind nicht nur f\u00fcr anspruchsvolle Unternehmen [&hellip;]<\/p>\n","protected":false},"author":10,"featured_media":17608,"comment_status":"closed","ping_status":"closed","sticky":false,"template":"","format":"standard","meta":{"_acf_changed":false,"footnotes":""},"categories":[5],"tags":[3328,3372,3360],"class_list":["post-17606","post","type-post","status-publish","format-standard","has-post-thumbnail","hentry","category-business_excellence","tag-business-excellence","tag-digitalisierung","tag-management-und-unternehmensfuehrung"],"acf":[],"yoast_head":"<!-- This site is optimized with the Yoast SEO plugin v26.2 - https:\/\/yoast.com\/wordpress\/plugins\/seo\/ -->\n<title>Der digitale Imperativ ersetzt die digitale Transformation - MQ Management und Qualit\u00e4t<\/title>\n<meta name=\"description\" content=\"Laut Cosima von Kries, Nintex Director, Solution Engineering EMEA, folgt auf die digitale Transformation der digitale Imperativ.\" \/>\n<meta name=\"robots\" content=\"index, follow, max-snippet:-1, max-image-preview:large, max-video-preview:-1\" \/>\n<link rel=\"canonical\" href=\"https:\/\/www.m-q.ch\/fr\/limperatif-numerique-remplace-la-transformation-numerique\/\" \/>\n<meta property=\"og:locale\" content=\"fr_FR\" \/>\n<meta property=\"og:type\" content=\"article\" \/>\n<meta property=\"og:title\" content=\"Der digitale Imperativ ersetzt die digitale Transformation\" \/>\n<meta property=\"og:description\" content=\"Laut Cosima von Kries, Nintex Director, Solution Engineering EMEA, folgt auf die digitale Transformation der digitale Imperativ.\" \/>\n<meta property=\"og:url\" content=\"https:\/\/www.m-q.ch\/fr\/limperatif-numerique-remplace-la-transformation-numerique\/\" \/>\n<meta property=\"og:site_name\" content=\"MQ Management und Qualit\u00e4t\" \/>\n<meta property=\"article:publisher\" content=\"https:\/\/www.facebook.com\/ManagementUndQualitaet\" \/>\n<meta property=\"article:published_time\" content=\"2023-02-27T13:03:33+00:00\" \/>\n<meta property=\"article:modified_time\" content=\"2023-03-21T12:30:46+00:00\" \/>\n<meta property=\"og:image\" content=\"https:\/\/www.m-q.ch\/wp-content\/uploads\/2023\/02\/Der-digitale-Imperativ-ersetzt-die-digitale-Transformation_MQ.jpg\" \/>\n\t<meta property=\"og:image:width\" content=\"680\" \/>\n\t<meta property=\"og:image:height\" content=\"483\" \/>\n\t<meta property=\"og:image:type\" content=\"image\/jpeg\" \/>\n<meta name=\"author\" content=\"Thomas Berner\" \/>\n<meta name=\"twitter:card\" content=\"summary_large_image\" \/>\n<meta name=\"twitter:title\" content=\"Der digitale #Imperativ ersetzt die digitale #Transformation\" \/>\n<meta name=\"twitter:description\" content=\"Laut Cosima von Kries, #Nintex Director, Solution Engineering EMEA, folgt auf die digitale #Transformation der digitale #Imperativ.\" \/>\n<meta name=\"twitter:image\" content=\"https:\/\/www.m-q.ch\/wp-content\/uploads\/2023\/02\/Der-digitale-Imperativ-ersetzt-die-digitale-Transformation_MQ.jpg\" \/>\n<meta name=\"twitter:label1\" content=\"\u00c9crit par\" \/>\n\t<meta name=\"twitter:data1\" content=\"Thomas Berner\" \/>\n\t<meta name=\"twitter:label2\" content=\"Dur\u00e9e de lecture estim\u00e9e\" \/>\n\t<meta name=\"twitter:data2\" content=\"4 minutes\" \/>\n<script type=\"application\/ld+json\" class=\"yoast-schema-graph\">{\"@context\":\"https:\/\/schema.org\",\"@graph\":[{\"@type\":\"Article\",\"@id\":\"https:\/\/www.m-q.ch\/der-digitale-imperativ-ersetzt-die-digitale-transformation\/#article\",\"isPartOf\":{\"@id\":\"https:\/\/www.m-q.ch\/der-digitale-imperativ-ersetzt-die-digitale-transformation\/\"},\"author\":{\"name\":\"Thomas Berner\",\"@id\":\"https:\/\/www.m-q.ch\/fr\/#\/schema\/person\/a8711938b1cfb3f056dec70eaa0b42ab\"},\"headline\":\"Der digitale Imperativ ersetzt die digitale Transformation\",\"datePublished\":\"2023-02-27T13:03:33+00:00\",\"dateModified\":\"2023-03-21T12:30:46+00:00\",\"mainEntityOfPage\":{\"@id\":\"https:\/\/www.m-q.ch\/der-digitale-imperativ-ersetzt-die-digitale-transformation\/\"},\"wordCount\":832,\"publisher\":{\"@id\":\"https:\/\/www.m-q.ch\/fr\/#organization\"},\"image\":{\"@id\":\"https:\/\/www.m-q.ch\/der-digitale-imperativ-ersetzt-die-digitale-transformation\/#primaryimage\"},\"thumbnailUrl\":\"https:\/\/www.m-q.ch\/wp-content\/uploads\/2023\/02\/Der-digitale-Imperativ-ersetzt-die-digitale-Transformation_MQ.jpg\",\"keywords\":[\"Business Excellence\",\"Digitalisierung\",\"Management und Unternehmensf\u00fchrung\"],\"articleSection\":[\"Business Excellence\"],\"inLanguage\":\"fr-FR\"},{\"@type\":\"WebPage\",\"@id\":\"https:\/\/www.m-q.ch\/der-digitale-imperativ-ersetzt-die-digitale-transformation\/\",\"url\":\"https:\/\/www.m-q.ch\/der-digitale-imperativ-ersetzt-die-digitale-transformation\/\",\"name\":\"Der digitale Imperativ ersetzt die digitale Transformation - MQ Management und Qualit\u00e4t\",\"isPartOf\":{\"@id\":\"https:\/\/www.m-q.ch\/fr\/#website\"},\"primaryImageOfPage\":{\"@id\":\"https:\/\/www.m-q.ch\/der-digitale-imperativ-ersetzt-die-digitale-transformation\/#primaryimage\"},\"image\":{\"@id\":\"https:\/\/www.m-q.ch\/der-digitale-imperativ-ersetzt-die-digitale-transformation\/#primaryimage\"},\"thumbnailUrl\":\"https:\/\/www.m-q.ch\/wp-content\/uploads\/2023\/02\/Der-digitale-Imperativ-ersetzt-die-digitale-Transformation_MQ.jpg\",\"datePublished\":\"2023-02-27T13:03:33+00:00\",\"dateModified\":\"2023-03-21T12:30:46+00:00\",\"description\":\"Laut Cosima von Kries, Nintex Director, Solution Engineering EMEA, folgt auf die digitale Transformation der digitale Imperativ.\",\"breadcrumb\":{\"@id\":\"https:\/\/www.m-q.ch\/der-digitale-imperativ-ersetzt-die-digitale-transformation\/#breadcrumb\"},\"inLanguage\":\"fr-FR\",\"potentialAction\":[{\"@type\":\"ReadAction\",\"target\":[\"https:\/\/www.m-q.ch\/der-digitale-imperativ-ersetzt-die-digitale-transformation\/\"]}]},{\"@type\":\"ImageObject\",\"inLanguage\":\"fr-FR\",\"@id\":\"https:\/\/www.m-q.ch\/der-digitale-imperativ-ersetzt-die-digitale-transformation\/#primaryimage\",\"url\":\"https:\/\/www.m-q.ch\/wp-content\/uploads\/2023\/02\/Der-digitale-Imperativ-ersetzt-die-digitale-Transformation_MQ.jpg\",\"contentUrl\":\"https:\/\/www.m-q.ch\/wp-content\/uploads\/2023\/02\/Der-digitale-Imperativ-ersetzt-die-digitale-Transformation_MQ.jpg\",\"width\":680,\"height\":483,\"caption\":\"In den Augen von Cosima von Kries steht als Fortsetzung der digitalen Transformation der digitale Imperativ. (Bild: Nintex)\"},{\"@type\":\"BreadcrumbList\",\"@id\":\"https:\/\/www.m-q.ch\/der-digitale-imperativ-ersetzt-die-digitale-transformation\/#breadcrumb\",\"itemListElement\":[{\"@type\":\"ListItem\",\"position\":1,\"name\":\"Business Excellence\",\"item\":\"https:\/\/www.m-q.ch\/kategorie\/business_excellence\/\"},{\"@type\":\"ListItem\",\"position\":2,\"name\":\"Der digitale Imperativ ersetzt die digitale Transformation\"}]},{\"@type\":\"WebSite\",\"@id\":\"https:\/\/www.m-q.ch\/fr\/#website\",\"url\":\"https:\/\/www.m-q.ch\/fr\/\",\"name\":\"MQ Management und Qualit\u00e4t\",\"description\":\"Plattform f\u00fcr integrierte Managementsysteme.\",\"publisher\":{\"@id\":\"https:\/\/www.m-q.ch\/fr\/#organization\"},\"potentialAction\":[{\"@type\":\"SearchAction\",\"target\":{\"@type\":\"EntryPoint\",\"urlTemplate\":\"https:\/\/www.m-q.ch\/fr\/?s={search_term_string}\"},\"query-input\":{\"@type\":\"PropertyValueSpecification\",\"valueRequired\":true,\"valueName\":\"search_term_string\"}}],\"inLanguage\":\"fr-FR\"},{\"@type\":\"Organization\",\"@id\":\"https:\/\/www.m-q.ch\/fr\/#organization\",\"name\":\"Galledia Fachmedien AG\",\"url\":\"https:\/\/www.m-q.ch\/fr\/\",\"logo\":{\"@type\":\"ImageObject\",\"inLanguage\":\"fr-FR\",\"@id\":\"https:\/\/www.m-q.ch\/fr\/#\/schema\/logo\/image\/\",\"url\":\"https:\/\/www.m-q.ch\/wp-content\/uploads\/2020\/12\/cropped-logo_small.png\",\"contentUrl\":\"https:\/\/www.m-q.ch\/wp-content\/uploads\/2020\/12\/cropped-logo_small.png\",\"width\":512,\"height\":512,\"caption\":\"Galledia Fachmedien AG\"},\"image\":{\"@id\":\"https:\/\/www.m-q.ch\/fr\/#\/schema\/logo\/image\/\"},\"sameAs\":[\"https:\/\/www.facebook.com\/ManagementUndQualitaet\",\"https:\/\/www.linkedin.com\/showcase\/17982321\/admin\/\"]},{\"@type\":\"Person\",\"@id\":\"https:\/\/www.m-q.ch\/fr\/#\/schema\/person\/a8711938b1cfb3f056dec70eaa0b42ab\",\"name\":\"Thomas Berner\",\"image\":{\"@type\":\"ImageObject\",\"inLanguage\":\"fr-FR\",\"@id\":\"https:\/\/www.m-q.ch\/fr\/#\/schema\/person\/image\/\",\"url\":\"https:\/\/secure.gravatar.com\/avatar\/faea7857408f70478f976d576da10f96?s=96&d=mm&r=g\",\"contentUrl\":\"https:\/\/secure.gravatar.com\/avatar\/faea7857408f70478f976d576da10f96?s=96&d=mm&r=g\",\"caption\":\"Thomas Berner\"},\"url\":\"https:\/\/www.m-q.ch\/fr\/author\/thomas-berner\/\"}]}<\/script>\n<!-- \/ Yoast SEO plugin. -->","yoast_head_json":{"title":"L'imp\u00e9ratif num\u00e9rique remplace la transformation num\u00e9rique - MQ Management et qualit\u00e9","description":"Selon Cosima von Kries, Nintex Director, Solution Engineering EMEA, l'imp\u00e9ratif num\u00e9rique suit la transformation num\u00e9rique.","robots":{"index":"index","follow":"follow","max-snippet":"max-snippet:-1","max-image-preview":"max-image-preview:large","max-video-preview":"max-video-preview:-1"},"canonical":"https:\/\/www.m-q.ch\/fr\/limperatif-numerique-remplace-la-transformation-numerique\/","og_locale":"fr_FR","og_type":"article","og_title":"Der digitale Imperativ ersetzt die digitale Transformation","og_description":"Laut Cosima von Kries, Nintex Director, Solution Engineering EMEA, folgt auf die digitale Transformation der digitale Imperativ.","og_url":"https:\/\/www.m-q.ch\/fr\/limperatif-numerique-remplace-la-transformation-numerique\/","og_site_name":"MQ Management und Qualit\u00e4t","article_publisher":"https:\/\/www.facebook.com\/ManagementUndQualitaet","article_published_time":"2023-02-27T13:03:33+00:00","article_modified_time":"2023-03-21T12:30:46+00:00","og_image":[{"width":680,"height":483,"url":"https:\/\/www.m-q.ch\/wp-content\/uploads\/2023\/02\/Der-digitale-Imperativ-ersetzt-die-digitale-Transformation_MQ.jpg","type":"image\/jpeg"}],"author":"Thomas Berner","twitter_card":"summary_large_image","twitter_title":"Der digitale #Imperativ ersetzt die digitale #Transformation","twitter_description":"Laut Cosima von Kries, #Nintex Director, Solution Engineering EMEA, folgt auf die digitale #Transformation der digitale #Imperativ.","twitter_image":"https:\/\/www.m-q.ch\/wp-content\/uploads\/2023\/02\/Der-digitale-Imperativ-ersetzt-die-digitale-Transformation_MQ.jpg","twitter_misc":{"\u00c9crit par":"Thomas Berner","Dur\u00e9e de lecture estim\u00e9e":"4 minutes"},"schema":{"@context":"https:\/\/schema.org","@graph":[{"@type":"Article","@id":"https:\/\/www.m-q.ch\/der-digitale-imperativ-ersetzt-die-digitale-transformation\/#article","isPartOf":{"@id":"https:\/\/www.m-q.ch\/der-digitale-imperativ-ersetzt-die-digitale-transformation\/"},"author":{"name":"Thomas Berner","@id":"https:\/\/www.m-q.ch\/fr\/#\/schema\/person\/a8711938b1cfb3f056dec70eaa0b42ab"},"headline":"Der digitale Imperativ ersetzt die digitale Transformation","datePublished":"2023-02-27T13:03:33+00:00","dateModified":"2023-03-21T12:30:46+00:00","mainEntityOfPage":{"@id":"https:\/\/www.m-q.ch\/der-digitale-imperativ-ersetzt-die-digitale-transformation\/"},"wordCount":832,"publisher":{"@id":"https:\/\/www.m-q.ch\/fr\/#organization"},"image":{"@id":"https:\/\/www.m-q.ch\/der-digitale-imperativ-ersetzt-die-digitale-transformation\/#primaryimage"},"thumbnailUrl":"https:\/\/www.m-q.ch\/wp-content\/uploads\/2023\/02\/Der-digitale-Imperativ-ersetzt-die-digitale-Transformation_MQ.jpg","keywords":["Business Excellence","Digitalisierung","Management und Unternehmensf\u00fchrung"],"articleSection":["Business Excellence"],"inLanguage":"fr-FR"},{"@type":"WebPage","@id":"https:\/\/www.m-q.ch\/der-digitale-imperativ-ersetzt-die-digitale-transformation\/","url":"https:\/\/www.m-q.ch\/der-digitale-imperativ-ersetzt-die-digitale-transformation\/","name":"L'imp\u00e9ratif num\u00e9rique remplace la transformation num\u00e9rique - MQ Management et qualit\u00e9","isPartOf":{"@id":"https:\/\/www.m-q.ch\/fr\/#website"},"primaryImageOfPage":{"@id":"https:\/\/www.m-q.ch\/der-digitale-imperativ-ersetzt-die-digitale-transformation\/#primaryimage"},"image":{"@id":"https:\/\/www.m-q.ch\/der-digitale-imperativ-ersetzt-die-digitale-transformation\/#primaryimage"},"thumbnailUrl":"https:\/\/www.m-q.ch\/wp-content\/uploads\/2023\/02\/Der-digitale-Imperativ-ersetzt-die-digitale-Transformation_MQ.jpg","datePublished":"2023-02-27T13:03:33+00:00","dateModified":"2023-03-21T12:30:46+00:00","description":"Selon Cosima von Kries, Nintex Director, Solution Engineering EMEA, l'imp\u00e9ratif num\u00e9rique suit la transformation num\u00e9rique.","breadcrumb":{"@id":"https:\/\/www.m-q.ch\/der-digitale-imperativ-ersetzt-die-digitale-transformation\/#breadcrumb"},"inLanguage":"fr-FR","potentialAction":[{"@type":"ReadAction","target":["https:\/\/www.m-q.ch\/der-digitale-imperativ-ersetzt-die-digitale-transformation\/"]}]},{"@type":"ImageObject","inLanguage":"fr-FR","@id":"https:\/\/www.m-q.ch\/der-digitale-imperativ-ersetzt-die-digitale-transformation\/#primaryimage","url":"https:\/\/www.m-q.ch\/wp-content\/uploads\/2023\/02\/Der-digitale-Imperativ-ersetzt-die-digitale-Transformation_MQ.jpg","contentUrl":"https:\/\/www.m-q.ch\/wp-content\/uploads\/2023\/02\/Der-digitale-Imperativ-ersetzt-die-digitale-Transformation_MQ.jpg","width":680,"height":483,"caption":"In den Augen von Cosima von Kries steht als Fortsetzung der digitalen Transformation der digitale Imperativ. (Bild: Nintex)"},{"@type":"BreadcrumbList","@id":"https:\/\/www.m-q.ch\/der-digitale-imperativ-ersetzt-die-digitale-transformation\/#breadcrumb","itemListElement":[{"@type":"ListItem","position":1,"name":"Business Excellence","item":"https:\/\/www.m-q.ch\/kategorie\/business_excellence\/"},{"@type":"ListItem","position":2,"name":"Der digitale Imperativ ersetzt die digitale Transformation"}]},{"@type":"WebSite","@id":"https:\/\/www.m-q.ch\/fr\/#website","url":"https:\/\/www.m-q.ch\/fr\/","name":"Gestion et qualit\u00e9 du QM","description":"Plate-forme pour les syst\u00e8mes de gestion int\u00e9gr\u00e9e.","publisher":{"@id":"https:\/\/www.m-q.ch\/fr\/#organization"},"potentialAction":[{"@type":"SearchAction","target":{"@type":"EntryPoint","urlTemplate":"https:\/\/www.m-q.ch\/fr\/?s={search_term_string}"},"query-input":{"@type":"PropertyValueSpecification","valueRequired":true,"valueName":"search_term_string"}}],"inLanguage":"fr-FR"},{"@type":"Organization","@id":"https:\/\/www.m-q.ch\/fr\/#organization","name":"Galledia Trade Media AG","url":"https:\/\/www.m-q.ch\/fr\/","logo":{"@type":"ImageObject","inLanguage":"fr-FR","@id":"https:\/\/www.m-q.ch\/fr\/#\/schema\/logo\/image\/","url":"https:\/\/www.m-q.ch\/wp-content\/uploads\/2020\/12\/cropped-logo_small.png","contentUrl":"https:\/\/www.m-q.ch\/wp-content\/uploads\/2020\/12\/cropped-logo_small.png","width":512,"height":512,"caption":"Galledia Fachmedien AG"},"image":{"@id":"https:\/\/www.m-q.ch\/fr\/#\/schema\/logo\/image\/"},"sameAs":["https:\/\/www.facebook.com\/ManagementUndQualitaet","https:\/\/www.linkedin.com\/showcase\/17982321\/admin\/"]},{"@type":"Person","@id":"https:\/\/www.m-q.ch\/fr\/#\/schema\/person\/a8711938b1cfb3f056dec70eaa0b42ab","name":"Thomas Berner","image":{"@type":"ImageObject","inLanguage":"fr-FR","@id":"https:\/\/www.m-q.ch\/fr\/#\/schema\/person\/image\/","url":"https:\/\/secure.gravatar.com\/avatar\/faea7857408f70478f976d576da10f96?s=96&d=mm&r=g","contentUrl":"https:\/\/secure.gravatar.com\/avatar\/faea7857408f70478f976d576da10f96?s=96&d=mm&r=g","caption":"Thomas Berner"},"url":"https:\/\/www.m-q.ch\/fr\/author\/thomas-berner\/"}]}},"_links":{"self":[{"href":"https:\/\/www.m-q.ch\/fr\/wp-json\/wp\/v2\/posts\/17606","targetHints":{"allow":["GET"]}}],"collection":[{"href":"https:\/\/www.m-q.ch\/fr\/wp-json\/wp\/v2\/posts"}],"about":[{"href":"https:\/\/www.m-q.ch\/fr\/wp-json\/wp\/v2\/types\/post"}],"author":[{"embeddable":true,"href":"https:\/\/www.m-q.ch\/fr\/wp-json\/wp\/v2\/users\/10"}],"replies":[{"embeddable":true,"href":"https:\/\/www.m-q.ch\/fr\/wp-json\/wp\/v2\/comments?post=17606"}],"version-history":[{"count":2,"href":"https:\/\/www.m-q.ch\/fr\/wp-json\/wp\/v2\/posts\/17606\/revisions"}],"predecessor-version":[{"id":17609,"href":"https:\/\/www.m-q.ch\/fr\/wp-json\/wp\/v2\/posts\/17606\/revisions\/17609"}],"wp:featuredmedia":[{"embeddable":true,"href":"https:\/\/www.m-q.ch\/fr\/wp-json\/wp\/v2\/media\/17608"}],"wp:attachment":[{"href":"https:\/\/www.m-q.ch\/fr\/wp-json\/wp\/v2\/media?parent=17606"}],"wp:term":[{"taxonomy":"category","embeddable":true,"href":"https:\/\/www.m-q.ch\/fr\/wp-json\/wp\/v2\/categories?post=17606"},{"taxonomy":"post_tag","embeddable":true,"href":"https:\/\/www.m-q.ch\/fr\/wp-json\/wp\/v2\/tags?post=17606"}],"curies":[{"name":"wp","href":"https:\/\/api.w.org\/{rel}","templated":true}]}}