{"id":17930,"date":"2023-05-01T16:50:14","date_gmt":"2023-05-01T14:50:14","guid":{"rendered":"https:\/\/www.m-q.ch\/?p=17930"},"modified":"2023-05-16T08:28:07","modified_gmt":"2023-05-16T06:28:07","slug":"campagne-nationale-de-sensibilisation-a-la-securite-des-mots-de-passe","status":"publish","type":"post","link":"https:\/\/www.m-q.ch\/fr\/nationale-sensibilisierungskampagne-zur-passwortsicherheit\/","title":{"rendered":"Campagne nationale de sensibilisation \u00e0 la s\u00e9curit\u00e9 des mots de passe"},"content":{"rendered":"<figure id=\"attachment_17931\" aria-describedby=\"caption-attachment-17931\" style=\"width: 680px\" class=\"wp-caption alignnone\"><img loading=\"lazy\" decoding=\"async\" class=\"size-full wp-image-17931\" src=\"https:\/\/www.m-q.ch\/wp-content\/uploads\/2023\/05\/Nationale-Sensibilisierungskampagne-zur-Passwortsicherheit-_MQ.jpg\" alt=\"\" width=\"680\" height=\"579\" srcset=\"https:\/\/www.m-q.ch\/wp-content\/uploads\/2023\/05\/Nationale-Sensibilisierungskampagne-zur-Passwortsicherheit-_MQ.jpg 680w, https:\/\/www.m-q.ch\/wp-content\/uploads\/2023\/05\/Nationale-Sensibilisierungskampagne-zur-Passwortsicherheit-_MQ-14x12.jpg 14w, https:\/\/www.m-q.ch\/wp-content\/uploads\/2023\/05\/Nationale-Sensibilisierungskampagne-zur-Passwortsicherheit-_MQ-352x300.jpg 352w, https:\/\/www.m-q.ch\/wp-content\/uploads\/2023\/05\/Nationale-Sensibilisierungskampagne-zur-Passwortsicherheit-_MQ-411x350.jpg 411w\" sizes=\"auto, (max-width: 680px) 100vw, 680px\" \/><figcaption id=\"caption-attachment-17931\" class=\"wp-caption-text\">Les mauvais mots de passe sont une invitation pour les cybercriminels. C'est pourquoi les autorit\u00e9s de s\u00e9curit\u00e9 suisses ont lanc\u00e9 une campagne de sensibilisation. (Image : Pr\u00e9vention suisse de la criminalit\u00e9)<\/figcaption><\/figure>\n<p>Un mot de passe fort doit comporter au moins douze caract\u00e8res et contenir aussi bien des lettres minuscules et majuscules, des caract\u00e8res sp\u00e9ciaux que des chiffres. En outre, le mot de passe ne doit figurer dans aucun dictionnaire. De tels mots de passe sont difficiles \u00e0 retenir. Surtout si, comme il est recommand\u00e9, on utilise un mot de passe diff\u00e9rent pour chaque application. C'est pourquoi des mots de passe comme \"bonjour\" ou \"123456\" font toujours partie des mots de passe les plus utilis\u00e9s dans toute la Suisse. Des mots de passe faibles comme ceux-ci permettent aux cybercriminels de pirater facilement les donn\u00e9es des utilisateurs et de les utiliser \u00e0 des fins ill\u00e9gales. Avec la campagne actuelle, les autorit\u00e9s de s\u00e9curit\u00e9 et leurs organisations partenaires attirent l'attention sur les dangers des mots de passe faibles et montrent comment prot\u00e9ger ses acc\u00e8s de mani\u00e8re optimale.<\/p>\n<h3>Les moyens techniques soutiennent la cybers\u00e9curit\u00e9<\/h3>\n<p>Afin de cr\u00e9er un mot de passe fort pour chaque acc\u00e8s et de g\u00e9rer les mots de passe en toute s\u00e9curit\u00e9, les gestionnaires de mots de passe constituent une aide pr\u00e9cieuse. Les utilisateurs ne doivent retenir qu'un seul mot de passe fort, \u00e0 savoir celui du gestionnaire de mots de passe. La s\u00e9curit\u00e9 est renforc\u00e9e par une authentification \u00e0 deux facteurs ou multifactorielle. En plus du mot de passe, le facteur connaissance, d'autres facteurs tels que les donn\u00e9es biom\u00e9triques, par exemple l'empreinte digitale ou le Face-ID, viennent s'ajouter.\u00a0<\/p>\n<h3>Campagne nationale de sensibilisation \u00e0 la s\u00e9curit\u00e9 des mots de passe<\/h3>\n<p>Depuis le 1er mai, le NCSC, la PSC et les corps de police cantonaux et municipaux, soutenus par iBarry et EBAS, sensibilisent la population suisse \u00e0 l'importance des mots de passe forts. Un clin d'\u0153il est fait pour montrer que les mots de passe simples, de surcro\u00eet \u00e9pingl\u00e9s sur des post-it, sont tr\u00e8s tentants pour les cybercriminels. Sur le site web de la campagne S-U-P-E-R.ch, des vid\u00e9os d'apprentissage fournissent des informations suppl\u00e9mentaires. Avec les connaissances acquises et un peu de chance, on ne gagne pas seulement plus de cybers\u00e9curit\u00e9, mais aussi un prix de concours. La campagne dure jusqu'au 31 mai 2023.\u00a0<\/p>\n<p><em>Source : Pr\u00e9vention suisse de la criminalit\u00e9<\/em> <em>(<a href=\"http:\/\/www.skppsc.ch\/\" target=\"_blank\" rel=\"noopener\">www.skppsc.ch<\/a>)<\/em><\/p>\n<p><em><a href=\"https:\/\/www.s-u-p-e-r.ch\/de\/\">Informations compl\u00e9mentaires<\/a><\/em><\/p>","protected":false},"excerpt":{"rendered":"<p>Les donn\u00e9es d'utilisateur vol\u00e9es sont souvent \u00e0 l'origine d'une cyber-attaque. Des mots de passe forts permettent d'\u00e9viter de nombreux dommages. Le Centre national de cybers\u00e9curit\u00e9 (NCSC), la Pr\u00e9vention Suisse de la Criminalit\u00e9 (PSC) et les corps de police cantonaux et municipaux organisent en mai, avec le soutien de la plate-forme pour la s\u00e9curit\u00e9 sur Internet iBarry et \"eBanking - en toute s\u00e9curit\u00e9 !\" (EBAS), une campagne nationale de sensibilisation \u00e0 la s\u00e9curit\u00e9 des mots de passe.<\/p>","protected":false},"author":10,"featured_media":17931,"comment_status":"closed","ping_status":"closed","sticky":false,"template":"","format":"standard","meta":{"_acf_changed":false,"footnotes":""},"categories":[4],"tags":[3560,5397,5396],"class_list":["post-17930","post","type-post","status-publish","format-standard","has-post-thumbnail","hentry","category-risikomanagement","tag-cybersicherheit","tag-passwortsicherheit","tag-sensibilisierungskampagne"],"acf":[],"yoast_head":"<!-- This site is optimized with the Yoast SEO plugin v26.2 - https:\/\/yoast.com\/wordpress\/plugins\/seo\/ -->\n<title>Nationale Sensibilisierungskampagne zur Passwortsicherheit - MQ Management und Qualit\u00e4t<\/title>\n<meta name=\"description\" content=\"Mit starken Passw\u00f6rtern kann viel Schaden verhindert werden. Sicherheitsbeh\u00f6rden f\u00fchren deshalb eine Sensibilisierungskampagne durch.\" \/>\n<meta name=\"robots\" content=\"index, follow, max-snippet:-1, max-image-preview:large, max-video-preview:-1\" \/>\n<link rel=\"canonical\" href=\"https:\/\/www.m-q.ch\/fr\/campagne-nationale-de-sensibilisation-a-la-securite-des-mots-de-passe\/\" \/>\n<meta property=\"og:locale\" content=\"fr_FR\" \/>\n<meta property=\"og:type\" content=\"article\" \/>\n<meta property=\"og:title\" content=\"Nationale Sensibilisierungskampagne zur Passwortsicherheit\" \/>\n<meta property=\"og:description\" content=\"Mit starken Passw\u00f6rtern kann viel Schaden verhindert werden. Sicherheitsbeh\u00f6rden f\u00fchren deshalb eine Sensibilisierungskampagne durch.\" \/>\n<meta property=\"og:url\" content=\"https:\/\/www.m-q.ch\/fr\/campagne-nationale-de-sensibilisation-a-la-securite-des-mots-de-passe\/\" \/>\n<meta property=\"og:site_name\" content=\"MQ Management und Qualit\u00e4t\" \/>\n<meta property=\"article:publisher\" content=\"https:\/\/www.facebook.com\/ManagementUndQualitaet\" \/>\n<meta property=\"article:published_time\" content=\"2023-05-01T14:50:14+00:00\" \/>\n<meta property=\"article:modified_time\" content=\"2023-05-16T06:28:07+00:00\" \/>\n<meta property=\"og:image\" content=\"https:\/\/www.m-q.ch\/wp-content\/uploads\/2023\/05\/Nationale-Sensibilisierungskampagne-zur-Passwortsicherheit-_MQ.jpg\" \/>\n\t<meta property=\"og:image:width\" content=\"680\" \/>\n\t<meta property=\"og:image:height\" content=\"579\" \/>\n\t<meta property=\"og:image:type\" content=\"image\/jpeg\" \/>\n<meta name=\"author\" content=\"Thomas Berner\" \/>\n<meta name=\"twitter:card\" content=\"summary_large_image\" \/>\n<meta name=\"twitter:title\" content=\"Nationale #Sensibilisierungskampagne zur #Passwortsicherheit\" \/>\n<meta name=\"twitter:description\" content=\"Mit starken #Passw\u00f6rtern kann viel Schaden verhindert werden. #Sicherheitsbeh\u00f6rden f\u00fchren deshalb eine #Sensibilisierungskampagne durch.\" \/>\n<meta name=\"twitter:image\" content=\"https:\/\/www.m-q.ch\/wp-content\/uploads\/2023\/05\/Nationale-Sensibilisierungskampagne-zur-Passwortsicherheit-_MQ.jpg\" \/>\n<meta name=\"twitter:label1\" content=\"\u00c9crit par\" \/>\n\t<meta name=\"twitter:data1\" content=\"Thomas Berner\" \/>\n\t<meta name=\"twitter:label2\" content=\"Dur\u00e9e de lecture estim\u00e9e\" \/>\n\t<meta name=\"twitter:data2\" content=\"2 minutes\" \/>\n<script type=\"application\/ld+json\" class=\"yoast-schema-graph\">{\"@context\":\"https:\/\/schema.org\",\"@graph\":[{\"@type\":\"Article\",\"@id\":\"https:\/\/www.m-q.ch\/nationale-sensibilisierungskampagne-zur-passwortsicherheit\/#article\",\"isPartOf\":{\"@id\":\"https:\/\/www.m-q.ch\/nationale-sensibilisierungskampagne-zur-passwortsicherheit\/\"},\"author\":{\"name\":\"Thomas Berner\",\"@id\":\"https:\/\/www.m-q.ch\/fr\/#\/schema\/person\/a8711938b1cfb3f056dec70eaa0b42ab\"},\"headline\":\"Nationale Sensibilisierungskampagne zur Passwortsicherheit\",\"datePublished\":\"2023-05-01T14:50:14+00:00\",\"dateModified\":\"2023-05-16T06:28:07+00:00\",\"mainEntityOfPage\":{\"@id\":\"https:\/\/www.m-q.ch\/nationale-sensibilisierungskampagne-zur-passwortsicherheit\/\"},\"wordCount\":327,\"publisher\":{\"@id\":\"https:\/\/www.m-q.ch\/fr\/#organization\"},\"image\":{\"@id\":\"https:\/\/www.m-q.ch\/nationale-sensibilisierungskampagne-zur-passwortsicherheit\/#primaryimage\"},\"thumbnailUrl\":\"https:\/\/www.m-q.ch\/wp-content\/uploads\/2023\/05\/Nationale-Sensibilisierungskampagne-zur-Passwortsicherheit-_MQ.jpg\",\"keywords\":[\"Cybersicherheit\",\"Passwortsicherheit\",\"Sensibilisierungskampagne\"],\"articleSection\":[\"Risikomanagement\"],\"inLanguage\":\"fr-FR\"},{\"@type\":\"WebPage\",\"@id\":\"https:\/\/www.m-q.ch\/nationale-sensibilisierungskampagne-zur-passwortsicherheit\/\",\"url\":\"https:\/\/www.m-q.ch\/nationale-sensibilisierungskampagne-zur-passwortsicherheit\/\",\"name\":\"Nationale Sensibilisierungskampagne zur Passwortsicherheit - MQ Management und Qualit\u00e4t\",\"isPartOf\":{\"@id\":\"https:\/\/www.m-q.ch\/fr\/#website\"},\"primaryImageOfPage\":{\"@id\":\"https:\/\/www.m-q.ch\/nationale-sensibilisierungskampagne-zur-passwortsicherheit\/#primaryimage\"},\"image\":{\"@id\":\"https:\/\/www.m-q.ch\/nationale-sensibilisierungskampagne-zur-passwortsicherheit\/#primaryimage\"},\"thumbnailUrl\":\"https:\/\/www.m-q.ch\/wp-content\/uploads\/2023\/05\/Nationale-Sensibilisierungskampagne-zur-Passwortsicherheit-_MQ.jpg\",\"datePublished\":\"2023-05-01T14:50:14+00:00\",\"dateModified\":\"2023-05-16T06:28:07+00:00\",\"description\":\"Mit starken Passw\u00f6rtern kann viel Schaden verhindert werden. Sicherheitsbeh\u00f6rden f\u00fchren deshalb eine Sensibilisierungskampagne durch.\",\"breadcrumb\":{\"@id\":\"https:\/\/www.m-q.ch\/nationale-sensibilisierungskampagne-zur-passwortsicherheit\/#breadcrumb\"},\"inLanguage\":\"fr-FR\",\"potentialAction\":[{\"@type\":\"ReadAction\",\"target\":[\"https:\/\/www.m-q.ch\/nationale-sensibilisierungskampagne-zur-passwortsicherheit\/\"]}]},{\"@type\":\"ImageObject\",\"inLanguage\":\"fr-FR\",\"@id\":\"https:\/\/www.m-q.ch\/nationale-sensibilisierungskampagne-zur-passwortsicherheit\/#primaryimage\",\"url\":\"https:\/\/www.m-q.ch\/wp-content\/uploads\/2023\/05\/Nationale-Sensibilisierungskampagne-zur-Passwortsicherheit-_MQ.jpg\",\"contentUrl\":\"https:\/\/www.m-q.ch\/wp-content\/uploads\/2023\/05\/Nationale-Sensibilisierungskampagne-zur-Passwortsicherheit-_MQ.jpg\",\"width\":680,\"height\":579,\"caption\":\"Schlechte Passw\u00f6rter sind eine Einladung f\u00fcr Cyberkriminelle. Deshalb haben schweizerische Sicherheitsbeh\u00f6rden eine Sensibilisierungskampagne gestartet. (Bild: Schweizerische Kriminalpr\u00e4vention)\"},{\"@type\":\"BreadcrumbList\",\"@id\":\"https:\/\/www.m-q.ch\/nationale-sensibilisierungskampagne-zur-passwortsicherheit\/#breadcrumb\",\"itemListElement\":[{\"@type\":\"ListItem\",\"position\":1,\"name\":\"Risikomanagement\",\"item\":\"https:\/\/www.m-q.ch\/kategorie\/risikomanagement\/\"},{\"@type\":\"ListItem\",\"position\":2,\"name\":\"Nationale Sensibilisierungskampagne zur Passwortsicherheit\"}]},{\"@type\":\"WebSite\",\"@id\":\"https:\/\/www.m-q.ch\/fr\/#website\",\"url\":\"https:\/\/www.m-q.ch\/fr\/\",\"name\":\"MQ Management und Qualit\u00e4t\",\"description\":\"Plattform f\u00fcr integrierte Managementsysteme.\",\"publisher\":{\"@id\":\"https:\/\/www.m-q.ch\/fr\/#organization\"},\"potentialAction\":[{\"@type\":\"SearchAction\",\"target\":{\"@type\":\"EntryPoint\",\"urlTemplate\":\"https:\/\/www.m-q.ch\/fr\/?s={search_term_string}\"},\"query-input\":{\"@type\":\"PropertyValueSpecification\",\"valueRequired\":true,\"valueName\":\"search_term_string\"}}],\"inLanguage\":\"fr-FR\"},{\"@type\":\"Organization\",\"@id\":\"https:\/\/www.m-q.ch\/fr\/#organization\",\"name\":\"Galledia Fachmedien AG\",\"url\":\"https:\/\/www.m-q.ch\/fr\/\",\"logo\":{\"@type\":\"ImageObject\",\"inLanguage\":\"fr-FR\",\"@id\":\"https:\/\/www.m-q.ch\/fr\/#\/schema\/logo\/image\/\",\"url\":\"https:\/\/www.m-q.ch\/wp-content\/uploads\/2020\/12\/cropped-logo_small.png\",\"contentUrl\":\"https:\/\/www.m-q.ch\/wp-content\/uploads\/2020\/12\/cropped-logo_small.png\",\"width\":512,\"height\":512,\"caption\":\"Galledia Fachmedien AG\"},\"image\":{\"@id\":\"https:\/\/www.m-q.ch\/fr\/#\/schema\/logo\/image\/\"},\"sameAs\":[\"https:\/\/www.facebook.com\/ManagementUndQualitaet\",\"https:\/\/www.linkedin.com\/showcase\/17982321\/admin\/\"]},{\"@type\":\"Person\",\"@id\":\"https:\/\/www.m-q.ch\/fr\/#\/schema\/person\/a8711938b1cfb3f056dec70eaa0b42ab\",\"name\":\"Thomas Berner\",\"image\":{\"@type\":\"ImageObject\",\"inLanguage\":\"fr-FR\",\"@id\":\"https:\/\/www.m-q.ch\/fr\/#\/schema\/person\/image\/\",\"url\":\"https:\/\/secure.gravatar.com\/avatar\/faea7857408f70478f976d576da10f96?s=96&d=mm&r=g\",\"contentUrl\":\"https:\/\/secure.gravatar.com\/avatar\/faea7857408f70478f976d576da10f96?s=96&d=mm&r=g\",\"caption\":\"Thomas Berner\"},\"url\":\"https:\/\/www.m-q.ch\/fr\/author\/thomas-berner\/\"}]}<\/script>\n<!-- \/ Yoast SEO plugin. -->","yoast_head_json":{"title":"Campagne nationale de sensibilisation \u00e0 la s\u00e9curit\u00e9 des mots de passe - MQ Management et Qualit\u00e9","description":"Des mots de passe forts permettent d'\u00e9viter de nombreux dommages. Les autorit\u00e9s de s\u00e9curit\u00e9 m\u00e8nent donc une campagne de sensibilisation.","robots":{"index":"index","follow":"follow","max-snippet":"max-snippet:-1","max-image-preview":"max-image-preview:large","max-video-preview":"max-video-preview:-1"},"canonical":"https:\/\/www.m-q.ch\/fr\/campagne-nationale-de-sensibilisation-a-la-securite-des-mots-de-passe\/","og_locale":"fr_FR","og_type":"article","og_title":"Nationale Sensibilisierungskampagne zur Passwortsicherheit","og_description":"Mit starken Passw\u00f6rtern kann viel Schaden verhindert werden. Sicherheitsbeh\u00f6rden f\u00fchren deshalb eine Sensibilisierungskampagne durch.","og_url":"https:\/\/www.m-q.ch\/fr\/campagne-nationale-de-sensibilisation-a-la-securite-des-mots-de-passe\/","og_site_name":"MQ Management und Qualit\u00e4t","article_publisher":"https:\/\/www.facebook.com\/ManagementUndQualitaet","article_published_time":"2023-05-01T14:50:14+00:00","article_modified_time":"2023-05-16T06:28:07+00:00","og_image":[{"width":680,"height":579,"url":"https:\/\/www.m-q.ch\/wp-content\/uploads\/2023\/05\/Nationale-Sensibilisierungskampagne-zur-Passwortsicherheit-_MQ.jpg","type":"image\/jpeg"}],"author":"Thomas Berner","twitter_card":"summary_large_image","twitter_title":"Nationale #Sensibilisierungskampagne zur #Passwortsicherheit","twitter_description":"Mit starken #Passw\u00f6rtern kann viel Schaden verhindert werden. #Sicherheitsbeh\u00f6rden f\u00fchren deshalb eine #Sensibilisierungskampagne durch.","twitter_image":"https:\/\/www.m-q.ch\/wp-content\/uploads\/2023\/05\/Nationale-Sensibilisierungskampagne-zur-Passwortsicherheit-_MQ.jpg","twitter_misc":{"\u00c9crit par":"Thomas Berner","Dur\u00e9e de lecture estim\u00e9e":"2 minutes"},"schema":{"@context":"https:\/\/schema.org","@graph":[{"@type":"Article","@id":"https:\/\/www.m-q.ch\/nationale-sensibilisierungskampagne-zur-passwortsicherheit\/#article","isPartOf":{"@id":"https:\/\/www.m-q.ch\/nationale-sensibilisierungskampagne-zur-passwortsicherheit\/"},"author":{"name":"Thomas Berner","@id":"https:\/\/www.m-q.ch\/fr\/#\/schema\/person\/a8711938b1cfb3f056dec70eaa0b42ab"},"headline":"Nationale Sensibilisierungskampagne zur Passwortsicherheit","datePublished":"2023-05-01T14:50:14+00:00","dateModified":"2023-05-16T06:28:07+00:00","mainEntityOfPage":{"@id":"https:\/\/www.m-q.ch\/nationale-sensibilisierungskampagne-zur-passwortsicherheit\/"},"wordCount":327,"publisher":{"@id":"https:\/\/www.m-q.ch\/fr\/#organization"},"image":{"@id":"https:\/\/www.m-q.ch\/nationale-sensibilisierungskampagne-zur-passwortsicherheit\/#primaryimage"},"thumbnailUrl":"https:\/\/www.m-q.ch\/wp-content\/uploads\/2023\/05\/Nationale-Sensibilisierungskampagne-zur-Passwortsicherheit-_MQ.jpg","keywords":["Cybersicherheit","Passwortsicherheit","Sensibilisierungskampagne"],"articleSection":["Risikomanagement"],"inLanguage":"fr-FR"},{"@type":"WebPage","@id":"https:\/\/www.m-q.ch\/nationale-sensibilisierungskampagne-zur-passwortsicherheit\/","url":"https:\/\/www.m-q.ch\/nationale-sensibilisierungskampagne-zur-passwortsicherheit\/","name":"Campagne nationale de sensibilisation \u00e0 la s\u00e9curit\u00e9 des mots de passe - MQ Management et Qualit\u00e9","isPartOf":{"@id":"https:\/\/www.m-q.ch\/fr\/#website"},"primaryImageOfPage":{"@id":"https:\/\/www.m-q.ch\/nationale-sensibilisierungskampagne-zur-passwortsicherheit\/#primaryimage"},"image":{"@id":"https:\/\/www.m-q.ch\/nationale-sensibilisierungskampagne-zur-passwortsicherheit\/#primaryimage"},"thumbnailUrl":"https:\/\/www.m-q.ch\/wp-content\/uploads\/2023\/05\/Nationale-Sensibilisierungskampagne-zur-Passwortsicherheit-_MQ.jpg","datePublished":"2023-05-01T14:50:14+00:00","dateModified":"2023-05-16T06:28:07+00:00","description":"Des mots de passe forts permettent d'\u00e9viter de nombreux dommages. Les autorit\u00e9s de s\u00e9curit\u00e9 m\u00e8nent donc une campagne de sensibilisation.","breadcrumb":{"@id":"https:\/\/www.m-q.ch\/nationale-sensibilisierungskampagne-zur-passwortsicherheit\/#breadcrumb"},"inLanguage":"fr-FR","potentialAction":[{"@type":"ReadAction","target":["https:\/\/www.m-q.ch\/nationale-sensibilisierungskampagne-zur-passwortsicherheit\/"]}]},{"@type":"ImageObject","inLanguage":"fr-FR","@id":"https:\/\/www.m-q.ch\/nationale-sensibilisierungskampagne-zur-passwortsicherheit\/#primaryimage","url":"https:\/\/www.m-q.ch\/wp-content\/uploads\/2023\/05\/Nationale-Sensibilisierungskampagne-zur-Passwortsicherheit-_MQ.jpg","contentUrl":"https:\/\/www.m-q.ch\/wp-content\/uploads\/2023\/05\/Nationale-Sensibilisierungskampagne-zur-Passwortsicherheit-_MQ.jpg","width":680,"height":579,"caption":"Schlechte Passw\u00f6rter sind eine Einladung f\u00fcr Cyberkriminelle. Deshalb haben schweizerische Sicherheitsbeh\u00f6rden eine Sensibilisierungskampagne gestartet. (Bild: Schweizerische Kriminalpr\u00e4vention)"},{"@type":"BreadcrumbList","@id":"https:\/\/www.m-q.ch\/nationale-sensibilisierungskampagne-zur-passwortsicherheit\/#breadcrumb","itemListElement":[{"@type":"ListItem","position":1,"name":"Risikomanagement","item":"https:\/\/www.m-q.ch\/kategorie\/risikomanagement\/"},{"@type":"ListItem","position":2,"name":"Nationale Sensibilisierungskampagne zur Passwortsicherheit"}]},{"@type":"WebSite","@id":"https:\/\/www.m-q.ch\/fr\/#website","url":"https:\/\/www.m-q.ch\/fr\/","name":"Gestion et qualit\u00e9 du QM","description":"Plate-forme pour les syst\u00e8mes de gestion int\u00e9gr\u00e9e.","publisher":{"@id":"https:\/\/www.m-q.ch\/fr\/#organization"},"potentialAction":[{"@type":"SearchAction","target":{"@type":"EntryPoint","urlTemplate":"https:\/\/www.m-q.ch\/fr\/?s={search_term_string}"},"query-input":{"@type":"PropertyValueSpecification","valueRequired":true,"valueName":"search_term_string"}}],"inLanguage":"fr-FR"},{"@type":"Organization","@id":"https:\/\/www.m-q.ch\/fr\/#organization","name":"Galledia Trade Media AG","url":"https:\/\/www.m-q.ch\/fr\/","logo":{"@type":"ImageObject","inLanguage":"fr-FR","@id":"https:\/\/www.m-q.ch\/fr\/#\/schema\/logo\/image\/","url":"https:\/\/www.m-q.ch\/wp-content\/uploads\/2020\/12\/cropped-logo_small.png","contentUrl":"https:\/\/www.m-q.ch\/wp-content\/uploads\/2020\/12\/cropped-logo_small.png","width":512,"height":512,"caption":"Galledia Fachmedien AG"},"image":{"@id":"https:\/\/www.m-q.ch\/fr\/#\/schema\/logo\/image\/"},"sameAs":["https:\/\/www.facebook.com\/ManagementUndQualitaet","https:\/\/www.linkedin.com\/showcase\/17982321\/admin\/"]},{"@type":"Person","@id":"https:\/\/www.m-q.ch\/fr\/#\/schema\/person\/a8711938b1cfb3f056dec70eaa0b42ab","name":"Thomas Berner","image":{"@type":"ImageObject","inLanguage":"fr-FR","@id":"https:\/\/www.m-q.ch\/fr\/#\/schema\/person\/image\/","url":"https:\/\/secure.gravatar.com\/avatar\/faea7857408f70478f976d576da10f96?s=96&d=mm&r=g","contentUrl":"https:\/\/secure.gravatar.com\/avatar\/faea7857408f70478f976d576da10f96?s=96&d=mm&r=g","caption":"Thomas Berner"},"url":"https:\/\/www.m-q.ch\/fr\/author\/thomas-berner\/"}]}},"_links":{"self":[{"href":"https:\/\/www.m-q.ch\/fr\/wp-json\/wp\/v2\/posts\/17930","targetHints":{"allow":["GET"]}}],"collection":[{"href":"https:\/\/www.m-q.ch\/fr\/wp-json\/wp\/v2\/posts"}],"about":[{"href":"https:\/\/www.m-q.ch\/fr\/wp-json\/wp\/v2\/types\/post"}],"author":[{"embeddable":true,"href":"https:\/\/www.m-q.ch\/fr\/wp-json\/wp\/v2\/users\/10"}],"replies":[{"embeddable":true,"href":"https:\/\/www.m-q.ch\/fr\/wp-json\/wp\/v2\/comments?post=17930"}],"version-history":[{"count":1,"href":"https:\/\/www.m-q.ch\/fr\/wp-json\/wp\/v2\/posts\/17930\/revisions"}],"predecessor-version":[{"id":17932,"href":"https:\/\/www.m-q.ch\/fr\/wp-json\/wp\/v2\/posts\/17930\/revisions\/17932"}],"wp:featuredmedia":[{"embeddable":true,"href":"https:\/\/www.m-q.ch\/fr\/wp-json\/wp\/v2\/media\/17931"}],"wp:attachment":[{"href":"https:\/\/www.m-q.ch\/fr\/wp-json\/wp\/v2\/media?parent=17930"}],"wp:term":[{"taxonomy":"category","embeddable":true,"href":"https:\/\/www.m-q.ch\/fr\/wp-json\/wp\/v2\/categories?post=17930"},{"taxonomy":"post_tag","embeddable":true,"href":"https:\/\/www.m-q.ch\/fr\/wp-json\/wp\/v2\/tags?post=17930"}],"curies":[{"name":"wp","href":"https:\/\/api.w.org\/{rel}","templated":true}]}}