{"id":18109,"date":"2023-06-13T06:27:28","date_gmt":"2023-06-13T04:27:28","guid":{"rendered":"https:\/\/www.m-q.ch\/de\/?p=18109"},"modified":"2023-06-07T16:36:23","modified_gmt":"2023-06-07T14:36:23","slug":"gestion-de-la-qualite-metas-a-lendroit-le-plus-precis-de-suisse","status":"publish","type":"post","link":"https:\/\/www.m-q.ch\/fr\/metas-qualitaetsmanagement-am-genauesten-ort-der-schweiz\/","title":{"rendered":"METAS : gestion de la qualit\u00e9 \u00e0 l'endroit le plus pr\u00e9cis de Suisse"},"content":{"rendered":"<div class=\"swpm-post-not-logged-in-msg\">Vous devez \u00eatre connect\u00e9 pour voir ce contenu. Veuillez <a class=\"swpm-login-link\" href=\"https:\/\/www.m-q.ch\/fr\/login\/\">Se connecter<\/a>. Pas un membre ? <a href=\"https:\/\/www.m-q.ch\/fr\/sinscrire\/\">Nous Rejoindre<\/a><\/div>","protected":false},"excerpt":{"rendered":"<p>Mesure, instruments de mesure et m\u00e9thodes de mesure. Physique, chimie et biologie. La pr\u00e9cision \u00e0 la limite : l'institut national de m\u00e9trologie METAS \u00e0 Berne veille \u00e0 ce que tout soit mesur\u00e9 avec la plus grande pr\u00e9cision en Suisse. Il va de soi qu'on y contr\u00f4le aussi en permanence ses propres performances.<\/p>","protected":false},"author":364,"featured_media":18107,"comment_status":"closed","ping_status":"closed","sticky":false,"template":"","format":"standard","meta":{"_acf_changed":false,"footnotes":""},"categories":[4443,3303],"tags":[],"class_list":["post-18109","post","type-post","status-publish","format-standard","has-post-thumbnail","hentry","category-abo","category-qualitaetsmanagement"],"acf":[],"yoast_head":"<!-- This site is optimized with the Yoast SEO plugin v26.2 - https:\/\/yoast.com\/wordpress\/plugins\/seo\/ -->\n<title>METAS: Qualit\u00e4tsmanagement am genauesten Ort der Schweiz - MQ Management und Qualit\u00e4t<\/title>\n<meta name=\"description\" content=\"Das nationale Metrologieinstitut METAS in Bern sorgt daf\u00fcr, dass in der Schweiz alles und \u00fcberall mit h\u00f6chster Genauigkeit gemessen wird.\" \/>\n<meta name=\"robots\" content=\"index, follow, max-snippet:-1, max-image-preview:large, max-video-preview:-1\" \/>\n<link rel=\"canonical\" href=\"https:\/\/www.m-q.ch\/fr\/gestion-de-la-qualite-metas-a-lendroit-le-plus-precis-de-suisse\/\" \/>\n<meta property=\"og:locale\" content=\"fr_FR\" \/>\n<meta property=\"og:type\" content=\"article\" \/>\n<meta property=\"og:title\" content=\"METAS: Qualit\u00e4tsmanagement am genauesten Ort der Schweiz - MQ Management und Qualit\u00e4t\" \/>\n<meta property=\"og:description\" content=\"Das nationale Metrologieinstitut METAS in Bern sorgt daf\u00fcr, dass in der Schweiz alles und \u00fcberall mit h\u00f6chster Genauigkeit gemessen wird.\" \/>\n<meta property=\"og:url\" content=\"https:\/\/www.m-q.ch\/fr\/gestion-de-la-qualite-metas-a-lendroit-le-plus-precis-de-suisse\/\" \/>\n<meta property=\"og:site_name\" content=\"MQ Management und Qualit\u00e4t\" \/>\n<meta property=\"article:publisher\" content=\"https:\/\/www.facebook.com\/ManagementUndQualitaet\" \/>\n<meta property=\"article:published_time\" content=\"2023-06-13T04:27:28+00:00\" \/>\n<meta property=\"og:image\" content=\"https:\/\/www.m-q.ch\/wp-content\/uploads\/2023\/06\/QS_Metas_Bild1_management_qualitaet_48336-scaled.jpg\" \/>\n\t<meta property=\"og:image:width\" content=\"1400\" \/>\n\t<meta property=\"og:image:height\" content=\"872\" \/>\n\t<meta property=\"og:image:type\" content=\"image\/jpeg\" \/>\n<meta name=\"author\" content=\"Redaktion\" \/>\n<meta name=\"twitter:card\" content=\"summary_large_image\" \/>\n<meta name=\"twitter:label1\" content=\"\u00c9crit par\" \/>\n\t<meta name=\"twitter:data1\" content=\"Redaktion\" \/>\n\t<meta name=\"twitter:label2\" content=\"Dur\u00e9e de lecture estim\u00e9e\" \/>\n\t<meta name=\"twitter:data2\" content=\"9 minutes\" \/>\n<script type=\"application\/ld+json\" class=\"yoast-schema-graph\">{\"@context\":\"https:\/\/schema.org\",\"@graph\":[{\"@type\":\"Article\",\"@id\":\"https:\/\/www.m-q.ch\/metas-qualitaetsmanagement-am-genauesten-ort-der-schweiz\/#article\",\"isPartOf\":{\"@id\":\"https:\/\/www.m-q.ch\/metas-qualitaetsmanagement-am-genauesten-ort-der-schweiz\/\"},\"author\":{\"name\":\"Redaktion\",\"@id\":\"https:\/\/www.m-q.ch\/fr\/#\/schema\/person\/cf30c7b4028fe33150e62c36185ab577\"},\"headline\":\"METAS: Qualit\u00e4tsmanagement am genauesten Ort der Schweiz\",\"datePublished\":\"2023-06-13T04:27:28+00:00\",\"mainEntityOfPage\":{\"@id\":\"https:\/\/www.m-q.ch\/metas-qualitaetsmanagement-am-genauesten-ort-der-schweiz\/\"},\"wordCount\":1579,\"publisher\":{\"@id\":\"https:\/\/www.m-q.ch\/fr\/#organization\"},\"image\":{\"@id\":\"https:\/\/www.m-q.ch\/metas-qualitaetsmanagement-am-genauesten-ort-der-schweiz\/#primaryimage\"},\"thumbnailUrl\":\"https:\/\/www.m-q.ch\/wp-content\/uploads\/2023\/06\/QS_Metas_Bild1_management_qualitaet_48336-scaled.jpg\",\"articleSection\":[\"Abo +\",\"Qualit\u00e4tsmanagement\"],\"inLanguage\":\"fr-FR\"},{\"@type\":\"WebPage\",\"@id\":\"https:\/\/www.m-q.ch\/metas-qualitaetsmanagement-am-genauesten-ort-der-schweiz\/\",\"url\":\"https:\/\/www.m-q.ch\/metas-qualitaetsmanagement-am-genauesten-ort-der-schweiz\/\",\"name\":\"METAS: Qualit\u00e4tsmanagement am genauesten Ort der Schweiz - MQ Management und Qualit\u00e4t\",\"isPartOf\":{\"@id\":\"https:\/\/www.m-q.ch\/fr\/#website\"},\"primaryImageOfPage\":{\"@id\":\"https:\/\/www.m-q.ch\/metas-qualitaetsmanagement-am-genauesten-ort-der-schweiz\/#primaryimage\"},\"image\":{\"@id\":\"https:\/\/www.m-q.ch\/metas-qualitaetsmanagement-am-genauesten-ort-der-schweiz\/#primaryimage\"},\"thumbnailUrl\":\"https:\/\/www.m-q.ch\/wp-content\/uploads\/2023\/06\/QS_Metas_Bild1_management_qualitaet_48336-scaled.jpg\",\"datePublished\":\"2023-06-13T04:27:28+00:00\",\"description\":\"Das nationale Metrologieinstitut METAS in Bern sorgt daf\u00fcr, dass in der Schweiz alles und \u00fcberall mit h\u00f6chster Genauigkeit gemessen wird.\",\"breadcrumb\":{\"@id\":\"https:\/\/www.m-q.ch\/metas-qualitaetsmanagement-am-genauesten-ort-der-schweiz\/#breadcrumb\"},\"inLanguage\":\"fr-FR\",\"potentialAction\":[{\"@type\":\"ReadAction\",\"target\":[\"https:\/\/www.m-q.ch\/metas-qualitaetsmanagement-am-genauesten-ort-der-schweiz\/\"]}]},{\"@type\":\"ImageObject\",\"inLanguage\":\"fr-FR\",\"@id\":\"https:\/\/www.m-q.ch\/metas-qualitaetsmanagement-am-genauesten-ort-der-schweiz\/#primaryimage\",\"url\":\"https:\/\/www.m-q.ch\/wp-content\/uploads\/2023\/06\/QS_Metas_Bild1_management_qualitaet_48336-scaled.jpg\",\"contentUrl\":\"https:\/\/www.m-q.ch\/wp-content\/uploads\/2023\/06\/QS_Metas_Bild1_management_qualitaet_48336-scaled.jpg\",\"width\":1400,\"height\":872,\"caption\":\"Der wohl genaueste Ort der Schweiz: Das METAS in Bern.\u00a9 METAS\"},{\"@type\":\"BreadcrumbList\",\"@id\":\"https:\/\/www.m-q.ch\/metas-qualitaetsmanagement-am-genauesten-ort-der-schweiz\/#breadcrumb\",\"itemListElement\":[{\"@type\":\"ListItem\",\"position\":1,\"name\":\"Qualit\u00e4tsmanagement\",\"item\":\"https:\/\/www.m-q.ch\/kategorie\/qualitaetsmanagement\/\"},{\"@type\":\"ListItem\",\"position\":2,\"name\":\"METAS: Qualit\u00e4tsmanagement am genauesten Ort der Schweiz\"}]},{\"@type\":\"WebSite\",\"@id\":\"https:\/\/www.m-q.ch\/fr\/#website\",\"url\":\"https:\/\/www.m-q.ch\/fr\/\",\"name\":\"MQ Management und Qualit\u00e4t\",\"description\":\"Plattform f\u00fcr integrierte Managementsysteme.\",\"publisher\":{\"@id\":\"https:\/\/www.m-q.ch\/fr\/#organization\"},\"potentialAction\":[{\"@type\":\"SearchAction\",\"target\":{\"@type\":\"EntryPoint\",\"urlTemplate\":\"https:\/\/www.m-q.ch\/fr\/?s={search_term_string}\"},\"query-input\":{\"@type\":\"PropertyValueSpecification\",\"valueRequired\":true,\"valueName\":\"search_term_string\"}}],\"inLanguage\":\"fr-FR\"},{\"@type\":\"Organization\",\"@id\":\"https:\/\/www.m-q.ch\/fr\/#organization\",\"name\":\"Galledia Fachmedien AG\",\"url\":\"https:\/\/www.m-q.ch\/fr\/\",\"logo\":{\"@type\":\"ImageObject\",\"inLanguage\":\"fr-FR\",\"@id\":\"https:\/\/www.m-q.ch\/fr\/#\/schema\/logo\/image\/\",\"url\":\"https:\/\/www.m-q.ch\/wp-content\/uploads\/2020\/12\/cropped-logo_small.png\",\"contentUrl\":\"https:\/\/www.m-q.ch\/wp-content\/uploads\/2020\/12\/cropped-logo_small.png\",\"width\":512,\"height\":512,\"caption\":\"Galledia Fachmedien AG\"},\"image\":{\"@id\":\"https:\/\/www.m-q.ch\/fr\/#\/schema\/logo\/image\/\"},\"sameAs\":[\"https:\/\/www.facebook.com\/ManagementUndQualitaet\",\"https:\/\/www.linkedin.com\/showcase\/17982321\/admin\/\"]},{\"@type\":\"Person\",\"@id\":\"https:\/\/www.m-q.ch\/fr\/#\/schema\/person\/cf30c7b4028fe33150e62c36185ab577\",\"name\":\"Redaktion\",\"image\":{\"@type\":\"ImageObject\",\"inLanguage\":\"fr-FR\",\"@id\":\"https:\/\/www.m-q.ch\/fr\/#\/schema\/person\/image\/\",\"url\":\"https:\/\/secure.gravatar.com\/avatar\/e2b5af0e473e62154d7b4354a7dec14e?s=96&d=mm&r=g\",\"contentUrl\":\"https:\/\/secure.gravatar.com\/avatar\/e2b5af0e473e62154d7b4354a7dec14e?s=96&d=mm&r=g\",\"caption\":\"Redaktion\"},\"url\":\"https:\/\/www.m-q.ch\/fr\/author\/admin\/\"}]}<\/script>\n<!-- \/ Yoast SEO plugin. -->","yoast_head_json":{"title":"METAS : gestion de la qualit\u00e9 \u00e0 l'endroit le plus pr\u00e9cis de Suisse - MQ Management et qualit\u00e9","description":"L'institut national de m\u00e9trologie METAS \u00e0 Berne veille \u00e0 ce que tout soit mesur\u00e9 avec la plus grande pr\u00e9cision, partout en Suisse.","robots":{"index":"index","follow":"follow","max-snippet":"max-snippet:-1","max-image-preview":"max-image-preview:large","max-video-preview":"max-video-preview:-1"},"canonical":"https:\/\/www.m-q.ch\/fr\/gestion-de-la-qualite-metas-a-lendroit-le-plus-precis-de-suisse\/","og_locale":"fr_FR","og_type":"article","og_title":"METAS: Qualit\u00e4tsmanagement am genauesten Ort der Schweiz - MQ Management und Qualit\u00e4t","og_description":"Das nationale Metrologieinstitut METAS in Bern sorgt daf\u00fcr, dass in der Schweiz alles und \u00fcberall mit h\u00f6chster Genauigkeit gemessen wird.","og_url":"https:\/\/www.m-q.ch\/fr\/gestion-de-la-qualite-metas-a-lendroit-le-plus-precis-de-suisse\/","og_site_name":"MQ Management und Qualit\u00e4t","article_publisher":"https:\/\/www.facebook.com\/ManagementUndQualitaet","article_published_time":"2023-06-13T04:27:28+00:00","og_image":[{"width":1400,"height":872,"url":"https:\/\/www.m-q.ch\/wp-content\/uploads\/2023\/06\/QS_Metas_Bild1_management_qualitaet_48336-scaled.jpg","type":"image\/jpeg"}],"author":"Redaktion","twitter_card":"summary_large_image","twitter_misc":{"\u00c9crit par":"Redaktion","Dur\u00e9e de lecture estim\u00e9e":"9 minutes"},"schema":{"@context":"https:\/\/schema.org","@graph":[{"@type":"Article","@id":"https:\/\/www.m-q.ch\/metas-qualitaetsmanagement-am-genauesten-ort-der-schweiz\/#article","isPartOf":{"@id":"https:\/\/www.m-q.ch\/metas-qualitaetsmanagement-am-genauesten-ort-der-schweiz\/"},"author":{"name":"Redaktion","@id":"https:\/\/www.m-q.ch\/fr\/#\/schema\/person\/cf30c7b4028fe33150e62c36185ab577"},"headline":"METAS: Qualit\u00e4tsmanagement am genauesten Ort der Schweiz","datePublished":"2023-06-13T04:27:28+00:00","mainEntityOfPage":{"@id":"https:\/\/www.m-q.ch\/metas-qualitaetsmanagement-am-genauesten-ort-der-schweiz\/"},"wordCount":1579,"publisher":{"@id":"https:\/\/www.m-q.ch\/fr\/#organization"},"image":{"@id":"https:\/\/www.m-q.ch\/metas-qualitaetsmanagement-am-genauesten-ort-der-schweiz\/#primaryimage"},"thumbnailUrl":"https:\/\/www.m-q.ch\/wp-content\/uploads\/2023\/06\/QS_Metas_Bild1_management_qualitaet_48336-scaled.jpg","articleSection":["Abo +","Qualit\u00e4tsmanagement"],"inLanguage":"fr-FR"},{"@type":"WebPage","@id":"https:\/\/www.m-q.ch\/metas-qualitaetsmanagement-am-genauesten-ort-der-schweiz\/","url":"https:\/\/www.m-q.ch\/metas-qualitaetsmanagement-am-genauesten-ort-der-schweiz\/","name":"METAS : gestion de la qualit\u00e9 \u00e0 l'endroit le plus pr\u00e9cis de Suisse - MQ Management et qualit\u00e9","isPartOf":{"@id":"https:\/\/www.m-q.ch\/fr\/#website"},"primaryImageOfPage":{"@id":"https:\/\/www.m-q.ch\/metas-qualitaetsmanagement-am-genauesten-ort-der-schweiz\/#primaryimage"},"image":{"@id":"https:\/\/www.m-q.ch\/metas-qualitaetsmanagement-am-genauesten-ort-der-schweiz\/#primaryimage"},"thumbnailUrl":"https:\/\/www.m-q.ch\/wp-content\/uploads\/2023\/06\/QS_Metas_Bild1_management_qualitaet_48336-scaled.jpg","datePublished":"2023-06-13T04:27:28+00:00","description":"L'institut national de m\u00e9trologie METAS \u00e0 Berne veille \u00e0 ce que tout soit mesur\u00e9 avec la plus grande pr\u00e9cision, partout en Suisse.","breadcrumb":{"@id":"https:\/\/www.m-q.ch\/metas-qualitaetsmanagement-am-genauesten-ort-der-schweiz\/#breadcrumb"},"inLanguage":"fr-FR","potentialAction":[{"@type":"ReadAction","target":["https:\/\/www.m-q.ch\/metas-qualitaetsmanagement-am-genauesten-ort-der-schweiz\/"]}]},{"@type":"ImageObject","inLanguage":"fr-FR","@id":"https:\/\/www.m-q.ch\/metas-qualitaetsmanagement-am-genauesten-ort-der-schweiz\/#primaryimage","url":"https:\/\/www.m-q.ch\/wp-content\/uploads\/2023\/06\/QS_Metas_Bild1_management_qualitaet_48336-scaled.jpg","contentUrl":"https:\/\/www.m-q.ch\/wp-content\/uploads\/2023\/06\/QS_Metas_Bild1_management_qualitaet_48336-scaled.jpg","width":1400,"height":872,"caption":"Der wohl genaueste Ort der Schweiz: Das METAS in Bern.\u00a9 METAS"},{"@type":"BreadcrumbList","@id":"https:\/\/www.m-q.ch\/metas-qualitaetsmanagement-am-genauesten-ort-der-schweiz\/#breadcrumb","itemListElement":[{"@type":"ListItem","position":1,"name":"Qualit\u00e4tsmanagement","item":"https:\/\/www.m-q.ch\/kategorie\/qualitaetsmanagement\/"},{"@type":"ListItem","position":2,"name":"METAS: Qualit\u00e4tsmanagement am genauesten Ort der Schweiz"}]},{"@type":"WebSite","@id":"https:\/\/www.m-q.ch\/fr\/#website","url":"https:\/\/www.m-q.ch\/fr\/","name":"Gestion et qualit\u00e9 du QM","description":"Plate-forme pour les syst\u00e8mes de gestion int\u00e9gr\u00e9e.","publisher":{"@id":"https:\/\/www.m-q.ch\/fr\/#organization"},"potentialAction":[{"@type":"SearchAction","target":{"@type":"EntryPoint","urlTemplate":"https:\/\/www.m-q.ch\/fr\/?s={search_term_string}"},"query-input":{"@type":"PropertyValueSpecification","valueRequired":true,"valueName":"search_term_string"}}],"inLanguage":"fr-FR"},{"@type":"Organization","@id":"https:\/\/www.m-q.ch\/fr\/#organization","name":"Galledia Trade Media AG","url":"https:\/\/www.m-q.ch\/fr\/","logo":{"@type":"ImageObject","inLanguage":"fr-FR","@id":"https:\/\/www.m-q.ch\/fr\/#\/schema\/logo\/image\/","url":"https:\/\/www.m-q.ch\/wp-content\/uploads\/2020\/12\/cropped-logo_small.png","contentUrl":"https:\/\/www.m-q.ch\/wp-content\/uploads\/2020\/12\/cropped-logo_small.png","width":512,"height":512,"caption":"Galledia Fachmedien AG"},"image":{"@id":"https:\/\/www.m-q.ch\/fr\/#\/schema\/logo\/image\/"},"sameAs":["https:\/\/www.facebook.com\/ManagementUndQualitaet","https:\/\/www.linkedin.com\/showcase\/17982321\/admin\/"]},{"@type":"Person","@id":"https:\/\/www.m-q.ch\/fr\/#\/schema\/person\/cf30c7b4028fe33150e62c36185ab577","name":"Bureau de la r\u00e9daction","image":{"@type":"ImageObject","inLanguage":"fr-FR","@id":"https:\/\/www.m-q.ch\/fr\/#\/schema\/person\/image\/","url":"https:\/\/secure.gravatar.com\/avatar\/e2b5af0e473e62154d7b4354a7dec14e?s=96&d=mm&r=g","contentUrl":"https:\/\/secure.gravatar.com\/avatar\/e2b5af0e473e62154d7b4354a7dec14e?s=96&d=mm&r=g","caption":"Redaktion"},"url":"https:\/\/www.m-q.ch\/fr\/author\/admin\/"}]}},"_links":{"self":[{"href":"https:\/\/www.m-q.ch\/fr\/wp-json\/wp\/v2\/posts\/18109","targetHints":{"allow":["GET"]}}],"collection":[{"href":"https:\/\/www.m-q.ch\/fr\/wp-json\/wp\/v2\/posts"}],"about":[{"href":"https:\/\/www.m-q.ch\/fr\/wp-json\/wp\/v2\/types\/post"}],"author":[{"embeddable":true,"href":"https:\/\/www.m-q.ch\/fr\/wp-json\/wp\/v2\/users\/364"}],"replies":[{"embeddable":true,"href":"https:\/\/www.m-q.ch\/fr\/wp-json\/wp\/v2\/comments?post=18109"}],"version-history":[{"count":2,"href":"https:\/\/www.m-q.ch\/fr\/wp-json\/wp\/v2\/posts\/18109\/revisions"}],"predecessor-version":[{"id":18129,"href":"https:\/\/www.m-q.ch\/fr\/wp-json\/wp\/v2\/posts\/18109\/revisions\/18129"}],"wp:featuredmedia":[{"embeddable":true,"href":"https:\/\/www.m-q.ch\/fr\/wp-json\/wp\/v2\/media\/18107"}],"wp:attachment":[{"href":"https:\/\/www.m-q.ch\/fr\/wp-json\/wp\/v2\/media?parent=18109"}],"wp:term":[{"taxonomy":"category","embeddable":true,"href":"https:\/\/www.m-q.ch\/fr\/wp-json\/wp\/v2\/categories?post=18109"},{"taxonomy":"post_tag","embeddable":true,"href":"https:\/\/www.m-q.ch\/fr\/wp-json\/wp\/v2\/tags?post=18109"}],"curies":[{"name":"wp","href":"https:\/\/api.w.org\/{rel}","templated":true}]}}