{"id":18302,"date":"2023-07-13T19:48:13","date_gmt":"2023-07-13T17:48:13","guid":{"rendered":"https:\/\/www.m-q.ch\/de\/?p=18302"},"modified":"2023-07-07T14:52:06","modified_gmt":"2023-07-07T12:52:06","slug":"plus-de-temps-pour-le-coeur-de-metier","status":"publish","type":"post","link":"https:\/\/www.m-q.ch\/fr\/mehr-zeit-fuer-das-kernbusiness\/","title":{"rendered":"Plus de temps pour le c\u0153ur de m\u00e9tier"},"content":{"rendered":"<div class=\"swpm-post-not-logged-in-msg\">Vous devez \u00eatre connect\u00e9 pour voir ce contenu. Veuillez <a class=\"swpm-login-link\" href=\"https:\/\/www.m-q.ch\/fr\/login\/\">Se connecter<\/a>. Pas un membre ? <a href=\"https:\/\/www.m-q.ch\/fr\/sinscrire\/\">Nous Rejoindre<\/a><\/div>","protected":false},"excerpt":{"rendered":"<p>En 1997, le Reusspark a \u00e9t\u00e9 le premier \u00e9tablissement de soins de Suisse \u00e0 obtenir le certificat ISO-9001. Aujourd'hui, l'\u00e9tablissement passe \u00e0 un syst\u00e8me de gestion de la qualit\u00e9 moderne bas\u00e9 sur un logiciel. Pour ce faire, les responsables ont choisi ConSense QMS Enterprise et sont tr\u00e8s satisfaits des gains de temps r\u00e9alis\u00e9s dans leur travail quotidien.<\/p>","protected":false},"author":364,"featured_media":18299,"comment_status":"closed","ping_status":"closed","sticky":false,"template":"","format":"standard","meta":{"_acf_changed":false,"footnotes":""},"categories":[4443,3303],"tags":[5159,5187,5434],"class_list":["post-18302","post","type-post","status-publish","format-standard","has-post-thumbnail","hentry","category-abo","category-qualitaetsmanagement","tag-caq-und-qms-software","tag-digitales-qualitaetsmanagement","tag-pflegeheime"],"acf":[],"yoast_head":"<!-- This site is optimized with the Yoast SEO plugin v26.2 - https:\/\/yoast.com\/wordpress\/plugins\/seo\/ -->\n<title>Mehr Zeit f\u00fcr das Kernbusiness - MQ Management und Qualit\u00e4t<\/title>\n<meta name=\"description\" content=\"Das ISO-9001-zertifizierte Pflegeheim Reusspark stellt auf ein modernes QM-System um, damit mehr Zeit f\u00fcrs Kernbusiness bleibt.\" \/>\n<meta name=\"robots\" content=\"index, follow, max-snippet:-1, max-image-preview:large, max-video-preview:-1\" \/>\n<link rel=\"canonical\" href=\"https:\/\/www.m-q.ch\/fr\/plus-de-temps-pour-le-coeur-de-metier\/\" \/>\n<meta property=\"og:locale\" content=\"fr_FR\" \/>\n<meta property=\"og:type\" content=\"article\" \/>\n<meta property=\"og:title\" content=\"Mehr Zeit f\u00fcr das Kernbusiness - MQ Management und Qualit\u00e4t\" \/>\n<meta property=\"og:description\" content=\"Das ISO-9001-zertifizierte Pflegeheim Reusspark stellt auf ein modernes QM-System um, damit mehr Zeit f\u00fcrs Kernbusiness bleibt.\" \/>\n<meta property=\"og:url\" content=\"https:\/\/www.m-q.ch\/fr\/plus-de-temps-pour-le-coeur-de-metier\/\" \/>\n<meta property=\"og:site_name\" content=\"MQ Management und Qualit\u00e4t\" \/>\n<meta property=\"article:publisher\" content=\"https:\/\/www.facebook.com\/ManagementUndQualitaet\" \/>\n<meta property=\"article:published_time\" content=\"2023-07-13T17:48:13+00:00\" \/>\n<meta property=\"og:image\" content=\"https:\/\/www.m-q.ch\/wp-content\/uploads\/2023\/07\/QS_Reusspark_Bild1_NEU_management_qualitaet_52125-scaled.jpg\" \/>\n\t<meta property=\"og:image:width\" content=\"1400\" \/>\n\t<meta property=\"og:image:height\" content=\"873\" \/>\n\t<meta property=\"og:image:type\" content=\"image\/jpeg\" \/>\n<meta name=\"author\" content=\"Redaktion\" \/>\n<meta name=\"twitter:card\" content=\"summary_large_image\" \/>\n<meta name=\"twitter:label1\" content=\"\u00c9crit par\" \/>\n\t<meta name=\"twitter:data1\" content=\"Redaktion\" \/>\n\t<meta name=\"twitter:label2\" content=\"Dur\u00e9e de lecture estim\u00e9e\" \/>\n\t<meta name=\"twitter:data2\" content=\"10 minutes\" \/>\n<script type=\"application\/ld+json\" class=\"yoast-schema-graph\">{\"@context\":\"https:\/\/schema.org\",\"@graph\":[{\"@type\":\"Article\",\"@id\":\"https:\/\/www.m-q.ch\/mehr-zeit-fuer-das-kernbusiness\/#article\",\"isPartOf\":{\"@id\":\"https:\/\/www.m-q.ch\/mehr-zeit-fuer-das-kernbusiness\/\"},\"author\":{\"name\":\"Redaktion\",\"@id\":\"https:\/\/www.m-q.ch\/fr\/#\/schema\/person\/cf30c7b4028fe33150e62c36185ab577\"},\"headline\":\"Mehr Zeit f\u00fcr das Kernbusiness\",\"datePublished\":\"2023-07-13T17:48:13+00:00\",\"mainEntityOfPage\":{\"@id\":\"https:\/\/www.m-q.ch\/mehr-zeit-fuer-das-kernbusiness\/\"},\"wordCount\":1689,\"publisher\":{\"@id\":\"https:\/\/www.m-q.ch\/fr\/#organization\"},\"image\":{\"@id\":\"https:\/\/www.m-q.ch\/mehr-zeit-fuer-das-kernbusiness\/#primaryimage\"},\"thumbnailUrl\":\"https:\/\/www.m-q.ch\/wp-content\/uploads\/2023\/07\/QS_Reusspark_Bild1_NEU_management_qualitaet_52125-scaled.jpg\",\"keywords\":[\"CAQ- und QMS-Software\",\"Digitales Qualit\u00e4tsmanagement\",\"Pflegeheime\"],\"articleSection\":[\"Abo +\",\"Qualit\u00e4tsmanagement\"],\"inLanguage\":\"fr-FR\"},{\"@type\":\"WebPage\",\"@id\":\"https:\/\/www.m-q.ch\/mehr-zeit-fuer-das-kernbusiness\/\",\"url\":\"https:\/\/www.m-q.ch\/mehr-zeit-fuer-das-kernbusiness\/\",\"name\":\"Mehr Zeit f\u00fcr das Kernbusiness - MQ Management und Qualit\u00e4t\",\"isPartOf\":{\"@id\":\"https:\/\/www.m-q.ch\/fr\/#website\"},\"primaryImageOfPage\":{\"@id\":\"https:\/\/www.m-q.ch\/mehr-zeit-fuer-das-kernbusiness\/#primaryimage\"},\"image\":{\"@id\":\"https:\/\/www.m-q.ch\/mehr-zeit-fuer-das-kernbusiness\/#primaryimage\"},\"thumbnailUrl\":\"https:\/\/www.m-q.ch\/wp-content\/uploads\/2023\/07\/QS_Reusspark_Bild1_NEU_management_qualitaet_52125-scaled.jpg\",\"datePublished\":\"2023-07-13T17:48:13+00:00\",\"description\":\"Das ISO-9001-zertifizierte Pflegeheim Reusspark stellt auf ein modernes QM-System um, damit mehr Zeit f\u00fcrs Kernbusiness bleibt.\",\"breadcrumb\":{\"@id\":\"https:\/\/www.m-q.ch\/mehr-zeit-fuer-das-kernbusiness\/#breadcrumb\"},\"inLanguage\":\"fr-FR\",\"potentialAction\":[{\"@type\":\"ReadAction\",\"target\":[\"https:\/\/www.m-q.ch\/mehr-zeit-fuer-das-kernbusiness\/\"]}]},{\"@type\":\"ImageObject\",\"inLanguage\":\"fr-FR\",\"@id\":\"https:\/\/www.m-q.ch\/mehr-zeit-fuer-das-kernbusiness\/#primaryimage\",\"url\":\"https:\/\/www.m-q.ch\/wp-content\/uploads\/2023\/07\/QS_Reusspark_Bild1_NEU_management_qualitaet_52125-scaled.jpg\",\"contentUrl\":\"https:\/\/www.m-q.ch\/wp-content\/uploads\/2023\/07\/QS_Reusspark_Bild1_NEU_management_qualitaet_52125-scaled.jpg\",\"width\":1400,\"height\":873,\"caption\":\"Das Zentrum f\u00fcr Pflege und Betreuung Reusspark aus Niederwil ist ein Kompetenzzentrum f\u00fcr spezialisierte Langzeitpflege im Kanton Aargau.\u00a9 Reusspark\"},{\"@type\":\"BreadcrumbList\",\"@id\":\"https:\/\/www.m-q.ch\/mehr-zeit-fuer-das-kernbusiness\/#breadcrumb\",\"itemListElement\":[{\"@type\":\"ListItem\",\"position\":1,\"name\":\"Qualit\u00e4tsmanagement\",\"item\":\"https:\/\/www.m-q.ch\/kategorie\/qualitaetsmanagement\/\"},{\"@type\":\"ListItem\",\"position\":2,\"name\":\"Mehr Zeit f\u00fcr das Kernbusiness\"}]},{\"@type\":\"WebSite\",\"@id\":\"https:\/\/www.m-q.ch\/fr\/#website\",\"url\":\"https:\/\/www.m-q.ch\/fr\/\",\"name\":\"MQ Management und Qualit\u00e4t\",\"description\":\"Plattform f\u00fcr integrierte Managementsysteme.\",\"publisher\":{\"@id\":\"https:\/\/www.m-q.ch\/fr\/#organization\"},\"potentialAction\":[{\"@type\":\"SearchAction\",\"target\":{\"@type\":\"EntryPoint\",\"urlTemplate\":\"https:\/\/www.m-q.ch\/fr\/?s={search_term_string}\"},\"query-input\":{\"@type\":\"PropertyValueSpecification\",\"valueRequired\":true,\"valueName\":\"search_term_string\"}}],\"inLanguage\":\"fr-FR\"},{\"@type\":\"Organization\",\"@id\":\"https:\/\/www.m-q.ch\/fr\/#organization\",\"name\":\"Galledia Fachmedien AG\",\"url\":\"https:\/\/www.m-q.ch\/fr\/\",\"logo\":{\"@type\":\"ImageObject\",\"inLanguage\":\"fr-FR\",\"@id\":\"https:\/\/www.m-q.ch\/fr\/#\/schema\/logo\/image\/\",\"url\":\"https:\/\/www.m-q.ch\/wp-content\/uploads\/2020\/12\/cropped-logo_small.png\",\"contentUrl\":\"https:\/\/www.m-q.ch\/wp-content\/uploads\/2020\/12\/cropped-logo_small.png\",\"width\":512,\"height\":512,\"caption\":\"Galledia Fachmedien AG\"},\"image\":{\"@id\":\"https:\/\/www.m-q.ch\/fr\/#\/schema\/logo\/image\/\"},\"sameAs\":[\"https:\/\/www.facebook.com\/ManagementUndQualitaet\",\"https:\/\/www.linkedin.com\/showcase\/17982321\/admin\/\"]},{\"@type\":\"Person\",\"@id\":\"https:\/\/www.m-q.ch\/fr\/#\/schema\/person\/cf30c7b4028fe33150e62c36185ab577\",\"name\":\"Redaktion\",\"image\":{\"@type\":\"ImageObject\",\"inLanguage\":\"fr-FR\",\"@id\":\"https:\/\/www.m-q.ch\/fr\/#\/schema\/person\/image\/\",\"url\":\"https:\/\/secure.gravatar.com\/avatar\/e2b5af0e473e62154d7b4354a7dec14e?s=96&d=mm&r=g\",\"contentUrl\":\"https:\/\/secure.gravatar.com\/avatar\/e2b5af0e473e62154d7b4354a7dec14e?s=96&d=mm&r=g\",\"caption\":\"Redaktion\"},\"url\":\"https:\/\/www.m-q.ch\/fr\/author\/admin\/\"}]}<\/script>\n<!-- \/ Yoast SEO plugin. -->","yoast_head_json":{"title":"Plus de temps pour le c\u0153ur de m\u00e9tier - MQ Gestion et qualit\u00e9","description":"La maison de soins Reusspark, certifi\u00e9e ISO 9001, passe \u00e0 un syst\u00e8me de gestion de la qualit\u00e9 moderne afin de pouvoir consacrer plus de temps \u00e0 son activit\u00e9 principale.","robots":{"index":"index","follow":"follow","max-snippet":"max-snippet:-1","max-image-preview":"max-image-preview:large","max-video-preview":"max-video-preview:-1"},"canonical":"https:\/\/www.m-q.ch\/fr\/plus-de-temps-pour-le-coeur-de-metier\/","og_locale":"fr_FR","og_type":"article","og_title":"Mehr Zeit f\u00fcr das Kernbusiness - MQ Management und Qualit\u00e4t","og_description":"Das ISO-9001-zertifizierte Pflegeheim Reusspark stellt auf ein modernes QM-System um, damit mehr Zeit f\u00fcrs Kernbusiness bleibt.","og_url":"https:\/\/www.m-q.ch\/fr\/plus-de-temps-pour-le-coeur-de-metier\/","og_site_name":"MQ Management und Qualit\u00e4t","article_publisher":"https:\/\/www.facebook.com\/ManagementUndQualitaet","article_published_time":"2023-07-13T17:48:13+00:00","og_image":[{"width":1400,"height":873,"url":"https:\/\/www.m-q.ch\/wp-content\/uploads\/2023\/07\/QS_Reusspark_Bild1_NEU_management_qualitaet_52125-scaled.jpg","type":"image\/jpeg"}],"author":"Redaktion","twitter_card":"summary_large_image","twitter_misc":{"\u00c9crit par":"Redaktion","Dur\u00e9e de lecture estim\u00e9e":"10 minutes"},"schema":{"@context":"https:\/\/schema.org","@graph":[{"@type":"Article","@id":"https:\/\/www.m-q.ch\/mehr-zeit-fuer-das-kernbusiness\/#article","isPartOf":{"@id":"https:\/\/www.m-q.ch\/mehr-zeit-fuer-das-kernbusiness\/"},"author":{"name":"Redaktion","@id":"https:\/\/www.m-q.ch\/fr\/#\/schema\/person\/cf30c7b4028fe33150e62c36185ab577"},"headline":"Mehr Zeit f\u00fcr das Kernbusiness","datePublished":"2023-07-13T17:48:13+00:00","mainEntityOfPage":{"@id":"https:\/\/www.m-q.ch\/mehr-zeit-fuer-das-kernbusiness\/"},"wordCount":1689,"publisher":{"@id":"https:\/\/www.m-q.ch\/fr\/#organization"},"image":{"@id":"https:\/\/www.m-q.ch\/mehr-zeit-fuer-das-kernbusiness\/#primaryimage"},"thumbnailUrl":"https:\/\/www.m-q.ch\/wp-content\/uploads\/2023\/07\/QS_Reusspark_Bild1_NEU_management_qualitaet_52125-scaled.jpg","keywords":["CAQ- und QMS-Software","Digitales Qualit\u00e4tsmanagement","Pflegeheime"],"articleSection":["Abo +","Qualit\u00e4tsmanagement"],"inLanguage":"fr-FR"},{"@type":"WebPage","@id":"https:\/\/www.m-q.ch\/mehr-zeit-fuer-das-kernbusiness\/","url":"https:\/\/www.m-q.ch\/mehr-zeit-fuer-das-kernbusiness\/","name":"Plus de temps pour le c\u0153ur de m\u00e9tier - MQ Gestion et qualit\u00e9","isPartOf":{"@id":"https:\/\/www.m-q.ch\/fr\/#website"},"primaryImageOfPage":{"@id":"https:\/\/www.m-q.ch\/mehr-zeit-fuer-das-kernbusiness\/#primaryimage"},"image":{"@id":"https:\/\/www.m-q.ch\/mehr-zeit-fuer-das-kernbusiness\/#primaryimage"},"thumbnailUrl":"https:\/\/www.m-q.ch\/wp-content\/uploads\/2023\/07\/QS_Reusspark_Bild1_NEU_management_qualitaet_52125-scaled.jpg","datePublished":"2023-07-13T17:48:13+00:00","description":"La maison de soins Reusspark, certifi\u00e9e ISO 9001, passe \u00e0 un syst\u00e8me de gestion de la qualit\u00e9 moderne afin de pouvoir consacrer plus de temps \u00e0 son activit\u00e9 principale.","breadcrumb":{"@id":"https:\/\/www.m-q.ch\/mehr-zeit-fuer-das-kernbusiness\/#breadcrumb"},"inLanguage":"fr-FR","potentialAction":[{"@type":"ReadAction","target":["https:\/\/www.m-q.ch\/mehr-zeit-fuer-das-kernbusiness\/"]}]},{"@type":"ImageObject","inLanguage":"fr-FR","@id":"https:\/\/www.m-q.ch\/mehr-zeit-fuer-das-kernbusiness\/#primaryimage","url":"https:\/\/www.m-q.ch\/wp-content\/uploads\/2023\/07\/QS_Reusspark_Bild1_NEU_management_qualitaet_52125-scaled.jpg","contentUrl":"https:\/\/www.m-q.ch\/wp-content\/uploads\/2023\/07\/QS_Reusspark_Bild1_NEU_management_qualitaet_52125-scaled.jpg","width":1400,"height":873,"caption":"Das Zentrum f\u00fcr Pflege und Betreuung Reusspark aus Niederwil ist ein Kompetenzzentrum f\u00fcr spezialisierte Langzeitpflege im Kanton Aargau.\u00a9 Reusspark"},{"@type":"BreadcrumbList","@id":"https:\/\/www.m-q.ch\/mehr-zeit-fuer-das-kernbusiness\/#breadcrumb","itemListElement":[{"@type":"ListItem","position":1,"name":"Qualit\u00e4tsmanagement","item":"https:\/\/www.m-q.ch\/kategorie\/qualitaetsmanagement\/"},{"@type":"ListItem","position":2,"name":"Mehr Zeit f\u00fcr das Kernbusiness"}]},{"@type":"WebSite","@id":"https:\/\/www.m-q.ch\/fr\/#website","url":"https:\/\/www.m-q.ch\/fr\/","name":"Gestion et qualit\u00e9 du QM","description":"Plate-forme pour les syst\u00e8mes de gestion int\u00e9gr\u00e9e.","publisher":{"@id":"https:\/\/www.m-q.ch\/fr\/#organization"},"potentialAction":[{"@type":"SearchAction","target":{"@type":"EntryPoint","urlTemplate":"https:\/\/www.m-q.ch\/fr\/?s={search_term_string}"},"query-input":{"@type":"PropertyValueSpecification","valueRequired":true,"valueName":"search_term_string"}}],"inLanguage":"fr-FR"},{"@type":"Organization","@id":"https:\/\/www.m-q.ch\/fr\/#organization","name":"Galledia Trade Media AG","url":"https:\/\/www.m-q.ch\/fr\/","logo":{"@type":"ImageObject","inLanguage":"fr-FR","@id":"https:\/\/www.m-q.ch\/fr\/#\/schema\/logo\/image\/","url":"https:\/\/www.m-q.ch\/wp-content\/uploads\/2020\/12\/cropped-logo_small.png","contentUrl":"https:\/\/www.m-q.ch\/wp-content\/uploads\/2020\/12\/cropped-logo_small.png","width":512,"height":512,"caption":"Galledia Fachmedien AG"},"image":{"@id":"https:\/\/www.m-q.ch\/fr\/#\/schema\/logo\/image\/"},"sameAs":["https:\/\/www.facebook.com\/ManagementUndQualitaet","https:\/\/www.linkedin.com\/showcase\/17982321\/admin\/"]},{"@type":"Person","@id":"https:\/\/www.m-q.ch\/fr\/#\/schema\/person\/cf30c7b4028fe33150e62c36185ab577","name":"Bureau de la r\u00e9daction","image":{"@type":"ImageObject","inLanguage":"fr-FR","@id":"https:\/\/www.m-q.ch\/fr\/#\/schema\/person\/image\/","url":"https:\/\/secure.gravatar.com\/avatar\/e2b5af0e473e62154d7b4354a7dec14e?s=96&d=mm&r=g","contentUrl":"https:\/\/secure.gravatar.com\/avatar\/e2b5af0e473e62154d7b4354a7dec14e?s=96&d=mm&r=g","caption":"Redaktion"},"url":"https:\/\/www.m-q.ch\/fr\/author\/admin\/"}]}},"_links":{"self":[{"href":"https:\/\/www.m-q.ch\/fr\/wp-json\/wp\/v2\/posts\/18302","targetHints":{"allow":["GET"]}}],"collection":[{"href":"https:\/\/www.m-q.ch\/fr\/wp-json\/wp\/v2\/posts"}],"about":[{"href":"https:\/\/www.m-q.ch\/fr\/wp-json\/wp\/v2\/types\/post"}],"author":[{"embeddable":true,"href":"https:\/\/www.m-q.ch\/fr\/wp-json\/wp\/v2\/users\/364"}],"replies":[{"embeddable":true,"href":"https:\/\/www.m-q.ch\/fr\/wp-json\/wp\/v2\/comments?post=18302"}],"version-history":[{"count":2,"href":"https:\/\/www.m-q.ch\/fr\/wp-json\/wp\/v2\/posts\/18302\/revisions"}],"predecessor-version":[{"id":18328,"href":"https:\/\/www.m-q.ch\/fr\/wp-json\/wp\/v2\/posts\/18302\/revisions\/18328"}],"wp:featuredmedia":[{"embeddable":true,"href":"https:\/\/www.m-q.ch\/fr\/wp-json\/wp\/v2\/media\/18299"}],"wp:attachment":[{"href":"https:\/\/www.m-q.ch\/fr\/wp-json\/wp\/v2\/media?parent=18302"}],"wp:term":[{"taxonomy":"category","embeddable":true,"href":"https:\/\/www.m-q.ch\/fr\/wp-json\/wp\/v2\/categories?post=18302"},{"taxonomy":"post_tag","embeddable":true,"href":"https:\/\/www.m-q.ch\/fr\/wp-json\/wp\/v2\/tags?post=18302"}],"curies":[{"name":"wp","href":"https:\/\/api.w.org\/{rel}","templated":true}]}}