{"id":18391,"date":"2023-08-09T04:48:30","date_gmt":"2023-08-09T02:48:30","guid":{"rendered":"https:\/\/www.m-q.ch\/?p=18391"},"modified":"2023-08-08T15:07:04","modified_gmt":"2023-08-08T13:07:04","slug":"3d-metrology-conference-2023","status":"publish","type":"post","link":"https:\/\/www.m-q.ch\/fr\/3d-metrology-conference-2023\/","title":{"rendered":"Conf\u00e9rence sur la m\u00e9trologie 3D 2023"},"content":{"rendered":"<figure id=\"attachment_18392\" aria-describedby=\"caption-attachment-18392\" style=\"width: 680px\" class=\"wp-caption alignnone\"><img loading=\"lazy\" decoding=\"async\" class=\"size-full wp-image-18392\" src=\"https:\/\/www.m-q.ch\/wp-content\/uploads\/2023\/08\/3D-Metrology-Conference-2023_MQ.jpg\" alt=\"\" width=\"680\" height=\"383\" srcset=\"https:\/\/www.m-q.ch\/wp-content\/uploads\/2023\/08\/3D-Metrology-Conference-2023_MQ.jpg 680w, https:\/\/www.m-q.ch\/wp-content\/uploads\/2023\/08\/3D-Metrology-Conference-2023_MQ-18x10.jpg 18w, https:\/\/www.m-q.ch\/wp-content\/uploads\/2023\/08\/3D-Metrology-Conference-2023_MQ-375x211.jpg 375w, https:\/\/www.m-q.ch\/wp-content\/uploads\/2023\/08\/3D-Metrology-Conference-2023_MQ-621x350.jpg 621w\" sizes=\"auto, (max-width: 680px) 100vw, 680px\" \/><figcaption id=\"caption-attachment-18392\" class=\"wp-caption-text\">La 3D Metrology Conference 2023 se tiendra \u00e0 Bilbao du 26 au 28 septembre 2023. (Image : WZL \/ RWTH Aachen)<\/figcaption><\/figure>\n<p>Pour la huiti\u00e8me fois d\u00e9j\u00e0, la 3DMC est organis\u00e9e par le WZL de la RWTH Aix-la-Chapelle en collaboration avec le National Physical Laboratory (NPL), l'University College London (UCL), le Physikalisch-Technische Bundesanstalt (PTB) et, pour la premi\u00e8re fois cette ann\u00e9e, par les deux partenaires espagnols Tekniker et IDEKO. Apr\u00e8s des \u00e9ditions r\u00e9ussies \u00e0 Aix-la-Chapelle, Hambourg et Londres, la conf\u00e9rence se d\u00e9place maintenant dans la r\u00e9gion de haute technologie du Pays basque.<\/p>\n<h3>La m\u00e9trologie, moteur de l'innovation<\/h3>\n<p>Lors de la 3DMC, jusqu'\u00e0 200 utilisateurs industriels et experts universitaires de renom \u00e9changent leurs points de vue et marquent le caract\u00e8re innovant et ouvert de l'\u00e9v\u00e9nement. Celui-ci se refl\u00e8te \u00e9galement dans la conception du programme : un programme de conf\u00e9rences de haut niveau, associ\u00e9 \u00e0 une exposition industrielle ouverte, \u00e0 des sessions d'int\u00e9r\u00eat sp\u00e9cial et \u00e0 des formats de r\u00e9seautage d\u00e9di\u00e9s. Les professeurs Ben Hughes et Robert Schmitt animeront et organiseront l'\u00e9v\u00e9nement en tant que pr\u00e9sident et h\u00f4te.<\/p>\n<p>Le th\u00e8me de la conf\u00e9rence est la m\u00e9trologie en tant que moteur d'innovation dans l'automatisation et l'assurance qualit\u00e9. Des utilisateurs finaux industriels donneront un aper\u00e7u de cas d'utilisation r\u00e9ussis dans diff\u00e9rents secteurs, par exemple dans la construction automobile, l'a\u00e9ronautique ou l'\u00e9nergie. De plus, des scientifiques de renomm\u00e9e internationale pr\u00e9senteront les progr\u00e8s r\u00e9alis\u00e9s dans le domaine de la m\u00e9trologie et les nouvelles possibilit\u00e9s d'application qui en d\u00e9coulent. Les donn\u00e9es 3D et la vision artificielle constituent l'ADN de la conf\u00e9rence et seront compl\u00e9t\u00e9es par d'autres technologies, par exemple dans les domaines de la num\u00e9risation et de l'intelligence artificielle.<\/p>\n<h3>Exposition industrielle d'accompagnement<\/h3>\n<p>Avec deux partenaires forts sur place, la 3DMC offre la possibilit\u00e9 unique de rencontrer de pr\u00e8s des leaders technologiques et leurs instituts de recherche d'avenir : pour la premi\u00e8re fois, l'exposition industrielle sera r\u00e9partie sur deux lieux de pr\u00e9sentation pendant les deux jours de la conf\u00e9rence, ce qui donnera aux participants et aux exposants l'occasion d'entamer un dialogue cr\u00e9atif dans diff\u00e9rents cadres exceptionnels, de pr\u00e9senter en direct des cas d'utilisation innovants et d'entretenir leur propre r\u00e9seau au sein de la communaut\u00e9. La 3DMC r\u00e9unit ainsi en une seule manifestation les avantages d'un salon, d'un laboratoire de technique de production et d'un forum d'experts.<\/p>\n<p>Les pr\u00e9sentations s\u00e9lectionn\u00e9es peuvent en outre \u00eatre publi\u00e9es sous forme d'article \u00e0 comit\u00e9 de lecture dans le <a href=\"https:\/\/www.mdpi.com\/journal\/metrology\">Journal en acc\u00e8s libre M\u00e9trologie<\/a> ce qui renforce encore l'excellence scientifique durable de la conf\u00e9rence. La langue de la conf\u00e9rence est l'anglais.<\/p>\n<p><em>Il est toujours possible de participer en tant que visiteur (Delegate), conf\u00e9rencier (Presenter) ou entreprise exposante (Exhibitor). Plus d'informations : <a href=\"https:\/\/www.3dmc.events\">https:\/\/www.3dmc.events<\/a><\/em><\/p>","protected":false},"excerpt":{"rendered":"<p>La 3D Metrology Conference, l'une des conf\u00e9rences les plus importantes dans le domaine de la m\u00e9trologie industrielle, se tiendra cette ann\u00e9e du 26 au 28 septembre dans la r\u00e9gion m\u00e9tropolitaine de Bilbao.<\/p>","protected":false},"author":10,"featured_media":0,"comment_status":"closed","ping_status":"closed","sticky":false,"template":"","format":"standard","meta":{"_acf_changed":false,"footnotes":""},"categories":[3303],"tags":[3342,3559,3327],"class_list":["post-18391","post","type-post","status-publish","format-standard","hentry","category-qualitaetsmanagement","tag-fachkongressfachmesse","tag-messtechnik","tag-qualitaetsmanagement"],"acf":[],"yoast_head":"<!-- This site is optimized with the Yoast SEO plugin v26.2 - https:\/\/yoast.com\/wordpress\/plugins\/seo\/ -->\n<title>3D Metrology Conference 2023 - MQ Management und Qualit\u00e4t<\/title>\n<meta name=\"description\" content=\"Die 3D Metrology Conference findet in diesem Jahr vom 26. - 28. September in der Metropolregion Bilbao statt.\" \/>\n<meta name=\"robots\" content=\"index, follow, max-snippet:-1, max-image-preview:large, max-video-preview:-1\" \/>\n<link rel=\"canonical\" href=\"https:\/\/www.m-q.ch\/fr\/3d-metrology-conference-2023\/\" \/>\n<meta property=\"og:locale\" content=\"fr_FR\" \/>\n<meta property=\"og:type\" content=\"article\" \/>\n<meta property=\"og:title\" content=\"3D Metrology Conference 2023\" \/>\n<meta property=\"og:description\" content=\"Die 3D Metrology Conference findet in diesem Jahr vom 26. - 28. September in der Metropolregion Bilbao statt.\" \/>\n<meta property=\"og:url\" content=\"https:\/\/www.m-q.ch\/fr\/3d-metrology-conference-2023\/\" \/>\n<meta property=\"og:site_name\" content=\"MQ Management und Qualit\u00e4t\" \/>\n<meta property=\"article:publisher\" content=\"https:\/\/www.facebook.com\/ManagementUndQualitaet\" \/>\n<meta property=\"article:published_time\" content=\"2023-08-09T02:48:30+00:00\" \/>\n<meta property=\"og:image\" content=\"https:\/\/www.m-q.ch\/wp-content\/uploads\/2023\/08\/3D-Metrology-Conference-2023_MQ.jpg\" \/>\n\t<meta property=\"og:image:width\" content=\"680\" \/>\n\t<meta property=\"og:image:height\" content=\"383\" \/>\n\t<meta property=\"og:image:type\" content=\"image\/jpeg\" \/>\n<meta name=\"author\" content=\"Thomas Berner\" \/>\n<meta name=\"twitter:card\" content=\"summary_large_image\" \/>\n<meta name=\"twitter:title\" content=\"3D #Metrology #Conference 2023\" \/>\n<meta name=\"twitter:description\" content=\"Die 3D #Metrology Conference findet in diesem Jahr vom 26. - 28. September in der #Metropolregion #Bilbao statt.\" \/>\n<meta name=\"twitter:image\" content=\"https:\/\/www.m-q.ch\/wp-content\/uploads\/2023\/08\/3D-Metrology-Conference-2023_MQ.jpg\" \/>\n<meta name=\"twitter:label1\" content=\"\u00c9crit par\" \/>\n\t<meta name=\"twitter:data1\" content=\"Thomas Berner\" \/>\n\t<meta name=\"twitter:label2\" content=\"Dur\u00e9e de lecture estim\u00e9e\" \/>\n\t<meta name=\"twitter:data2\" content=\"3 minutes\" \/>\n<script type=\"application\/ld+json\" class=\"yoast-schema-graph\">{\"@context\":\"https:\/\/schema.org\",\"@graph\":[{\"@type\":\"Article\",\"@id\":\"https:\/\/www.m-q.ch\/3d-metrology-conference-2023\/#article\",\"isPartOf\":{\"@id\":\"https:\/\/www.m-q.ch\/3d-metrology-conference-2023\/\"},\"author\":{\"name\":\"Thomas Berner\",\"@id\":\"https:\/\/www.m-q.ch\/fr\/#\/schema\/person\/a8711938b1cfb3f056dec70eaa0b42ab\"},\"headline\":\"3D Metrology Conference 2023\",\"datePublished\":\"2023-08-09T02:48:30+00:00\",\"mainEntityOfPage\":{\"@id\":\"https:\/\/www.m-q.ch\/3d-metrology-conference-2023\/\"},\"wordCount\":387,\"publisher\":{\"@id\":\"https:\/\/www.m-q.ch\/fr\/#organization\"},\"image\":{\"@id\":\"https:\/\/www.m-q.ch\/3d-metrology-conference-2023\/#primaryimage\"},\"thumbnailUrl\":\"https:\/\/www.m-q.ch\/wp-content\/uploads\/2023\/08\/3D-Metrology-Conference-2023_MQ.jpg\",\"keywords\":[\"Fachkongress\/Fachmesse\",\"Messtechnik\",\"Qualit\u00e4tsmanagement\"],\"articleSection\":[\"Qualit\u00e4tsmanagement\"],\"inLanguage\":\"fr-FR\"},{\"@type\":\"WebPage\",\"@id\":\"https:\/\/www.m-q.ch\/3d-metrology-conference-2023\/\",\"url\":\"https:\/\/www.m-q.ch\/3d-metrology-conference-2023\/\",\"name\":\"3D Metrology Conference 2023 - MQ Management und Qualit\u00e4t\",\"isPartOf\":{\"@id\":\"https:\/\/www.m-q.ch\/fr\/#website\"},\"primaryImageOfPage\":{\"@id\":\"https:\/\/www.m-q.ch\/3d-metrology-conference-2023\/#primaryimage\"},\"image\":{\"@id\":\"https:\/\/www.m-q.ch\/3d-metrology-conference-2023\/#primaryimage\"},\"thumbnailUrl\":\"https:\/\/www.m-q.ch\/wp-content\/uploads\/2023\/08\/3D-Metrology-Conference-2023_MQ.jpg\",\"datePublished\":\"2023-08-09T02:48:30+00:00\",\"description\":\"Die 3D Metrology Conference findet in diesem Jahr vom 26. - 28. September in der Metropolregion Bilbao statt.\",\"breadcrumb\":{\"@id\":\"https:\/\/www.m-q.ch\/3d-metrology-conference-2023\/#breadcrumb\"},\"inLanguage\":\"fr-FR\",\"potentialAction\":[{\"@type\":\"ReadAction\",\"target\":[\"https:\/\/www.m-q.ch\/3d-metrology-conference-2023\/\"]}]},{\"@type\":\"ImageObject\",\"inLanguage\":\"fr-FR\",\"@id\":\"https:\/\/www.m-q.ch\/3d-metrology-conference-2023\/#primaryimage\",\"url\":\"https:\/\/www.m-q.ch\/wp-content\/uploads\/2023\/08\/3D-Metrology-Conference-2023_MQ.jpg\",\"contentUrl\":\"https:\/\/www.m-q.ch\/wp-content\/uploads\/2023\/08\/3D-Metrology-Conference-2023_MQ.jpg\"},{\"@type\":\"BreadcrumbList\",\"@id\":\"https:\/\/www.m-q.ch\/3d-metrology-conference-2023\/#breadcrumb\",\"itemListElement\":[{\"@type\":\"ListItem\",\"position\":1,\"name\":\"Qualit\u00e4tsmanagement\",\"item\":\"https:\/\/www.m-q.ch\/kategorie\/qualitaetsmanagement\/\"},{\"@type\":\"ListItem\",\"position\":2,\"name\":\"3D Metrology Conference 2023\"}]},{\"@type\":\"WebSite\",\"@id\":\"https:\/\/www.m-q.ch\/fr\/#website\",\"url\":\"https:\/\/www.m-q.ch\/fr\/\",\"name\":\"MQ Management und Qualit\u00e4t\",\"description\":\"Plattform f\u00fcr integrierte Managementsysteme.\",\"publisher\":{\"@id\":\"https:\/\/www.m-q.ch\/fr\/#organization\"},\"potentialAction\":[{\"@type\":\"SearchAction\",\"target\":{\"@type\":\"EntryPoint\",\"urlTemplate\":\"https:\/\/www.m-q.ch\/fr\/?s={search_term_string}\"},\"query-input\":{\"@type\":\"PropertyValueSpecification\",\"valueRequired\":true,\"valueName\":\"search_term_string\"}}],\"inLanguage\":\"fr-FR\"},{\"@type\":\"Organization\",\"@id\":\"https:\/\/www.m-q.ch\/fr\/#organization\",\"name\":\"Galledia Fachmedien AG\",\"url\":\"https:\/\/www.m-q.ch\/fr\/\",\"logo\":{\"@type\":\"ImageObject\",\"inLanguage\":\"fr-FR\",\"@id\":\"https:\/\/www.m-q.ch\/fr\/#\/schema\/logo\/image\/\",\"url\":\"https:\/\/www.m-q.ch\/wp-content\/uploads\/2020\/12\/cropped-logo_small.png\",\"contentUrl\":\"https:\/\/www.m-q.ch\/wp-content\/uploads\/2020\/12\/cropped-logo_small.png\",\"width\":512,\"height\":512,\"caption\":\"Galledia Fachmedien AG\"},\"image\":{\"@id\":\"https:\/\/www.m-q.ch\/fr\/#\/schema\/logo\/image\/\"},\"sameAs\":[\"https:\/\/www.facebook.com\/ManagementUndQualitaet\",\"https:\/\/www.linkedin.com\/showcase\/17982321\/admin\/\"]},{\"@type\":\"Person\",\"@id\":\"https:\/\/www.m-q.ch\/fr\/#\/schema\/person\/a8711938b1cfb3f056dec70eaa0b42ab\",\"name\":\"Thomas Berner\",\"image\":{\"@type\":\"ImageObject\",\"inLanguage\":\"fr-FR\",\"@id\":\"https:\/\/www.m-q.ch\/fr\/#\/schema\/person\/image\/\",\"url\":\"https:\/\/secure.gravatar.com\/avatar\/faea7857408f70478f976d576da10f96?s=96&d=mm&r=g\",\"contentUrl\":\"https:\/\/secure.gravatar.com\/avatar\/faea7857408f70478f976d576da10f96?s=96&d=mm&r=g\",\"caption\":\"Thomas Berner\"},\"url\":\"https:\/\/www.m-q.ch\/fr\/author\/thomas-berner\/\"}]}<\/script>\n<!-- \/ Yoast SEO plugin. -->","yoast_head_json":{"title":"3D Metrology Conference 2023 - Gestion et qualit\u00e9 MQ","description":"La 3D Metrology Conference se tiendra cette ann\u00e9e du 26 au 28 septembre dans la r\u00e9gion m\u00e9tropolitaine de Bilbao.","robots":{"index":"index","follow":"follow","max-snippet":"max-snippet:-1","max-image-preview":"max-image-preview:large","max-video-preview":"max-video-preview:-1"},"canonical":"https:\/\/www.m-q.ch\/fr\/3d-metrology-conference-2023\/","og_locale":"fr_FR","og_type":"article","og_title":"3D Metrology Conference 2023","og_description":"Die 3D Metrology Conference findet in diesem Jahr vom 26. - 28. September in der Metropolregion Bilbao statt.","og_url":"https:\/\/www.m-q.ch\/fr\/3d-metrology-conference-2023\/","og_site_name":"MQ Management und Qualit\u00e4t","article_publisher":"https:\/\/www.facebook.com\/ManagementUndQualitaet","article_published_time":"2023-08-09T02:48:30+00:00","og_image":[{"width":680,"height":383,"url":"https:\/\/www.m-q.ch\/wp-content\/uploads\/2023\/08\/3D-Metrology-Conference-2023_MQ.jpg","type":"image\/jpeg"}],"author":"Thomas Berner","twitter_card":"summary_large_image","twitter_title":"3D #Metrology #Conference 2023","twitter_description":"Die 3D #Metrology Conference findet in diesem Jahr vom 26. - 28. September in der #Metropolregion #Bilbao statt.","twitter_image":"https:\/\/www.m-q.ch\/wp-content\/uploads\/2023\/08\/3D-Metrology-Conference-2023_MQ.jpg","twitter_misc":{"\u00c9crit par":"Thomas Berner","Dur\u00e9e de lecture estim\u00e9e":"3 minutes"},"schema":{"@context":"https:\/\/schema.org","@graph":[{"@type":"Article","@id":"https:\/\/www.m-q.ch\/3d-metrology-conference-2023\/#article","isPartOf":{"@id":"https:\/\/www.m-q.ch\/3d-metrology-conference-2023\/"},"author":{"name":"Thomas Berner","@id":"https:\/\/www.m-q.ch\/fr\/#\/schema\/person\/a8711938b1cfb3f056dec70eaa0b42ab"},"headline":"3D Metrology Conference 2023","datePublished":"2023-08-09T02:48:30+00:00","mainEntityOfPage":{"@id":"https:\/\/www.m-q.ch\/3d-metrology-conference-2023\/"},"wordCount":387,"publisher":{"@id":"https:\/\/www.m-q.ch\/fr\/#organization"},"image":{"@id":"https:\/\/www.m-q.ch\/3d-metrology-conference-2023\/#primaryimage"},"thumbnailUrl":"https:\/\/www.m-q.ch\/wp-content\/uploads\/2023\/08\/3D-Metrology-Conference-2023_MQ.jpg","keywords":["Fachkongress\/Fachmesse","Messtechnik","Qualit\u00e4tsmanagement"],"articleSection":["Qualit\u00e4tsmanagement"],"inLanguage":"fr-FR"},{"@type":"WebPage","@id":"https:\/\/www.m-q.ch\/3d-metrology-conference-2023\/","url":"https:\/\/www.m-q.ch\/3d-metrology-conference-2023\/","name":"3D Metrology Conference 2023 - Gestion et qualit\u00e9 MQ","isPartOf":{"@id":"https:\/\/www.m-q.ch\/fr\/#website"},"primaryImageOfPage":{"@id":"https:\/\/www.m-q.ch\/3d-metrology-conference-2023\/#primaryimage"},"image":{"@id":"https:\/\/www.m-q.ch\/3d-metrology-conference-2023\/#primaryimage"},"thumbnailUrl":"https:\/\/www.m-q.ch\/wp-content\/uploads\/2023\/08\/3D-Metrology-Conference-2023_MQ.jpg","datePublished":"2023-08-09T02:48:30+00:00","description":"La 3D Metrology Conference se tiendra cette ann\u00e9e du 26 au 28 septembre dans la r\u00e9gion m\u00e9tropolitaine de Bilbao.","breadcrumb":{"@id":"https:\/\/www.m-q.ch\/3d-metrology-conference-2023\/#breadcrumb"},"inLanguage":"fr-FR","potentialAction":[{"@type":"ReadAction","target":["https:\/\/www.m-q.ch\/3d-metrology-conference-2023\/"]}]},{"@type":"ImageObject","inLanguage":"fr-FR","@id":"https:\/\/www.m-q.ch\/3d-metrology-conference-2023\/#primaryimage","url":"https:\/\/www.m-q.ch\/wp-content\/uploads\/2023\/08\/3D-Metrology-Conference-2023_MQ.jpg","contentUrl":"https:\/\/www.m-q.ch\/wp-content\/uploads\/2023\/08\/3D-Metrology-Conference-2023_MQ.jpg"},{"@type":"BreadcrumbList","@id":"https:\/\/www.m-q.ch\/3d-metrology-conference-2023\/#breadcrumb","itemListElement":[{"@type":"ListItem","position":1,"name":"Qualit\u00e4tsmanagement","item":"https:\/\/www.m-q.ch\/kategorie\/qualitaetsmanagement\/"},{"@type":"ListItem","position":2,"name":"3D Metrology Conference 2023"}]},{"@type":"WebSite","@id":"https:\/\/www.m-q.ch\/fr\/#website","url":"https:\/\/www.m-q.ch\/fr\/","name":"Gestion et qualit\u00e9 du QM","description":"Plate-forme pour les syst\u00e8mes de gestion int\u00e9gr\u00e9e.","publisher":{"@id":"https:\/\/www.m-q.ch\/fr\/#organization"},"potentialAction":[{"@type":"SearchAction","target":{"@type":"EntryPoint","urlTemplate":"https:\/\/www.m-q.ch\/fr\/?s={search_term_string}"},"query-input":{"@type":"PropertyValueSpecification","valueRequired":true,"valueName":"search_term_string"}}],"inLanguage":"fr-FR"},{"@type":"Organization","@id":"https:\/\/www.m-q.ch\/fr\/#organization","name":"Galledia Trade Media AG","url":"https:\/\/www.m-q.ch\/fr\/","logo":{"@type":"ImageObject","inLanguage":"fr-FR","@id":"https:\/\/www.m-q.ch\/fr\/#\/schema\/logo\/image\/","url":"https:\/\/www.m-q.ch\/wp-content\/uploads\/2020\/12\/cropped-logo_small.png","contentUrl":"https:\/\/www.m-q.ch\/wp-content\/uploads\/2020\/12\/cropped-logo_small.png","width":512,"height":512,"caption":"Galledia Fachmedien AG"},"image":{"@id":"https:\/\/www.m-q.ch\/fr\/#\/schema\/logo\/image\/"},"sameAs":["https:\/\/www.facebook.com\/ManagementUndQualitaet","https:\/\/www.linkedin.com\/showcase\/17982321\/admin\/"]},{"@type":"Person","@id":"https:\/\/www.m-q.ch\/fr\/#\/schema\/person\/a8711938b1cfb3f056dec70eaa0b42ab","name":"Thomas Berner","image":{"@type":"ImageObject","inLanguage":"fr-FR","@id":"https:\/\/www.m-q.ch\/fr\/#\/schema\/person\/image\/","url":"https:\/\/secure.gravatar.com\/avatar\/faea7857408f70478f976d576da10f96?s=96&d=mm&r=g","contentUrl":"https:\/\/secure.gravatar.com\/avatar\/faea7857408f70478f976d576da10f96?s=96&d=mm&r=g","caption":"Thomas Berner"},"url":"https:\/\/www.m-q.ch\/fr\/author\/thomas-berner\/"}]}},"_links":{"self":[{"href":"https:\/\/www.m-q.ch\/fr\/wp-json\/wp\/v2\/posts\/18391","targetHints":{"allow":["GET"]}}],"collection":[{"href":"https:\/\/www.m-q.ch\/fr\/wp-json\/wp\/v2\/posts"}],"about":[{"href":"https:\/\/www.m-q.ch\/fr\/wp-json\/wp\/v2\/types\/post"}],"author":[{"embeddable":true,"href":"https:\/\/www.m-q.ch\/fr\/wp-json\/wp\/v2\/users\/10"}],"replies":[{"embeddable":true,"href":"https:\/\/www.m-q.ch\/fr\/wp-json\/wp\/v2\/comments?post=18391"}],"version-history":[{"count":1,"href":"https:\/\/www.m-q.ch\/fr\/wp-json\/wp\/v2\/posts\/18391\/revisions"}],"predecessor-version":[{"id":18393,"href":"https:\/\/www.m-q.ch\/fr\/wp-json\/wp\/v2\/posts\/18391\/revisions\/18393"}],"wp:attachment":[{"href":"https:\/\/www.m-q.ch\/fr\/wp-json\/wp\/v2\/media?parent=18391"}],"wp:term":[{"taxonomy":"category","embeddable":true,"href":"https:\/\/www.m-q.ch\/fr\/wp-json\/wp\/v2\/categories?post=18391"},{"taxonomy":"post_tag","embeddable":true,"href":"https:\/\/www.m-q.ch\/fr\/wp-json\/wp\/v2\/tags?post=18391"}],"curies":[{"name":"wp","href":"https:\/\/api.w.org\/{rel}","templated":true}]}}