{"id":18769,"date":"2023-10-20T14:57:19","date_gmt":"2023-10-20T12:57:19","guid":{"rendered":"https:\/\/www.m-q.ch\/?p=18769"},"modified":"2023-10-20T15:00:01","modified_gmt":"2023-10-20T13:00:01","slug":"context-channelwatch-2023-awards-distributeur-de-lannee-elu","status":"publish","type":"post","link":"https:\/\/www.m-q.ch\/fr\/context-channelwatch-2023-awards-distributor-of-the-year-gewaehlt\/","title":{"rendered":"CONTEXT ChannelWatch 2023 Awards : \"Distributeur de l'ann\u00e9e\" \u00e9lu"},"content":{"rendered":"<figure id=\"attachment_18775\" aria-describedby=\"caption-attachment-18775\" style=\"width: 680px\" class=\"wp-caption alignnone\"><img loading=\"lazy\" decoding=\"async\" class=\"size-full wp-image-18775\" src=\"https:\/\/www.m-q.ch\/wp-content\/uploads\/2023\/10\/tdsynnex_ps-unsplash.jpg\" alt=\"\" width=\"680\" height=\"453\" srcset=\"https:\/\/www.m-q.ch\/wp-content\/uploads\/2023\/10\/tdsynnex_ps-unsplash.jpg 680w, https:\/\/www.m-q.ch\/wp-content\/uploads\/2023\/10\/tdsynnex_ps-unsplash-18x12.jpg 18w, https:\/\/www.m-q.ch\/wp-content\/uploads\/2023\/10\/tdsynnex_ps-unsplash-375x250.jpg 375w, https:\/\/www.m-q.ch\/wp-content\/uploads\/2023\/10\/tdsynnex_ps-unsplash-525x350.jpg 525w\" sizes=\"auto, (max-width: 680px) 100vw, 680px\" \/><figcaption id=\"caption-attachment-18775\" class=\"wp-caption-text\">TD SYNNEX \u00e9lu Distributeur de l'ann\u00e9e pour la quatri\u00e8me fois lors des CONTEXT ChannelWatch 2023 Awards. (Image : www.unsplash.com)<\/figcaption><\/figure>\n<p>CONTEXT ChannelWatch est l'une des plus grandes enqu\u00eates en ligne pour les revendeurs informatiques, \u00e0 laquelle plus de 7.000 partenaires participent r\u00e9guli\u00e8rement. L'enqu\u00eate offre un aper\u00e7u des intentions et des d\u00e9cisions d'achat des revendeurs, ainsi que des tendances du secteur et des questions commerciales auxquelles l'\u00e9cosyst\u00e8me informatique est confront\u00e9. Dans le cadre de l'enqu\u00eate, les revendeurs de chaque pays nomment leurs distributeurs pour les prix CONTEXT ChannelWatch \"Distributor of the Year\".\u00a0<\/p>\n<p>Patrick Zammit, Pr\u00e9sident, Europe &amp; APJ de TD SYNNEX, a d\u00e9clar\u00e9 : \"C'est un grand honneur d'\u00eatre nomm\u00e9 Distributeur europ\u00e9en de l'ann\u00e9e CONTEXT pour la quatri\u00e8me ann\u00e9e cons\u00e9cutive. Nous remercions tous nos partenaires pour leur confiance et leur soutien, qui nous ont aid\u00e9s \u00e0 obtenir cette pr\u00e9cieuse reconnaissance. Chaque collaborateur de TD SYNNEX se concentre sur la cr\u00e9ation de la meilleure exp\u00e9rience client de bout en bout dans notre secteur, anim\u00e9 par une volont\u00e9 d'am\u00e9lioration continue dans les domaines de la sp\u00e9cialisation technologique, de l'excellence op\u00e9rationnelle et de l'innovation num\u00e9rique. C'est pourquoi il est particuli\u00e8rement gratifiant de constater que TD SYNNEX a \u00e9t\u00e9 r\u00e9compens\u00e9e dans autant de cat\u00e9gories cette ann\u00e9e. Nous remercions CONTEXT d'avoir coordonn\u00e9 cette enqu\u00eate, qui nous fournit de pr\u00e9cieux enseignements pour nous am\u00e9liorer en permanence\".<\/p>\n<p>Howard Davies, PDG et cofondateur de CONTEXT, a d\u00e9clar\u00e9 : \"F\u00e9licitations \u00e0 TD SYNNEX pour avoir remport\u00e9 le prix CONTEXT ChannelWatch Distributor of the Year 2023 Award. C'est une juste reconnaissance du travail exceptionnel qu'ils accomplissent pour leurs revendeurs. Les distributeurs jouent un r\u00f4le crucial dans le canal informatique, et TD SYNNEX se d\u00e9marque en tant que mod\u00e8le dans un secteur tr\u00e8s concurrentiel\".<\/p>\n<p>Voici la liste compl\u00e8te des r\u00e9compenses re\u00e7ues par TD SYNNEX pour l'Europe :\u00a0\u00a0<\/p>\n<h3><strong>Toute l'Europe :<\/strong><\/h3>\n<p>Distributeur de l'ann\u00e9e<\/p>\n<p>Meilleur distributeur audio-visuel<\/p>\n<p>Distributeur le plus innovant<\/p>\n<p>Meilleur distributeur logistique<\/p>\n<p>Meilleur distributeur Cloud<\/p>\n<p><em>Source :<\/em> <a href=\"https:\/\/ch.tdsynnex.com\/\">www.tdsynnex.com\u00a0<\/a><\/p>","protected":false},"excerpt":{"rendered":"<p>TD SYNNEX a \u00e9t\u00e9 \u00e9lu Distributeur de l'ann\u00e9e pour la quatri\u00e8me ann\u00e9e cons\u00e9cutive lors des CONTEXT ChannelWatch 2023 Awards. Des milliers de partenaires de distribution de toute l'Europe ont vot\u00e9. TD SYNNEX a \u00e9galement remport\u00e9 des prix dans les cat\u00e9gories europ\u00e9ennes de l'audiovisuel, de l'innovation, de la logistique et du cloud, ainsi que divers prix sp\u00e9cifiques \u00e0 chaque pays.<\/p>","protected":false},"author":380,"featured_media":18775,"comment_status":"closed","ping_status":"closed","sticky":false,"template":"","format":"standard","meta":{"_acf_changed":false,"footnotes":""},"categories":[5],"tags":[3529,3328,3501,3352],"class_list":["post-18769","post","type-post","status-publish","format-standard","has-post-thumbnail","hentry","category-business_excellence","tag-award","tag-business-excellence","tag-it","tag-unternehmen"],"acf":[],"yoast_head":"<!-- This site is optimized with the Yoast SEO plugin v26.2 - https:\/\/yoast.com\/wordpress\/plugins\/seo\/ -->\n<title>CONTEXT ChannelWatch 2023 Awards: &quot;Distributor of the Year&quot; gew\u00e4hlt - MQ Management und Qualit\u00e4t<\/title>\n<meta name=\"description\" content=\"TD SYNNEX wurde bei den CONTEXT ChannelWatch 2023 Awards zum vierten Mal in Folge zum Distributor des Jahres gew\u00e4hlt.\" \/>\n<meta name=\"robots\" content=\"index, follow, max-snippet:-1, max-image-preview:large, max-video-preview:-1\" \/>\n<link rel=\"canonical\" href=\"https:\/\/www.m-q.ch\/fr\/context-channelwatch-2023-awards-distributeur-de-lannee-elu\/\" \/>\n<meta property=\"og:locale\" content=\"fr_FR\" \/>\n<meta property=\"og:type\" content=\"article\" \/>\n<meta property=\"og:title\" content=\"CONTEXT ChannelWatch 2023 Awards: &quot;Distributor of the Year&quot; gew\u00e4hlt\" \/>\n<meta property=\"og:description\" content=\"TD SYNNEX wurde bei den CONTEXT ChannelWatch 2023 Awards zum vierten Mal in Folge zum Distributor des Jahres gew\u00e4hlt.\" \/>\n<meta property=\"og:url\" content=\"https:\/\/www.m-q.ch\/fr\/context-channelwatch-2023-awards-distributeur-de-lannee-elu\/\" \/>\n<meta property=\"og:site_name\" content=\"MQ Management und Qualit\u00e4t\" \/>\n<meta property=\"article:publisher\" content=\"https:\/\/www.facebook.com\/ManagementUndQualitaet\" \/>\n<meta property=\"article:published_time\" content=\"2023-10-20T12:57:19+00:00\" \/>\n<meta property=\"article:modified_time\" content=\"2023-10-20T13:00:01+00:00\" \/>\n<meta property=\"og:image\" content=\"https:\/\/www.m-q.ch\/wp-content\/uploads\/2023\/10\/tdsynnex_ps-unsplash.jpg\" \/>\n\t<meta property=\"og:image:width\" content=\"680\" \/>\n\t<meta property=\"og:image:height\" content=\"453\" \/>\n\t<meta property=\"og:image:type\" content=\"image\/jpeg\" \/>\n<meta name=\"author\" content=\"Adelisa Kalajdzini\" \/>\n<meta name=\"twitter:card\" content=\"summary_large_image\" \/>\n<meta name=\"twitter:title\" content=\"CONTEXT ChannelWatch 2023 Awards: &quot;Distributor of the Year&quot; gew\u00e4hlt\" \/>\n<meta name=\"twitter:description\" content=\"#TD SYNNEX wurde bei den #CONTEXT ChannelWatch 2023 Awards zum vierten Mal in Folge zum #Distributor des Jahres gew\u00e4hlt.\" \/>\n<meta name=\"twitter:image\" content=\"https:\/\/www.m-q.ch\/wp-content\/uploads\/2023\/10\/tdsynnex_ps-unsplash.jpg\" \/>\n<meta name=\"twitter:label1\" content=\"\u00c9crit par\" \/>\n\t<meta name=\"twitter:data1\" content=\"Adelisa Kalajdzini\" \/>\n\t<meta name=\"twitter:label2\" content=\"Dur\u00e9e de lecture estim\u00e9e\" \/>\n\t<meta name=\"twitter:data2\" content=\"2 minutes\" \/>\n<script type=\"application\/ld+json\" class=\"yoast-schema-graph\">{\"@context\":\"https:\/\/schema.org\",\"@graph\":[{\"@type\":\"Article\",\"@id\":\"https:\/\/www.m-q.ch\/context-channelwatch-2023-awards-distributor-of-the-year-gewaehlt\/#article\",\"isPartOf\":{\"@id\":\"https:\/\/www.m-q.ch\/context-channelwatch-2023-awards-distributor-of-the-year-gewaehlt\/\"},\"author\":{\"name\":\"Adelisa Kalajdzini\",\"@id\":\"https:\/\/www.m-q.ch\/fr\/#\/schema\/person\/4ebe2e04afdd80427ae9c9069dde7175\"},\"headline\":\"CONTEXT ChannelWatch 2023 Awards: &#8222;Distributor of the Year&#8220; gew\u00e4hlt\",\"datePublished\":\"2023-10-20T12:57:19+00:00\",\"dateModified\":\"2023-10-20T13:00:01+00:00\",\"mainEntityOfPage\":{\"@id\":\"https:\/\/www.m-q.ch\/context-channelwatch-2023-awards-distributor-of-the-year-gewaehlt\/\"},\"wordCount\":330,\"publisher\":{\"@id\":\"https:\/\/www.m-q.ch\/fr\/#organization\"},\"image\":{\"@id\":\"https:\/\/www.m-q.ch\/context-channelwatch-2023-awards-distributor-of-the-year-gewaehlt\/#primaryimage\"},\"thumbnailUrl\":\"https:\/\/www.m-q.ch\/wp-content\/uploads\/2023\/10\/tdsynnex_ps-unsplash.jpg\",\"keywords\":[\"Award\",\"Business Excellence\",\"IT\",\"Unternehmen\"],\"articleSection\":[\"Business Excellence\"],\"inLanguage\":\"fr-FR\"},{\"@type\":\"WebPage\",\"@id\":\"https:\/\/www.m-q.ch\/context-channelwatch-2023-awards-distributor-of-the-year-gewaehlt\/\",\"url\":\"https:\/\/www.m-q.ch\/context-channelwatch-2023-awards-distributor-of-the-year-gewaehlt\/\",\"name\":\"CONTEXT ChannelWatch 2023 Awards: \\\"Distributor of the Year\\\" gew\u00e4hlt - MQ Management und Qualit\u00e4t\",\"isPartOf\":{\"@id\":\"https:\/\/www.m-q.ch\/fr\/#website\"},\"primaryImageOfPage\":{\"@id\":\"https:\/\/www.m-q.ch\/context-channelwatch-2023-awards-distributor-of-the-year-gewaehlt\/#primaryimage\"},\"image\":{\"@id\":\"https:\/\/www.m-q.ch\/context-channelwatch-2023-awards-distributor-of-the-year-gewaehlt\/#primaryimage\"},\"thumbnailUrl\":\"https:\/\/www.m-q.ch\/wp-content\/uploads\/2023\/10\/tdsynnex_ps-unsplash.jpg\",\"datePublished\":\"2023-10-20T12:57:19+00:00\",\"dateModified\":\"2023-10-20T13:00:01+00:00\",\"description\":\"TD SYNNEX wurde bei den CONTEXT ChannelWatch 2023 Awards zum vierten Mal in Folge zum Distributor des Jahres gew\u00e4hlt.\",\"breadcrumb\":{\"@id\":\"https:\/\/www.m-q.ch\/context-channelwatch-2023-awards-distributor-of-the-year-gewaehlt\/#breadcrumb\"},\"inLanguage\":\"fr-FR\",\"potentialAction\":[{\"@type\":\"ReadAction\",\"target\":[\"https:\/\/www.m-q.ch\/context-channelwatch-2023-awards-distributor-of-the-year-gewaehlt\/\"]}]},{\"@type\":\"ImageObject\",\"inLanguage\":\"fr-FR\",\"@id\":\"https:\/\/www.m-q.ch\/context-channelwatch-2023-awards-distributor-of-the-year-gewaehlt\/#primaryimage\",\"url\":\"https:\/\/www.m-q.ch\/wp-content\/uploads\/2023\/10\/tdsynnex_ps-unsplash.jpg\",\"contentUrl\":\"https:\/\/www.m-q.ch\/wp-content\/uploads\/2023\/10\/tdsynnex_ps-unsplash.jpg\",\"width\":680,\"height\":453,\"caption\":\"TD SYNNEX bei den CONTEXT ChannelWatch 2023 Awards zum vierten Mal zum Distributor des Jahres gew\u00e4hlt. (Bild: www.unsplash.com)\"},{\"@type\":\"BreadcrumbList\",\"@id\":\"https:\/\/www.m-q.ch\/context-channelwatch-2023-awards-distributor-of-the-year-gewaehlt\/#breadcrumb\",\"itemListElement\":[{\"@type\":\"ListItem\",\"position\":1,\"name\":\"Business Excellence\",\"item\":\"https:\/\/www.m-q.ch\/kategorie\/business_excellence\/\"},{\"@type\":\"ListItem\",\"position\":2,\"name\":\"CONTEXT ChannelWatch 2023 Awards: &#8222;Distributor of the Year&#8220; gew\u00e4hlt\"}]},{\"@type\":\"WebSite\",\"@id\":\"https:\/\/www.m-q.ch\/fr\/#website\",\"url\":\"https:\/\/www.m-q.ch\/fr\/\",\"name\":\"MQ Management und Qualit\u00e4t\",\"description\":\"Plattform f\u00fcr integrierte Managementsysteme.\",\"publisher\":{\"@id\":\"https:\/\/www.m-q.ch\/fr\/#organization\"},\"potentialAction\":[{\"@type\":\"SearchAction\",\"target\":{\"@type\":\"EntryPoint\",\"urlTemplate\":\"https:\/\/www.m-q.ch\/fr\/?s={search_term_string}\"},\"query-input\":{\"@type\":\"PropertyValueSpecification\",\"valueRequired\":true,\"valueName\":\"search_term_string\"}}],\"inLanguage\":\"fr-FR\"},{\"@type\":\"Organization\",\"@id\":\"https:\/\/www.m-q.ch\/fr\/#organization\",\"name\":\"Galledia Fachmedien AG\",\"url\":\"https:\/\/www.m-q.ch\/fr\/\",\"logo\":{\"@type\":\"ImageObject\",\"inLanguage\":\"fr-FR\",\"@id\":\"https:\/\/www.m-q.ch\/fr\/#\/schema\/logo\/image\/\",\"url\":\"https:\/\/www.m-q.ch\/wp-content\/uploads\/2020\/12\/cropped-logo_small.png\",\"contentUrl\":\"https:\/\/www.m-q.ch\/wp-content\/uploads\/2020\/12\/cropped-logo_small.png\",\"width\":512,\"height\":512,\"caption\":\"Galledia Fachmedien AG\"},\"image\":{\"@id\":\"https:\/\/www.m-q.ch\/fr\/#\/schema\/logo\/image\/\"},\"sameAs\":[\"https:\/\/www.facebook.com\/ManagementUndQualitaet\",\"https:\/\/www.linkedin.com\/showcase\/17982321\/admin\/\"]},{\"@type\":\"Person\",\"@id\":\"https:\/\/www.m-q.ch\/fr\/#\/schema\/person\/4ebe2e04afdd80427ae9c9069dde7175\",\"name\":\"Adelisa Kalajdzini\",\"image\":{\"@type\":\"ImageObject\",\"inLanguage\":\"fr-FR\",\"@id\":\"https:\/\/www.m-q.ch\/fr\/#\/schema\/person\/image\/\",\"url\":\"https:\/\/secure.gravatar.com\/avatar\/2b95b0122f29123fee33229802f3b16b?s=96&d=mm&r=g\",\"contentUrl\":\"https:\/\/secure.gravatar.com\/avatar\/2b95b0122f29123fee33229802f3b16b?s=96&d=mm&r=g\",\"caption\":\"Adelisa Kalajdzini\"},\"url\":\"https:\/\/www.m-q.ch\/fr\/author\/adelisa-kalajdzini\/\"}]}<\/script>\n<!-- \/ Yoast SEO plugin. -->","yoast_head_json":{"title":"CONTEXT ChannelWatch 2023 Awards : \"Distributeur de l'ann\u00e9e\" \u00e9lu - MQ Management et qualit\u00e9","description":"TD SYNNEX a \u00e9t\u00e9 \u00e9lu Distributeur de l'ann\u00e9e pour la quatri\u00e8me ann\u00e9e cons\u00e9cutive lors des CONTEXT ChannelWatch 2023 Awards.","robots":{"index":"index","follow":"follow","max-snippet":"max-snippet:-1","max-image-preview":"max-image-preview:large","max-video-preview":"max-video-preview:-1"},"canonical":"https:\/\/www.m-q.ch\/fr\/context-channelwatch-2023-awards-distributeur-de-lannee-elu\/","og_locale":"fr_FR","og_type":"article","og_title":"CONTEXT ChannelWatch 2023 Awards: \"Distributor of the Year\" gew\u00e4hlt","og_description":"TD SYNNEX wurde bei den CONTEXT ChannelWatch 2023 Awards zum vierten Mal in Folge zum Distributor des Jahres gew\u00e4hlt.","og_url":"https:\/\/www.m-q.ch\/fr\/context-channelwatch-2023-awards-distributeur-de-lannee-elu\/","og_site_name":"MQ Management und Qualit\u00e4t","article_publisher":"https:\/\/www.facebook.com\/ManagementUndQualitaet","article_published_time":"2023-10-20T12:57:19+00:00","article_modified_time":"2023-10-20T13:00:01+00:00","og_image":[{"width":680,"height":453,"url":"https:\/\/www.m-q.ch\/wp-content\/uploads\/2023\/10\/tdsynnex_ps-unsplash.jpg","type":"image\/jpeg"}],"author":"Adelisa Kalajdzini","twitter_card":"summary_large_image","twitter_title":"CONTEXT ChannelWatch 2023 Awards: \"Distributor of the Year\" gew\u00e4hlt","twitter_description":"#TD SYNNEX wurde bei den #CONTEXT ChannelWatch 2023 Awards zum vierten Mal in Folge zum #Distributor des Jahres gew\u00e4hlt.","twitter_image":"https:\/\/www.m-q.ch\/wp-content\/uploads\/2023\/10\/tdsynnex_ps-unsplash.jpg","twitter_misc":{"\u00c9crit par":"Adelisa Kalajdzini","Dur\u00e9e de lecture estim\u00e9e":"2 minutes"},"schema":{"@context":"https:\/\/schema.org","@graph":[{"@type":"Article","@id":"https:\/\/www.m-q.ch\/context-channelwatch-2023-awards-distributor-of-the-year-gewaehlt\/#article","isPartOf":{"@id":"https:\/\/www.m-q.ch\/context-channelwatch-2023-awards-distributor-of-the-year-gewaehlt\/"},"author":{"name":"Adelisa Kalajdzini","@id":"https:\/\/www.m-q.ch\/fr\/#\/schema\/person\/4ebe2e04afdd80427ae9c9069dde7175"},"headline":"CONTEXT ChannelWatch 2023 Awards: &#8222;Distributor of the Year&#8220; gew\u00e4hlt","datePublished":"2023-10-20T12:57:19+00:00","dateModified":"2023-10-20T13:00:01+00:00","mainEntityOfPage":{"@id":"https:\/\/www.m-q.ch\/context-channelwatch-2023-awards-distributor-of-the-year-gewaehlt\/"},"wordCount":330,"publisher":{"@id":"https:\/\/www.m-q.ch\/fr\/#organization"},"image":{"@id":"https:\/\/www.m-q.ch\/context-channelwatch-2023-awards-distributor-of-the-year-gewaehlt\/#primaryimage"},"thumbnailUrl":"https:\/\/www.m-q.ch\/wp-content\/uploads\/2023\/10\/tdsynnex_ps-unsplash.jpg","keywords":["Award","Business Excellence","IT","Unternehmen"],"articleSection":["Business Excellence"],"inLanguage":"fr-FR"},{"@type":"WebPage","@id":"https:\/\/www.m-q.ch\/context-channelwatch-2023-awards-distributor-of-the-year-gewaehlt\/","url":"https:\/\/www.m-q.ch\/context-channelwatch-2023-awards-distributor-of-the-year-gewaehlt\/","name":"CONTEXT ChannelWatch 2023 Awards : \"Distributeur de l'ann\u00e9e\" \u00e9lu - MQ Management et qualit\u00e9","isPartOf":{"@id":"https:\/\/www.m-q.ch\/fr\/#website"},"primaryImageOfPage":{"@id":"https:\/\/www.m-q.ch\/context-channelwatch-2023-awards-distributor-of-the-year-gewaehlt\/#primaryimage"},"image":{"@id":"https:\/\/www.m-q.ch\/context-channelwatch-2023-awards-distributor-of-the-year-gewaehlt\/#primaryimage"},"thumbnailUrl":"https:\/\/www.m-q.ch\/wp-content\/uploads\/2023\/10\/tdsynnex_ps-unsplash.jpg","datePublished":"2023-10-20T12:57:19+00:00","dateModified":"2023-10-20T13:00:01+00:00","description":"TD SYNNEX a \u00e9t\u00e9 \u00e9lu Distributeur de l'ann\u00e9e pour la quatri\u00e8me ann\u00e9e cons\u00e9cutive lors des CONTEXT ChannelWatch 2023 Awards.","breadcrumb":{"@id":"https:\/\/www.m-q.ch\/context-channelwatch-2023-awards-distributor-of-the-year-gewaehlt\/#breadcrumb"},"inLanguage":"fr-FR","potentialAction":[{"@type":"ReadAction","target":["https:\/\/www.m-q.ch\/context-channelwatch-2023-awards-distributor-of-the-year-gewaehlt\/"]}]},{"@type":"ImageObject","inLanguage":"fr-FR","@id":"https:\/\/www.m-q.ch\/context-channelwatch-2023-awards-distributor-of-the-year-gewaehlt\/#primaryimage","url":"https:\/\/www.m-q.ch\/wp-content\/uploads\/2023\/10\/tdsynnex_ps-unsplash.jpg","contentUrl":"https:\/\/www.m-q.ch\/wp-content\/uploads\/2023\/10\/tdsynnex_ps-unsplash.jpg","width":680,"height":453,"caption":"TD SYNNEX bei den CONTEXT ChannelWatch 2023 Awards zum vierten Mal zum Distributor des Jahres gew\u00e4hlt. (Bild: www.unsplash.com)"},{"@type":"BreadcrumbList","@id":"https:\/\/www.m-q.ch\/context-channelwatch-2023-awards-distributor-of-the-year-gewaehlt\/#breadcrumb","itemListElement":[{"@type":"ListItem","position":1,"name":"Business Excellence","item":"https:\/\/www.m-q.ch\/kategorie\/business_excellence\/"},{"@type":"ListItem","position":2,"name":"CONTEXT ChannelWatch 2023 Awards: &#8222;Distributor of the Year&#8220; gew\u00e4hlt"}]},{"@type":"WebSite","@id":"https:\/\/www.m-q.ch\/fr\/#website","url":"https:\/\/www.m-q.ch\/fr\/","name":"Gestion et qualit\u00e9 du QM","description":"Plate-forme pour les syst\u00e8mes de gestion int\u00e9gr\u00e9e.","publisher":{"@id":"https:\/\/www.m-q.ch\/fr\/#organization"},"potentialAction":[{"@type":"SearchAction","target":{"@type":"EntryPoint","urlTemplate":"https:\/\/www.m-q.ch\/fr\/?s={search_term_string}"},"query-input":{"@type":"PropertyValueSpecification","valueRequired":true,"valueName":"search_term_string"}}],"inLanguage":"fr-FR"},{"@type":"Organization","@id":"https:\/\/www.m-q.ch\/fr\/#organization","name":"Galledia Trade Media AG","url":"https:\/\/www.m-q.ch\/fr\/","logo":{"@type":"ImageObject","inLanguage":"fr-FR","@id":"https:\/\/www.m-q.ch\/fr\/#\/schema\/logo\/image\/","url":"https:\/\/www.m-q.ch\/wp-content\/uploads\/2020\/12\/cropped-logo_small.png","contentUrl":"https:\/\/www.m-q.ch\/wp-content\/uploads\/2020\/12\/cropped-logo_small.png","width":512,"height":512,"caption":"Galledia Fachmedien AG"},"image":{"@id":"https:\/\/www.m-q.ch\/fr\/#\/schema\/logo\/image\/"},"sameAs":["https:\/\/www.facebook.com\/ManagementUndQualitaet","https:\/\/www.linkedin.com\/showcase\/17982321\/admin\/"]},{"@type":"Person","@id":"https:\/\/www.m-q.ch\/fr\/#\/schema\/person\/4ebe2e04afdd80427ae9c9069dde7175","name":"Adelisa Kalajdzini","image":{"@type":"ImageObject","inLanguage":"fr-FR","@id":"https:\/\/www.m-q.ch\/fr\/#\/schema\/person\/image\/","url":"https:\/\/secure.gravatar.com\/avatar\/2b95b0122f29123fee33229802f3b16b?s=96&d=mm&r=g","contentUrl":"https:\/\/secure.gravatar.com\/avatar\/2b95b0122f29123fee33229802f3b16b?s=96&d=mm&r=g","caption":"Adelisa Kalajdzini"},"url":"https:\/\/www.m-q.ch\/fr\/author\/adelisa-kalajdzini\/"}]}},"_links":{"self":[{"href":"https:\/\/www.m-q.ch\/fr\/wp-json\/wp\/v2\/posts\/18769","targetHints":{"allow":["GET"]}}],"collection":[{"href":"https:\/\/www.m-q.ch\/fr\/wp-json\/wp\/v2\/posts"}],"about":[{"href":"https:\/\/www.m-q.ch\/fr\/wp-json\/wp\/v2\/types\/post"}],"author":[{"embeddable":true,"href":"https:\/\/www.m-q.ch\/fr\/wp-json\/wp\/v2\/users\/380"}],"replies":[{"embeddable":true,"href":"https:\/\/www.m-q.ch\/fr\/wp-json\/wp\/v2\/comments?post=18769"}],"version-history":[{"count":6,"href":"https:\/\/www.m-q.ch\/fr\/wp-json\/wp\/v2\/posts\/18769\/revisions"}],"predecessor-version":[{"id":18778,"href":"https:\/\/www.m-q.ch\/fr\/wp-json\/wp\/v2\/posts\/18769\/revisions\/18778"}],"wp:featuredmedia":[{"embeddable":true,"href":"https:\/\/www.m-q.ch\/fr\/wp-json\/wp\/v2\/media\/18775"}],"wp:attachment":[{"href":"https:\/\/www.m-q.ch\/fr\/wp-json\/wp\/v2\/media?parent=18769"}],"wp:term":[{"taxonomy":"category","embeddable":true,"href":"https:\/\/www.m-q.ch\/fr\/wp-json\/wp\/v2\/categories?post=18769"},{"taxonomy":"post_tag","embeddable":true,"href":"https:\/\/www.m-q.ch\/fr\/wp-json\/wp\/v2\/tags?post=18769"}],"curies":[{"name":"wp","href":"https:\/\/api.w.org\/{rel}","templated":true}]}}