{"id":19247,"date":"2024-02-16T03:21:47","date_gmt":"2024-02-16T02:21:47","guid":{"rendered":"https:\/\/www.m-q.ch\/de\/?p=19247"},"modified":"2024-02-13T13:44:32","modified_gmt":"2024-02-13T12:44:32","slug":"whistleblowers-les-crieurs-dans-le-desert","status":"publish","type":"post","link":"https:\/\/www.m-q.ch\/fr\/whistleblower-die-rufer-in-der-wueste\/","title":{"rendered":"Les lanceurs d'alerte : les appelants dans le d\u00e9sert"},"content":{"rendered":"<div class=\"swpm-post-not-logged-in-msg\">Vous devez \u00eatre connect\u00e9 pour voir ce contenu. Veuillez <a class=\"swpm-login-link\" href=\"https:\/\/www.m-q.ch\/fr\/login\/\">Se connecter<\/a>. Pas un membre ? <a href=\"https:\/\/www.m-q.ch\/fr\/sinscrire\/\">Nous Rejoindre<\/a><\/div>","protected":false},"excerpt":{"rendered":"<p>Si l'on en croit les profils d'entreprises et les offres d'emploi, il n'y a pratiquement plus que les organisations qui valorisent et soignent leur personnel comme la ressource la plus importante qui soit. Les collaborateurs sont consid\u00e9r\u00e9s comme les garants de l'innovation, de l'efficacit\u00e9, de la cr\u00e9ativit\u00e9, de l'\u00e9thique et du succ\u00e8s. Si tel est le cas, pourquoi les voix critiques ont-elles souvent du mal \u00e0 se faire entendre dans les organisations ? Pourquoi les indications de comportement fautif sont-elles encore proscrites comme \"souillure du nid\" ? Les crieurs inaudibles ne repr\u00e9sentent pas seulement un risque pour une organisation, mais aussi une occasion manqu\u00e9e. <\/p>","protected":false},"author":364,"featured_media":19246,"comment_status":"closed","ping_status":"closed","sticky":false,"template":"","format":"standard","meta":{"_acf_changed":false,"footnotes":""},"categories":[4443,4],"tags":[3326,5487],"class_list":["post-19247","post","type-post","status-publish","format-standard","has-post-thumbnail","hentry","category-abo","category-risikomanagement","tag-risikomanagement","tag-whistleblowing"],"acf":[],"yoast_head":"<!-- This site is optimized with the Yoast SEO plugin v26.2 - https:\/\/yoast.com\/wordpress\/plugins\/seo\/ -->\n<title>Whistleblower: Die Rufer in der W\u00fcste - MQ Management und Qualit\u00e4t<\/title>\n<meta name=\"description\" content=\"Whistleblower: Die ungeh\u00f6rten Rufer sind nicht nur ein Risiko f\u00fcr eine Organisation, sondern eine verpasste Chance.\" \/>\n<meta name=\"robots\" content=\"index, follow, max-snippet:-1, max-image-preview:large, max-video-preview:-1\" \/>\n<link rel=\"canonical\" href=\"https:\/\/www.m-q.ch\/fr\/whistleblowers-les-crieurs-dans-le-desert\/\" \/>\n<meta property=\"og:locale\" content=\"fr_FR\" \/>\n<meta property=\"og:type\" content=\"article\" \/>\n<meta property=\"og:title\" content=\"Whistleblower: Die Rufer in der W\u00fcste - MQ Management und Qualit\u00e4t\" \/>\n<meta property=\"og:description\" content=\"Whistleblower: Die ungeh\u00f6rten Rufer sind nicht nur ein Risiko f\u00fcr eine Organisation, sondern eine verpasste Chance.\" \/>\n<meta property=\"og:url\" content=\"https:\/\/www.m-q.ch\/fr\/whistleblowers-les-crieurs-dans-le-desert\/\" \/>\n<meta property=\"og:site_name\" content=\"MQ Management und Qualit\u00e4t\" \/>\n<meta property=\"article:publisher\" content=\"https:\/\/www.facebook.com\/ManagementUndQualitaet\" \/>\n<meta property=\"article:published_time\" content=\"2024-02-16T02:21:47+00:00\" \/>\n<meta property=\"og:image\" content=\"https:\/\/www.m-q.ch\/wp-content\/uploads\/2024\/02\/RISK_NWRM-Christ_Bild_NEU_management_qualitaet_82904-scaled.jpg\" \/>\n\t<meta property=\"og:image:width\" content=\"1400\" \/>\n\t<meta property=\"og:image:height\" content=\"690\" \/>\n\t<meta property=\"og:image:type\" content=\"image\/jpeg\" \/>\n<meta name=\"author\" content=\"Redaktion\" \/>\n<meta name=\"twitter:card\" content=\"summary_large_image\" \/>\n<meta name=\"twitter:label1\" content=\"\u00c9crit par\" \/>\n\t<meta name=\"twitter:data1\" content=\"Redaktion\" \/>\n\t<meta name=\"twitter:label2\" content=\"Dur\u00e9e de lecture estim\u00e9e\" \/>\n\t<meta name=\"twitter:data2\" content=\"7 minutes\" \/>\n<script type=\"application\/ld+json\" class=\"yoast-schema-graph\">{\"@context\":\"https:\/\/schema.org\",\"@graph\":[{\"@type\":\"Article\",\"@id\":\"https:\/\/www.m-q.ch\/whistleblower-die-rufer-in-der-wueste\/#article\",\"isPartOf\":{\"@id\":\"https:\/\/www.m-q.ch\/whistleblower-die-rufer-in-der-wueste\/\"},\"author\":{\"name\":\"Redaktion\",\"@id\":\"https:\/\/www.m-q.ch\/fr\/#\/schema\/person\/cf30c7b4028fe33150e62c36185ab577\"},\"headline\":\"Whistleblower: Die Rufer in der W\u00fcste\",\"datePublished\":\"2024-02-16T02:21:47+00:00\",\"mainEntityOfPage\":{\"@id\":\"https:\/\/www.m-q.ch\/whistleblower-die-rufer-in-der-wueste\/\"},\"wordCount\":1246,\"publisher\":{\"@id\":\"https:\/\/www.m-q.ch\/fr\/#organization\"},\"image\":{\"@id\":\"https:\/\/www.m-q.ch\/whistleblower-die-rufer-in-der-wueste\/#primaryimage\"},\"thumbnailUrl\":\"https:\/\/www.m-q.ch\/wp-content\/uploads\/2024\/02\/RISK_NWRM-Christ_Bild_NEU_management_qualitaet_82904-scaled.jpg\",\"keywords\":[\"Risikomanagement\",\"Whistleblowing\"],\"articleSection\":[\"Abo +\",\"Risikomanagement\"],\"inLanguage\":\"fr-FR\"},{\"@type\":\"WebPage\",\"@id\":\"https:\/\/www.m-q.ch\/whistleblower-die-rufer-in-der-wueste\/\",\"url\":\"https:\/\/www.m-q.ch\/whistleblower-die-rufer-in-der-wueste\/\",\"name\":\"Whistleblower: Die Rufer in der W\u00fcste - MQ Management und Qualit\u00e4t\",\"isPartOf\":{\"@id\":\"https:\/\/www.m-q.ch\/fr\/#website\"},\"primaryImageOfPage\":{\"@id\":\"https:\/\/www.m-q.ch\/whistleblower-die-rufer-in-der-wueste\/#primaryimage\"},\"image\":{\"@id\":\"https:\/\/www.m-q.ch\/whistleblower-die-rufer-in-der-wueste\/#primaryimage\"},\"thumbnailUrl\":\"https:\/\/www.m-q.ch\/wp-content\/uploads\/2024\/02\/RISK_NWRM-Christ_Bild_NEU_management_qualitaet_82904-scaled.jpg\",\"datePublished\":\"2024-02-16T02:21:47+00:00\",\"description\":\"Whistleblower: Die ungeh\u00f6rten Rufer sind nicht nur ein Risiko f\u00fcr eine Organisation, sondern eine verpasste Chance.\",\"breadcrumb\":{\"@id\":\"https:\/\/www.m-q.ch\/whistleblower-die-rufer-in-der-wueste\/#breadcrumb\"},\"inLanguage\":\"fr-FR\",\"potentialAction\":[{\"@type\":\"ReadAction\",\"target\":[\"https:\/\/www.m-q.ch\/whistleblower-die-rufer-in-der-wueste\/\"]}]},{\"@type\":\"ImageObject\",\"inLanguage\":\"fr-FR\",\"@id\":\"https:\/\/www.m-q.ch\/whistleblower-die-rufer-in-der-wueste\/#primaryimage\",\"url\":\"https:\/\/www.m-q.ch\/wp-content\/uploads\/2024\/02\/RISK_NWRM-Christ_Bild_NEU_management_qualitaet_82904-scaled.jpg\",\"contentUrl\":\"https:\/\/www.m-q.ch\/wp-content\/uploads\/2024\/02\/RISK_NWRM-Christ_Bild_NEU_management_qualitaet_82904-scaled.jpg\",\"width\":1400,\"height\":690,\"caption\":\"Missst\u00e4nde in Unternehmen: Wer nichts sagt, macht sich mitschuldig, kann sich aber auch unbeliebt machen. Eine anonyme Meldestelle schafft Abhilfe.\u00a9 amadeoemaja \/ Depositphotos.com\"},{\"@type\":\"BreadcrumbList\",\"@id\":\"https:\/\/www.m-q.ch\/whistleblower-die-rufer-in-der-wueste\/#breadcrumb\",\"itemListElement\":[{\"@type\":\"ListItem\",\"position\":1,\"name\":\"Risikomanagement\",\"item\":\"https:\/\/www.m-q.ch\/kategorie\/risikomanagement\/\"},{\"@type\":\"ListItem\",\"position\":2,\"name\":\"Whistleblower: Die Rufer in der W\u00fcste\"}]},{\"@type\":\"WebSite\",\"@id\":\"https:\/\/www.m-q.ch\/fr\/#website\",\"url\":\"https:\/\/www.m-q.ch\/fr\/\",\"name\":\"MQ Management und Qualit\u00e4t\",\"description\":\"Plattform f\u00fcr integrierte Managementsysteme.\",\"publisher\":{\"@id\":\"https:\/\/www.m-q.ch\/fr\/#organization\"},\"potentialAction\":[{\"@type\":\"SearchAction\",\"target\":{\"@type\":\"EntryPoint\",\"urlTemplate\":\"https:\/\/www.m-q.ch\/fr\/?s={search_term_string}\"},\"query-input\":{\"@type\":\"PropertyValueSpecification\",\"valueRequired\":true,\"valueName\":\"search_term_string\"}}],\"inLanguage\":\"fr-FR\"},{\"@type\":\"Organization\",\"@id\":\"https:\/\/www.m-q.ch\/fr\/#organization\",\"name\":\"Galledia Fachmedien AG\",\"url\":\"https:\/\/www.m-q.ch\/fr\/\",\"logo\":{\"@type\":\"ImageObject\",\"inLanguage\":\"fr-FR\",\"@id\":\"https:\/\/www.m-q.ch\/fr\/#\/schema\/logo\/image\/\",\"url\":\"https:\/\/www.m-q.ch\/wp-content\/uploads\/2020\/12\/cropped-logo_small.png\",\"contentUrl\":\"https:\/\/www.m-q.ch\/wp-content\/uploads\/2020\/12\/cropped-logo_small.png\",\"width\":512,\"height\":512,\"caption\":\"Galledia Fachmedien AG\"},\"image\":{\"@id\":\"https:\/\/www.m-q.ch\/fr\/#\/schema\/logo\/image\/\"},\"sameAs\":[\"https:\/\/www.facebook.com\/ManagementUndQualitaet\",\"https:\/\/www.linkedin.com\/showcase\/17982321\/admin\/\"]},{\"@type\":\"Person\",\"@id\":\"https:\/\/www.m-q.ch\/fr\/#\/schema\/person\/cf30c7b4028fe33150e62c36185ab577\",\"name\":\"Redaktion\",\"image\":{\"@type\":\"ImageObject\",\"inLanguage\":\"fr-FR\",\"@id\":\"https:\/\/www.m-q.ch\/fr\/#\/schema\/person\/image\/\",\"url\":\"https:\/\/secure.gravatar.com\/avatar\/e2b5af0e473e62154d7b4354a7dec14e?s=96&d=mm&r=g\",\"contentUrl\":\"https:\/\/secure.gravatar.com\/avatar\/e2b5af0e473e62154d7b4354a7dec14e?s=96&d=mm&r=g\",\"caption\":\"Redaktion\"},\"url\":\"https:\/\/www.m-q.ch\/fr\/author\/admin\/\"}]}<\/script>\n<!-- \/ Yoast SEO plugin. -->","yoast_head_json":{"title":"Whistleblowers : les crieurs publics dans le d\u00e9sert - MQ Management et Qualit\u00e9","description":"Lanceurs d'alerte : les lanceurs d'alerte non entendus ne repr\u00e9sentent pas seulement un risque pour une organisation, mais aussi une opportunit\u00e9 manqu\u00e9e.","robots":{"index":"index","follow":"follow","max-snippet":"max-snippet:-1","max-image-preview":"max-image-preview:large","max-video-preview":"max-video-preview:-1"},"canonical":"https:\/\/www.m-q.ch\/fr\/whistleblowers-les-crieurs-dans-le-desert\/","og_locale":"fr_FR","og_type":"article","og_title":"Whistleblower: Die Rufer in der W\u00fcste - MQ Management und Qualit\u00e4t","og_description":"Whistleblower: Die ungeh\u00f6rten Rufer sind nicht nur ein Risiko f\u00fcr eine Organisation, sondern eine verpasste Chance.","og_url":"https:\/\/www.m-q.ch\/fr\/whistleblowers-les-crieurs-dans-le-desert\/","og_site_name":"MQ Management und Qualit\u00e4t","article_publisher":"https:\/\/www.facebook.com\/ManagementUndQualitaet","article_published_time":"2024-02-16T02:21:47+00:00","og_image":[{"width":1400,"height":690,"url":"https:\/\/www.m-q.ch\/wp-content\/uploads\/2024\/02\/RISK_NWRM-Christ_Bild_NEU_management_qualitaet_82904-scaled.jpg","type":"image\/jpeg"}],"author":"Redaktion","twitter_card":"summary_large_image","twitter_misc":{"\u00c9crit par":"Redaktion","Dur\u00e9e de lecture estim\u00e9e":"7 minutes"},"schema":{"@context":"https:\/\/schema.org","@graph":[{"@type":"Article","@id":"https:\/\/www.m-q.ch\/whistleblower-die-rufer-in-der-wueste\/#article","isPartOf":{"@id":"https:\/\/www.m-q.ch\/whistleblower-die-rufer-in-der-wueste\/"},"author":{"name":"Redaktion","@id":"https:\/\/www.m-q.ch\/fr\/#\/schema\/person\/cf30c7b4028fe33150e62c36185ab577"},"headline":"Whistleblower: Die Rufer in der W\u00fcste","datePublished":"2024-02-16T02:21:47+00:00","mainEntityOfPage":{"@id":"https:\/\/www.m-q.ch\/whistleblower-die-rufer-in-der-wueste\/"},"wordCount":1246,"publisher":{"@id":"https:\/\/www.m-q.ch\/fr\/#organization"},"image":{"@id":"https:\/\/www.m-q.ch\/whistleblower-die-rufer-in-der-wueste\/#primaryimage"},"thumbnailUrl":"https:\/\/www.m-q.ch\/wp-content\/uploads\/2024\/02\/RISK_NWRM-Christ_Bild_NEU_management_qualitaet_82904-scaled.jpg","keywords":["Risikomanagement","Whistleblowing"],"articleSection":["Abo +","Risikomanagement"],"inLanguage":"fr-FR"},{"@type":"WebPage","@id":"https:\/\/www.m-q.ch\/whistleblower-die-rufer-in-der-wueste\/","url":"https:\/\/www.m-q.ch\/whistleblower-die-rufer-in-der-wueste\/","name":"Whistleblowers : les crieurs publics dans le d\u00e9sert - MQ Management et Qualit\u00e9","isPartOf":{"@id":"https:\/\/www.m-q.ch\/fr\/#website"},"primaryImageOfPage":{"@id":"https:\/\/www.m-q.ch\/whistleblower-die-rufer-in-der-wueste\/#primaryimage"},"image":{"@id":"https:\/\/www.m-q.ch\/whistleblower-die-rufer-in-der-wueste\/#primaryimage"},"thumbnailUrl":"https:\/\/www.m-q.ch\/wp-content\/uploads\/2024\/02\/RISK_NWRM-Christ_Bild_NEU_management_qualitaet_82904-scaled.jpg","datePublished":"2024-02-16T02:21:47+00:00","description":"Lanceurs d'alerte : les lanceurs d'alerte non entendus ne repr\u00e9sentent pas seulement un risque pour une organisation, mais aussi une opportunit\u00e9 manqu\u00e9e.","breadcrumb":{"@id":"https:\/\/www.m-q.ch\/whistleblower-die-rufer-in-der-wueste\/#breadcrumb"},"inLanguage":"fr-FR","potentialAction":[{"@type":"ReadAction","target":["https:\/\/www.m-q.ch\/whistleblower-die-rufer-in-der-wueste\/"]}]},{"@type":"ImageObject","inLanguage":"fr-FR","@id":"https:\/\/www.m-q.ch\/whistleblower-die-rufer-in-der-wueste\/#primaryimage","url":"https:\/\/www.m-q.ch\/wp-content\/uploads\/2024\/02\/RISK_NWRM-Christ_Bild_NEU_management_qualitaet_82904-scaled.jpg","contentUrl":"https:\/\/www.m-q.ch\/wp-content\/uploads\/2024\/02\/RISK_NWRM-Christ_Bild_NEU_management_qualitaet_82904-scaled.jpg","width":1400,"height":690,"caption":"Missst\u00e4nde in Unternehmen: Wer nichts sagt, macht sich mitschuldig, kann sich aber auch unbeliebt machen. Eine anonyme Meldestelle schafft Abhilfe.\u00a9 amadeoemaja \/ Depositphotos.com"},{"@type":"BreadcrumbList","@id":"https:\/\/www.m-q.ch\/whistleblower-die-rufer-in-der-wueste\/#breadcrumb","itemListElement":[{"@type":"ListItem","position":1,"name":"Risikomanagement","item":"https:\/\/www.m-q.ch\/kategorie\/risikomanagement\/"},{"@type":"ListItem","position":2,"name":"Whistleblower: Die Rufer in der W\u00fcste"}]},{"@type":"WebSite","@id":"https:\/\/www.m-q.ch\/fr\/#website","url":"https:\/\/www.m-q.ch\/fr\/","name":"Gestion et qualit\u00e9 du QM","description":"Plate-forme pour les syst\u00e8mes de gestion int\u00e9gr\u00e9e.","publisher":{"@id":"https:\/\/www.m-q.ch\/fr\/#organization"},"potentialAction":[{"@type":"SearchAction","target":{"@type":"EntryPoint","urlTemplate":"https:\/\/www.m-q.ch\/fr\/?s={search_term_string}"},"query-input":{"@type":"PropertyValueSpecification","valueRequired":true,"valueName":"search_term_string"}}],"inLanguage":"fr-FR"},{"@type":"Organization","@id":"https:\/\/www.m-q.ch\/fr\/#organization","name":"Galledia Trade Media AG","url":"https:\/\/www.m-q.ch\/fr\/","logo":{"@type":"ImageObject","inLanguage":"fr-FR","@id":"https:\/\/www.m-q.ch\/fr\/#\/schema\/logo\/image\/","url":"https:\/\/www.m-q.ch\/wp-content\/uploads\/2020\/12\/cropped-logo_small.png","contentUrl":"https:\/\/www.m-q.ch\/wp-content\/uploads\/2020\/12\/cropped-logo_small.png","width":512,"height":512,"caption":"Galledia Fachmedien AG"},"image":{"@id":"https:\/\/www.m-q.ch\/fr\/#\/schema\/logo\/image\/"},"sameAs":["https:\/\/www.facebook.com\/ManagementUndQualitaet","https:\/\/www.linkedin.com\/showcase\/17982321\/admin\/"]},{"@type":"Person","@id":"https:\/\/www.m-q.ch\/fr\/#\/schema\/person\/cf30c7b4028fe33150e62c36185ab577","name":"Bureau de la r\u00e9daction","image":{"@type":"ImageObject","inLanguage":"fr-FR","@id":"https:\/\/www.m-q.ch\/fr\/#\/schema\/person\/image\/","url":"https:\/\/secure.gravatar.com\/avatar\/e2b5af0e473e62154d7b4354a7dec14e?s=96&d=mm&r=g","contentUrl":"https:\/\/secure.gravatar.com\/avatar\/e2b5af0e473e62154d7b4354a7dec14e?s=96&d=mm&r=g","caption":"Redaktion"},"url":"https:\/\/www.m-q.ch\/fr\/author\/admin\/"}]}},"_links":{"self":[{"href":"https:\/\/www.m-q.ch\/fr\/wp-json\/wp\/v2\/posts\/19247","targetHints":{"allow":["GET"]}}],"collection":[{"href":"https:\/\/www.m-q.ch\/fr\/wp-json\/wp\/v2\/posts"}],"about":[{"href":"https:\/\/www.m-q.ch\/fr\/wp-json\/wp\/v2\/types\/post"}],"author":[{"embeddable":true,"href":"https:\/\/www.m-q.ch\/fr\/wp-json\/wp\/v2\/users\/364"}],"replies":[{"embeddable":true,"href":"https:\/\/www.m-q.ch\/fr\/wp-json\/wp\/v2\/comments?post=19247"}],"version-history":[{"count":2,"href":"https:\/\/www.m-q.ch\/fr\/wp-json\/wp\/v2\/posts\/19247\/revisions"}],"predecessor-version":[{"id":19289,"href":"https:\/\/www.m-q.ch\/fr\/wp-json\/wp\/v2\/posts\/19247\/revisions\/19289"}],"wp:featuredmedia":[{"embeddable":true,"href":"https:\/\/www.m-q.ch\/fr\/wp-json\/wp\/v2\/media\/19246"}],"wp:attachment":[{"href":"https:\/\/www.m-q.ch\/fr\/wp-json\/wp\/v2\/media?parent=19247"}],"wp:term":[{"taxonomy":"category","embeddable":true,"href":"https:\/\/www.m-q.ch\/fr\/wp-json\/wp\/v2\/categories?post=19247"},{"taxonomy":"post_tag","embeddable":true,"href":"https:\/\/www.m-q.ch\/fr\/wp-json\/wp\/v2\/tags?post=19247"}],"curies":[{"name":"wp","href":"https:\/\/api.w.org\/{rel}","templated":true}]}}