{"id":20828,"date":"2024-12-17T02:08:27","date_gmt":"2024-12-17T01:08:27","guid":{"rendered":"https:\/\/www.m-q.ch\/de\/?p=20828"},"modified":"2024-12-11T14:10:12","modified_gmt":"2024-12-11T13:10:12","slug":"lintelligence-artificielle-indissociable-de-lintelligence-humaine","status":"publish","type":"post","link":"https:\/\/www.m-q.ch\/fr\/lintelligence-artificielle-indissociable-de-lintelligence-humaine\/","title":{"rendered":"L'intelligence artificielle, indissociable de l'intelligence humaine"},"content":{"rendered":"<div class=\"swpm-post-not-logged-in-msg\">Vous devez \u00eatre connect\u00e9 pour voir ce contenu. Veuillez <a class=\"swpm-login-link\" href=\"https:\/\/www.m-q.ch\/fr\/login\/\">Se connecter<\/a>. Pas un membre ? <a href=\"https:\/\/www.m-q.ch\/fr\/sinscrire\/\">Nous Rejoindre<\/a><\/div>","protected":false},"excerpt":{"rendered":"<p>Le Forep 2024 a r\u00e9uni quelque 220 personnes au Swiss Tech Convention Center \u00e0 Lausanne autour du th\u00e8me \"la Qualit\u00e9 intelligente\". Ce seul adjectif, \"intelligent\", emm\u00e8ne presque naturellement, depuis quelques ann\u00e9es, notre esprit vers l'IA. Cette derni\u00e8re a pris une large place dans cette journ\u00e9e du 7 novembre, mais sans jamais rel\u00e9guer l'intelligence humaine. Et, ce dans un mouvement perp\u00e9tuel d'aller-retour. <\/p>","protected":false},"author":364,"featured_media":20827,"comment_status":"closed","ping_status":"closed","sticky":false,"template":"","format":"standard","meta":{"_acf_changed":false,"footnotes":""},"categories":[4443,5],"tags":[5471,5755,5760,5756,5759],"class_list":["post-20828","post","type-post","status-publish","format-standard","has-post-thumbnail","hentry","category-abo","category-business_excellence","tag-forep","tag-intelligence-artificielle-2","tag-lintelligence-humaine","tag-management-de-la-qualite","tag-qualite-intelligente"],"acf":[],"yoast_head":"<!-- This site is optimized with the Yoast SEO plugin v26.2 - https:\/\/yoast.com\/wordpress\/plugins\/seo\/ -->\n<title>L&#039;intelligence artificielle, indissociable de l&#039;intelligence humaine - MQ Management und Qualit\u00e4t<\/title>\n<meta name=\"description\" content=\"Le Forep 2024: 220 participants ont discut\u00e9 \u00e0 Lausanne de la qualit\u00e9 intelligente et de la synergie entre l&#039;IA et l&#039;intelligence humaine.\" \/>\n<meta name=\"robots\" content=\"index, follow, max-snippet:-1, max-image-preview:large, max-video-preview:-1\" \/>\n<link rel=\"canonical\" href=\"https:\/\/www.m-q.ch\/fr\/lintelligence-artificielle-indissociable-de-lintelligence-humaine\/\" \/>\n<meta property=\"og:locale\" content=\"fr_FR\" \/>\n<meta property=\"og:type\" content=\"article\" \/>\n<meta property=\"og:title\" content=\"L\u2019intelligence artificielle, indissociablede l\u2019intelligence humaine\" \/>\n<meta property=\"og:description\" content=\"Le Forep 2024: 220 participants ont discut\u00e9 \u00e0 Lausanne de la qualit\u00e9 intelligente et de la synergie entre l&#039;IA et l&#039;intelligence humaine.\" \/>\n<meta property=\"og:url\" content=\"https:\/\/www.m-q.ch\/fr\/lintelligence-artificielle-indissociable-de-lintelligence-humaine\/\" \/>\n<meta property=\"og:site_name\" content=\"MQ Management und Qualit\u00e4t\" \/>\n<meta property=\"article:publisher\" content=\"https:\/\/www.facebook.com\/ManagementUndQualitaet\" \/>\n<meta property=\"article:published_time\" content=\"2024-12-17T01:08:27+00:00\" \/>\n<meta property=\"og:image\" content=\"https:\/\/www.m-q.ch\/wp-content\/uploads\/2024\/12\/Flash_Forep_Bild_management_qualitaet_132625-scaled.jpg\" \/>\n\t<meta property=\"og:image:width\" content=\"1400\" \/>\n\t<meta property=\"og:image:height\" content=\"639\" \/>\n\t<meta property=\"og:image:type\" content=\"image\/jpeg\" \/>\n<meta name=\"author\" content=\"Redaktion\" \/>\n<meta name=\"twitter:card\" content=\"summary_large_image\" \/>\n<meta name=\"twitter:title\" content=\"L\u2019intelligence artificielle, indissociablede l\u2019intelligence humaine\" \/>\n<meta name=\"twitter:description\" content=\"Le #Forep 2024: 220 participants ont discut\u00e9 \u00e0 Lausanne de la #qualit\u00e9 #intelligente et de la #synergie entre l&#039;#IA et l&#039;#intelligence #humaine.\" \/>\n<meta name=\"twitter:image\" content=\"https:\/\/www.m-q.ch\/wp-content\/uploads\/2024\/12\/Flash_Forep_Bild_management_qualitaet_132625-scaled.jpg\" \/>\n<meta name=\"twitter:label1\" content=\"\u00c9crit par\" \/>\n\t<meta name=\"twitter:data1\" content=\"Redaktion\" \/>\n\t<meta name=\"twitter:label2\" content=\"Dur\u00e9e de lecture estim\u00e9e\" \/>\n\t<meta name=\"twitter:data2\" content=\"6 minutes\" \/>\n<script type=\"application\/ld+json\" class=\"yoast-schema-graph\">{\"@context\":\"https:\/\/schema.org\",\"@graph\":[{\"@type\":\"Article\",\"@id\":\"https:\/\/www.m-q.ch\/lintelligence-artificielle-indissociable-de-lintelligence-humaine\/#article\",\"isPartOf\":{\"@id\":\"https:\/\/www.m-q.ch\/lintelligence-artificielle-indissociable-de-lintelligence-humaine\/\"},\"author\":{\"name\":\"Redaktion\",\"@id\":\"https:\/\/www.m-q.ch\/fr\/#\/schema\/person\/cf30c7b4028fe33150e62c36185ab577\"},\"headline\":\"L&#8217;intelligence artificielle, indissociable de l&#8217;intelligence humaine\",\"datePublished\":\"2024-12-17T01:08:27+00:00\",\"mainEntityOfPage\":{\"@id\":\"https:\/\/www.m-q.ch\/lintelligence-artificielle-indissociable-de-lintelligence-humaine\/\"},\"wordCount\":1048,\"publisher\":{\"@id\":\"https:\/\/www.m-q.ch\/fr\/#organization\"},\"image\":{\"@id\":\"https:\/\/www.m-q.ch\/lintelligence-artificielle-indissociable-de-lintelligence-humaine\/#primaryimage\"},\"thumbnailUrl\":\"https:\/\/www.m-q.ch\/wp-content\/uploads\/2024\/12\/Flash_Forep_Bild_management_qualitaet_132625-scaled.jpg\",\"keywords\":[\"FOREP\",\"Intelligence artificielle\",\"l\u2019intelligence humaine\",\"Management de la qualit\u00e9\",\"Qualit\u00e9 intelligente\"],\"articleSection\":[\"Abo +\",\"Business Excellence\"],\"inLanguage\":\"fr-FR\"},{\"@type\":\"WebPage\",\"@id\":\"https:\/\/www.m-q.ch\/lintelligence-artificielle-indissociable-de-lintelligence-humaine\/\",\"url\":\"https:\/\/www.m-q.ch\/lintelligence-artificielle-indissociable-de-lintelligence-humaine\/\",\"name\":\"L'intelligence artificielle, indissociable de l'intelligence humaine - MQ Management und Qualit\u00e4t\",\"isPartOf\":{\"@id\":\"https:\/\/www.m-q.ch\/fr\/#website\"},\"primaryImageOfPage\":{\"@id\":\"https:\/\/www.m-q.ch\/lintelligence-artificielle-indissociable-de-lintelligence-humaine\/#primaryimage\"},\"image\":{\"@id\":\"https:\/\/www.m-q.ch\/lintelligence-artificielle-indissociable-de-lintelligence-humaine\/#primaryimage\"},\"thumbnailUrl\":\"https:\/\/www.m-q.ch\/wp-content\/uploads\/2024\/12\/Flash_Forep_Bild_management_qualitaet_132625-scaled.jpg\",\"datePublished\":\"2024-12-17T01:08:27+00:00\",\"description\":\"Le Forep 2024: 220 participants ont discut\u00e9 \u00e0 Lausanne de la qualit\u00e9 intelligente et de la synergie entre l'IA et l'intelligence humaine.\",\"breadcrumb\":{\"@id\":\"https:\/\/www.m-q.ch\/lintelligence-artificielle-indissociable-de-lintelligence-humaine\/#breadcrumb\"},\"inLanguage\":\"fr-FR\",\"potentialAction\":[{\"@type\":\"ReadAction\",\"target\":[\"https:\/\/www.m-q.ch\/lintelligence-artificielle-indissociable-de-lintelligence-humaine\/\"]}]},{\"@type\":\"ImageObject\",\"inLanguage\":\"fr-FR\",\"@id\":\"https:\/\/www.m-q.ch\/lintelligence-artificielle-indissociable-de-lintelligence-humaine\/#primaryimage\",\"url\":\"https:\/\/www.m-q.ch\/wp-content\/uploads\/2024\/12\/Flash_Forep_Bild_management_qualitaet_132625-scaled.jpg\",\"contentUrl\":\"https:\/\/www.m-q.ch\/wp-content\/uploads\/2024\/12\/Flash_Forep_Bild_management_qualitaet_132625-scaled.jpg\",\"width\":1400,\"height\":639,\"caption\":\"Comment combiner id\u00e9alement l'intelligence humaine et l'intelligence artificielle, tel \u00e9tait le th\u00e8me de nombreuses conf\u00e9rences du FOREP de cette ann\u00e9e.\u00a9 Luca Touvet \/ SAQ\"},{\"@type\":\"BreadcrumbList\",\"@id\":\"https:\/\/www.m-q.ch\/lintelligence-artificielle-indissociable-de-lintelligence-humaine\/#breadcrumb\",\"itemListElement\":[{\"@type\":\"ListItem\",\"position\":1,\"name\":\"Abo +\",\"item\":\"https:\/\/www.m-q.ch\/en\/category-2\/subscription\/\"},{\"@type\":\"ListItem\",\"position\":2,\"name\":\"L&#8217;intelligence artificielle, indissociable de l&#8217;intelligence humaine\"}]},{\"@type\":\"WebSite\",\"@id\":\"https:\/\/www.m-q.ch\/fr\/#website\",\"url\":\"https:\/\/www.m-q.ch\/fr\/\",\"name\":\"MQ Management und Qualit\u00e4t\",\"description\":\"Plattform f\u00fcr integrierte Managementsysteme.\",\"publisher\":{\"@id\":\"https:\/\/www.m-q.ch\/fr\/#organization\"},\"potentialAction\":[{\"@type\":\"SearchAction\",\"target\":{\"@type\":\"EntryPoint\",\"urlTemplate\":\"https:\/\/www.m-q.ch\/fr\/?s={search_term_string}\"},\"query-input\":{\"@type\":\"PropertyValueSpecification\",\"valueRequired\":true,\"valueName\":\"search_term_string\"}}],\"inLanguage\":\"fr-FR\"},{\"@type\":\"Organization\",\"@id\":\"https:\/\/www.m-q.ch\/fr\/#organization\",\"name\":\"Galledia Fachmedien AG\",\"url\":\"https:\/\/www.m-q.ch\/fr\/\",\"logo\":{\"@type\":\"ImageObject\",\"inLanguage\":\"fr-FR\",\"@id\":\"https:\/\/www.m-q.ch\/fr\/#\/schema\/logo\/image\/\",\"url\":\"https:\/\/www.m-q.ch\/wp-content\/uploads\/2020\/12\/cropped-logo_small.png\",\"contentUrl\":\"https:\/\/www.m-q.ch\/wp-content\/uploads\/2020\/12\/cropped-logo_small.png\",\"width\":512,\"height\":512,\"caption\":\"Galledia Fachmedien AG\"},\"image\":{\"@id\":\"https:\/\/www.m-q.ch\/fr\/#\/schema\/logo\/image\/\"},\"sameAs\":[\"https:\/\/www.facebook.com\/ManagementUndQualitaet\",\"https:\/\/www.linkedin.com\/showcase\/17982321\/admin\/\"]},{\"@type\":\"Person\",\"@id\":\"https:\/\/www.m-q.ch\/fr\/#\/schema\/person\/cf30c7b4028fe33150e62c36185ab577\",\"name\":\"Redaktion\",\"image\":{\"@type\":\"ImageObject\",\"inLanguage\":\"fr-FR\",\"@id\":\"https:\/\/www.m-q.ch\/fr\/#\/schema\/person\/image\/\",\"url\":\"https:\/\/secure.gravatar.com\/avatar\/e2b5af0e473e62154d7b4354a7dec14e?s=96&d=mm&r=g\",\"contentUrl\":\"https:\/\/secure.gravatar.com\/avatar\/e2b5af0e473e62154d7b4354a7dec14e?s=96&d=mm&r=g\",\"caption\":\"Redaktion\"},\"url\":\"https:\/\/www.m-q.ch\/fr\/author\/admin\/\"}]}<\/script>\n<!-- \/ Yoast SEO plugin. -->","yoast_head_json":{"title":"L'intelligence artificielle, indissociable de l'intelligence humaine - MQ Management et qualit\u00e9","description":"Le Forep 2024 : 220 participants ont discut\u00e9 \u00e0 Lausanne de la qualit\u00e9 intelligente et de la synergie entre l'IA et l'intelligence humaine.","robots":{"index":"index","follow":"follow","max-snippet":"max-snippet:-1","max-image-preview":"max-image-preview:large","max-video-preview":"max-video-preview:-1"},"canonical":"https:\/\/www.m-q.ch\/fr\/lintelligence-artificielle-indissociable-de-lintelligence-humaine\/","og_locale":"fr_FR","og_type":"article","og_title":"L\u2019intelligence artificielle, indissociablede l\u2019intelligence humaine","og_description":"Le Forep 2024: 220 participants ont discut\u00e9 \u00e0 Lausanne de la qualit\u00e9 intelligente et de la synergie entre l'IA et l'intelligence humaine.","og_url":"https:\/\/www.m-q.ch\/fr\/lintelligence-artificielle-indissociable-de-lintelligence-humaine\/","og_site_name":"MQ Management und Qualit\u00e4t","article_publisher":"https:\/\/www.facebook.com\/ManagementUndQualitaet","article_published_time":"2024-12-17T01:08:27+00:00","og_image":[{"width":1400,"height":639,"url":"https:\/\/www.m-q.ch\/wp-content\/uploads\/2024\/12\/Flash_Forep_Bild_management_qualitaet_132625-scaled.jpg","type":"image\/jpeg"}],"author":"Redaktion","twitter_card":"summary_large_image","twitter_title":"L\u2019intelligence artificielle, indissociablede l\u2019intelligence humaine","twitter_description":"Le #Forep 2024: 220 participants ont discut\u00e9 \u00e0 Lausanne de la #qualit\u00e9 #intelligente et de la #synergie entre l'#IA et l'#intelligence #humaine.","twitter_image":"https:\/\/www.m-q.ch\/wp-content\/uploads\/2024\/12\/Flash_Forep_Bild_management_qualitaet_132625-scaled.jpg","twitter_misc":{"\u00c9crit par":"Redaktion","Dur\u00e9e de lecture estim\u00e9e":"6 minutes"},"schema":{"@context":"https:\/\/schema.org","@graph":[{"@type":"Article","@id":"https:\/\/www.m-q.ch\/lintelligence-artificielle-indissociable-de-lintelligence-humaine\/#article","isPartOf":{"@id":"https:\/\/www.m-q.ch\/lintelligence-artificielle-indissociable-de-lintelligence-humaine\/"},"author":{"name":"Redaktion","@id":"https:\/\/www.m-q.ch\/fr\/#\/schema\/person\/cf30c7b4028fe33150e62c36185ab577"},"headline":"L&#8217;intelligence artificielle, indissociable de l&#8217;intelligence humaine","datePublished":"2024-12-17T01:08:27+00:00","mainEntityOfPage":{"@id":"https:\/\/www.m-q.ch\/lintelligence-artificielle-indissociable-de-lintelligence-humaine\/"},"wordCount":1048,"publisher":{"@id":"https:\/\/www.m-q.ch\/fr\/#organization"},"image":{"@id":"https:\/\/www.m-q.ch\/lintelligence-artificielle-indissociable-de-lintelligence-humaine\/#primaryimage"},"thumbnailUrl":"https:\/\/www.m-q.ch\/wp-content\/uploads\/2024\/12\/Flash_Forep_Bild_management_qualitaet_132625-scaled.jpg","keywords":["FOREP","Intelligence artificielle","l\u2019intelligence humaine","Management de la qualit\u00e9","Qualit\u00e9 intelligente"],"articleSection":["Abo +","Business Excellence"],"inLanguage":"fr-FR"},{"@type":"WebPage","@id":"https:\/\/www.m-q.ch\/lintelligence-artificielle-indissociable-de-lintelligence-humaine\/","url":"https:\/\/www.m-q.ch\/lintelligence-artificielle-indissociable-de-lintelligence-humaine\/","name":"L'intelligence artificielle, indissociable de l'intelligence humaine - MQ Management et qualit\u00e9","isPartOf":{"@id":"https:\/\/www.m-q.ch\/fr\/#website"},"primaryImageOfPage":{"@id":"https:\/\/www.m-q.ch\/lintelligence-artificielle-indissociable-de-lintelligence-humaine\/#primaryimage"},"image":{"@id":"https:\/\/www.m-q.ch\/lintelligence-artificielle-indissociable-de-lintelligence-humaine\/#primaryimage"},"thumbnailUrl":"https:\/\/www.m-q.ch\/wp-content\/uploads\/2024\/12\/Flash_Forep_Bild_management_qualitaet_132625-scaled.jpg","datePublished":"2024-12-17T01:08:27+00:00","description":"Le Forep 2024 : 220 participants ont discut\u00e9 \u00e0 Lausanne de la qualit\u00e9 intelligente et de la synergie entre l'IA et l'intelligence humaine.","breadcrumb":{"@id":"https:\/\/www.m-q.ch\/lintelligence-artificielle-indissociable-de-lintelligence-humaine\/#breadcrumb"},"inLanguage":"fr-FR","potentialAction":[{"@type":"ReadAction","target":["https:\/\/www.m-q.ch\/lintelligence-artificielle-indissociable-de-lintelligence-humaine\/"]}]},{"@type":"ImageObject","inLanguage":"fr-FR","@id":"https:\/\/www.m-q.ch\/lintelligence-artificielle-indissociable-de-lintelligence-humaine\/#primaryimage","url":"https:\/\/www.m-q.ch\/wp-content\/uploads\/2024\/12\/Flash_Forep_Bild_management_qualitaet_132625-scaled.jpg","contentUrl":"https:\/\/www.m-q.ch\/wp-content\/uploads\/2024\/12\/Flash_Forep_Bild_management_qualitaet_132625-scaled.jpg","width":1400,"height":639,"caption":"Comment combiner id\u00e9alement l'intelligence humaine et l'intelligence artificielle, tel \u00e9tait le th\u00e8me de nombreuses conf\u00e9rences du FOREP de cette ann\u00e9e.\u00a9 Luca Touvet \/ SAQ"},{"@type":"BreadcrumbList","@id":"https:\/\/www.m-q.ch\/lintelligence-artificielle-indissociable-de-lintelligence-humaine\/#breadcrumb","itemListElement":[{"@type":"ListItem","position":1,"name":"Abo +","item":"https:\/\/www.m-q.ch\/en\/category-2\/subscription\/"},{"@type":"ListItem","position":2,"name":"L&#8217;intelligence artificielle, indissociable de l&#8217;intelligence humaine"}]},{"@type":"WebSite","@id":"https:\/\/www.m-q.ch\/fr\/#website","url":"https:\/\/www.m-q.ch\/fr\/","name":"Gestion et qualit\u00e9 du QM","description":"Plate-forme pour les syst\u00e8mes de gestion int\u00e9gr\u00e9e.","publisher":{"@id":"https:\/\/www.m-q.ch\/fr\/#organization"},"potentialAction":[{"@type":"SearchAction","target":{"@type":"EntryPoint","urlTemplate":"https:\/\/www.m-q.ch\/fr\/?s={search_term_string}"},"query-input":{"@type":"PropertyValueSpecification","valueRequired":true,"valueName":"search_term_string"}}],"inLanguage":"fr-FR"},{"@type":"Organization","@id":"https:\/\/www.m-q.ch\/fr\/#organization","name":"Galledia Trade Media AG","url":"https:\/\/www.m-q.ch\/fr\/","logo":{"@type":"ImageObject","inLanguage":"fr-FR","@id":"https:\/\/www.m-q.ch\/fr\/#\/schema\/logo\/image\/","url":"https:\/\/www.m-q.ch\/wp-content\/uploads\/2020\/12\/cropped-logo_small.png","contentUrl":"https:\/\/www.m-q.ch\/wp-content\/uploads\/2020\/12\/cropped-logo_small.png","width":512,"height":512,"caption":"Galledia Fachmedien AG"},"image":{"@id":"https:\/\/www.m-q.ch\/fr\/#\/schema\/logo\/image\/"},"sameAs":["https:\/\/www.facebook.com\/ManagementUndQualitaet","https:\/\/www.linkedin.com\/showcase\/17982321\/admin\/"]},{"@type":"Person","@id":"https:\/\/www.m-q.ch\/fr\/#\/schema\/person\/cf30c7b4028fe33150e62c36185ab577","name":"Bureau de la r\u00e9daction","image":{"@type":"ImageObject","inLanguage":"fr-FR","@id":"https:\/\/www.m-q.ch\/fr\/#\/schema\/person\/image\/","url":"https:\/\/secure.gravatar.com\/avatar\/e2b5af0e473e62154d7b4354a7dec14e?s=96&d=mm&r=g","contentUrl":"https:\/\/secure.gravatar.com\/avatar\/e2b5af0e473e62154d7b4354a7dec14e?s=96&d=mm&r=g","caption":"Redaktion"},"url":"https:\/\/www.m-q.ch\/fr\/author\/admin\/"}]}},"_links":{"self":[{"href":"https:\/\/www.m-q.ch\/fr\/wp-json\/wp\/v2\/posts\/20828","targetHints":{"allow":["GET"]}}],"collection":[{"href":"https:\/\/www.m-q.ch\/fr\/wp-json\/wp\/v2\/posts"}],"about":[{"href":"https:\/\/www.m-q.ch\/fr\/wp-json\/wp\/v2\/types\/post"}],"author":[{"embeddable":true,"href":"https:\/\/www.m-q.ch\/fr\/wp-json\/wp\/v2\/users\/364"}],"replies":[{"embeddable":true,"href":"https:\/\/www.m-q.ch\/fr\/wp-json\/wp\/v2\/comments?post=20828"}],"version-history":[{"count":2,"href":"https:\/\/www.m-q.ch\/fr\/wp-json\/wp\/v2\/posts\/20828\/revisions"}],"predecessor-version":[{"id":20880,"href":"https:\/\/www.m-q.ch\/fr\/wp-json\/wp\/v2\/posts\/20828\/revisions\/20880"}],"wp:featuredmedia":[{"embeddable":true,"href":"https:\/\/www.m-q.ch\/fr\/wp-json\/wp\/v2\/media\/20827"}],"wp:attachment":[{"href":"https:\/\/www.m-q.ch\/fr\/wp-json\/wp\/v2\/media?parent=20828"}],"wp:term":[{"taxonomy":"category","embeddable":true,"href":"https:\/\/www.m-q.ch\/fr\/wp-json\/wp\/v2\/categories?post=20828"},{"taxonomy":"post_tag","embeddable":true,"href":"https:\/\/www.m-q.ch\/fr\/wp-json\/wp\/v2\/tags?post=20828"}],"curies":[{"name":"wp","href":"https:\/\/api.w.org\/{rel}","templated":true}]}}