{"id":21104,"date":"2025-02-14T10:36:12","date_gmt":"2025-02-14T09:36:12","guid":{"rendered":"https:\/\/www.m-q.ch\/?p=21104"},"modified":"2025-04-01T09:17:25","modified_gmt":"2025-04-01T07:17:25","slug":"la-transparence-des-salaires-presente-encore-de-nombreuses-lacunes","status":"publish","type":"post","link":"https:\/\/www.m-q.ch\/fr\/lohntransparenz-noch-etliche-defizite\/","title":{"rendered":"Transparence des salaires : encore de nombreuses lacunes"},"content":{"rendered":"<figure id=\"attachment_21106\" aria-describedby=\"caption-attachment-21106\" style=\"width: 680px\" class=\"wp-caption alignnone\"><img loading=\"lazy\" decoding=\"async\" class=\"size-full wp-image-21106\" src=\"https:\/\/www.m-q.ch\/wp-content\/uploads\/2025\/02\/Lohntransparenz-Noch-etliche-Defizite_MQ.jpg\" alt=\"\" width=\"680\" height=\"467\" srcset=\"https:\/\/www.m-q.ch\/wp-content\/uploads\/2025\/02\/Lohntransparenz-Noch-etliche-Defizite_MQ.jpg 680w, https:\/\/www.m-q.ch\/wp-content\/uploads\/2025\/02\/Lohntransparenz-Noch-etliche-Defizite_MQ-18x12.jpg 18w, https:\/\/www.m-q.ch\/wp-content\/uploads\/2025\/02\/Lohntransparenz-Noch-etliche-Defizite_MQ-375x258.jpg 375w, https:\/\/www.m-q.ch\/wp-content\/uploads\/2025\/02\/Lohntransparenz-Noch-etliche-Defizite_MQ-510x350.jpg 510w\" sizes=\"auto, (max-width: 680px) 100vw, 680px\" \/><figcaption id=\"caption-attachment-21106\" class=\"wp-caption-text\">Le Global Pay Transparency Report de Mercer estime qu'il y a encore du retard \u00e0 rattraper en mati\u00e8re de transparence des salaires, notamment en Suisse. (Image : Depositphotos.com)<\/figcaption><\/figure>\n<p>Le \"Global Pay Transparency Report\" publi\u00e9 par Mercer se base sur les r\u00e9ponses de plus de 1'000 entreprises du monde entier. Il conclut en substance que la transparence des salaires devient de plus en plus importante pour les entreprises du monde entier, non seulement pour se conformer aux r\u00e9glementations locales dans certains pays, mais aussi pour attirer et retenir les collaborateurs.<\/p>\n<h3><strong>La transparence des salaires uniquement sous la pression de la r\u00e9glementation ?<\/strong><\/h3>\n<p>Selon l'enqu\u00eate, pour 77 pour cent des entreprises au niveau mondial, la conformit\u00e9 est la principale raison de leur strat\u00e9gie de transparence des salaires. Plus de 50 pour cent consid\u00e8rent l'am\u00e9lioration de la satisfaction des collaborateurs et la conformit\u00e9 avec les valeurs de l'entreprise comme des aspects importants. Les valeurs pour les entreprises suisses co\u00efncident largement avec les r\u00e9sultats globaux.<\/p>\n<p>\"Il est temps que les entreprises soient actives en mati\u00e8re de transparence des salaires. Une r\u00e9mun\u00e9ration \u00e9quitable \u00e9tant la deuxi\u00e8me raison la plus importante pour laquelle les collaborateurs choisissent une entreprise. Les employeurs devraient donner la priorit\u00e9 \u00e0 ce fait s'ils veulent continuer \u00e0 faire des affaires avec succ\u00e8s\", d\u00e9clare Mikolaj Jaszczuk, Principal Consultant Rewards chez Mercer Suisse.<\/p>\n<h3><strong>Des d\u00e9ficits importants<\/strong><\/h3>\n<p>Bien que les employeurs reconnaissent les attentes croissantes en mati\u00e8re de transparence des salaires, il subsiste encore un d\u00e9ficit important dans la mise en \u0153uvre. Moins d'un tiers (32 pour cent) des entreprises ont d\u00e9clar\u00e9 \u00eatre pr\u00e9par\u00e9es \u00e0 r\u00e9pondre aux exigences mondiales en mati\u00e8re de transparence. En Suisse, ce chiffre \u00e9tait de 50 pour cent.<\/p>\n<p>Malgr\u00e9 les diff\u00e9rences de l\u00e9gislation en mati\u00e8re de transparence des salaires, les entreprises am\u00e9ricaines sont en t\u00eate et une entreprise sur cinq a mis en place une strat\u00e9gie de transparence des salaires. En Europe (\u00e0 l'exception du Royaume-Uni et de l'Irlande), seules 7% des entreprises ont mis en place une strat\u00e9gie de transparence des salaires, alors que la l\u00e9gislation sur la transparence des salaires dans l'UE entrera en vigueur en 2026.<\/p>\n<h3><strong>Principales diff\u00e9rences et limites des exigences actuelles en mati\u00e8re d'\u00e9galit\u00e9 salariale <\/strong><\/h3>\n<p>L'exigence suisse en mati\u00e8re d'\u00e9galit\u00e9 salariale, qui fait partie de la loi r\u00e9vis\u00e9e sur l'\u00e9galit\u00e9, constitue certes un pas dans la bonne direction, mais son caract\u00e8re unique et le manque de transparence requis peuvent consid\u00e9rablement limiter son efficacit\u00e9. Dans un article, Mikolaj Jaszczuk et Stefanie Schweitzer, Managing Consultant Rewards and Pay Equity, mettent en lumi\u00e8re les diff\u00e9rences entre la loi suisse sur l'\u00e9galit\u00e9 salariale et la directive europ\u00e9enne sur l'\u00e9galit\u00e9 et l'\u00e9quit\u00e9 salariale. Alors que la Suisse impose une analyse unique de l'\u00e9galit\u00e9 salariale, l'UE mise sur un contr\u00f4le continu pour garantir l'\u00e9galit\u00e9 \u00e0 long terme.<\/p>\n<p>La loi suisse sur l'\u00e9galit\u00e9, r\u00e9vis\u00e9e en 2020, exige des entreprises de plus de 100 employ\u00e9s une analyse unique de l'\u00e9galit\u00e9 salariale. Celle-ci doit \u00eatre r\u00e9alis\u00e9e \u00e0 l'aide d'une m\u00e9thode valid\u00e9e scientifiquement et faire l'objet d'un contr\u00f4le externe. Les entreprises qui r\u00e9ussissent l'examen ne doivent pas effectuer d'autres analyses. Il manque donc un m\u00e9canisme de contr\u00f4le et de d\u00e9veloppement r\u00e9gulier, ce qui fait perdre \u00e0 la loi son efficacit\u00e9.<\/p>\n<p>En revanche, la directive europ\u00e9enne oblige les entreprises \u00e0 effectuer des analyses r\u00e9guli\u00e8res - tous les ans ou tous les trois ans, selon la taille de l'entreprise. En outre, elle encourage la transparence en obligeant les entreprises \u00e0 divulguer des informations sur les salaires, ce qui devrait conduire \u00e0 une structure salariale plus \u00e9quitable. Les candidats ont \u00e9galement le droit de recevoir des informations sur les structures salariales, tandis que les employeurs ne sont pas autoris\u00e9s \u00e0 demander des informations sur l'historique des salaires. Cela r\u00e9duit les asym\u00e9tries d'information entre les entreprises et les employ\u00e9s.<\/p>\n<h3><strong>La Suisse devrait-elle revoir son mod\u00e8le ?<\/strong><\/h3>\n<p>L'article de Mercer identifie quatre diff\u00e9rences majeures entre la r\u00e9glementation suisse et la directive europ\u00e9enne :<\/p>\n<ol>\n<li><strong>Fr\u00e9quence des analyses :<\/strong> Alors que la Suisse exige un examen unique, l'UE mise sur une surveillance continue.<\/li>\n<li><strong>M\u00e9thode d'analyse :<\/strong> La Suisse exige une analyse de r\u00e9gression valid\u00e9e scientifiquement, tandis que l'UE impose un contr\u00f4le plus g\u00e9n\u00e9ral de l'\u00e9galit\u00e9 salariale.<\/li>\n<li><strong>Port\u00e9e et transparence :<\/strong> L'UE accorde une grande importance \u00e0 la transparence en obligeant les entreprises \u00e0 divulguer des informations sur les salaires. La Suisse n'exige qu'une communication interne des r\u00e9sultats.<\/li>\n<li><strong>Suivi et contr\u00f4le :<\/strong> En Suisse, il n'existe pas d'organisme de surveillance officiel. En revanche, l'UE oblige les Etats membres \u00e0 mettre en place des organismes de surveillance qui garantissent le respect des prescriptions.<\/li>\n<\/ol>\n<p>Les auteurs concluent que l'analyse unique en Suisse ne suffit pas \u00e0 garantir une \u00e9galit\u00e9 salariale durable. Alors que la directive europ\u00e9enne peut entra\u00eener un changement profond de la structure salariale, le mod\u00e8le suisse reste un instrument ponctuel sans effet \u00e0 long terme. Une adaptation de la r\u00e9glementation suisse pourrait donc s'av\u00e9rer n\u00e9cessaire pour se mettre au diapason des normes internationales et garantir une r\u00e9mun\u00e9ration plus \u00e9quitable.<\/p>\n<p><em>Source : <a href=\"https:\/\/www.mercer.com\/en-ch\/\">Mercer<\/a><\/em><\/p>","protected":false},"excerpt":{"rendered":"<p>A l'occasion de l'Equal Pay Day du 15 f\u00e9vrier 2025, le cabinet de conseil Mercer, actif dans le monde entier, a publi\u00e9 le \"Global Pay Transparency Report\". Le rapport conclut que la transparence des salaires est certes de plus en plus importante, mais que la mise en \u0153uvre des exigences en mati\u00e8re de transparence a encore beaucoup de retard \u00e0 rattraper, en particulier en Suisse.<\/p>","protected":false},"author":10,"featured_media":21106,"comment_status":"closed","ping_status":"closed","sticky":false,"template":"","format":"standard","meta":{"_acf_changed":false,"footnotes":""},"categories":[5],"tags":[3328,5794,3360,3362],"class_list":["post-21104","post","type-post","status-publish","format-standard","has-post-thumbnail","hentry","category-business_excellence","tag-business-excellence","tag-lohntransparenz","tag-management-und-unternehmensfuehrung","tag-studie"],"acf":[],"yoast_head":"<!-- This site is optimized with the Yoast SEO plugin v26.2 - https:\/\/yoast.com\/wordpress\/plugins\/seo\/ -->\n<title>Lohntransparenz: Noch etliche Defizite - MQ Management und Qualit\u00e4t<\/title>\n<meta name=\"description\" content=\"Ein neuer Report kommt zum Schluss, dass Lohntransparenz zwar immer wichtiger wird, deren Umsetzung vielerorts aber noch Nachholbedarf hat.\" \/>\n<meta name=\"robots\" content=\"index, follow, max-snippet:-1, max-image-preview:large, max-video-preview:-1\" \/>\n<link rel=\"canonical\" href=\"https:\/\/www.m-q.ch\/fr\/la-transparence-des-salaires-presente-encore-de-nombreuses-lacunes\/\" \/>\n<meta property=\"og:locale\" content=\"fr_FR\" \/>\n<meta property=\"og:type\" content=\"article\" \/>\n<meta property=\"og:title\" content=\"Lohntransparenz: Noch etliche Defizite\" \/>\n<meta property=\"og:description\" content=\"Ein neuer Report kommt zum Schluss, dass Lohntransparenz zwar immer wichtiger wird, deren Umsetzung vielerorts aber noch Nachholbedarf hat.\" \/>\n<meta property=\"og:url\" content=\"https:\/\/www.m-q.ch\/fr\/la-transparence-des-salaires-presente-encore-de-nombreuses-lacunes\/\" \/>\n<meta property=\"og:site_name\" content=\"MQ Management und Qualit\u00e4t\" \/>\n<meta property=\"article:publisher\" content=\"https:\/\/www.facebook.com\/ManagementUndQualitaet\" \/>\n<meta property=\"article:published_time\" content=\"2025-02-14T09:36:12+00:00\" \/>\n<meta property=\"article:modified_time\" content=\"2025-04-01T07:17:25+00:00\" \/>\n<meta property=\"og:image\" content=\"https:\/\/www.m-q.ch\/wp-content\/uploads\/2025\/02\/Lohntransparenz-Noch-etliche-Defizite_MQ.jpg\" \/>\n\t<meta property=\"og:image:width\" content=\"680\" \/>\n\t<meta property=\"og:image:height\" content=\"467\" \/>\n\t<meta property=\"og:image:type\" content=\"image\/jpeg\" \/>\n<meta name=\"author\" content=\"Thomas Berner\" \/>\n<meta name=\"twitter:card\" content=\"summary_large_image\" \/>\n<meta name=\"twitter:title\" content=\"#Lohntransparenz: Noch etliche #Defizite\" \/>\n<meta name=\"twitter:description\" content=\"Ein neuer #Report kommt zum Schluss, dass #Lohntransparenz zwar immer wichtiger wird, deren Umsetzung vielerorts aber noch #Nachholbedarf hat.\" \/>\n<meta name=\"twitter:image\" content=\"https:\/\/www.m-q.ch\/wp-content\/uploads\/2025\/02\/Lohntransparenz-Noch-etliche-Defizite_MQ.jpg\" \/>\n<meta name=\"twitter:label1\" content=\"\u00c9crit par\" \/>\n\t<meta name=\"twitter:data1\" content=\"Thomas Berner\" \/>\n\t<meta name=\"twitter:label2\" content=\"Dur\u00e9e de lecture estim\u00e9e\" \/>\n\t<meta name=\"twitter:data2\" content=\"5 minutes\" \/>\n<script type=\"application\/ld+json\" class=\"yoast-schema-graph\">{\"@context\":\"https:\/\/schema.org\",\"@graph\":[{\"@type\":\"Article\",\"@id\":\"https:\/\/www.m-q.ch\/lohntransparenz-noch-etliche-defizite\/#article\",\"isPartOf\":{\"@id\":\"https:\/\/www.m-q.ch\/lohntransparenz-noch-etliche-defizite\/\"},\"author\":{\"name\":\"Thomas Berner\",\"@id\":\"https:\/\/www.m-q.ch\/fr\/#\/schema\/person\/a8711938b1cfb3f056dec70eaa0b42ab\"},\"headline\":\"Lohntransparenz: Noch etliche Defizite\",\"datePublished\":\"2025-02-14T09:36:12+00:00\",\"dateModified\":\"2025-04-01T07:17:25+00:00\",\"mainEntityOfPage\":{\"@id\":\"https:\/\/www.m-q.ch\/lohntransparenz-noch-etliche-defizite\/\"},\"wordCount\":697,\"publisher\":{\"@id\":\"https:\/\/www.m-q.ch\/fr\/#organization\"},\"image\":{\"@id\":\"https:\/\/www.m-q.ch\/lohntransparenz-noch-etliche-defizite\/#primaryimage\"},\"thumbnailUrl\":\"https:\/\/www.m-q.ch\/wp-content\/uploads\/2025\/02\/Lohntransparenz-Noch-etliche-Defizite_MQ.jpg\",\"keywords\":[\"Business Excellence\",\"Lohntransparenz\",\"Management und Unternehmensf\u00fchrung\",\"Studie\"],\"articleSection\":[\"Business Excellence\"],\"inLanguage\":\"fr-FR\"},{\"@type\":\"WebPage\",\"@id\":\"https:\/\/www.m-q.ch\/lohntransparenz-noch-etliche-defizite\/\",\"url\":\"https:\/\/www.m-q.ch\/lohntransparenz-noch-etliche-defizite\/\",\"name\":\"Lohntransparenz: Noch etliche Defizite - MQ Management und Qualit\u00e4t\",\"isPartOf\":{\"@id\":\"https:\/\/www.m-q.ch\/fr\/#website\"},\"primaryImageOfPage\":{\"@id\":\"https:\/\/www.m-q.ch\/lohntransparenz-noch-etliche-defizite\/#primaryimage\"},\"image\":{\"@id\":\"https:\/\/www.m-q.ch\/lohntransparenz-noch-etliche-defizite\/#primaryimage\"},\"thumbnailUrl\":\"https:\/\/www.m-q.ch\/wp-content\/uploads\/2025\/02\/Lohntransparenz-Noch-etliche-Defizite_MQ.jpg\",\"datePublished\":\"2025-02-14T09:36:12+00:00\",\"dateModified\":\"2025-04-01T07:17:25+00:00\",\"description\":\"Ein neuer Report kommt zum Schluss, dass Lohntransparenz zwar immer wichtiger wird, deren Umsetzung vielerorts aber noch Nachholbedarf hat.\",\"breadcrumb\":{\"@id\":\"https:\/\/www.m-q.ch\/lohntransparenz-noch-etliche-defizite\/#breadcrumb\"},\"inLanguage\":\"fr-FR\",\"potentialAction\":[{\"@type\":\"ReadAction\",\"target\":[\"https:\/\/www.m-q.ch\/lohntransparenz-noch-etliche-defizite\/\"]}]},{\"@type\":\"ImageObject\",\"inLanguage\":\"fr-FR\",\"@id\":\"https:\/\/www.m-q.ch\/lohntransparenz-noch-etliche-defizite\/#primaryimage\",\"url\":\"https:\/\/www.m-q.ch\/wp-content\/uploads\/2025\/02\/Lohntransparenz-Noch-etliche-Defizite_MQ.jpg\",\"contentUrl\":\"https:\/\/www.m-q.ch\/wp-content\/uploads\/2025\/02\/Lohntransparenz-Noch-etliche-Defizite_MQ.jpg\",\"width\":680,\"height\":467,\"caption\":\"Der Global Pay Transparency Report von Mercer sieht noch einigen Nachholbedarf bei der Lohntransparenz, besonders auch in der Schweiz. (Bild: Depositphotos.com)\"},{\"@type\":\"BreadcrumbList\",\"@id\":\"https:\/\/www.m-q.ch\/lohntransparenz-noch-etliche-defizite\/#breadcrumb\",\"itemListElement\":[{\"@type\":\"ListItem\",\"position\":1,\"name\":\"Business Excellence\",\"item\":\"https:\/\/www.m-q.ch\/kategorie\/business_excellence\/\"},{\"@type\":\"ListItem\",\"position\":2,\"name\":\"Lohntransparenz: Noch etliche Defizite\"}]},{\"@type\":\"WebSite\",\"@id\":\"https:\/\/www.m-q.ch\/fr\/#website\",\"url\":\"https:\/\/www.m-q.ch\/fr\/\",\"name\":\"MQ Management und Qualit\u00e4t\",\"description\":\"Plattform f\u00fcr integrierte Managementsysteme.\",\"publisher\":{\"@id\":\"https:\/\/www.m-q.ch\/fr\/#organization\"},\"potentialAction\":[{\"@type\":\"SearchAction\",\"target\":{\"@type\":\"EntryPoint\",\"urlTemplate\":\"https:\/\/www.m-q.ch\/fr\/?s={search_term_string}\"},\"query-input\":{\"@type\":\"PropertyValueSpecification\",\"valueRequired\":true,\"valueName\":\"search_term_string\"}}],\"inLanguage\":\"fr-FR\"},{\"@type\":\"Organization\",\"@id\":\"https:\/\/www.m-q.ch\/fr\/#organization\",\"name\":\"Galledia Fachmedien AG\",\"url\":\"https:\/\/www.m-q.ch\/fr\/\",\"logo\":{\"@type\":\"ImageObject\",\"inLanguage\":\"fr-FR\",\"@id\":\"https:\/\/www.m-q.ch\/fr\/#\/schema\/logo\/image\/\",\"url\":\"https:\/\/www.m-q.ch\/wp-content\/uploads\/2020\/12\/cropped-logo_small.png\",\"contentUrl\":\"https:\/\/www.m-q.ch\/wp-content\/uploads\/2020\/12\/cropped-logo_small.png\",\"width\":512,\"height\":512,\"caption\":\"Galledia Fachmedien AG\"},\"image\":{\"@id\":\"https:\/\/www.m-q.ch\/fr\/#\/schema\/logo\/image\/\"},\"sameAs\":[\"https:\/\/www.facebook.com\/ManagementUndQualitaet\",\"https:\/\/www.linkedin.com\/showcase\/17982321\/admin\/\"]},{\"@type\":\"Person\",\"@id\":\"https:\/\/www.m-q.ch\/fr\/#\/schema\/person\/a8711938b1cfb3f056dec70eaa0b42ab\",\"name\":\"Thomas Berner\",\"image\":{\"@type\":\"ImageObject\",\"inLanguage\":\"fr-FR\",\"@id\":\"https:\/\/www.m-q.ch\/fr\/#\/schema\/person\/image\/\",\"url\":\"https:\/\/secure.gravatar.com\/avatar\/faea7857408f70478f976d576da10f96?s=96&d=mm&r=g\",\"contentUrl\":\"https:\/\/secure.gravatar.com\/avatar\/faea7857408f70478f976d576da10f96?s=96&d=mm&r=g\",\"caption\":\"Thomas Berner\"},\"url\":\"https:\/\/www.m-q.ch\/fr\/author\/thomas-berner\/\"}]}<\/script>\n<!-- \/ Yoast SEO plugin. -->","yoast_head_json":{"title":"Transparence des salaires : encore de nombreuses lacunes - MQ Management et Qualit\u00e9","description":"Un nouveau rapport conclut que la transparence des salaires est certes de plus en plus importante, mais que sa mise en \u0153uvre a encore du retard \u00e0 rattraper dans de nombreux endroits.","robots":{"index":"index","follow":"follow","max-snippet":"max-snippet:-1","max-image-preview":"max-image-preview:large","max-video-preview":"max-video-preview:-1"},"canonical":"https:\/\/www.m-q.ch\/fr\/la-transparence-des-salaires-presente-encore-de-nombreuses-lacunes\/","og_locale":"fr_FR","og_type":"article","og_title":"Lohntransparenz: Noch etliche Defizite","og_description":"Ein neuer Report kommt zum Schluss, dass Lohntransparenz zwar immer wichtiger wird, deren Umsetzung vielerorts aber noch Nachholbedarf hat.","og_url":"https:\/\/www.m-q.ch\/fr\/la-transparence-des-salaires-presente-encore-de-nombreuses-lacunes\/","og_site_name":"MQ Management und Qualit\u00e4t","article_publisher":"https:\/\/www.facebook.com\/ManagementUndQualitaet","article_published_time":"2025-02-14T09:36:12+00:00","article_modified_time":"2025-04-01T07:17:25+00:00","og_image":[{"width":680,"height":467,"url":"https:\/\/www.m-q.ch\/wp-content\/uploads\/2025\/02\/Lohntransparenz-Noch-etliche-Defizite_MQ.jpg","type":"image\/jpeg"}],"author":"Thomas Berner","twitter_card":"summary_large_image","twitter_title":"#Lohntransparenz: Noch etliche #Defizite","twitter_description":"Ein neuer #Report kommt zum Schluss, dass #Lohntransparenz zwar immer wichtiger wird, deren Umsetzung vielerorts aber noch #Nachholbedarf hat.","twitter_image":"https:\/\/www.m-q.ch\/wp-content\/uploads\/2025\/02\/Lohntransparenz-Noch-etliche-Defizite_MQ.jpg","twitter_misc":{"\u00c9crit par":"Thomas Berner","Dur\u00e9e de lecture estim\u00e9e":"5 minutes"},"schema":{"@context":"https:\/\/schema.org","@graph":[{"@type":"Article","@id":"https:\/\/www.m-q.ch\/lohntransparenz-noch-etliche-defizite\/#article","isPartOf":{"@id":"https:\/\/www.m-q.ch\/lohntransparenz-noch-etliche-defizite\/"},"author":{"name":"Thomas Berner","@id":"https:\/\/www.m-q.ch\/fr\/#\/schema\/person\/a8711938b1cfb3f056dec70eaa0b42ab"},"headline":"Lohntransparenz: Noch etliche Defizite","datePublished":"2025-02-14T09:36:12+00:00","dateModified":"2025-04-01T07:17:25+00:00","mainEntityOfPage":{"@id":"https:\/\/www.m-q.ch\/lohntransparenz-noch-etliche-defizite\/"},"wordCount":697,"publisher":{"@id":"https:\/\/www.m-q.ch\/fr\/#organization"},"image":{"@id":"https:\/\/www.m-q.ch\/lohntransparenz-noch-etliche-defizite\/#primaryimage"},"thumbnailUrl":"https:\/\/www.m-q.ch\/wp-content\/uploads\/2025\/02\/Lohntransparenz-Noch-etliche-Defizite_MQ.jpg","keywords":["Business Excellence","Lohntransparenz","Management und Unternehmensf\u00fchrung","Studie"],"articleSection":["Business Excellence"],"inLanguage":"fr-FR"},{"@type":"WebPage","@id":"https:\/\/www.m-q.ch\/lohntransparenz-noch-etliche-defizite\/","url":"https:\/\/www.m-q.ch\/lohntransparenz-noch-etliche-defizite\/","name":"Transparence des salaires : encore de nombreuses lacunes - MQ Management et Qualit\u00e9","isPartOf":{"@id":"https:\/\/www.m-q.ch\/fr\/#website"},"primaryImageOfPage":{"@id":"https:\/\/www.m-q.ch\/lohntransparenz-noch-etliche-defizite\/#primaryimage"},"image":{"@id":"https:\/\/www.m-q.ch\/lohntransparenz-noch-etliche-defizite\/#primaryimage"},"thumbnailUrl":"https:\/\/www.m-q.ch\/wp-content\/uploads\/2025\/02\/Lohntransparenz-Noch-etliche-Defizite_MQ.jpg","datePublished":"2025-02-14T09:36:12+00:00","dateModified":"2025-04-01T07:17:25+00:00","description":"Un nouveau rapport conclut que la transparence des salaires est certes de plus en plus importante, mais que sa mise en \u0153uvre a encore du retard \u00e0 rattraper dans de nombreux endroits.","breadcrumb":{"@id":"https:\/\/www.m-q.ch\/lohntransparenz-noch-etliche-defizite\/#breadcrumb"},"inLanguage":"fr-FR","potentialAction":[{"@type":"ReadAction","target":["https:\/\/www.m-q.ch\/lohntransparenz-noch-etliche-defizite\/"]}]},{"@type":"ImageObject","inLanguage":"fr-FR","@id":"https:\/\/www.m-q.ch\/lohntransparenz-noch-etliche-defizite\/#primaryimage","url":"https:\/\/www.m-q.ch\/wp-content\/uploads\/2025\/02\/Lohntransparenz-Noch-etliche-Defizite_MQ.jpg","contentUrl":"https:\/\/www.m-q.ch\/wp-content\/uploads\/2025\/02\/Lohntransparenz-Noch-etliche-Defizite_MQ.jpg","width":680,"height":467,"caption":"Der Global Pay Transparency Report von Mercer sieht noch einigen Nachholbedarf bei der Lohntransparenz, besonders auch in der Schweiz. (Bild: Depositphotos.com)"},{"@type":"BreadcrumbList","@id":"https:\/\/www.m-q.ch\/lohntransparenz-noch-etliche-defizite\/#breadcrumb","itemListElement":[{"@type":"ListItem","position":1,"name":"Business Excellence","item":"https:\/\/www.m-q.ch\/kategorie\/business_excellence\/"},{"@type":"ListItem","position":2,"name":"Lohntransparenz: Noch etliche Defizite"}]},{"@type":"WebSite","@id":"https:\/\/www.m-q.ch\/fr\/#website","url":"https:\/\/www.m-q.ch\/fr\/","name":"Gestion et qualit\u00e9 du QM","description":"Plate-forme pour les syst\u00e8mes de gestion int\u00e9gr\u00e9e.","publisher":{"@id":"https:\/\/www.m-q.ch\/fr\/#organization"},"potentialAction":[{"@type":"SearchAction","target":{"@type":"EntryPoint","urlTemplate":"https:\/\/www.m-q.ch\/fr\/?s={search_term_string}"},"query-input":{"@type":"PropertyValueSpecification","valueRequired":true,"valueName":"search_term_string"}}],"inLanguage":"fr-FR"},{"@type":"Organization","@id":"https:\/\/www.m-q.ch\/fr\/#organization","name":"Galledia Trade Media AG","url":"https:\/\/www.m-q.ch\/fr\/","logo":{"@type":"ImageObject","inLanguage":"fr-FR","@id":"https:\/\/www.m-q.ch\/fr\/#\/schema\/logo\/image\/","url":"https:\/\/www.m-q.ch\/wp-content\/uploads\/2020\/12\/cropped-logo_small.png","contentUrl":"https:\/\/www.m-q.ch\/wp-content\/uploads\/2020\/12\/cropped-logo_small.png","width":512,"height":512,"caption":"Galledia Fachmedien AG"},"image":{"@id":"https:\/\/www.m-q.ch\/fr\/#\/schema\/logo\/image\/"},"sameAs":["https:\/\/www.facebook.com\/ManagementUndQualitaet","https:\/\/www.linkedin.com\/showcase\/17982321\/admin\/"]},{"@type":"Person","@id":"https:\/\/www.m-q.ch\/fr\/#\/schema\/person\/a8711938b1cfb3f056dec70eaa0b42ab","name":"Thomas Berner","image":{"@type":"ImageObject","inLanguage":"fr-FR","@id":"https:\/\/www.m-q.ch\/fr\/#\/schema\/person\/image\/","url":"https:\/\/secure.gravatar.com\/avatar\/faea7857408f70478f976d576da10f96?s=96&d=mm&r=g","contentUrl":"https:\/\/secure.gravatar.com\/avatar\/faea7857408f70478f976d576da10f96?s=96&d=mm&r=g","caption":"Thomas Berner"},"url":"https:\/\/www.m-q.ch\/fr\/author\/thomas-berner\/"}]}},"_links":{"self":[{"href":"https:\/\/www.m-q.ch\/fr\/wp-json\/wp\/v2\/posts\/21104","targetHints":{"allow":["GET"]}}],"collection":[{"href":"https:\/\/www.m-q.ch\/fr\/wp-json\/wp\/v2\/posts"}],"about":[{"href":"https:\/\/www.m-q.ch\/fr\/wp-json\/wp\/v2\/types\/post"}],"author":[{"embeddable":true,"href":"https:\/\/www.m-q.ch\/fr\/wp-json\/wp\/v2\/users\/10"}],"replies":[{"embeddable":true,"href":"https:\/\/www.m-q.ch\/fr\/wp-json\/wp\/v2\/comments?post=21104"}],"version-history":[{"count":1,"href":"https:\/\/www.m-q.ch\/fr\/wp-json\/wp\/v2\/posts\/21104\/revisions"}],"predecessor-version":[{"id":21107,"href":"https:\/\/www.m-q.ch\/fr\/wp-json\/wp\/v2\/posts\/21104\/revisions\/21107"}],"wp:featuredmedia":[{"embeddable":true,"href":"https:\/\/www.m-q.ch\/fr\/wp-json\/wp\/v2\/media\/21106"}],"wp:attachment":[{"href":"https:\/\/www.m-q.ch\/fr\/wp-json\/wp\/v2\/media?parent=21104"}],"wp:term":[{"taxonomy":"category","embeddable":true,"href":"https:\/\/www.m-q.ch\/fr\/wp-json\/wp\/v2\/categories?post=21104"},{"taxonomy":"post_tag","embeddable":true,"href":"https:\/\/www.m-q.ch\/fr\/wp-json\/wp\/v2\/tags?post=21104"}],"curies":[{"name":"wp","href":"https:\/\/api.w.org\/{rel}","templated":true}]}}