{"id":2114,"date":"2017-12-06T14:24:23","date_gmt":"2017-12-06T13:24:23","guid":{"rendered":"https:\/\/www.m-q.ch\/?p=2114"},"modified":"2017-12-10T17:21:45","modified_gmt":"2017-12-10T16:21:45","slug":"economiesuisse-prevoit-de-la-croissance-pour-leconomie-suisse","status":"publish","type":"post","link":"https:\/\/www.m-q.ch\/fr\/economiesuisse-prognostiziert-wachstum-fuer-schweizer-wirtschaft\/","title":{"rendered":"economiesuisse pr\u00e9voit la croissance de l'\u00e9conomie suisse"},"content":{"rendered":"<figure id=\"attachment_2115\" aria-describedby=\"caption-attachment-2115\" style=\"width: 680px\" class=\"wp-caption alignnone\"><img loading=\"lazy\" decoding=\"async\" class=\"size-medium wp-image-2115\" src=\"https:\/\/www.m-q.ch\/wp-content\/uploads\/2017\/12\/economiesuisse-prognostiziert-Wachstum-f\u00fcr-Schweizer-Wirtschaft-mq-management-u-qualitaet-680x453.jpg\" alt=\"\" width=\"680\" height=\"453\" srcset=\"https:\/\/www.m-q.ch\/wp-content\/uploads\/2017\/12\/economiesuisse-prognostiziert-Wachstum-f\u00fcr-Schweizer-Wirtschaft-mq-management-u-qualitaet-680x453.jpg 680w, https:\/\/www.m-q.ch\/wp-content\/uploads\/2017\/12\/economiesuisse-prognostiziert-Wachstum-f\u00fcr-Schweizer-Wirtschaft-mq-management-u-qualitaet-768x512.jpg 768w, https:\/\/www.m-q.ch\/wp-content\/uploads\/2017\/12\/economiesuisse-prognostiziert-Wachstum-f\u00fcr-Schweizer-Wirtschaft-mq-management-u-qualitaet-1536x1024.jpg 1536w, https:\/\/www.m-q.ch\/wp-content\/uploads\/2017\/12\/economiesuisse-prognostiziert-Wachstum-f\u00fcr-Schweizer-Wirtschaft-mq-management-u-qualitaet-2048x1366.jpg 2048w, https:\/\/www.m-q.ch\/wp-content\/uploads\/2017\/12\/economiesuisse-prognostiziert-Wachstum-f\u00fcr-Schweizer-Wirtschaft-mq-management-u-qualitaet-16x12.jpg 16w, https:\/\/www.m-q.ch\/wp-content\/uploads\/2017\/12\/economiesuisse-prognostiziert-Wachstum-f\u00fcr-Schweizer-Wirtschaft-mq-management-u-qualitaet-262x175.jpg 262w, https:\/\/www.m-q.ch\/wp-content\/uploads\/2017\/12\/economiesuisse-prognostiziert-Wachstum-f\u00fcr-Schweizer-Wirtschaft-mq-management-u-qualitaet-525x350.jpg 525w, https:\/\/www.m-q.ch\/wp-content\/uploads\/2017\/12\/economiesuisse-prognostiziert-Wachstum-f\u00fcr-Schweizer-Wirtschaft-mq-management-u-qualitaet-1200x800.jpg 1200w, https:\/\/www.m-q.ch\/wp-content\/uploads\/2017\/12\/economiesuisse-prognostiziert-Wachstum-f\u00fcr-Schweizer-Wirtschaft-mq-management-u-qualitaet-920x613.jpg 920w, https:\/\/www.m-q.ch\/wp-content\/uploads\/2017\/12\/economiesuisse-prognostiziert-Wachstum-f\u00fcr-Schweizer-Wirtschaft-mq-management-u-qualitaet-1400x934.jpg 1400w, https:\/\/www.m-q.ch\/wp-content\/uploads\/2017\/12\/economiesuisse-prognostiziert-Wachstum-f\u00fcr-Schweizer-Wirtschaft-mq-management-u-qualitaet-300x200.jpg 300w, https:\/\/www.m-q.ch\/wp-content\/uploads\/2017\/12\/economiesuisse-prognostiziert-Wachstum-f\u00fcr-Schweizer-Wirtschaft-mq-management-u-qualitaet-1024x683.jpg 1024w, https:\/\/www.m-q.ch\/wp-content\/uploads\/2017\/12\/economiesuisse-prognostiziert-Wachstum-f\u00fcr-Schweizer-Wirtschaft-mq-management-u-qualitaet-624x416.jpg 624w\" sizes=\"auto, (max-width: 680px) 100vw, 680px\" \/><figcaption id=\"caption-attachment-2115\" class=\"wp-caption-text\">L'\u00e9conomie n'a pas partout un impact aussi positif que la BNS elle-m\u00eame. (Image : photos de d\u00e9p\u00f4t)<\/figcaption><\/figure>\n<p>economiesuisse pr\u00e9voit une croissance du produit int\u00e9rieur brut (PIB) de 1,0 % pour l'ann\u00e9e en cours et une augmentation de 2,2 % pour 2018, comme l'a expliqu\u00e9 aujourd'hui l'\u00e9conomiste en chef Rudolf Minsch aux m\u00e9dias. La reprise de l'\u00e9conomie mondiale est le principal moteur de croissance de l'\u00e9conomie suisse. Cela vaut surtout pour la croissance en Europe, o\u00f9 l'Allemagne continue \u00e0 jouer le r\u00f4le de locomotive et o\u00f9 des pays comme la France et l'Italie se sont finalement aussi engag\u00e9s sur la voie de la reprise.<\/p>\n<p><strong>Des perspectives meilleures et moins bonnes <\/strong><\/p>\n<p>Le franc suisse est toujours sur\u00e9valu\u00e9 par rapport \u00e0 l'euro, mais \u00e0 un niveau auquel l'\u00e9conomie suisse \u00e0 forte valeur ajout\u00e9e peut faire face. Selon Rudolf Minsch, les ajustements structurels tout au long de la cha\u00eene de valeur de l'industrie suisse d'exportation commencent maintenant \u00e0 porter leurs fruits :<\/p>\n<p>Des processus plus efficaces, l'accent mis sur les activit\u00e9s \u00e0 forte valeur ajout\u00e9e et une gestion rigide des co\u00fbts permettent \u00e0 l'entreprise de profiter de la reprise \u00e9conomique tout en continuant \u00e0 stimuler l'innovation. La reprise se renforce consid\u00e9rablement, en particulier dans l'industrie des machines, o\u00f9 le redressement a d\u00e9j\u00e0 commenc\u00e9 au premier trimestre 2017. L'industrie horlog\u00e8re est \u00e9galement en forte croissance cette ann\u00e9e et fait preuve d'un optimisme prudent pour 2018.<\/p>\n<p>Dans l'industrie textile, la reprise est quelque peu retard\u00e9e et ne d\u00e9butera pas avant l'ann\u00e9e prochaine. Enfin, apr\u00e8s deux ann\u00e9es tr\u00e8s difficiles, l'industrie h\u00f4teli\u00e8re est \u00e0 nouveau en mesure de r\u00e9aliser des gains importants et envisage \u00e9galement l'ann\u00e9e prochaine de mani\u00e8re positive. Le secteur de croissance le plus important de la Suisse ces derni\u00e8res ann\u00e9es, l'industrie chimique et pharmaceutique, continuera \u00e0 cro\u00eetre de mani\u00e8re relativement peu affect\u00e9e par les variations des taux de change.<\/p>\n<p><strong>La construction a atteint son z\u00e9nith<\/strong><\/p>\n<p>Diff\u00e9rentes tendances dominent dans les industries \u00e0 pr\u00e9dominance nationale : Des industries telles que le secteur de l'\u00e9nergie, l'industrie des t\u00e9l\u00e9communications et l'industrie de l'imprimerie, dont la valeur ajout\u00e9e diminue pour des raisons structurelles, continuent de se d\u00e9battre avec une tendance n\u00e9gative. Bien que ces industries soient \u00e9galement aid\u00e9es par les stimuli \u00e9conomiques positifs, ceux-ci ne peuvent inverser la tendance.<\/p>\n<p>En revanche, les secteurs des soins de sant\u00e9 et de la vente par correspondance b\u00e9n\u00e9ficient d'une tendance positive soutenue. Une \u00e9volution stable mais plus mod\u00e9r\u00e9e est enregistr\u00e9e par le secteur financier, le secteur des assurances devant conna\u00eetre une croissance un peu plus forte que le secteur bancaire en 2018. Alors que l'ann\u00e9e en cours se d\u00e9veloppe positivement pour le principal secteur de la construction, le secteur s'attend \u00e0 une l\u00e9g\u00e8re baisse de la valeur ajout\u00e9e en 2018, m\u00eame si les volumes de construction restent \u00e9lev\u00e9s par rapport aux normes historiques. Cela aura un impact \u00e0 retardement sur le secteur auxiliaire de la construction.<\/p>\n<p>La baisse de l'immigration et la hausse des taux d'inoccupation p\u00e8sent sur l'\u00e9volution des prix et provoquent un ralentissement de l'activit\u00e9 de construction r\u00e9sidentielle en Suisse. En revanche, la reprise \u00e9conomique a un impact positif sur la construction commerciale. Dans l'ensemble, l'\u00e9conomie nationale se d\u00e9veloppe solidement. Des augmentations de salaires nominaux de l'ordre de 0,8 %, une baisse du ch\u00f4mage et des perspectives d'avenir g\u00e9n\u00e9ralement plus positives stimulent la consommation priv\u00e9e, qui conna\u00eetra une croissance un peu plus forte que les ann\u00e9es pr\u00e9c\u00e9dentes. Les perspectives \u00e9conomiques plus favorables entra\u00eenent \u00e9galement une augmentation des investissements en \u00e9quipements.<\/p>\n<p><strong>Inflation en territoire positif, baisse du ch\u00f4mage<\/strong><\/p>\n<p>Apr\u00e8s deux ann\u00e9es de taux d'inflation n\u00e9gatifs, les prix augmentent \u00e0 nouveau l\u00e9g\u00e8rement cette ann\u00e9e (+0,5 %) et l'ann\u00e9e prochaine (+0,4 %). La faiblesse du franc entra\u00eene une nouvelle hausse des prix \u00e0 l'importation. Toutefois, la politique de taux d'int\u00e9r\u00eat bas de la Banque nationale suisse n'entra\u00eenera pas d'\u00e9volution inflationniste pour l'instant. economiesuisse s'attend \u00e0 ce que les taux d'int\u00e9r\u00eat \u00e0 court terme restent n\u00e9gatifs en 2018 et que le redressement des taux d'int\u00e9r\u00eat ne s'installe pas avant 2019. Gr\u00e2ce \u00e0 la bonne situation \u00e9conomique, le taux de ch\u00f4mage moyen en 2018 passera sous la barre des trois pour cent pour la premi\u00e8re fois depuis 2012.<\/p>\n<p><strong>Risques de baisse dus \u00e0 la formation de bulles<\/strong><\/p>\n<p>La politique mon\u00e9taire ultra-expansive men\u00e9e par les grandes banques centrales ces derni\u00e8res ann\u00e9es a des effets secondaires sous la forme de la formation de bulles sur diff\u00e9rents march\u00e9s qui pourraient \u00e9clater de mani\u00e8re inattendue et entra\u00eener l'\u00e9conomie mondiale. Par exemple, les hausses des prix sur les march\u00e9s boursiers et obligataires au cours des derniers mois ne sont gu\u00e8re soutenables. Les performances des monnaies num\u00e9riques, dont Bitcoin est le chef de file, sont particuli\u00e8rement sensationnelles. En cas de renversement de tendance, il deviendra clair dans quelle mesure les institutions non bancaires ou quasi-bancaires sont capables d'absorber des pertes encore plus importantes et s'il n'y aura pas de r\u00e9actions en cha\u00eene dans le syst\u00e8me financier.<\/p>\n<p>La politique de taux d'int\u00e9r\u00eat bas a \u00e9galement conduit \u00e0 une nouvelle augmentation de la dette des entreprises et du secteur public. Dans le cadre de la reprise \u00e9conomique, il faudrait enfin commencer \u00e0 r\u00e9duire la dette, sinon les acteurs ne pourront plus agir en cas de fort ralentissement. Enfin, le march\u00e9 immobilier suisse est tellement valoris\u00e9 qu'un retournement des taux d'int\u00e9r\u00eat pourrait d\u00e9clencher de nouvelles et plus importantes corrections de prix.<\/p>\n<p><em>Toutefois, ces risques de baisse ne sont pas inclus dans les pr\u00e9visions actuelles d'economiesuisse, car il est impossible de pr\u00e9voir le moment o\u00f9 ils se produiront. En raison de la poursuite de la politique mon\u00e9taire expansionniste et de l'urgence actuelle en mati\u00e8re d'investissement, les d\u00e9s\u00e9quilibres pourraient m\u00eame continuer \u00e0 s'accumuler.<\/em><\/p>\n<p><a href=\"http:\/\/www.economiesuisse.ch\">www.economiesuisse.ch<\/a><\/p>","protected":false},"excerpt":{"rendered":"<p>economiesuisse prognostiziert ein Wachstum des Bruttoinlandprodukts (BIP) um 1,0 Prozent im laufenden Jahr und ein Plus von 2,2 Prozent f\u00fcr 2018, wie Chef\u00f6konom Rudolf Minsch heute vor den Medien erl\u00e4uterte. Das Anziehen der Weltkonjunktur ist der wichtigste Wachstumstreiber f\u00fcr die Schweizer Wirtschaft. Dies betrifft vor allem das Wachstum in Europa, wo Deutschland weiterhin als Lokomotive [&hellip;]<\/p>\n","protected":false},"author":35,"featured_media":2115,"comment_status":"open","ping_status":"open","sticky":false,"template":"","format":"standard","meta":{"_acf_changed":false,"footnotes":""},"categories":[1],"tags":[3724,3723,3722,3490],"class_list":["post-2114","post","type-post","status-publish","format-standard","has-post-thumbnail","hentry","category-unkategorisiert","tag-binnenproduktion","tag-bip","tag-konjunktur","tag-schweiz"],"acf":[],"yoast_head":"<!-- This site is optimized with the Yoast SEO plugin v26.2 - https:\/\/yoast.com\/wordpress\/plugins\/seo\/ -->\n<title>economiesuisse prognostiziert Wachstum f\u00fcr Schweizer Wirtschaft - MQ Management und Qualit\u00e4t<\/title>\n<meta name=\"description\" content=\"economiesuisse prognostiziert ein Wachstum des Bruttoinlandprodukts (BIP) um 1,0 Prozent im laufenden Jahr und ein Plus von 2,2 Prozent f\u00fcr 2018.\" \/>\n<meta name=\"robots\" content=\"index, follow, max-snippet:-1, max-image-preview:large, max-video-preview:-1\" \/>\n<link rel=\"canonical\" href=\"https:\/\/www.m-q.ch\/fr\/economiesuisse-forecasts-growth-for-swiss-economy\/\" \/>\n<meta property=\"og:locale\" content=\"fr_FR\" \/>\n<meta property=\"og:type\" content=\"article\" \/>\n<meta property=\"og:title\" content=\"economiesuisse prognostiziert Wachstum f\u00fcr Schweizer Wirtschaft - MQ Management und Qualit\u00e4t\" \/>\n<meta property=\"og:description\" content=\"economiesuisse prognostiziert ein Wachstum des Bruttoinlandprodukts (BIP) um 1,0 Prozent im laufenden Jahr und ein Plus von 2,2 Prozent f\u00fcr 2018.\" \/>\n<meta property=\"og:url\" content=\"https:\/\/www.m-q.ch\/fr\/economiesuisse-forecasts-growth-for-swiss-economy\/\" \/>\n<meta property=\"og:site_name\" content=\"MQ Management und Qualit\u00e4t\" \/>\n<meta property=\"article:publisher\" content=\"https:\/\/www.facebook.com\/ManagementUndQualitaet\" \/>\n<meta property=\"article:published_time\" content=\"2017-12-06T13:24:23+00:00\" \/>\n<meta property=\"article:modified_time\" content=\"2017-12-10T16:21:45+00:00\" \/>\n<meta property=\"og:image\" content=\"https:\/\/www.m-q.ch\/wp-content\/uploads\/2017\/12\/economiesuisse-prognostiziert-Wachstum-f\u00fcr-Schweizer-Wirtschaft-mq-management-u-qualitaet-scaled.jpg\" \/>\n\t<meta property=\"og:image:width\" content=\"2560\" \/>\n\t<meta property=\"og:image:height\" content=\"1707\" \/>\n\t<meta property=\"og:image:type\" content=\"image\/jpeg\" \/>\n<meta name=\"author\" content=\"Roger Str\u00e4ssle\" \/>\n<meta name=\"twitter:card\" content=\"summary_large_image\" \/>\n<meta name=\"twitter:label1\" content=\"\u00c9crit par\" \/>\n\t<meta name=\"twitter:data1\" content=\"Roger Str\u00e4ssle\" \/>\n\t<meta name=\"twitter:label2\" content=\"Dur\u00e9e de lecture estim\u00e9e\" \/>\n\t<meta name=\"twitter:data2\" content=\"4 minutes\" \/>\n<script type=\"application\/ld+json\" class=\"yoast-schema-graph\">{\"@context\":\"https:\/\/schema.org\",\"@graph\":[{\"@type\":\"Article\",\"@id\":\"https:\/\/www.m-q.ch\/fr\/economiesuisse-forecasts-growth-for-swiss-economy\/#article\",\"isPartOf\":{\"@id\":\"https:\/\/www.m-q.ch\/fr\/economiesuisse-forecasts-growth-for-swiss-economy\/\"},\"author\":{\"name\":\"Roger Str\u00e4ssle\",\"@id\":\"https:\/\/www.m-q.ch\/fr\/#\/schema\/person\/47d540e081acd98ccbeb69b55df653d7\"},\"headline\":\"economiesuisse prognostiziert Wachstum f\u00fcr Schweizer Wirtschaft\",\"datePublished\":\"2017-12-06T13:24:23+00:00\",\"dateModified\":\"2017-12-10T16:21:45+00:00\",\"mainEntityOfPage\":{\"@id\":\"https:\/\/www.m-q.ch\/fr\/economiesuisse-forecasts-growth-for-swiss-economy\/\"},\"wordCount\":766,\"commentCount\":0,\"publisher\":{\"@id\":\"https:\/\/www.m-q.ch\/fr\/#organization\"},\"image\":{\"@id\":\"https:\/\/www.m-q.ch\/fr\/economiesuisse-forecasts-growth-for-swiss-economy\/#primaryimage\"},\"thumbnailUrl\":\"https:\/\/www.m-q.ch\/wp-content\/uploads\/2017\/12\/economiesuisse-prognostiziert-Wachstum-f\u00fcr-Schweizer-Wirtschaft-mq-management-u-qualitaet-scaled.jpg\",\"keywords\":[\"Binnenproduktion\",\"BIP\",\"Konjunktur\",\"Schweiz\"],\"articleSection\":[\"Unkategorisiert\"],\"inLanguage\":\"fr-FR\"},{\"@type\":\"WebPage\",\"@id\":\"https:\/\/www.m-q.ch\/fr\/economiesuisse-forecasts-growth-for-swiss-economy\/\",\"url\":\"https:\/\/www.m-q.ch\/fr\/economiesuisse-forecasts-growth-for-swiss-economy\/\",\"name\":\"economiesuisse prognostiziert Wachstum f\u00fcr Schweizer Wirtschaft - MQ Management und Qualit\u00e4t\",\"isPartOf\":{\"@id\":\"https:\/\/www.m-q.ch\/fr\/#website\"},\"primaryImageOfPage\":{\"@id\":\"https:\/\/www.m-q.ch\/fr\/economiesuisse-forecasts-growth-for-swiss-economy\/#primaryimage\"},\"image\":{\"@id\":\"https:\/\/www.m-q.ch\/fr\/economiesuisse-forecasts-growth-for-swiss-economy\/#primaryimage\"},\"thumbnailUrl\":\"https:\/\/www.m-q.ch\/wp-content\/uploads\/2017\/12\/economiesuisse-prognostiziert-Wachstum-f\u00fcr-Schweizer-Wirtschaft-mq-management-u-qualitaet-scaled.jpg\",\"datePublished\":\"2017-12-06T13:24:23+00:00\",\"dateModified\":\"2017-12-10T16:21:45+00:00\",\"description\":\"economiesuisse prognostiziert ein Wachstum des Bruttoinlandprodukts (BIP) um 1,0 Prozent im laufenden Jahr und ein Plus von 2,2 Prozent f\u00fcr 2018.\",\"breadcrumb\":{\"@id\":\"https:\/\/www.m-q.ch\/fr\/economiesuisse-forecasts-growth-for-swiss-economy\/#breadcrumb\"},\"inLanguage\":\"fr-FR\",\"potentialAction\":[{\"@type\":\"ReadAction\",\"target\":[\"https:\/\/www.m-q.ch\/fr\/economiesuisse-forecasts-growth-for-swiss-economy\/\"]}]},{\"@type\":\"ImageObject\",\"inLanguage\":\"fr-FR\",\"@id\":\"https:\/\/www.m-q.ch\/fr\/economiesuisse-forecasts-growth-for-swiss-economy\/#primaryimage\",\"url\":\"https:\/\/www.m-q.ch\/wp-content\/uploads\/2017\/12\/economiesuisse-prognostiziert-Wachstum-f\u00fcr-Schweizer-Wirtschaft-mq-management-u-qualitaet-scaled.jpg\",\"contentUrl\":\"https:\/\/www.m-q.ch\/wp-content\/uploads\/2017\/12\/economiesuisse-prognostiziert-Wachstum-f\u00fcr-Schweizer-Wirtschaft-mq-management-u-qualitaet-scaled.jpg\",\"width\":2560,\"height\":1707,\"caption\":\"Nicht \u00fcberall wirkt sich die Konjunktur so positiv wie bei der SNB selbst aus. (Bild: depositphotos)\"},{\"@type\":\"BreadcrumbList\",\"@id\":\"https:\/\/www.m-q.ch\/fr\/economiesuisse-forecasts-growth-for-swiss-economy\/#breadcrumb\",\"itemListElement\":[{\"@type\":\"ListItem\",\"position\":1,\"name\":\"Unkategorisiert\",\"item\":\"https:\/\/www.m-q.ch\/it\/categoria\/senza-categoria\/\"},{\"@type\":\"ListItem\",\"position\":2,\"name\":\"economiesuisse prognostiziert Wachstum f\u00fcr Schweizer Wirtschaft\"}]},{\"@type\":\"WebSite\",\"@id\":\"https:\/\/www.m-q.ch\/fr\/#website\",\"url\":\"https:\/\/www.m-q.ch\/fr\/\",\"name\":\"MQ Management und Qualit\u00e4t\",\"description\":\"Plattform f\u00fcr integrierte Managementsysteme.\",\"publisher\":{\"@id\":\"https:\/\/www.m-q.ch\/fr\/#organization\"},\"potentialAction\":[{\"@type\":\"SearchAction\",\"target\":{\"@type\":\"EntryPoint\",\"urlTemplate\":\"https:\/\/www.m-q.ch\/fr\/?s={search_term_string}\"},\"query-input\":{\"@type\":\"PropertyValueSpecification\",\"valueRequired\":true,\"valueName\":\"search_term_string\"}}],\"inLanguage\":\"fr-FR\"},{\"@type\":\"Organization\",\"@id\":\"https:\/\/www.m-q.ch\/fr\/#organization\",\"name\":\"Galledia Fachmedien AG\",\"url\":\"https:\/\/www.m-q.ch\/fr\/\",\"logo\":{\"@type\":\"ImageObject\",\"inLanguage\":\"fr-FR\",\"@id\":\"https:\/\/www.m-q.ch\/fr\/#\/schema\/logo\/image\/\",\"url\":\"https:\/\/www.m-q.ch\/wp-content\/uploads\/2020\/12\/cropped-logo_small.png\",\"contentUrl\":\"https:\/\/www.m-q.ch\/wp-content\/uploads\/2020\/12\/cropped-logo_small.png\",\"width\":512,\"height\":512,\"caption\":\"Galledia Fachmedien AG\"},\"image\":{\"@id\":\"https:\/\/www.m-q.ch\/fr\/#\/schema\/logo\/image\/\"},\"sameAs\":[\"https:\/\/www.facebook.com\/ManagementUndQualitaet\",\"https:\/\/www.linkedin.com\/showcase\/17982321\/admin\/\"]},{\"@type\":\"Person\",\"@id\":\"https:\/\/www.m-q.ch\/fr\/#\/schema\/person\/47d540e081acd98ccbeb69b55df653d7\",\"name\":\"Roger Str\u00e4ssle\",\"image\":{\"@type\":\"ImageObject\",\"inLanguage\":\"fr-FR\",\"@id\":\"https:\/\/www.m-q.ch\/fr\/#\/schema\/person\/image\/\",\"url\":\"https:\/\/secure.gravatar.com\/avatar\/e4dde3046d8a184d2e2d27651a418883?s=96&d=mm&r=g\",\"contentUrl\":\"https:\/\/secure.gravatar.com\/avatar\/e4dde3046d8a184d2e2d27651a418883?s=96&d=mm&r=g\",\"caption\":\"Roger Str\u00e4ssle\"},\"url\":\"https:\/\/www.m-q.ch\/fr\/author\/roger-straessle\/\"}]}<\/script>\n<!-- \/ Yoast SEO plugin. -->","yoast_head_json":{"title":"economiesuisse pr\u00e9voit la croissance de l'\u00e9conomie suisse - MQ Management und Qualit\u00e4t","description":"economiesuisse pr\u00e9voit une croissance du produit int\u00e9rieur brut (PIB) de 1,0 % pour l'ann\u00e9e en cours et de 2,2 % pour 2018.","robots":{"index":"index","follow":"follow","max-snippet":"max-snippet:-1","max-image-preview":"max-image-preview:large","max-video-preview":"max-video-preview:-1"},"canonical":"https:\/\/www.m-q.ch\/fr\/economiesuisse-forecasts-growth-for-swiss-economy\/","og_locale":"fr_FR","og_type":"article","og_title":"economiesuisse prognostiziert Wachstum f\u00fcr Schweizer Wirtschaft - MQ Management und Qualit\u00e4t","og_description":"economiesuisse prognostiziert ein Wachstum des Bruttoinlandprodukts (BIP) um 1,0 Prozent im laufenden Jahr und ein Plus von 2,2 Prozent f\u00fcr 2018.","og_url":"https:\/\/www.m-q.ch\/fr\/economiesuisse-forecasts-growth-for-swiss-economy\/","og_site_name":"MQ Management und Qualit\u00e4t","article_publisher":"https:\/\/www.facebook.com\/ManagementUndQualitaet","article_published_time":"2017-12-06T13:24:23+00:00","article_modified_time":"2017-12-10T16:21:45+00:00","og_image":[{"width":2560,"height":1707,"url":"https:\/\/www.m-q.ch\/wp-content\/uploads\/2017\/12\/economiesuisse-prognostiziert-Wachstum-f\u00fcr-Schweizer-Wirtschaft-mq-management-u-qualitaet-scaled.jpg","type":"image\/jpeg"}],"author":"Roger Str\u00e4ssle","twitter_card":"summary_large_image","twitter_misc":{"\u00c9crit par":"Roger Str\u00e4ssle","Dur\u00e9e de lecture estim\u00e9e":"4 minutes"},"schema":{"@context":"https:\/\/schema.org","@graph":[{"@type":"Article","@id":"https:\/\/www.m-q.ch\/fr\/economiesuisse-forecasts-growth-for-swiss-economy\/#article","isPartOf":{"@id":"https:\/\/www.m-q.ch\/fr\/economiesuisse-forecasts-growth-for-swiss-economy\/"},"author":{"name":"Roger Str\u00e4ssle","@id":"https:\/\/www.m-q.ch\/fr\/#\/schema\/person\/47d540e081acd98ccbeb69b55df653d7"},"headline":"economiesuisse prognostiziert Wachstum f\u00fcr Schweizer Wirtschaft","datePublished":"2017-12-06T13:24:23+00:00","dateModified":"2017-12-10T16:21:45+00:00","mainEntityOfPage":{"@id":"https:\/\/www.m-q.ch\/fr\/economiesuisse-forecasts-growth-for-swiss-economy\/"},"wordCount":766,"commentCount":0,"publisher":{"@id":"https:\/\/www.m-q.ch\/fr\/#organization"},"image":{"@id":"https:\/\/www.m-q.ch\/fr\/economiesuisse-forecasts-growth-for-swiss-economy\/#primaryimage"},"thumbnailUrl":"https:\/\/www.m-q.ch\/wp-content\/uploads\/2017\/12\/economiesuisse-prognostiziert-Wachstum-f\u00fcr-Schweizer-Wirtschaft-mq-management-u-qualitaet-scaled.jpg","keywords":["Binnenproduktion","BIP","Konjunktur","Schweiz"],"articleSection":["Unkategorisiert"],"inLanguage":"fr-FR"},{"@type":"WebPage","@id":"https:\/\/www.m-q.ch\/fr\/economiesuisse-forecasts-growth-for-swiss-economy\/","url":"https:\/\/www.m-q.ch\/fr\/economiesuisse-forecasts-growth-for-swiss-economy\/","name":"economiesuisse pr\u00e9voit la croissance de l'\u00e9conomie suisse - MQ Management und Qualit\u00e4t","isPartOf":{"@id":"https:\/\/www.m-q.ch\/fr\/#website"},"primaryImageOfPage":{"@id":"https:\/\/www.m-q.ch\/fr\/economiesuisse-forecasts-growth-for-swiss-economy\/#primaryimage"},"image":{"@id":"https:\/\/www.m-q.ch\/fr\/economiesuisse-forecasts-growth-for-swiss-economy\/#primaryimage"},"thumbnailUrl":"https:\/\/www.m-q.ch\/wp-content\/uploads\/2017\/12\/economiesuisse-prognostiziert-Wachstum-f\u00fcr-Schweizer-Wirtschaft-mq-management-u-qualitaet-scaled.jpg","datePublished":"2017-12-06T13:24:23+00:00","dateModified":"2017-12-10T16:21:45+00:00","description":"economiesuisse pr\u00e9voit une croissance du produit int\u00e9rieur brut (PIB) de 1,0 % pour l'ann\u00e9e en cours et de 2,2 % pour 2018.","breadcrumb":{"@id":"https:\/\/www.m-q.ch\/fr\/economiesuisse-forecasts-growth-for-swiss-economy\/#breadcrumb"},"inLanguage":"fr-FR","potentialAction":[{"@type":"ReadAction","target":["https:\/\/www.m-q.ch\/fr\/economiesuisse-forecasts-growth-for-swiss-economy\/"]}]},{"@type":"ImageObject","inLanguage":"fr-FR","@id":"https:\/\/www.m-q.ch\/fr\/economiesuisse-forecasts-growth-for-swiss-economy\/#primaryimage","url":"https:\/\/www.m-q.ch\/wp-content\/uploads\/2017\/12\/economiesuisse-prognostiziert-Wachstum-f\u00fcr-Schweizer-Wirtschaft-mq-management-u-qualitaet-scaled.jpg","contentUrl":"https:\/\/www.m-q.ch\/wp-content\/uploads\/2017\/12\/economiesuisse-prognostiziert-Wachstum-f\u00fcr-Schweizer-Wirtschaft-mq-management-u-qualitaet-scaled.jpg","width":2560,"height":1707,"caption":"Nicht \u00fcberall wirkt sich die Konjunktur so positiv wie bei der SNB selbst aus. (Bild: depositphotos)"},{"@type":"BreadcrumbList","@id":"https:\/\/www.m-q.ch\/fr\/economiesuisse-forecasts-growth-for-swiss-economy\/#breadcrumb","itemListElement":[{"@type":"ListItem","position":1,"name":"Unkategorisiert","item":"https:\/\/www.m-q.ch\/it\/categoria\/senza-categoria\/"},{"@type":"ListItem","position":2,"name":"economiesuisse prognostiziert Wachstum f\u00fcr Schweizer Wirtschaft"}]},{"@type":"WebSite","@id":"https:\/\/www.m-q.ch\/fr\/#website","url":"https:\/\/www.m-q.ch\/fr\/","name":"Gestion et qualit\u00e9 du QM","description":"Plate-forme pour les syst\u00e8mes de gestion int\u00e9gr\u00e9e.","publisher":{"@id":"https:\/\/www.m-q.ch\/fr\/#organization"},"potentialAction":[{"@type":"SearchAction","target":{"@type":"EntryPoint","urlTemplate":"https:\/\/www.m-q.ch\/fr\/?s={search_term_string}"},"query-input":{"@type":"PropertyValueSpecification","valueRequired":true,"valueName":"search_term_string"}}],"inLanguage":"fr-FR"},{"@type":"Organization","@id":"https:\/\/www.m-q.ch\/fr\/#organization","name":"Galledia Trade Media AG","url":"https:\/\/www.m-q.ch\/fr\/","logo":{"@type":"ImageObject","inLanguage":"fr-FR","@id":"https:\/\/www.m-q.ch\/fr\/#\/schema\/logo\/image\/","url":"https:\/\/www.m-q.ch\/wp-content\/uploads\/2020\/12\/cropped-logo_small.png","contentUrl":"https:\/\/www.m-q.ch\/wp-content\/uploads\/2020\/12\/cropped-logo_small.png","width":512,"height":512,"caption":"Galledia Fachmedien AG"},"image":{"@id":"https:\/\/www.m-q.ch\/fr\/#\/schema\/logo\/image\/"},"sameAs":["https:\/\/www.facebook.com\/ManagementUndQualitaet","https:\/\/www.linkedin.com\/showcase\/17982321\/admin\/"]},{"@type":"Person","@id":"https:\/\/www.m-q.ch\/fr\/#\/schema\/person\/47d540e081acd98ccbeb69b55df653d7","name":"Roger Str\u00e4ssle","image":{"@type":"ImageObject","inLanguage":"fr-FR","@id":"https:\/\/www.m-q.ch\/fr\/#\/schema\/person\/image\/","url":"https:\/\/secure.gravatar.com\/avatar\/e4dde3046d8a184d2e2d27651a418883?s=96&d=mm&r=g","contentUrl":"https:\/\/secure.gravatar.com\/avatar\/e4dde3046d8a184d2e2d27651a418883?s=96&d=mm&r=g","caption":"Roger Str\u00e4ssle"},"url":"https:\/\/www.m-q.ch\/fr\/author\/roger-straessle\/"}]}},"_links":{"self":[{"href":"https:\/\/www.m-q.ch\/fr\/wp-json\/wp\/v2\/posts\/2114","targetHints":{"allow":["GET"]}}],"collection":[{"href":"https:\/\/www.m-q.ch\/fr\/wp-json\/wp\/v2\/posts"}],"about":[{"href":"https:\/\/www.m-q.ch\/fr\/wp-json\/wp\/v2\/types\/post"}],"author":[{"embeddable":true,"href":"https:\/\/www.m-q.ch\/fr\/wp-json\/wp\/v2\/users\/35"}],"replies":[{"embeddable":true,"href":"https:\/\/www.m-q.ch\/fr\/wp-json\/wp\/v2\/comments?post=2114"}],"version-history":[{"count":1,"href":"https:\/\/www.m-q.ch\/fr\/wp-json\/wp\/v2\/posts\/2114\/revisions"}],"predecessor-version":[{"id":2116,"href":"https:\/\/www.m-q.ch\/fr\/wp-json\/wp\/v2\/posts\/2114\/revisions\/2116"}],"wp:featuredmedia":[{"embeddable":true,"href":"https:\/\/www.m-q.ch\/fr\/wp-json\/wp\/v2\/media\/2115"}],"wp:attachment":[{"href":"https:\/\/www.m-q.ch\/fr\/wp-json\/wp\/v2\/media?parent=2114"}],"wp:term":[{"taxonomy":"category","embeddable":true,"href":"https:\/\/www.m-q.ch\/fr\/wp-json\/wp\/v2\/categories?post=2114"},{"taxonomy":"post_tag","embeddable":true,"href":"https:\/\/www.m-q.ch\/fr\/wp-json\/wp\/v2\/tags?post=2114"}],"curies":[{"name":"wp","href":"https:\/\/api.w.org\/{rel}","templated":true}]}}