{"id":22747,"date":"2026-04-28T13:17:56","date_gmt":"2026-04-28T11:17:56","guid":{"rendered":"https:\/\/www.m-q.ch\/?p=22747"},"modified":"2026-04-28T13:17:56","modified_gmt":"2026-04-28T11:17:56","slug":"leconomie-nest-pas-preparee-a-la-criminalite-quantique","status":"publish","type":"post","link":"https:\/\/www.m-q.ch\/fr\/wirtschaft-ist-auf-quanten-kriminalitaet-kaum-vorbereitet\/","title":{"rendered":"L'\u00e9conomie est \u00e0 peine pr\u00e9par\u00e9e \u00e0 la criminalit\u00e9 quantique"},"content":{"rendered":"<figure id=\"attachment_22748\" aria-describedby=\"caption-attachment-22748\" style=\"width: 680px\" class=\"wp-caption alignnone\"><img loading=\"lazy\" decoding=\"async\" class=\"size-full wp-image-22748\" src=\"https:\/\/www.m-q.ch\/wp-content\/uploads\/2026\/04\/Wirtschaft-ist-auf-Quanten-Kriminalitaet-kaum-vorbereitet_MQ.jpg\" alt=\"\" width=\"680\" height=\"383\" srcset=\"https:\/\/www.m-q.ch\/wp-content\/uploads\/2026\/04\/Wirtschaft-ist-auf-Quanten-Kriminalitaet-kaum-vorbereitet_MQ.jpg 680w, https:\/\/www.m-q.ch\/wp-content\/uploads\/2026\/04\/Wirtschaft-ist-auf-Quanten-Kriminalitaet-kaum-vorbereitet_MQ-18x10.jpg 18w, https:\/\/www.m-q.ch\/wp-content\/uploads\/2026\/04\/Wirtschaft-ist-auf-Quanten-Kriminalitaet-kaum-vorbereitet_MQ-375x211.jpg 375w, https:\/\/www.m-q.ch\/wp-content\/uploads\/2026\/04\/Wirtschaft-ist-auf-Quanten-Kriminalitaet-kaum-vorbereitet_MQ-621x350.jpg 621w\" sizes=\"auto, (max-width: 680px) 100vw, 680px\" \/><figcaption id=\"caption-attachment-22748\" class=\"wp-caption-text\">L'informatique quantique commence seulement \u00e0 montrer les risques qu'elle peut comporter. (Image : Unsplash.com)<\/figcaption><\/figure>\n<p>Les Nations unies avaient d\u00e9clar\u00e9 2025 comme \u00abAnn\u00e9e internationale de la science et de la technologie quantiques\u00bb afin de souligner l'importance de la technologie quantique pour l'humanit\u00e9 (<a href=\"https:\/\/quantum2025.org\/\">https:\/\/quantum2025.org<\/a>\/). \u00abEn m\u00eame temps, l'informatique quantique pourrait devenir l'une des plus grandes menaces pour la civilisation num\u00e9rique\u00bb, souligne James Lee, directeur r\u00e9gional DACH de la soci\u00e9t\u00e9 de cybers\u00e9curit\u00e9 Horizon3.ai, en \u00e9voquant le c\u00f4t\u00e9 obscur de la m\u00e9canique quantique d\u00e9couverte il y a 100 ans. Les ordinateurs quantiques seront en effet capables, d'ici quelques ann\u00e9es, de casser toutes les m\u00e9thodes de cryptage de donn\u00e9es actuellement utilis\u00e9es.<\/p>\n<p>Le proc\u00e9d\u00e9 \u00abharvest now, decrypt later\u00bb (HNDL) a le vent en poupe dans le milieu de la cybercriminalit\u00e9. Cela signifie que les cybercriminels s'emparent d\u00e9j\u00e0 aujourd'hui \u00e0 grande \u00e9chelle de stocks de donn\u00e9es qu'ils ne peuvent pas encore utiliser actuellement en raison du cryptage, mais qu'ils partent du principe qu'ils pourront bient\u00f4t briser le cryptage \u00e0 l'aide de l'informatique quantique et utiliser ensuite les informations.<\/p>\n<p>\u00abIl est donc d'autant plus important de prot\u00e9ger d\u00e8s aujourd'hui le mieux possible les stocks de donn\u00e9es, m\u00eame hautement crypt\u00e9s\u00bb, souligne l'expert en s\u00e9curit\u00e9 James Lee. Une enqu\u00eate r\u00e9cente men\u00e9e par Horizon3.ai aupr\u00e8s de 300 entreprises en Allemagne, en Autriche et en Suisse a r\u00e9v\u00e9l\u00e9 que l'attention port\u00e9e par les entreprises \u00e0 ce danger n'est pas encore tr\u00e8s importante.<\/p>\n<p>Selon ce rapport, seules 14 % des entreprises consid\u00e8rent les attaques bas\u00e9es sur l'informatique quantique comme une menace s\u00e9rieuse. 38 % consid\u00e8rent que la technologie quantique pr\u00e9sente tout de m\u00eame un potentiel de menace mod\u00e9r\u00e9. 40 % consid\u00e8rent cet aspect comme n\u00e9gligeable. Par cons\u00e9quent, l'int\u00e9r\u00eat pour les mesures de protection est faible.<\/p>\n<p>La majorit\u00e9 (52%) des entreprises interrog\u00e9es par Horizon3.ai n'ont jusqu'\u00e0 pr\u00e9sent pris aucune mesure pour crypter leurs donn\u00e9es de mani\u00e8re quantique. 44% n'ont pas l'intention de changer quoi que ce soit \u00e0 l'avenir. 28 % pr\u00e9voient de passer au moins partiellement \u00e0 des m\u00e9thodes de cryptage \u00e0 s\u00e9curit\u00e9 quantique ou ont m\u00eame d\u00e9j\u00e0 pris les premi\u00e8res mesures dans ce sens. 22 % travaillent avec un calendrier fixe pour la transition. Seules 14 % des entreprises ont d\u00e9clar\u00e9 s'\u00eatre d\u00e9j\u00e0 enti\u00e8rement pr\u00e9par\u00e9es au fait que les cybercriminels se serviront \u00e0 l'avenir de la technologie quantique pour pouvoir utiliser les stocks de donn\u00e9es crypt\u00e9es dont ils se sont empar\u00e9s.<\/p>\n<p><em>Source : <a href=\"https:\/\/horizon3.ai\/\">Horizon3.ai<\/a><\/em><\/p>","protected":false},"excerpt":{"rendered":"<p>\u00abHarvest now, decrypt later\u00bb a le vent en poupe dans le milieu de la cybercriminalit\u00e9 : les criminels s'emparent d\u00e8s aujourd'hui de stocks de donn\u00e9es qu'ils ne pourront d\u00e9crypter qu'\u00e0 l'avenir gr\u00e2ce \u00e0 la technologie quantique.<\/p>","protected":false},"author":10,"featured_media":22748,"comment_status":"closed","ping_status":"closed","sticky":false,"template":"","format":"standard","meta":{"_acf_changed":false,"footnotes":""},"categories":[4],"tags":[3560,5512,3326],"class_list":["post-22747","post","type-post","status-publish","format-standard","has-post-thumbnail","hentry","category-risikomanagement","tag-cybersicherheit","tag-quantentechnologie","tag-risikomanagement"],"acf":[],"yoast_head":"<!-- This site is optimized with the Yoast SEO plugin v26.2 - https:\/\/yoast.com\/wordpress\/plugins\/seo\/ -->\n<title>Wirtschaft ist auf Quanten-Kriminalit\u00e4t kaum vorbereitet - MQ Management und Qualit\u00e4t<\/title>\n<meta name=\"description\" content=\"Quanten-Kriminalit\u00e4t: Die Kriminellen erbeuten heute schon Datenbest\u00e4nde, die sie erst k\u00fcnftig mit Quantentechnologie knacken k\u00f6nnen.\" \/>\n<meta name=\"robots\" content=\"index, follow, max-snippet:-1, max-image-preview:large, max-video-preview:-1\" \/>\n<link rel=\"canonical\" href=\"https:\/\/www.m-q.ch\/fr\/leconomie-nest-pas-preparee-a-la-criminalite-quantique\/\" \/>\n<meta property=\"og:locale\" content=\"fr_FR\" \/>\n<meta property=\"og:type\" content=\"article\" \/>\n<meta property=\"og:title\" content=\"Wirtschaft ist auf Quanten-Kriminalit\u00e4t kaum vorbereitet\" \/>\n<meta property=\"og:description\" content=\"Quanten-Kriminalit\u00e4t: Die Kriminellen erbeuten heute schon Datenbest\u00e4nde, die sie erst k\u00fcnftig mit Quantentechnologie knacken k\u00f6nnen.\" \/>\n<meta property=\"og:url\" content=\"https:\/\/www.m-q.ch\/fr\/leconomie-nest-pas-preparee-a-la-criminalite-quantique\/\" \/>\n<meta property=\"og:site_name\" content=\"MQ Management und Qualit\u00e4t\" \/>\n<meta property=\"article:publisher\" content=\"https:\/\/www.facebook.com\/ManagementUndQualitaet\" \/>\n<meta property=\"article:published_time\" content=\"2026-04-28T11:17:56+00:00\" \/>\n<meta property=\"og:image\" content=\"https:\/\/www.m-q.ch\/wp-content\/uploads\/2026\/04\/Wirtschaft-ist-auf-Quanten-Kriminalitaet-kaum-vorbereitet_MQ.jpg\" \/>\n\t<meta property=\"og:image:width\" content=\"680\" \/>\n\t<meta property=\"og:image:height\" content=\"383\" \/>\n\t<meta property=\"og:image:type\" content=\"image\/jpeg\" \/>\n<meta name=\"author\" content=\"Thomas Berner\" \/>\n<meta name=\"twitter:card\" content=\"summary_large_image\" \/>\n<meta name=\"twitter:title\" content=\"Wirtschaft ist auf #Quanten-Kriminalit\u00e4t kaum vorbereitet\" \/>\n<meta name=\"twitter:description\" content=\"#Quanten-Kriminalit\u00e4t: Die Kriminellen erbeuten heute schon #Datenbest\u00e4nde, die sie erst k\u00fcnftig mit #Quantentechnologie knacken k\u00f6nnen.\" \/>\n<meta name=\"twitter:image\" content=\"https:\/\/www.m-q.ch\/wp-content\/uploads\/2026\/04\/Wirtschaft-ist-auf-Quanten-Kriminalitaet-kaum-vorbereitet_MQ.jpg\" \/>\n<meta name=\"twitter:label1\" content=\"\u00c9crit par\" \/>\n\t<meta name=\"twitter:data1\" content=\"Thomas Berner\" \/>\n\t<meta name=\"twitter:label2\" content=\"Dur\u00e9e de lecture estim\u00e9e\" \/>\n\t<meta name=\"twitter:data2\" content=\"3 minutes\" \/>\n<script type=\"application\/ld+json\" class=\"yoast-schema-graph\">{\"@context\":\"https:\/\/schema.org\",\"@graph\":[{\"@type\":\"Article\",\"@id\":\"https:\/\/www.m-q.ch\/wirtschaft-ist-auf-quanten-kriminalitaet-kaum-vorbereitet\/#article\",\"isPartOf\":{\"@id\":\"https:\/\/www.m-q.ch\/wirtschaft-ist-auf-quanten-kriminalitaet-kaum-vorbereitet\/\"},\"author\":{\"name\":\"Thomas Berner\",\"@id\":\"https:\/\/www.m-q.ch\/fr\/#\/schema\/person\/a8711938b1cfb3f056dec70eaa0b42ab\"},\"headline\":\"Wirtschaft ist auf Quanten-Kriminalit\u00e4t kaum vorbereitet\",\"datePublished\":\"2026-04-28T11:17:56+00:00\",\"mainEntityOfPage\":{\"@id\":\"https:\/\/www.m-q.ch\/wirtschaft-ist-auf-quanten-kriminalitaet-kaum-vorbereitet\/\"},\"wordCount\":361,\"publisher\":{\"@id\":\"https:\/\/www.m-q.ch\/fr\/#organization\"},\"image\":{\"@id\":\"https:\/\/www.m-q.ch\/wirtschaft-ist-auf-quanten-kriminalitaet-kaum-vorbereitet\/#primaryimage\"},\"thumbnailUrl\":\"https:\/\/www.m-q.ch\/wp-content\/uploads\/2026\/04\/Wirtschaft-ist-auf-Quanten-Kriminalitaet-kaum-vorbereitet_MQ.jpg\",\"keywords\":[\"Cybersicherheit\",\"Quantentechnologie\",\"Risikomanagement\"],\"articleSection\":[\"Risikomanagement\"],\"inLanguage\":\"fr-FR\"},{\"@type\":\"WebPage\",\"@id\":\"https:\/\/www.m-q.ch\/wirtschaft-ist-auf-quanten-kriminalitaet-kaum-vorbereitet\/\",\"url\":\"https:\/\/www.m-q.ch\/wirtschaft-ist-auf-quanten-kriminalitaet-kaum-vorbereitet\/\",\"name\":\"Wirtschaft ist auf Quanten-Kriminalit\u00e4t kaum vorbereitet - MQ Management und Qualit\u00e4t\",\"isPartOf\":{\"@id\":\"https:\/\/www.m-q.ch\/fr\/#website\"},\"primaryImageOfPage\":{\"@id\":\"https:\/\/www.m-q.ch\/wirtschaft-ist-auf-quanten-kriminalitaet-kaum-vorbereitet\/#primaryimage\"},\"image\":{\"@id\":\"https:\/\/www.m-q.ch\/wirtschaft-ist-auf-quanten-kriminalitaet-kaum-vorbereitet\/#primaryimage\"},\"thumbnailUrl\":\"https:\/\/www.m-q.ch\/wp-content\/uploads\/2026\/04\/Wirtschaft-ist-auf-Quanten-Kriminalitaet-kaum-vorbereitet_MQ.jpg\",\"datePublished\":\"2026-04-28T11:17:56+00:00\",\"description\":\"Quanten-Kriminalit\u00e4t: Die Kriminellen erbeuten heute schon Datenbest\u00e4nde, die sie erst k\u00fcnftig mit Quantentechnologie knacken k\u00f6nnen.\",\"breadcrumb\":{\"@id\":\"https:\/\/www.m-q.ch\/wirtschaft-ist-auf-quanten-kriminalitaet-kaum-vorbereitet\/#breadcrumb\"},\"inLanguage\":\"fr-FR\",\"potentialAction\":[{\"@type\":\"ReadAction\",\"target\":[\"https:\/\/www.m-q.ch\/wirtschaft-ist-auf-quanten-kriminalitaet-kaum-vorbereitet\/\"]}]},{\"@type\":\"ImageObject\",\"inLanguage\":\"fr-FR\",\"@id\":\"https:\/\/www.m-q.ch\/wirtschaft-ist-auf-quanten-kriminalitaet-kaum-vorbereitet\/#primaryimage\",\"url\":\"https:\/\/www.m-q.ch\/wp-content\/uploads\/2026\/04\/Wirtschaft-ist-auf-Quanten-Kriminalitaet-kaum-vorbereitet_MQ.jpg\",\"contentUrl\":\"https:\/\/www.m-q.ch\/wp-content\/uploads\/2026\/04\/Wirtschaft-ist-auf-Quanten-Kriminalitaet-kaum-vorbereitet_MQ.jpg\",\"width\":680,\"height\":383,\"caption\":\"Quantum Computing zeigt erst allm\u00e4hlich die Risiken auf, die dahinterstehen k\u00f6nnen. (Bild: Unsplash.com)\"},{\"@type\":\"BreadcrumbList\",\"@id\":\"https:\/\/www.m-q.ch\/wirtschaft-ist-auf-quanten-kriminalitaet-kaum-vorbereitet\/#breadcrumb\",\"itemListElement\":[{\"@type\":\"ListItem\",\"position\":1,\"name\":\"Risikomanagement\",\"item\":\"https:\/\/www.m-q.ch\/kategorie\/risikomanagement\/\"},{\"@type\":\"ListItem\",\"position\":2,\"name\":\"Wirtschaft ist auf Quanten-Kriminalit\u00e4t kaum vorbereitet\"}]},{\"@type\":\"WebSite\",\"@id\":\"https:\/\/www.m-q.ch\/fr\/#website\",\"url\":\"https:\/\/www.m-q.ch\/fr\/\",\"name\":\"MQ Management und Qualit\u00e4t\",\"description\":\"Plattform f\u00fcr integrierte Managementsysteme.\",\"publisher\":{\"@id\":\"https:\/\/www.m-q.ch\/fr\/#organization\"},\"potentialAction\":[{\"@type\":\"SearchAction\",\"target\":{\"@type\":\"EntryPoint\",\"urlTemplate\":\"https:\/\/www.m-q.ch\/fr\/?s={search_term_string}\"},\"query-input\":{\"@type\":\"PropertyValueSpecification\",\"valueRequired\":true,\"valueName\":\"search_term_string\"}}],\"inLanguage\":\"fr-FR\"},{\"@type\":\"Organization\",\"@id\":\"https:\/\/www.m-q.ch\/fr\/#organization\",\"name\":\"Galledia Fachmedien AG\",\"url\":\"https:\/\/www.m-q.ch\/fr\/\",\"logo\":{\"@type\":\"ImageObject\",\"inLanguage\":\"fr-FR\",\"@id\":\"https:\/\/www.m-q.ch\/fr\/#\/schema\/logo\/image\/\",\"url\":\"https:\/\/www.m-q.ch\/wp-content\/uploads\/2020\/12\/cropped-logo_small.png\",\"contentUrl\":\"https:\/\/www.m-q.ch\/wp-content\/uploads\/2020\/12\/cropped-logo_small.png\",\"width\":512,\"height\":512,\"caption\":\"Galledia Fachmedien AG\"},\"image\":{\"@id\":\"https:\/\/www.m-q.ch\/fr\/#\/schema\/logo\/image\/\"},\"sameAs\":[\"https:\/\/www.facebook.com\/ManagementUndQualitaet\",\"https:\/\/www.linkedin.com\/showcase\/17982321\/admin\/\"]},{\"@type\":\"Person\",\"@id\":\"https:\/\/www.m-q.ch\/fr\/#\/schema\/person\/a8711938b1cfb3f056dec70eaa0b42ab\",\"name\":\"Thomas Berner\",\"image\":{\"@type\":\"ImageObject\",\"inLanguage\":\"fr-FR\",\"@id\":\"https:\/\/www.m-q.ch\/fr\/#\/schema\/person\/image\/\",\"url\":\"https:\/\/secure.gravatar.com\/avatar\/faea7857408f70478f976d576da10f96?s=96&d=mm&r=g\",\"contentUrl\":\"https:\/\/secure.gravatar.com\/avatar\/faea7857408f70478f976d576da10f96?s=96&d=mm&r=g\",\"caption\":\"Thomas Berner\"},\"url\":\"https:\/\/www.m-q.ch\/fr\/author\/thomas-berner\/\"}]}<\/script>\n<!-- \/ Yoast SEO plugin. -->","yoast_head_json":{"title":"L'\u00e9conomie n'est gu\u00e8re pr\u00e9par\u00e9e \u00e0 la criminalit\u00e9 quantique - MQ Management et Qualit\u00e9","description":"Criminalit\u00e9 quantique : les criminels s'emparent d\u00e9j\u00e0 aujourd'hui de stocks de donn\u00e9es qu'ils ne pourront d\u00e9coder qu'\u00e0 l'avenir gr\u00e2ce \u00e0 la technologie quantique.","robots":{"index":"index","follow":"follow","max-snippet":"max-snippet:-1","max-image-preview":"max-image-preview:large","max-video-preview":"max-video-preview:-1"},"canonical":"https:\/\/www.m-q.ch\/fr\/leconomie-nest-pas-preparee-a-la-criminalite-quantique\/","og_locale":"fr_FR","og_type":"article","og_title":"Wirtschaft ist auf Quanten-Kriminalit\u00e4t kaum vorbereitet","og_description":"Quanten-Kriminalit\u00e4t: Die Kriminellen erbeuten heute schon Datenbest\u00e4nde, die sie erst k\u00fcnftig mit Quantentechnologie knacken k\u00f6nnen.","og_url":"https:\/\/www.m-q.ch\/fr\/leconomie-nest-pas-preparee-a-la-criminalite-quantique\/","og_site_name":"MQ Management und Qualit\u00e4t","article_publisher":"https:\/\/www.facebook.com\/ManagementUndQualitaet","article_published_time":"2026-04-28T11:17:56+00:00","og_image":[{"width":680,"height":383,"url":"https:\/\/www.m-q.ch\/wp-content\/uploads\/2026\/04\/Wirtschaft-ist-auf-Quanten-Kriminalitaet-kaum-vorbereitet_MQ.jpg","type":"image\/jpeg"}],"author":"Thomas Berner","twitter_card":"summary_large_image","twitter_title":"Wirtschaft ist auf #Quanten-Kriminalit\u00e4t kaum vorbereitet","twitter_description":"#Quanten-Kriminalit\u00e4t: Die Kriminellen erbeuten heute schon #Datenbest\u00e4nde, die sie erst k\u00fcnftig mit #Quantentechnologie knacken k\u00f6nnen.","twitter_image":"https:\/\/www.m-q.ch\/wp-content\/uploads\/2026\/04\/Wirtschaft-ist-auf-Quanten-Kriminalitaet-kaum-vorbereitet_MQ.jpg","twitter_misc":{"\u00c9crit par":"Thomas Berner","Dur\u00e9e de lecture estim\u00e9e":"3 minutes"},"schema":{"@context":"https:\/\/schema.org","@graph":[{"@type":"Article","@id":"https:\/\/www.m-q.ch\/wirtschaft-ist-auf-quanten-kriminalitaet-kaum-vorbereitet\/#article","isPartOf":{"@id":"https:\/\/www.m-q.ch\/wirtschaft-ist-auf-quanten-kriminalitaet-kaum-vorbereitet\/"},"author":{"name":"Thomas Berner","@id":"https:\/\/www.m-q.ch\/fr\/#\/schema\/person\/a8711938b1cfb3f056dec70eaa0b42ab"},"headline":"Wirtschaft ist auf Quanten-Kriminalit\u00e4t kaum vorbereitet","datePublished":"2026-04-28T11:17:56+00:00","mainEntityOfPage":{"@id":"https:\/\/www.m-q.ch\/wirtschaft-ist-auf-quanten-kriminalitaet-kaum-vorbereitet\/"},"wordCount":361,"publisher":{"@id":"https:\/\/www.m-q.ch\/fr\/#organization"},"image":{"@id":"https:\/\/www.m-q.ch\/wirtschaft-ist-auf-quanten-kriminalitaet-kaum-vorbereitet\/#primaryimage"},"thumbnailUrl":"https:\/\/www.m-q.ch\/wp-content\/uploads\/2026\/04\/Wirtschaft-ist-auf-Quanten-Kriminalitaet-kaum-vorbereitet_MQ.jpg","keywords":["Cybersicherheit","Quantentechnologie","Risikomanagement"],"articleSection":["Risikomanagement"],"inLanguage":"fr-FR"},{"@type":"WebPage","@id":"https:\/\/www.m-q.ch\/wirtschaft-ist-auf-quanten-kriminalitaet-kaum-vorbereitet\/","url":"https:\/\/www.m-q.ch\/wirtschaft-ist-auf-quanten-kriminalitaet-kaum-vorbereitet\/","name":"L'\u00e9conomie n'est gu\u00e8re pr\u00e9par\u00e9e \u00e0 la criminalit\u00e9 quantique - MQ Management et Qualit\u00e9","isPartOf":{"@id":"https:\/\/www.m-q.ch\/fr\/#website"},"primaryImageOfPage":{"@id":"https:\/\/www.m-q.ch\/wirtschaft-ist-auf-quanten-kriminalitaet-kaum-vorbereitet\/#primaryimage"},"image":{"@id":"https:\/\/www.m-q.ch\/wirtschaft-ist-auf-quanten-kriminalitaet-kaum-vorbereitet\/#primaryimage"},"thumbnailUrl":"https:\/\/www.m-q.ch\/wp-content\/uploads\/2026\/04\/Wirtschaft-ist-auf-Quanten-Kriminalitaet-kaum-vorbereitet_MQ.jpg","datePublished":"2026-04-28T11:17:56+00:00","description":"Criminalit\u00e9 quantique : les criminels s'emparent d\u00e9j\u00e0 aujourd'hui de stocks de donn\u00e9es qu'ils ne pourront d\u00e9coder qu'\u00e0 l'avenir gr\u00e2ce \u00e0 la technologie quantique.","breadcrumb":{"@id":"https:\/\/www.m-q.ch\/wirtschaft-ist-auf-quanten-kriminalitaet-kaum-vorbereitet\/#breadcrumb"},"inLanguage":"fr-FR","potentialAction":[{"@type":"ReadAction","target":["https:\/\/www.m-q.ch\/wirtschaft-ist-auf-quanten-kriminalitaet-kaum-vorbereitet\/"]}]},{"@type":"ImageObject","inLanguage":"fr-FR","@id":"https:\/\/www.m-q.ch\/wirtschaft-ist-auf-quanten-kriminalitaet-kaum-vorbereitet\/#primaryimage","url":"https:\/\/www.m-q.ch\/wp-content\/uploads\/2026\/04\/Wirtschaft-ist-auf-Quanten-Kriminalitaet-kaum-vorbereitet_MQ.jpg","contentUrl":"https:\/\/www.m-q.ch\/wp-content\/uploads\/2026\/04\/Wirtschaft-ist-auf-Quanten-Kriminalitaet-kaum-vorbereitet_MQ.jpg","width":680,"height":383,"caption":"Quantum Computing zeigt erst allm\u00e4hlich die Risiken auf, die dahinterstehen k\u00f6nnen. (Bild: Unsplash.com)"},{"@type":"BreadcrumbList","@id":"https:\/\/www.m-q.ch\/wirtschaft-ist-auf-quanten-kriminalitaet-kaum-vorbereitet\/#breadcrumb","itemListElement":[{"@type":"ListItem","position":1,"name":"Risikomanagement","item":"https:\/\/www.m-q.ch\/kategorie\/risikomanagement\/"},{"@type":"ListItem","position":2,"name":"Wirtschaft ist auf Quanten-Kriminalit\u00e4t kaum vorbereitet"}]},{"@type":"WebSite","@id":"https:\/\/www.m-q.ch\/fr\/#website","url":"https:\/\/www.m-q.ch\/fr\/","name":"Gestion et qualit\u00e9 du QM","description":"Plate-forme pour les syst\u00e8mes de gestion int\u00e9gr\u00e9e.","publisher":{"@id":"https:\/\/www.m-q.ch\/fr\/#organization"},"potentialAction":[{"@type":"SearchAction","target":{"@type":"EntryPoint","urlTemplate":"https:\/\/www.m-q.ch\/fr\/?s={search_term_string}"},"query-input":{"@type":"PropertyValueSpecification","valueRequired":true,"valueName":"search_term_string"}}],"inLanguage":"fr-FR"},{"@type":"Organization","@id":"https:\/\/www.m-q.ch\/fr\/#organization","name":"Galledia Trade Media AG","url":"https:\/\/www.m-q.ch\/fr\/","logo":{"@type":"ImageObject","inLanguage":"fr-FR","@id":"https:\/\/www.m-q.ch\/fr\/#\/schema\/logo\/image\/","url":"https:\/\/www.m-q.ch\/wp-content\/uploads\/2020\/12\/cropped-logo_small.png","contentUrl":"https:\/\/www.m-q.ch\/wp-content\/uploads\/2020\/12\/cropped-logo_small.png","width":512,"height":512,"caption":"Galledia Fachmedien AG"},"image":{"@id":"https:\/\/www.m-q.ch\/fr\/#\/schema\/logo\/image\/"},"sameAs":["https:\/\/www.facebook.com\/ManagementUndQualitaet","https:\/\/www.linkedin.com\/showcase\/17982321\/admin\/"]},{"@type":"Person","@id":"https:\/\/www.m-q.ch\/fr\/#\/schema\/person\/a8711938b1cfb3f056dec70eaa0b42ab","name":"Thomas Berner","image":{"@type":"ImageObject","inLanguage":"fr-FR","@id":"https:\/\/www.m-q.ch\/fr\/#\/schema\/person\/image\/","url":"https:\/\/secure.gravatar.com\/avatar\/faea7857408f70478f976d576da10f96?s=96&d=mm&r=g","contentUrl":"https:\/\/secure.gravatar.com\/avatar\/faea7857408f70478f976d576da10f96?s=96&d=mm&r=g","caption":"Thomas Berner"},"url":"https:\/\/www.m-q.ch\/fr\/author\/thomas-berner\/"}]}},"_links":{"self":[{"href":"https:\/\/www.m-q.ch\/fr\/wp-json\/wp\/v2\/posts\/22747","targetHints":{"allow":["GET"]}}],"collection":[{"href":"https:\/\/www.m-q.ch\/fr\/wp-json\/wp\/v2\/posts"}],"about":[{"href":"https:\/\/www.m-q.ch\/fr\/wp-json\/wp\/v2\/types\/post"}],"author":[{"embeddable":true,"href":"https:\/\/www.m-q.ch\/fr\/wp-json\/wp\/v2\/users\/10"}],"replies":[{"embeddable":true,"href":"https:\/\/www.m-q.ch\/fr\/wp-json\/wp\/v2\/comments?post=22747"}],"version-history":[{"count":1,"href":"https:\/\/www.m-q.ch\/fr\/wp-json\/wp\/v2\/posts\/22747\/revisions"}],"predecessor-version":[{"id":22749,"href":"https:\/\/www.m-q.ch\/fr\/wp-json\/wp\/v2\/posts\/22747\/revisions\/22749"}],"wp:featuredmedia":[{"embeddable":true,"href":"https:\/\/www.m-q.ch\/fr\/wp-json\/wp\/v2\/media\/22748"}],"wp:attachment":[{"href":"https:\/\/www.m-q.ch\/fr\/wp-json\/wp\/v2\/media?parent=22747"}],"wp:term":[{"taxonomy":"category","embeddable":true,"href":"https:\/\/www.m-q.ch\/fr\/wp-json\/wp\/v2\/categories?post=22747"},{"taxonomy":"post_tag","embeddable":true,"href":"https:\/\/www.m-q.ch\/fr\/wp-json\/wp\/v2\/tags?post=22747"}],"curies":[{"name":"wp","href":"https:\/\/api.w.org\/{rel}","templated":true}]}}