{"id":260,"date":"2015-12-08T16:30:20","date_gmt":"2015-12-08T15:30:20","guid":{"rendered":"http:\/\/dev.m-q.ch\/?p=260"},"modified":"2017-02-23T11:00:01","modified_gmt":"2017-02-23T10:00:01","slug":"esprix-forum-2016-excellent-why-not","status":"publish","type":"post","link":"https:\/\/www.m-q.ch\/fr\/esprix-forum-2016-excellent-why-not\/","title":{"rendered":"Forum ESPRIX 2016 : \"Excellent - pourquoi pas !"},"content":{"rendered":"<p><a href=\"https:\/\/m-q.ch\/wp-content\/uploads\/2016\/12\/ESPRIX-Forum-2016-Excellent-management-und-qualitaet.jpg\"><img loading=\"lazy\" decoding=\"async\" class=\"alignnone wp-image-113 size-full\" src=\"https:\/\/www.m-q.ch\/wp-content\/uploads\/2016\/12\/ESPRIX-Forum-2016-Excellent-management-und-qualitaet.jpg\" width=\"340\" height=\"148\" srcset=\"https:\/\/www.m-q.ch\/wp-content\/uploads\/2016\/12\/ESPRIX-Forum-2016-Excellent-management-und-qualitaet.jpg 340w, https:\/\/www.m-q.ch\/wp-content\/uploads\/2016\/12\/ESPRIX-Forum-2016-Excellent-management-und-qualitaet-16x7.jpg 16w, https:\/\/www.m-q.ch\/wp-content\/uploads\/2016\/12\/ESPRIX-Forum-2016-Excellent-management-und-qualitaet-300x131.jpg 300w\" sizes=\"auto, (max-width: 340px) 100vw, 340px\" \/><\/a><\/p>\n<p>Ceux qui visent la perfection peuvent atteindre l'excellence. En m\u00eame temps, il n'y a pas de solution miracle. C'est pourquoi, au Forum ESPRIX, d'excellents orateurs abordent toujours le th\u00e8me de l'\"excellence\" dans le contexte de l'\u00e9conomie et de la soci\u00e9t\u00e9 suisses.  Les orateurs principaux suivants, entre autres, ont \u00e9t\u00e9 retenus pour le prochain forum :<\/p>\n<p><em>Katrin Theodoli<\/em><\/p>\n<p>\"Le succ\u00e8s n'est pas une question de sexe, mais de passion\", telle est la maxime de Katrin Theodoli, propri\u00e9taire de Magnum Marine, le constructeur des yachts de luxe probablement les plus chers, les plus \u00e9l\u00e9gants et les plus rapides.<\/p>\n<p><em>Cristi\u00e1n G\u00e1lvez<\/em><\/p>\n<p>Expert en personnalit\u00e9, motivation, effet : il montrera au public que derri\u00e8re chaque excellente histoire de r\u00e9ussite, il y a des mod\u00e8les et des structures du parcours du soi-disant h\u00e9ros.<\/p>\n<p><em>Raul Krauthausen<\/em><\/p>\n<p>fondateur de la campagne \"H\u00e9ros sociaux\", va, comme annonc\u00e9, \"briser les barri\u00e8res\" et \"le faire tout simplement\". Il souffre de la maladie dite des os fragiles et est d\u00e9pendant d'un fauteuil roulant.<\/p>\n<p><em>Sabine Holbrook<\/em><\/p>\n<p>Le \"pouvoir de l'excellence\" sera le fil conducteur de la pr\u00e9sentation de M. von. Pour le coureur de la classe Superbike - un domaine masculin classique - il n'y a qu'une seule chose pour elle : \"Plein gaz\".<\/p>\n<p><strong>Les cinq finalistes<\/strong><\/p>\n<p>En termes d'excellence commerciale, les cinq finalistes de cette ann\u00e9e pour le prix suisse d'excellence ESPRIX sont \u00e9galement impressionnants. Ils le sont :<\/p>\n<ul>\n<li>La succursale de BMW Zurich Dielsdorf, une division de BMW (Schweiz) AG. - Leur vision : \"Nous transformons les clients en fans et les fans en clients\".<\/li>\n<\/ul>\n<ul>\n<li>Haute \u00e9cole sp\u00e9cialis\u00e9e de Lucerne : Il s'agit de la haute \u00e9cole sp\u00e9cialis\u00e9e des six cantons de Suisse centrale. - Environ 5900 \u00e9tudiants y obtiennent une licence ou une ma\u00eetrise, et un peu moins de 4400 suivent une formation compl\u00e9mentaire.<\/li>\n<\/ul>\n<ul>\n<li>\u00a0\u00c9cole professionnelle de Coire (GBC). - Il offre aux jeunes dipl\u00f4m\u00e9s de l'\u00e9cole \u00e9l\u00e9mentaire une formation professionnelle de base dans le cadre du syst\u00e8me d'enseignement dual. \"L'orientation client\" est la maxime principale de l'entreprise.<\/li>\n<\/ul>\n<ul>\n<li>Formation des cadres sup\u00e9rieurs des forces arm\u00e9es (HKA). - La formation des cadres sup\u00e9rieurs est le principal fournisseur reconnu pour la formation des cadres de la milice \u00e0 la direction et \u00e0 l'\u00e9tat-major, ainsi que pour la formation des officiers et sous-officiers professionnels dans les forces arm\u00e9es.<\/li>\n<\/ul>\n<ul>\n<li>CKW Conex. - CKW Conex AG est une filiale \u00e0 part enti\u00e8re de la Centralschweizerische Kraftwerke AG et, avec 550 employ\u00e9s, est un prestataire de services de premier plan dans le domaine de la technologie du b\u00e2timent.<\/li>\n<\/ul>\n<p>Les PDG des entreprises nomin\u00e9es participeront au CEO Excellence Talk et donneront un aper\u00e7u de leurs recettes de succ\u00e8s. L'\u00e9v\u00e9nement sera anim\u00e9 par la c\u00e9l\u00e8bre pr\u00e9sentatrice de t\u00e9l\u00e9vision, chanteuse et artiste musicale Sandra Studer.<\/p>\n<p><em>\u00c9tablissez des contacts inspirants et vivez un \u00e9change revigorant de connaissances et d'exp\u00e9riences. Inscrivez-vous maintenant (prix 750,00 CHF, hors TVA 8 % ; date limite d'inscription 12 f\u00e9vrier 2016) \u00e0<\/em><\/p>\n<p><a href=\"http:\/\/www.esprixforum.ch\" target=\"_blank\" data-cke-saved-href=\"http:\/\/www.esprixforum.ch\">www.esprixforum.ch<\/a><\/p>","protected":false},"excerpt":{"rendered":"<p>Wer Perfektion anstrebt, kann Exzellenz erreichen. Gleichwohl gibt es nicht den K\u00f6nigsweg hierf\u00fcr. Am ESPRIX Forum thematisieren deswegen immer sehr gute Referenten \u201eExzellenz\u201c im Kontext der Schweizer Wirtschaft und Gesellschaft.\u00a0 F\u00fcrs kommende Forum konnten unter anderem diese Hauptredner gewonnen werden: Katrin Theodoli \u201eErfolg ist keine Frage des Geschlechts, sondern der Leidenschaft!\u201c, dies ist die Maxime [&hellip;]<\/p>\n","protected":false},"author":1,"featured_media":0,"comment_status":"open","ping_status":"open","sticky":false,"template":"","format":"standard","meta":{"_acf_changed":false,"footnotes":""},"categories":[5],"tags":[3328],"class_list":["post-260","post","type-post","status-publish","format-standard","hentry","category-business_excellence","tag-business-excellence"],"acf":[],"yoast_head":"<!-- This site is optimized with the Yoast SEO plugin v26.2 - https:\/\/yoast.com\/wordpress\/plugins\/seo\/ -->\n<title>ESPRIX Forum 2016: \u201eExcellent \u2013 why not!\u201c - MQ Management und Qualit\u00e4t<\/title>\n<meta name=\"description\" content=\"Am 10. M\u00e4rz 2016 findet einmal mehr das ESPRIX Forum f\u00fcr Excellence in Luzern statt.\" \/>\n<meta name=\"robots\" content=\"index, follow, max-snippet:-1, max-image-preview:large, max-video-preview:-1\" \/>\n<link rel=\"canonical\" href=\"https:\/\/www.m-q.ch\/fr\/esprix-forum-2016-excellent-why-not\/\" \/>\n<meta property=\"og:locale\" content=\"fr_FR\" \/>\n<meta property=\"og:type\" content=\"article\" \/>\n<meta property=\"og:title\" content=\"ESPRIX Forum 2016: \u201eExcellent \u2013 why not!\u201c\" \/>\n<meta property=\"og:description\" content=\"Am 10. M\u00e4rz 2016 findet einmal mehr das ESPRIX Forum f\u00fcr Excellence in Luzern statt. Namhafte Referenten aus Wirtschaft und Gesellschaft, nicht zuletzt die Verleihung des ESPRIX Swiss Award for Excellence 2016 bilden die Fixpunkte des Programms, welches im KKL Luzern pr\u00e4sentiert wird.\" \/>\n<meta property=\"og:url\" content=\"https:\/\/www.m-q.ch\/fr\/esprix-forum-2016-excellent-why-not\/\" \/>\n<meta property=\"og:site_name\" content=\"MQ Management und Qualit\u00e4t\" \/>\n<meta property=\"article:publisher\" content=\"https:\/\/www.facebook.com\/ManagementUndQualitaet\" \/>\n<meta property=\"article:published_time\" content=\"2015-12-08T15:30:20+00:00\" \/>\n<meta property=\"article:modified_time\" content=\"2017-02-23T10:00:01+00:00\" \/>\n<meta property=\"og:image\" content=\"https:\/\/www.m-q.ch\/wp-content\/uploads\/2016\/12\/ESPRIX-Forum-2016-Excellent-management-und-qualitaet.jpg\" \/>\n<meta name=\"author\" content=\"galledia\" \/>\n<meta name=\"twitter:card\" content=\"summary_large_image\" \/>\n<meta name=\"twitter:label1\" content=\"\u00c9crit par\" \/>\n\t<meta name=\"twitter:data1\" content=\"galledia\" \/>\n\t<meta name=\"twitter:label2\" content=\"Dur\u00e9e de lecture estim\u00e9e\" \/>\n\t<meta name=\"twitter:data2\" content=\"2 minutes\" \/>\n<script type=\"application\/ld+json\" class=\"yoast-schema-graph\">{\"@context\":\"https:\/\/schema.org\",\"@graph\":[{\"@type\":\"Article\",\"@id\":\"https:\/\/www.m-q.ch\/esprix-forum-2016-excellent-why-not\/#article\",\"isPartOf\":{\"@id\":\"https:\/\/www.m-q.ch\/esprix-forum-2016-excellent-why-not\/\"},\"author\":{\"name\":\"galledia\",\"@id\":\"https:\/\/www.m-q.ch\/fr\/#\/schema\/person\/c0139a2c55a374db6df2cde78ec87148\"},\"headline\":\"ESPRIX Forum 2016: \u201eExcellent \u2013 why not!\u201c\",\"datePublished\":\"2015-12-08T15:30:20+00:00\",\"dateModified\":\"2017-02-23T10:00:01+00:00\",\"mainEntityOfPage\":{\"@id\":\"https:\/\/www.m-q.ch\/esprix-forum-2016-excellent-why-not\/\"},\"wordCount\":399,\"commentCount\":0,\"publisher\":{\"@id\":\"https:\/\/www.m-q.ch\/fr\/#organization\"},\"image\":{\"@id\":\"https:\/\/www.m-q.ch\/esprix-forum-2016-excellent-why-not\/#primaryimage\"},\"thumbnailUrl\":\"https:\/\/www.m-q.ch\/wp-content\/uploads\/2016\/12\/ESPRIX-Forum-2016-Excellent-management-und-qualitaet.jpg\",\"keywords\":[\"Business Excellence\"],\"articleSection\":[\"Business Excellence\"],\"inLanguage\":\"fr-FR\"},{\"@type\":\"WebPage\",\"@id\":\"https:\/\/www.m-q.ch\/esprix-forum-2016-excellent-why-not\/\",\"url\":\"https:\/\/www.m-q.ch\/esprix-forum-2016-excellent-why-not\/\",\"name\":\"ESPRIX Forum 2016: \u201eExcellent \u2013 why not!\u201c - MQ Management und Qualit\u00e4t\",\"isPartOf\":{\"@id\":\"https:\/\/www.m-q.ch\/fr\/#website\"},\"primaryImageOfPage\":{\"@id\":\"https:\/\/www.m-q.ch\/esprix-forum-2016-excellent-why-not\/#primaryimage\"},\"image\":{\"@id\":\"https:\/\/www.m-q.ch\/esprix-forum-2016-excellent-why-not\/#primaryimage\"},\"thumbnailUrl\":\"https:\/\/www.m-q.ch\/wp-content\/uploads\/2016\/12\/ESPRIX-Forum-2016-Excellent-management-und-qualitaet.jpg\",\"datePublished\":\"2015-12-08T15:30:20+00:00\",\"dateModified\":\"2017-02-23T10:00:01+00:00\",\"description\":\"Am 10. M\u00e4rz 2016 findet einmal mehr das ESPRIX Forum f\u00fcr Excellence in Luzern statt.\",\"breadcrumb\":{\"@id\":\"https:\/\/www.m-q.ch\/esprix-forum-2016-excellent-why-not\/#breadcrumb\"},\"inLanguage\":\"fr-FR\",\"potentialAction\":[{\"@type\":\"ReadAction\",\"target\":[\"https:\/\/www.m-q.ch\/esprix-forum-2016-excellent-why-not\/\"]}]},{\"@type\":\"ImageObject\",\"inLanguage\":\"fr-FR\",\"@id\":\"https:\/\/www.m-q.ch\/esprix-forum-2016-excellent-why-not\/#primaryimage\",\"url\":\"https:\/\/www.m-q.ch\/wp-content\/uploads\/2016\/12\/ESPRIX-Forum-2016-Excellent-management-und-qualitaet.jpg\",\"contentUrl\":\"https:\/\/www.m-q.ch\/wp-content\/uploads\/2016\/12\/ESPRIX-Forum-2016-Excellent-management-und-qualitaet.jpg\"},{\"@type\":\"BreadcrumbList\",\"@id\":\"https:\/\/www.m-q.ch\/esprix-forum-2016-excellent-why-not\/#breadcrumb\",\"itemListElement\":[{\"@type\":\"ListItem\",\"position\":1,\"name\":\"Business Excellence\",\"item\":\"https:\/\/www.m-q.ch\/kategorie\/business_excellence\/\"},{\"@type\":\"ListItem\",\"position\":2,\"name\":\"ESPRIX Forum 2016: \u201eExcellent \u2013 why not!\u201c\"}]},{\"@type\":\"WebSite\",\"@id\":\"https:\/\/www.m-q.ch\/fr\/#website\",\"url\":\"https:\/\/www.m-q.ch\/fr\/\",\"name\":\"MQ Management und Qualit\u00e4t\",\"description\":\"Plattform f\u00fcr integrierte Managementsysteme.\",\"publisher\":{\"@id\":\"https:\/\/www.m-q.ch\/fr\/#organization\"},\"potentialAction\":[{\"@type\":\"SearchAction\",\"target\":{\"@type\":\"EntryPoint\",\"urlTemplate\":\"https:\/\/www.m-q.ch\/fr\/?s={search_term_string}\"},\"query-input\":{\"@type\":\"PropertyValueSpecification\",\"valueRequired\":true,\"valueName\":\"search_term_string\"}}],\"inLanguage\":\"fr-FR\"},{\"@type\":\"Organization\",\"@id\":\"https:\/\/www.m-q.ch\/fr\/#organization\",\"name\":\"Galledia Fachmedien AG\",\"url\":\"https:\/\/www.m-q.ch\/fr\/\",\"logo\":{\"@type\":\"ImageObject\",\"inLanguage\":\"fr-FR\",\"@id\":\"https:\/\/www.m-q.ch\/fr\/#\/schema\/logo\/image\/\",\"url\":\"https:\/\/www.m-q.ch\/wp-content\/uploads\/2020\/12\/cropped-logo_small.png\",\"contentUrl\":\"https:\/\/www.m-q.ch\/wp-content\/uploads\/2020\/12\/cropped-logo_small.png\",\"width\":512,\"height\":512,\"caption\":\"Galledia Fachmedien AG\"},\"image\":{\"@id\":\"https:\/\/www.m-q.ch\/fr\/#\/schema\/logo\/image\/\"},\"sameAs\":[\"https:\/\/www.facebook.com\/ManagementUndQualitaet\",\"https:\/\/www.linkedin.com\/showcase\/17982321\/admin\/\"]},{\"@type\":\"Person\",\"@id\":\"https:\/\/www.m-q.ch\/fr\/#\/schema\/person\/c0139a2c55a374db6df2cde78ec87148\",\"name\":\"galledia\",\"image\":{\"@type\":\"ImageObject\",\"inLanguage\":\"fr-FR\",\"@id\":\"https:\/\/www.m-q.ch\/fr\/#\/schema\/person\/image\/\",\"url\":\"https:\/\/secure.gravatar.com\/avatar\/66edf527eac29e9a5eb25bcada01f61a?s=96&d=mm&r=g\",\"contentUrl\":\"https:\/\/secure.gravatar.com\/avatar\/66edf527eac29e9a5eb25bcada01f61a?s=96&d=mm&r=g\",\"caption\":\"galledia\"},\"url\":\"https:\/\/www.m-q.ch\/fr\/author\/galledia\/\"}]}<\/script>\n<!-- \/ Yoast SEO plugin. -->","yoast_head_json":{"title":"Forum ESPRIX 2016 : \"Excellent - pourquoi pas ! - Gestion et qualit\u00e9 du QM","description":"Le 10 mars 2016, le Forum ESPRIX pour l'excellence aura de nouveau lieu \u00e0 Lucerne.","robots":{"index":"index","follow":"follow","max-snippet":"max-snippet:-1","max-image-preview":"max-image-preview:large","max-video-preview":"max-video-preview:-1"},"canonical":"https:\/\/www.m-q.ch\/fr\/esprix-forum-2016-excellent-why-not\/","og_locale":"fr_FR","og_type":"article","og_title":"ESPRIX Forum 2016: \u201eExcellent \u2013 why not!\u201c","og_description":"Am 10. M\u00e4rz 2016 findet einmal mehr das ESPRIX Forum f\u00fcr Excellence in Luzern statt. Namhafte Referenten aus Wirtschaft und Gesellschaft, nicht zuletzt die Verleihung des ESPRIX Swiss Award for Excellence 2016 bilden die Fixpunkte des Programms, welches im KKL Luzern pr\u00e4sentiert wird.","og_url":"https:\/\/www.m-q.ch\/fr\/esprix-forum-2016-excellent-why-not\/","og_site_name":"MQ Management und Qualit\u00e4t","article_publisher":"https:\/\/www.facebook.com\/ManagementUndQualitaet","article_published_time":"2015-12-08T15:30:20+00:00","article_modified_time":"2017-02-23T10:00:01+00:00","og_image":[{"url":"https:\/\/www.m-q.ch\/wp-content\/uploads\/2016\/12\/ESPRIX-Forum-2016-Excellent-management-und-qualitaet.jpg","type":"","width":"","height":""}],"author":"galledia","twitter_card":"summary_large_image","twitter_misc":{"\u00c9crit par":"galledia","Dur\u00e9e de lecture estim\u00e9e":"2 minutes"},"schema":{"@context":"https:\/\/schema.org","@graph":[{"@type":"Article","@id":"https:\/\/www.m-q.ch\/esprix-forum-2016-excellent-why-not\/#article","isPartOf":{"@id":"https:\/\/www.m-q.ch\/esprix-forum-2016-excellent-why-not\/"},"author":{"name":"galledia","@id":"https:\/\/www.m-q.ch\/fr\/#\/schema\/person\/c0139a2c55a374db6df2cde78ec87148"},"headline":"ESPRIX Forum 2016: \u201eExcellent \u2013 why not!\u201c","datePublished":"2015-12-08T15:30:20+00:00","dateModified":"2017-02-23T10:00:01+00:00","mainEntityOfPage":{"@id":"https:\/\/www.m-q.ch\/esprix-forum-2016-excellent-why-not\/"},"wordCount":399,"commentCount":0,"publisher":{"@id":"https:\/\/www.m-q.ch\/fr\/#organization"},"image":{"@id":"https:\/\/www.m-q.ch\/esprix-forum-2016-excellent-why-not\/#primaryimage"},"thumbnailUrl":"https:\/\/www.m-q.ch\/wp-content\/uploads\/2016\/12\/ESPRIX-Forum-2016-Excellent-management-und-qualitaet.jpg","keywords":["Business Excellence"],"articleSection":["Business Excellence"],"inLanguage":"fr-FR"},{"@type":"WebPage","@id":"https:\/\/www.m-q.ch\/esprix-forum-2016-excellent-why-not\/","url":"https:\/\/www.m-q.ch\/esprix-forum-2016-excellent-why-not\/","name":"Forum ESPRIX 2016 : \"Excellent - pourquoi pas ! - Gestion et qualit\u00e9 du QM","isPartOf":{"@id":"https:\/\/www.m-q.ch\/fr\/#website"},"primaryImageOfPage":{"@id":"https:\/\/www.m-q.ch\/esprix-forum-2016-excellent-why-not\/#primaryimage"},"image":{"@id":"https:\/\/www.m-q.ch\/esprix-forum-2016-excellent-why-not\/#primaryimage"},"thumbnailUrl":"https:\/\/www.m-q.ch\/wp-content\/uploads\/2016\/12\/ESPRIX-Forum-2016-Excellent-management-und-qualitaet.jpg","datePublished":"2015-12-08T15:30:20+00:00","dateModified":"2017-02-23T10:00:01+00:00","description":"Le 10 mars 2016, le Forum ESPRIX pour l'excellence aura de nouveau lieu \u00e0 Lucerne.","breadcrumb":{"@id":"https:\/\/www.m-q.ch\/esprix-forum-2016-excellent-why-not\/#breadcrumb"},"inLanguage":"fr-FR","potentialAction":[{"@type":"ReadAction","target":["https:\/\/www.m-q.ch\/esprix-forum-2016-excellent-why-not\/"]}]},{"@type":"ImageObject","inLanguage":"fr-FR","@id":"https:\/\/www.m-q.ch\/esprix-forum-2016-excellent-why-not\/#primaryimage","url":"https:\/\/www.m-q.ch\/wp-content\/uploads\/2016\/12\/ESPRIX-Forum-2016-Excellent-management-und-qualitaet.jpg","contentUrl":"https:\/\/www.m-q.ch\/wp-content\/uploads\/2016\/12\/ESPRIX-Forum-2016-Excellent-management-und-qualitaet.jpg"},{"@type":"BreadcrumbList","@id":"https:\/\/www.m-q.ch\/esprix-forum-2016-excellent-why-not\/#breadcrumb","itemListElement":[{"@type":"ListItem","position":1,"name":"Business Excellence","item":"https:\/\/www.m-q.ch\/kategorie\/business_excellence\/"},{"@type":"ListItem","position":2,"name":"ESPRIX Forum 2016: \u201eExcellent \u2013 why not!\u201c"}]},{"@type":"WebSite","@id":"https:\/\/www.m-q.ch\/fr\/#website","url":"https:\/\/www.m-q.ch\/fr\/","name":"Gestion et qualit\u00e9 du QM","description":"Plate-forme pour les syst\u00e8mes de gestion int\u00e9gr\u00e9e.","publisher":{"@id":"https:\/\/www.m-q.ch\/fr\/#organization"},"potentialAction":[{"@type":"SearchAction","target":{"@type":"EntryPoint","urlTemplate":"https:\/\/www.m-q.ch\/fr\/?s={search_term_string}"},"query-input":{"@type":"PropertyValueSpecification","valueRequired":true,"valueName":"search_term_string"}}],"inLanguage":"fr-FR"},{"@type":"Organization","@id":"https:\/\/www.m-q.ch\/fr\/#organization","name":"Galledia Trade Media AG","url":"https:\/\/www.m-q.ch\/fr\/","logo":{"@type":"ImageObject","inLanguage":"fr-FR","@id":"https:\/\/www.m-q.ch\/fr\/#\/schema\/logo\/image\/","url":"https:\/\/www.m-q.ch\/wp-content\/uploads\/2020\/12\/cropped-logo_small.png","contentUrl":"https:\/\/www.m-q.ch\/wp-content\/uploads\/2020\/12\/cropped-logo_small.png","width":512,"height":512,"caption":"Galledia Fachmedien AG"},"image":{"@id":"https:\/\/www.m-q.ch\/fr\/#\/schema\/logo\/image\/"},"sameAs":["https:\/\/www.facebook.com\/ManagementUndQualitaet","https:\/\/www.linkedin.com\/showcase\/17982321\/admin\/"]},{"@type":"Person","@id":"https:\/\/www.m-q.ch\/fr\/#\/schema\/person\/c0139a2c55a374db6df2cde78ec87148","name":"galledia","image":{"@type":"ImageObject","inLanguage":"fr-FR","@id":"https:\/\/www.m-q.ch\/fr\/#\/schema\/person\/image\/","url":"https:\/\/secure.gravatar.com\/avatar\/66edf527eac29e9a5eb25bcada01f61a?s=96&d=mm&r=g","contentUrl":"https:\/\/secure.gravatar.com\/avatar\/66edf527eac29e9a5eb25bcada01f61a?s=96&d=mm&r=g","caption":"galledia"},"url":"https:\/\/www.m-q.ch\/fr\/author\/galledia\/"}]}},"_links":{"self":[{"href":"https:\/\/www.m-q.ch\/fr\/wp-json\/wp\/v2\/posts\/260","targetHints":{"allow":["GET"]}}],"collection":[{"href":"https:\/\/www.m-q.ch\/fr\/wp-json\/wp\/v2\/posts"}],"about":[{"href":"https:\/\/www.m-q.ch\/fr\/wp-json\/wp\/v2\/types\/post"}],"author":[{"embeddable":true,"href":"https:\/\/www.m-q.ch\/fr\/wp-json\/wp\/v2\/users\/1"}],"replies":[{"embeddable":true,"href":"https:\/\/www.m-q.ch\/fr\/wp-json\/wp\/v2\/comments?post=260"}],"version-history":[{"count":3,"href":"https:\/\/www.m-q.ch\/fr\/wp-json\/wp\/v2\/posts\/260\/revisions"}],"predecessor-version":[{"id":931,"href":"https:\/\/www.m-q.ch\/fr\/wp-json\/wp\/v2\/posts\/260\/revisions\/931"}],"wp:attachment":[{"href":"https:\/\/www.m-q.ch\/fr\/wp-json\/wp\/v2\/media?parent=260"}],"wp:term":[{"taxonomy":"category","embeddable":true,"href":"https:\/\/www.m-q.ch\/fr\/wp-json\/wp\/v2\/categories?post=260"},{"taxonomy":"post_tag","embeddable":true,"href":"https:\/\/www.m-q.ch\/fr\/wp-json\/wp\/v2\/tags?post=260"}],"curies":[{"name":"wp","href":"https:\/\/api.w.org\/{rel}","templated":true}]}}