{"id":276,"date":"2015-12-20T16:41:56","date_gmt":"2015-12-20T15:41:56","guid":{"rendered":"http:\/\/dev.m-q.ch\/?p=276"},"modified":"2017-03-01T16:02:44","modified_gmt":"2017-03-01T15:02:44","slug":"creation-de-linstitut-suisse-pour-la-communication-de-crise","status":"publish","type":"post","link":"https:\/\/www.m-q.ch\/fr\/schweizer-institut-fuer-krisenkommunikation-gegruendet\/","title":{"rendered":"Cr\u00e9ation de l'Institut suisse pour la communication de crise"},"content":{"rendered":"<figure id=\"attachment_214\" aria-describedby=\"caption-attachment-214\" style=\"width: 680px\" class=\"wp-caption alignnone\"><a href=\"https:\/\/m-q.ch\/wp-content\/uploads\/2016\/12\/Schweizer-Institut-f\u00fcr-Krisenkommunikation-gegr\u00fcndet-management-und-qualitaet.jpg\"><img loading=\"lazy\" decoding=\"async\" class=\"wp-image-214 size-medium\" src=\"https:\/\/www.m-q.ch\/wp-content\/uploads\/2016\/12\/Schweizer-Institut-f\u00fcr-Krisenkommunikation-gegr\u00fcndet-management-und-qualitaet-680x483.jpg\" width=\"680\" height=\"483\" srcset=\"https:\/\/www.m-q.ch\/wp-content\/uploads\/2016\/12\/Schweizer-Institut-f\u00fcr-Krisenkommunikation-gegr\u00fcndet-management-und-qualitaet-680x483.jpg 680w, https:\/\/www.m-q.ch\/wp-content\/uploads\/2016\/12\/Schweizer-Institut-f\u00fcr-Krisenkommunikation-gegr\u00fcndet-management-und-qualitaet-768x546.jpg 768w, https:\/\/www.m-q.ch\/wp-content\/uploads\/2016\/12\/Schweizer-Institut-f\u00fcr-Krisenkommunikation-gegr\u00fcndet-management-und-qualitaet-16x12.jpg 16w, https:\/\/www.m-q.ch\/wp-content\/uploads\/2016\/12\/Schweizer-Institut-f\u00fcr-Krisenkommunikation-gegr\u00fcndet-management-und-qualitaet-246x175.jpg 246w, https:\/\/www.m-q.ch\/wp-content\/uploads\/2016\/12\/Schweizer-Institut-f\u00fcr-Krisenkommunikation-gegr\u00fcndet-management-und-qualitaet-492x350.jpg 492w, https:\/\/www.m-q.ch\/wp-content\/uploads\/2016\/12\/Schweizer-Institut-f\u00fcr-Krisenkommunikation-gegr\u00fcndet-management-und-qualitaet-1125x800.jpg 1125w, https:\/\/www.m-q.ch\/wp-content\/uploads\/2016\/12\/Schweizer-Institut-f\u00fcr-Krisenkommunikation-gegr\u00fcndet-management-und-qualitaet-920x654.jpg 920w, https:\/\/www.m-q.ch\/wp-content\/uploads\/2016\/12\/Schweizer-Institut-f\u00fcr-Krisenkommunikation-gegr\u00fcndet-management-und-qualitaet-300x213.jpg 300w, https:\/\/www.m-q.ch\/wp-content\/uploads\/2016\/12\/Schweizer-Institut-f\u00fcr-Krisenkommunikation-gegr\u00fcndet-management-und-qualitaet-1024x728.jpg 1024w, https:\/\/www.m-q.ch\/wp-content\/uploads\/2016\/12\/Schweizer-Institut-f\u00fcr-Krisenkommunikation-gegr\u00fcndet-management-und-qualitaet-624x444.jpg 624w, https:\/\/www.m-q.ch\/wp-content\/uploads\/2016\/12\/Schweizer-Institut-f\u00fcr-Krisenkommunikation-gegr\u00fcndet-management-und-qualitaet.jpg 1221w\" sizes=\"auto, (max-width: 680px) 100vw, 680px\" \/><\/a><figcaption id=\"caption-attachment-214\" class=\"wp-caption-text\">Roland Binz, gestionnaire de crise et dirigeant de la SKK.<\/figcaption><\/figure>\n<p>Les s\u00e9minaires de la SIKK se caract\u00e9risent par une forte proportion de conseil. Le transfert de connaissances s'appuie sur une longue exp\u00e9rience qui a fait ses preuves dans des situations de crise de toutes sortes. \u00c0 la SIKK, nous voulons transmettre l'exp\u00e9rience en t\u00eate \u00e0 t\u00eate\", explique le directeur de la SIKK, Roland Binz, qui a co-initi\u00e9 l'Association suisse pour la communication de crise en 2009.<\/p>\n<p>\"La pr\u00e9vention des crises et la communication de crise selon des manuels \u00e9pais ? C'est en grande partie l'histoire de l'\u00e8re num\u00e9rique. Le succ\u00e8s d\u00e9pend plut\u00f4t de la capacit\u00e9 \u00e0 surmonter les r\u00e9flexes humains erron\u00e9s et \u00e0 changer de perspective dans les cas extr\u00eames\", d\u00e9clare Roland Binz, gestionnaire de crise et directeur de la SKK. Les crises peuvent \u00eatre contenues gr\u00e2ce \u00e0 une communication qui renforce la confiance. Binz : \"C'est une diff\u00e9rence fondamentale par rapport \u00e0 la RP de crise, qui a peu de cr\u00e9dibilit\u00e9\".<\/p>\n<p>Les formations de la SIKK s'adressent aux cadres, aux professionnels des relations publiques et de la communication ainsi qu'\u00e0 des personnalit\u00e9s publiques en Suisse, en Allemagne et en Autriche (hommes politiques, c\u00e9l\u00e9brit\u00e9s, etc.). Un autre groupe cible important est constitu\u00e9 par les agences de relations publiques, les cabinets d'avocats ou les consultants qui sont confront\u00e9s \u00e0 des sujets de crise et \u00e0 des litiges juridiques diffus\u00e9s publiquement (\"relations publiques en mati\u00e8re de litiges\") dans le cadre de leur travail.<\/p>\n<p><a href=\"http:\/\/www.sikk.ch\" target=\"_blank\" data-cke-saved-href=\"http:\/\/www.sikk.ch\">www.sikk.ch<\/a><\/p>","protected":false},"excerpt":{"rendered":"<p>Die SIKK-Seminare zeichnen sich durch einen hohen Beratungsanteil aus. Der Wissenstransfer basiert auf langj\u00e4hriger Erfahrung, die sich in Krisensituationen aller Art bew\u00e4hrt hat. Erfahrung wollen wir am SIKK eins zu eins weitergeben\u00bb, erkl\u00e4rt SIKK-Leiter Roland Binz, der 2009 den Schweizer Verband f\u00fcr Krisenkommunikation mitinitiierte. \u00abKrisenpr\u00e4vention und Krisenkommunikation nach dicken Handb\u00fcchern? Das ist im digitalen Zeitalter [&hellip;]<\/p>\n","protected":false},"author":1,"featured_media":214,"comment_status":"open","ping_status":"open","sticky":false,"template":"","format":"standard","meta":{"_acf_changed":false,"footnotes":""},"categories":[4],"tags":[3326],"class_list":["post-276","post","type-post","status-publish","format-standard","has-post-thumbnail","hentry","category-risikomanagement","tag-risikomanagement"],"acf":[],"yoast_head":"<!-- This site is optimized with the Yoast SEO plugin v26.2 - https:\/\/yoast.com\/wordpress\/plugins\/seo\/ -->\n<title>Schweizer Institut f\u00fcr Krisenkommunikation gegr\u00fcndet - MQ Management und Qualit\u00e4t<\/title>\n<meta name=\"description\" content=\"Krisen und Skandale geh\u00f6ren zur \u00d6ffentlichkeit. Das neu gegr\u00fcndete Schweizer Institut f\u00fcr Krisenkommunikation (SIKK) bietet praxisnahe Kurse und Seminare.\" \/>\n<meta name=\"robots\" content=\"index, follow, max-snippet:-1, max-image-preview:large, max-video-preview:-1\" \/>\n<link rel=\"canonical\" href=\"https:\/\/www.m-q.ch\/fr\/creation-de-linstitut-suisse-pour-la-communication-de-crise\/\" \/>\n<meta property=\"og:locale\" content=\"fr_FR\" \/>\n<meta property=\"og:type\" content=\"article\" \/>\n<meta property=\"og:title\" content=\"Schweizer Institut f\u00fcr Krisenkommunikation gegr\u00fcndet\" \/>\n<meta property=\"og:description\" content=\"Krisen und Skandale geh\u00f6ren zur \u00d6ffentlichkeit. In den wenigsten F\u00e4llen sind die betroffenen Exponenten in der Lage, rasch und glaubw\u00fcrdig genug zu agieren. Das neu gegr\u00fcndete Schweizer Institut f\u00fcr Krisenkommunikation (SIKK) bietet praxisnahe Kurse und Seminare.\" \/>\n<meta property=\"og:url\" content=\"https:\/\/www.m-q.ch\/fr\/creation-de-linstitut-suisse-pour-la-communication-de-crise\/\" \/>\n<meta property=\"og:site_name\" content=\"MQ Management und Qualit\u00e4t\" \/>\n<meta property=\"article:publisher\" content=\"https:\/\/www.facebook.com\/ManagementUndQualitaet\" \/>\n<meta property=\"article:published_time\" content=\"2015-12-20T15:41:56+00:00\" \/>\n<meta property=\"article:modified_time\" content=\"2017-03-01T15:02:44+00:00\" \/>\n<meta property=\"og:image\" content=\"https:\/\/www.m-q.ch\/wp-content\/uploads\/2016\/12\/Schweizer-Institut-f\u00fcr-Krisenkommunikation-gegr\u00fcndet-management-und-qualitaet.jpg\" \/>\n<meta name=\"author\" content=\"galledia\" \/>\n<meta name=\"twitter:card\" content=\"summary_large_image\" \/>\n<meta name=\"twitter:label1\" content=\"\u00c9crit par\" \/>\n\t<meta name=\"twitter:data1\" content=\"galledia\" \/>\n\t<meta name=\"twitter:label2\" content=\"Dur\u00e9e de lecture estim\u00e9e\" \/>\n\t<meta name=\"twitter:data2\" content=\"1 minute\" \/>\n<script type=\"application\/ld+json\" class=\"yoast-schema-graph\">{\"@context\":\"https:\/\/schema.org\",\"@graph\":[{\"@type\":\"Article\",\"@id\":\"https:\/\/www.m-q.ch\/schweizer-institut-fuer-krisenkommunikation-gegruendet\/#article\",\"isPartOf\":{\"@id\":\"https:\/\/www.m-q.ch\/schweizer-institut-fuer-krisenkommunikation-gegruendet\/\"},\"author\":{\"name\":\"galledia\",\"@id\":\"https:\/\/www.m-q.ch\/fr\/#\/schema\/person\/c0139a2c55a374db6df2cde78ec87148\"},\"headline\":\"Schweizer Institut f\u00fcr Krisenkommunikation gegr\u00fcndet\",\"datePublished\":\"2015-12-20T15:41:56+00:00\",\"dateModified\":\"2017-03-01T15:02:44+00:00\",\"mainEntityOfPage\":{\"@id\":\"https:\/\/www.m-q.ch\/schweizer-institut-fuer-krisenkommunikation-gegruendet\/\"},\"wordCount\":180,\"commentCount\":0,\"publisher\":{\"@id\":\"https:\/\/www.m-q.ch\/fr\/#organization\"},\"image\":{\"@id\":\"https:\/\/www.m-q.ch\/schweizer-institut-fuer-krisenkommunikation-gegruendet\/#primaryimage\"},\"thumbnailUrl\":\"https:\/\/www.m-q.ch\/wp-content\/uploads\/2016\/12\/Schweizer-Institut-f\u00fcr-Krisenkommunikation-gegr\u00fcndet-management-und-qualitaet.jpg\",\"keywords\":[\"Risikomanagement\"],\"articleSection\":[\"Risikomanagement\"],\"inLanguage\":\"fr-FR\"},{\"@type\":\"WebPage\",\"@id\":\"https:\/\/www.m-q.ch\/schweizer-institut-fuer-krisenkommunikation-gegruendet\/\",\"url\":\"https:\/\/www.m-q.ch\/schweizer-institut-fuer-krisenkommunikation-gegruendet\/\",\"name\":\"Schweizer Institut f\u00fcr Krisenkommunikation gegr\u00fcndet - MQ Management und Qualit\u00e4t\",\"isPartOf\":{\"@id\":\"https:\/\/www.m-q.ch\/fr\/#website\"},\"primaryImageOfPage\":{\"@id\":\"https:\/\/www.m-q.ch\/schweizer-institut-fuer-krisenkommunikation-gegruendet\/#primaryimage\"},\"image\":{\"@id\":\"https:\/\/www.m-q.ch\/schweizer-institut-fuer-krisenkommunikation-gegruendet\/#primaryimage\"},\"thumbnailUrl\":\"https:\/\/www.m-q.ch\/wp-content\/uploads\/2016\/12\/Schweizer-Institut-f\u00fcr-Krisenkommunikation-gegr\u00fcndet-management-und-qualitaet.jpg\",\"datePublished\":\"2015-12-20T15:41:56+00:00\",\"dateModified\":\"2017-03-01T15:02:44+00:00\",\"description\":\"Krisen und Skandale geh\u00f6ren zur \u00d6ffentlichkeit. Das neu gegr\u00fcndete Schweizer Institut f\u00fcr Krisenkommunikation (SIKK) bietet praxisnahe Kurse und Seminare.\",\"breadcrumb\":{\"@id\":\"https:\/\/www.m-q.ch\/schweizer-institut-fuer-krisenkommunikation-gegruendet\/#breadcrumb\"},\"inLanguage\":\"fr-FR\",\"potentialAction\":[{\"@type\":\"ReadAction\",\"target\":[\"https:\/\/www.m-q.ch\/schweizer-institut-fuer-krisenkommunikation-gegruendet\/\"]}]},{\"@type\":\"ImageObject\",\"inLanguage\":\"fr-FR\",\"@id\":\"https:\/\/www.m-q.ch\/schweizer-institut-fuer-krisenkommunikation-gegruendet\/#primaryimage\",\"url\":\"https:\/\/www.m-q.ch\/wp-content\/uploads\/2016\/12\/Schweizer-Institut-f\u00fcr-Krisenkommunikation-gegr\u00fcndet-management-und-qualitaet.jpg\",\"contentUrl\":\"https:\/\/www.m-q.ch\/wp-content\/uploads\/2016\/12\/Schweizer-Institut-f\u00fcr-Krisenkommunikation-gegr\u00fcndet-management-und-qualitaet.jpg\",\"width\":1221,\"height\":868,\"caption\":\"Roland Binz, Krisenmanager und SKK-Leiter.\"},{\"@type\":\"BreadcrumbList\",\"@id\":\"https:\/\/www.m-q.ch\/schweizer-institut-fuer-krisenkommunikation-gegruendet\/#breadcrumb\",\"itemListElement\":[{\"@type\":\"ListItem\",\"position\":1,\"name\":\"Risikomanagement\",\"item\":\"https:\/\/www.m-q.ch\/kategorie\/risikomanagement\/\"},{\"@type\":\"ListItem\",\"position\":2,\"name\":\"Schweizer Institut f\u00fcr Krisenkommunikation gegr\u00fcndet\"}]},{\"@type\":\"WebSite\",\"@id\":\"https:\/\/www.m-q.ch\/fr\/#website\",\"url\":\"https:\/\/www.m-q.ch\/fr\/\",\"name\":\"MQ Management und Qualit\u00e4t\",\"description\":\"Plattform f\u00fcr integrierte Managementsysteme.\",\"publisher\":{\"@id\":\"https:\/\/www.m-q.ch\/fr\/#organization\"},\"potentialAction\":[{\"@type\":\"SearchAction\",\"target\":{\"@type\":\"EntryPoint\",\"urlTemplate\":\"https:\/\/www.m-q.ch\/fr\/?s={search_term_string}\"},\"query-input\":{\"@type\":\"PropertyValueSpecification\",\"valueRequired\":true,\"valueName\":\"search_term_string\"}}],\"inLanguage\":\"fr-FR\"},{\"@type\":\"Organization\",\"@id\":\"https:\/\/www.m-q.ch\/fr\/#organization\",\"name\":\"Galledia Fachmedien AG\",\"url\":\"https:\/\/www.m-q.ch\/fr\/\",\"logo\":{\"@type\":\"ImageObject\",\"inLanguage\":\"fr-FR\",\"@id\":\"https:\/\/www.m-q.ch\/fr\/#\/schema\/logo\/image\/\",\"url\":\"https:\/\/www.m-q.ch\/wp-content\/uploads\/2020\/12\/cropped-logo_small.png\",\"contentUrl\":\"https:\/\/www.m-q.ch\/wp-content\/uploads\/2020\/12\/cropped-logo_small.png\",\"width\":512,\"height\":512,\"caption\":\"Galledia Fachmedien AG\"},\"image\":{\"@id\":\"https:\/\/www.m-q.ch\/fr\/#\/schema\/logo\/image\/\"},\"sameAs\":[\"https:\/\/www.facebook.com\/ManagementUndQualitaet\",\"https:\/\/www.linkedin.com\/showcase\/17982321\/admin\/\"]},{\"@type\":\"Person\",\"@id\":\"https:\/\/www.m-q.ch\/fr\/#\/schema\/person\/c0139a2c55a374db6df2cde78ec87148\",\"name\":\"galledia\",\"image\":{\"@type\":\"ImageObject\",\"inLanguage\":\"fr-FR\",\"@id\":\"https:\/\/www.m-q.ch\/fr\/#\/schema\/person\/image\/\",\"url\":\"https:\/\/secure.gravatar.com\/avatar\/66edf527eac29e9a5eb25bcada01f61a?s=96&d=mm&r=g\",\"contentUrl\":\"https:\/\/secure.gravatar.com\/avatar\/66edf527eac29e9a5eb25bcada01f61a?s=96&d=mm&r=g\",\"caption\":\"galledia\"},\"url\":\"https:\/\/www.m-q.ch\/fr\/author\/galledia\/\"}]}<\/script>\n<!-- \/ Yoast SEO plugin. -->","yoast_head_json":{"title":"Cr\u00e9ation de l'Institut suisse pour la communication de crise - MQ Management und Qualit\u00e4t","description":"Les crises et les scandales font partie de la vie publique. L'Institut suisse pour la communication de crise (SIKK), r\u00e9cemment fond\u00e9, propose des cours et des s\u00e9minaires pratiques.","robots":{"index":"index","follow":"follow","max-snippet":"max-snippet:-1","max-image-preview":"max-image-preview:large","max-video-preview":"max-video-preview:-1"},"canonical":"https:\/\/www.m-q.ch\/fr\/creation-de-linstitut-suisse-pour-la-communication-de-crise\/","og_locale":"fr_FR","og_type":"article","og_title":"Schweizer Institut f\u00fcr Krisenkommunikation gegr\u00fcndet","og_description":"Krisen und Skandale geh\u00f6ren zur \u00d6ffentlichkeit. In den wenigsten F\u00e4llen sind die betroffenen Exponenten in der Lage, rasch und glaubw\u00fcrdig genug zu agieren. Das neu gegr\u00fcndete Schweizer Institut f\u00fcr Krisenkommunikation (SIKK) bietet praxisnahe Kurse und Seminare.","og_url":"https:\/\/www.m-q.ch\/fr\/creation-de-linstitut-suisse-pour-la-communication-de-crise\/","og_site_name":"MQ Management und Qualit\u00e4t","article_publisher":"https:\/\/www.facebook.com\/ManagementUndQualitaet","article_published_time":"2015-12-20T15:41:56+00:00","article_modified_time":"2017-03-01T15:02:44+00:00","og_image":[{"url":"https:\/\/www.m-q.ch\/wp-content\/uploads\/2016\/12\/Schweizer-Institut-f\u00fcr-Krisenkommunikation-gegr\u00fcndet-management-und-qualitaet.jpg","type":"","width":"","height":""}],"author":"galledia","twitter_card":"summary_large_image","twitter_misc":{"\u00c9crit par":"galledia","Dur\u00e9e de lecture estim\u00e9e":"1 minute"},"schema":{"@context":"https:\/\/schema.org","@graph":[{"@type":"Article","@id":"https:\/\/www.m-q.ch\/schweizer-institut-fuer-krisenkommunikation-gegruendet\/#article","isPartOf":{"@id":"https:\/\/www.m-q.ch\/schweizer-institut-fuer-krisenkommunikation-gegruendet\/"},"author":{"name":"galledia","@id":"https:\/\/www.m-q.ch\/fr\/#\/schema\/person\/c0139a2c55a374db6df2cde78ec87148"},"headline":"Schweizer Institut f\u00fcr Krisenkommunikation gegr\u00fcndet","datePublished":"2015-12-20T15:41:56+00:00","dateModified":"2017-03-01T15:02:44+00:00","mainEntityOfPage":{"@id":"https:\/\/www.m-q.ch\/schweizer-institut-fuer-krisenkommunikation-gegruendet\/"},"wordCount":180,"commentCount":0,"publisher":{"@id":"https:\/\/www.m-q.ch\/fr\/#organization"},"image":{"@id":"https:\/\/www.m-q.ch\/schweizer-institut-fuer-krisenkommunikation-gegruendet\/#primaryimage"},"thumbnailUrl":"https:\/\/www.m-q.ch\/wp-content\/uploads\/2016\/12\/Schweizer-Institut-f\u00fcr-Krisenkommunikation-gegr\u00fcndet-management-und-qualitaet.jpg","keywords":["Risikomanagement"],"articleSection":["Risikomanagement"],"inLanguage":"fr-FR"},{"@type":"WebPage","@id":"https:\/\/www.m-q.ch\/schweizer-institut-fuer-krisenkommunikation-gegruendet\/","url":"https:\/\/www.m-q.ch\/schweizer-institut-fuer-krisenkommunikation-gegruendet\/","name":"Cr\u00e9ation de l'Institut suisse pour la communication de crise - MQ Management und Qualit\u00e4t","isPartOf":{"@id":"https:\/\/www.m-q.ch\/fr\/#website"},"primaryImageOfPage":{"@id":"https:\/\/www.m-q.ch\/schweizer-institut-fuer-krisenkommunikation-gegruendet\/#primaryimage"},"image":{"@id":"https:\/\/www.m-q.ch\/schweizer-institut-fuer-krisenkommunikation-gegruendet\/#primaryimage"},"thumbnailUrl":"https:\/\/www.m-q.ch\/wp-content\/uploads\/2016\/12\/Schweizer-Institut-f\u00fcr-Krisenkommunikation-gegr\u00fcndet-management-und-qualitaet.jpg","datePublished":"2015-12-20T15:41:56+00:00","dateModified":"2017-03-01T15:02:44+00:00","description":"Les crises et les scandales font partie de la vie publique. L'Institut suisse pour la communication de crise (SIKK), r\u00e9cemment fond\u00e9, propose des cours et des s\u00e9minaires pratiques.","breadcrumb":{"@id":"https:\/\/www.m-q.ch\/schweizer-institut-fuer-krisenkommunikation-gegruendet\/#breadcrumb"},"inLanguage":"fr-FR","potentialAction":[{"@type":"ReadAction","target":["https:\/\/www.m-q.ch\/schweizer-institut-fuer-krisenkommunikation-gegruendet\/"]}]},{"@type":"ImageObject","inLanguage":"fr-FR","@id":"https:\/\/www.m-q.ch\/schweizer-institut-fuer-krisenkommunikation-gegruendet\/#primaryimage","url":"https:\/\/www.m-q.ch\/wp-content\/uploads\/2016\/12\/Schweizer-Institut-f\u00fcr-Krisenkommunikation-gegr\u00fcndet-management-und-qualitaet.jpg","contentUrl":"https:\/\/www.m-q.ch\/wp-content\/uploads\/2016\/12\/Schweizer-Institut-f\u00fcr-Krisenkommunikation-gegr\u00fcndet-management-und-qualitaet.jpg","width":1221,"height":868,"caption":"Roland Binz, Krisenmanager und SKK-Leiter."},{"@type":"BreadcrumbList","@id":"https:\/\/www.m-q.ch\/schweizer-institut-fuer-krisenkommunikation-gegruendet\/#breadcrumb","itemListElement":[{"@type":"ListItem","position":1,"name":"Risikomanagement","item":"https:\/\/www.m-q.ch\/kategorie\/risikomanagement\/"},{"@type":"ListItem","position":2,"name":"Schweizer Institut f\u00fcr Krisenkommunikation gegr\u00fcndet"}]},{"@type":"WebSite","@id":"https:\/\/www.m-q.ch\/fr\/#website","url":"https:\/\/www.m-q.ch\/fr\/","name":"Gestion et qualit\u00e9 du QM","description":"Plate-forme pour les syst\u00e8mes de gestion int\u00e9gr\u00e9e.","publisher":{"@id":"https:\/\/www.m-q.ch\/fr\/#organization"},"potentialAction":[{"@type":"SearchAction","target":{"@type":"EntryPoint","urlTemplate":"https:\/\/www.m-q.ch\/fr\/?s={search_term_string}"},"query-input":{"@type":"PropertyValueSpecification","valueRequired":true,"valueName":"search_term_string"}}],"inLanguage":"fr-FR"},{"@type":"Organization","@id":"https:\/\/www.m-q.ch\/fr\/#organization","name":"Galledia Trade Media AG","url":"https:\/\/www.m-q.ch\/fr\/","logo":{"@type":"ImageObject","inLanguage":"fr-FR","@id":"https:\/\/www.m-q.ch\/fr\/#\/schema\/logo\/image\/","url":"https:\/\/www.m-q.ch\/wp-content\/uploads\/2020\/12\/cropped-logo_small.png","contentUrl":"https:\/\/www.m-q.ch\/wp-content\/uploads\/2020\/12\/cropped-logo_small.png","width":512,"height":512,"caption":"Galledia Fachmedien AG"},"image":{"@id":"https:\/\/www.m-q.ch\/fr\/#\/schema\/logo\/image\/"},"sameAs":["https:\/\/www.facebook.com\/ManagementUndQualitaet","https:\/\/www.linkedin.com\/showcase\/17982321\/admin\/"]},{"@type":"Person","@id":"https:\/\/www.m-q.ch\/fr\/#\/schema\/person\/c0139a2c55a374db6df2cde78ec87148","name":"galledia","image":{"@type":"ImageObject","inLanguage":"fr-FR","@id":"https:\/\/www.m-q.ch\/fr\/#\/schema\/person\/image\/","url":"https:\/\/secure.gravatar.com\/avatar\/66edf527eac29e9a5eb25bcada01f61a?s=96&d=mm&r=g","contentUrl":"https:\/\/secure.gravatar.com\/avatar\/66edf527eac29e9a5eb25bcada01f61a?s=96&d=mm&r=g","caption":"galledia"},"url":"https:\/\/www.m-q.ch\/fr\/author\/galledia\/"}]}},"_links":{"self":[{"href":"https:\/\/www.m-q.ch\/fr\/wp-json\/wp\/v2\/posts\/276","targetHints":{"allow":["GET"]}}],"collection":[{"href":"https:\/\/www.m-q.ch\/fr\/wp-json\/wp\/v2\/posts"}],"about":[{"href":"https:\/\/www.m-q.ch\/fr\/wp-json\/wp\/v2\/types\/post"}],"author":[{"embeddable":true,"href":"https:\/\/www.m-q.ch\/fr\/wp-json\/wp\/v2\/users\/1"}],"replies":[{"embeddable":true,"href":"https:\/\/www.m-q.ch\/fr\/wp-json\/wp\/v2\/comments?post=276"}],"version-history":[{"count":2,"href":"https:\/\/www.m-q.ch\/fr\/wp-json\/wp\/v2\/posts\/276\/revisions"}],"predecessor-version":[{"id":951,"href":"https:\/\/www.m-q.ch\/fr\/wp-json\/wp\/v2\/posts\/276\/revisions\/951"}],"wp:featuredmedia":[{"embeddable":true,"href":"https:\/\/www.m-q.ch\/fr\/wp-json\/wp\/v2\/media\/214"}],"wp:attachment":[{"href":"https:\/\/www.m-q.ch\/fr\/wp-json\/wp\/v2\/media?parent=276"}],"wp:term":[{"taxonomy":"category","embeddable":true,"href":"https:\/\/www.m-q.ch\/fr\/wp-json\/wp\/v2\/categories?post=276"},{"taxonomy":"post_tag","embeddable":true,"href":"https:\/\/www.m-q.ch\/fr\/wp-json\/wp\/v2\/tags?post=276"}],"curies":[{"name":"wp","href":"https:\/\/api.w.org\/{rel}","templated":true}]}}