{"id":282,"date":"2015-12-21T16:44:41","date_gmt":"2015-12-21T15:44:41","guid":{"rendered":"http:\/\/dev.m-q.ch\/?p=282"},"modified":"2017-02-23T14:09:48","modified_gmt":"2017-02-23T13:09:48","slug":"abraxas-nouveau-directeur-de-la-business-unit-police","status":"publish","type":"post","link":"https:\/\/www.m-q.ch\/fr\/abraxas-neuer-leiter-der-business-unit-polizeien\/","title":{"rendered":"Abraxas : nouveau chef de l'unit\u00e9 op\u00e9rationnelle de la police"},"content":{"rendered":"<figure id=\"attachment_55\" aria-describedby=\"caption-attachment-55\" style=\"width: 593px\" class=\"wp-caption alignnone\"><a href=\"https:\/\/m-q.ch\/wp-content\/uploads\/2016\/12\/Abraxas-Neuer-Leiter-der-Business-Unit-Polizeien-management-und-qualitaet.jpg\"><img loading=\"lazy\" decoding=\"async\" class=\"wp-image-55 size-full\" src=\"https:\/\/www.m-q.ch\/wp-content\/uploads\/2016\/12\/Abraxas-Neuer-Leiter-der-Business-Unit-Polizeien-management-und-qualitaet.jpg\" width=\"593\" height=\"742\" srcset=\"https:\/\/www.m-q.ch\/wp-content\/uploads\/2016\/12\/Abraxas-Neuer-Leiter-der-Business-Unit-Polizeien-management-und-qualitaet.jpg 593w, https:\/\/www.m-q.ch\/wp-content\/uploads\/2016\/12\/Abraxas-Neuer-Leiter-der-Business-Unit-Polizeien-management-und-qualitaet-10x12.jpg 10w, https:\/\/www.m-q.ch\/wp-content\/uploads\/2016\/12\/Abraxas-Neuer-Leiter-der-Business-Unit-Polizeien-management-und-qualitaet-140x175.jpg 140w, https:\/\/www.m-q.ch\/wp-content\/uploads\/2016\/12\/Abraxas-Neuer-Leiter-der-Business-Unit-Polizeien-management-und-qualitaet-280x350.jpg 280w, https:\/\/www.m-q.ch\/wp-content\/uploads\/2016\/12\/Abraxas-Neuer-Leiter-der-Business-Unit-Polizeien-management-und-qualitaet-300x375.jpg 300w\" sizes=\"auto, (max-width: 593px) 100vw, 593px\" \/><\/a><figcaption id=\"caption-attachment-55\" class=\"wp-caption-text\">Guido Steiner : Il y a deux ans, il \u00e9tait chef de la s\u00e9curit\u00e9 publique chez Atos AG, aujourd'hui chef de la Business Unit Police chez Abraxas.<\/figcaption><\/figure>\n<p>Guido Steiner, qui dirige l'unit\u00e9 op\u00e9rationnelle de police d'Abraxas Informatik AG depuis octobre 2015, remplace Stephan Christen, qui dirigeait l'unit\u00e9 par int\u00e9rim depuis fin juin. Steiner travaille dans le domaine de la communication mobile professionnelle depuis 2008, derni\u00e8rement en tant que responsable du d\u00e9partement de la s\u00e9curit\u00e9 int\u00e9rieure chez Atos Suisse. \u00c0 ce titre, il a travaill\u00e9 pour le r\u00e9seau radio de s\u00e9curit\u00e9 nationale Polycom chez divers clients et organisations de feu bleu en Suisse et s'est occup\u00e9 de diverses forces de police, entre autres.<\/p>\n<p>Guido Steiner est dipl\u00f4m\u00e9 en \u00e9lectrotechnique de l'EPF de Zurich et a termin\u00e9 avec succ\u00e8s son doctorat et ses \u00e9tudes de troisi\u00e8me cycle en gestion d'entreprise.<\/p>\n<p><a href=\"https:\/\/www.abraxas.ch\" target=\"_blank\" data-cke-saved-href=\"https:\/\/www.abraxas.ch\">https:\/\/www.abraxas.ch<\/a><\/p>\n<p>&nbsp;<\/p>","protected":false},"excerpt":{"rendered":"<p>Guido Steiner, seit der Oktober 2015 die Business Unit Polizeien der Abraxas Informatik AG leitet, l\u00f6st Stephan Christen, der die Unit seit Ende Juni interimistisch gef\u00fchrt hat. Steiner war seit 2008 im Bereich des professionellen Mobilfunks unterwegs, zuletzt als Leiter der Abteilung Homeland Security bei Atos Schweiz. In dieser Funktion war er f\u00fcr das nationale [&hellip;]<\/p>\n","protected":false},"author":1,"featured_media":55,"comment_status":"open","ping_status":"open","sticky":false,"template":"","format":"standard","meta":{"_acf_changed":false,"footnotes":""},"categories":[1],"tags":[3335],"class_list":["post-282","post","type-post","status-publish","format-standard","has-post-thumbnail","hentry","category-unkategorisiert","tag-personalia"],"acf":[],"yoast_head":"<!-- This site is optimized with the Yoast SEO plugin v26.2 - https:\/\/yoast.com\/wordpress\/plugins\/seo\/ -->\n<title>Abraxas: Neuer Leiter der Business Unit Polizeien - MQ Management und Qualit\u00e4t<\/title>\n<meta name=\"description\" content=\"Guido Steiner leitet seit Oktober 2015 die Business Unit Polizeien der Abraxas Informatik AG.\" \/>\n<meta name=\"robots\" content=\"index, follow, max-snippet:-1, max-image-preview:large, max-video-preview:-1\" \/>\n<link rel=\"canonical\" href=\"https:\/\/www.m-q.ch\/fr\/abraxas-nouveau-directeur-de-la-business-unit-police\/\" \/>\n<meta property=\"og:locale\" content=\"fr_FR\" \/>\n<meta property=\"og:type\" content=\"article\" \/>\n<meta property=\"og:title\" content=\"Abraxas: Neuer Leiter der Business Unit Polizeien\" \/>\n<meta property=\"og:description\" content=\"Guido Steiner leitet seit Oktober 2015 die Business Unit Polizeien der Abraxas Informatik AG.\" \/>\n<meta property=\"og:url\" content=\"https:\/\/www.m-q.ch\/fr\/abraxas-nouveau-directeur-de-la-business-unit-police\/\" \/>\n<meta property=\"og:site_name\" content=\"MQ Management und Qualit\u00e4t\" \/>\n<meta property=\"article:publisher\" content=\"https:\/\/www.facebook.com\/ManagementUndQualitaet\" \/>\n<meta property=\"article:published_time\" content=\"2015-12-21T15:44:41+00:00\" \/>\n<meta property=\"article:modified_time\" content=\"2017-02-23T13:09:48+00:00\" \/>\n<meta property=\"og:image\" content=\"https:\/\/www.m-q.ch\/wp-content\/uploads\/2016\/12\/Abraxas-Neuer-Leiter-der-Business-Unit-Polizeien-management-und-qualitaet.jpg\" \/>\n<meta name=\"author\" content=\"galledia\" \/>\n<meta name=\"twitter:card\" content=\"summary_large_image\" \/>\n<meta name=\"twitter:label1\" content=\"\u00c9crit par\" \/>\n\t<meta name=\"twitter:data1\" content=\"galledia\" \/>\n\t<meta name=\"twitter:label2\" content=\"Dur\u00e9e de lecture estim\u00e9e\" \/>\n\t<meta name=\"twitter:data2\" content=\"1 minute\" \/>\n<script type=\"application\/ld+json\" class=\"yoast-schema-graph\">{\"@context\":\"https:\/\/schema.org\",\"@graph\":[{\"@type\":\"Article\",\"@id\":\"https:\/\/www.m-q.ch\/de\/abraxas-neuer-leiter-der-business-unit-polizeien\/#article\",\"isPartOf\":{\"@id\":\"https:\/\/www.m-q.ch\/de\/abraxas-neuer-leiter-der-business-unit-polizeien\/\"},\"author\":{\"name\":\"galledia\",\"@id\":\"https:\/\/www.m-q.ch\/fr\/#\/schema\/person\/c0139a2c55a374db6df2cde78ec87148\"},\"headline\":\"Abraxas: Neuer Leiter der Business Unit Polizeien\",\"datePublished\":\"2015-12-21T15:44:41+00:00\",\"dateModified\":\"2017-02-23T13:09:48+00:00\",\"mainEntityOfPage\":{\"@id\":\"https:\/\/www.m-q.ch\/de\/abraxas-neuer-leiter-der-business-unit-polizeien\/\"},\"wordCount\":138,\"commentCount\":0,\"publisher\":{\"@id\":\"https:\/\/www.m-q.ch\/fr\/#organization\"},\"image\":{\"@id\":\"https:\/\/www.m-q.ch\/de\/abraxas-neuer-leiter-der-business-unit-polizeien\/#primaryimage\"},\"thumbnailUrl\":\"https:\/\/www.m-q.ch\/wp-content\/uploads\/2016\/12\/Abraxas-Neuer-Leiter-der-Business-Unit-Polizeien-management-und-qualitaet.jpg\",\"keywords\":[\"Personalia\"],\"articleSection\":[\"Unkategorisiert\"],\"inLanguage\":\"fr-FR\"},{\"@type\":\"WebPage\",\"@id\":\"https:\/\/www.m-q.ch\/de\/abraxas-neuer-leiter-der-business-unit-polizeien\/\",\"url\":\"https:\/\/www.m-q.ch\/de\/abraxas-neuer-leiter-der-business-unit-polizeien\/\",\"name\":\"Abraxas: Neuer Leiter der Business Unit Polizeien - MQ Management und Qualit\u00e4t\",\"isPartOf\":{\"@id\":\"https:\/\/www.m-q.ch\/fr\/#website\"},\"primaryImageOfPage\":{\"@id\":\"https:\/\/www.m-q.ch\/de\/abraxas-neuer-leiter-der-business-unit-polizeien\/#primaryimage\"},\"image\":{\"@id\":\"https:\/\/www.m-q.ch\/de\/abraxas-neuer-leiter-der-business-unit-polizeien\/#primaryimage\"},\"thumbnailUrl\":\"https:\/\/www.m-q.ch\/wp-content\/uploads\/2016\/12\/Abraxas-Neuer-Leiter-der-Business-Unit-Polizeien-management-und-qualitaet.jpg\",\"datePublished\":\"2015-12-21T15:44:41+00:00\",\"dateModified\":\"2017-02-23T13:09:48+00:00\",\"description\":\"Guido Steiner leitet seit Oktober 2015 die Business Unit Polizeien der Abraxas Informatik AG.\",\"breadcrumb\":{\"@id\":\"https:\/\/www.m-q.ch\/de\/abraxas-neuer-leiter-der-business-unit-polizeien\/#breadcrumb\"},\"inLanguage\":\"fr-FR\",\"potentialAction\":[{\"@type\":\"ReadAction\",\"target\":[\"https:\/\/www.m-q.ch\/de\/abraxas-neuer-leiter-der-business-unit-polizeien\/\"]}]},{\"@type\":\"ImageObject\",\"inLanguage\":\"fr-FR\",\"@id\":\"https:\/\/www.m-q.ch\/de\/abraxas-neuer-leiter-der-business-unit-polizeien\/#primaryimage\",\"url\":\"https:\/\/www.m-q.ch\/wp-content\/uploads\/2016\/12\/Abraxas-Neuer-Leiter-der-Business-Unit-Polizeien-management-und-qualitaet.jpg\",\"contentUrl\":\"https:\/\/www.m-q.ch\/wp-content\/uploads\/2016\/12\/Abraxas-Neuer-Leiter-der-Business-Unit-Polizeien-management-und-qualitaet.jpg\",\"width\":593,\"height\":742,\"caption\":\"Guido Steiner: Vor zwei Jahren noch Head of Public Security bei Atos AG, jetzt Head of Business Unit Polizeien bei Abraxas.\"},{\"@type\":\"BreadcrumbList\",\"@id\":\"https:\/\/www.m-q.ch\/de\/abraxas-neuer-leiter-der-business-unit-polizeien\/#breadcrumb\",\"itemListElement\":[{\"@type\":\"ListItem\",\"position\":1,\"name\":\"Unkategorisiert\",\"item\":\"https:\/\/www.m-q.ch\/it\/categoria\/senza-categoria\/\"},{\"@type\":\"ListItem\",\"position\":2,\"name\":\"Abraxas: Neuer Leiter der Business Unit Polizeien\"}]},{\"@type\":\"WebSite\",\"@id\":\"https:\/\/www.m-q.ch\/fr\/#website\",\"url\":\"https:\/\/www.m-q.ch\/fr\/\",\"name\":\"MQ Management und Qualit\u00e4t\",\"description\":\"Plattform f\u00fcr integrierte Managementsysteme.\",\"publisher\":{\"@id\":\"https:\/\/www.m-q.ch\/fr\/#organization\"},\"potentialAction\":[{\"@type\":\"SearchAction\",\"target\":{\"@type\":\"EntryPoint\",\"urlTemplate\":\"https:\/\/www.m-q.ch\/fr\/?s={search_term_string}\"},\"query-input\":{\"@type\":\"PropertyValueSpecification\",\"valueRequired\":true,\"valueName\":\"search_term_string\"}}],\"inLanguage\":\"fr-FR\"},{\"@type\":\"Organization\",\"@id\":\"https:\/\/www.m-q.ch\/fr\/#organization\",\"name\":\"Galledia Fachmedien AG\",\"url\":\"https:\/\/www.m-q.ch\/fr\/\",\"logo\":{\"@type\":\"ImageObject\",\"inLanguage\":\"fr-FR\",\"@id\":\"https:\/\/www.m-q.ch\/fr\/#\/schema\/logo\/image\/\",\"url\":\"https:\/\/www.m-q.ch\/wp-content\/uploads\/2020\/12\/cropped-logo_small.png\",\"contentUrl\":\"https:\/\/www.m-q.ch\/wp-content\/uploads\/2020\/12\/cropped-logo_small.png\",\"width\":512,\"height\":512,\"caption\":\"Galledia Fachmedien AG\"},\"image\":{\"@id\":\"https:\/\/www.m-q.ch\/fr\/#\/schema\/logo\/image\/\"},\"sameAs\":[\"https:\/\/www.facebook.com\/ManagementUndQualitaet\",\"https:\/\/www.linkedin.com\/showcase\/17982321\/admin\/\"]},{\"@type\":\"Person\",\"@id\":\"https:\/\/www.m-q.ch\/fr\/#\/schema\/person\/c0139a2c55a374db6df2cde78ec87148\",\"name\":\"galledia\",\"image\":{\"@type\":\"ImageObject\",\"inLanguage\":\"fr-FR\",\"@id\":\"https:\/\/www.m-q.ch\/fr\/#\/schema\/person\/image\/\",\"url\":\"https:\/\/secure.gravatar.com\/avatar\/66edf527eac29e9a5eb25bcada01f61a?s=96&d=mm&r=g\",\"contentUrl\":\"https:\/\/secure.gravatar.com\/avatar\/66edf527eac29e9a5eb25bcada01f61a?s=96&d=mm&r=g\",\"caption\":\"galledia\"},\"url\":\"https:\/\/www.m-q.ch\/fr\/author\/galledia\/\"}]}<\/script>\n<!-- \/ Yoast SEO plugin. -->","yoast_head_json":{"title":"Abraxas : nouveau chef de l'unit\u00e9 op\u00e9rationnelle de la police - MQ Management and Quality","description":"Guido Steiner dirige l'unit\u00e9 commerciale Police de Abraxas Informatik AG depuis octobre 2015.","robots":{"index":"index","follow":"follow","max-snippet":"max-snippet:-1","max-image-preview":"max-image-preview:large","max-video-preview":"max-video-preview:-1"},"canonical":"https:\/\/www.m-q.ch\/fr\/abraxas-nouveau-directeur-de-la-business-unit-police\/","og_locale":"fr_FR","og_type":"article","og_title":"Abraxas: Neuer Leiter der Business Unit Polizeien","og_description":"Guido Steiner leitet seit Oktober 2015 die Business Unit Polizeien der Abraxas Informatik AG.","og_url":"https:\/\/www.m-q.ch\/fr\/abraxas-nouveau-directeur-de-la-business-unit-police\/","og_site_name":"MQ Management und Qualit\u00e4t","article_publisher":"https:\/\/www.facebook.com\/ManagementUndQualitaet","article_published_time":"2015-12-21T15:44:41+00:00","article_modified_time":"2017-02-23T13:09:48+00:00","og_image":[{"url":"https:\/\/www.m-q.ch\/wp-content\/uploads\/2016\/12\/Abraxas-Neuer-Leiter-der-Business-Unit-Polizeien-management-und-qualitaet.jpg","type":"","width":"","height":""}],"author":"galledia","twitter_card":"summary_large_image","twitter_misc":{"\u00c9crit par":"galledia","Dur\u00e9e de lecture estim\u00e9e":"1 minute"},"schema":{"@context":"https:\/\/schema.org","@graph":[{"@type":"Article","@id":"https:\/\/www.m-q.ch\/de\/abraxas-neuer-leiter-der-business-unit-polizeien\/#article","isPartOf":{"@id":"https:\/\/www.m-q.ch\/de\/abraxas-neuer-leiter-der-business-unit-polizeien\/"},"author":{"name":"galledia","@id":"https:\/\/www.m-q.ch\/fr\/#\/schema\/person\/c0139a2c55a374db6df2cde78ec87148"},"headline":"Abraxas: Neuer Leiter der Business Unit Polizeien","datePublished":"2015-12-21T15:44:41+00:00","dateModified":"2017-02-23T13:09:48+00:00","mainEntityOfPage":{"@id":"https:\/\/www.m-q.ch\/de\/abraxas-neuer-leiter-der-business-unit-polizeien\/"},"wordCount":138,"commentCount":0,"publisher":{"@id":"https:\/\/www.m-q.ch\/fr\/#organization"},"image":{"@id":"https:\/\/www.m-q.ch\/de\/abraxas-neuer-leiter-der-business-unit-polizeien\/#primaryimage"},"thumbnailUrl":"https:\/\/www.m-q.ch\/wp-content\/uploads\/2016\/12\/Abraxas-Neuer-Leiter-der-Business-Unit-Polizeien-management-und-qualitaet.jpg","keywords":["Personalia"],"articleSection":["Unkategorisiert"],"inLanguage":"fr-FR"},{"@type":"WebPage","@id":"https:\/\/www.m-q.ch\/de\/abraxas-neuer-leiter-der-business-unit-polizeien\/","url":"https:\/\/www.m-q.ch\/de\/abraxas-neuer-leiter-der-business-unit-polizeien\/","name":"Abraxas : nouveau chef de l'unit\u00e9 op\u00e9rationnelle de la police - MQ Management and Quality","isPartOf":{"@id":"https:\/\/www.m-q.ch\/fr\/#website"},"primaryImageOfPage":{"@id":"https:\/\/www.m-q.ch\/de\/abraxas-neuer-leiter-der-business-unit-polizeien\/#primaryimage"},"image":{"@id":"https:\/\/www.m-q.ch\/de\/abraxas-neuer-leiter-der-business-unit-polizeien\/#primaryimage"},"thumbnailUrl":"https:\/\/www.m-q.ch\/wp-content\/uploads\/2016\/12\/Abraxas-Neuer-Leiter-der-Business-Unit-Polizeien-management-und-qualitaet.jpg","datePublished":"2015-12-21T15:44:41+00:00","dateModified":"2017-02-23T13:09:48+00:00","description":"Guido Steiner dirige l'unit\u00e9 commerciale Police de Abraxas Informatik AG depuis octobre 2015.","breadcrumb":{"@id":"https:\/\/www.m-q.ch\/de\/abraxas-neuer-leiter-der-business-unit-polizeien\/#breadcrumb"},"inLanguage":"fr-FR","potentialAction":[{"@type":"ReadAction","target":["https:\/\/www.m-q.ch\/de\/abraxas-neuer-leiter-der-business-unit-polizeien\/"]}]},{"@type":"ImageObject","inLanguage":"fr-FR","@id":"https:\/\/www.m-q.ch\/de\/abraxas-neuer-leiter-der-business-unit-polizeien\/#primaryimage","url":"https:\/\/www.m-q.ch\/wp-content\/uploads\/2016\/12\/Abraxas-Neuer-Leiter-der-Business-Unit-Polizeien-management-und-qualitaet.jpg","contentUrl":"https:\/\/www.m-q.ch\/wp-content\/uploads\/2016\/12\/Abraxas-Neuer-Leiter-der-Business-Unit-Polizeien-management-und-qualitaet.jpg","width":593,"height":742,"caption":"Guido Steiner: Vor zwei Jahren noch Head of Public Security bei Atos AG, jetzt Head of Business Unit Polizeien bei Abraxas."},{"@type":"BreadcrumbList","@id":"https:\/\/www.m-q.ch\/de\/abraxas-neuer-leiter-der-business-unit-polizeien\/#breadcrumb","itemListElement":[{"@type":"ListItem","position":1,"name":"Unkategorisiert","item":"https:\/\/www.m-q.ch\/it\/categoria\/senza-categoria\/"},{"@type":"ListItem","position":2,"name":"Abraxas: Neuer Leiter der Business Unit Polizeien"}]},{"@type":"WebSite","@id":"https:\/\/www.m-q.ch\/fr\/#website","url":"https:\/\/www.m-q.ch\/fr\/","name":"Gestion et qualit\u00e9 du QM","description":"Plate-forme pour les syst\u00e8mes de gestion int\u00e9gr\u00e9e.","publisher":{"@id":"https:\/\/www.m-q.ch\/fr\/#organization"},"potentialAction":[{"@type":"SearchAction","target":{"@type":"EntryPoint","urlTemplate":"https:\/\/www.m-q.ch\/fr\/?s={search_term_string}"},"query-input":{"@type":"PropertyValueSpecification","valueRequired":true,"valueName":"search_term_string"}}],"inLanguage":"fr-FR"},{"@type":"Organization","@id":"https:\/\/www.m-q.ch\/fr\/#organization","name":"Galledia Trade Media AG","url":"https:\/\/www.m-q.ch\/fr\/","logo":{"@type":"ImageObject","inLanguage":"fr-FR","@id":"https:\/\/www.m-q.ch\/fr\/#\/schema\/logo\/image\/","url":"https:\/\/www.m-q.ch\/wp-content\/uploads\/2020\/12\/cropped-logo_small.png","contentUrl":"https:\/\/www.m-q.ch\/wp-content\/uploads\/2020\/12\/cropped-logo_small.png","width":512,"height":512,"caption":"Galledia Fachmedien AG"},"image":{"@id":"https:\/\/www.m-q.ch\/fr\/#\/schema\/logo\/image\/"},"sameAs":["https:\/\/www.facebook.com\/ManagementUndQualitaet","https:\/\/www.linkedin.com\/showcase\/17982321\/admin\/"]},{"@type":"Person","@id":"https:\/\/www.m-q.ch\/fr\/#\/schema\/person\/c0139a2c55a374db6df2cde78ec87148","name":"galledia","image":{"@type":"ImageObject","inLanguage":"fr-FR","@id":"https:\/\/www.m-q.ch\/fr\/#\/schema\/person\/image\/","url":"https:\/\/secure.gravatar.com\/avatar\/66edf527eac29e9a5eb25bcada01f61a?s=96&d=mm&r=g","contentUrl":"https:\/\/secure.gravatar.com\/avatar\/66edf527eac29e9a5eb25bcada01f61a?s=96&d=mm&r=g","caption":"galledia"},"url":"https:\/\/www.m-q.ch\/fr\/author\/galledia\/"}]}},"_links":{"self":[{"href":"https:\/\/www.m-q.ch\/fr\/wp-json\/wp\/v2\/posts\/282","targetHints":{"allow":["GET"]}}],"collection":[{"href":"https:\/\/www.m-q.ch\/fr\/wp-json\/wp\/v2\/posts"}],"about":[{"href":"https:\/\/www.m-q.ch\/fr\/wp-json\/wp\/v2\/types\/post"}],"author":[{"embeddable":true,"href":"https:\/\/www.m-q.ch\/fr\/wp-json\/wp\/v2\/users\/1"}],"replies":[{"embeddable":true,"href":"https:\/\/www.m-q.ch\/fr\/wp-json\/wp\/v2\/comments?post=282"}],"version-history":[{"count":2,"href":"https:\/\/www.m-q.ch\/fr\/wp-json\/wp\/v2\/posts\/282\/revisions"}],"predecessor-version":[{"id":953,"href":"https:\/\/www.m-q.ch\/fr\/wp-json\/wp\/v2\/posts\/282\/revisions\/953"}],"wp:featuredmedia":[{"embeddable":true,"href":"https:\/\/www.m-q.ch\/fr\/wp-json\/wp\/v2\/media\/55"}],"wp:attachment":[{"href":"https:\/\/www.m-q.ch\/fr\/wp-json\/wp\/v2\/media?parent=282"}],"wp:term":[{"taxonomy":"category","embeddable":true,"href":"https:\/\/www.m-q.ch\/fr\/wp-json\/wp\/v2\/categories?post=282"},{"taxonomy":"post_tag","embeddable":true,"href":"https:\/\/www.m-q.ch\/fr\/wp-json\/wp\/v2\/tags?post=282"}],"curies":[{"name":"wp","href":"https:\/\/api.w.org\/{rel}","templated":true}]}}