{"id":284,"date":"2015-12-21T16:46:07","date_gmt":"2015-12-21T15:46:07","guid":{"rendered":"http:\/\/dev.m-q.ch\/?p=284"},"modified":"2017-03-01T16:00:53","modified_gmt":"2017-03-01T15:00:53","slug":"avectris-bruno-tout-nouveau-membre-du-cv","status":"publish","type":"post","link":"https:\/\/www.m-q.ch\/fr\/avectris-bruno-ganz-neues-vr-mitglied\/","title":{"rendered":"Avectris : Bruno Ganz nouveau membre du conseil d'administration"},"content":{"rendered":"<figure id=\"attachment_61\" aria-describedby=\"caption-attachment-61\" style=\"width: 680px\" class=\"wp-caption alignnone\"><a href=\"https:\/\/m-q.ch\/wp-content\/uploads\/2016\/12\/Avectris-Bruno-Ganz-neues-VR-Mitglied-management-und-qualitaet.jpg\"><img loading=\"lazy\" decoding=\"async\" class=\"wp-image-61 size-medium\" src=\"https:\/\/www.m-q.ch\/wp-content\/uploads\/2016\/12\/Avectris-Bruno-Ganz-neues-VR-Mitglied-management-und-qualitaet-680x790.jpg\" width=\"680\" height=\"790\" srcset=\"https:\/\/www.m-q.ch\/wp-content\/uploads\/2016\/12\/Avectris-Bruno-Ganz-neues-VR-Mitglied-management-und-qualitaet-680x790.jpg 680w, https:\/\/www.m-q.ch\/wp-content\/uploads\/2016\/12\/Avectris-Bruno-Ganz-neues-VR-Mitglied-management-und-qualitaet-768x893.jpg 768w, https:\/\/www.m-q.ch\/wp-content\/uploads\/2016\/12\/Avectris-Bruno-Ganz-neues-VR-Mitglied-management-und-qualitaet-1321x1536.jpg 1321w, https:\/\/www.m-q.ch\/wp-content\/uploads\/2016\/12\/Avectris-Bruno-Ganz-neues-VR-Mitglied-management-und-qualitaet-1762x2048.jpg 1762w, https:\/\/www.m-q.ch\/wp-content\/uploads\/2016\/12\/Avectris-Bruno-Ganz-neues-VR-Mitglied-management-und-qualitaet-10x12.jpg 10w, https:\/\/www.m-q.ch\/wp-content\/uploads\/2016\/12\/Avectris-Bruno-Ganz-neues-VR-Mitglied-management-und-qualitaet-151x175.jpg 151w, https:\/\/www.m-q.ch\/wp-content\/uploads\/2016\/12\/Avectris-Bruno-Ganz-neues-VR-Mitglied-management-und-qualitaet-301x350.jpg 301w, https:\/\/www.m-q.ch\/wp-content\/uploads\/2016\/12\/Avectris-Bruno-Ganz-neues-VR-Mitglied-management-und-qualitaet-688x800.jpg 688w, https:\/\/www.m-q.ch\/wp-content\/uploads\/2016\/12\/Avectris-Bruno-Ganz-neues-VR-Mitglied-management-und-qualitaet-920x1069.jpg 920w, https:\/\/www.m-q.ch\/wp-content\/uploads\/2016\/12\/Avectris-Bruno-Ganz-neues-VR-Mitglied-management-und-qualitaet-1400x1627.jpg 1400w, https:\/\/www.m-q.ch\/wp-content\/uploads\/2016\/12\/Avectris-Bruno-Ganz-neues-VR-Mitglied-management-und-qualitaet-1204x1400.jpg 1204w, https:\/\/www.m-q.ch\/wp-content\/uploads\/2016\/12\/Avectris-Bruno-Ganz-neues-VR-Mitglied-management-und-qualitaet-300x349.jpg 300w, https:\/\/www.m-q.ch\/wp-content\/uploads\/2016\/12\/Avectris-Bruno-Ganz-neues-VR-Mitglied-management-und-qualitaet-881x1024.jpg 881w, https:\/\/www.m-q.ch\/wp-content\/uploads\/2016\/12\/Avectris-Bruno-Ganz-neues-VR-Mitglied-management-und-qualitaet-624x725.jpg 624w\" sizes=\"auto, (max-width: 680px) 100vw, 680px\" \/><\/a><figcaption id=\"caption-attachment-61\" class=\"wp-caption-text\">Bruno Ganz, nouveau membre du conseil d'administration d'Avectris<\/figcaption><\/figure>\n<p>La carri\u00e8re de Bruno Ganz (63 ans) l'a amen\u00e9 \u00e0 occuper diff\u00e9rents postes de direction, principalement dans les domaines de l'informatique et de l'\u00e9nergie. Il a notamment \u00e9t\u00e9 responsable du d\u00e9veloppement des techniques d'entra\u00eenement et de l'\u00e9lectronique de puissance chez ABB, membre du directoire de Siemens Suisse, responsable des logiciels et du mat\u00e9riel, chef de l'\u00e9quipe des logiciels et de l'\u00e9lectronique chez Helbling, et PDG de Dectrosuisse Electronic Design AG et d'Isotron AG.<\/p>\n<p>Depuis 2006, il est directeur g\u00e9n\u00e9ral de l'entreprise de services Energie Pool Schweiz et membre du conseil d'administration d'\"Electrosuisse\", l'organisation professionnelle pour l'\u00e9lectricit\u00e9, l'\u00e9nergie et les technologies de l'information. Bruno Ganz est titulaire d'un dipl\u00f4me d'ing\u00e9nieur \u00e9lectricien de l'\u00c9cole polytechnique f\u00e9d\u00e9rale (ETH) et d'une formation en gestion du Cours suisse de gestion d'entreprise (SKU).<\/p>\n<p>Le conseil d'administration et l'actionnaire mandataire EKZ sont convaincus d'avoir trouv\u00e9 en Bruno Ganz un membre du conseil d'administration d'Avectris qui compl\u00e8te de mani\u00e8re optimale l'\u00e9quipe existante et peut apporter une contribution pr\u00e9cieuse \u00e0 la poursuite de la mise en \u0153uvre r\u00e9ussie de la strat\u00e9gie d'Avectris. Avectris vise \u00e0 devenir le premier fournisseur de services informatiques pour le secteur des services publics et les PME.<\/p>","protected":false},"excerpt":{"rendered":"<p>Die Karriere von Bruno Ganz (63) f\u00fchrte durch diverse leitende Funktionen, schwergewichtig im Bereich Informationstechnologie und Energie. Unter anderem war er t\u00e4tig als Entwicklungsleiter Antriebstechnik und Leistungselektronik bei der ABB, Gesch\u00e4ftsleitungsmitglied der Siemens Schweiz und verantwortlich f\u00fcr den Bereich Software und Hardware, Leiter des Software und Elektronik-Teams bei Helbling sowie als CEO bei Dectrosuisse Electronic [&hellip;]<\/p>\n","protected":false},"author":1,"featured_media":61,"comment_status":"open","ping_status":"open","sticky":false,"template":"","format":"standard","meta":{"_acf_changed":false,"footnotes":""},"categories":[1],"tags":[3335],"class_list":["post-284","post","type-post","status-publish","format-standard","has-post-thumbnail","hentry","category-unkategorisiert","tag-personalia"],"acf":[],"yoast_head":"<!-- This site is optimized with the Yoast SEO plugin v26.2 - https:\/\/yoast.com\/wordpress\/plugins\/seo\/ -->\n<title>Avectris: Bruno Ganz neues VR-Mitglied - MQ Management und Qualit\u00e4t<\/title>\n<meta name=\"description\" content=\"Anl\u00e4sslich der ausserordentlichen Generalversammlung vom 18. November 2015 wurde Bruno Ganz zum neuen Mitglied des Verwaltungsrats der Avectris gew\u00e4hlt.\" \/>\n<meta name=\"robots\" content=\"index, follow, max-snippet:-1, max-image-preview:large, max-video-preview:-1\" \/>\n<link rel=\"canonical\" href=\"https:\/\/www.m-q.ch\/fr\/avectris-bruno-tout-nouveau-membre-du-cv\/\" \/>\n<meta property=\"og:locale\" content=\"fr_FR\" \/>\n<meta property=\"og:type\" content=\"article\" \/>\n<meta property=\"og:title\" content=\"Avectris: Bruno Ganz neues VR-Mitglied\" \/>\n<meta property=\"og:description\" content=\"Anl\u00e4sslich der ausserordentlichen Generalversammlung vom 18. November 2015 wurde Bruno Ganz zum neuen Mitglied des Verwaltungsrats der Avectris gew\u00e4hlt.\" \/>\n<meta property=\"og:url\" content=\"https:\/\/www.m-q.ch\/fr\/avectris-bruno-tout-nouveau-membre-du-cv\/\" \/>\n<meta property=\"og:site_name\" content=\"MQ Management und Qualit\u00e4t\" \/>\n<meta property=\"article:publisher\" content=\"https:\/\/www.facebook.com\/ManagementUndQualitaet\" \/>\n<meta property=\"article:published_time\" content=\"2015-12-21T15:46:07+00:00\" \/>\n<meta property=\"article:modified_time\" content=\"2017-03-01T15:00:53+00:00\" \/>\n<meta property=\"og:image\" content=\"https:\/\/www.m-q.ch\/wp-content\/uploads\/2016\/12\/Avectris-Bruno-Ganz-neues-VR-Mitglied-management-und-qualitaet.jpg\" \/>\n<meta name=\"author\" content=\"galledia\" \/>\n<meta name=\"twitter:card\" content=\"summary_large_image\" \/>\n<meta name=\"twitter:label1\" content=\"\u00c9crit par\" \/>\n\t<meta name=\"twitter:data1\" content=\"galledia\" \/>\n\t<meta name=\"twitter:label2\" content=\"Dur\u00e9e de lecture estim\u00e9e\" \/>\n\t<meta name=\"twitter:data2\" content=\"1 minute\" \/>\n<script type=\"application\/ld+json\" class=\"yoast-schema-graph\">{\"@context\":\"https:\/\/schema.org\",\"@graph\":[{\"@type\":\"Article\",\"@id\":\"https:\/\/www.m-q.ch\/de\/avectris-bruno-ganz-neues-vr-mitglied\/#article\",\"isPartOf\":{\"@id\":\"https:\/\/www.m-q.ch\/de\/avectris-bruno-ganz-neues-vr-mitglied\/\"},\"author\":{\"name\":\"galledia\",\"@id\":\"https:\/\/www.m-q.ch\/fr\/#\/schema\/person\/c0139a2c55a374db6df2cde78ec87148\"},\"headline\":\"Avectris: Bruno Ganz neues VR-Mitglied\",\"datePublished\":\"2015-12-21T15:46:07+00:00\",\"dateModified\":\"2017-03-01T15:00:53+00:00\",\"mainEntityOfPage\":{\"@id\":\"https:\/\/www.m-q.ch\/de\/avectris-bruno-ganz-neues-vr-mitglied\/\"},\"wordCount\":184,\"commentCount\":0,\"publisher\":{\"@id\":\"https:\/\/www.m-q.ch\/fr\/#organization\"},\"image\":{\"@id\":\"https:\/\/www.m-q.ch\/de\/avectris-bruno-ganz-neues-vr-mitglied\/#primaryimage\"},\"thumbnailUrl\":\"https:\/\/www.m-q.ch\/wp-content\/uploads\/2016\/12\/Avectris-Bruno-Ganz-neues-VR-Mitglied-management-und-qualitaet-scaled.jpg\",\"keywords\":[\"Personalia\"],\"articleSection\":[\"Unkategorisiert\"],\"inLanguage\":\"fr-FR\"},{\"@type\":\"WebPage\",\"@id\":\"https:\/\/www.m-q.ch\/de\/avectris-bruno-ganz-neues-vr-mitglied\/\",\"url\":\"https:\/\/www.m-q.ch\/de\/avectris-bruno-ganz-neues-vr-mitglied\/\",\"name\":\"Avectris: Bruno Ganz neues VR-Mitglied - MQ Management und Qualit\u00e4t\",\"isPartOf\":{\"@id\":\"https:\/\/www.m-q.ch\/fr\/#website\"},\"primaryImageOfPage\":{\"@id\":\"https:\/\/www.m-q.ch\/de\/avectris-bruno-ganz-neues-vr-mitglied\/#primaryimage\"},\"image\":{\"@id\":\"https:\/\/www.m-q.ch\/de\/avectris-bruno-ganz-neues-vr-mitglied\/#primaryimage\"},\"thumbnailUrl\":\"https:\/\/www.m-q.ch\/wp-content\/uploads\/2016\/12\/Avectris-Bruno-Ganz-neues-VR-Mitglied-management-und-qualitaet-scaled.jpg\",\"datePublished\":\"2015-12-21T15:46:07+00:00\",\"dateModified\":\"2017-03-01T15:00:53+00:00\",\"description\":\"Anl\u00e4sslich der ausserordentlichen Generalversammlung vom 18. November 2015 wurde Bruno Ganz zum neuen Mitglied des Verwaltungsrats der Avectris gew\u00e4hlt.\",\"breadcrumb\":{\"@id\":\"https:\/\/www.m-q.ch\/de\/avectris-bruno-ganz-neues-vr-mitglied\/#breadcrumb\"},\"inLanguage\":\"fr-FR\",\"potentialAction\":[{\"@type\":\"ReadAction\",\"target\":[\"https:\/\/www.m-q.ch\/de\/avectris-bruno-ganz-neues-vr-mitglied\/\"]}]},{\"@type\":\"ImageObject\",\"inLanguage\":\"fr-FR\",\"@id\":\"https:\/\/www.m-q.ch\/de\/avectris-bruno-ganz-neues-vr-mitglied\/#primaryimage\",\"url\":\"https:\/\/www.m-q.ch\/wp-content\/uploads\/2016\/12\/Avectris-Bruno-Ganz-neues-VR-Mitglied-management-und-qualitaet-scaled.jpg\",\"contentUrl\":\"https:\/\/www.m-q.ch\/wp-content\/uploads\/2016\/12\/Avectris-Bruno-Ganz-neues-VR-Mitglied-management-und-qualitaet-scaled.jpg\",\"width\":2202,\"height\":2560,\"caption\":\"Bruno Ganz, neues VR-Mitglied von Avectris\"},{\"@type\":\"BreadcrumbList\",\"@id\":\"https:\/\/www.m-q.ch\/de\/avectris-bruno-ganz-neues-vr-mitglied\/#breadcrumb\",\"itemListElement\":[{\"@type\":\"ListItem\",\"position\":1,\"name\":\"Unkategorisiert\",\"item\":\"https:\/\/www.m-q.ch\/it\/categoria\/senza-categoria\/\"},{\"@type\":\"ListItem\",\"position\":2,\"name\":\"Avectris: Bruno Ganz neues VR-Mitglied\"}]},{\"@type\":\"WebSite\",\"@id\":\"https:\/\/www.m-q.ch\/fr\/#website\",\"url\":\"https:\/\/www.m-q.ch\/fr\/\",\"name\":\"MQ Management und Qualit\u00e4t\",\"description\":\"Plattform f\u00fcr integrierte Managementsysteme.\",\"publisher\":{\"@id\":\"https:\/\/www.m-q.ch\/fr\/#organization\"},\"potentialAction\":[{\"@type\":\"SearchAction\",\"target\":{\"@type\":\"EntryPoint\",\"urlTemplate\":\"https:\/\/www.m-q.ch\/fr\/?s={search_term_string}\"},\"query-input\":{\"@type\":\"PropertyValueSpecification\",\"valueRequired\":true,\"valueName\":\"search_term_string\"}}],\"inLanguage\":\"fr-FR\"},{\"@type\":\"Organization\",\"@id\":\"https:\/\/www.m-q.ch\/fr\/#organization\",\"name\":\"Galledia Fachmedien AG\",\"url\":\"https:\/\/www.m-q.ch\/fr\/\",\"logo\":{\"@type\":\"ImageObject\",\"inLanguage\":\"fr-FR\",\"@id\":\"https:\/\/www.m-q.ch\/fr\/#\/schema\/logo\/image\/\",\"url\":\"https:\/\/www.m-q.ch\/wp-content\/uploads\/2020\/12\/cropped-logo_small.png\",\"contentUrl\":\"https:\/\/www.m-q.ch\/wp-content\/uploads\/2020\/12\/cropped-logo_small.png\",\"width\":512,\"height\":512,\"caption\":\"Galledia Fachmedien AG\"},\"image\":{\"@id\":\"https:\/\/www.m-q.ch\/fr\/#\/schema\/logo\/image\/\"},\"sameAs\":[\"https:\/\/www.facebook.com\/ManagementUndQualitaet\",\"https:\/\/www.linkedin.com\/showcase\/17982321\/admin\/\"]},{\"@type\":\"Person\",\"@id\":\"https:\/\/www.m-q.ch\/fr\/#\/schema\/person\/c0139a2c55a374db6df2cde78ec87148\",\"name\":\"galledia\",\"image\":{\"@type\":\"ImageObject\",\"inLanguage\":\"fr-FR\",\"@id\":\"https:\/\/www.m-q.ch\/fr\/#\/schema\/person\/image\/\",\"url\":\"https:\/\/secure.gravatar.com\/avatar\/66edf527eac29e9a5eb25bcada01f61a?s=96&d=mm&r=g\",\"contentUrl\":\"https:\/\/secure.gravatar.com\/avatar\/66edf527eac29e9a5eb25bcada01f61a?s=96&d=mm&r=g\",\"caption\":\"galledia\"},\"url\":\"https:\/\/www.m-q.ch\/fr\/author\/galledia\/\"}]}<\/script>\n<!-- \/ Yoast SEO plugin. -->","yoast_head_json":{"title":"Avectris : Bruno Ganz nouveau membre du conseil d'administration - MQ Management und Qualit\u00e4t","description":"Lors de l'Assembl\u00e9e G\u00e9n\u00e9rale Extraordinaire du 18 novembre 2015, Bruno Ganz a \u00e9t\u00e9 \u00e9lu comme nouveau membre du Conseil d'Administration d'Avectris.","robots":{"index":"index","follow":"follow","max-snippet":"max-snippet:-1","max-image-preview":"max-image-preview:large","max-video-preview":"max-video-preview:-1"},"canonical":"https:\/\/www.m-q.ch\/fr\/avectris-bruno-tout-nouveau-membre-du-cv\/","og_locale":"fr_FR","og_type":"article","og_title":"Avectris: Bruno Ganz neues VR-Mitglied","og_description":"Anl\u00e4sslich der ausserordentlichen Generalversammlung vom 18. November 2015 wurde Bruno Ganz zum neuen Mitglied des Verwaltungsrats der Avectris gew\u00e4hlt.","og_url":"https:\/\/www.m-q.ch\/fr\/avectris-bruno-tout-nouveau-membre-du-cv\/","og_site_name":"MQ Management und Qualit\u00e4t","article_publisher":"https:\/\/www.facebook.com\/ManagementUndQualitaet","article_published_time":"2015-12-21T15:46:07+00:00","article_modified_time":"2017-03-01T15:00:53+00:00","og_image":[{"url":"https:\/\/www.m-q.ch\/wp-content\/uploads\/2016\/12\/Avectris-Bruno-Ganz-neues-VR-Mitglied-management-und-qualitaet.jpg","type":"","width":"","height":""}],"author":"galledia","twitter_card":"summary_large_image","twitter_misc":{"\u00c9crit par":"galledia","Dur\u00e9e de lecture estim\u00e9e":"1 minute"},"schema":{"@context":"https:\/\/schema.org","@graph":[{"@type":"Article","@id":"https:\/\/www.m-q.ch\/de\/avectris-bruno-ganz-neues-vr-mitglied\/#article","isPartOf":{"@id":"https:\/\/www.m-q.ch\/de\/avectris-bruno-ganz-neues-vr-mitglied\/"},"author":{"name":"galledia","@id":"https:\/\/www.m-q.ch\/fr\/#\/schema\/person\/c0139a2c55a374db6df2cde78ec87148"},"headline":"Avectris: Bruno Ganz neues VR-Mitglied","datePublished":"2015-12-21T15:46:07+00:00","dateModified":"2017-03-01T15:00:53+00:00","mainEntityOfPage":{"@id":"https:\/\/www.m-q.ch\/de\/avectris-bruno-ganz-neues-vr-mitglied\/"},"wordCount":184,"commentCount":0,"publisher":{"@id":"https:\/\/www.m-q.ch\/fr\/#organization"},"image":{"@id":"https:\/\/www.m-q.ch\/de\/avectris-bruno-ganz-neues-vr-mitglied\/#primaryimage"},"thumbnailUrl":"https:\/\/www.m-q.ch\/wp-content\/uploads\/2016\/12\/Avectris-Bruno-Ganz-neues-VR-Mitglied-management-und-qualitaet-scaled.jpg","keywords":["Personalia"],"articleSection":["Unkategorisiert"],"inLanguage":"fr-FR"},{"@type":"WebPage","@id":"https:\/\/www.m-q.ch\/de\/avectris-bruno-ganz-neues-vr-mitglied\/","url":"https:\/\/www.m-q.ch\/de\/avectris-bruno-ganz-neues-vr-mitglied\/","name":"Avectris : Bruno Ganz nouveau membre du conseil d'administration - MQ Management und Qualit\u00e4t","isPartOf":{"@id":"https:\/\/www.m-q.ch\/fr\/#website"},"primaryImageOfPage":{"@id":"https:\/\/www.m-q.ch\/de\/avectris-bruno-ganz-neues-vr-mitglied\/#primaryimage"},"image":{"@id":"https:\/\/www.m-q.ch\/de\/avectris-bruno-ganz-neues-vr-mitglied\/#primaryimage"},"thumbnailUrl":"https:\/\/www.m-q.ch\/wp-content\/uploads\/2016\/12\/Avectris-Bruno-Ganz-neues-VR-Mitglied-management-und-qualitaet-scaled.jpg","datePublished":"2015-12-21T15:46:07+00:00","dateModified":"2017-03-01T15:00:53+00:00","description":"Lors de l'Assembl\u00e9e G\u00e9n\u00e9rale Extraordinaire du 18 novembre 2015, Bruno Ganz a \u00e9t\u00e9 \u00e9lu comme nouveau membre du Conseil d'Administration d'Avectris.","breadcrumb":{"@id":"https:\/\/www.m-q.ch\/de\/avectris-bruno-ganz-neues-vr-mitglied\/#breadcrumb"},"inLanguage":"fr-FR","potentialAction":[{"@type":"ReadAction","target":["https:\/\/www.m-q.ch\/de\/avectris-bruno-ganz-neues-vr-mitglied\/"]}]},{"@type":"ImageObject","inLanguage":"fr-FR","@id":"https:\/\/www.m-q.ch\/de\/avectris-bruno-ganz-neues-vr-mitglied\/#primaryimage","url":"https:\/\/www.m-q.ch\/wp-content\/uploads\/2016\/12\/Avectris-Bruno-Ganz-neues-VR-Mitglied-management-und-qualitaet-scaled.jpg","contentUrl":"https:\/\/www.m-q.ch\/wp-content\/uploads\/2016\/12\/Avectris-Bruno-Ganz-neues-VR-Mitglied-management-und-qualitaet-scaled.jpg","width":2202,"height":2560,"caption":"Bruno Ganz, neues VR-Mitglied von Avectris"},{"@type":"BreadcrumbList","@id":"https:\/\/www.m-q.ch\/de\/avectris-bruno-ganz-neues-vr-mitglied\/#breadcrumb","itemListElement":[{"@type":"ListItem","position":1,"name":"Unkategorisiert","item":"https:\/\/www.m-q.ch\/it\/categoria\/senza-categoria\/"},{"@type":"ListItem","position":2,"name":"Avectris: Bruno Ganz neues VR-Mitglied"}]},{"@type":"WebSite","@id":"https:\/\/www.m-q.ch\/fr\/#website","url":"https:\/\/www.m-q.ch\/fr\/","name":"Gestion et qualit\u00e9 du QM","description":"Plate-forme pour les syst\u00e8mes de gestion int\u00e9gr\u00e9e.","publisher":{"@id":"https:\/\/www.m-q.ch\/fr\/#organization"},"potentialAction":[{"@type":"SearchAction","target":{"@type":"EntryPoint","urlTemplate":"https:\/\/www.m-q.ch\/fr\/?s={search_term_string}"},"query-input":{"@type":"PropertyValueSpecification","valueRequired":true,"valueName":"search_term_string"}}],"inLanguage":"fr-FR"},{"@type":"Organization","@id":"https:\/\/www.m-q.ch\/fr\/#organization","name":"Galledia Trade Media AG","url":"https:\/\/www.m-q.ch\/fr\/","logo":{"@type":"ImageObject","inLanguage":"fr-FR","@id":"https:\/\/www.m-q.ch\/fr\/#\/schema\/logo\/image\/","url":"https:\/\/www.m-q.ch\/wp-content\/uploads\/2020\/12\/cropped-logo_small.png","contentUrl":"https:\/\/www.m-q.ch\/wp-content\/uploads\/2020\/12\/cropped-logo_small.png","width":512,"height":512,"caption":"Galledia Fachmedien AG"},"image":{"@id":"https:\/\/www.m-q.ch\/fr\/#\/schema\/logo\/image\/"},"sameAs":["https:\/\/www.facebook.com\/ManagementUndQualitaet","https:\/\/www.linkedin.com\/showcase\/17982321\/admin\/"]},{"@type":"Person","@id":"https:\/\/www.m-q.ch\/fr\/#\/schema\/person\/c0139a2c55a374db6df2cde78ec87148","name":"galledia","image":{"@type":"ImageObject","inLanguage":"fr-FR","@id":"https:\/\/www.m-q.ch\/fr\/#\/schema\/person\/image\/","url":"https:\/\/secure.gravatar.com\/avatar\/66edf527eac29e9a5eb25bcada01f61a?s=96&d=mm&r=g","contentUrl":"https:\/\/secure.gravatar.com\/avatar\/66edf527eac29e9a5eb25bcada01f61a?s=96&d=mm&r=g","caption":"galledia"},"url":"https:\/\/www.m-q.ch\/fr\/author\/galledia\/"}]}},"_links":{"self":[{"href":"https:\/\/www.m-q.ch\/fr\/wp-json\/wp\/v2\/posts\/284","targetHints":{"allow":["GET"]}}],"collection":[{"href":"https:\/\/www.m-q.ch\/fr\/wp-json\/wp\/v2\/posts"}],"about":[{"href":"https:\/\/www.m-q.ch\/fr\/wp-json\/wp\/v2\/types\/post"}],"author":[{"embeddable":true,"href":"https:\/\/www.m-q.ch\/fr\/wp-json\/wp\/v2\/users\/1"}],"replies":[{"embeddable":true,"href":"https:\/\/www.m-q.ch\/fr\/wp-json\/wp\/v2\/comments?post=284"}],"version-history":[{"count":2,"href":"https:\/\/www.m-q.ch\/fr\/wp-json\/wp\/v2\/posts\/284\/revisions"}],"predecessor-version":[{"id":954,"href":"https:\/\/www.m-q.ch\/fr\/wp-json\/wp\/v2\/posts\/284\/revisions\/954"}],"wp:featuredmedia":[{"embeddable":true,"href":"https:\/\/www.m-q.ch\/fr\/wp-json\/wp\/v2\/media\/61"}],"wp:attachment":[{"href":"https:\/\/www.m-q.ch\/fr\/wp-json\/wp\/v2\/media?parent=284"}],"wp:term":[{"taxonomy":"category","embeddable":true,"href":"https:\/\/www.m-q.ch\/fr\/wp-json\/wp\/v2\/categories?post=284"},{"taxonomy":"post_tag","embeddable":true,"href":"https:\/\/www.m-q.ch\/fr\/wp-json\/wp\/v2\/tags?post=284"}],"curies":[{"name":"wp","href":"https:\/\/api.w.org\/{rel}","templated":true}]}}