{"id":288,"date":"2016-01-15T16:48:17","date_gmt":"2016-01-15T15:48:17","guid":{"rendered":"http:\/\/dev.m-q.ch\/?p=288"},"modified":"2017-02-23T14:12:18","modified_gmt":"2017-02-23T13:12:18","slug":"cfos-reussi-annonce","status":"publish","type":"post","link":"https:\/\/www.m-q.ch\/fr\/erfolgreiche-cfos-gekuert\/","title":{"rendered":"Des directeurs financiers \u00e9lus avec succ\u00e8s"},"content":{"rendered":"<figure id=\"attachment_105\" aria-describedby=\"caption-attachment-105\" style=\"width: 422px\" class=\"wp-caption alignnone\"><a href=\"https:\/\/m-q.ch\/wp-content\/uploads\/2016\/12\/Erfolgreiche-CFOs-gek\u00fcrt-management-und-qualitaet.png\"><img loading=\"lazy\" decoding=\"async\" class=\"wp-image-105 size-full\" src=\"https:\/\/www.m-q.ch\/wp-content\/uploads\/2016\/12\/Erfolgreiche-CFOs-gek\u00fcrt-management-und-qualitaet.png\" width=\"422\" height=\"532\" srcset=\"https:\/\/www.m-q.ch\/wp-content\/uploads\/2016\/12\/Erfolgreiche-CFOs-gek\u00fcrt-management-und-qualitaet.png 422w, https:\/\/www.m-q.ch\/wp-content\/uploads\/2016\/12\/Erfolgreiche-CFOs-gek\u00fcrt-management-und-qualitaet-10x12.png 10w, https:\/\/www.m-q.ch\/wp-content\/uploads\/2016\/12\/Erfolgreiche-CFOs-gek\u00fcrt-management-und-qualitaet-139x175.png 139w, https:\/\/www.m-q.ch\/wp-content\/uploads\/2016\/12\/Erfolgreiche-CFOs-gek\u00fcrt-management-und-qualitaet-278x350.png 278w, https:\/\/www.m-q.ch\/wp-content\/uploads\/2016\/12\/Erfolgreiche-CFOs-gek\u00fcrt-management-und-qualitaet-300x378.png 300w\" sizes=\"auto, (max-width: 422px) 100vw, 422px\" \/><\/a><figcaption id=\"caption-attachment-105\" class=\"wp-caption-text\">Pius Bernet, directeur financier de la Fondation suisse pour parapl\u00e9giques.<\/figcaption><\/figure>\n<p>&nbsp;<\/p>\n<p>Trois grands directeurs financiers ont \u00e9t\u00e9 r\u00e9compens\u00e9s le 13 janvier 2016. Dans la cat\u00e9gorie \"entreprises PMI\", Dieter Enkelmann, directeur financier de Julius Baer, a remport\u00e9 le prix du directeur financier de l'ann\u00e9e. Dans son r\u00f4le actuel, Dieter Enkelmann se distingue notamment par son esprit analytique et sa rapidit\u00e9 de r\u00e9flexion ainsi que par son orientation \u00e0 long terme.<\/p>\n<p>Dans la cat\u00e9gorie \"SPI Company\", le prix est d\u00e9cern\u00e9 au directeur financier de Barry Callebaut, Victor Balli. Avec environ 9 500 employ\u00e9s dans plus de 28 pays, Callebaut dirige une \u00e9quipe plut\u00f4t r\u00e9duite. Toutefois, il a jou\u00e9 un r\u00f4le d\u00e9cisif dans la formation du groupe. Il m\u00e9rite le titre de directeur financier de l'ann\u00e9e en raison de son parcours \u00e9prouv\u00e9.<\/p>\n<p>Pius Bernet, directeur financier de la Fondation suisse pour parapl\u00e9giques, a re\u00e7u le prix dans la cat\u00e9gorie \"Membres des directeurs financiers\". Pius Bernet se distingue par ses nombreuses ann\u00e9es d'exp\u00e9rience dans diverses industries. Au cours de sa carri\u00e8re, il a travaill\u00e9 pour des entreprises et des fondations cot\u00e9es et non cot\u00e9es.<\/p>\n<p>Dans son poste actuel, qu'il occupe depuis plus de 6 ans, il a su appliquer et mettre en \u0153uvre avec succ\u00e8s toutes les comp\u00e9tences qui composent un directeur financier. Ses contributions ont \u00e9t\u00e9 essentielles pour une gestion r\u00e9ussie du changement et un repositionnement de l'organisation. Il ne s'agissait pas seulement de questions financi\u00e8res telles que la conversion et la professionnalisation de la comptabilit\u00e9 et l'augmentation de la transparence pour les parties prenantes, mais aussi de fa\u00e7onner de mani\u00e8re d\u00e9cisive une gouvernance d'entreprise moderne dans une structure complexe ainsi que de r\u00e9tablir la confiance d'un large public.<\/p>\n<p><a href=\"http:\/\/www.cfos.ch\" target=\"_blank\" data-cke-saved-href=\"http:\/\/www.cfos.ch\">www.cfos.ch<\/a><\/p>","protected":false},"excerpt":{"rendered":"<p>&nbsp; Gleich drei f\u00fchrende Finanzchefs wurden am 13. Januar 2016 ausgezeichnet. In der Kategorie \u201eSMI-Unternehmen\u201c gewinnt Dieter Enkelmann, CFO von Julius B\u00e4r, die Auszeichnung des CFO of the Year. In seiner heutigen Funktion sei Dieter Enkelmann insbesondere durch sein analytisches und schnelles Denken sowie durch seine langfristige Orientierung aufgefallen. In der Kategorie \u201eSPI-Unternehmen\u201c geht der [&hellip;]<\/p>\n","protected":false},"author":1,"featured_media":105,"comment_status":"open","ping_status":"open","sticky":false,"template":"","format":"standard","meta":{"_acf_changed":false,"footnotes":""},"categories":[1],"tags":[],"class_list":["post-288","post","type-post","status-publish","format-standard","has-post-thumbnail","hentry","category-unkategorisiert"],"acf":[],"yoast_head":"<!-- This site is optimized with the Yoast SEO plugin v26.2 - https:\/\/yoast.com\/wordpress\/plugins\/seo\/ -->\n<title>Erfolgreiche CFOs gek\u00fcrt - MQ Management und Qualit\u00e4t<\/title>\n<meta name=\"description\" content=\"Am vergangenen Swiss CFO Day vom 13. Januar 2016 wurden profilierte Finanzverantwortliche mit dem CFO of the Year Award 2016 gek\u00fcrt.\" \/>\n<meta name=\"robots\" content=\"index, follow, max-snippet:-1, max-image-preview:large, max-video-preview:-1\" \/>\n<link rel=\"canonical\" href=\"https:\/\/www.m-q.ch\/fr\/cfos-reussi-annonce\/\" \/>\n<meta property=\"og:locale\" content=\"fr_FR\" \/>\n<meta property=\"og:type\" content=\"article\" \/>\n<meta property=\"og:title\" content=\"Erfolgreiche CFOs gek\u00fcrt\" \/>\n<meta property=\"og:description\" content=\"Dem CFO Forum Schweiz, einem Verband, geh\u00f6ren mehr als 540 Finanzchefs an. Am vergangenen Swiss CFO Day vom 13. Januar 2016 wurden profilierte Finanzverantwortliche mit dem CFO of the Year Award 2016 gek\u00fcrt.\" \/>\n<meta property=\"og:url\" content=\"https:\/\/www.m-q.ch\/fr\/cfos-reussi-annonce\/\" \/>\n<meta property=\"og:site_name\" content=\"MQ Management und Qualit\u00e4t\" \/>\n<meta property=\"article:publisher\" content=\"https:\/\/www.facebook.com\/ManagementUndQualitaet\" \/>\n<meta property=\"article:published_time\" content=\"2016-01-15T15:48:17+00:00\" \/>\n<meta property=\"article:modified_time\" content=\"2017-02-23T13:12:18+00:00\" \/>\n<meta property=\"og:image\" content=\"https:\/\/www.m-q.ch\/wp-content\/uploads\/2016\/12\/Erfolgreiche-CFOs-gek\u00fcrt-management-und-qualitaet.png\" \/>\n<meta name=\"author\" content=\"galledia\" \/>\n<meta name=\"twitter:card\" content=\"summary_large_image\" \/>\n<meta name=\"twitter:label1\" content=\"\u00c9crit par\" \/>\n\t<meta name=\"twitter:data1\" content=\"galledia\" \/>\n\t<meta name=\"twitter:label2\" content=\"Dur\u00e9e de lecture estim\u00e9e\" \/>\n\t<meta name=\"twitter:data2\" content=\"1 minute\" \/>\n<script type=\"application\/ld+json\" class=\"yoast-schema-graph\">{\"@context\":\"https:\/\/schema.org\",\"@graph\":[{\"@type\":\"Article\",\"@id\":\"https:\/\/www.m-q.ch\/de\/erfolgreiche-cfos-gekuert\/#article\",\"isPartOf\":{\"@id\":\"https:\/\/www.m-q.ch\/de\/erfolgreiche-cfos-gekuert\/\"},\"author\":{\"name\":\"galledia\",\"@id\":\"https:\/\/www.m-q.ch\/fr\/#\/schema\/person\/c0139a2c55a374db6df2cde78ec87148\"},\"headline\":\"Erfolgreiche CFOs gek\u00fcrt\",\"datePublished\":\"2016-01-15T15:48:17+00:00\",\"dateModified\":\"2017-02-23T13:12:18+00:00\",\"mainEntityOfPage\":{\"@id\":\"https:\/\/www.m-q.ch\/de\/erfolgreiche-cfos-gekuert\/\"},\"wordCount\":254,\"commentCount\":0,\"publisher\":{\"@id\":\"https:\/\/www.m-q.ch\/fr\/#organization\"},\"image\":{\"@id\":\"https:\/\/www.m-q.ch\/de\/erfolgreiche-cfos-gekuert\/#primaryimage\"},\"thumbnailUrl\":\"https:\/\/www.m-q.ch\/wp-content\/uploads\/2016\/12\/Erfolgreiche-CFOs-gek\u00fcrt-management-und-qualitaet.png\",\"articleSection\":[\"Unkategorisiert\"],\"inLanguage\":\"fr-FR\"},{\"@type\":\"WebPage\",\"@id\":\"https:\/\/www.m-q.ch\/de\/erfolgreiche-cfos-gekuert\/\",\"url\":\"https:\/\/www.m-q.ch\/de\/erfolgreiche-cfos-gekuert\/\",\"name\":\"Erfolgreiche CFOs gek\u00fcrt - MQ Management und Qualit\u00e4t\",\"isPartOf\":{\"@id\":\"https:\/\/www.m-q.ch\/fr\/#website\"},\"primaryImageOfPage\":{\"@id\":\"https:\/\/www.m-q.ch\/de\/erfolgreiche-cfos-gekuert\/#primaryimage\"},\"image\":{\"@id\":\"https:\/\/www.m-q.ch\/de\/erfolgreiche-cfos-gekuert\/#primaryimage\"},\"thumbnailUrl\":\"https:\/\/www.m-q.ch\/wp-content\/uploads\/2016\/12\/Erfolgreiche-CFOs-gek\u00fcrt-management-und-qualitaet.png\",\"datePublished\":\"2016-01-15T15:48:17+00:00\",\"dateModified\":\"2017-02-23T13:12:18+00:00\",\"description\":\"Am vergangenen Swiss CFO Day vom 13. Januar 2016 wurden profilierte Finanzverantwortliche mit dem CFO of the Year Award 2016 gek\u00fcrt.\",\"breadcrumb\":{\"@id\":\"https:\/\/www.m-q.ch\/de\/erfolgreiche-cfos-gekuert\/#breadcrumb\"},\"inLanguage\":\"fr-FR\",\"potentialAction\":[{\"@type\":\"ReadAction\",\"target\":[\"https:\/\/www.m-q.ch\/de\/erfolgreiche-cfos-gekuert\/\"]}]},{\"@type\":\"ImageObject\",\"inLanguage\":\"fr-FR\",\"@id\":\"https:\/\/www.m-q.ch\/de\/erfolgreiche-cfos-gekuert\/#primaryimage\",\"url\":\"https:\/\/www.m-q.ch\/wp-content\/uploads\/2016\/12\/Erfolgreiche-CFOs-gek\u00fcrt-management-und-qualitaet.png\",\"contentUrl\":\"https:\/\/www.m-q.ch\/wp-content\/uploads\/2016\/12\/Erfolgreiche-CFOs-gek\u00fcrt-management-und-qualitaet.png\",\"width\":422,\"height\":532,\"caption\":\"Pius Bernet, CFO der Schweizer Paraplegiker Stiftung.\"},{\"@type\":\"BreadcrumbList\",\"@id\":\"https:\/\/www.m-q.ch\/de\/erfolgreiche-cfos-gekuert\/#breadcrumb\",\"itemListElement\":[{\"@type\":\"ListItem\",\"position\":1,\"name\":\"Unkategorisiert\",\"item\":\"https:\/\/www.m-q.ch\/it\/categoria\/senza-categoria\/\"},{\"@type\":\"ListItem\",\"position\":2,\"name\":\"Erfolgreiche CFOs gek\u00fcrt\"}]},{\"@type\":\"WebSite\",\"@id\":\"https:\/\/www.m-q.ch\/fr\/#website\",\"url\":\"https:\/\/www.m-q.ch\/fr\/\",\"name\":\"MQ Management und Qualit\u00e4t\",\"description\":\"Plattform f\u00fcr integrierte Managementsysteme.\",\"publisher\":{\"@id\":\"https:\/\/www.m-q.ch\/fr\/#organization\"},\"potentialAction\":[{\"@type\":\"SearchAction\",\"target\":{\"@type\":\"EntryPoint\",\"urlTemplate\":\"https:\/\/www.m-q.ch\/fr\/?s={search_term_string}\"},\"query-input\":{\"@type\":\"PropertyValueSpecification\",\"valueRequired\":true,\"valueName\":\"search_term_string\"}}],\"inLanguage\":\"fr-FR\"},{\"@type\":\"Organization\",\"@id\":\"https:\/\/www.m-q.ch\/fr\/#organization\",\"name\":\"Galledia Fachmedien AG\",\"url\":\"https:\/\/www.m-q.ch\/fr\/\",\"logo\":{\"@type\":\"ImageObject\",\"inLanguage\":\"fr-FR\",\"@id\":\"https:\/\/www.m-q.ch\/fr\/#\/schema\/logo\/image\/\",\"url\":\"https:\/\/www.m-q.ch\/wp-content\/uploads\/2020\/12\/cropped-logo_small.png\",\"contentUrl\":\"https:\/\/www.m-q.ch\/wp-content\/uploads\/2020\/12\/cropped-logo_small.png\",\"width\":512,\"height\":512,\"caption\":\"Galledia Fachmedien AG\"},\"image\":{\"@id\":\"https:\/\/www.m-q.ch\/fr\/#\/schema\/logo\/image\/\"},\"sameAs\":[\"https:\/\/www.facebook.com\/ManagementUndQualitaet\",\"https:\/\/www.linkedin.com\/showcase\/17982321\/admin\/\"]},{\"@type\":\"Person\",\"@id\":\"https:\/\/www.m-q.ch\/fr\/#\/schema\/person\/c0139a2c55a374db6df2cde78ec87148\",\"name\":\"galledia\",\"image\":{\"@type\":\"ImageObject\",\"inLanguage\":\"fr-FR\",\"@id\":\"https:\/\/www.m-q.ch\/fr\/#\/schema\/person\/image\/\",\"url\":\"https:\/\/secure.gravatar.com\/avatar\/66edf527eac29e9a5eb25bcada01f61a?s=96&d=mm&r=g\",\"contentUrl\":\"https:\/\/secure.gravatar.com\/avatar\/66edf527eac29e9a5eb25bcada01f61a?s=96&d=mm&r=g\",\"caption\":\"galledia\"},\"url\":\"https:\/\/www.m-q.ch\/fr\/author\/galledia\/\"}]}<\/script>\n<!-- \/ Yoast SEO plugin. -->","yoast_head_json":{"title":"S\u00e9lection des directeurs financiers - MQ Management und Qualit\u00e4t","description":"Lors de la derni\u00e8re Journ\u00e9e suisse du CFO, le 13 janvier 2016, des gestionnaires financiers de premier plan ont re\u00e7u le prix du CFO de l'ann\u00e9e 2016.","robots":{"index":"index","follow":"follow","max-snippet":"max-snippet:-1","max-image-preview":"max-image-preview:large","max-video-preview":"max-video-preview:-1"},"canonical":"https:\/\/www.m-q.ch\/fr\/cfos-reussi-annonce\/","og_locale":"fr_FR","og_type":"article","og_title":"Erfolgreiche CFOs gek\u00fcrt","og_description":"Dem CFO Forum Schweiz, einem Verband, geh\u00f6ren mehr als 540 Finanzchefs an. Am vergangenen Swiss CFO Day vom 13. Januar 2016 wurden profilierte Finanzverantwortliche mit dem CFO of the Year Award 2016 gek\u00fcrt.","og_url":"https:\/\/www.m-q.ch\/fr\/cfos-reussi-annonce\/","og_site_name":"MQ Management und Qualit\u00e4t","article_publisher":"https:\/\/www.facebook.com\/ManagementUndQualitaet","article_published_time":"2016-01-15T15:48:17+00:00","article_modified_time":"2017-02-23T13:12:18+00:00","og_image":[{"url":"https:\/\/www.m-q.ch\/wp-content\/uploads\/2016\/12\/Erfolgreiche-CFOs-gek\u00fcrt-management-und-qualitaet.png","type":"","width":"","height":""}],"author":"galledia","twitter_card":"summary_large_image","twitter_misc":{"\u00c9crit par":"galledia","Dur\u00e9e de lecture estim\u00e9e":"1 minute"},"schema":{"@context":"https:\/\/schema.org","@graph":[{"@type":"Article","@id":"https:\/\/www.m-q.ch\/de\/erfolgreiche-cfos-gekuert\/#article","isPartOf":{"@id":"https:\/\/www.m-q.ch\/de\/erfolgreiche-cfos-gekuert\/"},"author":{"name":"galledia","@id":"https:\/\/www.m-q.ch\/fr\/#\/schema\/person\/c0139a2c55a374db6df2cde78ec87148"},"headline":"Erfolgreiche CFOs gek\u00fcrt","datePublished":"2016-01-15T15:48:17+00:00","dateModified":"2017-02-23T13:12:18+00:00","mainEntityOfPage":{"@id":"https:\/\/www.m-q.ch\/de\/erfolgreiche-cfos-gekuert\/"},"wordCount":254,"commentCount":0,"publisher":{"@id":"https:\/\/www.m-q.ch\/fr\/#organization"},"image":{"@id":"https:\/\/www.m-q.ch\/de\/erfolgreiche-cfos-gekuert\/#primaryimage"},"thumbnailUrl":"https:\/\/www.m-q.ch\/wp-content\/uploads\/2016\/12\/Erfolgreiche-CFOs-gek\u00fcrt-management-und-qualitaet.png","articleSection":["Unkategorisiert"],"inLanguage":"fr-FR"},{"@type":"WebPage","@id":"https:\/\/www.m-q.ch\/de\/erfolgreiche-cfos-gekuert\/","url":"https:\/\/www.m-q.ch\/de\/erfolgreiche-cfos-gekuert\/","name":"S\u00e9lection des directeurs financiers - MQ Management und Qualit\u00e4t","isPartOf":{"@id":"https:\/\/www.m-q.ch\/fr\/#website"},"primaryImageOfPage":{"@id":"https:\/\/www.m-q.ch\/de\/erfolgreiche-cfos-gekuert\/#primaryimage"},"image":{"@id":"https:\/\/www.m-q.ch\/de\/erfolgreiche-cfos-gekuert\/#primaryimage"},"thumbnailUrl":"https:\/\/www.m-q.ch\/wp-content\/uploads\/2016\/12\/Erfolgreiche-CFOs-gek\u00fcrt-management-und-qualitaet.png","datePublished":"2016-01-15T15:48:17+00:00","dateModified":"2017-02-23T13:12:18+00:00","description":"Lors de la derni\u00e8re Journ\u00e9e suisse du CFO, le 13 janvier 2016, des gestionnaires financiers de premier plan ont re\u00e7u le prix du CFO de l'ann\u00e9e 2016.","breadcrumb":{"@id":"https:\/\/www.m-q.ch\/de\/erfolgreiche-cfos-gekuert\/#breadcrumb"},"inLanguage":"fr-FR","potentialAction":[{"@type":"ReadAction","target":["https:\/\/www.m-q.ch\/de\/erfolgreiche-cfos-gekuert\/"]}]},{"@type":"ImageObject","inLanguage":"fr-FR","@id":"https:\/\/www.m-q.ch\/de\/erfolgreiche-cfos-gekuert\/#primaryimage","url":"https:\/\/www.m-q.ch\/wp-content\/uploads\/2016\/12\/Erfolgreiche-CFOs-gek\u00fcrt-management-und-qualitaet.png","contentUrl":"https:\/\/www.m-q.ch\/wp-content\/uploads\/2016\/12\/Erfolgreiche-CFOs-gek\u00fcrt-management-und-qualitaet.png","width":422,"height":532,"caption":"Pius Bernet, CFO der Schweizer Paraplegiker Stiftung."},{"@type":"BreadcrumbList","@id":"https:\/\/www.m-q.ch\/de\/erfolgreiche-cfos-gekuert\/#breadcrumb","itemListElement":[{"@type":"ListItem","position":1,"name":"Unkategorisiert","item":"https:\/\/www.m-q.ch\/it\/categoria\/senza-categoria\/"},{"@type":"ListItem","position":2,"name":"Erfolgreiche CFOs gek\u00fcrt"}]},{"@type":"WebSite","@id":"https:\/\/www.m-q.ch\/fr\/#website","url":"https:\/\/www.m-q.ch\/fr\/","name":"Gestion et qualit\u00e9 du QM","description":"Plate-forme pour les syst\u00e8mes de gestion int\u00e9gr\u00e9e.","publisher":{"@id":"https:\/\/www.m-q.ch\/fr\/#organization"},"potentialAction":[{"@type":"SearchAction","target":{"@type":"EntryPoint","urlTemplate":"https:\/\/www.m-q.ch\/fr\/?s={search_term_string}"},"query-input":{"@type":"PropertyValueSpecification","valueRequired":true,"valueName":"search_term_string"}}],"inLanguage":"fr-FR"},{"@type":"Organization","@id":"https:\/\/www.m-q.ch\/fr\/#organization","name":"Galledia Trade Media AG","url":"https:\/\/www.m-q.ch\/fr\/","logo":{"@type":"ImageObject","inLanguage":"fr-FR","@id":"https:\/\/www.m-q.ch\/fr\/#\/schema\/logo\/image\/","url":"https:\/\/www.m-q.ch\/wp-content\/uploads\/2020\/12\/cropped-logo_small.png","contentUrl":"https:\/\/www.m-q.ch\/wp-content\/uploads\/2020\/12\/cropped-logo_small.png","width":512,"height":512,"caption":"Galledia Fachmedien AG"},"image":{"@id":"https:\/\/www.m-q.ch\/fr\/#\/schema\/logo\/image\/"},"sameAs":["https:\/\/www.facebook.com\/ManagementUndQualitaet","https:\/\/www.linkedin.com\/showcase\/17982321\/admin\/"]},{"@type":"Person","@id":"https:\/\/www.m-q.ch\/fr\/#\/schema\/person\/c0139a2c55a374db6df2cde78ec87148","name":"galledia","image":{"@type":"ImageObject","inLanguage":"fr-FR","@id":"https:\/\/www.m-q.ch\/fr\/#\/schema\/person\/image\/","url":"https:\/\/secure.gravatar.com\/avatar\/66edf527eac29e9a5eb25bcada01f61a?s=96&d=mm&r=g","contentUrl":"https:\/\/secure.gravatar.com\/avatar\/66edf527eac29e9a5eb25bcada01f61a?s=96&d=mm&r=g","caption":"galledia"},"url":"https:\/\/www.m-q.ch\/fr\/author\/galledia\/"}]}},"_links":{"self":[{"href":"https:\/\/www.m-q.ch\/fr\/wp-json\/wp\/v2\/posts\/288","targetHints":{"allow":["GET"]}}],"collection":[{"href":"https:\/\/www.m-q.ch\/fr\/wp-json\/wp\/v2\/posts"}],"about":[{"href":"https:\/\/www.m-q.ch\/fr\/wp-json\/wp\/v2\/types\/post"}],"author":[{"embeddable":true,"href":"https:\/\/www.m-q.ch\/fr\/wp-json\/wp\/v2\/users\/1"}],"replies":[{"embeddable":true,"href":"https:\/\/www.m-q.ch\/fr\/wp-json\/wp\/v2\/comments?post=288"}],"version-history":[{"count":2,"href":"https:\/\/www.m-q.ch\/fr\/wp-json\/wp\/v2\/posts\/288\/revisions"}],"predecessor-version":[{"id":956,"href":"https:\/\/www.m-q.ch\/fr\/wp-json\/wp\/v2\/posts\/288\/revisions\/956"}],"wp:featuredmedia":[{"embeddable":true,"href":"https:\/\/www.m-q.ch\/fr\/wp-json\/wp\/v2\/media\/105"}],"wp:attachment":[{"href":"https:\/\/www.m-q.ch\/fr\/wp-json\/wp\/v2\/media?parent=288"}],"wp:term":[{"taxonomy":"category","embeddable":true,"href":"https:\/\/www.m-q.ch\/fr\/wp-json\/wp\/v2\/categories?post=288"},{"taxonomy":"post_tag","embeddable":true,"href":"https:\/\/www.m-q.ch\/fr\/wp-json\/wp\/v2\/tags?post=288"}],"curies":[{"name":"wp","href":"https:\/\/api.w.org\/{rel}","templated":true}]}}