{"id":294,"date":"2016-01-24T16:57:32","date_gmt":"2016-01-24T15:57:32","guid":{"rendered":"http:\/\/dev.m-q.ch\/?p=294"},"modified":"2017-03-01T15:34:09","modified_gmt":"2017-03-01T14:34:09","slug":"control-2016-30-ans-dassurance-qualite","status":"publish","type":"post","link":"https:\/\/www.m-q.ch\/fr\/control-2016-30-jahre-qualitaetssicherung\/","title":{"rendered":"Contr\u00f4le 2016 - 30 ans d'assurance qualit\u00e9"},"content":{"rendered":"<figure id=\"attachment_78\" aria-describedby=\"caption-attachment-78\" style=\"width: 680px\" class=\"wp-caption alignnone\"><a href=\"https:\/\/m-q.ch\/wp-content\/uploads\/2016\/12\/Control-2016-\u2013-30-Jahre-Qualit\u00e4tssicherung-management-und-qualitaet.jpg\"><img loading=\"lazy\" decoding=\"async\" class=\"wp-image-78 size-medium\" src=\"https:\/\/www.m-q.ch\/wp-content\/uploads\/2016\/12\/Control-2016-\u2013-30-Jahre-Qualit\u00e4tssicherung-management-und-qualitaet-680x460.jpg\" width=\"680\" height=\"460\" srcset=\"https:\/\/www.m-q.ch\/wp-content\/uploads\/2016\/12\/Control-2016-\u2013-30-Jahre-Qualit\u00e4tssicherung-management-und-qualitaet-680x460.jpg 680w, https:\/\/www.m-q.ch\/wp-content\/uploads\/2016\/12\/Control-2016-\u2013-30-Jahre-Qualit\u00e4tssicherung-management-und-qualitaet-768x519.jpg 768w, https:\/\/www.m-q.ch\/wp-content\/uploads\/2016\/12\/Control-2016-\u2013-30-Jahre-Qualit\u00e4tssicherung-management-und-qualitaet-1536x1038.jpg 1536w, https:\/\/www.m-q.ch\/wp-content\/uploads\/2016\/12\/Control-2016-\u2013-30-Jahre-Qualit\u00e4tssicherung-management-und-qualitaet-2048x1384.jpg 2048w, https:\/\/www.m-q.ch\/wp-content\/uploads\/2016\/12\/Control-2016-\u2013-30-Jahre-Qualit\u00e4tssicherung-management-und-qualitaet-16x12.jpg 16w, https:\/\/www.m-q.ch\/wp-content\/uploads\/2016\/12\/Control-2016-\u2013-30-Jahre-Qualit\u00e4tssicherung-management-und-qualitaet-259x175.jpg 259w, https:\/\/www.m-q.ch\/wp-content\/uploads\/2016\/12\/Control-2016-\u2013-30-Jahre-Qualit\u00e4tssicherung-management-und-qualitaet-518x350.jpg 518w, https:\/\/www.m-q.ch\/wp-content\/uploads\/2016\/12\/Control-2016-\u2013-30-Jahre-Qualit\u00e4tssicherung-management-und-qualitaet-1184x800.jpg 1184w, https:\/\/www.m-q.ch\/wp-content\/uploads\/2016\/12\/Control-2016-\u2013-30-Jahre-Qualit\u00e4tssicherung-management-und-qualitaet-920x622.jpg 920w, https:\/\/www.m-q.ch\/wp-content\/uploads\/2016\/12\/Control-2016-\u2013-30-Jahre-Qualit\u00e4tssicherung-management-und-qualitaet-1400x946.jpg 1400w, https:\/\/www.m-q.ch\/wp-content\/uploads\/2016\/12\/Control-2016-\u2013-30-Jahre-Qualit\u00e4tssicherung-management-und-qualitaet-300x203.jpg 300w, https:\/\/www.m-q.ch\/wp-content\/uploads\/2016\/12\/Control-2016-\u2013-30-Jahre-Qualit\u00e4tssicherung-management-und-qualitaet-1024x692.jpg 1024w, https:\/\/www.m-q.ch\/wp-content\/uploads\/2016\/12\/Control-2016-\u2013-30-Jahre-Qualit\u00e4tssicherung-management-und-qualitaet-624x422.jpg 624w\" sizes=\"auto, (max-width: 680px) 100vw, 680px\" \/><\/a><figcaption id=\"caption-attachment-78\" class=\"wp-caption-text\">(photo : photos de d\u00e9p\u00f4t)<\/figcaption><\/figure>\n<p>Un large \u00e9ventail de variantes, des quantit\u00e9s plus petites, une production efficace en lots de 1 et une forte pression sur les d\u00e9lais de livraison JAT - voil\u00e0 quelques-uns des d\u00e9fis auxquels sont confront\u00e9s la production et l'assurance qualit\u00e9. Aujourd'hui, avec pr\u00e8s de 1 000 exposants de 32 nations, Control repr\u00e9sente la gamme mondiale de technologies, composants, assemblages, sous-syst\u00e8mes et solutions compl\u00e8tes en mati\u00e8re de mat\u00e9riel et de logiciels. Qu'il s'agisse d'appareils de mesure m\u00e9catroniques \"classiques\" ou de technologie de mesure 3D, de micro et d'endoscopie ou de syst\u00e8mes de traitement de l'image et de vision, de manipulation manuelle d'\u00e9prouvettes\/pi\u00e8ces individuelles ou d'essais en s\u00e9rie assist\u00e9s par robot, le programme Control 2016 pr\u00e9sentera une fois de plus des moyens pertinents pour assurer la production et l'assemblage rationnels et \u00e9conomiques de produits de qualit\u00e9 de toutes sortes.<\/p>\n<p>Le 30e Control - Salon international de l'assurance qualit\u00e9 - ouvrira ses portes au parc des expositions de Stuttgart du 26 au 29 avril 2016.<\/p>\n<p><a href=\"http:\/\/www.control-messe.de\/control\/\" target=\"_blank\" data-cke-saved-href=\"http:\/\/www.control-messe.de\/control\/\">http:\/\/www.control-messe.de\/control\/<\/a><\/p>\n<p>&nbsp;<\/p>","protected":false},"excerpt":{"rendered":"<p>Variantenvielfalt, geringere St\u00fcckzahlen, effiziente Fertigung in Losgr\u00f6ssen ab 1 und ein hoher Termindruck f\u00fcr die JIT-Belieferung \u2013 das sind so einige Herausforderungen an die Produktion und Qualit\u00e4tssicherung. Heute bildet die Control mit knapp 1\u2018000 Ausstellern aus 32 Nationen das Weltangebot an Technologien, Komponenten, Baugruppen, Teilsystemen und Komplettl\u00f6sungen in Hard- und Software ab. Ob \u201eklassische\u201c mechatronische [&hellip;]<\/p>\n","protected":false},"author":1,"featured_media":78,"comment_status":"open","ping_status":"open","sticky":false,"template":"","format":"standard","meta":{"_acf_changed":false,"footnotes":""},"categories":[1],"tags":[3342,3343],"class_list":["post-294","post","type-post","status-publish","format-standard","has-post-thumbnail","hentry","category-unkategorisiert","tag-fachkongressfachmesse","tag-mess-und-warngeraete"],"acf":[],"yoast_head":"<!-- This site is optimized with the Yoast SEO plugin v26.2 - https:\/\/yoast.com\/wordpress\/plugins\/seo\/ -->\n<title>Control 2016 \u2013 30 Jahre Qualit\u00e4tssicherung - MQ Management und Qualit\u00e4t<\/title>\n<meta name=\"description\" content=\"Im Jahr 2016 feiert die Control \u2013 Internationale Fachmesse f\u00fcr Qualit\u00e4tssicherung ihren 30. Geburtstag!\" \/>\n<meta name=\"robots\" content=\"index, follow, max-snippet:-1, max-image-preview:large, max-video-preview:-1\" \/>\n<link rel=\"canonical\" href=\"https:\/\/www.m-q.ch\/fr\/control-2016-30-ans-dassurance-qualite\/\" \/>\n<meta property=\"og:locale\" content=\"fr_FR\" \/>\n<meta property=\"og:type\" content=\"article\" \/>\n<meta property=\"og:title\" content=\"Control 2016 \u2013 30 Jahre Qualit\u00e4tssicherung - MQ Management und Qualit\u00e4t\" \/>\n<meta property=\"og:description\" content=\"Im Jahr 2016 feiert die Control \u2013 Internationale Fachmesse f\u00fcr Qualit\u00e4tssicherung ihren 30. Geburtstag!\" \/>\n<meta property=\"og:url\" content=\"https:\/\/www.m-q.ch\/fr\/control-2016-30-ans-dassurance-qualite\/\" \/>\n<meta property=\"og:site_name\" content=\"MQ Management und Qualit\u00e4t\" \/>\n<meta property=\"article:publisher\" content=\"https:\/\/www.facebook.com\/ManagementUndQualitaet\" \/>\n<meta property=\"article:published_time\" content=\"2016-01-24T15:57:32+00:00\" \/>\n<meta property=\"article:modified_time\" content=\"2017-03-01T14:34:09+00:00\" \/>\n<meta property=\"og:image\" content=\"https:\/\/www.m-q.ch\/wp-content\/uploads\/2016\/12\/Control-2016-\u2013-30-Jahre-Qualit\u00e4tssicherung-management-und-qualitaet-scaled.jpg\" \/>\n\t<meta property=\"og:image:width\" content=\"2560\" \/>\n\t<meta property=\"og:image:height\" content=\"1730\" \/>\n\t<meta property=\"og:image:type\" content=\"image\/jpeg\" \/>\n<meta name=\"author\" content=\"galledia\" \/>\n<meta name=\"twitter:card\" content=\"summary_large_image\" \/>\n<meta name=\"twitter:label1\" content=\"\u00c9crit par\" \/>\n\t<meta name=\"twitter:data1\" content=\"galledia\" \/>\n\t<meta name=\"twitter:label2\" content=\"Dur\u00e9e de lecture estim\u00e9e\" \/>\n\t<meta name=\"twitter:data2\" content=\"1 minute\" \/>\n<script type=\"application\/ld+json\" class=\"yoast-schema-graph\">{\"@context\":\"https:\/\/schema.org\",\"@graph\":[{\"@type\":\"Article\",\"@id\":\"https:\/\/www.m-q.ch\/de\/control-2016-30-jahre-qualitaetssicherung\/#article\",\"isPartOf\":{\"@id\":\"https:\/\/www.m-q.ch\/de\/control-2016-30-jahre-qualitaetssicherung\/\"},\"author\":{\"name\":\"galledia\",\"@id\":\"https:\/\/www.m-q.ch\/fr\/#\/schema\/person\/c0139a2c55a374db6df2cde78ec87148\"},\"headline\":\"Control 2016 \u2013 30 Jahre Qualit\u00e4tssicherung\",\"datePublished\":\"2016-01-24T15:57:32+00:00\",\"dateModified\":\"2017-03-01T14:34:09+00:00\",\"mainEntityOfPage\":{\"@id\":\"https:\/\/www.m-q.ch\/de\/control-2016-30-jahre-qualitaetssicherung\/\"},\"wordCount\":136,\"commentCount\":0,\"publisher\":{\"@id\":\"https:\/\/www.m-q.ch\/fr\/#organization\"},\"image\":{\"@id\":\"https:\/\/www.m-q.ch\/de\/control-2016-30-jahre-qualitaetssicherung\/#primaryimage\"},\"thumbnailUrl\":\"https:\/\/www.m-q.ch\/wp-content\/uploads\/2016\/12\/Control-2016-\u2013-30-Jahre-Qualit\u00e4tssicherung-management-und-qualitaet-scaled.jpg\",\"keywords\":[\"Fachkongress\/Fachmesse\",\"Mess- und Warnger\u00e4te\"],\"articleSection\":[\"Unkategorisiert\"],\"inLanguage\":\"fr-FR\"},{\"@type\":\"WebPage\",\"@id\":\"https:\/\/www.m-q.ch\/de\/control-2016-30-jahre-qualitaetssicherung\/\",\"url\":\"https:\/\/www.m-q.ch\/de\/control-2016-30-jahre-qualitaetssicherung\/\",\"name\":\"Control 2016 \u2013 30 Jahre Qualit\u00e4tssicherung - MQ Management und Qualit\u00e4t\",\"isPartOf\":{\"@id\":\"https:\/\/www.m-q.ch\/fr\/#website\"},\"primaryImageOfPage\":{\"@id\":\"https:\/\/www.m-q.ch\/de\/control-2016-30-jahre-qualitaetssicherung\/#primaryimage\"},\"image\":{\"@id\":\"https:\/\/www.m-q.ch\/de\/control-2016-30-jahre-qualitaetssicherung\/#primaryimage\"},\"thumbnailUrl\":\"https:\/\/www.m-q.ch\/wp-content\/uploads\/2016\/12\/Control-2016-\u2013-30-Jahre-Qualit\u00e4tssicherung-management-und-qualitaet-scaled.jpg\",\"datePublished\":\"2016-01-24T15:57:32+00:00\",\"dateModified\":\"2017-03-01T14:34:09+00:00\",\"description\":\"Im Jahr 2016 feiert die Control \u2013 Internationale Fachmesse f\u00fcr Qualit\u00e4tssicherung ihren 30. Geburtstag!\",\"breadcrumb\":{\"@id\":\"https:\/\/www.m-q.ch\/de\/control-2016-30-jahre-qualitaetssicherung\/#breadcrumb\"},\"inLanguage\":\"fr-FR\",\"potentialAction\":[{\"@type\":\"ReadAction\",\"target\":[\"https:\/\/www.m-q.ch\/de\/control-2016-30-jahre-qualitaetssicherung\/\"]}]},{\"@type\":\"ImageObject\",\"inLanguage\":\"fr-FR\",\"@id\":\"https:\/\/www.m-q.ch\/de\/control-2016-30-jahre-qualitaetssicherung\/#primaryimage\",\"url\":\"https:\/\/www.m-q.ch\/wp-content\/uploads\/2016\/12\/Control-2016-\u2013-30-Jahre-Qualit\u00e4tssicherung-management-und-qualitaet-scaled.jpg\",\"contentUrl\":\"https:\/\/www.m-q.ch\/wp-content\/uploads\/2016\/12\/Control-2016-\u2013-30-Jahre-Qualit\u00e4tssicherung-management-und-qualitaet-scaled.jpg\",\"width\":2560,\"height\":1730,\"caption\":\"(Bild: depositphotos)\"},{\"@type\":\"BreadcrumbList\",\"@id\":\"https:\/\/www.m-q.ch\/de\/control-2016-30-jahre-qualitaetssicherung\/#breadcrumb\",\"itemListElement\":[{\"@type\":\"ListItem\",\"position\":1,\"name\":\"Unkategorisiert\",\"item\":\"https:\/\/www.m-q.ch\/it\/categoria\/senza-categoria\/\"},{\"@type\":\"ListItem\",\"position\":2,\"name\":\"Control 2016 \u2013 30 Jahre Qualit\u00e4tssicherung\"}]},{\"@type\":\"WebSite\",\"@id\":\"https:\/\/www.m-q.ch\/fr\/#website\",\"url\":\"https:\/\/www.m-q.ch\/fr\/\",\"name\":\"MQ Management und Qualit\u00e4t\",\"description\":\"Plattform f\u00fcr integrierte Managementsysteme.\",\"publisher\":{\"@id\":\"https:\/\/www.m-q.ch\/fr\/#organization\"},\"potentialAction\":[{\"@type\":\"SearchAction\",\"target\":{\"@type\":\"EntryPoint\",\"urlTemplate\":\"https:\/\/www.m-q.ch\/fr\/?s={search_term_string}\"},\"query-input\":{\"@type\":\"PropertyValueSpecification\",\"valueRequired\":true,\"valueName\":\"search_term_string\"}}],\"inLanguage\":\"fr-FR\"},{\"@type\":\"Organization\",\"@id\":\"https:\/\/www.m-q.ch\/fr\/#organization\",\"name\":\"Galledia Fachmedien AG\",\"url\":\"https:\/\/www.m-q.ch\/fr\/\",\"logo\":{\"@type\":\"ImageObject\",\"inLanguage\":\"fr-FR\",\"@id\":\"https:\/\/www.m-q.ch\/fr\/#\/schema\/logo\/image\/\",\"url\":\"https:\/\/www.m-q.ch\/wp-content\/uploads\/2020\/12\/cropped-logo_small.png\",\"contentUrl\":\"https:\/\/www.m-q.ch\/wp-content\/uploads\/2020\/12\/cropped-logo_small.png\",\"width\":512,\"height\":512,\"caption\":\"Galledia Fachmedien AG\"},\"image\":{\"@id\":\"https:\/\/www.m-q.ch\/fr\/#\/schema\/logo\/image\/\"},\"sameAs\":[\"https:\/\/www.facebook.com\/ManagementUndQualitaet\",\"https:\/\/www.linkedin.com\/showcase\/17982321\/admin\/\"]},{\"@type\":\"Person\",\"@id\":\"https:\/\/www.m-q.ch\/fr\/#\/schema\/person\/c0139a2c55a374db6df2cde78ec87148\",\"name\":\"galledia\",\"image\":{\"@type\":\"ImageObject\",\"inLanguage\":\"fr-FR\",\"@id\":\"https:\/\/www.m-q.ch\/fr\/#\/schema\/person\/image\/\",\"url\":\"https:\/\/secure.gravatar.com\/avatar\/66edf527eac29e9a5eb25bcada01f61a?s=96&d=mm&r=g\",\"contentUrl\":\"https:\/\/secure.gravatar.com\/avatar\/66edf527eac29e9a5eb25bcada01f61a?s=96&d=mm&r=g\",\"caption\":\"galledia\"},\"url\":\"https:\/\/www.m-q.ch\/fr\/author\/galledia\/\"}]}<\/script>\n<!-- \/ Yoast SEO plugin. -->","yoast_head_json":{"title":"Contr\u00f4le 2016 - 30 ans d'assurance qualit\u00e9 - MQ Management und Qualit\u00e4t","description":"En 2016, Control - Salon international de l'assurance qualit\u00e9 f\u00eate ses 30 ans !","robots":{"index":"index","follow":"follow","max-snippet":"max-snippet:-1","max-image-preview":"max-image-preview:large","max-video-preview":"max-video-preview:-1"},"canonical":"https:\/\/www.m-q.ch\/fr\/control-2016-30-ans-dassurance-qualite\/","og_locale":"fr_FR","og_type":"article","og_title":"Control 2016 \u2013 30 Jahre Qualit\u00e4tssicherung - MQ Management und Qualit\u00e4t","og_description":"Im Jahr 2016 feiert die Control \u2013 Internationale Fachmesse f\u00fcr Qualit\u00e4tssicherung ihren 30. Geburtstag!","og_url":"https:\/\/www.m-q.ch\/fr\/control-2016-30-ans-dassurance-qualite\/","og_site_name":"MQ Management und Qualit\u00e4t","article_publisher":"https:\/\/www.facebook.com\/ManagementUndQualitaet","article_published_time":"2016-01-24T15:57:32+00:00","article_modified_time":"2017-03-01T14:34:09+00:00","og_image":[{"width":2560,"height":1730,"url":"https:\/\/www.m-q.ch\/wp-content\/uploads\/2016\/12\/Control-2016-\u2013-30-Jahre-Qualit\u00e4tssicherung-management-und-qualitaet-scaled.jpg","type":"image\/jpeg"}],"author":"galledia","twitter_card":"summary_large_image","twitter_misc":{"\u00c9crit par":"galledia","Dur\u00e9e de lecture estim\u00e9e":"1 minute"},"schema":{"@context":"https:\/\/schema.org","@graph":[{"@type":"Article","@id":"https:\/\/www.m-q.ch\/de\/control-2016-30-jahre-qualitaetssicherung\/#article","isPartOf":{"@id":"https:\/\/www.m-q.ch\/de\/control-2016-30-jahre-qualitaetssicherung\/"},"author":{"name":"galledia","@id":"https:\/\/www.m-q.ch\/fr\/#\/schema\/person\/c0139a2c55a374db6df2cde78ec87148"},"headline":"Control 2016 \u2013 30 Jahre Qualit\u00e4tssicherung","datePublished":"2016-01-24T15:57:32+00:00","dateModified":"2017-03-01T14:34:09+00:00","mainEntityOfPage":{"@id":"https:\/\/www.m-q.ch\/de\/control-2016-30-jahre-qualitaetssicherung\/"},"wordCount":136,"commentCount":0,"publisher":{"@id":"https:\/\/www.m-q.ch\/fr\/#organization"},"image":{"@id":"https:\/\/www.m-q.ch\/de\/control-2016-30-jahre-qualitaetssicherung\/#primaryimage"},"thumbnailUrl":"https:\/\/www.m-q.ch\/wp-content\/uploads\/2016\/12\/Control-2016-\u2013-30-Jahre-Qualit\u00e4tssicherung-management-und-qualitaet-scaled.jpg","keywords":["Fachkongress\/Fachmesse","Mess- und Warnger\u00e4te"],"articleSection":["Unkategorisiert"],"inLanguage":"fr-FR"},{"@type":"WebPage","@id":"https:\/\/www.m-q.ch\/de\/control-2016-30-jahre-qualitaetssicherung\/","url":"https:\/\/www.m-q.ch\/de\/control-2016-30-jahre-qualitaetssicherung\/","name":"Contr\u00f4le 2016 - 30 ans d'assurance qualit\u00e9 - MQ Management und Qualit\u00e4t","isPartOf":{"@id":"https:\/\/www.m-q.ch\/fr\/#website"},"primaryImageOfPage":{"@id":"https:\/\/www.m-q.ch\/de\/control-2016-30-jahre-qualitaetssicherung\/#primaryimage"},"image":{"@id":"https:\/\/www.m-q.ch\/de\/control-2016-30-jahre-qualitaetssicherung\/#primaryimage"},"thumbnailUrl":"https:\/\/www.m-q.ch\/wp-content\/uploads\/2016\/12\/Control-2016-\u2013-30-Jahre-Qualit\u00e4tssicherung-management-und-qualitaet-scaled.jpg","datePublished":"2016-01-24T15:57:32+00:00","dateModified":"2017-03-01T14:34:09+00:00","description":"En 2016, Control - Salon international de l'assurance qualit\u00e9 f\u00eate ses 30 ans !","breadcrumb":{"@id":"https:\/\/www.m-q.ch\/de\/control-2016-30-jahre-qualitaetssicherung\/#breadcrumb"},"inLanguage":"fr-FR","potentialAction":[{"@type":"ReadAction","target":["https:\/\/www.m-q.ch\/de\/control-2016-30-jahre-qualitaetssicherung\/"]}]},{"@type":"ImageObject","inLanguage":"fr-FR","@id":"https:\/\/www.m-q.ch\/de\/control-2016-30-jahre-qualitaetssicherung\/#primaryimage","url":"https:\/\/www.m-q.ch\/wp-content\/uploads\/2016\/12\/Control-2016-\u2013-30-Jahre-Qualit\u00e4tssicherung-management-und-qualitaet-scaled.jpg","contentUrl":"https:\/\/www.m-q.ch\/wp-content\/uploads\/2016\/12\/Control-2016-\u2013-30-Jahre-Qualit\u00e4tssicherung-management-und-qualitaet-scaled.jpg","width":2560,"height":1730,"caption":"(Bild: depositphotos)"},{"@type":"BreadcrumbList","@id":"https:\/\/www.m-q.ch\/de\/control-2016-30-jahre-qualitaetssicherung\/#breadcrumb","itemListElement":[{"@type":"ListItem","position":1,"name":"Unkategorisiert","item":"https:\/\/www.m-q.ch\/it\/categoria\/senza-categoria\/"},{"@type":"ListItem","position":2,"name":"Control 2016 \u2013 30 Jahre Qualit\u00e4tssicherung"}]},{"@type":"WebSite","@id":"https:\/\/www.m-q.ch\/fr\/#website","url":"https:\/\/www.m-q.ch\/fr\/","name":"Gestion et qualit\u00e9 du QM","description":"Plate-forme pour les syst\u00e8mes de gestion int\u00e9gr\u00e9e.","publisher":{"@id":"https:\/\/www.m-q.ch\/fr\/#organization"},"potentialAction":[{"@type":"SearchAction","target":{"@type":"EntryPoint","urlTemplate":"https:\/\/www.m-q.ch\/fr\/?s={search_term_string}"},"query-input":{"@type":"PropertyValueSpecification","valueRequired":true,"valueName":"search_term_string"}}],"inLanguage":"fr-FR"},{"@type":"Organization","@id":"https:\/\/www.m-q.ch\/fr\/#organization","name":"Galledia Trade Media AG","url":"https:\/\/www.m-q.ch\/fr\/","logo":{"@type":"ImageObject","inLanguage":"fr-FR","@id":"https:\/\/www.m-q.ch\/fr\/#\/schema\/logo\/image\/","url":"https:\/\/www.m-q.ch\/wp-content\/uploads\/2020\/12\/cropped-logo_small.png","contentUrl":"https:\/\/www.m-q.ch\/wp-content\/uploads\/2020\/12\/cropped-logo_small.png","width":512,"height":512,"caption":"Galledia Fachmedien AG"},"image":{"@id":"https:\/\/www.m-q.ch\/fr\/#\/schema\/logo\/image\/"},"sameAs":["https:\/\/www.facebook.com\/ManagementUndQualitaet","https:\/\/www.linkedin.com\/showcase\/17982321\/admin\/"]},{"@type":"Person","@id":"https:\/\/www.m-q.ch\/fr\/#\/schema\/person\/c0139a2c55a374db6df2cde78ec87148","name":"galledia","image":{"@type":"ImageObject","inLanguage":"fr-FR","@id":"https:\/\/www.m-q.ch\/fr\/#\/schema\/person\/image\/","url":"https:\/\/secure.gravatar.com\/avatar\/66edf527eac29e9a5eb25bcada01f61a?s=96&d=mm&r=g","contentUrl":"https:\/\/secure.gravatar.com\/avatar\/66edf527eac29e9a5eb25bcada01f61a?s=96&d=mm&r=g","caption":"galledia"},"url":"https:\/\/www.m-q.ch\/fr\/author\/galledia\/"}]}},"_links":{"self":[{"href":"https:\/\/www.m-q.ch\/fr\/wp-json\/wp\/v2\/posts\/294","targetHints":{"allow":["GET"]}}],"collection":[{"href":"https:\/\/www.m-q.ch\/fr\/wp-json\/wp\/v2\/posts"}],"about":[{"href":"https:\/\/www.m-q.ch\/fr\/wp-json\/wp\/v2\/types\/post"}],"author":[{"embeddable":true,"href":"https:\/\/www.m-q.ch\/fr\/wp-json\/wp\/v2\/users\/1"}],"replies":[{"embeddable":true,"href":"https:\/\/www.m-q.ch\/fr\/wp-json\/wp\/v2\/comments?post=294"}],"version-history":[{"count":3,"href":"https:\/\/www.m-q.ch\/fr\/wp-json\/wp\/v2\/posts\/294\/revisions"}],"predecessor-version":[{"id":1198,"href":"https:\/\/www.m-q.ch\/fr\/wp-json\/wp\/v2\/posts\/294\/revisions\/1198"}],"wp:featuredmedia":[{"embeddable":true,"href":"https:\/\/www.m-q.ch\/fr\/wp-json\/wp\/v2\/media\/78"}],"wp:attachment":[{"href":"https:\/\/www.m-q.ch\/fr\/wp-json\/wp\/v2\/media?parent=294"}],"wp:term":[{"taxonomy":"category","embeddable":true,"href":"https:\/\/www.m-q.ch\/fr\/wp-json\/wp\/v2\/categories?post=294"},{"taxonomy":"post_tag","embeddable":true,"href":"https:\/\/www.m-q.ch\/fr\/wp-json\/wp\/v2\/tags?post=294"}],"curies":[{"name":"wp","href":"https:\/\/api.w.org\/{rel}","templated":true}]}}