{"id":343,"date":"2016-03-09T10:44:06","date_gmt":"2016-03-09T09:44:06","guid":{"rendered":"http:\/\/dev.m-q.ch\/?p=343"},"modified":"2017-03-01T15:12:54","modified_gmt":"2017-03-01T14:12:54","slug":"iso-9001-sous-legide-de-tuev-austria","status":"publish","type":"post","link":"https:\/\/www.m-q.ch\/fr\/iso-9001-in-der-aegide-von-tuev-austria\/","title":{"rendered":"ISO 9001 sous l'\u00e9gide de T\u00dcV AUTRICHE"},"content":{"rendered":"<figure id=\"attachment_147\" aria-describedby=\"caption-attachment-147\" style=\"width: 680px\" class=\"wp-caption alignnone\"><a href=\"https:\/\/m-q.ch\/wp-content\/uploads\/2016\/12\/ISO-9001-in-der-\u00c4gide-von-T\u00dcV-AUSTRIA-management-und-qualitaet.jpg\"><img loading=\"lazy\" decoding=\"async\" class=\"wp-image-147 size-medium\" src=\"https:\/\/www.m-q.ch\/wp-content\/uploads\/2016\/12\/ISO-9001-in-der-\u00c4gide-von-T\u00dcV-AUSTRIA-management-und-qualitaet-680x350.jpg\" width=\"680\" height=\"350\" srcset=\"https:\/\/www.m-q.ch\/wp-content\/uploads\/2016\/12\/ISO-9001-in-der-\u00c4gide-von-T\u00dcV-AUSTRIA-management-und-qualitaet-680x350.jpg 680w, https:\/\/www.m-q.ch\/wp-content\/uploads\/2016\/12\/ISO-9001-in-der-\u00c4gide-von-T\u00dcV-AUSTRIA-management-und-qualitaet-768x395.jpg 768w, https:\/\/www.m-q.ch\/wp-content\/uploads\/2016\/12\/ISO-9001-in-der-\u00c4gide-von-T\u00dcV-AUSTRIA-management-und-qualitaet-16x8.jpg 16w, https:\/\/www.m-q.ch\/wp-content\/uploads\/2016\/12\/ISO-9001-in-der-\u00c4gide-von-T\u00dcV-AUSTRIA-management-und-qualitaet-340x175.jpg 340w, https:\/\/www.m-q.ch\/wp-content\/uploads\/2016\/12\/ISO-9001-in-der-\u00c4gide-von-T\u00dcV-AUSTRIA-management-und-qualitaet-920x473.jpg 920w, https:\/\/www.m-q.ch\/wp-content\/uploads\/2016\/12\/ISO-9001-in-der-\u00c4gide-von-T\u00dcV-AUSTRIA-management-und-qualitaet-300x154.jpg 300w, https:\/\/www.m-q.ch\/wp-content\/uploads\/2016\/12\/ISO-9001-in-der-\u00c4gide-von-T\u00dcV-AUSTRIA-management-und-qualitaet-1024x527.jpg 1024w, https:\/\/www.m-q.ch\/wp-content\/uploads\/2016\/12\/ISO-9001-in-der-\u00c4gide-von-T\u00dcV-AUSTRIA-management-und-qualitaet-624x321.jpg 624w, https:\/\/www.m-q.ch\/wp-content\/uploads\/2016\/12\/ISO-9001-in-der-\u00c4gide-von-T\u00dcV-AUSTRIA-management-und-qualitaet.jpg 1063w\" sizes=\"auto, (max-width: 680px) 100vw, 680px\" \/><\/a><figcaption id=\"caption-attachment-147\" class=\"wp-caption-text\">Des experts en risques exp\u00e9riment\u00e9s (de gauche \u00e0 droite) : Ebner, Wallner, Buser, Eichinger, Neta.<\/figcaption><\/figure>\n<p>Stefan Wallner, directeur g\u00e9n\u00e9ral de T\u00dcV AUSTRIA CERT GMBH, ainsi que l'auditeur DI Gerhard Eichinger, ont remis les documents aux directeurs g\u00e9n\u00e9raux des experts en risques DI Gerhart Ebner et Dr Michael Buser. La soci\u00e9t\u00e9 est sp\u00e9cialis\u00e9e dans la gestion des risques op\u00e9rationnels ; des ing\u00e9nieurs sp\u00e9cialis\u00e9s dans le domaine des risques, ayant une exp\u00e9rience internationale, pr\u00e9parent des analyses et des \u00e9valuations de risques qualifi\u00e9s pour les entreprises, les compagnies d'assurance et les courtiers.<\/p>\n<p>Ils fournissent des services d'experts, coordonnent le r\u00e8glement des sinistres et transmettent leurs connaissances par l'interm\u00e9diaire de l'Acad\u00e9mie des experts en risques. Risk Experts compte au total plus de 75 employ\u00e9s dans ses bureaux de Vienne, Kufstein, Varsovie, Bratislava, Bucarest, Sofia et Istanbul.<\/p>\n<p><strong>Un r\u00f4le de pionnier <\/strong><\/p>\n<p>Mme Wallner s'est f\u00e9licit\u00e9e du r\u00f4le de pionnier que Risk Experts assume avec cette certification : \"La norme EN ISO 9001:2015 d\u00e9crit les exigences relatives au syst\u00e8me de gestion de la qualit\u00e9 d'une organisation afin de fournir des produits et des services de haute qualit\u00e9 et orient\u00e9s vers le client. La gestion des risques et des opportunit\u00e9s est, dans une certaine mesure, le \"pain quotidien\" de l'entreprise. Le rapport d'audit souligne le haut niveau de qualification des employ\u00e9s et le syst\u00e8me de gestion de la qualit\u00e9 tr\u00e8s ax\u00e9 sur la pratique\".<\/p>\n<p>Ebner et Buser ont expliqu\u00e9 : \"Nous recommandons d'int\u00e9grer la gestion des risques dans le syst\u00e8me de gestion de la qualit\u00e9 de chaque entreprise. La r\u00e9vision de la norme, qui exige d\u00e9sormais aussi une approche de la gestion de la qualit\u00e9 fond\u00e9e sur le risque, \u00e9tait le bon moment pour obtenir la certification. Nous y voyons une impulsion importante pour l'utilisation de la gestion des risques\".<\/p>\n<p><strong>ISO 9001:2015<\/strong><\/p>\n<p>La nouvelle norme ISO 9001:2015 est en vigueur depuis l'automne 2015. En plus des changements structurels et de la nouvelle terminologie, l'orientation strat\u00e9gique de l'organisation est de plus en plus prise en compte. L'accent est \u00e9galement mis sur l'orientation des processus et l'approche fond\u00e9e sur les risques, ainsi que sur la gestion des risques et des opportunit\u00e9s. La connaissance de l'organisation ainsi que la gestion se mettent \u00e9galement au centre de l'attention. Les prestataires de services sont d\u00e9sormais pris en compte dans la nouvelle norme ISO 9001:2015 par de nouvelles formulations concr\u00e8tes.<\/p>\n<p>Les autres liens vers ce rapport s'appellent<\/p>\n<p><a href=\"http:\/\/www.tuv.at\/cert,%20www.tuv.at\/services\" target=\"_blank\" data-cke-saved-href=\"http:\/\/www.tuv.at\/cert,%20www.tuv.at\/services\">www.tuv.at\/cert<\/a>,<\/p>\n<p><a href=\"http:\/\/www.tuv.at\/services\" target=\"_blank\" data-cke-saved-href=\"http:\/\/www.tuv.at\/services\">www.tuv.at\/services<\/a><\/p>\n<p><a href=\"http:\/\/www.riskexperts.at\" target=\"_blank\" data-cke-saved-href=\"http:\/\/www.riskexperts.at\">www.riskexperts.at<\/a><\/p>","protected":false},"excerpt":{"rendered":"<p>Stefan Wallner, Gesch\u00e4ftsf\u00fchrer der T\u00dcV AUSTRIA CERT GMBH, \u00fcbergab gemeinsam mit Auditor DI Gerhard Eichinger die Dokumente an die Risk Experts Gesch\u00e4ftsf\u00fchrer DI Gerhart Ebner und Dr. Michael Buser. Das Unternehmen ist auf operatives Risikomanagement spezialisiert; international erfahrene Risikoingenieure erstellen qualifizierte Risikoanalysen und -bewertungen f\u00fcr Unternehmen, Versicherungen und Makler. Sie erbringen Sachverst\u00e4ndigenleistungen, koordinieren Schadenabwicklungen und [&hellip;]<\/p>\n","protected":false},"author":1,"featured_media":147,"comment_status":"open","ping_status":"open","sticky":false,"template":"","format":"standard","meta":{"_acf_changed":false,"footnotes":""},"categories":[1],"tags":[3356],"class_list":["post-343","post","type-post","status-publish","format-standard","has-post-thumbnail","hentry","category-unkategorisiert","tag-normenstandards"],"acf":[],"yoast_head":"<!-- This site is optimized with the Yoast SEO plugin v26.2 - https:\/\/yoast.com\/wordpress\/plugins\/seo\/ -->\n<title>ISO 9001 in der \u00c4gide von T\u00dcV AUSTRIA - MQ Management und Qualit\u00e4t<\/title>\n<meta name=\"description\" content=\"Die Unternehmensberatung Risk Experts in Wien bekam als erstes europ\u00e4isches Beratungsunternehmen von T\u00dcV AUSTRIA das Zertifikat f\u00fcr Qualit\u00e4tsmanagement.\" \/>\n<meta name=\"robots\" content=\"index, follow, max-snippet:-1, max-image-preview:large, max-video-preview:-1\" \/>\n<link rel=\"canonical\" href=\"https:\/\/www.m-q.ch\/fr\/iso-9001-sous-legide-de-tuev-austria\/\" \/>\n<meta property=\"og:locale\" content=\"fr_FR\" \/>\n<meta property=\"og:type\" content=\"article\" \/>\n<meta property=\"og:title\" content=\"ISO 9001 in der \u00c4gide von T\u00dcV AUSTRIA - MQ Management und Qualit\u00e4t\" \/>\n<meta property=\"og:description\" content=\"Die Unternehmensberatung Risk Experts in Wien bekam als erstes europ\u00e4isches Beratungsunternehmen von T\u00dcV AUSTRIA das Zertifikat f\u00fcr Qualit\u00e4tsmanagement.\" \/>\n<meta property=\"og:url\" content=\"https:\/\/www.m-q.ch\/fr\/iso-9001-sous-legide-de-tuev-austria\/\" \/>\n<meta property=\"og:site_name\" content=\"MQ Management und Qualit\u00e4t\" \/>\n<meta property=\"article:publisher\" content=\"https:\/\/www.facebook.com\/ManagementUndQualitaet\" \/>\n<meta property=\"article:published_time\" content=\"2016-03-09T09:44:06+00:00\" \/>\n<meta property=\"article:modified_time\" content=\"2017-03-01T14:12:54+00:00\" \/>\n<meta property=\"og:image\" content=\"https:\/\/www.m-q.ch\/wp-content\/uploads\/2016\/12\/ISO-9001-in-der-\u00c4gide-von-T\u00dcV-AUSTRIA-management-und-qualitaet.jpg\" \/>\n\t<meta property=\"og:image:width\" content=\"1063\" \/>\n\t<meta property=\"og:image:height\" content=\"547\" \/>\n\t<meta property=\"og:image:type\" content=\"image\/jpeg\" \/>\n<meta name=\"author\" content=\"galledia\" \/>\n<meta name=\"twitter:card\" content=\"summary_large_image\" \/>\n<meta name=\"twitter:label1\" content=\"\u00c9crit par\" \/>\n\t<meta name=\"twitter:data1\" content=\"galledia\" \/>\n\t<meta name=\"twitter:label2\" content=\"Dur\u00e9e de lecture estim\u00e9e\" \/>\n\t<meta name=\"twitter:data2\" content=\"2 minutes\" \/>\n<script type=\"application\/ld+json\" class=\"yoast-schema-graph\">{\"@context\":\"https:\/\/schema.org\",\"@graph\":[{\"@type\":\"Article\",\"@id\":\"https:\/\/www.m-q.ch\/de\/iso-9001-in-der-aegide-von-tuev-austria\/#article\",\"isPartOf\":{\"@id\":\"https:\/\/www.m-q.ch\/de\/iso-9001-in-der-aegide-von-tuev-austria\/\"},\"author\":{\"name\":\"galledia\",\"@id\":\"https:\/\/www.m-q.ch\/fr\/#\/schema\/person\/c0139a2c55a374db6df2cde78ec87148\"},\"headline\":\"ISO 9001 in der \u00c4gide von T\u00dcV AUSTRIA\",\"datePublished\":\"2016-03-09T09:44:06+00:00\",\"dateModified\":\"2017-03-01T14:12:54+00:00\",\"mainEntityOfPage\":{\"@id\":\"https:\/\/www.m-q.ch\/de\/iso-9001-in-der-aegide-von-tuev-austria\/\"},\"wordCount\":321,\"commentCount\":0,\"publisher\":{\"@id\":\"https:\/\/www.m-q.ch\/fr\/#organization\"},\"image\":{\"@id\":\"https:\/\/www.m-q.ch\/de\/iso-9001-in-der-aegide-von-tuev-austria\/#primaryimage\"},\"thumbnailUrl\":\"https:\/\/www.m-q.ch\/wp-content\/uploads\/2016\/12\/ISO-9001-in-der-\u00c4gide-von-T\u00dcV-AUSTRIA-management-und-qualitaet.jpg\",\"keywords\":[\"Normen\/Standards\"],\"articleSection\":[\"Unkategorisiert\"],\"inLanguage\":\"fr-FR\"},{\"@type\":\"WebPage\",\"@id\":\"https:\/\/www.m-q.ch\/de\/iso-9001-in-der-aegide-von-tuev-austria\/\",\"url\":\"https:\/\/www.m-q.ch\/de\/iso-9001-in-der-aegide-von-tuev-austria\/\",\"name\":\"ISO 9001 in der \u00c4gide von T\u00dcV AUSTRIA - MQ Management und Qualit\u00e4t\",\"isPartOf\":{\"@id\":\"https:\/\/www.m-q.ch\/fr\/#website\"},\"primaryImageOfPage\":{\"@id\":\"https:\/\/www.m-q.ch\/de\/iso-9001-in-der-aegide-von-tuev-austria\/#primaryimage\"},\"image\":{\"@id\":\"https:\/\/www.m-q.ch\/de\/iso-9001-in-der-aegide-von-tuev-austria\/#primaryimage\"},\"thumbnailUrl\":\"https:\/\/www.m-q.ch\/wp-content\/uploads\/2016\/12\/ISO-9001-in-der-\u00c4gide-von-T\u00dcV-AUSTRIA-management-und-qualitaet.jpg\",\"datePublished\":\"2016-03-09T09:44:06+00:00\",\"dateModified\":\"2017-03-01T14:12:54+00:00\",\"description\":\"Die Unternehmensberatung Risk Experts in Wien bekam als erstes europ\u00e4isches Beratungsunternehmen von T\u00dcV AUSTRIA das Zertifikat f\u00fcr Qualit\u00e4tsmanagement.\",\"breadcrumb\":{\"@id\":\"https:\/\/www.m-q.ch\/de\/iso-9001-in-der-aegide-von-tuev-austria\/#breadcrumb\"},\"inLanguage\":\"fr-FR\",\"potentialAction\":[{\"@type\":\"ReadAction\",\"target\":[\"https:\/\/www.m-q.ch\/de\/iso-9001-in-der-aegide-von-tuev-austria\/\"]}]},{\"@type\":\"ImageObject\",\"inLanguage\":\"fr-FR\",\"@id\":\"https:\/\/www.m-q.ch\/de\/iso-9001-in-der-aegide-von-tuev-austria\/#primaryimage\",\"url\":\"https:\/\/www.m-q.ch\/wp-content\/uploads\/2016\/12\/ISO-9001-in-der-\u00c4gide-von-T\u00dcV-AUSTRIA-management-und-qualitaet.jpg\",\"contentUrl\":\"https:\/\/www.m-q.ch\/wp-content\/uploads\/2016\/12\/ISO-9001-in-der-\u00c4gide-von-T\u00dcV-AUSTRIA-management-und-qualitaet.jpg\",\"width\":1063,\"height\":547,\"caption\":\"Erfahrene Risk Experts (vlnr): Ebner, Wallner, Buser, Eichinger, Neta.\"},{\"@type\":\"BreadcrumbList\",\"@id\":\"https:\/\/www.m-q.ch\/de\/iso-9001-in-der-aegide-von-tuev-austria\/#breadcrumb\",\"itemListElement\":[{\"@type\":\"ListItem\",\"position\":1,\"name\":\"Unkategorisiert\",\"item\":\"https:\/\/www.m-q.ch\/it\/categoria\/senza-categoria\/\"},{\"@type\":\"ListItem\",\"position\":2,\"name\":\"ISO 9001 in der \u00c4gide von T\u00dcV AUSTRIA\"}]},{\"@type\":\"WebSite\",\"@id\":\"https:\/\/www.m-q.ch\/fr\/#website\",\"url\":\"https:\/\/www.m-q.ch\/fr\/\",\"name\":\"MQ Management und Qualit\u00e4t\",\"description\":\"Plattform f\u00fcr integrierte Managementsysteme.\",\"publisher\":{\"@id\":\"https:\/\/www.m-q.ch\/fr\/#organization\"},\"potentialAction\":[{\"@type\":\"SearchAction\",\"target\":{\"@type\":\"EntryPoint\",\"urlTemplate\":\"https:\/\/www.m-q.ch\/fr\/?s={search_term_string}\"},\"query-input\":{\"@type\":\"PropertyValueSpecification\",\"valueRequired\":true,\"valueName\":\"search_term_string\"}}],\"inLanguage\":\"fr-FR\"},{\"@type\":\"Organization\",\"@id\":\"https:\/\/www.m-q.ch\/fr\/#organization\",\"name\":\"Galledia Fachmedien AG\",\"url\":\"https:\/\/www.m-q.ch\/fr\/\",\"logo\":{\"@type\":\"ImageObject\",\"inLanguage\":\"fr-FR\",\"@id\":\"https:\/\/www.m-q.ch\/fr\/#\/schema\/logo\/image\/\",\"url\":\"https:\/\/www.m-q.ch\/wp-content\/uploads\/2020\/12\/cropped-logo_small.png\",\"contentUrl\":\"https:\/\/www.m-q.ch\/wp-content\/uploads\/2020\/12\/cropped-logo_small.png\",\"width\":512,\"height\":512,\"caption\":\"Galledia Fachmedien AG\"},\"image\":{\"@id\":\"https:\/\/www.m-q.ch\/fr\/#\/schema\/logo\/image\/\"},\"sameAs\":[\"https:\/\/www.facebook.com\/ManagementUndQualitaet\",\"https:\/\/www.linkedin.com\/showcase\/17982321\/admin\/\"]},{\"@type\":\"Person\",\"@id\":\"https:\/\/www.m-q.ch\/fr\/#\/schema\/person\/c0139a2c55a374db6df2cde78ec87148\",\"name\":\"galledia\",\"image\":{\"@type\":\"ImageObject\",\"inLanguage\":\"fr-FR\",\"@id\":\"https:\/\/www.m-q.ch\/fr\/#\/schema\/person\/image\/\",\"url\":\"https:\/\/secure.gravatar.com\/avatar\/66edf527eac29e9a5eb25bcada01f61a?s=96&d=mm&r=g\",\"contentUrl\":\"https:\/\/secure.gravatar.com\/avatar\/66edf527eac29e9a5eb25bcada01f61a?s=96&d=mm&r=g\",\"caption\":\"galledia\"},\"url\":\"https:\/\/www.m-q.ch\/fr\/author\/galledia\/\"}]}<\/script>\n<!-- \/ Yoast SEO plugin. -->","yoast_head_json":{"title":"ISO 9001 sous l'\u00e9gide de T\u00dcV AUTRICHE - MQ Management und Qualit\u00e4t","description":"La soci\u00e9t\u00e9 de conseil en gestion Risk Experts \u00e0 Vienne a \u00e9t\u00e9 la premi\u00e8re soci\u00e9t\u00e9 de conseil europ\u00e9enne \u00e0 recevoir le certificat de gestion de la qualit\u00e9 de T\u00dcV AUSTRIA.","robots":{"index":"index","follow":"follow","max-snippet":"max-snippet:-1","max-image-preview":"max-image-preview:large","max-video-preview":"max-video-preview:-1"},"canonical":"https:\/\/www.m-q.ch\/fr\/iso-9001-sous-legide-de-tuev-austria\/","og_locale":"fr_FR","og_type":"article","og_title":"ISO 9001 in der \u00c4gide von T\u00dcV AUSTRIA - MQ Management und Qualit\u00e4t","og_description":"Die Unternehmensberatung Risk Experts in Wien bekam als erstes europ\u00e4isches Beratungsunternehmen von T\u00dcV AUSTRIA das Zertifikat f\u00fcr Qualit\u00e4tsmanagement.","og_url":"https:\/\/www.m-q.ch\/fr\/iso-9001-sous-legide-de-tuev-austria\/","og_site_name":"MQ Management und Qualit\u00e4t","article_publisher":"https:\/\/www.facebook.com\/ManagementUndQualitaet","article_published_time":"2016-03-09T09:44:06+00:00","article_modified_time":"2017-03-01T14:12:54+00:00","og_image":[{"width":1063,"height":547,"url":"https:\/\/www.m-q.ch\/wp-content\/uploads\/2016\/12\/ISO-9001-in-der-\u00c4gide-von-T\u00dcV-AUSTRIA-management-und-qualitaet.jpg","type":"image\/jpeg"}],"author":"galledia","twitter_card":"summary_large_image","twitter_misc":{"\u00c9crit par":"galledia","Dur\u00e9e de lecture estim\u00e9e":"2 minutes"},"schema":{"@context":"https:\/\/schema.org","@graph":[{"@type":"Article","@id":"https:\/\/www.m-q.ch\/de\/iso-9001-in-der-aegide-von-tuev-austria\/#article","isPartOf":{"@id":"https:\/\/www.m-q.ch\/de\/iso-9001-in-der-aegide-von-tuev-austria\/"},"author":{"name":"galledia","@id":"https:\/\/www.m-q.ch\/fr\/#\/schema\/person\/c0139a2c55a374db6df2cde78ec87148"},"headline":"ISO 9001 in der \u00c4gide von T\u00dcV AUSTRIA","datePublished":"2016-03-09T09:44:06+00:00","dateModified":"2017-03-01T14:12:54+00:00","mainEntityOfPage":{"@id":"https:\/\/www.m-q.ch\/de\/iso-9001-in-der-aegide-von-tuev-austria\/"},"wordCount":321,"commentCount":0,"publisher":{"@id":"https:\/\/www.m-q.ch\/fr\/#organization"},"image":{"@id":"https:\/\/www.m-q.ch\/de\/iso-9001-in-der-aegide-von-tuev-austria\/#primaryimage"},"thumbnailUrl":"https:\/\/www.m-q.ch\/wp-content\/uploads\/2016\/12\/ISO-9001-in-der-\u00c4gide-von-T\u00dcV-AUSTRIA-management-und-qualitaet.jpg","keywords":["Normen\/Standards"],"articleSection":["Unkategorisiert"],"inLanguage":"fr-FR"},{"@type":"WebPage","@id":"https:\/\/www.m-q.ch\/de\/iso-9001-in-der-aegide-von-tuev-austria\/","url":"https:\/\/www.m-q.ch\/de\/iso-9001-in-der-aegide-von-tuev-austria\/","name":"ISO 9001 sous l'\u00e9gide de T\u00dcV AUTRICHE - MQ Management und Qualit\u00e4t","isPartOf":{"@id":"https:\/\/www.m-q.ch\/fr\/#website"},"primaryImageOfPage":{"@id":"https:\/\/www.m-q.ch\/de\/iso-9001-in-der-aegide-von-tuev-austria\/#primaryimage"},"image":{"@id":"https:\/\/www.m-q.ch\/de\/iso-9001-in-der-aegide-von-tuev-austria\/#primaryimage"},"thumbnailUrl":"https:\/\/www.m-q.ch\/wp-content\/uploads\/2016\/12\/ISO-9001-in-der-\u00c4gide-von-T\u00dcV-AUSTRIA-management-und-qualitaet.jpg","datePublished":"2016-03-09T09:44:06+00:00","dateModified":"2017-03-01T14:12:54+00:00","description":"La soci\u00e9t\u00e9 de conseil en gestion Risk Experts \u00e0 Vienne a \u00e9t\u00e9 la premi\u00e8re soci\u00e9t\u00e9 de conseil europ\u00e9enne \u00e0 recevoir le certificat de gestion de la qualit\u00e9 de T\u00dcV AUSTRIA.","breadcrumb":{"@id":"https:\/\/www.m-q.ch\/de\/iso-9001-in-der-aegide-von-tuev-austria\/#breadcrumb"},"inLanguage":"fr-FR","potentialAction":[{"@type":"ReadAction","target":["https:\/\/www.m-q.ch\/de\/iso-9001-in-der-aegide-von-tuev-austria\/"]}]},{"@type":"ImageObject","inLanguage":"fr-FR","@id":"https:\/\/www.m-q.ch\/de\/iso-9001-in-der-aegide-von-tuev-austria\/#primaryimage","url":"https:\/\/www.m-q.ch\/wp-content\/uploads\/2016\/12\/ISO-9001-in-der-\u00c4gide-von-T\u00dcV-AUSTRIA-management-und-qualitaet.jpg","contentUrl":"https:\/\/www.m-q.ch\/wp-content\/uploads\/2016\/12\/ISO-9001-in-der-\u00c4gide-von-T\u00dcV-AUSTRIA-management-und-qualitaet.jpg","width":1063,"height":547,"caption":"Erfahrene Risk Experts (vlnr): Ebner, Wallner, Buser, Eichinger, Neta."},{"@type":"BreadcrumbList","@id":"https:\/\/www.m-q.ch\/de\/iso-9001-in-der-aegide-von-tuev-austria\/#breadcrumb","itemListElement":[{"@type":"ListItem","position":1,"name":"Unkategorisiert","item":"https:\/\/www.m-q.ch\/it\/categoria\/senza-categoria\/"},{"@type":"ListItem","position":2,"name":"ISO 9001 in der \u00c4gide von T\u00dcV AUSTRIA"}]},{"@type":"WebSite","@id":"https:\/\/www.m-q.ch\/fr\/#website","url":"https:\/\/www.m-q.ch\/fr\/","name":"Gestion et qualit\u00e9 du QM","description":"Plate-forme pour les syst\u00e8mes de gestion int\u00e9gr\u00e9e.","publisher":{"@id":"https:\/\/www.m-q.ch\/fr\/#organization"},"potentialAction":[{"@type":"SearchAction","target":{"@type":"EntryPoint","urlTemplate":"https:\/\/www.m-q.ch\/fr\/?s={search_term_string}"},"query-input":{"@type":"PropertyValueSpecification","valueRequired":true,"valueName":"search_term_string"}}],"inLanguage":"fr-FR"},{"@type":"Organization","@id":"https:\/\/www.m-q.ch\/fr\/#organization","name":"Galledia Trade Media AG","url":"https:\/\/www.m-q.ch\/fr\/","logo":{"@type":"ImageObject","inLanguage":"fr-FR","@id":"https:\/\/www.m-q.ch\/fr\/#\/schema\/logo\/image\/","url":"https:\/\/www.m-q.ch\/wp-content\/uploads\/2020\/12\/cropped-logo_small.png","contentUrl":"https:\/\/www.m-q.ch\/wp-content\/uploads\/2020\/12\/cropped-logo_small.png","width":512,"height":512,"caption":"Galledia Fachmedien AG"},"image":{"@id":"https:\/\/www.m-q.ch\/fr\/#\/schema\/logo\/image\/"},"sameAs":["https:\/\/www.facebook.com\/ManagementUndQualitaet","https:\/\/www.linkedin.com\/showcase\/17982321\/admin\/"]},{"@type":"Person","@id":"https:\/\/www.m-q.ch\/fr\/#\/schema\/person\/c0139a2c55a374db6df2cde78ec87148","name":"galledia","image":{"@type":"ImageObject","inLanguage":"fr-FR","@id":"https:\/\/www.m-q.ch\/fr\/#\/schema\/person\/image\/","url":"https:\/\/secure.gravatar.com\/avatar\/66edf527eac29e9a5eb25bcada01f61a?s=96&d=mm&r=g","contentUrl":"https:\/\/secure.gravatar.com\/avatar\/66edf527eac29e9a5eb25bcada01f61a?s=96&d=mm&r=g","caption":"galledia"},"url":"https:\/\/www.m-q.ch\/fr\/author\/galledia\/"}]}},"_links":{"self":[{"href":"https:\/\/www.m-q.ch\/fr\/wp-json\/wp\/v2\/posts\/343","targetHints":{"allow":["GET"]}}],"collection":[{"href":"https:\/\/www.m-q.ch\/fr\/wp-json\/wp\/v2\/posts"}],"about":[{"href":"https:\/\/www.m-q.ch\/fr\/wp-json\/wp\/v2\/types\/post"}],"author":[{"embeddable":true,"href":"https:\/\/www.m-q.ch\/fr\/wp-json\/wp\/v2\/users\/1"}],"replies":[{"embeddable":true,"href":"https:\/\/www.m-q.ch\/fr\/wp-json\/wp\/v2\/comments?post=343"}],"version-history":[{"count":3,"href":"https:\/\/www.m-q.ch\/fr\/wp-json\/wp\/v2\/posts\/343\/revisions"}],"predecessor-version":[{"id":1178,"href":"https:\/\/www.m-q.ch\/fr\/wp-json\/wp\/v2\/posts\/343\/revisions\/1178"}],"wp:featuredmedia":[{"embeddable":true,"href":"https:\/\/www.m-q.ch\/fr\/wp-json\/wp\/v2\/media\/147"}],"wp:attachment":[{"href":"https:\/\/www.m-q.ch\/fr\/wp-json\/wp\/v2\/media?parent=343"}],"wp:term":[{"taxonomy":"category","embeddable":true,"href":"https:\/\/www.m-q.ch\/fr\/wp-json\/wp\/v2\/categories?post=343"},{"taxonomy":"post_tag","embeddable":true,"href":"https:\/\/www.m-q.ch\/fr\/wp-json\/wp\/v2\/tags?post=343"}],"curies":[{"name":"wp","href":"https:\/\/api.w.org\/{rel}","templated":true}]}}