{"id":347,"date":"2016-03-11T10:47:42","date_gmt":"2016-03-11T09:47:42","guid":{"rendered":"http:\/\/dev.m-q.ch\/?p=347"},"modified":"2017-03-01T15:05:56","modified_gmt":"2017-03-01T14:05:56","slug":"les-vainqueurs-de-lesprix-swiss-award-for-excellence-2016","status":"publish","type":"post","link":"https:\/\/www.m-q.ch\/fr\/die-sieger-des-esprix-swiss-award-for-excellence-2016\/","title":{"rendered":"Les laur\u00e9ats du Prix suisse d'excellence ESPRIX 2016"},"content":{"rendered":"<figure id=\"attachment_91\" aria-describedby=\"caption-attachment-91\" style=\"width: 680px\" class=\"wp-caption alignnone\"><a href=\"https:\/\/m-q.ch\/wp-content\/uploads\/2016\/12\/Die-Sieger-des-ESPRIX-Swiss-Award-for-Excellence-2016-management-und-qualitaet.jpg\"><img loading=\"lazy\" decoding=\"async\" class=\"wp-image-91 size-medium\" src=\"https:\/\/www.m-q.ch\/wp-content\/uploads\/2016\/12\/Die-Sieger-des-ESPRIX-Swiss-Award-for-Excellence-2016-management-und-qualitaet-680x477.jpg\" width=\"680\" height=\"477\" srcset=\"https:\/\/www.m-q.ch\/wp-content\/uploads\/2016\/12\/Die-Sieger-des-ESPRIX-Swiss-Award-for-Excellence-2016-management-und-qualitaet-680x477.jpg 680w, https:\/\/www.m-q.ch\/wp-content\/uploads\/2016\/12\/Die-Sieger-des-ESPRIX-Swiss-Award-for-Excellence-2016-management-und-qualitaet-768x539.jpg 768w, https:\/\/www.m-q.ch\/wp-content\/uploads\/2016\/12\/Die-Sieger-des-ESPRIX-Swiss-Award-for-Excellence-2016-management-und-qualitaet-1536x1077.jpg 1536w, https:\/\/www.m-q.ch\/wp-content\/uploads\/2016\/12\/Die-Sieger-des-ESPRIX-Swiss-Award-for-Excellence-2016-management-und-qualitaet-2048x1437.jpg 2048w, https:\/\/www.m-q.ch\/wp-content\/uploads\/2016\/12\/Die-Sieger-des-ESPRIX-Swiss-Award-for-Excellence-2016-management-und-qualitaet-16x12.jpg 16w, https:\/\/www.m-q.ch\/wp-content\/uploads\/2016\/12\/Die-Sieger-des-ESPRIX-Swiss-Award-for-Excellence-2016-management-und-qualitaet-249x175.jpg 249w, https:\/\/www.m-q.ch\/wp-content\/uploads\/2016\/12\/Die-Sieger-des-ESPRIX-Swiss-Award-for-Excellence-2016-management-und-qualitaet-499x350.jpg 499w, https:\/\/www.m-q.ch\/wp-content\/uploads\/2016\/12\/Die-Sieger-des-ESPRIX-Swiss-Award-for-Excellence-2016-management-und-qualitaet-1141x800.jpg 1141w, https:\/\/www.m-q.ch\/wp-content\/uploads\/2016\/12\/Die-Sieger-des-ESPRIX-Swiss-Award-for-Excellence-2016-management-und-qualitaet-920x645.jpg 920w, https:\/\/www.m-q.ch\/wp-content\/uploads\/2016\/12\/Die-Sieger-des-ESPRIX-Swiss-Award-for-Excellence-2016-management-und-qualitaet-1400x982.jpg 1400w, https:\/\/www.m-q.ch\/wp-content\/uploads\/2016\/12\/Die-Sieger-des-ESPRIX-Swiss-Award-for-Excellence-2016-management-und-qualitaet-1996x1400.jpg 1996w, https:\/\/www.m-q.ch\/wp-content\/uploads\/2016\/12\/Die-Sieger-des-ESPRIX-Swiss-Award-for-Excellence-2016-management-und-qualitaet-300x210.jpg 300w, https:\/\/www.m-q.ch\/wp-content\/uploads\/2016\/12\/Die-Sieger-des-ESPRIX-Swiss-Award-for-Excellence-2016-management-und-qualitaet-1024x718.jpg 1024w, https:\/\/www.m-q.ch\/wp-content\/uploads\/2016\/12\/Die-Sieger-des-ESPRIX-Swiss-Award-for-Excellence-2016-management-und-qualitaet-624x438.jpg 624w\" sizes=\"auto, (max-width: 680px) 100vw, 680px\" \/><\/a><figcaption id=\"caption-attachment-91\" class=\"wp-caption-text\">Agence BMW Zurich-Dielsdorf.<\/figcaption><\/figure>\n<p>\"Le prix ESPRIX est une r\u00e9alisation importante pour tous les employ\u00e9s\", souligne le directeur g\u00e9n\u00e9ral Reinhard Ahlborn.<\/p>\n<p>L'excellence de la succursale BMW de Zurich-Dielsdorf repose sur une strat\u00e9gie \u00e0 long terme et une d\u00e9claration de mission claire. Ce cadre d\u00e9crit ce qui guide les employ\u00e9s et les gestionnaires afin de fournir un service pour les v\u00e9hicules haut de gamme au plus haut niveau de qualit\u00e9 et de mani\u00e8re rentable. Il n'est pas laiss\u00e9 au hasard de savoir si, quand et comment les processus sont am\u00e9lior\u00e9s.<\/p>\n<p>Les changements sont syst\u00e9matiquement g\u00e9r\u00e9s et leur succ\u00e8s est mesur\u00e9. Gr\u00e2ce \u00e0 cet effort conjoint des dirigeants et des employ\u00e9s, les t\u00e2ches d'aujourd'hui peuvent \u00eatre g\u00e9r\u00e9es si efficacement que des solutions pour l'avenir peuvent \u00eatre \u00e9labor\u00e9es en m\u00eame temps. La joie du laur\u00e9at de cette ann\u00e9e, la succursale BMW de Zurich-Dielsdorf, montre que \"la philosophie d'excellence qui nous anime fonctionne comme un tout, comme une \u00e9quipe.<\/p>\n<p><strong>Le prix ESPRIX<\/strong><\/p>\n<p>\"Le prix ESPRIX est une r\u00e9alisation importante pour tous les employ\u00e9s\", fait l'\u00e9loge du directeur g\u00e9n\u00e9ral Reinhard Ahlborn. \"Ce prix est un grand honneur et prouve que nous avons un niveau \u00e9lev\u00e9 d'innovation en mati\u00e8re de vente. Une comp\u00e9tence de service sur laquelle nos clients peuvent \u00e9galement compter\".<\/p>\n<p>Sur la voie de l'excellence en affaires, toutes les entreprises ont pr\u00e9par\u00e9 un dossier de candidature complet. Des \u00e9quipes de 5 \u00e0 7 \u00e9valuateurs ESPRIX - tous des gestionnaires exp\u00e9riment\u00e9s et des experts ayant une exp\u00e9rience pratique - mettent les entreprises nomin\u00e9es \u00e0 l'\u00e9preuve. Les employ\u00e9s ont \u00e9t\u00e9 interrog\u00e9s par les \u00e9valuateurs ESPRIX au cours d'une \"visite sur place\" d'une dur\u00e9e d'environ une semaine, les chiffres cl\u00e9s de l'entreprise ont \u00e9t\u00e9 analys\u00e9s et les r\u00e9sultats ont \u00e9t\u00e9 compar\u00e9s aux conclusions des documents de candidature.<\/p>\n<p>L'\u00e9valuation est bas\u00e9e sur les principes fondamentaux du mod\u00e8le d'excellence EFQM de la Fondation europ\u00e9enne pour la gestion de la qualit\u00e9 (EFQM) et aide les entreprises et les organisations \u00e0 s'am\u00e9liorer de mani\u00e8re durable et continue.<\/p>\n<p>Pour en savoir plus sur le prix ESPRIX, voir <a href=\"http:\/\/www.esprix.ch\" target=\"_blank\" data-cke-saved-href=\"http:\/\/www.esprix.ch\">www.esprix.ch<\/a><\/p>\n<p><strong>Impressions du Prix suisse d'excellence ESPRIX<\/strong><\/p>\n<div id='gallery-1' class='gallery galleryid-347 gallery-columns-3 gallery-size-thumbnail'><figure class='gallery-item'>\n\t\t\t<div class='gallery-icon landscape'>\n\t\t\t\t<a href='https:\/\/www.m-q.ch\/fr\/die-sieger-des-esprix-swiss-award-for-excellence-2016-6-management-und-qualitaet\/'><img loading=\"lazy\" decoding=\"async\" width=\"96\" height=\"96\" src=\"https:\/\/www.m-q.ch\/wp-content\/uploads\/2016\/12\/Die-Sieger-des-ESPRIX-Swiss-Award-for-Excellence-2016-6-management-und-qualitaet-220x220.jpg\" class=\"attachment-thumbnail size-thumbnail\" alt=\"\" srcset=\"https:\/\/www.m-q.ch\/wp-content\/uploads\/2016\/12\/Die-Sieger-des-ESPRIX-Swiss-Award-for-Excellence-2016-6-management-und-qualitaet-220x220.jpg 220w, https:\/\/www.m-q.ch\/wp-content\/uploads\/2016\/12\/Die-Sieger-des-ESPRIX-Swiss-Award-for-Excellence-2016-6-management-und-qualitaet-250x250.jpg 250w, https:\/\/www.m-q.ch\/wp-content\/uploads\/2016\/12\/Die-Sieger-des-ESPRIX-Swiss-Award-for-Excellence-2016-6-management-und-qualitaet-150x150.jpg 150w, https:\/\/www.m-q.ch\/wp-content\/uploads\/2016\/12\/Die-Sieger-des-ESPRIX-Swiss-Award-for-Excellence-2016-6-management-und-qualitaet-100x100.jpg 100w\" sizes=\"auto, (max-width: 96px) 100vw, 96px\" \/><\/a>\n\t\t\t<\/div><\/figure><figure class='gallery-item'>\n\t\t\t<div class='gallery-icon landscape'>\n\t\t\t\t<a href='https:\/\/www.m-q.ch\/fr\/die-sieger-des-esprix-swiss-award-for-excellence-2016-5-management-und-qualitaet\/'><img loading=\"lazy\" decoding=\"async\" width=\"96\" height=\"96\" src=\"https:\/\/www.m-q.ch\/wp-content\/uploads\/2016\/12\/Die-Sieger-des-ESPRIX-Swiss-Award-for-Excellence-2016-5-management-und-qualitaet-220x220.jpg\" class=\"attachment-thumbnail size-thumbnail\" alt=\"\" srcset=\"https:\/\/www.m-q.ch\/wp-content\/uploads\/2016\/12\/Die-Sieger-des-ESPRIX-Swiss-Award-for-Excellence-2016-5-management-und-qualitaet-220x220.jpg 220w, https:\/\/www.m-q.ch\/wp-content\/uploads\/2016\/12\/Die-Sieger-des-ESPRIX-Swiss-Award-for-Excellence-2016-5-management-und-qualitaet-250x250.jpg 250w, https:\/\/www.m-q.ch\/wp-content\/uploads\/2016\/12\/Die-Sieger-des-ESPRIX-Swiss-Award-for-Excellence-2016-5-management-und-qualitaet-150x150.jpg 150w, https:\/\/www.m-q.ch\/wp-content\/uploads\/2016\/12\/Die-Sieger-des-ESPRIX-Swiss-Award-for-Excellence-2016-5-management-und-qualitaet-100x100.jpg 100w\" sizes=\"auto, (max-width: 96px) 100vw, 96px\" \/><\/a>\n\t\t\t<\/div><\/figure><figure class='gallery-item'>\n\t\t\t<div class='gallery-icon landscape'>\n\t\t\t\t<a href='https:\/\/www.m-q.ch\/fr\/die-sieger-des-esprix-swiss-award-for-excellence-2016-4-management-und-qualitaet\/'><img loading=\"lazy\" decoding=\"async\" width=\"96\" height=\"96\" src=\"https:\/\/www.m-q.ch\/wp-content\/uploads\/2016\/12\/Die-Sieger-des-ESPRIX-Swiss-Award-for-Excellence-2016-4-management-und-qualitaet-220x220.jpg\" class=\"attachment-thumbnail size-thumbnail\" alt=\"\" srcset=\"https:\/\/www.m-q.ch\/wp-content\/uploads\/2016\/12\/Die-Sieger-des-ESPRIX-Swiss-Award-for-Excellence-2016-4-management-und-qualitaet-220x220.jpg 220w, https:\/\/www.m-q.ch\/wp-content\/uploads\/2016\/12\/Die-Sieger-des-ESPRIX-Swiss-Award-for-Excellence-2016-4-management-und-qualitaet-250x250.jpg 250w, https:\/\/www.m-q.ch\/wp-content\/uploads\/2016\/12\/Die-Sieger-des-ESPRIX-Swiss-Award-for-Excellence-2016-4-management-und-qualitaet-150x150.jpg 150w, https:\/\/www.m-q.ch\/wp-content\/uploads\/2016\/12\/Die-Sieger-des-ESPRIX-Swiss-Award-for-Excellence-2016-4-management-und-qualitaet-100x100.jpg 100w\" sizes=\"auto, (max-width: 96px) 100vw, 96px\" \/><\/a>\n\t\t\t<\/div><\/figure><figure class='gallery-item'>\n\t\t\t<div class='gallery-icon landscape'>\n\t\t\t\t<a href='https:\/\/www.m-q.ch\/fr\/die-sieger-des-esprix-swiss-award-for-excellence-2016-3-management-und-qualitaet\/'><img loading=\"lazy\" decoding=\"async\" width=\"96\" height=\"96\" src=\"https:\/\/www.m-q.ch\/wp-content\/uploads\/2016\/12\/Die-Sieger-des-ESPRIX-Swiss-Award-for-Excellence-2016-3-management-und-qualitaet-220x220.jpg\" class=\"attachment-thumbnail size-thumbnail\" alt=\"\" srcset=\"https:\/\/www.m-q.ch\/wp-content\/uploads\/2016\/12\/Die-Sieger-des-ESPRIX-Swiss-Award-for-Excellence-2016-3-management-und-qualitaet-220x220.jpg 220w, https:\/\/www.m-q.ch\/wp-content\/uploads\/2016\/12\/Die-Sieger-des-ESPRIX-Swiss-Award-for-Excellence-2016-3-management-und-qualitaet-250x250.jpg 250w, https:\/\/www.m-q.ch\/wp-content\/uploads\/2016\/12\/Die-Sieger-des-ESPRIX-Swiss-Award-for-Excellence-2016-3-management-und-qualitaet-150x150.jpg 150w, https:\/\/www.m-q.ch\/wp-content\/uploads\/2016\/12\/Die-Sieger-des-ESPRIX-Swiss-Award-for-Excellence-2016-3-management-und-qualitaet-100x100.jpg 100w\" sizes=\"auto, (max-width: 96px) 100vw, 96px\" \/><\/a>\n\t\t\t<\/div><\/figure><figure class='gallery-item'>\n\t\t\t<div class='gallery-icon landscape'>\n\t\t\t\t<a href='https:\/\/www.m-q.ch\/fr\/die-sieger-des-esprix-swiss-award-for-excellence-2016-2-management-und-qualitaet\/'><img loading=\"lazy\" decoding=\"async\" width=\"96\" height=\"96\" src=\"https:\/\/www.m-q.ch\/wp-content\/uploads\/2016\/12\/Die-Sieger-des-ESPRIX-Swiss-Award-for-Excellence-2016-2-management-und-qualitaet-220x220.jpg\" class=\"attachment-thumbnail size-thumbnail\" alt=\"\" srcset=\"https:\/\/www.m-q.ch\/wp-content\/uploads\/2016\/12\/Die-Sieger-des-ESPRIX-Swiss-Award-for-Excellence-2016-2-management-und-qualitaet-220x220.jpg 220w, https:\/\/www.m-q.ch\/wp-content\/uploads\/2016\/12\/Die-Sieger-des-ESPRIX-Swiss-Award-for-Excellence-2016-2-management-und-qualitaet-250x250.jpg 250w, https:\/\/www.m-q.ch\/wp-content\/uploads\/2016\/12\/Die-Sieger-des-ESPRIX-Swiss-Award-for-Excellence-2016-2-management-und-qualitaet-150x150.jpg 150w, https:\/\/www.m-q.ch\/wp-content\/uploads\/2016\/12\/Die-Sieger-des-ESPRIX-Swiss-Award-for-Excellence-2016-2-management-und-qualitaet-100x100.jpg 100w\" sizes=\"auto, (max-width: 96px) 100vw, 96px\" \/><\/a>\n\t\t\t<\/div><\/figure>\n\t\t<\/div>","protected":false},"excerpt":{"rendered":"<p>&#8222;Der ESPRIX Award ist ein bedeutender Leistungsausweis f\u00fcr alle Mitarbeiterinnen und Mitarbeiter&#8220;, unsterstreicht Gesch\u00e4ftsf\u00fchrer Reinhard Ahlborn. Die Exzellenz der BMW Niederlassung Z\u00fcrich-Dielsdorf basiert auf einer langfristigen Strategie und einem klaren Leitbild. Dieser Rahmen beschreibt, woran sich Mitarbeiter und F\u00fchrungskr\u00e4fte orientieren, um Service f\u00fcr Premium-Fahrzeuge auf h\u00f6chstem Qualit\u00e4tsniveau und kosteneffizient zu leisten. Dabei wird es nicht [&hellip;]<\/p>\n","protected":false},"author":1,"featured_media":91,"comment_status":"open","ping_status":"open","sticky":false,"template":"","format":"standard","meta":{"_acf_changed":false,"footnotes":""},"categories":[1],"tags":[3359],"class_list":["post-347","post","type-post","status-publish","format-standard","has-post-thumbnail","hentry","category-unkategorisiert","tag-vereineverbaendeinstitutionen"],"acf":[],"yoast_head":"<!-- This site is optimized with the Yoast SEO plugin v26.2 - https:\/\/yoast.com\/wordpress\/plugins\/seo\/ -->\n<title>Die Sieger des ESPRIX Swiss Award for Excellence 2016 - MQ Management und Qualit\u00e4t<\/title>\n<meta name=\"description\" content=\"Die BMW Niederlassung Z\u00fcrich-Dielsdorf wird mit dem &quot;ESPRIX Swiss Award for Excellence 2016&quot; ausgezeichnet.\" \/>\n<meta name=\"robots\" content=\"index, follow, max-snippet:-1, max-image-preview:large, max-video-preview:-1\" \/>\n<link rel=\"canonical\" href=\"https:\/\/www.m-q.ch\/fr\/les-laureats-du-prix-suisse-de-lexcellence-2016\/\" \/>\n<meta property=\"og:locale\" content=\"fr_FR\" \/>\n<meta property=\"og:type\" content=\"article\" \/>\n<meta property=\"og:title\" content=\"Die Sieger des ESPRIX Swiss Award for Excellence 2016 - MQ Management und Qualit\u00e4t\" \/>\n<meta property=\"og:description\" content=\"Die BMW Niederlassung Z\u00fcrich-Dielsdorf wird mit dem &quot;ESPRIX Swiss Award for Excellence 2016&quot; ausgezeichnet.\" \/>\n<meta property=\"og:url\" content=\"https:\/\/www.m-q.ch\/fr\/les-laureats-du-prix-suisse-de-lexcellence-2016\/\" \/>\n<meta property=\"og:site_name\" content=\"MQ Management und Qualit\u00e4t\" \/>\n<meta property=\"article:publisher\" content=\"https:\/\/www.facebook.com\/ManagementUndQualitaet\" \/>\n<meta property=\"article:published_time\" content=\"2016-03-11T09:47:42+00:00\" \/>\n<meta property=\"article:modified_time\" content=\"2017-03-01T14:05:56+00:00\" \/>\n<meta property=\"og:image\" content=\"https:\/\/www.m-q.ch\/wp-content\/uploads\/2016\/12\/Die-Sieger-des-ESPRIX-Swiss-Award-for-Excellence-2016-management-und-qualitaet-scaled.jpg\" \/>\n\t<meta property=\"og:image:width\" content=\"2560\" \/>\n\t<meta property=\"og:image:height\" content=\"1796\" \/>\n\t<meta property=\"og:image:type\" content=\"image\/jpeg\" \/>\n<meta name=\"author\" content=\"galledia\" \/>\n<meta name=\"twitter:card\" content=\"summary_large_image\" \/>\n<meta name=\"twitter:label1\" content=\"\u00c9crit par\" \/>\n\t<meta name=\"twitter:data1\" content=\"galledia\" \/>\n\t<meta name=\"twitter:label2\" content=\"Dur\u00e9e de lecture estim\u00e9e\" \/>\n\t<meta name=\"twitter:data2\" content=\"2 minutes\" \/>\n<script type=\"application\/ld+json\" class=\"yoast-schema-graph\">{\"@context\":\"https:\/\/schema.org\",\"@graph\":[{\"@type\":\"Article\",\"@id\":\"https:\/\/www.m-q.ch\/fr\/les-laureats-du-prix-suisse-de-lexcellence-2016\/#article\",\"isPartOf\":{\"@id\":\"https:\/\/www.m-q.ch\/fr\/les-laureats-du-prix-suisse-de-lexcellence-2016\/\"},\"author\":{\"name\":\"galledia\",\"@id\":\"https:\/\/www.m-q.ch\/fr\/#\/schema\/person\/c0139a2c55a374db6df2cde78ec87148\"},\"headline\":\"Die Sieger des ESPRIX Swiss Award for Excellence 2016\",\"datePublished\":\"2016-03-11T09:47:42+00:00\",\"dateModified\":\"2017-03-01T14:05:56+00:00\",\"mainEntityOfPage\":{\"@id\":\"https:\/\/www.m-q.ch\/fr\/les-laureats-du-prix-suisse-de-lexcellence-2016\/\"},\"wordCount\":321,\"commentCount\":0,\"publisher\":{\"@id\":\"https:\/\/www.m-q.ch\/fr\/#organization\"},\"image\":{\"@id\":\"https:\/\/www.m-q.ch\/fr\/les-laureats-du-prix-suisse-de-lexcellence-2016\/#primaryimage\"},\"thumbnailUrl\":\"https:\/\/www.m-q.ch\/wp-content\/uploads\/2016\/12\/Die-Sieger-des-ESPRIX-Swiss-Award-for-Excellence-2016-management-und-qualitaet-scaled.jpg\",\"keywords\":[\"Vereine\/Verb\u00e4nde\/Institutionen\"],\"articleSection\":[\"Unkategorisiert\"],\"inLanguage\":\"fr-FR\"},{\"@type\":\"WebPage\",\"@id\":\"https:\/\/www.m-q.ch\/fr\/les-laureats-du-prix-suisse-de-lexcellence-2016\/\",\"url\":\"https:\/\/www.m-q.ch\/fr\/les-laureats-du-prix-suisse-de-lexcellence-2016\/\",\"name\":\"Die Sieger des ESPRIX Swiss Award for Excellence 2016 - MQ Management und Qualit\u00e4t\",\"isPartOf\":{\"@id\":\"https:\/\/www.m-q.ch\/fr\/#website\"},\"primaryImageOfPage\":{\"@id\":\"https:\/\/www.m-q.ch\/fr\/les-laureats-du-prix-suisse-de-lexcellence-2016\/#primaryimage\"},\"image\":{\"@id\":\"https:\/\/www.m-q.ch\/fr\/les-laureats-du-prix-suisse-de-lexcellence-2016\/#primaryimage\"},\"thumbnailUrl\":\"https:\/\/www.m-q.ch\/wp-content\/uploads\/2016\/12\/Die-Sieger-des-ESPRIX-Swiss-Award-for-Excellence-2016-management-und-qualitaet-scaled.jpg\",\"datePublished\":\"2016-03-11T09:47:42+00:00\",\"dateModified\":\"2017-03-01T14:05:56+00:00\",\"description\":\"Die BMW Niederlassung Z\u00fcrich-Dielsdorf wird mit dem \\\"ESPRIX Swiss Award for Excellence 2016\\\" ausgezeichnet.\",\"breadcrumb\":{\"@id\":\"https:\/\/www.m-q.ch\/fr\/les-laureats-du-prix-suisse-de-lexcellence-2016\/#breadcrumb\"},\"inLanguage\":\"fr-FR\",\"potentialAction\":[{\"@type\":\"ReadAction\",\"target\":[\"https:\/\/www.m-q.ch\/fr\/les-laureats-du-prix-suisse-de-lexcellence-2016\/\"]}]},{\"@type\":\"ImageObject\",\"inLanguage\":\"fr-FR\",\"@id\":\"https:\/\/www.m-q.ch\/fr\/les-laureats-du-prix-suisse-de-lexcellence-2016\/#primaryimage\",\"url\":\"https:\/\/www.m-q.ch\/wp-content\/uploads\/2016\/12\/Die-Sieger-des-ESPRIX-Swiss-Award-for-Excellence-2016-management-und-qualitaet-scaled.jpg\",\"contentUrl\":\"https:\/\/www.m-q.ch\/wp-content\/uploads\/2016\/12\/Die-Sieger-des-ESPRIX-Swiss-Award-for-Excellence-2016-management-und-qualitaet-scaled.jpg\",\"width\":2560,\"height\":1796,\"caption\":\"BMW Niederlassung Z\u00fcrich-Dielsdorf.\"},{\"@type\":\"BreadcrumbList\",\"@id\":\"https:\/\/www.m-q.ch\/fr\/les-laureats-du-prix-suisse-de-lexcellence-2016\/#breadcrumb\",\"itemListElement\":[{\"@type\":\"ListItem\",\"position\":1,\"name\":\"Unkategorisiert\",\"item\":\"https:\/\/www.m-q.ch\/it\/categoria\/senza-categoria\/\"},{\"@type\":\"ListItem\",\"position\":2,\"name\":\"Die Sieger des ESPRIX Swiss Award for Excellence 2016\"}]},{\"@type\":\"WebSite\",\"@id\":\"https:\/\/www.m-q.ch\/fr\/#website\",\"url\":\"https:\/\/www.m-q.ch\/fr\/\",\"name\":\"MQ Management und Qualit\u00e4t\",\"description\":\"Plattform f\u00fcr integrierte Managementsysteme.\",\"publisher\":{\"@id\":\"https:\/\/www.m-q.ch\/fr\/#organization\"},\"potentialAction\":[{\"@type\":\"SearchAction\",\"target\":{\"@type\":\"EntryPoint\",\"urlTemplate\":\"https:\/\/www.m-q.ch\/fr\/?s={search_term_string}\"},\"query-input\":{\"@type\":\"PropertyValueSpecification\",\"valueRequired\":true,\"valueName\":\"search_term_string\"}}],\"inLanguage\":\"fr-FR\"},{\"@type\":\"Organization\",\"@id\":\"https:\/\/www.m-q.ch\/fr\/#organization\",\"name\":\"Galledia Fachmedien AG\",\"url\":\"https:\/\/www.m-q.ch\/fr\/\",\"logo\":{\"@type\":\"ImageObject\",\"inLanguage\":\"fr-FR\",\"@id\":\"https:\/\/www.m-q.ch\/fr\/#\/schema\/logo\/image\/\",\"url\":\"https:\/\/www.m-q.ch\/wp-content\/uploads\/2020\/12\/cropped-logo_small.png\",\"contentUrl\":\"https:\/\/www.m-q.ch\/wp-content\/uploads\/2020\/12\/cropped-logo_small.png\",\"width\":512,\"height\":512,\"caption\":\"Galledia Fachmedien AG\"},\"image\":{\"@id\":\"https:\/\/www.m-q.ch\/fr\/#\/schema\/logo\/image\/\"},\"sameAs\":[\"https:\/\/www.facebook.com\/ManagementUndQualitaet\",\"https:\/\/www.linkedin.com\/showcase\/17982321\/admin\/\"]},{\"@type\":\"Person\",\"@id\":\"https:\/\/www.m-q.ch\/fr\/#\/schema\/person\/c0139a2c55a374db6df2cde78ec87148\",\"name\":\"galledia\",\"image\":{\"@type\":\"ImageObject\",\"inLanguage\":\"fr-FR\",\"@id\":\"https:\/\/www.m-q.ch\/fr\/#\/schema\/person\/image\/\",\"url\":\"https:\/\/secure.gravatar.com\/avatar\/66edf527eac29e9a5eb25bcada01f61a?s=96&d=mm&r=g\",\"contentUrl\":\"https:\/\/secure.gravatar.com\/avatar\/66edf527eac29e9a5eb25bcada01f61a?s=96&d=mm&r=g\",\"caption\":\"galledia\"},\"url\":\"https:\/\/www.m-q.ch\/fr\/author\/galledia\/\"}]}<\/script>\n<!-- \/ Yoast SEO plugin. -->","yoast_head_json":{"title":"Les laur\u00e9ats du Prix suisse d'excellence ESPRIX 2016 - MQ Management and Quality","description":"La succursale de BMW \u00e0 Zurich-Dielsdorf re\u00e7oit le \"ESPRIX Swiss Award for Excellence 2016\".","robots":{"index":"index","follow":"follow","max-snippet":"max-snippet:-1","max-image-preview":"max-image-preview:large","max-video-preview":"max-video-preview:-1"},"canonical":"https:\/\/www.m-q.ch\/fr\/les-laureats-du-prix-suisse-de-lexcellence-2016\/","og_locale":"fr_FR","og_type":"article","og_title":"Die Sieger des ESPRIX Swiss Award for Excellence 2016 - MQ Management und Qualit\u00e4t","og_description":"Die BMW Niederlassung Z\u00fcrich-Dielsdorf wird mit dem \"ESPRIX Swiss Award for Excellence 2016\" ausgezeichnet.","og_url":"https:\/\/www.m-q.ch\/fr\/les-laureats-du-prix-suisse-de-lexcellence-2016\/","og_site_name":"MQ Management und Qualit\u00e4t","article_publisher":"https:\/\/www.facebook.com\/ManagementUndQualitaet","article_published_time":"2016-03-11T09:47:42+00:00","article_modified_time":"2017-03-01T14:05:56+00:00","og_image":[{"width":2560,"height":1796,"url":"https:\/\/www.m-q.ch\/wp-content\/uploads\/2016\/12\/Die-Sieger-des-ESPRIX-Swiss-Award-for-Excellence-2016-management-und-qualitaet-scaled.jpg","type":"image\/jpeg"}],"author":"galledia","twitter_card":"summary_large_image","twitter_misc":{"\u00c9crit par":"galledia","Dur\u00e9e de lecture estim\u00e9e":"2 minutes"},"schema":{"@context":"https:\/\/schema.org","@graph":[{"@type":"Article","@id":"https:\/\/www.m-q.ch\/fr\/les-laureats-du-prix-suisse-de-lexcellence-2016\/#article","isPartOf":{"@id":"https:\/\/www.m-q.ch\/fr\/les-laureats-du-prix-suisse-de-lexcellence-2016\/"},"author":{"name":"galledia","@id":"https:\/\/www.m-q.ch\/fr\/#\/schema\/person\/c0139a2c55a374db6df2cde78ec87148"},"headline":"Die Sieger des ESPRIX Swiss Award for Excellence 2016","datePublished":"2016-03-11T09:47:42+00:00","dateModified":"2017-03-01T14:05:56+00:00","mainEntityOfPage":{"@id":"https:\/\/www.m-q.ch\/fr\/les-laureats-du-prix-suisse-de-lexcellence-2016\/"},"wordCount":321,"commentCount":0,"publisher":{"@id":"https:\/\/www.m-q.ch\/fr\/#organization"},"image":{"@id":"https:\/\/www.m-q.ch\/fr\/les-laureats-du-prix-suisse-de-lexcellence-2016\/#primaryimage"},"thumbnailUrl":"https:\/\/www.m-q.ch\/wp-content\/uploads\/2016\/12\/Die-Sieger-des-ESPRIX-Swiss-Award-for-Excellence-2016-management-und-qualitaet-scaled.jpg","keywords":["Vereine\/Verb\u00e4nde\/Institutionen"],"articleSection":["Unkategorisiert"],"inLanguage":"fr-FR"},{"@type":"WebPage","@id":"https:\/\/www.m-q.ch\/fr\/les-laureats-du-prix-suisse-de-lexcellence-2016\/","url":"https:\/\/www.m-q.ch\/fr\/les-laureats-du-prix-suisse-de-lexcellence-2016\/","name":"Les laur\u00e9ats du Prix suisse d'excellence ESPRIX 2016 - MQ Management and Quality","isPartOf":{"@id":"https:\/\/www.m-q.ch\/fr\/#website"},"primaryImageOfPage":{"@id":"https:\/\/www.m-q.ch\/fr\/les-laureats-du-prix-suisse-de-lexcellence-2016\/#primaryimage"},"image":{"@id":"https:\/\/www.m-q.ch\/fr\/les-laureats-du-prix-suisse-de-lexcellence-2016\/#primaryimage"},"thumbnailUrl":"https:\/\/www.m-q.ch\/wp-content\/uploads\/2016\/12\/Die-Sieger-des-ESPRIX-Swiss-Award-for-Excellence-2016-management-und-qualitaet-scaled.jpg","datePublished":"2016-03-11T09:47:42+00:00","dateModified":"2017-03-01T14:05:56+00:00","description":"La succursale de BMW \u00e0 Zurich-Dielsdorf re\u00e7oit le \"ESPRIX Swiss Award for Excellence 2016\".","breadcrumb":{"@id":"https:\/\/www.m-q.ch\/fr\/les-laureats-du-prix-suisse-de-lexcellence-2016\/#breadcrumb"},"inLanguage":"fr-FR","potentialAction":[{"@type":"ReadAction","target":["https:\/\/www.m-q.ch\/fr\/les-laureats-du-prix-suisse-de-lexcellence-2016\/"]}]},{"@type":"ImageObject","inLanguage":"fr-FR","@id":"https:\/\/www.m-q.ch\/fr\/les-laureats-du-prix-suisse-de-lexcellence-2016\/#primaryimage","url":"https:\/\/www.m-q.ch\/wp-content\/uploads\/2016\/12\/Die-Sieger-des-ESPRIX-Swiss-Award-for-Excellence-2016-management-und-qualitaet-scaled.jpg","contentUrl":"https:\/\/www.m-q.ch\/wp-content\/uploads\/2016\/12\/Die-Sieger-des-ESPRIX-Swiss-Award-for-Excellence-2016-management-und-qualitaet-scaled.jpg","width":2560,"height":1796,"caption":"BMW Niederlassung Z\u00fcrich-Dielsdorf."},{"@type":"BreadcrumbList","@id":"https:\/\/www.m-q.ch\/fr\/les-laureats-du-prix-suisse-de-lexcellence-2016\/#breadcrumb","itemListElement":[{"@type":"ListItem","position":1,"name":"Unkategorisiert","item":"https:\/\/www.m-q.ch\/it\/categoria\/senza-categoria\/"},{"@type":"ListItem","position":2,"name":"Die Sieger des ESPRIX Swiss Award for Excellence 2016"}]},{"@type":"WebSite","@id":"https:\/\/www.m-q.ch\/fr\/#website","url":"https:\/\/www.m-q.ch\/fr\/","name":"Gestion et qualit\u00e9 du QM","description":"Plate-forme pour les syst\u00e8mes de gestion int\u00e9gr\u00e9e.","publisher":{"@id":"https:\/\/www.m-q.ch\/fr\/#organization"},"potentialAction":[{"@type":"SearchAction","target":{"@type":"EntryPoint","urlTemplate":"https:\/\/www.m-q.ch\/fr\/?s={search_term_string}"},"query-input":{"@type":"PropertyValueSpecification","valueRequired":true,"valueName":"search_term_string"}}],"inLanguage":"fr-FR"},{"@type":"Organization","@id":"https:\/\/www.m-q.ch\/fr\/#organization","name":"Galledia Trade Media AG","url":"https:\/\/www.m-q.ch\/fr\/","logo":{"@type":"ImageObject","inLanguage":"fr-FR","@id":"https:\/\/www.m-q.ch\/fr\/#\/schema\/logo\/image\/","url":"https:\/\/www.m-q.ch\/wp-content\/uploads\/2020\/12\/cropped-logo_small.png","contentUrl":"https:\/\/www.m-q.ch\/wp-content\/uploads\/2020\/12\/cropped-logo_small.png","width":512,"height":512,"caption":"Galledia Fachmedien AG"},"image":{"@id":"https:\/\/www.m-q.ch\/fr\/#\/schema\/logo\/image\/"},"sameAs":["https:\/\/www.facebook.com\/ManagementUndQualitaet","https:\/\/www.linkedin.com\/showcase\/17982321\/admin\/"]},{"@type":"Person","@id":"https:\/\/www.m-q.ch\/fr\/#\/schema\/person\/c0139a2c55a374db6df2cde78ec87148","name":"galledia","image":{"@type":"ImageObject","inLanguage":"fr-FR","@id":"https:\/\/www.m-q.ch\/fr\/#\/schema\/person\/image\/","url":"https:\/\/secure.gravatar.com\/avatar\/66edf527eac29e9a5eb25bcada01f61a?s=96&d=mm&r=g","contentUrl":"https:\/\/secure.gravatar.com\/avatar\/66edf527eac29e9a5eb25bcada01f61a?s=96&d=mm&r=g","caption":"galledia"},"url":"https:\/\/www.m-q.ch\/fr\/author\/galledia\/"}]}},"_links":{"self":[{"href":"https:\/\/www.m-q.ch\/fr\/wp-json\/wp\/v2\/posts\/347","targetHints":{"allow":["GET"]}}],"collection":[{"href":"https:\/\/www.m-q.ch\/fr\/wp-json\/wp\/v2\/posts"}],"about":[{"href":"https:\/\/www.m-q.ch\/fr\/wp-json\/wp\/v2\/types\/post"}],"author":[{"embeddable":true,"href":"https:\/\/www.m-q.ch\/fr\/wp-json\/wp\/v2\/users\/1"}],"replies":[{"embeddable":true,"href":"https:\/\/www.m-q.ch\/fr\/wp-json\/wp\/v2\/comments?post=347"}],"version-history":[{"count":2,"href":"https:\/\/www.m-q.ch\/fr\/wp-json\/wp\/v2\/posts\/347\/revisions"}],"predecessor-version":[{"id":1176,"href":"https:\/\/www.m-q.ch\/fr\/wp-json\/wp\/v2\/posts\/347\/revisions\/1176"}],"wp:featuredmedia":[{"embeddable":true,"href":"https:\/\/www.m-q.ch\/fr\/wp-json\/wp\/v2\/media\/91"}],"wp:attachment":[{"href":"https:\/\/www.m-q.ch\/fr\/wp-json\/wp\/v2\/media?parent=347"}],"wp:term":[{"taxonomy":"category","embeddable":true,"href":"https:\/\/www.m-q.ch\/fr\/wp-json\/wp\/v2\/categories?post=347"},{"taxonomy":"post_tag","embeddable":true,"href":"https:\/\/www.m-q.ch\/fr\/wp-json\/wp\/v2\/tags?post=347"}],"curies":[{"name":"wp","href":"https:\/\/api.w.org\/{rel}","templated":true}]}}