{"id":357,"date":"2016-03-23T11:07:03","date_gmt":"2016-03-23T10:07:03","guid":{"rendered":"http:\/\/dev.m-q.ch\/?p=357"},"modified":"2017-02-24T13:14:40","modified_gmt":"2017-02-24T12:14:40","slug":"entreprises-suisses-ayant-besoin-dagir-en-matiere-de-gestion-des-risques","status":"publish","type":"post","link":"https:\/\/www.m-q.ch\/fr\/schweizer-unternehmen-mit-handlungsbedarf-im-risikomanagement\/","title":{"rendered":"Les entreprises suisses ont besoin d'agir en mati\u00e8re de gestion des risques"},"content":{"rendered":"<figure id=\"attachment_218\" aria-describedby=\"caption-attachment-218\" style=\"width: 497px\" class=\"wp-caption alignnone\"><a href=\"https:\/\/m-q.ch\/wp-content\/uploads\/2016\/12\/Schweizer-Unternehmen-mit-Handlungsbedarf-im-Risikomanagement-management-und-qualitaet.jpg\"><img loading=\"lazy\" decoding=\"async\" class=\"wp-image-218 size-full\" src=\"https:\/\/www.m-q.ch\/wp-content\/uploads\/2016\/12\/Schweizer-Unternehmen-mit-Handlungsbedarf-im-Risikomanagement-management-und-qualitaet.jpg\" width=\"497\" height=\"363\" srcset=\"https:\/\/www.m-q.ch\/wp-content\/uploads\/2016\/12\/Schweizer-Unternehmen-mit-Handlungsbedarf-im-Risikomanagement-management-und-qualitaet.jpg 497w, https:\/\/www.m-q.ch\/wp-content\/uploads\/2016\/12\/Schweizer-Unternehmen-mit-Handlungsbedarf-im-Risikomanagement-management-und-qualitaet-16x12.jpg 16w, https:\/\/www.m-q.ch\/wp-content\/uploads\/2016\/12\/Schweizer-Unternehmen-mit-Handlungsbedarf-im-Risikomanagement-management-und-qualitaet-240x175.jpg 240w, https:\/\/www.m-q.ch\/wp-content\/uploads\/2016\/12\/Schweizer-Unternehmen-mit-Handlungsbedarf-im-Risikomanagement-management-und-qualitaet-479x350.jpg 479w, https:\/\/www.m-q.ch\/wp-content\/uploads\/2016\/12\/Schweizer-Unternehmen-mit-Handlungsbedarf-im-Risikomanagement-management-und-qualitaet-300x219.jpg 300w\" sizes=\"auto, (max-width: 497px) 100vw, 497px\" \/><\/a><figcaption id=\"caption-attachment-218\" class=\"wp-caption-text\">M\u00eame si les entreprises pratiquent la gestion des risques, il est n\u00e9cessaire d'agir.<\/figcaption><\/figure>\n<p>De nombreuses PME ne sont pas encore \u00e0 la hauteur de la gestion professionnelle des risques. Le groupe Funk, un courtier sp\u00e9cialis\u00e9 dans la gestion des risques et des assurances, a men\u00e9 une \u00e9tude pour savoir ce que les PME suisses pensent de la gestion des risques. La base de la publication \"Gestion des risques - plus d'efforts ou plus de valeur\", qui vient de para\u00eetre, est une vaste enqu\u00eate men\u00e9e en 2015 aupr\u00e8s d'environ 200 entreprises de 16 secteurs diff\u00e9rents.<\/p>\n<p>Les entreprises des secteurs de l'industrie, de la sant\u00e9 et des services sociaux sont particuli\u00e8rement bien repr\u00e9sent\u00e9es, ce qui sugg\u00e8re un niveau \u00e9lev\u00e9 de sensibilisation au probl\u00e8me. Cependant, il ne suffit pas que les entreprises soient conscientes de leurs risques. Ce n'est que la premi\u00e8re \u00e9tape vers une gestion syst\u00e9matique des risques. Et \u00e0 cet \u00e9gard, l'\u00e9tude r\u00e9v\u00e8le quelques lacunes importantes. Les conclusions les plus importantes sont les suivantes :<\/p>\n<p><strong>Risque global largement inconnu<\/strong><\/p>\n<p>La majorit\u00e9 des entreprises interrog\u00e9es (88%) ne calculent pas du tout la position de risque globale ou le font en utilisant des m\u00e9thodes inappropri\u00e9es. Cela met en danger leur existence si le risque total effectif d\u00e9passe leur capacit\u00e9 \u00e0 supporter le risque (capital-risque, fonds propres et liquidit\u00e9s). D'autre part, une entreprise pourrait d\u00e9tenir trop de capital-risque en raison de son ignorance du risque global au lieu de l'utiliser de mani\u00e8re productive.<\/p>\n<p>Le meilleur rem\u00e8de serait un mod\u00e8le de simulation pour d\u00e9terminer la position globale du risque. Cela permettrait d'ajuster la capacit\u00e9 de risque \u00e0 la situation r\u00e9elle de risque.<\/p>\n<p><strong>La gestion des risques est sous-estim\u00e9e<\/strong><\/p>\n<p>La gestion des risques vise \u00e0 d\u00e9finir des mesures appropri\u00e9es pour les risques identifi\u00e9s et \u00e9valu\u00e9s, \u00e0 les mettre en \u0153uvre efficacement et \u00e0 examiner et \u00e9valuer leur efficacit\u00e9 par rapport aux objectifs fix\u00e9s.<\/p>\n<p>Il est surprenant de constater qu'environ un tiers des entreprises interrog\u00e9es dans le cadre de l'\u00e9tude ne r\u00e9pondent pas \u00e0 cette exigence \u00e9vidente. Pourtant, une gestion cibl\u00e9e des risques est manifestement payante. Cela accro\u00eet la sensibilisation des employ\u00e9s aux risques, ce qui a un effet global de r\u00e9duction des risques.<\/p>\n<p>L'\u00e9tude montre \u00e9galement que la gestion des risques cr\u00e9e une valeur ajout\u00e9e et n\u00e9cessite moins d'efforts qu'on ne le pense g\u00e9n\u00e9ralement. Les deux tiers ont confirm\u00e9 que la gestion syst\u00e9matique des risques apporte beaucoup d'avantages \u00e0 leur entreprise. La proportion de ceux pour lesquels les ressources n\u00e9cessaires \u00e0 la gestion des risques sont limit\u00e9es est encore plus importante.<\/p>\n<p>Si 80 % des personnes interrog\u00e9es ne consid\u00e8rent pas l'effort \u00e0 fournir comme un obstacle \u00e0 une gestion syst\u00e9matique des risques, 20 % seulement d\u00e9clarent que leur gestion des risques absorbe trop de ressources. Sans surprise, mais n\u00e9anmoins remarquable : si la gestion des risques est introduite pour des raisons ou des contraintes extrins\u00e8ques - notamment en raison des exigences des clients - elle apporte une valeur ajout\u00e9e nettement moindre que si une entreprise s'occupe de sa propre initiative d'un syst\u00e8me de gestion des risques \u00e0 jour.<\/p>\n<p>Max Keller, responsable de l'\u00e9tude, d\u00e9clare : \"M\u00eame si de nombreuses entreprises pratiquent la gestion des risques \u00e0 un niveau solide, il est possible de faire mieux. Les exigences dans ce domaine ont \u00e9galement augment\u00e9 r\u00e9guli\u00e8rement. Les r\u00e9centes cyberattaques nous ont clairement montr\u00e9 la vuln\u00e9rabilit\u00e9 des entreprises dans ce domaine.<\/p>\n<p>Compte tenu du fait que la num\u00e9risation continue de progresser \u00e0 grands pas, les entreprises devraient accorder plus d'attention \u00e0 la gestion globale des risques\".<\/p>\n<p><a href=\"http:\/\/www.funk-gruppe.ch\" target=\"_blank\" data-cke-saved-href=\"http:\/\/www.funk-gruppe.ch\">Plus d'informations sur les \u00e9tudes de Funk <\/a><\/p>\n<p>&nbsp;<\/p>","protected":false},"excerpt":{"rendered":"<p>Viele KMU sind noch nicht auf der H\u00f6he eines professionellen Risikomanagements. Die Funk-Gruppe, ein auf Risiko- und Versicherungsmanagement spezialisierter Broker, hat in einer Studie untersucht, wie es Schweizer KMU mit dem Risikomanagement halten. Grundlage der soeben erschienenen Publikation \u201eRisikomanagement \u2013 Mehr Aufwand oder mehr Wert?\u201c bildet eine breit angelegte Umfrage von 2015 mit rund 200 [&hellip;]<\/p>\n","protected":false},"author":1,"featured_media":218,"comment_status":"open","ping_status":"open","sticky":false,"template":"","format":"standard","meta":{"_acf_changed":false,"footnotes":""},"categories":[1],"tags":[3362],"class_list":["post-357","post","type-post","status-publish","format-standard","has-post-thumbnail","hentry","category-unkategorisiert","tag-studie"],"acf":[],"yoast_head":"<!-- This site is optimized with the Yoast SEO plugin v26.2 - https:\/\/yoast.com\/wordpress\/plugins\/seo\/ -->\n<title>Schweizer Unternehmen mit Handlungsbedarf im Risikomanagement - MQ Management und Qualit\u00e4t<\/title>\n<meta name=\"description\" content=\"Risikomanagement: Die Cyber-Angriffe der j\u00fcngsten Zeit haben die Verletzlichkeit von KMU gegen\u00fcber von kriminellen Machenschaften im Internet aufgezeigt.\" \/>\n<meta name=\"robots\" content=\"index, follow, max-snippet:-1, max-image-preview:large, max-video-preview:-1\" \/>\n<link rel=\"canonical\" href=\"https:\/\/www.m-q.ch\/fr\/entreprises-suisses-ayant-besoin-dagir-en-matiere-de-gestion-des-risques\/\" \/>\n<meta property=\"og:locale\" content=\"fr_FR\" \/>\n<meta property=\"og:type\" content=\"article\" \/>\n<meta property=\"og:title\" content=\"Schweizer Unternehmen mit Handlungsbedarf im Risikomanagement - MQ Management und Qualit\u00e4t\" \/>\n<meta property=\"og:description\" content=\"Risikomanagement: Die Cyber-Angriffe der j\u00fcngsten Zeit haben die Verletzlichkeit von KMU gegen\u00fcber von kriminellen Machenschaften im Internet aufgezeigt.\" \/>\n<meta property=\"og:url\" content=\"https:\/\/www.m-q.ch\/fr\/entreprises-suisses-ayant-besoin-dagir-en-matiere-de-gestion-des-risques\/\" \/>\n<meta property=\"og:site_name\" content=\"MQ Management und Qualit\u00e4t\" \/>\n<meta property=\"article:publisher\" content=\"https:\/\/www.facebook.com\/ManagementUndQualitaet\" \/>\n<meta property=\"article:published_time\" content=\"2016-03-23T10:07:03+00:00\" \/>\n<meta property=\"article:modified_time\" content=\"2017-02-24T12:14:40+00:00\" \/>\n<meta property=\"og:image\" content=\"https:\/\/www.m-q.ch\/wp-content\/uploads\/2016\/12\/Schweizer-Unternehmen-mit-Handlungsbedarf-im-Risikomanagement-management-und-qualitaet.jpg\" \/>\n\t<meta property=\"og:image:width\" content=\"497\" \/>\n\t<meta property=\"og:image:height\" content=\"363\" \/>\n\t<meta property=\"og:image:type\" content=\"image\/jpeg\" \/>\n<meta name=\"author\" content=\"galledia\" \/>\n<meta name=\"twitter:card\" content=\"summary_large_image\" \/>\n<meta name=\"twitter:label1\" content=\"\u00c9crit par\" \/>\n\t<meta name=\"twitter:data1\" content=\"galledia\" \/>\n\t<meta name=\"twitter:label2\" content=\"Dur\u00e9e de lecture estim\u00e9e\" \/>\n\t<meta name=\"twitter:data2\" content=\"2 minutes\" \/>\n<script type=\"application\/ld+json\" class=\"yoast-schema-graph\">{\"@context\":\"https:\/\/schema.org\",\"@graph\":[{\"@type\":\"Article\",\"@id\":\"https:\/\/www.m-q.ch\/de\/schweizer-unternehmen-mit-handlungsbedarf-im-risikomanagement\/#article\",\"isPartOf\":{\"@id\":\"https:\/\/www.m-q.ch\/de\/schweizer-unternehmen-mit-handlungsbedarf-im-risikomanagement\/\"},\"author\":{\"name\":\"galledia\",\"@id\":\"https:\/\/www.m-q.ch\/fr\/#\/schema\/person\/c0139a2c55a374db6df2cde78ec87148\"},\"headline\":\"Schweizer Unternehmen mit Handlungsbedarf im Risikomanagement\",\"datePublished\":\"2016-03-23T10:07:03+00:00\",\"dateModified\":\"2017-02-24T12:14:40+00:00\",\"mainEntityOfPage\":{\"@id\":\"https:\/\/www.m-q.ch\/de\/schweizer-unternehmen-mit-handlungsbedarf-im-risikomanagement\/\"},\"wordCount\":485,\"commentCount\":0,\"publisher\":{\"@id\":\"https:\/\/www.m-q.ch\/fr\/#organization\"},\"image\":{\"@id\":\"https:\/\/www.m-q.ch\/de\/schweizer-unternehmen-mit-handlungsbedarf-im-risikomanagement\/#primaryimage\"},\"thumbnailUrl\":\"https:\/\/www.m-q.ch\/wp-content\/uploads\/2016\/12\/Schweizer-Unternehmen-mit-Handlungsbedarf-im-Risikomanagement-management-und-qualitaet.jpg\",\"keywords\":[\"Studie\"],\"articleSection\":[\"Unkategorisiert\"],\"inLanguage\":\"fr-FR\"},{\"@type\":\"WebPage\",\"@id\":\"https:\/\/www.m-q.ch\/de\/schweizer-unternehmen-mit-handlungsbedarf-im-risikomanagement\/\",\"url\":\"https:\/\/www.m-q.ch\/de\/schweizer-unternehmen-mit-handlungsbedarf-im-risikomanagement\/\",\"name\":\"Schweizer Unternehmen mit Handlungsbedarf im Risikomanagement - MQ Management und Qualit\u00e4t\",\"isPartOf\":{\"@id\":\"https:\/\/www.m-q.ch\/fr\/#website\"},\"primaryImageOfPage\":{\"@id\":\"https:\/\/www.m-q.ch\/de\/schweizer-unternehmen-mit-handlungsbedarf-im-risikomanagement\/#primaryimage\"},\"image\":{\"@id\":\"https:\/\/www.m-q.ch\/de\/schweizer-unternehmen-mit-handlungsbedarf-im-risikomanagement\/#primaryimage\"},\"thumbnailUrl\":\"https:\/\/www.m-q.ch\/wp-content\/uploads\/2016\/12\/Schweizer-Unternehmen-mit-Handlungsbedarf-im-Risikomanagement-management-und-qualitaet.jpg\",\"datePublished\":\"2016-03-23T10:07:03+00:00\",\"dateModified\":\"2017-02-24T12:14:40+00:00\",\"description\":\"Risikomanagement: Die Cyber-Angriffe der j\u00fcngsten Zeit haben die Verletzlichkeit von KMU gegen\u00fcber von kriminellen Machenschaften im Internet aufgezeigt.\",\"breadcrumb\":{\"@id\":\"https:\/\/www.m-q.ch\/de\/schweizer-unternehmen-mit-handlungsbedarf-im-risikomanagement\/#breadcrumb\"},\"inLanguage\":\"fr-FR\",\"potentialAction\":[{\"@type\":\"ReadAction\",\"target\":[\"https:\/\/www.m-q.ch\/de\/schweizer-unternehmen-mit-handlungsbedarf-im-risikomanagement\/\"]}]},{\"@type\":\"ImageObject\",\"inLanguage\":\"fr-FR\",\"@id\":\"https:\/\/www.m-q.ch\/de\/schweizer-unternehmen-mit-handlungsbedarf-im-risikomanagement\/#primaryimage\",\"url\":\"https:\/\/www.m-q.ch\/wp-content\/uploads\/2016\/12\/Schweizer-Unternehmen-mit-Handlungsbedarf-im-Risikomanagement-management-und-qualitaet.jpg\",\"contentUrl\":\"https:\/\/www.m-q.ch\/wp-content\/uploads\/2016\/12\/Schweizer-Unternehmen-mit-Handlungsbedarf-im-Risikomanagement-management-und-qualitaet.jpg\",\"width\":497,\"height\":363,\"caption\":\"Auch wenn Unternehmen Risikomanagement betreiben, besteht Handlungsbedarf.\"},{\"@type\":\"BreadcrumbList\",\"@id\":\"https:\/\/www.m-q.ch\/de\/schweizer-unternehmen-mit-handlungsbedarf-im-risikomanagement\/#breadcrumb\",\"itemListElement\":[{\"@type\":\"ListItem\",\"position\":1,\"name\":\"Unkategorisiert\",\"item\":\"https:\/\/www.m-q.ch\/it\/categoria\/senza-categoria\/\"},{\"@type\":\"ListItem\",\"position\":2,\"name\":\"Schweizer Unternehmen mit Handlungsbedarf im Risikomanagement\"}]},{\"@type\":\"WebSite\",\"@id\":\"https:\/\/www.m-q.ch\/fr\/#website\",\"url\":\"https:\/\/www.m-q.ch\/fr\/\",\"name\":\"MQ Management und Qualit\u00e4t\",\"description\":\"Plattform f\u00fcr integrierte Managementsysteme.\",\"publisher\":{\"@id\":\"https:\/\/www.m-q.ch\/fr\/#organization\"},\"potentialAction\":[{\"@type\":\"SearchAction\",\"target\":{\"@type\":\"EntryPoint\",\"urlTemplate\":\"https:\/\/www.m-q.ch\/fr\/?s={search_term_string}\"},\"query-input\":{\"@type\":\"PropertyValueSpecification\",\"valueRequired\":true,\"valueName\":\"search_term_string\"}}],\"inLanguage\":\"fr-FR\"},{\"@type\":\"Organization\",\"@id\":\"https:\/\/www.m-q.ch\/fr\/#organization\",\"name\":\"Galledia Fachmedien AG\",\"url\":\"https:\/\/www.m-q.ch\/fr\/\",\"logo\":{\"@type\":\"ImageObject\",\"inLanguage\":\"fr-FR\",\"@id\":\"https:\/\/www.m-q.ch\/fr\/#\/schema\/logo\/image\/\",\"url\":\"https:\/\/www.m-q.ch\/wp-content\/uploads\/2020\/12\/cropped-logo_small.png\",\"contentUrl\":\"https:\/\/www.m-q.ch\/wp-content\/uploads\/2020\/12\/cropped-logo_small.png\",\"width\":512,\"height\":512,\"caption\":\"Galledia Fachmedien AG\"},\"image\":{\"@id\":\"https:\/\/www.m-q.ch\/fr\/#\/schema\/logo\/image\/\"},\"sameAs\":[\"https:\/\/www.facebook.com\/ManagementUndQualitaet\",\"https:\/\/www.linkedin.com\/showcase\/17982321\/admin\/\"]},{\"@type\":\"Person\",\"@id\":\"https:\/\/www.m-q.ch\/fr\/#\/schema\/person\/c0139a2c55a374db6df2cde78ec87148\",\"name\":\"galledia\",\"image\":{\"@type\":\"ImageObject\",\"inLanguage\":\"fr-FR\",\"@id\":\"https:\/\/www.m-q.ch\/fr\/#\/schema\/person\/image\/\",\"url\":\"https:\/\/secure.gravatar.com\/avatar\/66edf527eac29e9a5eb25bcada01f61a?s=96&d=mm&r=g\",\"contentUrl\":\"https:\/\/secure.gravatar.com\/avatar\/66edf527eac29e9a5eb25bcada01f61a?s=96&d=mm&r=g\",\"caption\":\"galledia\"},\"url\":\"https:\/\/www.m-q.ch\/fr\/author\/galledia\/\"}]}<\/script>\n<!-- \/ Yoast SEO plugin. -->","yoast_head_json":{"title":"Entreprises suisses ayant besoin d'agir en mati\u00e8re de gestion des risques - MQ Management und Qualit\u00e4t","description":"Gestion des risques : les r\u00e9centes cyber-attaques ont mis en \u00e9vidence la vuln\u00e9rabilit\u00e9 des PME \u00e0 la cybercriminalit\u00e9.","robots":{"index":"index","follow":"follow","max-snippet":"max-snippet:-1","max-image-preview":"max-image-preview:large","max-video-preview":"max-video-preview:-1"},"canonical":"https:\/\/www.m-q.ch\/fr\/entreprises-suisses-ayant-besoin-dagir-en-matiere-de-gestion-des-risques\/","og_locale":"fr_FR","og_type":"article","og_title":"Schweizer Unternehmen mit Handlungsbedarf im Risikomanagement - MQ Management und Qualit\u00e4t","og_description":"Risikomanagement: Die Cyber-Angriffe der j\u00fcngsten Zeit haben die Verletzlichkeit von KMU gegen\u00fcber von kriminellen Machenschaften im Internet aufgezeigt.","og_url":"https:\/\/www.m-q.ch\/fr\/entreprises-suisses-ayant-besoin-dagir-en-matiere-de-gestion-des-risques\/","og_site_name":"MQ Management und Qualit\u00e4t","article_publisher":"https:\/\/www.facebook.com\/ManagementUndQualitaet","article_published_time":"2016-03-23T10:07:03+00:00","article_modified_time":"2017-02-24T12:14:40+00:00","og_image":[{"width":497,"height":363,"url":"https:\/\/www.m-q.ch\/wp-content\/uploads\/2016\/12\/Schweizer-Unternehmen-mit-Handlungsbedarf-im-Risikomanagement-management-und-qualitaet.jpg","type":"image\/jpeg"}],"author":"galledia","twitter_card":"summary_large_image","twitter_misc":{"\u00c9crit par":"galledia","Dur\u00e9e de lecture estim\u00e9e":"2 minutes"},"schema":{"@context":"https:\/\/schema.org","@graph":[{"@type":"Article","@id":"https:\/\/www.m-q.ch\/de\/schweizer-unternehmen-mit-handlungsbedarf-im-risikomanagement\/#article","isPartOf":{"@id":"https:\/\/www.m-q.ch\/de\/schweizer-unternehmen-mit-handlungsbedarf-im-risikomanagement\/"},"author":{"name":"galledia","@id":"https:\/\/www.m-q.ch\/fr\/#\/schema\/person\/c0139a2c55a374db6df2cde78ec87148"},"headline":"Schweizer Unternehmen mit Handlungsbedarf im Risikomanagement","datePublished":"2016-03-23T10:07:03+00:00","dateModified":"2017-02-24T12:14:40+00:00","mainEntityOfPage":{"@id":"https:\/\/www.m-q.ch\/de\/schweizer-unternehmen-mit-handlungsbedarf-im-risikomanagement\/"},"wordCount":485,"commentCount":0,"publisher":{"@id":"https:\/\/www.m-q.ch\/fr\/#organization"},"image":{"@id":"https:\/\/www.m-q.ch\/de\/schweizer-unternehmen-mit-handlungsbedarf-im-risikomanagement\/#primaryimage"},"thumbnailUrl":"https:\/\/www.m-q.ch\/wp-content\/uploads\/2016\/12\/Schweizer-Unternehmen-mit-Handlungsbedarf-im-Risikomanagement-management-und-qualitaet.jpg","keywords":["Studie"],"articleSection":["Unkategorisiert"],"inLanguage":"fr-FR"},{"@type":"WebPage","@id":"https:\/\/www.m-q.ch\/de\/schweizer-unternehmen-mit-handlungsbedarf-im-risikomanagement\/","url":"https:\/\/www.m-q.ch\/de\/schweizer-unternehmen-mit-handlungsbedarf-im-risikomanagement\/","name":"Entreprises suisses ayant besoin d'agir en mati\u00e8re de gestion des risques - MQ Management und Qualit\u00e4t","isPartOf":{"@id":"https:\/\/www.m-q.ch\/fr\/#website"},"primaryImageOfPage":{"@id":"https:\/\/www.m-q.ch\/de\/schweizer-unternehmen-mit-handlungsbedarf-im-risikomanagement\/#primaryimage"},"image":{"@id":"https:\/\/www.m-q.ch\/de\/schweizer-unternehmen-mit-handlungsbedarf-im-risikomanagement\/#primaryimage"},"thumbnailUrl":"https:\/\/www.m-q.ch\/wp-content\/uploads\/2016\/12\/Schweizer-Unternehmen-mit-Handlungsbedarf-im-Risikomanagement-management-und-qualitaet.jpg","datePublished":"2016-03-23T10:07:03+00:00","dateModified":"2017-02-24T12:14:40+00:00","description":"Gestion des risques : les r\u00e9centes cyber-attaques ont mis en \u00e9vidence la vuln\u00e9rabilit\u00e9 des PME \u00e0 la cybercriminalit\u00e9.","breadcrumb":{"@id":"https:\/\/www.m-q.ch\/de\/schweizer-unternehmen-mit-handlungsbedarf-im-risikomanagement\/#breadcrumb"},"inLanguage":"fr-FR","potentialAction":[{"@type":"ReadAction","target":["https:\/\/www.m-q.ch\/de\/schweizer-unternehmen-mit-handlungsbedarf-im-risikomanagement\/"]}]},{"@type":"ImageObject","inLanguage":"fr-FR","@id":"https:\/\/www.m-q.ch\/de\/schweizer-unternehmen-mit-handlungsbedarf-im-risikomanagement\/#primaryimage","url":"https:\/\/www.m-q.ch\/wp-content\/uploads\/2016\/12\/Schweizer-Unternehmen-mit-Handlungsbedarf-im-Risikomanagement-management-und-qualitaet.jpg","contentUrl":"https:\/\/www.m-q.ch\/wp-content\/uploads\/2016\/12\/Schweizer-Unternehmen-mit-Handlungsbedarf-im-Risikomanagement-management-und-qualitaet.jpg","width":497,"height":363,"caption":"Auch wenn Unternehmen Risikomanagement betreiben, besteht Handlungsbedarf."},{"@type":"BreadcrumbList","@id":"https:\/\/www.m-q.ch\/de\/schweizer-unternehmen-mit-handlungsbedarf-im-risikomanagement\/#breadcrumb","itemListElement":[{"@type":"ListItem","position":1,"name":"Unkategorisiert","item":"https:\/\/www.m-q.ch\/it\/categoria\/senza-categoria\/"},{"@type":"ListItem","position":2,"name":"Schweizer Unternehmen mit Handlungsbedarf im Risikomanagement"}]},{"@type":"WebSite","@id":"https:\/\/www.m-q.ch\/fr\/#website","url":"https:\/\/www.m-q.ch\/fr\/","name":"Gestion et qualit\u00e9 du QM","description":"Plate-forme pour les syst\u00e8mes de gestion int\u00e9gr\u00e9e.","publisher":{"@id":"https:\/\/www.m-q.ch\/fr\/#organization"},"potentialAction":[{"@type":"SearchAction","target":{"@type":"EntryPoint","urlTemplate":"https:\/\/www.m-q.ch\/fr\/?s={search_term_string}"},"query-input":{"@type":"PropertyValueSpecification","valueRequired":true,"valueName":"search_term_string"}}],"inLanguage":"fr-FR"},{"@type":"Organization","@id":"https:\/\/www.m-q.ch\/fr\/#organization","name":"Galledia Trade Media AG","url":"https:\/\/www.m-q.ch\/fr\/","logo":{"@type":"ImageObject","inLanguage":"fr-FR","@id":"https:\/\/www.m-q.ch\/fr\/#\/schema\/logo\/image\/","url":"https:\/\/www.m-q.ch\/wp-content\/uploads\/2020\/12\/cropped-logo_small.png","contentUrl":"https:\/\/www.m-q.ch\/wp-content\/uploads\/2020\/12\/cropped-logo_small.png","width":512,"height":512,"caption":"Galledia Fachmedien AG"},"image":{"@id":"https:\/\/www.m-q.ch\/fr\/#\/schema\/logo\/image\/"},"sameAs":["https:\/\/www.facebook.com\/ManagementUndQualitaet","https:\/\/www.linkedin.com\/showcase\/17982321\/admin\/"]},{"@type":"Person","@id":"https:\/\/www.m-q.ch\/fr\/#\/schema\/person\/c0139a2c55a374db6df2cde78ec87148","name":"galledia","image":{"@type":"ImageObject","inLanguage":"fr-FR","@id":"https:\/\/www.m-q.ch\/fr\/#\/schema\/person\/image\/","url":"https:\/\/secure.gravatar.com\/avatar\/66edf527eac29e9a5eb25bcada01f61a?s=96&d=mm&r=g","contentUrl":"https:\/\/secure.gravatar.com\/avatar\/66edf527eac29e9a5eb25bcada01f61a?s=96&d=mm&r=g","caption":"galledia"},"url":"https:\/\/www.m-q.ch\/fr\/author\/galledia\/"}]}},"_links":{"self":[{"href":"https:\/\/www.m-q.ch\/fr\/wp-json\/wp\/v2\/posts\/357","targetHints":{"allow":["GET"]}}],"collection":[{"href":"https:\/\/www.m-q.ch\/fr\/wp-json\/wp\/v2\/posts"}],"about":[{"href":"https:\/\/www.m-q.ch\/fr\/wp-json\/wp\/v2\/types\/post"}],"author":[{"embeddable":true,"href":"https:\/\/www.m-q.ch\/fr\/wp-json\/wp\/v2\/users\/1"}],"replies":[{"embeddable":true,"href":"https:\/\/www.m-q.ch\/fr\/wp-json\/wp\/v2\/comments?post=357"}],"version-history":[{"count":2,"href":"https:\/\/www.m-q.ch\/fr\/wp-json\/wp\/v2\/posts\/357\/revisions"}],"predecessor-version":[{"id":960,"href":"https:\/\/www.m-q.ch\/fr\/wp-json\/wp\/v2\/posts\/357\/revisions\/960"}],"wp:featuredmedia":[{"embeddable":true,"href":"https:\/\/www.m-q.ch\/fr\/wp-json\/wp\/v2\/media\/218"}],"wp:attachment":[{"href":"https:\/\/www.m-q.ch\/fr\/wp-json\/wp\/v2\/media?parent=357"}],"wp:term":[{"taxonomy":"category","embeddable":true,"href":"https:\/\/www.m-q.ch\/fr\/wp-json\/wp\/v2\/categories?post=357"},{"taxonomy":"post_tag","embeddable":true,"href":"https:\/\/www.m-q.ch\/fr\/wp-json\/wp\/v2\/tags?post=357"}],"curies":[{"name":"wp","href":"https:\/\/api.w.org\/{rel}","templated":true}]}}