{"id":359,"date":"2016-03-24T11:07:45","date_gmt":"2016-03-24T10:07:45","guid":{"rendered":"http:\/\/dev.m-q.ch\/?p=359"},"modified":"2017-03-01T14:58:48","modified_gmt":"2017-03-01T13:58:48","slug":"vague-de-chantage-darmada-collective-en-suisse","status":"publish","type":"post","link":"https:\/\/www.m-q.ch\/fr\/erpressungswelle-durch-armada-collective-in-der-schweiz\/","title":{"rendered":"Vague de chantage du collectif Armada en Suisse"},"content":{"rendered":"<figure id=\"attachment_108\" aria-describedby=\"caption-attachment-108\" style=\"width: 680px\" class=\"wp-caption alignnone\"><a href=\"https:\/\/m-q.ch\/wp-content\/uploads\/2016\/12\/Erpressungswelle-durch-Armada-Collective-in-der-Schweiz-management-und-qualitaet.jpg\"><img loading=\"lazy\" decoding=\"async\" class=\"wp-image-108 size-medium\" src=\"https:\/\/www.m-q.ch\/wp-content\/uploads\/2016\/12\/Erpressungswelle-durch-Armada-Collective-in-der-Schweiz-management-und-qualitaet-680x481.jpg\" width=\"680\" height=\"481\" srcset=\"https:\/\/www.m-q.ch\/wp-content\/uploads\/2016\/12\/Erpressungswelle-durch-Armada-Collective-in-der-Schweiz-management-und-qualitaet-680x481.jpg 680w, https:\/\/www.m-q.ch\/wp-content\/uploads\/2016\/12\/Erpressungswelle-durch-Armada-Collective-in-der-Schweiz-management-und-qualitaet-768x544.jpg 768w, https:\/\/www.m-q.ch\/wp-content\/uploads\/2016\/12\/Erpressungswelle-durch-Armada-Collective-in-der-Schweiz-management-und-qualitaet-16x12.jpg 16w, https:\/\/www.m-q.ch\/wp-content\/uploads\/2016\/12\/Erpressungswelle-durch-Armada-Collective-in-der-Schweiz-management-und-qualitaet-247x175.jpg 247w, https:\/\/www.m-q.ch\/wp-content\/uploads\/2016\/12\/Erpressungswelle-durch-Armada-Collective-in-der-Schweiz-management-und-qualitaet-495x350.jpg 495w, https:\/\/www.m-q.ch\/wp-content\/uploads\/2016\/12\/Erpressungswelle-durch-Armada-Collective-in-der-Schweiz-management-und-qualitaet-920x651.jpg 920w, https:\/\/www.m-q.ch\/wp-content\/uploads\/2016\/12\/Erpressungswelle-durch-Armada-Collective-in-der-Schweiz-management-und-qualitaet-300x212.jpg 300w, https:\/\/www.m-q.ch\/wp-content\/uploads\/2016\/12\/Erpressungswelle-durch-Armada-Collective-in-der-Schweiz-management-und-qualitaet-624x442.jpg 624w, https:\/\/www.m-q.ch\/wp-content\/uploads\/2016\/12\/Erpressungswelle-durch-Armada-Collective-in-der-Schweiz-management-und-qualitaet.jpg 1006w\" sizes=\"auto, (max-width: 680px) 100vw, 680px\" \/><\/a><figcaption id=\"caption-attachment-108\" class=\"wp-caption-text\">Les deux directeurs g\u00e9n\u00e9raux de Link11 donnent \u00e0 Mme Merkel et \u00e0 M. Schneider-Ammann un aper\u00e7u en temps r\u00e9el de la menace que repr\u00e9sentent les attaques DDoS pour l'\u00e9conomie et l'\u00c9tat. (Source Link11 GmbH)<\/figcaption><\/figure>\n<blockquote><p>Les entreprises touch\u00e9es doivent agir rapidement et de mani\u00e8re d\u00e9cisive pour \u00e9viter des dommages plus importants.<\/p><\/blockquote>\n<p>Tout comme M. Schneider-Ammann, toute entreprise devrait prendre au s\u00e9rieux le danger que repr\u00e9sentent les attaques DDoS. L'avertissement de l'\u00e9quipe gouvernementale suisse d'intervention en cas d'urgence informatique concernant de nouvelles attaques d'extorsion sur les institutions financi\u00e8res suisses par le gang d'extorsion de DDoS Armada Collective a \u00e9t\u00e9 publi\u00e9 le 9 mars 2016. Peu de temps apr\u00e8s, des lettres d'extorsion sont \u00e9galement parvenues \u00e0 de grandes entreprises de commerce \u00e9lectronique, dans lesquelles Armada Collective exigeait une somme \u00e9lev\u00e9e de 25 Bitcoins, comme elle l'avait fait par le pass\u00e9.<\/p>\n<p>Dans le cas contraire, la soci\u00e9t\u00e9 serait attaqu\u00e9e par une attaque DDoS de proportions gigantesques avec jusqu'\u00e0 1 Tbps et donc compl\u00e8tement \u00e9limin\u00e9e du r\u00e9seau. L'ann\u00e9e derni\u00e8re, le fournisseur de s\u00e9curit\u00e9 informatique Link11, sp\u00e9cialis\u00e9 dans la protection contre les DDoS, a d\u00e9j\u00e0 pr\u00e9sent\u00e9 en d\u00e9tail l'Armada Collective et son approche. Les sp\u00e9cialistes de la protection contre les DDoS ont publi\u00e9 des analyses des attaques effectu\u00e9es dans un rapport et ont ainsi d\u00e9montr\u00e9 l'urgence de ce danger.<\/p>\n<p><strong>Attaques en Suisse<\/strong><\/p>\n<p>Cette nouvelle vague d'extorsion co\u00efncide avec les analyses du Security Operation Center Link11 selon lesquelles le nombre d'extorsions de DDoS par des cybercriminels augmentera fortement en 2016. Dans le rapport DDoS de Link11 pour la r\u00e9gion DACH, Link11 a analys\u00e9 et trait\u00e9 plus de 5 000 attaques perp\u00e9tr\u00e9es sur des entreprises de la r\u00e9gion DACH au cours du quatri\u00e8me trimestre 2015. Le rapport peut \u00eatre t\u00e9l\u00e9charg\u00e9 \u00e0 l'adresse suivante <a href=\"https:\/\/www.link11.de\/ddos-dach-report-q4-2015.html\" target=\"_blank\" data-cke-saved-href=\"https:\/\/www.link11.de\/ddos-dach-report-q4-2015.html\">Lien<\/a>.<\/p>\n<p>Presque au m\u00eame moment o\u00f9 cette nouvelle vague d'extorsion a commenc\u00e9, le pr\u00e9sident suisse Johann Schneider-Ammann et la chanceli\u00e8re Merkel ont visit\u00e9 le stand de Link11 au CeBIT de cette ann\u00e9e \u00e0 Hanovre pour s'informer sur la menace aigu\u00eb que repr\u00e9sente le DDoS et les options de protection disponibles. Sur place, le chancelier et lui ont re\u00e7u chacun un exemplaire du rapport de la DACH des deux directeurs g\u00e9n\u00e9raux Jens-Philip Jung et Karsten Desler, qui met \u00e9galement en lumi\u00e8re les attaques contre les entreprises suisses.<\/p>\n<p>Link11 a mis en place un site d'information gratuit pour les entreprises touch\u00e9es par l'extorsion de DDoS. <a href=\"http:\/\/www.ddos-info.de\/meldung.html\" target=\"_blank\" data-cke-saved-href=\"http:\/\/www.ddos-info.de\/meldung.html\">Ici<\/a> ils peuvent s'inscrire pour recevoir des alertes par courrier \u00e9lectronique du r\u00e9seau de capteurs afin d'\u00eatre avertis \u00e0 l'avance d'un danger imminent. Ils peuvent alors prendre des mesures de protection en temps utile pour pr\u00e9server la disponibilit\u00e9 de leurs infrastructures. Dans leur pratique quotidienne, Link11 et les autorit\u00e9s conseillent aux entreprises victimes de chantage de prendre la situation au s\u00e9rieux.<\/p>\n<p>Les entreprises touch\u00e9es doivent agir rapidement et de mani\u00e8re d\u00e9cisive pour \u00e9viter des dommages plus importants. Apr\u00e8s tout, comme l'ont d\u00e9j\u00e0 montr\u00e9 de nombreuses victimes, il s'agit d'une menace \u00e9conomique s\u00e9rieuse pour les entreprises.<\/p>","protected":false},"excerpt":{"rendered":"<p>Betroffene Unternehmen sollen schnell und entschlossen handeln, um gr\u00f6ssere Sch\u00e4den zu vermeiden. So wie Herr Schneider-Ammann sollte auch jedes die Unternehmen die Gefahr durch DDoS-Angriffe ernst nehmen. Die Warnung des Swiss Governmental Computer Emergency Response Teams vor neuen Erpressungen von Schweizer Finanzinstituten durch die DDoS-Erpresserbande Armada Collective wurde am 9. M\u00e4rz 2016 ver\u00f6ffentlicht. Wenig sp\u00e4ter [&hellip;]<\/p>\n","protected":false},"author":1,"featured_media":108,"comment_status":"open","ping_status":"open","sticky":false,"template":"","format":"standard","meta":{"_acf_changed":false,"footnotes":""},"categories":[1],"tags":[3355],"class_list":["post-359","post","type-post","status-publish","format-standard","has-post-thumbnail","hentry","category-unkategorisiert","tag-cyber-crime"],"acf":[],"yoast_head":"<!-- This site is optimized with the Yoast SEO plugin v26.2 - https:\/\/yoast.com\/wordpress\/plugins\/seo\/ -->\n<title>Erpressungswelle durch Armada Collective in der Schweiz - MQ Management und Qualit\u00e4t<\/title>\n<meta name=\"description\" content=\"Erpressungswelle: Bundespr\u00e4sident Johann Schneider-Ammann informierte sich auf der CeBIT Link11 \u00fcber Schutzm\u00f6glichkeiten bei DDoS-Attacken.\" \/>\n<meta name=\"robots\" content=\"index, follow, max-snippet:-1, max-image-preview:large, max-video-preview:-1\" \/>\n<link rel=\"canonical\" href=\"https:\/\/www.m-q.ch\/fr\/vague-dextorsion-par-larmada-collectif-en-suisse\/\" \/>\n<meta property=\"og:locale\" content=\"fr_FR\" \/>\n<meta property=\"og:type\" content=\"article\" \/>\n<meta property=\"og:title\" content=\"Erpressungswelle durch Armada Collective in der Schweiz - MQ Management und Qualit\u00e4t\" \/>\n<meta property=\"og:description\" content=\"Erpressungswelle: Bundespr\u00e4sident Johann Schneider-Ammann informierte sich auf der CeBIT Link11 \u00fcber Schutzm\u00f6glichkeiten bei DDoS-Attacken.\" \/>\n<meta property=\"og:url\" content=\"https:\/\/www.m-q.ch\/fr\/vague-dextorsion-par-larmada-collectif-en-suisse\/\" \/>\n<meta property=\"og:site_name\" content=\"MQ Management und Qualit\u00e4t\" \/>\n<meta property=\"article:publisher\" content=\"https:\/\/www.facebook.com\/ManagementUndQualitaet\" \/>\n<meta property=\"article:published_time\" content=\"2016-03-24T10:07:45+00:00\" \/>\n<meta property=\"article:modified_time\" content=\"2017-03-01T13:58:48+00:00\" \/>\n<meta property=\"og:image\" content=\"https:\/\/www.m-q.ch\/wp-content\/uploads\/2016\/12\/Erpressungswelle-durch-Armada-Collective-in-der-Schweiz-management-und-qualitaet.jpg\" \/>\n\t<meta property=\"og:image:width\" content=\"1006\" \/>\n\t<meta property=\"og:image:height\" content=\"712\" \/>\n\t<meta property=\"og:image:type\" content=\"image\/jpeg\" \/>\n<meta name=\"author\" content=\"galledia\" \/>\n<meta name=\"twitter:card\" content=\"summary_large_image\" \/>\n<meta name=\"twitter:label1\" content=\"\u00c9crit par\" \/>\n\t<meta name=\"twitter:data1\" content=\"galledia\" \/>\n\t<meta name=\"twitter:label2\" content=\"Dur\u00e9e de lecture estim\u00e9e\" \/>\n\t<meta name=\"twitter:data2\" content=\"2 minutes\" \/>\n<script type=\"application\/ld+json\" class=\"yoast-schema-graph\">{\"@context\":\"https:\/\/schema.org\",\"@graph\":[{\"@type\":\"Article\",\"@id\":\"https:\/\/www.m-q.ch\/fr\/vague-dextorsion-par-larmada-collectif-en-suisse\/#article\",\"isPartOf\":{\"@id\":\"https:\/\/www.m-q.ch\/fr\/vague-dextorsion-par-larmada-collectif-en-suisse\/\"},\"author\":{\"name\":\"galledia\",\"@id\":\"https:\/\/www.m-q.ch\/fr\/#\/schema\/person\/c0139a2c55a374db6df2cde78ec87148\"},\"headline\":\"Erpressungswelle durch Armada Collective in der Schweiz\",\"datePublished\":\"2016-03-24T10:07:45+00:00\",\"dateModified\":\"2017-03-01T13:58:48+00:00\",\"mainEntityOfPage\":{\"@id\":\"https:\/\/www.m-q.ch\/fr\/vague-dextorsion-par-larmada-collectif-en-suisse\/\"},\"wordCount\":427,\"commentCount\":0,\"publisher\":{\"@id\":\"https:\/\/www.m-q.ch\/fr\/#organization\"},\"image\":{\"@id\":\"https:\/\/www.m-q.ch\/fr\/vague-dextorsion-par-larmada-collectif-en-suisse\/#primaryimage\"},\"thumbnailUrl\":\"https:\/\/www.m-q.ch\/wp-content\/uploads\/2016\/12\/Erpressungswelle-durch-Armada-Collective-in-der-Schweiz-management-und-qualitaet.jpg\",\"keywords\":[\"Cyber-Crime\"],\"articleSection\":[\"Unkategorisiert\"],\"inLanguage\":\"fr-FR\"},{\"@type\":\"WebPage\",\"@id\":\"https:\/\/www.m-q.ch\/fr\/vague-dextorsion-par-larmada-collectif-en-suisse\/\",\"url\":\"https:\/\/www.m-q.ch\/fr\/vague-dextorsion-par-larmada-collectif-en-suisse\/\",\"name\":\"Erpressungswelle durch Armada Collective in der Schweiz - MQ Management und Qualit\u00e4t\",\"isPartOf\":{\"@id\":\"https:\/\/www.m-q.ch\/fr\/#website\"},\"primaryImageOfPage\":{\"@id\":\"https:\/\/www.m-q.ch\/fr\/vague-dextorsion-par-larmada-collectif-en-suisse\/#primaryimage\"},\"image\":{\"@id\":\"https:\/\/www.m-q.ch\/fr\/vague-dextorsion-par-larmada-collectif-en-suisse\/#primaryimage\"},\"thumbnailUrl\":\"https:\/\/www.m-q.ch\/wp-content\/uploads\/2016\/12\/Erpressungswelle-durch-Armada-Collective-in-der-Schweiz-management-und-qualitaet.jpg\",\"datePublished\":\"2016-03-24T10:07:45+00:00\",\"dateModified\":\"2017-03-01T13:58:48+00:00\",\"description\":\"Erpressungswelle: Bundespr\u00e4sident Johann Schneider-Ammann informierte sich auf der CeBIT Link11 \u00fcber Schutzm\u00f6glichkeiten bei DDoS-Attacken.\",\"breadcrumb\":{\"@id\":\"https:\/\/www.m-q.ch\/fr\/vague-dextorsion-par-larmada-collectif-en-suisse\/#breadcrumb\"},\"inLanguage\":\"fr-FR\",\"potentialAction\":[{\"@type\":\"ReadAction\",\"target\":[\"https:\/\/www.m-q.ch\/fr\/vague-dextorsion-par-larmada-collectif-en-suisse\/\"]}]},{\"@type\":\"ImageObject\",\"inLanguage\":\"fr-FR\",\"@id\":\"https:\/\/www.m-q.ch\/fr\/vague-dextorsion-par-larmada-collectif-en-suisse\/#primaryimage\",\"url\":\"https:\/\/www.m-q.ch\/wp-content\/uploads\/2016\/12\/Erpressungswelle-durch-Armada-Collective-in-der-Schweiz-management-und-qualitaet.jpg\",\"contentUrl\":\"https:\/\/www.m-q.ch\/wp-content\/uploads\/2016\/12\/Erpressungswelle-durch-Armada-Collective-in-der-Schweiz-management-und-qualitaet.jpg\",\"width\":1006,\"height\":712,\"caption\":\"Die beiden Gesch\u00e4ftsf\u00fchrer von Link11 geben Frau Merkel und Herrn Schneider-Ammann in Echtzeit Einblick in die Bedrohung der Wirtschaft und des Staates durch DDoS-Attacken. (Quelle Link11 GmbH)\"},{\"@type\":\"BreadcrumbList\",\"@id\":\"https:\/\/www.m-q.ch\/fr\/vague-dextorsion-par-larmada-collectif-en-suisse\/#breadcrumb\",\"itemListElement\":[{\"@type\":\"ListItem\",\"position\":1,\"name\":\"Unkategorisiert\",\"item\":\"https:\/\/www.m-q.ch\/it\/categoria\/senza-categoria\/\"},{\"@type\":\"ListItem\",\"position\":2,\"name\":\"Erpressungswelle durch Armada Collective in der Schweiz\"}]},{\"@type\":\"WebSite\",\"@id\":\"https:\/\/www.m-q.ch\/fr\/#website\",\"url\":\"https:\/\/www.m-q.ch\/fr\/\",\"name\":\"MQ Management und Qualit\u00e4t\",\"description\":\"Plattform f\u00fcr integrierte Managementsysteme.\",\"publisher\":{\"@id\":\"https:\/\/www.m-q.ch\/fr\/#organization\"},\"potentialAction\":[{\"@type\":\"SearchAction\",\"target\":{\"@type\":\"EntryPoint\",\"urlTemplate\":\"https:\/\/www.m-q.ch\/fr\/?s={search_term_string}\"},\"query-input\":{\"@type\":\"PropertyValueSpecification\",\"valueRequired\":true,\"valueName\":\"search_term_string\"}}],\"inLanguage\":\"fr-FR\"},{\"@type\":\"Organization\",\"@id\":\"https:\/\/www.m-q.ch\/fr\/#organization\",\"name\":\"Galledia Fachmedien AG\",\"url\":\"https:\/\/www.m-q.ch\/fr\/\",\"logo\":{\"@type\":\"ImageObject\",\"inLanguage\":\"fr-FR\",\"@id\":\"https:\/\/www.m-q.ch\/fr\/#\/schema\/logo\/image\/\",\"url\":\"https:\/\/www.m-q.ch\/wp-content\/uploads\/2020\/12\/cropped-logo_small.png\",\"contentUrl\":\"https:\/\/www.m-q.ch\/wp-content\/uploads\/2020\/12\/cropped-logo_small.png\",\"width\":512,\"height\":512,\"caption\":\"Galledia Fachmedien AG\"},\"image\":{\"@id\":\"https:\/\/www.m-q.ch\/fr\/#\/schema\/logo\/image\/\"},\"sameAs\":[\"https:\/\/www.facebook.com\/ManagementUndQualitaet\",\"https:\/\/www.linkedin.com\/showcase\/17982321\/admin\/\"]},{\"@type\":\"Person\",\"@id\":\"https:\/\/www.m-q.ch\/fr\/#\/schema\/person\/c0139a2c55a374db6df2cde78ec87148\",\"name\":\"galledia\",\"image\":{\"@type\":\"ImageObject\",\"inLanguage\":\"fr-FR\",\"@id\":\"https:\/\/www.m-q.ch\/fr\/#\/schema\/person\/image\/\",\"url\":\"https:\/\/secure.gravatar.com\/avatar\/66edf527eac29e9a5eb25bcada01f61a?s=96&d=mm&r=g\",\"contentUrl\":\"https:\/\/secure.gravatar.com\/avatar\/66edf527eac29e9a5eb25bcada01f61a?s=96&d=mm&r=g\",\"caption\":\"galledia\"},\"url\":\"https:\/\/www.m-q.ch\/fr\/author\/galledia\/\"}]}<\/script>\n<!-- \/ Yoast SEO plugin. -->","yoast_head_json":{"title":"Vague d'extorsion du collectif Armada en Suisse - MQ Management und Qualit\u00e4t","description":"Vague de chantage : le pr\u00e9sident de la Conf\u00e9d\u00e9ration suisse Johann Schneider-Ammann s'est inform\u00e9 des possibilit\u00e9s de protection contre les attaques DDoS sur le CeBIT Link11.","robots":{"index":"index","follow":"follow","max-snippet":"max-snippet:-1","max-image-preview":"max-image-preview:large","max-video-preview":"max-video-preview:-1"},"canonical":"https:\/\/www.m-q.ch\/fr\/vague-dextorsion-par-larmada-collectif-en-suisse\/","og_locale":"fr_FR","og_type":"article","og_title":"Erpressungswelle durch Armada Collective in der Schweiz - MQ Management und Qualit\u00e4t","og_description":"Erpressungswelle: Bundespr\u00e4sident Johann Schneider-Ammann informierte sich auf der CeBIT Link11 \u00fcber Schutzm\u00f6glichkeiten bei DDoS-Attacken.","og_url":"https:\/\/www.m-q.ch\/fr\/vague-dextorsion-par-larmada-collectif-en-suisse\/","og_site_name":"MQ Management und Qualit\u00e4t","article_publisher":"https:\/\/www.facebook.com\/ManagementUndQualitaet","article_published_time":"2016-03-24T10:07:45+00:00","article_modified_time":"2017-03-01T13:58:48+00:00","og_image":[{"width":1006,"height":712,"url":"https:\/\/www.m-q.ch\/wp-content\/uploads\/2016\/12\/Erpressungswelle-durch-Armada-Collective-in-der-Schweiz-management-und-qualitaet.jpg","type":"image\/jpeg"}],"author":"galledia","twitter_card":"summary_large_image","twitter_misc":{"\u00c9crit par":"galledia","Dur\u00e9e de lecture estim\u00e9e":"2 minutes"},"schema":{"@context":"https:\/\/schema.org","@graph":[{"@type":"Article","@id":"https:\/\/www.m-q.ch\/fr\/vague-dextorsion-par-larmada-collectif-en-suisse\/#article","isPartOf":{"@id":"https:\/\/www.m-q.ch\/fr\/vague-dextorsion-par-larmada-collectif-en-suisse\/"},"author":{"name":"galledia","@id":"https:\/\/www.m-q.ch\/fr\/#\/schema\/person\/c0139a2c55a374db6df2cde78ec87148"},"headline":"Erpressungswelle durch Armada Collective in der Schweiz","datePublished":"2016-03-24T10:07:45+00:00","dateModified":"2017-03-01T13:58:48+00:00","mainEntityOfPage":{"@id":"https:\/\/www.m-q.ch\/fr\/vague-dextorsion-par-larmada-collectif-en-suisse\/"},"wordCount":427,"commentCount":0,"publisher":{"@id":"https:\/\/www.m-q.ch\/fr\/#organization"},"image":{"@id":"https:\/\/www.m-q.ch\/fr\/vague-dextorsion-par-larmada-collectif-en-suisse\/#primaryimage"},"thumbnailUrl":"https:\/\/www.m-q.ch\/wp-content\/uploads\/2016\/12\/Erpressungswelle-durch-Armada-Collective-in-der-Schweiz-management-und-qualitaet.jpg","keywords":["Cyber-Crime"],"articleSection":["Unkategorisiert"],"inLanguage":"fr-FR"},{"@type":"WebPage","@id":"https:\/\/www.m-q.ch\/fr\/vague-dextorsion-par-larmada-collectif-en-suisse\/","url":"https:\/\/www.m-q.ch\/fr\/vague-dextorsion-par-larmada-collectif-en-suisse\/","name":"Vague d'extorsion du collectif Armada en Suisse - MQ Management und Qualit\u00e4t","isPartOf":{"@id":"https:\/\/www.m-q.ch\/fr\/#website"},"primaryImageOfPage":{"@id":"https:\/\/www.m-q.ch\/fr\/vague-dextorsion-par-larmada-collectif-en-suisse\/#primaryimage"},"image":{"@id":"https:\/\/www.m-q.ch\/fr\/vague-dextorsion-par-larmada-collectif-en-suisse\/#primaryimage"},"thumbnailUrl":"https:\/\/www.m-q.ch\/wp-content\/uploads\/2016\/12\/Erpressungswelle-durch-Armada-Collective-in-der-Schweiz-management-und-qualitaet.jpg","datePublished":"2016-03-24T10:07:45+00:00","dateModified":"2017-03-01T13:58:48+00:00","description":"Vague de chantage : le pr\u00e9sident de la Conf\u00e9d\u00e9ration suisse Johann Schneider-Ammann s'est inform\u00e9 des possibilit\u00e9s de protection contre les attaques DDoS sur le CeBIT Link11.","breadcrumb":{"@id":"https:\/\/www.m-q.ch\/fr\/vague-dextorsion-par-larmada-collectif-en-suisse\/#breadcrumb"},"inLanguage":"fr-FR","potentialAction":[{"@type":"ReadAction","target":["https:\/\/www.m-q.ch\/fr\/vague-dextorsion-par-larmada-collectif-en-suisse\/"]}]},{"@type":"ImageObject","inLanguage":"fr-FR","@id":"https:\/\/www.m-q.ch\/fr\/vague-dextorsion-par-larmada-collectif-en-suisse\/#primaryimage","url":"https:\/\/www.m-q.ch\/wp-content\/uploads\/2016\/12\/Erpressungswelle-durch-Armada-Collective-in-der-Schweiz-management-und-qualitaet.jpg","contentUrl":"https:\/\/www.m-q.ch\/wp-content\/uploads\/2016\/12\/Erpressungswelle-durch-Armada-Collective-in-der-Schweiz-management-und-qualitaet.jpg","width":1006,"height":712,"caption":"Die beiden Gesch\u00e4ftsf\u00fchrer von Link11 geben Frau Merkel und Herrn Schneider-Ammann in Echtzeit Einblick in die Bedrohung der Wirtschaft und des Staates durch DDoS-Attacken. (Quelle Link11 GmbH)"},{"@type":"BreadcrumbList","@id":"https:\/\/www.m-q.ch\/fr\/vague-dextorsion-par-larmada-collectif-en-suisse\/#breadcrumb","itemListElement":[{"@type":"ListItem","position":1,"name":"Unkategorisiert","item":"https:\/\/www.m-q.ch\/it\/categoria\/senza-categoria\/"},{"@type":"ListItem","position":2,"name":"Erpressungswelle durch Armada Collective in der Schweiz"}]},{"@type":"WebSite","@id":"https:\/\/www.m-q.ch\/fr\/#website","url":"https:\/\/www.m-q.ch\/fr\/","name":"Gestion et qualit\u00e9 du QM","description":"Plate-forme pour les syst\u00e8mes de gestion int\u00e9gr\u00e9e.","publisher":{"@id":"https:\/\/www.m-q.ch\/fr\/#organization"},"potentialAction":[{"@type":"SearchAction","target":{"@type":"EntryPoint","urlTemplate":"https:\/\/www.m-q.ch\/fr\/?s={search_term_string}"},"query-input":{"@type":"PropertyValueSpecification","valueRequired":true,"valueName":"search_term_string"}}],"inLanguage":"fr-FR"},{"@type":"Organization","@id":"https:\/\/www.m-q.ch\/fr\/#organization","name":"Galledia Trade Media AG","url":"https:\/\/www.m-q.ch\/fr\/","logo":{"@type":"ImageObject","inLanguage":"fr-FR","@id":"https:\/\/www.m-q.ch\/fr\/#\/schema\/logo\/image\/","url":"https:\/\/www.m-q.ch\/wp-content\/uploads\/2020\/12\/cropped-logo_small.png","contentUrl":"https:\/\/www.m-q.ch\/wp-content\/uploads\/2020\/12\/cropped-logo_small.png","width":512,"height":512,"caption":"Galledia Fachmedien AG"},"image":{"@id":"https:\/\/www.m-q.ch\/fr\/#\/schema\/logo\/image\/"},"sameAs":["https:\/\/www.facebook.com\/ManagementUndQualitaet","https:\/\/www.linkedin.com\/showcase\/17982321\/admin\/"]},{"@type":"Person","@id":"https:\/\/www.m-q.ch\/fr\/#\/schema\/person\/c0139a2c55a374db6df2cde78ec87148","name":"galledia","image":{"@type":"ImageObject","inLanguage":"fr-FR","@id":"https:\/\/www.m-q.ch\/fr\/#\/schema\/person\/image\/","url":"https:\/\/secure.gravatar.com\/avatar\/66edf527eac29e9a5eb25bcada01f61a?s=96&d=mm&r=g","contentUrl":"https:\/\/secure.gravatar.com\/avatar\/66edf527eac29e9a5eb25bcada01f61a?s=96&d=mm&r=g","caption":"galledia"},"url":"https:\/\/www.m-q.ch\/fr\/author\/galledia\/"}]}},"_links":{"self":[{"href":"https:\/\/www.m-q.ch\/fr\/wp-json\/wp\/v2\/posts\/359","targetHints":{"allow":["GET"]}}],"collection":[{"href":"https:\/\/www.m-q.ch\/fr\/wp-json\/wp\/v2\/posts"}],"about":[{"href":"https:\/\/www.m-q.ch\/fr\/wp-json\/wp\/v2\/types\/post"}],"author":[{"embeddable":true,"href":"https:\/\/www.m-q.ch\/fr\/wp-json\/wp\/v2\/users\/1"}],"replies":[{"embeddable":true,"href":"https:\/\/www.m-q.ch\/fr\/wp-json\/wp\/v2\/comments?post=359"}],"version-history":[{"count":3,"href":"https:\/\/www.m-q.ch\/fr\/wp-json\/wp\/v2\/posts\/359\/revisions"}],"predecessor-version":[{"id":1170,"href":"https:\/\/www.m-q.ch\/fr\/wp-json\/wp\/v2\/posts\/359\/revisions\/1170"}],"wp:featuredmedia":[{"embeddable":true,"href":"https:\/\/www.m-q.ch\/fr\/wp-json\/wp\/v2\/media\/108"}],"wp:attachment":[{"href":"https:\/\/www.m-q.ch\/fr\/wp-json\/wp\/v2\/media?parent=359"}],"wp:term":[{"taxonomy":"category","embeddable":true,"href":"https:\/\/www.m-q.ch\/fr\/wp-json\/wp\/v2\/categories?post=359"},{"taxonomy":"post_tag","embeddable":true,"href":"https:\/\/www.m-q.ch\/fr\/wp-json\/wp\/v2\/tags?post=359"}],"curies":[{"name":"wp","href":"https:\/\/api.w.org\/{rel}","templated":true}]}}