{"id":381,"date":"2016-04-20T11:26:18","date_gmt":"2016-04-20T09:26:18","guid":{"rendered":"http:\/\/dev.m-q.ch\/?p=381"},"modified":"2017-02-24T13:19:15","modified_gmt":"2017-02-24T12:19:15","slug":"la-responsabilite-dentreprise-est-rentable-pour-les-entreprises","status":"publish","type":"post","link":"https:\/\/www.m-q.ch\/fr\/corporate-responsability-rechnet-sich-fuer-unternehmen\/","title":{"rendered":"La responsabilit\u00e9 des entreprises est payante pour les entreprises"},"content":{"rendered":"<p><a href=\"https:\/\/m-q.ch\/wp-content\/uploads\/2016\/12\/Corporate-Responsability-rechnet-sich-f\u00fcr-Unternehmen-management-und-qualitaet.jpg\"><img loading=\"lazy\" decoding=\"async\" class=\"alignnone wp-image-79 size-full\" src=\"https:\/\/www.m-q.ch\/wp-content\/uploads\/2016\/12\/Corporate-Responsability-rechnet-sich-f\u00fcr-Unternehmen-management-und-qualitaet.jpg\" width=\"600\" height=\"400\" srcset=\"https:\/\/www.m-q.ch\/wp-content\/uploads\/2016\/12\/Corporate-Responsability-rechnet-sich-f\u00fcr-Unternehmen-management-und-qualitaet.jpg 600w, https:\/\/www.m-q.ch\/wp-content\/uploads\/2016\/12\/Corporate-Responsability-rechnet-sich-f\u00fcr-Unternehmen-management-und-qualitaet-16x12.jpg 16w, https:\/\/www.m-q.ch\/wp-content\/uploads\/2016\/12\/Corporate-Responsability-rechnet-sich-f\u00fcr-Unternehmen-management-und-qualitaet-263x175.jpg 263w, https:\/\/www.m-q.ch\/wp-content\/uploads\/2016\/12\/Corporate-Responsability-rechnet-sich-f\u00fcr-Unternehmen-management-und-qualitaet-525x350.jpg 525w, https:\/\/www.m-q.ch\/wp-content\/uploads\/2016\/12\/Corporate-Responsability-rechnet-sich-f\u00fcr-Unternehmen-management-und-qualitaet-300x200.jpg 300w\" sizes=\"auto, (max-width: 600px) 100vw, 600px\" \/><\/a><\/p>\n<p>Les groupes qui se concentrent sur la durabilit\u00e9 (NH) et la responsabilit\u00e9 des entreprises (CR) en tirent des avantages \u00e9conomiques. C'est l'une des principales conclusions d'une enqu\u00eate r\u00e9cemment men\u00e9e par l'Institut Terra aupr\u00e8s de grandes entreprises suisses. \"Ce r\u00e9sultat r\u00e9fute un pr\u00e9jug\u00e9 r\u00e9pandu chez de nombreux patrons selon lequel penser et agir de mani\u00e8re durable co\u00fbte cher mais n'apporte aucun b\u00e9n\u00e9fice \u00e9conomique\", explique Ralf Nacke, qui, avec Hans W. Steisslinger et G\u00fcnter Lenz, a interrog\u00e9 les responsables de la RE ou de la durabilit\u00e9 dans des entreprises telles que COOP, Migros, Ikea, Die Post, les Chemins de fer f\u00e9d\u00e9raux suisses, Swisscom, Swiss Re, Zurich Assurance et la Banque cantonale de Zurich.<\/p>\n<p><strong>La haute direction doit soutenir les objectifs<\/strong><\/p>\n<p>Les principaux avantages que les entreprises associent \u00e0 leur engagement en mati\u00e8re de NH\/CR sont les suivants<\/p>\n<ol>\n<li>R\u00e9putation\/image<\/li>\n<li>Garantir la viabilit\u00e9 future<\/li>\n<li>Une plus grande attractivit\u00e9 pour les employeurs<\/li>\n<li>\u00c9conomies de co\u00fbts<\/li>\n<\/ol>\n<p>Pour que ces avantages se concr\u00e9tisent, cet engagement doit \u00eatre v\u00e9cu au sein de l'organisation et \u00eatre soutenu de mani\u00e8re coh\u00e9rente par la direction g\u00e9n\u00e9rale. Les personnes interrog\u00e9es ont expliqu\u00e9 que la r\u00e9flexion \u00e0 court terme, la pression des co\u00fbts et le besoin de croissance pouvaient conduire \u00e0 des conflits d'objectifs. Un autre probl\u00e8me est que les employ\u00e9s et les clients peuvent difficilement \u00eatre convaincus par les seuls concepts de durabilit\u00e9 et de responsabilit\u00e9 des entreprises. Cependant, des exemples positifs, comme ceux de Coop et de Migros, montrent que cela peut \u00eatre r\u00e9alis\u00e9 avec des sujets int\u00e9ressants. Selon G\u00fcnter Lenz, une strat\u00e9gie de communication professionnelle est donc n\u00e9cessaire pour garantir que les activit\u00e9s des CR\/NH ont l'impact souhait\u00e9.<\/p>\n<p><strong>Identifier le potentiel du march\u00e9 \u00e0 un stade pr\u00e9coce<\/strong><\/p>\n<p>L'\u00e9tude de l'Institut Terra, qui a examin\u00e9 14 facteurs de succ\u00e8s, illustre \u00e9galement pourquoi les entreprises qui agissent de mani\u00e8re durable ont souvent plus de succ\u00e8s sur le march\u00e9 que leurs concurrents op\u00e9rant de mani\u00e8re conventionnelle. \"Les pionniers reconnaissent les besoins des clients plus t\u00f4t et ont des employ\u00e9s plus engag\u00e9s. En outre, ils agissent de mani\u00e8re plus ax\u00e9e sur la valeur et comprennent comment combiner les objectifs de durabilit\u00e9 \u00e9cologique et de protection du climat avec les \u00e9conomies de co\u00fbts et l'utilisation du potentiel de nouveaux produits et march\u00e9s\", confirme Hans W. Steisslinger.<\/p>\n<p><strong>D\u00e9sir et r\u00e9alit\u00e9 <\/strong><\/p>\n<p>L'enqu\u00eate r\u00e9v\u00e8le \u00e9galement les raisons pour lesquelles il peut y avoir un \u00e9cart entre le d\u00e9sir et la r\u00e9alit\u00e9 en ce qui concerne la durabilit\u00e9 et la responsabilit\u00e9 des entreprises. Les consultants ont constat\u00e9, par exemple, que ces sujets sont encore insuffisamment ancr\u00e9s dans la culture d'entreprise. Dans certains cas, les services des ressources humaines ne parviennent pas non plus \u00e0 mobiliser suffisamment les employ\u00e9s. Afin de donner aux entreprises la possibilit\u00e9 de mieux concilier d\u00e9sir et r\u00e9alit\u00e9, les parties int\u00e9ress\u00e9es peuvent t\u00e9l\u00e9charger les informations d\u00e9taill\u00e9es sur les r\u00e9sultats de cette \u00e9tude et sur le m\u00e9moire de master \"Conflicting goals for CR\/NH commitment of companies scientifically illuminated\".<\/p>\n<p>via les sites web <a href=\"http:\/\/www.terra-institute.eu\" target=\"_blank\" data-cke-saved-href=\"http:\/\/www.terra-institute.eu\">www.terra-institute.eu<\/a> et <a href=\"http:\/\/www.cmpartners.ch\/terra-institute-schweiz\/studie-erfolgsfaktoren\" target=\"_blank\" data-cke-saved-href=\"http:\/\/www.cmpartners.ch\/terra-institute-schweiz\/studie-erfolgsfaktoren\">www.cmpartners.ch\/terra-institute-schweiz\/studie-erfolgsfaktoren<\/a> demande.<\/p>\n<p>Vous y trouverez \u00e9galement des articles sur la mani\u00e8re d'impliquer les cadres sup\u00e9rieurs dans les projets de durabilit\u00e9, sur les champs d'action et l'ancrage de la CR, ainsi que sur la culture d'entreprise et la communication NH\/CR.<\/p>\n<p>&nbsp;<\/p>","protected":false},"excerpt":{"rendered":"<p>Konzerne, die auf Nachhaltigkeit (NH) und Corporate Responsibility (CR) setzen, profitieren wirtschaftlich. Dies ist eine zentrale Erkenntnis einer Erhebung, die das Terra Institute j\u00fcngst in Schweizer Grossunternehmen durchgef\u00fchrt hat. &#8222;Dieses Ergebnis widerlegt ein verbreitetes Vorurteil vieler Chefs, dass nachhaltiges Denken und Handeln teuer sei, wirtschaftlich aber nichts bringe\u201c, erkl\u00e4rt Ralf Nacke, der gemeinsam mit Hans [&hellip;]<\/p>\n","protected":false},"author":1,"featured_media":79,"comment_status":"open","ping_status":"open","sticky":false,"template":"","format":"standard","meta":{"_acf_changed":false,"footnotes":""},"categories":[1],"tags":[3367],"class_list":["post-381","post","type-post","status-publish","format-standard","has-post-thumbnail","hentry","category-unkategorisiert","tag-nachhaltige-wirtschaft"],"acf":[],"yoast_head":"<!-- This site is optimized with the Yoast SEO plugin v26.2 - https:\/\/yoast.com\/wordpress\/plugins\/seo\/ -->\n<title>Corporate Responsability rechnet sich f\u00fcr Unternehmen - MQ Management und Qualit\u00e4t<\/title>\n<meta name=\"description\" content=\"Corporate Responsability: Der Erhalt der Zukunftsf\u00e4higkeit dank Wettbewerbs-, Image- und Kostenvorteile sind die wirtschaftlichen Effekte.\" \/>\n<meta name=\"robots\" content=\"index, follow, max-snippet:-1, max-image-preview:large, max-video-preview:-1\" \/>\n<link rel=\"canonical\" href=\"https:\/\/www.m-q.ch\/fr\/la-responsabilite-dentreprise-est-rentable-pour-les-entreprises\/\" \/>\n<meta property=\"og:locale\" content=\"fr_FR\" \/>\n<meta property=\"og:type\" content=\"article\" \/>\n<meta property=\"og:title\" content=\"Corporate Responsability rechnet sich f\u00fcr Unternehmen - MQ Management und Qualit\u00e4t\" \/>\n<meta property=\"og:description\" content=\"Corporate Responsability: Der Erhalt der Zukunftsf\u00e4higkeit dank Wettbewerbs-, Image- und Kostenvorteile sind die wirtschaftlichen Effekte.\" \/>\n<meta property=\"og:url\" content=\"https:\/\/www.m-q.ch\/fr\/la-responsabilite-dentreprise-est-rentable-pour-les-entreprises\/\" \/>\n<meta property=\"og:site_name\" content=\"MQ Management und Qualit\u00e4t\" \/>\n<meta property=\"article:publisher\" content=\"https:\/\/www.facebook.com\/ManagementUndQualitaet\" \/>\n<meta property=\"article:published_time\" content=\"2016-04-20T09:26:18+00:00\" \/>\n<meta property=\"article:modified_time\" content=\"2017-02-24T12:19:15+00:00\" \/>\n<meta property=\"og:image\" content=\"https:\/\/www.m-q.ch\/wp-content\/uploads\/2016\/12\/Corporate-Responsability-rechnet-sich-f\u00fcr-Unternehmen-management-und-qualitaet.jpg\" \/>\n\t<meta property=\"og:image:width\" content=\"600\" \/>\n\t<meta property=\"og:image:height\" content=\"400\" \/>\n\t<meta property=\"og:image:type\" content=\"image\/jpeg\" \/>\n<meta name=\"author\" content=\"galledia\" \/>\n<meta name=\"twitter:card\" content=\"summary_large_image\" \/>\n<meta name=\"twitter:label1\" content=\"\u00c9crit par\" \/>\n\t<meta name=\"twitter:data1\" content=\"galledia\" \/>\n\t<meta name=\"twitter:label2\" content=\"Dur\u00e9e de lecture estim\u00e9e\" \/>\n\t<meta name=\"twitter:data2\" content=\"2 minutes\" \/>\n<script type=\"application\/ld+json\" class=\"yoast-schema-graph\">{\"@context\":\"https:\/\/schema.org\",\"@graph\":[{\"@type\":\"Article\",\"@id\":\"https:\/\/www.m-q.ch\/de\/corporate-responsability-rechnet-sich-fuer-unternehmen\/#article\",\"isPartOf\":{\"@id\":\"https:\/\/www.m-q.ch\/de\/corporate-responsability-rechnet-sich-fuer-unternehmen\/\"},\"author\":{\"name\":\"galledia\",\"@id\":\"https:\/\/www.m-q.ch\/fr\/#\/schema\/person\/c0139a2c55a374db6df2cde78ec87148\"},\"headline\":\"Corporate Responsability rechnet sich f\u00fcr Unternehmen\",\"datePublished\":\"2016-04-20T09:26:18+00:00\",\"dateModified\":\"2017-02-24T12:19:15+00:00\",\"mainEntityOfPage\":{\"@id\":\"https:\/\/www.m-q.ch\/de\/corporate-responsability-rechnet-sich-fuer-unternehmen\/\"},\"wordCount\":425,\"commentCount\":0,\"publisher\":{\"@id\":\"https:\/\/www.m-q.ch\/fr\/#organization\"},\"image\":{\"@id\":\"https:\/\/www.m-q.ch\/de\/corporate-responsability-rechnet-sich-fuer-unternehmen\/#primaryimage\"},\"thumbnailUrl\":\"https:\/\/www.m-q.ch\/wp-content\/uploads\/2016\/12\/Corporate-Responsability-rechnet-sich-f\u00fcr-Unternehmen-management-und-qualitaet.jpg\",\"keywords\":[\"Nachhaltige Wirtschaft\"],\"articleSection\":[\"Unkategorisiert\"],\"inLanguage\":\"fr-FR\"},{\"@type\":\"WebPage\",\"@id\":\"https:\/\/www.m-q.ch\/de\/corporate-responsability-rechnet-sich-fuer-unternehmen\/\",\"url\":\"https:\/\/www.m-q.ch\/de\/corporate-responsability-rechnet-sich-fuer-unternehmen\/\",\"name\":\"Corporate Responsability rechnet sich f\u00fcr Unternehmen - MQ Management und Qualit\u00e4t\",\"isPartOf\":{\"@id\":\"https:\/\/www.m-q.ch\/fr\/#website\"},\"primaryImageOfPage\":{\"@id\":\"https:\/\/www.m-q.ch\/de\/corporate-responsability-rechnet-sich-fuer-unternehmen\/#primaryimage\"},\"image\":{\"@id\":\"https:\/\/www.m-q.ch\/de\/corporate-responsability-rechnet-sich-fuer-unternehmen\/#primaryimage\"},\"thumbnailUrl\":\"https:\/\/www.m-q.ch\/wp-content\/uploads\/2016\/12\/Corporate-Responsability-rechnet-sich-f\u00fcr-Unternehmen-management-und-qualitaet.jpg\",\"datePublished\":\"2016-04-20T09:26:18+00:00\",\"dateModified\":\"2017-02-24T12:19:15+00:00\",\"description\":\"Corporate Responsability: Der Erhalt der Zukunftsf\u00e4higkeit dank Wettbewerbs-, Image- und Kostenvorteile sind die wirtschaftlichen Effekte.\",\"breadcrumb\":{\"@id\":\"https:\/\/www.m-q.ch\/de\/corporate-responsability-rechnet-sich-fuer-unternehmen\/#breadcrumb\"},\"inLanguage\":\"fr-FR\",\"potentialAction\":[{\"@type\":\"ReadAction\",\"target\":[\"https:\/\/www.m-q.ch\/de\/corporate-responsability-rechnet-sich-fuer-unternehmen\/\"]}]},{\"@type\":\"ImageObject\",\"inLanguage\":\"fr-FR\",\"@id\":\"https:\/\/www.m-q.ch\/de\/corporate-responsability-rechnet-sich-fuer-unternehmen\/#primaryimage\",\"url\":\"https:\/\/www.m-q.ch\/wp-content\/uploads\/2016\/12\/Corporate-Responsability-rechnet-sich-f\u00fcr-Unternehmen-management-und-qualitaet.jpg\",\"contentUrl\":\"https:\/\/www.m-q.ch\/wp-content\/uploads\/2016\/12\/Corporate-Responsability-rechnet-sich-f\u00fcr-Unternehmen-management-und-qualitaet.jpg\",\"width\":600,\"height\":400},{\"@type\":\"BreadcrumbList\",\"@id\":\"https:\/\/www.m-q.ch\/de\/corporate-responsability-rechnet-sich-fuer-unternehmen\/#breadcrumb\",\"itemListElement\":[{\"@type\":\"ListItem\",\"position\":1,\"name\":\"Unkategorisiert\",\"item\":\"https:\/\/www.m-q.ch\/it\/categoria\/senza-categoria\/\"},{\"@type\":\"ListItem\",\"position\":2,\"name\":\"Corporate Responsability rechnet sich f\u00fcr Unternehmen\"}]},{\"@type\":\"WebSite\",\"@id\":\"https:\/\/www.m-q.ch\/fr\/#website\",\"url\":\"https:\/\/www.m-q.ch\/fr\/\",\"name\":\"MQ Management und Qualit\u00e4t\",\"description\":\"Plattform f\u00fcr integrierte Managementsysteme.\",\"publisher\":{\"@id\":\"https:\/\/www.m-q.ch\/fr\/#organization\"},\"potentialAction\":[{\"@type\":\"SearchAction\",\"target\":{\"@type\":\"EntryPoint\",\"urlTemplate\":\"https:\/\/www.m-q.ch\/fr\/?s={search_term_string}\"},\"query-input\":{\"@type\":\"PropertyValueSpecification\",\"valueRequired\":true,\"valueName\":\"search_term_string\"}}],\"inLanguage\":\"fr-FR\"},{\"@type\":\"Organization\",\"@id\":\"https:\/\/www.m-q.ch\/fr\/#organization\",\"name\":\"Galledia Fachmedien AG\",\"url\":\"https:\/\/www.m-q.ch\/fr\/\",\"logo\":{\"@type\":\"ImageObject\",\"inLanguage\":\"fr-FR\",\"@id\":\"https:\/\/www.m-q.ch\/fr\/#\/schema\/logo\/image\/\",\"url\":\"https:\/\/www.m-q.ch\/wp-content\/uploads\/2020\/12\/cropped-logo_small.png\",\"contentUrl\":\"https:\/\/www.m-q.ch\/wp-content\/uploads\/2020\/12\/cropped-logo_small.png\",\"width\":512,\"height\":512,\"caption\":\"Galledia Fachmedien AG\"},\"image\":{\"@id\":\"https:\/\/www.m-q.ch\/fr\/#\/schema\/logo\/image\/\"},\"sameAs\":[\"https:\/\/www.facebook.com\/ManagementUndQualitaet\",\"https:\/\/www.linkedin.com\/showcase\/17982321\/admin\/\"]},{\"@type\":\"Person\",\"@id\":\"https:\/\/www.m-q.ch\/fr\/#\/schema\/person\/c0139a2c55a374db6df2cde78ec87148\",\"name\":\"galledia\",\"image\":{\"@type\":\"ImageObject\",\"inLanguage\":\"fr-FR\",\"@id\":\"https:\/\/www.m-q.ch\/fr\/#\/schema\/person\/image\/\",\"url\":\"https:\/\/secure.gravatar.com\/avatar\/66edf527eac29e9a5eb25bcada01f61a?s=96&d=mm&r=g\",\"contentUrl\":\"https:\/\/secure.gravatar.com\/avatar\/66edf527eac29e9a5eb25bcada01f61a?s=96&d=mm&r=g\",\"caption\":\"galledia\"},\"url\":\"https:\/\/www.m-q.ch\/fr\/author\/galledia\/\"}]}<\/script>\n<!-- \/ Yoast SEO plugin. -->","yoast_head_json":{"title":"La responsabilit\u00e9 des entreprises est payante pour les entreprises - MQ Management und Qualit\u00e4t","description":"Responsabilit\u00e9 des entreprises : les effets \u00e9conomiques sont le maintien de la viabilit\u00e9 future gr\u00e2ce \u00e0 des avantages en termes de comp\u00e9titivit\u00e9, d'image et de co\u00fbts.","robots":{"index":"index","follow":"follow","max-snippet":"max-snippet:-1","max-image-preview":"max-image-preview:large","max-video-preview":"max-video-preview:-1"},"canonical":"https:\/\/www.m-q.ch\/fr\/la-responsabilite-dentreprise-est-rentable-pour-les-entreprises\/","og_locale":"fr_FR","og_type":"article","og_title":"Corporate Responsability rechnet sich f\u00fcr Unternehmen - MQ Management und Qualit\u00e4t","og_description":"Corporate Responsability: Der Erhalt der Zukunftsf\u00e4higkeit dank Wettbewerbs-, Image- und Kostenvorteile sind die wirtschaftlichen Effekte.","og_url":"https:\/\/www.m-q.ch\/fr\/la-responsabilite-dentreprise-est-rentable-pour-les-entreprises\/","og_site_name":"MQ Management und Qualit\u00e4t","article_publisher":"https:\/\/www.facebook.com\/ManagementUndQualitaet","article_published_time":"2016-04-20T09:26:18+00:00","article_modified_time":"2017-02-24T12:19:15+00:00","og_image":[{"width":600,"height":400,"url":"https:\/\/www.m-q.ch\/wp-content\/uploads\/2016\/12\/Corporate-Responsability-rechnet-sich-f\u00fcr-Unternehmen-management-und-qualitaet.jpg","type":"image\/jpeg"}],"author":"galledia","twitter_card":"summary_large_image","twitter_misc":{"\u00c9crit par":"galledia","Dur\u00e9e de lecture estim\u00e9e":"2 minutes"},"schema":{"@context":"https:\/\/schema.org","@graph":[{"@type":"Article","@id":"https:\/\/www.m-q.ch\/de\/corporate-responsability-rechnet-sich-fuer-unternehmen\/#article","isPartOf":{"@id":"https:\/\/www.m-q.ch\/de\/corporate-responsability-rechnet-sich-fuer-unternehmen\/"},"author":{"name":"galledia","@id":"https:\/\/www.m-q.ch\/fr\/#\/schema\/person\/c0139a2c55a374db6df2cde78ec87148"},"headline":"Corporate Responsability rechnet sich f\u00fcr Unternehmen","datePublished":"2016-04-20T09:26:18+00:00","dateModified":"2017-02-24T12:19:15+00:00","mainEntityOfPage":{"@id":"https:\/\/www.m-q.ch\/de\/corporate-responsability-rechnet-sich-fuer-unternehmen\/"},"wordCount":425,"commentCount":0,"publisher":{"@id":"https:\/\/www.m-q.ch\/fr\/#organization"},"image":{"@id":"https:\/\/www.m-q.ch\/de\/corporate-responsability-rechnet-sich-fuer-unternehmen\/#primaryimage"},"thumbnailUrl":"https:\/\/www.m-q.ch\/wp-content\/uploads\/2016\/12\/Corporate-Responsability-rechnet-sich-f\u00fcr-Unternehmen-management-und-qualitaet.jpg","keywords":["Nachhaltige Wirtschaft"],"articleSection":["Unkategorisiert"],"inLanguage":"fr-FR"},{"@type":"WebPage","@id":"https:\/\/www.m-q.ch\/de\/corporate-responsability-rechnet-sich-fuer-unternehmen\/","url":"https:\/\/www.m-q.ch\/de\/corporate-responsability-rechnet-sich-fuer-unternehmen\/","name":"La responsabilit\u00e9 des entreprises est payante pour les entreprises - MQ Management und Qualit\u00e4t","isPartOf":{"@id":"https:\/\/www.m-q.ch\/fr\/#website"},"primaryImageOfPage":{"@id":"https:\/\/www.m-q.ch\/de\/corporate-responsability-rechnet-sich-fuer-unternehmen\/#primaryimage"},"image":{"@id":"https:\/\/www.m-q.ch\/de\/corporate-responsability-rechnet-sich-fuer-unternehmen\/#primaryimage"},"thumbnailUrl":"https:\/\/www.m-q.ch\/wp-content\/uploads\/2016\/12\/Corporate-Responsability-rechnet-sich-f\u00fcr-Unternehmen-management-und-qualitaet.jpg","datePublished":"2016-04-20T09:26:18+00:00","dateModified":"2017-02-24T12:19:15+00:00","description":"Responsabilit\u00e9 des entreprises : les effets \u00e9conomiques sont le maintien de la viabilit\u00e9 future gr\u00e2ce \u00e0 des avantages en termes de comp\u00e9titivit\u00e9, d'image et de co\u00fbts.","breadcrumb":{"@id":"https:\/\/www.m-q.ch\/de\/corporate-responsability-rechnet-sich-fuer-unternehmen\/#breadcrumb"},"inLanguage":"fr-FR","potentialAction":[{"@type":"ReadAction","target":["https:\/\/www.m-q.ch\/de\/corporate-responsability-rechnet-sich-fuer-unternehmen\/"]}]},{"@type":"ImageObject","inLanguage":"fr-FR","@id":"https:\/\/www.m-q.ch\/de\/corporate-responsability-rechnet-sich-fuer-unternehmen\/#primaryimage","url":"https:\/\/www.m-q.ch\/wp-content\/uploads\/2016\/12\/Corporate-Responsability-rechnet-sich-f\u00fcr-Unternehmen-management-und-qualitaet.jpg","contentUrl":"https:\/\/www.m-q.ch\/wp-content\/uploads\/2016\/12\/Corporate-Responsability-rechnet-sich-f\u00fcr-Unternehmen-management-und-qualitaet.jpg","width":600,"height":400},{"@type":"BreadcrumbList","@id":"https:\/\/www.m-q.ch\/de\/corporate-responsability-rechnet-sich-fuer-unternehmen\/#breadcrumb","itemListElement":[{"@type":"ListItem","position":1,"name":"Unkategorisiert","item":"https:\/\/www.m-q.ch\/it\/categoria\/senza-categoria\/"},{"@type":"ListItem","position":2,"name":"Corporate Responsability rechnet sich f\u00fcr Unternehmen"}]},{"@type":"WebSite","@id":"https:\/\/www.m-q.ch\/fr\/#website","url":"https:\/\/www.m-q.ch\/fr\/","name":"Gestion et qualit\u00e9 du QM","description":"Plate-forme pour les syst\u00e8mes de gestion int\u00e9gr\u00e9e.","publisher":{"@id":"https:\/\/www.m-q.ch\/fr\/#organization"},"potentialAction":[{"@type":"SearchAction","target":{"@type":"EntryPoint","urlTemplate":"https:\/\/www.m-q.ch\/fr\/?s={search_term_string}"},"query-input":{"@type":"PropertyValueSpecification","valueRequired":true,"valueName":"search_term_string"}}],"inLanguage":"fr-FR"},{"@type":"Organization","@id":"https:\/\/www.m-q.ch\/fr\/#organization","name":"Galledia Trade Media AG","url":"https:\/\/www.m-q.ch\/fr\/","logo":{"@type":"ImageObject","inLanguage":"fr-FR","@id":"https:\/\/www.m-q.ch\/fr\/#\/schema\/logo\/image\/","url":"https:\/\/www.m-q.ch\/wp-content\/uploads\/2020\/12\/cropped-logo_small.png","contentUrl":"https:\/\/www.m-q.ch\/wp-content\/uploads\/2020\/12\/cropped-logo_small.png","width":512,"height":512,"caption":"Galledia Fachmedien AG"},"image":{"@id":"https:\/\/www.m-q.ch\/fr\/#\/schema\/logo\/image\/"},"sameAs":["https:\/\/www.facebook.com\/ManagementUndQualitaet","https:\/\/www.linkedin.com\/showcase\/17982321\/admin\/"]},{"@type":"Person","@id":"https:\/\/www.m-q.ch\/fr\/#\/schema\/person\/c0139a2c55a374db6df2cde78ec87148","name":"galledia","image":{"@type":"ImageObject","inLanguage":"fr-FR","@id":"https:\/\/www.m-q.ch\/fr\/#\/schema\/person\/image\/","url":"https:\/\/secure.gravatar.com\/avatar\/66edf527eac29e9a5eb25bcada01f61a?s=96&d=mm&r=g","contentUrl":"https:\/\/secure.gravatar.com\/avatar\/66edf527eac29e9a5eb25bcada01f61a?s=96&d=mm&r=g","caption":"galledia"},"url":"https:\/\/www.m-q.ch\/fr\/author\/galledia\/"}]}},"_links":{"self":[{"href":"https:\/\/www.m-q.ch\/fr\/wp-json\/wp\/v2\/posts\/381","targetHints":{"allow":["GET"]}}],"collection":[{"href":"https:\/\/www.m-q.ch\/fr\/wp-json\/wp\/v2\/posts"}],"about":[{"href":"https:\/\/www.m-q.ch\/fr\/wp-json\/wp\/v2\/types\/post"}],"author":[{"embeddable":true,"href":"https:\/\/www.m-q.ch\/fr\/wp-json\/wp\/v2\/users\/1"}],"replies":[{"embeddable":true,"href":"https:\/\/www.m-q.ch\/fr\/wp-json\/wp\/v2\/comments?post=381"}],"version-history":[{"count":2,"href":"https:\/\/www.m-q.ch\/fr\/wp-json\/wp\/v2\/posts\/381\/revisions"}],"predecessor-version":[{"id":965,"href":"https:\/\/www.m-q.ch\/fr\/wp-json\/wp\/v2\/posts\/381\/revisions\/965"}],"wp:featuredmedia":[{"embeddable":true,"href":"https:\/\/www.m-q.ch\/fr\/wp-json\/wp\/v2\/media\/79"}],"wp:attachment":[{"href":"https:\/\/www.m-q.ch\/fr\/wp-json\/wp\/v2\/media?parent=381"}],"wp:term":[{"taxonomy":"category","embeddable":true,"href":"https:\/\/www.m-q.ch\/fr\/wp-json\/wp\/v2\/categories?post=381"},{"taxonomy":"post_tag","embeddable":true,"href":"https:\/\/www.m-q.ch\/fr\/wp-json\/wp\/v2\/tags?post=381"}],"curies":[{"name":"wp","href":"https:\/\/api.w.org\/{rel}","templated":true}]}}