{"id":3909,"date":"2020-03-04T14:44:07","date_gmt":"2020-03-04T13:44:07","guid":{"rendered":"https:\/\/www.m-q.ch\/?p=3909"},"modified":"2020-03-06T10:12:47","modified_gmt":"2020-03-06T09:12:47","slug":"les-inscriptions-de-marques-ont-augmente","status":"publish","type":"post","link":"https:\/\/www.m-q.ch\/fr\/anmeldungen-von-marken-sind-gestiegen\/","title":{"rendered":"Les demandes de marques ont augment\u00e9"},"content":{"rendered":"<figure id=\"attachment_3910\" aria-describedby=\"caption-attachment-3910\" style=\"width: 680px\" class=\"wp-caption alignnone\"><img loading=\"lazy\" decoding=\"async\" class=\"size-medium wp-image-3910\" src=\"https:\/\/www.m-q.ch\/wp-content\/uploads\/2020\/03\/anmeldungen-marken-Schweiz-MQ-management-u-qualitaet-680x453.jpg\" alt=\"\" width=\"680\" height=\"453\" srcset=\"https:\/\/www.m-q.ch\/wp-content\/uploads\/2020\/03\/anmeldungen-marken-Schweiz-MQ-management-u-qualitaet-680x453.jpg 680w, https:\/\/www.m-q.ch\/wp-content\/uploads\/2020\/03\/anmeldungen-marken-Schweiz-MQ-management-u-qualitaet-768x512.jpg 768w, https:\/\/www.m-q.ch\/wp-content\/uploads\/2020\/03\/anmeldungen-marken-Schweiz-MQ-management-u-qualitaet-1536x1024.jpg 1536w, https:\/\/www.m-q.ch\/wp-content\/uploads\/2020\/03\/anmeldungen-marken-Schweiz-MQ-management-u-qualitaet-2048x1365.jpg 2048w, https:\/\/www.m-q.ch\/wp-content\/uploads\/2020\/03\/anmeldungen-marken-Schweiz-MQ-management-u-qualitaet-16x12.jpg 16w, https:\/\/www.m-q.ch\/wp-content\/uploads\/2020\/03\/anmeldungen-marken-Schweiz-MQ-management-u-qualitaet-263x175.jpg 263w, https:\/\/www.m-q.ch\/wp-content\/uploads\/2020\/03\/anmeldungen-marken-Schweiz-MQ-management-u-qualitaet-525x350.jpg 525w, https:\/\/www.m-q.ch\/wp-content\/uploads\/2020\/03\/anmeldungen-marken-Schweiz-MQ-management-u-qualitaet-1200x800.jpg 1200w, https:\/\/www.m-q.ch\/wp-content\/uploads\/2020\/03\/anmeldungen-marken-Schweiz-MQ-management-u-qualitaet-920x613.jpg 920w, https:\/\/www.m-q.ch\/wp-content\/uploads\/2020\/03\/anmeldungen-marken-Schweiz-MQ-management-u-qualitaet-1400x933.jpg 1400w, https:\/\/www.m-q.ch\/wp-content\/uploads\/2020\/03\/anmeldungen-marken-Schweiz-MQ-management-u-qualitaet-300x200.jpg 300w, https:\/\/www.m-q.ch\/wp-content\/uploads\/2020\/03\/anmeldungen-marken-Schweiz-MQ-management-u-qualitaet-1024x683.jpg 1024w, https:\/\/www.m-q.ch\/wp-content\/uploads\/2020\/03\/anmeldungen-marken-Schweiz-MQ-management-u-qualitaet-624x416.jpg 624w\" sizes=\"auto, (max-width: 680px) 100vw, 680px\" \/><figcaption id=\"caption-attachment-3910\" class=\"wp-caption-text\">L'ann\u00e9e derni\u00e8re, 1720 inventions ont \u00e9t\u00e9 enregistr\u00e9es en Suisse, et un total de 7066 brevets suisses \u00e9taient actifs. (Image : Unsplash)<\/figcaption><\/figure>\n<p class=\"bodytext\">Un\u00a0<a href=\"https:\/\/www.admin.ch\/gov\/de\/start\/dokumentation\/medienmitteilungen.msg-id-78326.html\" target=\"_blank\" rel=\"noopener\">Communication<\/a>\u00a0de l'Institut f\u00e9d\u00e9ral de la propri\u00e9t\u00e9 intellectuelle (<a href=\"http:\/\/www.ige.ch\/\" target=\"_blank\" rel=\"noopener\">IPI<\/a>), un total de 17 177 nouvelles marques ont \u00e9t\u00e9 enregistr\u00e9es en Suisse en 2019. Le nombre de marques actives en Suisse \u00e0 la fin de l'ann\u00e9e est ainsi pass\u00e9 \u00e0 514 825. Avec une part de 56 %, les marques verbales sont le type de marque le plus courant. Les marques figuratives et les marques combin\u00e9es repr\u00e9sentent respectivement 4 et 39 pour cent. Selon l'IPI, \"des variantes plus inhabituelles, telles que les marques 3D ou acoustiques, ont \u00e9galement \u00e9t\u00e9 ajout\u00e9es dans des cas isol\u00e9s\" au cours de l'ann\u00e9e consid\u00e9r\u00e9e. L'IPI re\u00e7oit le plus grand nombre de demandes du canton de Zurich, avec 15,3 %, selon le communiqu\u00e9 de presse. Les cantons de Vaud et de Gen\u00e8ve suivent avec respectivement 7,7 et 6,4 %.<\/p>\n<p class=\"bodytext\">En ce qui concerne la protection des dessins et mod\u00e8les, l'IPI a pu enregistrer 705 dessins et mod\u00e8les pour un total de 2852 articles en 2019, explique le communiqu\u00e9. Lors de l'enregistrement des dessins et mod\u00e8les, plusieurs objets de la m\u00eame classe de produits peuvent \u00eatre enregistr\u00e9s en m\u00eame temps. Au total, le registre a enregistr\u00e9 9433 dessins et mod\u00e8les avec 32 416 objets \u00e0 la fin de l'ann\u00e9e derni\u00e8re. La plupart des nouvelles demandes ont \u00e9t\u00e9 d\u00e9pos\u00e9es en 2019 dans les classes de produits des montres et instruments, des emballages et des appareils d'enregistrement.<\/p>\n<p class=\"bodytext\">En outre, 1720 nouveaux brevets ont \u00e9t\u00e9 d\u00e9pos\u00e9s en Suisse en 2019, et un total de 7066 brevets suisses \u00e9taient actifs \u00e0 la fin de l'ann\u00e9e, la lib\u00e9ration se poursuit. L'IPI y souligne \u00e9galement la possibilit\u00e9 d'obtenir des informations sur les perspectives de succ\u00e8s de sa propre invention par le biais d'une recherche de brevet. L'ann\u00e9e derni\u00e8re, 824 recherches de ce type ont \u00e9t\u00e9 effectu\u00e9es \u00e0 l'IPI.<\/p>\n<h3>Recherche de brevets : Les inventions \u00e0 la loupe<\/h3>\n<p>L'ann\u00e9e derni\u00e8re, 1720 inventions ont \u00e9t\u00e9 enregistr\u00e9es en Suisse et un total de 7066 brevets suisses \u00e9taient en vigueur. Si l'on ajoute les brevets de l'Office europ\u00e9en des brevets (OEB), qui sont \u00e9galement en vigueur en Suisse, le nombre total de brevets est sup\u00e9rieur \u00e0 131 719. Le nombre de recherches accompagn\u00e9es de brevets pour les inventeurs individuels et les PME ainsi que pour les chercheurs \u00e9volue \u00e9galement de mani\u00e8re positive. Avec ce service IPI, ils peuvent savoir si leur innovation est nouvelle et s'il vaut la peine de demander un brevet. La recherche donne \u00e9galement un aper\u00e7u des inventions similaires et des concurrents. A la fin de la recherche, le client dispose d'une aide \u00e0 la d\u00e9cision sur la question de savoir quelle voie suivre avec l'invention.<\/p>\n<p>L'ann\u00e9e derni\u00e8re, les experts en brevets de l'IPI ont effectu\u00e9 824 recherches de ce type (ann\u00e9e pr\u00e9c\u00e9dente : 697). La plupart des clients viennent des cantons de Zurich (237), suivi de Berne (110) et d'Argovie (87). Environ 30 % de ces recherches ont \u00e9t\u00e9 effectu\u00e9es en 2019 dans le cadre de la coop\u00e9ration avec des institutions de financement nationales ou r\u00e9gionales.<\/p>\n<p><a href=\"https:\/\/www.ige.ch\/de\/uebersicht-dienstleistungen\/publikationen\/statistiken.html\"><em>Pour de plus amples informations, veuillez contacter l'Institut f\u00e9d\u00e9ral de la propri\u00e9t\u00e9 intellectuelle\u00a0<\/em><\/a><\/p>","protected":false},"excerpt":{"rendered":"<p>Einer\u00a0Mitteilung\u00a0des Eidgen\u00f6ssischen Instituts f\u00fcr Geistiges Eigentum (IGE) zufolge sind 2019 in der Schweiz insgesamt 17&#8217;177 neue Marken angemeldet worden. Die Zahl der zum Jahresende in der Schweiz aktiven Marken ist damit auf 514&#8217;825 Marken angestiegen. Mit einem Anteil von 56 Prozent bilden Wortmarken den h\u00e4ufigsten Markentyp. Bildmarken und Kombimarken bringen es auf 4 beziehungsweise 39 [&hellip;]<\/p>\n","protected":false},"author":35,"featured_media":3910,"comment_status":"closed","ping_status":"closed","sticky":false,"template":"","format":"standard","meta":{"_acf_changed":false,"footnotes":""},"categories":[2],"tags":[4246,4175,4245,3490,3726],"class_list":["post-3909","post","type-post","status-publish","format-standard","has-post-thumbnail","hentry","category-produktenews","tag-anmeldungen","tag-geistiges-eigentum","tag-marken","tag-schweiz","tag-zuerich"],"acf":[],"yoast_head":"<!-- This site is optimized with the Yoast SEO plugin v26.2 - https:\/\/yoast.com\/wordpress\/plugins\/seo\/ -->\n<title>Anmeldungen von Marken sind gestiegen - MQ Management und Qualit\u00e4t<\/title>\n<meta name=\"description\" content=\"Die Zahl der Anmeldungen von Marken ist 2019 im Jahresvergleich leicht gestiegen. Die meisten Marken wurden dabei im Kanton Z\u00fcrich angemeldet.\" \/>\n<meta name=\"robots\" content=\"index, follow, max-snippet:-1, max-image-preview:large, max-video-preview:-1\" \/>\n<link rel=\"canonical\" href=\"https:\/\/www.m-q.ch\/fr\/les-inscriptions-de-marques-ont-augmente\/\" \/>\n<meta property=\"og:locale\" content=\"fr_FR\" \/>\n<meta property=\"og:type\" content=\"article\" \/>\n<meta property=\"og:title\" content=\"Anmeldungen von Marken sind gestiegen - MQ Management und Qualit\u00e4t\" \/>\n<meta property=\"og:description\" content=\"Die Zahl der Anmeldungen von Marken ist 2019 im Jahresvergleich leicht gestiegen. Die meisten Marken wurden dabei im Kanton Z\u00fcrich angemeldet.\" \/>\n<meta property=\"og:url\" content=\"https:\/\/www.m-q.ch\/fr\/les-inscriptions-de-marques-ont-augmente\/\" \/>\n<meta property=\"og:site_name\" content=\"MQ Management und Qualit\u00e4t\" \/>\n<meta property=\"article:publisher\" content=\"https:\/\/www.facebook.com\/ManagementUndQualitaet\" \/>\n<meta property=\"article:published_time\" content=\"2020-03-04T13:44:07+00:00\" \/>\n<meta property=\"article:modified_time\" content=\"2020-03-06T09:12:47+00:00\" \/>\n<meta property=\"og:image\" content=\"https:\/\/www.m-q.ch\/wp-content\/uploads\/2020\/03\/anmeldungen-marken-Schweiz-MQ-management-u-qualitaet-scaled.jpg\" \/>\n\t<meta property=\"og:image:width\" content=\"2560\" \/>\n\t<meta property=\"og:image:height\" content=\"1707\" \/>\n\t<meta property=\"og:image:type\" content=\"image\/jpeg\" \/>\n<meta name=\"author\" content=\"Roger Str\u00e4ssle\" \/>\n<meta name=\"twitter:card\" content=\"summary_large_image\" \/>\n<meta name=\"twitter:label1\" content=\"\u00c9crit par\" \/>\n\t<meta name=\"twitter:data1\" content=\"Roger Str\u00e4ssle\" \/>\n\t<meta name=\"twitter:label2\" content=\"Dur\u00e9e de lecture estim\u00e9e\" \/>\n\t<meta name=\"twitter:data2\" content=\"2 minutes\" \/>\n<script type=\"application\/ld+json\" class=\"yoast-schema-graph\">{\"@context\":\"https:\/\/schema.org\",\"@graph\":[{\"@type\":\"Article\",\"@id\":\"https:\/\/www.m-q.ch\/anmeldungen-von-marken-sind-gestiegen\/#article\",\"isPartOf\":{\"@id\":\"https:\/\/www.m-q.ch\/anmeldungen-von-marken-sind-gestiegen\/\"},\"author\":{\"name\":\"Roger Str\u00e4ssle\",\"@id\":\"https:\/\/www.m-q.ch\/fr\/#\/schema\/person\/47d540e081acd98ccbeb69b55df653d7\"},\"headline\":\"Anmeldungen von Marken sind gestiegen\",\"datePublished\":\"2020-03-04T13:44:07+00:00\",\"dateModified\":\"2020-03-06T09:12:47+00:00\",\"mainEntityOfPage\":{\"@id\":\"https:\/\/www.m-q.ch\/anmeldungen-von-marken-sind-gestiegen\/\"},\"wordCount\":426,\"publisher\":{\"@id\":\"https:\/\/www.m-q.ch\/fr\/#organization\"},\"image\":{\"@id\":\"https:\/\/www.m-q.ch\/anmeldungen-von-marken-sind-gestiegen\/#primaryimage\"},\"thumbnailUrl\":\"https:\/\/www.m-q.ch\/wp-content\/uploads\/2020\/03\/anmeldungen-marken-Schweiz-MQ-management-u-qualitaet-scaled.jpg\",\"keywords\":[\"Anmeldungen\",\"Geistiges Eigentum\",\"Marken\",\"Schweiz\",\"Z\u00fcrich\"],\"articleSection\":[\"Produktenews\"],\"inLanguage\":\"fr-FR\"},{\"@type\":\"WebPage\",\"@id\":\"https:\/\/www.m-q.ch\/anmeldungen-von-marken-sind-gestiegen\/\",\"url\":\"https:\/\/www.m-q.ch\/anmeldungen-von-marken-sind-gestiegen\/\",\"name\":\"Anmeldungen von Marken sind gestiegen - MQ Management und Qualit\u00e4t\",\"isPartOf\":{\"@id\":\"https:\/\/www.m-q.ch\/fr\/#website\"},\"primaryImageOfPage\":{\"@id\":\"https:\/\/www.m-q.ch\/anmeldungen-von-marken-sind-gestiegen\/#primaryimage\"},\"image\":{\"@id\":\"https:\/\/www.m-q.ch\/anmeldungen-von-marken-sind-gestiegen\/#primaryimage\"},\"thumbnailUrl\":\"https:\/\/www.m-q.ch\/wp-content\/uploads\/2020\/03\/anmeldungen-marken-Schweiz-MQ-management-u-qualitaet-scaled.jpg\",\"datePublished\":\"2020-03-04T13:44:07+00:00\",\"dateModified\":\"2020-03-06T09:12:47+00:00\",\"description\":\"Die Zahl der Anmeldungen von Marken ist 2019 im Jahresvergleich leicht gestiegen. Die meisten Marken wurden dabei im Kanton Z\u00fcrich angemeldet.\",\"breadcrumb\":{\"@id\":\"https:\/\/www.m-q.ch\/anmeldungen-von-marken-sind-gestiegen\/#breadcrumb\"},\"inLanguage\":\"fr-FR\",\"potentialAction\":[{\"@type\":\"ReadAction\",\"target\":[\"https:\/\/www.m-q.ch\/anmeldungen-von-marken-sind-gestiegen\/\"]}]},{\"@type\":\"ImageObject\",\"inLanguage\":\"fr-FR\",\"@id\":\"https:\/\/www.m-q.ch\/anmeldungen-von-marken-sind-gestiegen\/#primaryimage\",\"url\":\"https:\/\/www.m-q.ch\/wp-content\/uploads\/2020\/03\/anmeldungen-marken-Schweiz-MQ-management-u-qualitaet-scaled.jpg\",\"contentUrl\":\"https:\/\/www.m-q.ch\/wp-content\/uploads\/2020\/03\/anmeldungen-marken-Schweiz-MQ-management-u-qualitaet-scaled.jpg\",\"width\":2560,\"height\":1707,\"caption\":\"Im vergangenen Jahr sind in der Schweiz 1720 Erfindungen angemeldet worden, total waren 7066 Schweizer Patente aktiv. (Bild: Unsplash)\"},{\"@type\":\"BreadcrumbList\",\"@id\":\"https:\/\/www.m-q.ch\/anmeldungen-von-marken-sind-gestiegen\/#breadcrumb\",\"itemListElement\":[{\"@type\":\"ListItem\",\"position\":1,\"name\":\"Produktenews\",\"item\":\"https:\/\/www.m-q.ch\/kategorie\/produktenews\/\"},{\"@type\":\"ListItem\",\"position\":2,\"name\":\"Anmeldungen von Marken sind gestiegen\"}]},{\"@type\":\"WebSite\",\"@id\":\"https:\/\/www.m-q.ch\/fr\/#website\",\"url\":\"https:\/\/www.m-q.ch\/fr\/\",\"name\":\"MQ Management und Qualit\u00e4t\",\"description\":\"Plattform f\u00fcr integrierte Managementsysteme.\",\"publisher\":{\"@id\":\"https:\/\/www.m-q.ch\/fr\/#organization\"},\"potentialAction\":[{\"@type\":\"SearchAction\",\"target\":{\"@type\":\"EntryPoint\",\"urlTemplate\":\"https:\/\/www.m-q.ch\/fr\/?s={search_term_string}\"},\"query-input\":{\"@type\":\"PropertyValueSpecification\",\"valueRequired\":true,\"valueName\":\"search_term_string\"}}],\"inLanguage\":\"fr-FR\"},{\"@type\":\"Organization\",\"@id\":\"https:\/\/www.m-q.ch\/fr\/#organization\",\"name\":\"Galledia Fachmedien AG\",\"url\":\"https:\/\/www.m-q.ch\/fr\/\",\"logo\":{\"@type\":\"ImageObject\",\"inLanguage\":\"fr-FR\",\"@id\":\"https:\/\/www.m-q.ch\/fr\/#\/schema\/logo\/image\/\",\"url\":\"https:\/\/www.m-q.ch\/wp-content\/uploads\/2020\/12\/cropped-logo_small.png\",\"contentUrl\":\"https:\/\/www.m-q.ch\/wp-content\/uploads\/2020\/12\/cropped-logo_small.png\",\"width\":512,\"height\":512,\"caption\":\"Galledia Fachmedien AG\"},\"image\":{\"@id\":\"https:\/\/www.m-q.ch\/fr\/#\/schema\/logo\/image\/\"},\"sameAs\":[\"https:\/\/www.facebook.com\/ManagementUndQualitaet\",\"https:\/\/www.linkedin.com\/showcase\/17982321\/admin\/\"]},{\"@type\":\"Person\",\"@id\":\"https:\/\/www.m-q.ch\/fr\/#\/schema\/person\/47d540e081acd98ccbeb69b55df653d7\",\"name\":\"Roger Str\u00e4ssle\",\"image\":{\"@type\":\"ImageObject\",\"inLanguage\":\"fr-FR\",\"@id\":\"https:\/\/www.m-q.ch\/fr\/#\/schema\/person\/image\/\",\"url\":\"https:\/\/secure.gravatar.com\/avatar\/e4dde3046d8a184d2e2d27651a418883?s=96&d=mm&r=g\",\"contentUrl\":\"https:\/\/secure.gravatar.com\/avatar\/e4dde3046d8a184d2e2d27651a418883?s=96&d=mm&r=g\",\"caption\":\"Roger Str\u00e4ssle\"},\"url\":\"https:\/\/www.m-q.ch\/fr\/author\/roger-straessle\/\"}]}<\/script>\n<!-- \/ Yoast SEO plugin. -->","yoast_head_json":{"title":"Les demandes de marques ont augment\u00e9 - MQ Management and Quality","description":"Le nombre de demandes de marques a l\u00e9g\u00e8rement augment\u00e9 d'une ann\u00e9e sur l'autre en 2019. La plupart des marques ont \u00e9t\u00e9 d\u00e9pos\u00e9es dans le canton de Zurich.","robots":{"index":"index","follow":"follow","max-snippet":"max-snippet:-1","max-image-preview":"max-image-preview:large","max-video-preview":"max-video-preview:-1"},"canonical":"https:\/\/www.m-q.ch\/fr\/les-inscriptions-de-marques-ont-augmente\/","og_locale":"fr_FR","og_type":"article","og_title":"Anmeldungen von Marken sind gestiegen - MQ Management und Qualit\u00e4t","og_description":"Die Zahl der Anmeldungen von Marken ist 2019 im Jahresvergleich leicht gestiegen. Die meisten Marken wurden dabei im Kanton Z\u00fcrich angemeldet.","og_url":"https:\/\/www.m-q.ch\/fr\/les-inscriptions-de-marques-ont-augmente\/","og_site_name":"MQ Management und Qualit\u00e4t","article_publisher":"https:\/\/www.facebook.com\/ManagementUndQualitaet","article_published_time":"2020-03-04T13:44:07+00:00","article_modified_time":"2020-03-06T09:12:47+00:00","og_image":[{"width":2560,"height":1707,"url":"https:\/\/www.m-q.ch\/wp-content\/uploads\/2020\/03\/anmeldungen-marken-Schweiz-MQ-management-u-qualitaet-scaled.jpg","type":"image\/jpeg"}],"author":"Roger Str\u00e4ssle","twitter_card":"summary_large_image","twitter_misc":{"\u00c9crit par":"Roger Str\u00e4ssle","Dur\u00e9e de lecture estim\u00e9e":"2 minutes"},"schema":{"@context":"https:\/\/schema.org","@graph":[{"@type":"Article","@id":"https:\/\/www.m-q.ch\/anmeldungen-von-marken-sind-gestiegen\/#article","isPartOf":{"@id":"https:\/\/www.m-q.ch\/anmeldungen-von-marken-sind-gestiegen\/"},"author":{"name":"Roger Str\u00e4ssle","@id":"https:\/\/www.m-q.ch\/fr\/#\/schema\/person\/47d540e081acd98ccbeb69b55df653d7"},"headline":"Anmeldungen von Marken sind gestiegen","datePublished":"2020-03-04T13:44:07+00:00","dateModified":"2020-03-06T09:12:47+00:00","mainEntityOfPage":{"@id":"https:\/\/www.m-q.ch\/anmeldungen-von-marken-sind-gestiegen\/"},"wordCount":426,"publisher":{"@id":"https:\/\/www.m-q.ch\/fr\/#organization"},"image":{"@id":"https:\/\/www.m-q.ch\/anmeldungen-von-marken-sind-gestiegen\/#primaryimage"},"thumbnailUrl":"https:\/\/www.m-q.ch\/wp-content\/uploads\/2020\/03\/anmeldungen-marken-Schweiz-MQ-management-u-qualitaet-scaled.jpg","keywords":["Anmeldungen","Geistiges Eigentum","Marken","Schweiz","Z\u00fcrich"],"articleSection":["Produktenews"],"inLanguage":"fr-FR"},{"@type":"WebPage","@id":"https:\/\/www.m-q.ch\/anmeldungen-von-marken-sind-gestiegen\/","url":"https:\/\/www.m-q.ch\/anmeldungen-von-marken-sind-gestiegen\/","name":"Les demandes de marques ont augment\u00e9 - MQ Management and Quality","isPartOf":{"@id":"https:\/\/www.m-q.ch\/fr\/#website"},"primaryImageOfPage":{"@id":"https:\/\/www.m-q.ch\/anmeldungen-von-marken-sind-gestiegen\/#primaryimage"},"image":{"@id":"https:\/\/www.m-q.ch\/anmeldungen-von-marken-sind-gestiegen\/#primaryimage"},"thumbnailUrl":"https:\/\/www.m-q.ch\/wp-content\/uploads\/2020\/03\/anmeldungen-marken-Schweiz-MQ-management-u-qualitaet-scaled.jpg","datePublished":"2020-03-04T13:44:07+00:00","dateModified":"2020-03-06T09:12:47+00:00","description":"Le nombre de demandes de marques a l\u00e9g\u00e8rement augment\u00e9 d'une ann\u00e9e sur l'autre en 2019. La plupart des marques ont \u00e9t\u00e9 d\u00e9pos\u00e9es dans le canton de Zurich.","breadcrumb":{"@id":"https:\/\/www.m-q.ch\/anmeldungen-von-marken-sind-gestiegen\/#breadcrumb"},"inLanguage":"fr-FR","potentialAction":[{"@type":"ReadAction","target":["https:\/\/www.m-q.ch\/anmeldungen-von-marken-sind-gestiegen\/"]}]},{"@type":"ImageObject","inLanguage":"fr-FR","@id":"https:\/\/www.m-q.ch\/anmeldungen-von-marken-sind-gestiegen\/#primaryimage","url":"https:\/\/www.m-q.ch\/wp-content\/uploads\/2020\/03\/anmeldungen-marken-Schweiz-MQ-management-u-qualitaet-scaled.jpg","contentUrl":"https:\/\/www.m-q.ch\/wp-content\/uploads\/2020\/03\/anmeldungen-marken-Schweiz-MQ-management-u-qualitaet-scaled.jpg","width":2560,"height":1707,"caption":"Im vergangenen Jahr sind in der Schweiz 1720 Erfindungen angemeldet worden, total waren 7066 Schweizer Patente aktiv. (Bild: Unsplash)"},{"@type":"BreadcrumbList","@id":"https:\/\/www.m-q.ch\/anmeldungen-von-marken-sind-gestiegen\/#breadcrumb","itemListElement":[{"@type":"ListItem","position":1,"name":"Produktenews","item":"https:\/\/www.m-q.ch\/kategorie\/produktenews\/"},{"@type":"ListItem","position":2,"name":"Anmeldungen von Marken sind gestiegen"}]},{"@type":"WebSite","@id":"https:\/\/www.m-q.ch\/fr\/#website","url":"https:\/\/www.m-q.ch\/fr\/","name":"Gestion et qualit\u00e9 du QM","description":"Plate-forme pour les syst\u00e8mes de gestion int\u00e9gr\u00e9e.","publisher":{"@id":"https:\/\/www.m-q.ch\/fr\/#organization"},"potentialAction":[{"@type":"SearchAction","target":{"@type":"EntryPoint","urlTemplate":"https:\/\/www.m-q.ch\/fr\/?s={search_term_string}"},"query-input":{"@type":"PropertyValueSpecification","valueRequired":true,"valueName":"search_term_string"}}],"inLanguage":"fr-FR"},{"@type":"Organization","@id":"https:\/\/www.m-q.ch\/fr\/#organization","name":"Galledia Trade Media AG","url":"https:\/\/www.m-q.ch\/fr\/","logo":{"@type":"ImageObject","inLanguage":"fr-FR","@id":"https:\/\/www.m-q.ch\/fr\/#\/schema\/logo\/image\/","url":"https:\/\/www.m-q.ch\/wp-content\/uploads\/2020\/12\/cropped-logo_small.png","contentUrl":"https:\/\/www.m-q.ch\/wp-content\/uploads\/2020\/12\/cropped-logo_small.png","width":512,"height":512,"caption":"Galledia Fachmedien AG"},"image":{"@id":"https:\/\/www.m-q.ch\/fr\/#\/schema\/logo\/image\/"},"sameAs":["https:\/\/www.facebook.com\/ManagementUndQualitaet","https:\/\/www.linkedin.com\/showcase\/17982321\/admin\/"]},{"@type":"Person","@id":"https:\/\/www.m-q.ch\/fr\/#\/schema\/person\/47d540e081acd98ccbeb69b55df653d7","name":"Roger Str\u00e4ssle","image":{"@type":"ImageObject","inLanguage":"fr-FR","@id":"https:\/\/www.m-q.ch\/fr\/#\/schema\/person\/image\/","url":"https:\/\/secure.gravatar.com\/avatar\/e4dde3046d8a184d2e2d27651a418883?s=96&d=mm&r=g","contentUrl":"https:\/\/secure.gravatar.com\/avatar\/e4dde3046d8a184d2e2d27651a418883?s=96&d=mm&r=g","caption":"Roger Str\u00e4ssle"},"url":"https:\/\/www.m-q.ch\/fr\/author\/roger-straessle\/"}]}},"_links":{"self":[{"href":"https:\/\/www.m-q.ch\/fr\/wp-json\/wp\/v2\/posts\/3909","targetHints":{"allow":["GET"]}}],"collection":[{"href":"https:\/\/www.m-q.ch\/fr\/wp-json\/wp\/v2\/posts"}],"about":[{"href":"https:\/\/www.m-q.ch\/fr\/wp-json\/wp\/v2\/types\/post"}],"author":[{"embeddable":true,"href":"https:\/\/www.m-q.ch\/fr\/wp-json\/wp\/v2\/users\/35"}],"replies":[{"embeddable":true,"href":"https:\/\/www.m-q.ch\/fr\/wp-json\/wp\/v2\/comments?post=3909"}],"version-history":[{"count":1,"href":"https:\/\/www.m-q.ch\/fr\/wp-json\/wp\/v2\/posts\/3909\/revisions"}],"predecessor-version":[{"id":3911,"href":"https:\/\/www.m-q.ch\/fr\/wp-json\/wp\/v2\/posts\/3909\/revisions\/3911"}],"wp:featuredmedia":[{"embeddable":true,"href":"https:\/\/www.m-q.ch\/fr\/wp-json\/wp\/v2\/media\/3910"}],"wp:attachment":[{"href":"https:\/\/www.m-q.ch\/fr\/wp-json\/wp\/v2\/media?parent=3909"}],"wp:term":[{"taxonomy":"category","embeddable":true,"href":"https:\/\/www.m-q.ch\/fr\/wp-json\/wp\/v2\/categories?post=3909"},{"taxonomy":"post_tag","embeddable":true,"href":"https:\/\/www.m-q.ch\/fr\/wp-json\/wp\/v2\/tags?post=3909"}],"curies":[{"name":"wp","href":"https:\/\/api.w.org\/{rel}","templated":true}]}}