{"id":392,"date":"2016-04-28T13:30:20","date_gmt":"2016-04-28T11:30:20","guid":{"rendered":"http:\/\/dev.m-q.ch\/?p=392"},"modified":"2017-03-01T14:40:49","modified_gmt":"2017-03-01T13:40:49","slug":"weleda-remporte-le-swiss-ethics-award-2","status":"publish","type":"post","link":"https:\/\/www.m-q.ch\/fr\/weleda-gewinnt-swiss-ethics-award\/","title":{"rendered":"Weleda re\u00e7oit le Prix suisse de l'\u00e9thique"},"content":{"rendered":"<figure id=\"attachment_250\" aria-describedby=\"caption-attachment-250\" style=\"width: 680px\" class=\"wp-caption alignnone\"><a href=\"https:\/\/m-q.ch\/wp-content\/uploads\/2016\/12\/Weleda-gewinnt-Swiss-Ethics-Award-management-und-qualitaet.jpg\"><img loading=\"lazy\" decoding=\"async\" class=\"wp-image-250 size-medium\" src=\"https:\/\/www.m-q.ch\/wp-content\/uploads\/2016\/12\/Weleda-gewinnt-Swiss-Ethics-Award-management-und-qualitaet-680x383.jpg\" width=\"680\" height=\"383\" srcset=\"https:\/\/www.m-q.ch\/wp-content\/uploads\/2016\/12\/Weleda-gewinnt-Swiss-Ethics-Award-management-und-qualitaet-680x383.jpg 680w, https:\/\/www.m-q.ch\/wp-content\/uploads\/2016\/12\/Weleda-gewinnt-Swiss-Ethics-Award-management-und-qualitaet-768x432.jpg 768w, https:\/\/www.m-q.ch\/wp-content\/uploads\/2016\/12\/Weleda-gewinnt-Swiss-Ethics-Award-management-und-qualitaet-16x9.jpg 16w, https:\/\/www.m-q.ch\/wp-content\/uploads\/2016\/12\/Weleda-gewinnt-Swiss-Ethics-Award-management-und-qualitaet-311x175.jpg 311w, https:\/\/www.m-q.ch\/wp-content\/uploads\/2016\/12\/Weleda-gewinnt-Swiss-Ethics-Award-management-und-qualitaet-622x350.jpg 622w, https:\/\/www.m-q.ch\/wp-content\/uploads\/2016\/12\/Weleda-gewinnt-Swiss-Ethics-Award-management-und-qualitaet-920x518.jpg 920w, https:\/\/www.m-q.ch\/wp-content\/uploads\/2016\/12\/Weleda-gewinnt-Swiss-Ethics-Award-management-und-qualitaet-300x169.jpg 300w, https:\/\/www.m-q.ch\/wp-content\/uploads\/2016\/12\/Weleda-gewinnt-Swiss-Ethics-Award-management-und-qualitaet-624x351.jpg 624w, https:\/\/www.m-q.ch\/wp-content\/uploads\/2016\/12\/Weleda-gewinnt-Swiss-Ethics-Award-management-und-qualitaet.jpg 1000w\" sizes=\"auto, (max-width: 680px) 100vw, 680px\" \/><\/a><figcaption id=\"caption-attachment-250\" class=\"wp-caption-text\">L'\u00e9quipe gagnante : Weleda AG (Image : Mediaktion)<\/figcaption><\/figure>\n<p>Le Prix suisse de l'\u00e9thique r\u00e9compense les projets qui \u00e9tablissent de nouvelles normes \u00e9thiques dans le domaine des affaires. Ce prix est d\u00e9cern\u00e9 tous les deux ans par le Swiss Excellence Forum. Le 20 avril 2016, la c\u00e9r\u00e9monie de remise des prix a eu lieu dans le cadre de la Conf\u00e9rence suisse des entrepreneurs au KKL de Lucerne. La responsabilit\u00e9 \u00e9thique des entreprises \u00e9tait au centre des discours de Nadja Lang, directrice g\u00e9n\u00e9rale de la Fondation Max Havelaar (Suisse), Roger de Weck, directeur g\u00e9n\u00e9ral de la SSR et du Prof.<\/p>\n<p><strong>Contribution \u00e0 la conservation de la biodiversit\u00e9<\/strong><\/p>\n<p>Apr\u00e8s Migros (2014), Weleda a remport\u00e9 le Prix de l'\u00e9thique avec son projet \"Approvisionnement \u00e9thique en mati\u00e8res premi\u00e8res naturelles\". Weleda est membre de l'UEBT depuis 2010. L'adh\u00e9sion n\u00e9cessite le d\u00e9veloppement et la mise en \u0153uvre d'un \"syst\u00e8me de gestion de la biodiversit\u00e9\", qui est destin\u00e9 \u00e0 servir \u00e0 l'entreprise et \u00e0 ses cha\u00eenes d'approvisionnement comme outil de contr\u00f4le continu et de processus d'am\u00e9lioration progressive. La complexit\u00e9 de la mise en \u0153uvre de ce syst\u00e8me est d\u00e9montr\u00e9e par les sept principes sur lesquels repose la norme UEBT. Ils appellent notamment \u00e0 la conservation de la biodiversit\u00e9 (mesures de protection de la biodiversit\u00e9), \u00e0 l'utilisation durable de la biodiversit\u00e9, \u00e0 la durabilit\u00e9 socio-\u00e9conomique des fournisseurs (assurer la durabilit\u00e9 et la viabilit\u00e9 \u00e9conomique), \u00e0 l'acc\u00e8s et au partage des b\u00e9n\u00e9fices (r\u00e9partition \u00e9quitable des b\u00e9n\u00e9fices g\u00e9n\u00e9r\u00e9s par l'utilisation de mati\u00e8res premi\u00e8res sp\u00e9cifiques \u00e0 un pays ou de connaissances traditionnelles) ou au respect des droits des acteurs impliqu\u00e9s dans les activit\u00e9s BioTrade (par exemple, formation et \u00e9ducation \u00e0 la s\u00e9curit\u00e9, exclusion de la discrimination, etc.)<\/p>\n<p><strong>L'engagement social honor\u00e9<\/strong><\/p>\n<p>La franchise et la coh\u00e9rence avec lesquelles Weleda assume sa responsabilit\u00e9 envers les personnes et l'environnement et son courage de s'engager dans des processus d'apprentissage potentiellement controvers\u00e9s et ouverts sont reconnus par le jury comme une r\u00e9ussite exceptionnelle.<\/p>\n<p>Despite GmbH et Die Sozialfirma AG ont \u00e9galement \u00e9t\u00e9 nomin\u00e9s pour le prix. Malgr\u00e9 a d\u00e9velopp\u00e9 une \u00e9valuation innovante pour les personnes de confiance. Avec son mod\u00e8le d'entreprise, Die Sozialfirma combine engagement social et action \u00e9conomique et int\u00e8gre ainsi les salari\u00e9s handicap\u00e9s au march\u00e9 du travail primaire.<\/p>\n<p><a href=\"http:\/\/www.swiss-excellence-forum.ch\" target=\"_blank\" data-cke-saved-href=\"http:\/\/www.swiss-excellence-forum.ch\"><em>www.swiss-excellence-forum.ch<\/em><\/a><\/p>","protected":false},"excerpt":{"rendered":"<p>Der Swiss Ethics Award zeichnet Projekte aus, die im Bereich der Wirtschaft neue ethische Massst\u00e4be setzen. Der Award wird alle zwei Jahre durch das Swiss Excellence Forum verliehen. Am 20. April 2016 fand die Preisverleihung im Rahmen der Schweizer Unternehmertagung im KKL Luzern statt. Die ethische Verantwortung der Wirtschaft stand im Zentrum der Referate von [&hellip;]<\/p>\n","protected":false},"author":1,"featured_media":250,"comment_status":"open","ping_status":"open","sticky":false,"template":"","format":"standard","meta":{"_acf_changed":false,"footnotes":""},"categories":[5],"tags":[3328,3342,3352],"class_list":["post-392","post","type-post","status-publish","format-standard","has-post-thumbnail","hentry","category-business_excellence","tag-business-excellence","tag-fachkongressfachmesse","tag-unternehmen"],"acf":[],"yoast_head":"<!-- This site is optimized with the Yoast SEO plugin v26.2 - https:\/\/yoast.com\/wordpress\/plugins\/seo\/ -->\n<title>Weleda gewinnt Swiss Ethics Award - MQ Management und Qualit\u00e4t<\/title>\n<meta name=\"description\" content=\"Seit der Gr\u00fcndung im Jahr 1921 ist die \u00dcbernahme von sozialer, \u00f6kologischer und wirtschaftlicher Verantwortung zentral f\u00fcr Weleda.\" \/>\n<meta name=\"robots\" content=\"index, follow, max-snippet:-1, max-image-preview:large, max-video-preview:-1\" \/>\n<link rel=\"canonical\" href=\"https:\/\/www.m-q.ch\/fr\/weleda-remporte-le-swiss-ethics-award-2\/\" \/>\n<meta property=\"og:locale\" content=\"fr_FR\" \/>\n<meta property=\"og:type\" content=\"article\" \/>\n<meta property=\"og:title\" content=\"Weleda gewinnt Swiss Ethics Award - MQ Management und Qualit\u00e4t\" \/>\n<meta property=\"og:description\" content=\"Seit der Gr\u00fcndung im Jahr 1921 ist die \u00dcbernahme von sozialer, \u00f6kologischer und wirtschaftlicher Verantwortung zentral f\u00fcr Weleda.\" \/>\n<meta property=\"og:url\" content=\"https:\/\/www.m-q.ch\/fr\/weleda-remporte-le-swiss-ethics-award-2\/\" \/>\n<meta property=\"og:site_name\" content=\"MQ Management und Qualit\u00e4t\" \/>\n<meta property=\"article:publisher\" content=\"https:\/\/www.facebook.com\/ManagementUndQualitaet\" \/>\n<meta property=\"article:published_time\" content=\"2016-04-28T11:30:20+00:00\" \/>\n<meta property=\"article:modified_time\" content=\"2017-03-01T13:40:49+00:00\" \/>\n<meta property=\"og:image\" content=\"https:\/\/www.m-q.ch\/wp-content\/uploads\/2016\/12\/Weleda-gewinnt-Swiss-Ethics-Award-management-und-qualitaet.jpg\" \/>\n\t<meta property=\"og:image:width\" content=\"1000\" \/>\n\t<meta property=\"og:image:height\" content=\"563\" \/>\n\t<meta property=\"og:image:type\" content=\"image\/jpeg\" \/>\n<meta name=\"author\" content=\"galledia\" \/>\n<meta name=\"twitter:card\" content=\"summary_large_image\" \/>\n<meta name=\"twitter:label1\" content=\"\u00c9crit par\" \/>\n\t<meta name=\"twitter:data1\" content=\"galledia\" \/>\n\t<meta name=\"twitter:label2\" content=\"Dur\u00e9e de lecture estim\u00e9e\" \/>\n\t<meta name=\"twitter:data2\" content=\"2 minutes\" \/>\n<script type=\"application\/ld+json\" class=\"yoast-schema-graph\">{\"@context\":\"https:\/\/schema.org\",\"@graph\":[{\"@type\":\"Article\",\"@id\":\"https:\/\/www.m-q.ch\/weleda-gewinnt-swiss-ethics-award\/#article\",\"isPartOf\":{\"@id\":\"https:\/\/www.m-q.ch\/weleda-gewinnt-swiss-ethics-award\/\"},\"author\":{\"name\":\"galledia\",\"@id\":\"https:\/\/www.m-q.ch\/fr\/#\/schema\/person\/c0139a2c55a374db6df2cde78ec87148\"},\"headline\":\"Weleda gewinnt Swiss Ethics Award\",\"datePublished\":\"2016-04-28T11:30:20+00:00\",\"dateModified\":\"2017-03-01T13:40:49+00:00\",\"mainEntityOfPage\":{\"@id\":\"https:\/\/www.m-q.ch\/weleda-gewinnt-swiss-ethics-award\/\"},\"wordCount\":342,\"commentCount\":0,\"publisher\":{\"@id\":\"https:\/\/www.m-q.ch\/fr\/#organization\"},\"image\":{\"@id\":\"https:\/\/www.m-q.ch\/weleda-gewinnt-swiss-ethics-award\/#primaryimage\"},\"thumbnailUrl\":\"https:\/\/www.m-q.ch\/wp-content\/uploads\/2016\/12\/Weleda-gewinnt-Swiss-Ethics-Award-management-und-qualitaet.jpg\",\"keywords\":[\"Business Excellence\",\"Fachkongress\/Fachmesse\",\"Unternehmen\"],\"articleSection\":[\"Business Excellence\"],\"inLanguage\":\"fr-FR\"},{\"@type\":\"WebPage\",\"@id\":\"https:\/\/www.m-q.ch\/weleda-gewinnt-swiss-ethics-award\/\",\"url\":\"https:\/\/www.m-q.ch\/weleda-gewinnt-swiss-ethics-award\/\",\"name\":\"Weleda gewinnt Swiss Ethics Award - MQ Management und Qualit\u00e4t\",\"isPartOf\":{\"@id\":\"https:\/\/www.m-q.ch\/fr\/#website\"},\"primaryImageOfPage\":{\"@id\":\"https:\/\/www.m-q.ch\/weleda-gewinnt-swiss-ethics-award\/#primaryimage\"},\"image\":{\"@id\":\"https:\/\/www.m-q.ch\/weleda-gewinnt-swiss-ethics-award\/#primaryimage\"},\"thumbnailUrl\":\"https:\/\/www.m-q.ch\/wp-content\/uploads\/2016\/12\/Weleda-gewinnt-Swiss-Ethics-Award-management-und-qualitaet.jpg\",\"datePublished\":\"2016-04-28T11:30:20+00:00\",\"dateModified\":\"2017-03-01T13:40:49+00:00\",\"description\":\"Seit der Gr\u00fcndung im Jahr 1921 ist die \u00dcbernahme von sozialer, \u00f6kologischer und wirtschaftlicher Verantwortung zentral f\u00fcr Weleda.\",\"breadcrumb\":{\"@id\":\"https:\/\/www.m-q.ch\/weleda-gewinnt-swiss-ethics-award\/#breadcrumb\"},\"inLanguage\":\"fr-FR\",\"potentialAction\":[{\"@type\":\"ReadAction\",\"target\":[\"https:\/\/www.m-q.ch\/weleda-gewinnt-swiss-ethics-award\/\"]}]},{\"@type\":\"ImageObject\",\"inLanguage\":\"fr-FR\",\"@id\":\"https:\/\/www.m-q.ch\/weleda-gewinnt-swiss-ethics-award\/#primaryimage\",\"url\":\"https:\/\/www.m-q.ch\/wp-content\/uploads\/2016\/12\/Weleda-gewinnt-Swiss-Ethics-Award-management-und-qualitaet.jpg\",\"contentUrl\":\"https:\/\/www.m-q.ch\/wp-content\/uploads\/2016\/12\/Weleda-gewinnt-Swiss-Ethics-Award-management-und-qualitaet.jpg\",\"width\":1000,\"height\":563,\"caption\":\"Das Winner-Team: Weleda AG (Bild: Mediaktion)\"},{\"@type\":\"BreadcrumbList\",\"@id\":\"https:\/\/www.m-q.ch\/weleda-gewinnt-swiss-ethics-award\/#breadcrumb\",\"itemListElement\":[{\"@type\":\"ListItem\",\"position\":1,\"name\":\"Business Excellence\",\"item\":\"https:\/\/www.m-q.ch\/kategorie\/business_excellence\/\"},{\"@type\":\"ListItem\",\"position\":2,\"name\":\"Weleda gewinnt Swiss Ethics Award\"}]},{\"@type\":\"WebSite\",\"@id\":\"https:\/\/www.m-q.ch\/fr\/#website\",\"url\":\"https:\/\/www.m-q.ch\/fr\/\",\"name\":\"MQ Management und Qualit\u00e4t\",\"description\":\"Plattform f\u00fcr integrierte Managementsysteme.\",\"publisher\":{\"@id\":\"https:\/\/www.m-q.ch\/fr\/#organization\"},\"potentialAction\":[{\"@type\":\"SearchAction\",\"target\":{\"@type\":\"EntryPoint\",\"urlTemplate\":\"https:\/\/www.m-q.ch\/fr\/?s={search_term_string}\"},\"query-input\":{\"@type\":\"PropertyValueSpecification\",\"valueRequired\":true,\"valueName\":\"search_term_string\"}}],\"inLanguage\":\"fr-FR\"},{\"@type\":\"Organization\",\"@id\":\"https:\/\/www.m-q.ch\/fr\/#organization\",\"name\":\"Galledia Fachmedien AG\",\"url\":\"https:\/\/www.m-q.ch\/fr\/\",\"logo\":{\"@type\":\"ImageObject\",\"inLanguage\":\"fr-FR\",\"@id\":\"https:\/\/www.m-q.ch\/fr\/#\/schema\/logo\/image\/\",\"url\":\"https:\/\/www.m-q.ch\/wp-content\/uploads\/2020\/12\/cropped-logo_small.png\",\"contentUrl\":\"https:\/\/www.m-q.ch\/wp-content\/uploads\/2020\/12\/cropped-logo_small.png\",\"width\":512,\"height\":512,\"caption\":\"Galledia Fachmedien AG\"},\"image\":{\"@id\":\"https:\/\/www.m-q.ch\/fr\/#\/schema\/logo\/image\/\"},\"sameAs\":[\"https:\/\/www.facebook.com\/ManagementUndQualitaet\",\"https:\/\/www.linkedin.com\/showcase\/17982321\/admin\/\"]},{\"@type\":\"Person\",\"@id\":\"https:\/\/www.m-q.ch\/fr\/#\/schema\/person\/c0139a2c55a374db6df2cde78ec87148\",\"name\":\"galledia\",\"image\":{\"@type\":\"ImageObject\",\"inLanguage\":\"fr-FR\",\"@id\":\"https:\/\/www.m-q.ch\/fr\/#\/schema\/person\/image\/\",\"url\":\"https:\/\/secure.gravatar.com\/avatar\/66edf527eac29e9a5eb25bcada01f61a?s=96&d=mm&r=g\",\"contentUrl\":\"https:\/\/secure.gravatar.com\/avatar\/66edf527eac29e9a5eb25bcada01f61a?s=96&d=mm&r=g\",\"caption\":\"galledia\"},\"url\":\"https:\/\/www.m-q.ch\/fr\/author\/galledia\/\"}]}<\/script>\n<!-- \/ Yoast SEO plugin. -->","yoast_head_json":{"title":"Weleda re\u00e7oit le prix suisse de l'\u00e9thique - MQ Management und Qualit\u00e4t","description":"Depuis sa fondation en 1921, la prise de responsabilit\u00e9 sociale, \u00e9cologique et \u00e9conomique est au c\u0153ur de Weleda.","robots":{"index":"index","follow":"follow","max-snippet":"max-snippet:-1","max-image-preview":"max-image-preview:large","max-video-preview":"max-video-preview:-1"},"canonical":"https:\/\/www.m-q.ch\/fr\/weleda-remporte-le-swiss-ethics-award-2\/","og_locale":"fr_FR","og_type":"article","og_title":"Weleda gewinnt Swiss Ethics Award - MQ Management und Qualit\u00e4t","og_description":"Seit der Gr\u00fcndung im Jahr 1921 ist die \u00dcbernahme von sozialer, \u00f6kologischer und wirtschaftlicher Verantwortung zentral f\u00fcr Weleda.","og_url":"https:\/\/www.m-q.ch\/fr\/weleda-remporte-le-swiss-ethics-award-2\/","og_site_name":"MQ Management und Qualit\u00e4t","article_publisher":"https:\/\/www.facebook.com\/ManagementUndQualitaet","article_published_time":"2016-04-28T11:30:20+00:00","article_modified_time":"2017-03-01T13:40:49+00:00","og_image":[{"width":1000,"height":563,"url":"https:\/\/www.m-q.ch\/wp-content\/uploads\/2016\/12\/Weleda-gewinnt-Swiss-Ethics-Award-management-und-qualitaet.jpg","type":"image\/jpeg"}],"author":"galledia","twitter_card":"summary_large_image","twitter_misc":{"\u00c9crit par":"galledia","Dur\u00e9e de lecture estim\u00e9e":"2 minutes"},"schema":{"@context":"https:\/\/schema.org","@graph":[{"@type":"Article","@id":"https:\/\/www.m-q.ch\/weleda-gewinnt-swiss-ethics-award\/#article","isPartOf":{"@id":"https:\/\/www.m-q.ch\/weleda-gewinnt-swiss-ethics-award\/"},"author":{"name":"galledia","@id":"https:\/\/www.m-q.ch\/fr\/#\/schema\/person\/c0139a2c55a374db6df2cde78ec87148"},"headline":"Weleda gewinnt Swiss Ethics Award","datePublished":"2016-04-28T11:30:20+00:00","dateModified":"2017-03-01T13:40:49+00:00","mainEntityOfPage":{"@id":"https:\/\/www.m-q.ch\/weleda-gewinnt-swiss-ethics-award\/"},"wordCount":342,"commentCount":0,"publisher":{"@id":"https:\/\/www.m-q.ch\/fr\/#organization"},"image":{"@id":"https:\/\/www.m-q.ch\/weleda-gewinnt-swiss-ethics-award\/#primaryimage"},"thumbnailUrl":"https:\/\/www.m-q.ch\/wp-content\/uploads\/2016\/12\/Weleda-gewinnt-Swiss-Ethics-Award-management-und-qualitaet.jpg","keywords":["Business Excellence","Fachkongress\/Fachmesse","Unternehmen"],"articleSection":["Business Excellence"],"inLanguage":"fr-FR"},{"@type":"WebPage","@id":"https:\/\/www.m-q.ch\/weleda-gewinnt-swiss-ethics-award\/","url":"https:\/\/www.m-q.ch\/weleda-gewinnt-swiss-ethics-award\/","name":"Weleda re\u00e7oit le prix suisse de l'\u00e9thique - MQ Management und Qualit\u00e4t","isPartOf":{"@id":"https:\/\/www.m-q.ch\/fr\/#website"},"primaryImageOfPage":{"@id":"https:\/\/www.m-q.ch\/weleda-gewinnt-swiss-ethics-award\/#primaryimage"},"image":{"@id":"https:\/\/www.m-q.ch\/weleda-gewinnt-swiss-ethics-award\/#primaryimage"},"thumbnailUrl":"https:\/\/www.m-q.ch\/wp-content\/uploads\/2016\/12\/Weleda-gewinnt-Swiss-Ethics-Award-management-und-qualitaet.jpg","datePublished":"2016-04-28T11:30:20+00:00","dateModified":"2017-03-01T13:40:49+00:00","description":"Depuis sa fondation en 1921, la prise de responsabilit\u00e9 sociale, \u00e9cologique et \u00e9conomique est au c\u0153ur de Weleda.","breadcrumb":{"@id":"https:\/\/www.m-q.ch\/weleda-gewinnt-swiss-ethics-award\/#breadcrumb"},"inLanguage":"fr-FR","potentialAction":[{"@type":"ReadAction","target":["https:\/\/www.m-q.ch\/weleda-gewinnt-swiss-ethics-award\/"]}]},{"@type":"ImageObject","inLanguage":"fr-FR","@id":"https:\/\/www.m-q.ch\/weleda-gewinnt-swiss-ethics-award\/#primaryimage","url":"https:\/\/www.m-q.ch\/wp-content\/uploads\/2016\/12\/Weleda-gewinnt-Swiss-Ethics-Award-management-und-qualitaet.jpg","contentUrl":"https:\/\/www.m-q.ch\/wp-content\/uploads\/2016\/12\/Weleda-gewinnt-Swiss-Ethics-Award-management-und-qualitaet.jpg","width":1000,"height":563,"caption":"Das Winner-Team: Weleda AG (Bild: Mediaktion)"},{"@type":"BreadcrumbList","@id":"https:\/\/www.m-q.ch\/weleda-gewinnt-swiss-ethics-award\/#breadcrumb","itemListElement":[{"@type":"ListItem","position":1,"name":"Business Excellence","item":"https:\/\/www.m-q.ch\/kategorie\/business_excellence\/"},{"@type":"ListItem","position":2,"name":"Weleda gewinnt Swiss Ethics Award"}]},{"@type":"WebSite","@id":"https:\/\/www.m-q.ch\/fr\/#website","url":"https:\/\/www.m-q.ch\/fr\/","name":"Gestion et qualit\u00e9 du QM","description":"Plate-forme pour les syst\u00e8mes de gestion int\u00e9gr\u00e9e.","publisher":{"@id":"https:\/\/www.m-q.ch\/fr\/#organization"},"potentialAction":[{"@type":"SearchAction","target":{"@type":"EntryPoint","urlTemplate":"https:\/\/www.m-q.ch\/fr\/?s={search_term_string}"},"query-input":{"@type":"PropertyValueSpecification","valueRequired":true,"valueName":"search_term_string"}}],"inLanguage":"fr-FR"},{"@type":"Organization","@id":"https:\/\/www.m-q.ch\/fr\/#organization","name":"Galledia Trade Media AG","url":"https:\/\/www.m-q.ch\/fr\/","logo":{"@type":"ImageObject","inLanguage":"fr-FR","@id":"https:\/\/www.m-q.ch\/fr\/#\/schema\/logo\/image\/","url":"https:\/\/www.m-q.ch\/wp-content\/uploads\/2020\/12\/cropped-logo_small.png","contentUrl":"https:\/\/www.m-q.ch\/wp-content\/uploads\/2020\/12\/cropped-logo_small.png","width":512,"height":512,"caption":"Galledia Fachmedien AG"},"image":{"@id":"https:\/\/www.m-q.ch\/fr\/#\/schema\/logo\/image\/"},"sameAs":["https:\/\/www.facebook.com\/ManagementUndQualitaet","https:\/\/www.linkedin.com\/showcase\/17982321\/admin\/"]},{"@type":"Person","@id":"https:\/\/www.m-q.ch\/fr\/#\/schema\/person\/c0139a2c55a374db6df2cde78ec87148","name":"galledia","image":{"@type":"ImageObject","inLanguage":"fr-FR","@id":"https:\/\/www.m-q.ch\/fr\/#\/schema\/person\/image\/","url":"https:\/\/secure.gravatar.com\/avatar\/66edf527eac29e9a5eb25bcada01f61a?s=96&d=mm&r=g","contentUrl":"https:\/\/secure.gravatar.com\/avatar\/66edf527eac29e9a5eb25bcada01f61a?s=96&d=mm&r=g","caption":"galledia"},"url":"https:\/\/www.m-q.ch\/fr\/author\/galledia\/"}]}},"_links":{"self":[{"href":"https:\/\/www.m-q.ch\/fr\/wp-json\/wp\/v2\/posts\/392","targetHints":{"allow":["GET"]}}],"collection":[{"href":"https:\/\/www.m-q.ch\/fr\/wp-json\/wp\/v2\/posts"}],"about":[{"href":"https:\/\/www.m-q.ch\/fr\/wp-json\/wp\/v2\/types\/post"}],"author":[{"embeddable":true,"href":"https:\/\/www.m-q.ch\/fr\/wp-json\/wp\/v2\/users\/1"}],"replies":[{"embeddable":true,"href":"https:\/\/www.m-q.ch\/fr\/wp-json\/wp\/v2\/comments?post=392"}],"version-history":[{"count":2,"href":"https:\/\/www.m-q.ch\/fr\/wp-json\/wp\/v2\/posts\/392\/revisions"}],"predecessor-version":[{"id":1151,"href":"https:\/\/www.m-q.ch\/fr\/wp-json\/wp\/v2\/posts\/392\/revisions\/1151"}],"wp:featuredmedia":[{"embeddable":true,"href":"https:\/\/www.m-q.ch\/fr\/wp-json\/wp\/v2\/media\/250"}],"wp:attachment":[{"href":"https:\/\/www.m-q.ch\/fr\/wp-json\/wp\/v2\/media?parent=392"}],"wp:term":[{"taxonomy":"category","embeddable":true,"href":"https:\/\/www.m-q.ch\/fr\/wp-json\/wp\/v2\/categories?post=392"},{"taxonomy":"post_tag","embeddable":true,"href":"https:\/\/www.m-q.ch\/fr\/wp-json\/wp\/v2\/tags?post=392"}],"curies":[{"name":"wp","href":"https:\/\/api.w.org\/{rel}","templated":true}]}}