{"id":400,"date":"2016-05-03T13:36:49","date_gmt":"2016-05-03T11:36:49","guid":{"rendered":"http:\/\/dev.m-q.ch\/?p=400"},"modified":"2017-03-01T13:58:11","modified_gmt":"2017-03-01T12:58:11","slug":"deuxieme-forum-de-leconomie-numerique-sur-les-mondes-off-et-online","status":"publish","type":"post","link":"https:\/\/www.m-q.ch\/fr\/zweites-digital-economic-forum-ueber-off-und-online-welten\/","title":{"rendered":"Deuxi\u00e8me forum \u00e9conomique num\u00e9rique sur les mondes hors ligne et en ligne"},"content":{"rendered":"<figure id=\"attachment_259\" aria-describedby=\"caption-attachment-259\" style=\"width: 680px\" class=\"wp-caption alignnone\"><a href=\"https:\/\/m-q.ch\/wp-content\/uploads\/2016\/12\/Zweites-Digital-Economic-Forum-\u00fcber-Off-und-Online-Welten-management-und-qualitaet.jpg\"><img loading=\"lazy\" decoding=\"async\" class=\"wp-image-259 size-medium\" src=\"https:\/\/www.m-q.ch\/wp-content\/uploads\/2016\/12\/Zweites-Digital-Economic-Forum-\u00fcber-Off-und-Online-Welten-management-und-qualitaet-680x455.jpg\" width=\"680\" height=\"455\" srcset=\"https:\/\/www.m-q.ch\/wp-content\/uploads\/2016\/12\/Zweites-Digital-Economic-Forum-\u00fcber-Off-und-Online-Welten-management-und-qualitaet-680x455.jpg 680w, https:\/\/www.m-q.ch\/wp-content\/uploads\/2016\/12\/Zweites-Digital-Economic-Forum-\u00fcber-Off-und-Online-Welten-management-und-qualitaet-768x514.jpg 768w, https:\/\/www.m-q.ch\/wp-content\/uploads\/2016\/12\/Zweites-Digital-Economic-Forum-\u00fcber-Off-und-Online-Welten-management-und-qualitaet-16x12.jpg 16w, https:\/\/www.m-q.ch\/wp-content\/uploads\/2016\/12\/Zweites-Digital-Economic-Forum-\u00fcber-Off-und-Online-Welten-management-und-qualitaet-262x175.jpg 262w, https:\/\/www.m-q.ch\/wp-content\/uploads\/2016\/12\/Zweites-Digital-Economic-Forum-\u00fcber-Off-und-Online-Welten-management-und-qualitaet-523x350.jpg 523w, https:\/\/www.m-q.ch\/wp-content\/uploads\/2016\/12\/Zweites-Digital-Economic-Forum-\u00fcber-Off-und-Online-Welten-management-und-qualitaet-1196x800.jpg 1196w, https:\/\/www.m-q.ch\/wp-content\/uploads\/2016\/12\/Zweites-Digital-Economic-Forum-\u00fcber-Off-und-Online-Welten-management-und-qualitaet-920x615.jpg 920w, https:\/\/www.m-q.ch\/wp-content\/uploads\/2016\/12\/Zweites-Digital-Economic-Forum-\u00fcber-Off-und-Online-Welten-management-und-qualitaet-1400x936.jpg 1400w, https:\/\/www.m-q.ch\/wp-content\/uploads\/2016\/12\/Zweites-Digital-Economic-Forum-\u00fcber-Off-und-Online-Welten-management-und-qualitaet-300x201.jpg 300w, https:\/\/www.m-q.ch\/wp-content\/uploads\/2016\/12\/Zweites-Digital-Economic-Forum-\u00fcber-Off-und-Online-Welten-management-und-qualitaet-1024x685.jpg 1024w, https:\/\/www.m-q.ch\/wp-content\/uploads\/2016\/12\/Zweites-Digital-Economic-Forum-\u00fcber-Off-und-Online-Welten-management-und-qualitaet-624x417.jpg 624w, https:\/\/www.m-q.ch\/wp-content\/uploads\/2016\/12\/Zweites-Digital-Economic-Forum-\u00fcber-Off-und-Online-Welten-management-und-qualitaet.jpg 1500w\" sizes=\"auto, (max-width: 680px) 100vw, 680px\" \/><\/a><figcaption id=\"caption-attachment-259\" class=\"wp-caption-text\">\"La vie priv\u00e9e est morte\" - selon Erik Qualman au Forum \u00e9conomique num\u00e9rique. (Photo : zVg)<\/figcaption><\/figure>\n<blockquote><p>Andreas Staub, \u00e9conomiste comportemental : \"Pour que les gens restent des gens en ligne\".<\/p><\/blockquote>\n<p>La Suisse conna\u00eet \u00e9galement une \u00e9volution technologique exponentielle. Les orateurs et le public sp\u00e9cialis\u00e9 du deuxi\u00e8me Forum \u00e9conomique num\u00e9rique (DEF) au Park Hyatt de Zurich ont convenu que l'\u00e9conomie et la soci\u00e9t\u00e9 sont en pleine mutation num\u00e9rique. Le DEF, qui a attir\u00e9 plus de 200 parties int\u00e9ress\u00e9es pendant deux jours fin avril 2016, se consid\u00e8re comme une mise \u00e0 jour sur les innovations et les cons\u00e9quences importantes de la num\u00e9risation.<\/p>\n<p>Pour le futurologue Gerd Leonhard, il ne fait aucun doute que la technologie \u00e9volue de mani\u00e8re exponentielle. La science-fiction devient de plus en plus une r\u00e9alit\u00e9 scientifique. Dans cinq ans, a pr\u00e9dit Leonhard, un ordinateur aura la capacit\u00e9 d'un cerveau humain. Le monde changera plus dans les 20 prochaines ann\u00e9es que lors des trois derni\u00e8res r\u00e9volutions \u00e9conomiques.<\/p>\n<p><strong>Existence hors ligne\/en ligne<\/strong><\/p>\n<p>Les domaines hors ligne et en ligne deviennent \u00e9galement de plus en plus importants, afin de permettre une saine autod\u00e9termination \u00e0 la maison comme dans l'entreprise. Les effets indirects de la num\u00e9risation sont plus importants que pr\u00e9vu, par exemple en mati\u00e8re de mobilit\u00e9 autonome sur le march\u00e9 du travail et de l'immobilier. Pour l'auteur de romans policiers allemand Veit Etzold, il est clair que le monde num\u00e9rique suscite de moins en moins d'int\u00e9r\u00eat. Une r\u00e9capitulation d'un seul auteur en faveur de domaines de relations publiques tels que le r\u00e9cit ?<\/p>\n<p><strong>Donn\u00e9es importantes et consommateurs 2.0<\/strong><\/p>\n<p>Le sp\u00e9cialiste de la communication Julius Van de Laar a expliqu\u00e9 sa strat\u00e9gie pour la campagne \u00e9lectorale r\u00e9ussie du pr\u00e9sident am\u00e9ricain Barack Obama en 2012, qui s'appuie sur les Big Data et les outils de gestion int\u00e9gr\u00e9e des campagnes. \"Quoi qu'ils fassent, il faut absolument rester authentique, m\u00eame sur les m\u00e9dias sociaux\", a conclu M. Van de Laar. La science-fiction est une r\u00e9alit\u00e9 aujourd'hui, a \u00e9galement d\u00e9clar\u00e9 le consultant Kamales Lardi, sp\u00e9cialiste des perturbations et des transformations num\u00e9riques.<\/p>\n<p>Elle a pr\u00e9sent\u00e9 le \"consommateur perturbateur 2.0\" et d'autres tendances technologiques. Le consommateur a beaucoup chang\u00e9 avec les innovations techniques. La question est maintenant de savoir dans quelle mesure les producteurs, les entreprises, ont \u00e9galement chang\u00e9. Les industries sont entra\u00een\u00e9es dans une temp\u00eate num\u00e9rique, et les entreprises qui traversent cette temp\u00eate agissent en fonction du consommateur et ont un impact majeur sur le d\u00e9veloppement \u00e9conomique futur - d\u00e9clare Kamales Lardi.<\/p>\n<p><strong>Faire face \u00e0 l'avenir ?<\/strong><\/p>\n<p>Andreas Krebs, pr\u00e9sident de MERZ Pharmaceuticals, a fait remarquer qu'\u00e0 l'heure actuelle, aucun PDG des grandes entreprises pharmaceutiques ne pouvait dire de mani\u00e8re convaincante que son entreprise avait une strat\u00e9gie num\u00e9rique. Il consid\u00e8re qu'il est tr\u00e8s important que les entreprises pharmaceutiques guident les patients dans le monde num\u00e9rique et les am\u00e8nent au m\u00e9decin par ce biais. L'\u00e9conomiste comportemental Andreas Staub a confront\u00e9 les participants \u00e0 des d\u00e9cisions non rationnelles. Il a not\u00e9 que les pr\u00e9f\u00e9rences sociales restent prononc\u00e9es et que l'anonymat num\u00e9rique n'est pas pertinent : \"Les gens restent donc des gens en ligne\".<\/p>\n<p>D'autres sujets et th\u00e8ses int\u00e9ressants du deuxi\u00e8me forum \u00e9conomique num\u00e9rique peuvent \u00eatre trouv\u00e9s \u00e0 l'adresse suivante <a href=\"http:\/\/www.digitaleconomicforum.ch\" target=\"_blank\" data-cke-saved-href=\"http:\/\/www.digitaleconomicforum.ch\">www.digitaleconomicforum.ch<\/a><\/p>","protected":false},"excerpt":{"rendered":"<p>Andreas Staub, Verhaltens\u00f6konom: \u201eDer Mensch bleibt also auch online ein Mensch.\u201c Auch die Schweiz befindet sich in einem exponentiellen technologischen Wandel. Referentinnen und Referenten sowie das Fachpublikum am zweiten Digital Economic Forum (abgek.: DEF) waren sich im Park Hyatt Zurich einig, dass sich Wirtschaft und Gesellschaft in einem digitalen Umbruch befinden. Das DEF, das ende [&hellip;]<\/p>\n","protected":false},"author":1,"featured_media":259,"comment_status":"open","ping_status":"open","sticky":false,"template":"","format":"standard","meta":{"_acf_changed":false,"footnotes":""},"categories":[1],"tags":[3342],"class_list":["post-400","post","type-post","status-publish","format-standard","has-post-thumbnail","hentry","category-unkategorisiert","tag-fachkongressfachmesse"],"acf":[],"yoast_head":"<!-- This site is optimized with the Yoast SEO plugin v26.2 - https:\/\/yoast.com\/wordpress\/plugins\/seo\/ -->\n<title>Zweites Digital Economic Forum \u00fcber Off- und Online-Welten - MQ Management und Qualit\u00e4t<\/title>\n<meta name=\"description\" content=\"Zweites Digital Economic Forum: Die digitale Transformation und disruptive Markttendenzen zeichnen sich positiv wie auch negativ auf die CH-Wirtschaft ab.\" \/>\n<meta name=\"robots\" content=\"index, follow, max-snippet:-1, max-image-preview:large, max-video-preview:-1\" \/>\n<link rel=\"canonical\" href=\"https:\/\/www.m-q.ch\/fr\/deuxieme-forum-de-leconomie-numerique-sur-les-mondes-off-et-online\/\" \/>\n<meta property=\"og:locale\" content=\"fr_FR\" \/>\n<meta property=\"og:type\" content=\"article\" \/>\n<meta property=\"og:title\" content=\"Zweites Digital Economic Forum \u00fcber Off- und Online-Welten - MQ Management und Qualit\u00e4t\" \/>\n<meta property=\"og:description\" content=\"Zweites Digital Economic Forum: Die digitale Transformation und disruptive Markttendenzen zeichnen sich positiv wie auch negativ auf die CH-Wirtschaft ab.\" \/>\n<meta property=\"og:url\" content=\"https:\/\/www.m-q.ch\/fr\/deuxieme-forum-de-leconomie-numerique-sur-les-mondes-off-et-online\/\" \/>\n<meta property=\"og:site_name\" content=\"MQ Management und Qualit\u00e4t\" \/>\n<meta property=\"article:publisher\" content=\"https:\/\/www.facebook.com\/ManagementUndQualitaet\" \/>\n<meta property=\"article:published_time\" content=\"2016-05-03T11:36:49+00:00\" \/>\n<meta property=\"article:modified_time\" content=\"2017-03-01T12:58:11+00:00\" \/>\n<meta property=\"og:image\" content=\"https:\/\/www.m-q.ch\/wp-content\/uploads\/2016\/12\/Zweites-Digital-Economic-Forum-\u00fcber-Off-und-Online-Welten-management-und-qualitaet.jpg\" \/>\n\t<meta property=\"og:image:width\" content=\"1500\" \/>\n\t<meta property=\"og:image:height\" content=\"1003\" \/>\n\t<meta property=\"og:image:type\" content=\"image\/jpeg\" \/>\n<meta name=\"author\" content=\"galledia\" \/>\n<meta name=\"twitter:card\" content=\"summary_large_image\" \/>\n<meta name=\"twitter:label1\" content=\"\u00c9crit par\" \/>\n\t<meta name=\"twitter:data1\" content=\"galledia\" \/>\n\t<meta name=\"twitter:label2\" content=\"Dur\u00e9e de lecture estim\u00e9e\" \/>\n\t<meta name=\"twitter:data2\" content=\"2 minutes\" \/>\n<script type=\"application\/ld+json\" class=\"yoast-schema-graph\">{\"@context\":\"https:\/\/schema.org\",\"@graph\":[{\"@type\":\"Article\",\"@id\":\"https:\/\/www.m-q.ch\/de\/zweites-digital-economic-forum-ueber-off-und-online-welten\/#article\",\"isPartOf\":{\"@id\":\"https:\/\/www.m-q.ch\/de\/zweites-digital-economic-forum-ueber-off-und-online-welten\/\"},\"author\":{\"name\":\"galledia\",\"@id\":\"https:\/\/www.m-q.ch\/fr\/#\/schema\/person\/c0139a2c55a374db6df2cde78ec87148\"},\"headline\":\"Zweites Digital Economic Forum \u00fcber Off- und Online-Welten\",\"datePublished\":\"2016-05-03T11:36:49+00:00\",\"dateModified\":\"2017-03-01T12:58:11+00:00\",\"mainEntityOfPage\":{\"@id\":\"https:\/\/www.m-q.ch\/de\/zweites-digital-economic-forum-ueber-off-und-online-welten\/\"},\"wordCount\":482,\"commentCount\":0,\"publisher\":{\"@id\":\"https:\/\/www.m-q.ch\/fr\/#organization\"},\"image\":{\"@id\":\"https:\/\/www.m-q.ch\/de\/zweites-digital-economic-forum-ueber-off-und-online-welten\/#primaryimage\"},\"thumbnailUrl\":\"https:\/\/www.m-q.ch\/wp-content\/uploads\/2016\/12\/Zweites-Digital-Economic-Forum-\u00fcber-Off-und-Online-Welten-management-und-qualitaet.jpg\",\"keywords\":[\"Fachkongress\/Fachmesse\"],\"articleSection\":[\"Unkategorisiert\"],\"inLanguage\":\"fr-FR\"},{\"@type\":\"WebPage\",\"@id\":\"https:\/\/www.m-q.ch\/de\/zweites-digital-economic-forum-ueber-off-und-online-welten\/\",\"url\":\"https:\/\/www.m-q.ch\/de\/zweites-digital-economic-forum-ueber-off-und-online-welten\/\",\"name\":\"Zweites Digital Economic Forum \u00fcber Off- und Online-Welten - MQ Management und Qualit\u00e4t\",\"isPartOf\":{\"@id\":\"https:\/\/www.m-q.ch\/fr\/#website\"},\"primaryImageOfPage\":{\"@id\":\"https:\/\/www.m-q.ch\/de\/zweites-digital-economic-forum-ueber-off-und-online-welten\/#primaryimage\"},\"image\":{\"@id\":\"https:\/\/www.m-q.ch\/de\/zweites-digital-economic-forum-ueber-off-und-online-welten\/#primaryimage\"},\"thumbnailUrl\":\"https:\/\/www.m-q.ch\/wp-content\/uploads\/2016\/12\/Zweites-Digital-Economic-Forum-\u00fcber-Off-und-Online-Welten-management-und-qualitaet.jpg\",\"datePublished\":\"2016-05-03T11:36:49+00:00\",\"dateModified\":\"2017-03-01T12:58:11+00:00\",\"description\":\"Zweites Digital Economic Forum: Die digitale Transformation und disruptive Markttendenzen zeichnen sich positiv wie auch negativ auf die CH-Wirtschaft ab.\",\"breadcrumb\":{\"@id\":\"https:\/\/www.m-q.ch\/de\/zweites-digital-economic-forum-ueber-off-und-online-welten\/#breadcrumb\"},\"inLanguage\":\"fr-FR\",\"potentialAction\":[{\"@type\":\"ReadAction\",\"target\":[\"https:\/\/www.m-q.ch\/de\/zweites-digital-economic-forum-ueber-off-und-online-welten\/\"]}]},{\"@type\":\"ImageObject\",\"inLanguage\":\"fr-FR\",\"@id\":\"https:\/\/www.m-q.ch\/de\/zweites-digital-economic-forum-ueber-off-und-online-welten\/#primaryimage\",\"url\":\"https:\/\/www.m-q.ch\/wp-content\/uploads\/2016\/12\/Zweites-Digital-Economic-Forum-\u00fcber-Off-und-Online-Welten-management-und-qualitaet.jpg\",\"contentUrl\":\"https:\/\/www.m-q.ch\/wp-content\/uploads\/2016\/12\/Zweites-Digital-Economic-Forum-\u00fcber-Off-und-Online-Welten-management-und-qualitaet.jpg\",\"width\":1500,\"height\":1003,\"caption\":\"\\\"Privacy is dead\\\" - so Erik Qualman am Digital Economic Forum. (Foto: zVg)\"},{\"@type\":\"BreadcrumbList\",\"@id\":\"https:\/\/www.m-q.ch\/de\/zweites-digital-economic-forum-ueber-off-und-online-welten\/#breadcrumb\",\"itemListElement\":[{\"@type\":\"ListItem\",\"position\":1,\"name\":\"Unkategorisiert\",\"item\":\"https:\/\/www.m-q.ch\/it\/categoria\/senza-categoria\/\"},{\"@type\":\"ListItem\",\"position\":2,\"name\":\"Zweites Digital Economic Forum \u00fcber Off- und Online-Welten\"}]},{\"@type\":\"WebSite\",\"@id\":\"https:\/\/www.m-q.ch\/fr\/#website\",\"url\":\"https:\/\/www.m-q.ch\/fr\/\",\"name\":\"MQ Management und Qualit\u00e4t\",\"description\":\"Plattform f\u00fcr integrierte Managementsysteme.\",\"publisher\":{\"@id\":\"https:\/\/www.m-q.ch\/fr\/#organization\"},\"potentialAction\":[{\"@type\":\"SearchAction\",\"target\":{\"@type\":\"EntryPoint\",\"urlTemplate\":\"https:\/\/www.m-q.ch\/fr\/?s={search_term_string}\"},\"query-input\":{\"@type\":\"PropertyValueSpecification\",\"valueRequired\":true,\"valueName\":\"search_term_string\"}}],\"inLanguage\":\"fr-FR\"},{\"@type\":\"Organization\",\"@id\":\"https:\/\/www.m-q.ch\/fr\/#organization\",\"name\":\"Galledia Fachmedien AG\",\"url\":\"https:\/\/www.m-q.ch\/fr\/\",\"logo\":{\"@type\":\"ImageObject\",\"inLanguage\":\"fr-FR\",\"@id\":\"https:\/\/www.m-q.ch\/fr\/#\/schema\/logo\/image\/\",\"url\":\"https:\/\/www.m-q.ch\/wp-content\/uploads\/2020\/12\/cropped-logo_small.png\",\"contentUrl\":\"https:\/\/www.m-q.ch\/wp-content\/uploads\/2020\/12\/cropped-logo_small.png\",\"width\":512,\"height\":512,\"caption\":\"Galledia Fachmedien AG\"},\"image\":{\"@id\":\"https:\/\/www.m-q.ch\/fr\/#\/schema\/logo\/image\/\"},\"sameAs\":[\"https:\/\/www.facebook.com\/ManagementUndQualitaet\",\"https:\/\/www.linkedin.com\/showcase\/17982321\/admin\/\"]},{\"@type\":\"Person\",\"@id\":\"https:\/\/www.m-q.ch\/fr\/#\/schema\/person\/c0139a2c55a374db6df2cde78ec87148\",\"name\":\"galledia\",\"image\":{\"@type\":\"ImageObject\",\"inLanguage\":\"fr-FR\",\"@id\":\"https:\/\/www.m-q.ch\/fr\/#\/schema\/person\/image\/\",\"url\":\"https:\/\/secure.gravatar.com\/avatar\/66edf527eac29e9a5eb25bcada01f61a?s=96&d=mm&r=g\",\"contentUrl\":\"https:\/\/secure.gravatar.com\/avatar\/66edf527eac29e9a5eb25bcada01f61a?s=96&d=mm&r=g\",\"caption\":\"galledia\"},\"url\":\"https:\/\/www.m-q.ch\/fr\/author\/galledia\/\"}]}<\/script>\n<!-- \/ Yoast SEO plugin. -->","yoast_head_json":{"title":"Deuxi\u00e8me forum \u00e9conomique num\u00e9rique sur les mondes hors ligne et en ligne - Gestion et qualit\u00e9 du QM","description":"Deuxi\u00e8me forum \u00e9conomique num\u00e9rique : La transformation num\u00e9rique et les tendances perturbatrices du march\u00e9 ont un impact \u00e0 la fois positif et n\u00e9gatif sur l'\u00e9conomie suisse.","robots":{"index":"index","follow":"follow","max-snippet":"max-snippet:-1","max-image-preview":"max-image-preview:large","max-video-preview":"max-video-preview:-1"},"canonical":"https:\/\/www.m-q.ch\/fr\/deuxieme-forum-de-leconomie-numerique-sur-les-mondes-off-et-online\/","og_locale":"fr_FR","og_type":"article","og_title":"Zweites Digital Economic Forum \u00fcber Off- und Online-Welten - MQ Management und Qualit\u00e4t","og_description":"Zweites Digital Economic Forum: Die digitale Transformation und disruptive Markttendenzen zeichnen sich positiv wie auch negativ auf die CH-Wirtschaft ab.","og_url":"https:\/\/www.m-q.ch\/fr\/deuxieme-forum-de-leconomie-numerique-sur-les-mondes-off-et-online\/","og_site_name":"MQ Management und Qualit\u00e4t","article_publisher":"https:\/\/www.facebook.com\/ManagementUndQualitaet","article_published_time":"2016-05-03T11:36:49+00:00","article_modified_time":"2017-03-01T12:58:11+00:00","og_image":[{"width":1500,"height":1003,"url":"https:\/\/www.m-q.ch\/wp-content\/uploads\/2016\/12\/Zweites-Digital-Economic-Forum-\u00fcber-Off-und-Online-Welten-management-und-qualitaet.jpg","type":"image\/jpeg"}],"author":"galledia","twitter_card":"summary_large_image","twitter_misc":{"\u00c9crit par":"galledia","Dur\u00e9e de lecture estim\u00e9e":"2 minutes"},"schema":{"@context":"https:\/\/schema.org","@graph":[{"@type":"Article","@id":"https:\/\/www.m-q.ch\/de\/zweites-digital-economic-forum-ueber-off-und-online-welten\/#article","isPartOf":{"@id":"https:\/\/www.m-q.ch\/de\/zweites-digital-economic-forum-ueber-off-und-online-welten\/"},"author":{"name":"galledia","@id":"https:\/\/www.m-q.ch\/fr\/#\/schema\/person\/c0139a2c55a374db6df2cde78ec87148"},"headline":"Zweites Digital Economic Forum \u00fcber Off- und Online-Welten","datePublished":"2016-05-03T11:36:49+00:00","dateModified":"2017-03-01T12:58:11+00:00","mainEntityOfPage":{"@id":"https:\/\/www.m-q.ch\/de\/zweites-digital-economic-forum-ueber-off-und-online-welten\/"},"wordCount":482,"commentCount":0,"publisher":{"@id":"https:\/\/www.m-q.ch\/fr\/#organization"},"image":{"@id":"https:\/\/www.m-q.ch\/de\/zweites-digital-economic-forum-ueber-off-und-online-welten\/#primaryimage"},"thumbnailUrl":"https:\/\/www.m-q.ch\/wp-content\/uploads\/2016\/12\/Zweites-Digital-Economic-Forum-\u00fcber-Off-und-Online-Welten-management-und-qualitaet.jpg","keywords":["Fachkongress\/Fachmesse"],"articleSection":["Unkategorisiert"],"inLanguage":"fr-FR"},{"@type":"WebPage","@id":"https:\/\/www.m-q.ch\/de\/zweites-digital-economic-forum-ueber-off-und-online-welten\/","url":"https:\/\/www.m-q.ch\/de\/zweites-digital-economic-forum-ueber-off-und-online-welten\/","name":"Deuxi\u00e8me forum \u00e9conomique num\u00e9rique sur les mondes hors ligne et en ligne - Gestion et qualit\u00e9 du QM","isPartOf":{"@id":"https:\/\/www.m-q.ch\/fr\/#website"},"primaryImageOfPage":{"@id":"https:\/\/www.m-q.ch\/de\/zweites-digital-economic-forum-ueber-off-und-online-welten\/#primaryimage"},"image":{"@id":"https:\/\/www.m-q.ch\/de\/zweites-digital-economic-forum-ueber-off-und-online-welten\/#primaryimage"},"thumbnailUrl":"https:\/\/www.m-q.ch\/wp-content\/uploads\/2016\/12\/Zweites-Digital-Economic-Forum-\u00fcber-Off-und-Online-Welten-management-und-qualitaet.jpg","datePublished":"2016-05-03T11:36:49+00:00","dateModified":"2017-03-01T12:58:11+00:00","description":"Deuxi\u00e8me forum \u00e9conomique num\u00e9rique : La transformation num\u00e9rique et les tendances perturbatrices du march\u00e9 ont un impact \u00e0 la fois positif et n\u00e9gatif sur l'\u00e9conomie suisse.","breadcrumb":{"@id":"https:\/\/www.m-q.ch\/de\/zweites-digital-economic-forum-ueber-off-und-online-welten\/#breadcrumb"},"inLanguage":"fr-FR","potentialAction":[{"@type":"ReadAction","target":["https:\/\/www.m-q.ch\/de\/zweites-digital-economic-forum-ueber-off-und-online-welten\/"]}]},{"@type":"ImageObject","inLanguage":"fr-FR","@id":"https:\/\/www.m-q.ch\/de\/zweites-digital-economic-forum-ueber-off-und-online-welten\/#primaryimage","url":"https:\/\/www.m-q.ch\/wp-content\/uploads\/2016\/12\/Zweites-Digital-Economic-Forum-\u00fcber-Off-und-Online-Welten-management-und-qualitaet.jpg","contentUrl":"https:\/\/www.m-q.ch\/wp-content\/uploads\/2016\/12\/Zweites-Digital-Economic-Forum-\u00fcber-Off-und-Online-Welten-management-und-qualitaet.jpg","width":1500,"height":1003,"caption":"\"Privacy is dead\" - so Erik Qualman am Digital Economic Forum. (Foto: zVg)"},{"@type":"BreadcrumbList","@id":"https:\/\/www.m-q.ch\/de\/zweites-digital-economic-forum-ueber-off-und-online-welten\/#breadcrumb","itemListElement":[{"@type":"ListItem","position":1,"name":"Unkategorisiert","item":"https:\/\/www.m-q.ch\/it\/categoria\/senza-categoria\/"},{"@type":"ListItem","position":2,"name":"Zweites Digital Economic Forum \u00fcber Off- und Online-Welten"}]},{"@type":"WebSite","@id":"https:\/\/www.m-q.ch\/fr\/#website","url":"https:\/\/www.m-q.ch\/fr\/","name":"Gestion et qualit\u00e9 du QM","description":"Plate-forme pour les syst\u00e8mes de gestion int\u00e9gr\u00e9e.","publisher":{"@id":"https:\/\/www.m-q.ch\/fr\/#organization"},"potentialAction":[{"@type":"SearchAction","target":{"@type":"EntryPoint","urlTemplate":"https:\/\/www.m-q.ch\/fr\/?s={search_term_string}"},"query-input":{"@type":"PropertyValueSpecification","valueRequired":true,"valueName":"search_term_string"}}],"inLanguage":"fr-FR"},{"@type":"Organization","@id":"https:\/\/www.m-q.ch\/fr\/#organization","name":"Galledia Trade Media AG","url":"https:\/\/www.m-q.ch\/fr\/","logo":{"@type":"ImageObject","inLanguage":"fr-FR","@id":"https:\/\/www.m-q.ch\/fr\/#\/schema\/logo\/image\/","url":"https:\/\/www.m-q.ch\/wp-content\/uploads\/2020\/12\/cropped-logo_small.png","contentUrl":"https:\/\/www.m-q.ch\/wp-content\/uploads\/2020\/12\/cropped-logo_small.png","width":512,"height":512,"caption":"Galledia Fachmedien AG"},"image":{"@id":"https:\/\/www.m-q.ch\/fr\/#\/schema\/logo\/image\/"},"sameAs":["https:\/\/www.facebook.com\/ManagementUndQualitaet","https:\/\/www.linkedin.com\/showcase\/17982321\/admin\/"]},{"@type":"Person","@id":"https:\/\/www.m-q.ch\/fr\/#\/schema\/person\/c0139a2c55a374db6df2cde78ec87148","name":"galledia","image":{"@type":"ImageObject","inLanguage":"fr-FR","@id":"https:\/\/www.m-q.ch\/fr\/#\/schema\/person\/image\/","url":"https:\/\/secure.gravatar.com\/avatar\/66edf527eac29e9a5eb25bcada01f61a?s=96&d=mm&r=g","contentUrl":"https:\/\/secure.gravatar.com\/avatar\/66edf527eac29e9a5eb25bcada01f61a?s=96&d=mm&r=g","caption":"galledia"},"url":"https:\/\/www.m-q.ch\/fr\/author\/galledia\/"}]}},"_links":{"self":[{"href":"https:\/\/www.m-q.ch\/fr\/wp-json\/wp\/v2\/posts\/400","targetHints":{"allow":["GET"]}}],"collection":[{"href":"https:\/\/www.m-q.ch\/fr\/wp-json\/wp\/v2\/posts"}],"about":[{"href":"https:\/\/www.m-q.ch\/fr\/wp-json\/wp\/v2\/types\/post"}],"author":[{"embeddable":true,"href":"https:\/\/www.m-q.ch\/fr\/wp-json\/wp\/v2\/users\/1"}],"replies":[{"embeddable":true,"href":"https:\/\/www.m-q.ch\/fr\/wp-json\/wp\/v2\/comments?post=400"}],"version-history":[{"count":3,"href":"https:\/\/www.m-q.ch\/fr\/wp-json\/wp\/v2\/posts\/400\/revisions"}],"predecessor-version":[{"id":1146,"href":"https:\/\/www.m-q.ch\/fr\/wp-json\/wp\/v2\/posts\/400\/revisions\/1146"}],"wp:featuredmedia":[{"embeddable":true,"href":"https:\/\/www.m-q.ch\/fr\/wp-json\/wp\/v2\/media\/259"}],"wp:attachment":[{"href":"https:\/\/www.m-q.ch\/fr\/wp-json\/wp\/v2\/media?parent=400"}],"wp:term":[{"taxonomy":"category","embeddable":true,"href":"https:\/\/www.m-q.ch\/fr\/wp-json\/wp\/v2\/categories?post=400"},{"taxonomy":"post_tag","embeddable":true,"href":"https:\/\/www.m-q.ch\/fr\/wp-json\/wp\/v2\/tags?post=400"}],"curies":[{"name":"wp","href":"https:\/\/api.w.org\/{rel}","templated":true}]}}