{"id":406,"date":"2016-05-09T13:39:42","date_gmt":"2016-05-09T11:39:42","guid":{"rendered":"http:\/\/dev.m-q.ch\/?p=406"},"modified":"2017-03-01T13:55:26","modified_gmt":"2017-03-01T12:55:26","slug":"groupe-parlementaire-sur-la-durabilite-numerique-parldigi","status":"publish","type":"post","link":"https:\/\/www.m-q.ch\/fr\/parlamentarische-gruppe-digitale-nachhaltigkeit-parldigi\/","title":{"rendered":"Groupe parlementaire sur la viabilit\u00e9 num\u00e9rique \"Parldigi"},"content":{"rendered":"<figure id=\"attachment_193\" aria-describedby=\"caption-attachment-193\" style=\"width: 680px\" class=\"wp-caption alignnone\"><a href=\"https:\/\/m-q.ch\/wp-content\/uploads\/2016\/12\/Parlamentarische-Gruppe-Digitale-Nachhaltigkeit-Parldigi-management-und-qualitaet.jpg\"><img loading=\"lazy\" decoding=\"async\" class=\"wp-image-193 size-medium\" src=\"https:\/\/www.m-q.ch\/wp-content\/uploads\/2016\/12\/Parlamentarische-Gruppe-Digitale-Nachhaltigkeit-Parldigi-management-und-qualitaet-680x627.jpg\" width=\"680\" height=\"627\" srcset=\"https:\/\/www.m-q.ch\/wp-content\/uploads\/2016\/12\/Parlamentarische-Gruppe-Digitale-Nachhaltigkeit-Parldigi-management-und-qualitaet-680x627.jpg 680w, https:\/\/www.m-q.ch\/wp-content\/uploads\/2016\/12\/Parlamentarische-Gruppe-Digitale-Nachhaltigkeit-Parldigi-management-und-qualitaet-13x12.jpg 13w, https:\/\/www.m-q.ch\/wp-content\/uploads\/2016\/12\/Parlamentarische-Gruppe-Digitale-Nachhaltigkeit-Parldigi-management-und-qualitaet-190x175.jpg 190w, https:\/\/www.m-q.ch\/wp-content\/uploads\/2016\/12\/Parlamentarische-Gruppe-Digitale-Nachhaltigkeit-Parldigi-management-und-qualitaet-379x350.jpg 379w, https:\/\/www.m-q.ch\/wp-content\/uploads\/2016\/12\/Parlamentarische-Gruppe-Digitale-Nachhaltigkeit-Parldigi-management-und-qualitaet-300x277.jpg 300w, https:\/\/www.m-q.ch\/wp-content\/uploads\/2016\/12\/Parlamentarische-Gruppe-Digitale-Nachhaltigkeit-Parldigi-management-und-qualitaet-624x576.jpg 624w, https:\/\/www.m-q.ch\/wp-content\/uploads\/2016\/12\/Parlamentarische-Gruppe-Digitale-Nachhaltigkeit-Parldigi-management-und-qualitaet.jpg 737w\" sizes=\"auto, (max-width: 680px) 100vw, 680px\" \/><\/a><figcaption id=\"caption-attachment-193\" class=\"wp-caption-text\">Franz Gr\u00fcter, conseiller national et pr\u00e9sident de l'UDC du canton de Lucerne<\/figcaption><\/figure>\n<p>Franz Gr\u00fcter a \u00e9t\u00e9 \u00e9lu nouveau copr\u00e9sident de Parldigi par l'\u00e9quipe centrale du groupe parlementaire sur la viabilit\u00e9 num\u00e9rique. Il succ\u00e8de \u00e0 Christian Wasserfallen (conseiller national FDP, Berne), qui se retire apr\u00e8s sept ann\u00e9es fructueuses aux c\u00f4t\u00e9s d'Edith Graf-Litscher (conseill\u00e8re nationale SP, Thurgovie), mais restera actif au sein de l'\u00e9quipe de base.<\/p>\n<p>Comme auparavant, l'\u00e9quipe centrale comprend \u00e9galement Balthasar Gl\u00e4ttli (conseiller national du Parti des Verts, Zurich), Rosmarie Quadranti (conseiller national du BDP, Zurich), Kathy Riklin (conseiller national du PDC, Zurich) et Thomas Weibel (conseiller national du GLP, Zurich).<\/p>\n<p>Avec la copr\u00e9sidente Edith Graf-Litscher, Franz Gr\u00fcter pr\u00e9sidera Parldigi. Franz Gr\u00fcter est membre du Conseil national et pr\u00e9sident de l'UDC du canton de Lucerne. Sur le plan professionnel, il est PDG et pr\u00e9sident du conseil d'administration du groupe green.ch depuis 2008. D\u00e9but 2016, il a c\u00e9d\u00e9 son poste de CEO de green.ch afin de pouvoir se consacrer davantage \u00e0 son mandat au Conseil national, mais il reste pr\u00e9sident du conseil d'administration. En tant qu'entrepreneur informatique de longue date et bien connect\u00e9, il est \u00e9galement membre du conseil d'administration de l'organisation fa\u00eeti\u00e8re ICTswitzerland.<\/p>\n<p>Il est motiv\u00e9 dans son nouveau r\u00f4le de copr\u00e9sident de Parldigi : \"La num\u00e9risation de notre soci\u00e9t\u00e9 est plus importante que jamais, mais le Parlement est souvent \u00e0 la tra\u00eene par rapport aux changements technologiques. C'est pourquoi je veux travailler au-del\u00e0 des lignes de parti \u00e0 Parldigi pour des politiques num\u00e9riques durables\".<\/p>\n<p><a href=\"http:\/\/www.digitale-nachhaltigkeit.ch\" target=\"_blank\" data-cke-saved-href=\"http:\/\/www.digitale-nachhaltigkeit.ch\">http:\/\/www.digitale-nachhaltigkeit.ch<\/a><\/p>","protected":false},"excerpt":{"rendered":"<p>Franz Gr\u00fcter ist durch das Kernteam der Parlamentarischen Gruppe Digitale Nachhaltigkeit zum neuen Co-Pr\u00e4sidenten von Parldigi gew\u00e4hlt worden. Er \u00fcbernimmt den Platz von Christian Wasserfallen (Nationalrat FDP, Bern), der nach sieben erfolgreichen Jahren sein Amt an der Seite von Edith Graf-Litscher (Nationalr\u00e4tin SP, Thurgau) abgibt, aber weiterhin im Kernteam aktiv bleibt. Im Kernteam sind wie [&hellip;]<\/p>\n","protected":false},"author":1,"featured_media":193,"comment_status":"open","ping_status":"open","sticky":false,"template":"","format":"standard","meta":{"_acf_changed":false,"footnotes":""},"categories":[1],"tags":[3335],"class_list":["post-406","post","type-post","status-publish","format-standard","has-post-thumbnail","hentry","category-unkategorisiert","tag-personalia"],"acf":[],"yoast_head":"<!-- This site is optimized with the Yoast SEO plugin v26.2 - https:\/\/yoast.com\/wordpress\/plugins\/seo\/ -->\n<title>Parlamentarische Gruppe Digitale Nachhaltigkeit \u201eParldigi\u201c - MQ Management und Qualit\u00e4t<\/title>\n<meta name=\"description\" content=\"Nach einem ersten Wechsel im Pr\u00e4sidium seit 7 Jahren ist Franz Gr\u00fcter (Nationalrat SVP, Luzern) neuer Co-Pr\u00e4sident von Parldigi.\" \/>\n<meta name=\"robots\" content=\"index, follow, max-snippet:-1, max-image-preview:large, max-video-preview:-1\" \/>\n<link rel=\"canonical\" href=\"https:\/\/www.m-q.ch\/fr\/groupe-parlementaire-digital-sustainability-parldigi\/\" \/>\n<meta property=\"og:locale\" content=\"fr_FR\" \/>\n<meta property=\"og:type\" content=\"article\" \/>\n<meta property=\"og:title\" content=\"Parlamentarische Gruppe Digitale Nachhaltigkeit \u201eParldigi\u201c - MQ Management und Qualit\u00e4t\" \/>\n<meta property=\"og:description\" content=\"Nach einem ersten Wechsel im Pr\u00e4sidium seit 7 Jahren ist Franz Gr\u00fcter (Nationalrat SVP, Luzern) neuer Co-Pr\u00e4sident von Parldigi.\" \/>\n<meta property=\"og:url\" content=\"https:\/\/www.m-q.ch\/fr\/groupe-parlementaire-digital-sustainability-parldigi\/\" \/>\n<meta property=\"og:site_name\" content=\"MQ Management und Qualit\u00e4t\" \/>\n<meta property=\"article:publisher\" content=\"https:\/\/www.facebook.com\/ManagementUndQualitaet\" \/>\n<meta property=\"article:published_time\" content=\"2016-05-09T11:39:42+00:00\" \/>\n<meta property=\"article:modified_time\" content=\"2017-03-01T12:55:26+00:00\" \/>\n<meta property=\"og:image\" content=\"https:\/\/www.m-q.ch\/wp-content\/uploads\/2016\/12\/Parlamentarische-Gruppe-Digitale-Nachhaltigkeit-Parldigi-management-und-qualitaet.jpg\" \/>\n\t<meta property=\"og:image:width\" content=\"737\" \/>\n\t<meta property=\"og:image:height\" content=\"680\" \/>\n\t<meta property=\"og:image:type\" content=\"image\/jpeg\" \/>\n<meta name=\"author\" content=\"galledia\" \/>\n<meta name=\"twitter:card\" content=\"summary_large_image\" \/>\n<meta name=\"twitter:label1\" content=\"\u00c9crit par\" \/>\n\t<meta name=\"twitter:data1\" content=\"galledia\" \/>\n\t<meta name=\"twitter:label2\" content=\"Dur\u00e9e de lecture estim\u00e9e\" \/>\n\t<meta name=\"twitter:data2\" content=\"1 minute\" \/>\n<script type=\"application\/ld+json\" class=\"yoast-schema-graph\">{\"@context\":\"https:\/\/schema.org\",\"@graph\":[{\"@type\":\"Article\",\"@id\":\"https:\/\/www.m-q.ch\/en\/parliamentary-group-digital-sustainability-parldigi\/#article\",\"isPartOf\":{\"@id\":\"https:\/\/www.m-q.ch\/en\/parliamentary-group-digital-sustainability-parldigi\/\"},\"author\":{\"name\":\"galledia\",\"@id\":\"https:\/\/www.m-q.ch\/fr\/#\/schema\/person\/c0139a2c55a374db6df2cde78ec87148\"},\"headline\":\"Parlamentarische Gruppe Digitale Nachhaltigkeit \u201eParldigi\u201c\",\"datePublished\":\"2016-05-09T11:39:42+00:00\",\"dateModified\":\"2017-03-01T12:55:26+00:00\",\"mainEntityOfPage\":{\"@id\":\"https:\/\/www.m-q.ch\/en\/parliamentary-group-digital-sustainability-parldigi\/\"},\"wordCount\":237,\"commentCount\":0,\"publisher\":{\"@id\":\"https:\/\/www.m-q.ch\/fr\/#organization\"},\"image\":{\"@id\":\"https:\/\/www.m-q.ch\/en\/parliamentary-group-digital-sustainability-parldigi\/#primaryimage\"},\"thumbnailUrl\":\"https:\/\/www.m-q.ch\/wp-content\/uploads\/2016\/12\/Parlamentarische-Gruppe-Digitale-Nachhaltigkeit-Parldigi-management-und-qualitaet.jpg\",\"keywords\":[\"Personalia\"],\"articleSection\":[\"Unkategorisiert\"],\"inLanguage\":\"fr-FR\"},{\"@type\":\"WebPage\",\"@id\":\"https:\/\/www.m-q.ch\/en\/parliamentary-group-digital-sustainability-parldigi\/\",\"url\":\"https:\/\/www.m-q.ch\/en\/parliamentary-group-digital-sustainability-parldigi\/\",\"name\":\"Parlamentarische Gruppe Digitale Nachhaltigkeit \u201eParldigi\u201c - MQ Management und Qualit\u00e4t\",\"isPartOf\":{\"@id\":\"https:\/\/www.m-q.ch\/fr\/#website\"},\"primaryImageOfPage\":{\"@id\":\"https:\/\/www.m-q.ch\/en\/parliamentary-group-digital-sustainability-parldigi\/#primaryimage\"},\"image\":{\"@id\":\"https:\/\/www.m-q.ch\/en\/parliamentary-group-digital-sustainability-parldigi\/#primaryimage\"},\"thumbnailUrl\":\"https:\/\/www.m-q.ch\/wp-content\/uploads\/2016\/12\/Parlamentarische-Gruppe-Digitale-Nachhaltigkeit-Parldigi-management-und-qualitaet.jpg\",\"datePublished\":\"2016-05-09T11:39:42+00:00\",\"dateModified\":\"2017-03-01T12:55:26+00:00\",\"description\":\"Nach einem ersten Wechsel im Pr\u00e4sidium seit 7 Jahren ist Franz Gr\u00fcter (Nationalrat SVP, Luzern) neuer Co-Pr\u00e4sident von Parldigi.\",\"breadcrumb\":{\"@id\":\"https:\/\/www.m-q.ch\/en\/parliamentary-group-digital-sustainability-parldigi\/#breadcrumb\"},\"inLanguage\":\"fr-FR\",\"potentialAction\":[{\"@type\":\"ReadAction\",\"target\":[\"https:\/\/www.m-q.ch\/en\/parliamentary-group-digital-sustainability-parldigi\/\"]}]},{\"@type\":\"ImageObject\",\"inLanguage\":\"fr-FR\",\"@id\":\"https:\/\/www.m-q.ch\/en\/parliamentary-group-digital-sustainability-parldigi\/#primaryimage\",\"url\":\"https:\/\/www.m-q.ch\/wp-content\/uploads\/2016\/12\/Parlamentarische-Gruppe-Digitale-Nachhaltigkeit-Parldigi-management-und-qualitaet.jpg\",\"contentUrl\":\"https:\/\/www.m-q.ch\/wp-content\/uploads\/2016\/12\/Parlamentarische-Gruppe-Digitale-Nachhaltigkeit-Parldigi-management-und-qualitaet.jpg\",\"width\":737,\"height\":680,\"caption\":\"Franz Gr\u00fcter, Nationalrat und Pr\u00e4sident SVP Kt. Luzern\"},{\"@type\":\"BreadcrumbList\",\"@id\":\"https:\/\/www.m-q.ch\/en\/parliamentary-group-digital-sustainability-parldigi\/#breadcrumb\",\"itemListElement\":[{\"@type\":\"ListItem\",\"position\":1,\"name\":\"Unkategorisiert\",\"item\":\"https:\/\/www.m-q.ch\/it\/categoria\/senza-categoria\/\"},{\"@type\":\"ListItem\",\"position\":2,\"name\":\"Parlamentarische Gruppe Digitale Nachhaltigkeit \u201eParldigi\u201c\"}]},{\"@type\":\"WebSite\",\"@id\":\"https:\/\/www.m-q.ch\/fr\/#website\",\"url\":\"https:\/\/www.m-q.ch\/fr\/\",\"name\":\"MQ Management und Qualit\u00e4t\",\"description\":\"Plattform f\u00fcr integrierte Managementsysteme.\",\"publisher\":{\"@id\":\"https:\/\/www.m-q.ch\/fr\/#organization\"},\"potentialAction\":[{\"@type\":\"SearchAction\",\"target\":{\"@type\":\"EntryPoint\",\"urlTemplate\":\"https:\/\/www.m-q.ch\/fr\/?s={search_term_string}\"},\"query-input\":{\"@type\":\"PropertyValueSpecification\",\"valueRequired\":true,\"valueName\":\"search_term_string\"}}],\"inLanguage\":\"fr-FR\"},{\"@type\":\"Organization\",\"@id\":\"https:\/\/www.m-q.ch\/fr\/#organization\",\"name\":\"Galledia Fachmedien AG\",\"url\":\"https:\/\/www.m-q.ch\/fr\/\",\"logo\":{\"@type\":\"ImageObject\",\"inLanguage\":\"fr-FR\",\"@id\":\"https:\/\/www.m-q.ch\/fr\/#\/schema\/logo\/image\/\",\"url\":\"https:\/\/www.m-q.ch\/wp-content\/uploads\/2020\/12\/cropped-logo_small.png\",\"contentUrl\":\"https:\/\/www.m-q.ch\/wp-content\/uploads\/2020\/12\/cropped-logo_small.png\",\"width\":512,\"height\":512,\"caption\":\"Galledia Fachmedien AG\"},\"image\":{\"@id\":\"https:\/\/www.m-q.ch\/fr\/#\/schema\/logo\/image\/\"},\"sameAs\":[\"https:\/\/www.facebook.com\/ManagementUndQualitaet\",\"https:\/\/www.linkedin.com\/showcase\/17982321\/admin\/\"]},{\"@type\":\"Person\",\"@id\":\"https:\/\/www.m-q.ch\/fr\/#\/schema\/person\/c0139a2c55a374db6df2cde78ec87148\",\"name\":\"galledia\",\"image\":{\"@type\":\"ImageObject\",\"inLanguage\":\"fr-FR\",\"@id\":\"https:\/\/www.m-q.ch\/fr\/#\/schema\/person\/image\/\",\"url\":\"https:\/\/secure.gravatar.com\/avatar\/66edf527eac29e9a5eb25bcada01f61a?s=96&d=mm&r=g\",\"contentUrl\":\"https:\/\/secure.gravatar.com\/avatar\/66edf527eac29e9a5eb25bcada01f61a?s=96&d=mm&r=g\",\"caption\":\"galledia\"},\"url\":\"https:\/\/www.m-q.ch\/fr\/author\/galledia\/\"}]}<\/script>\n<!-- \/ Yoast SEO plugin. -->","yoast_head_json":{"title":"Groupe parlementaire \"Parldigi\" - Gestion et qualit\u00e9 du QM","description":"Apr\u00e8s un premier changement de pr\u00e9sidence en 7 ans, Franz Gr\u00fcter (conseiller national UDC, Lucerne) est le nouveau copr\u00e9sident de Parldigi.","robots":{"index":"index","follow":"follow","max-snippet":"max-snippet:-1","max-image-preview":"max-image-preview:large","max-video-preview":"max-video-preview:-1"},"canonical":"https:\/\/www.m-q.ch\/fr\/groupe-parlementaire-digital-sustainability-parldigi\/","og_locale":"fr_FR","og_type":"article","og_title":"Parlamentarische Gruppe Digitale Nachhaltigkeit \u201eParldigi\u201c - MQ Management und Qualit\u00e4t","og_description":"Nach einem ersten Wechsel im Pr\u00e4sidium seit 7 Jahren ist Franz Gr\u00fcter (Nationalrat SVP, Luzern) neuer Co-Pr\u00e4sident von Parldigi.","og_url":"https:\/\/www.m-q.ch\/fr\/groupe-parlementaire-digital-sustainability-parldigi\/","og_site_name":"MQ Management und Qualit\u00e4t","article_publisher":"https:\/\/www.facebook.com\/ManagementUndQualitaet","article_published_time":"2016-05-09T11:39:42+00:00","article_modified_time":"2017-03-01T12:55:26+00:00","og_image":[{"width":737,"height":680,"url":"https:\/\/www.m-q.ch\/wp-content\/uploads\/2016\/12\/Parlamentarische-Gruppe-Digitale-Nachhaltigkeit-Parldigi-management-und-qualitaet.jpg","type":"image\/jpeg"}],"author":"galledia","twitter_card":"summary_large_image","twitter_misc":{"\u00c9crit par":"galledia","Dur\u00e9e de lecture estim\u00e9e":"1 minute"},"schema":{"@context":"https:\/\/schema.org","@graph":[{"@type":"Article","@id":"https:\/\/www.m-q.ch\/en\/parliamentary-group-digital-sustainability-parldigi\/#article","isPartOf":{"@id":"https:\/\/www.m-q.ch\/en\/parliamentary-group-digital-sustainability-parldigi\/"},"author":{"name":"galledia","@id":"https:\/\/www.m-q.ch\/fr\/#\/schema\/person\/c0139a2c55a374db6df2cde78ec87148"},"headline":"Parlamentarische Gruppe Digitale Nachhaltigkeit \u201eParldigi\u201c","datePublished":"2016-05-09T11:39:42+00:00","dateModified":"2017-03-01T12:55:26+00:00","mainEntityOfPage":{"@id":"https:\/\/www.m-q.ch\/en\/parliamentary-group-digital-sustainability-parldigi\/"},"wordCount":237,"commentCount":0,"publisher":{"@id":"https:\/\/www.m-q.ch\/fr\/#organization"},"image":{"@id":"https:\/\/www.m-q.ch\/en\/parliamentary-group-digital-sustainability-parldigi\/#primaryimage"},"thumbnailUrl":"https:\/\/www.m-q.ch\/wp-content\/uploads\/2016\/12\/Parlamentarische-Gruppe-Digitale-Nachhaltigkeit-Parldigi-management-und-qualitaet.jpg","keywords":["Personalia"],"articleSection":["Unkategorisiert"],"inLanguage":"fr-FR"},{"@type":"WebPage","@id":"https:\/\/www.m-q.ch\/en\/parliamentary-group-digital-sustainability-parldigi\/","url":"https:\/\/www.m-q.ch\/en\/parliamentary-group-digital-sustainability-parldigi\/","name":"Groupe parlementaire \"Parldigi\" - Gestion et qualit\u00e9 du QM","isPartOf":{"@id":"https:\/\/www.m-q.ch\/fr\/#website"},"primaryImageOfPage":{"@id":"https:\/\/www.m-q.ch\/en\/parliamentary-group-digital-sustainability-parldigi\/#primaryimage"},"image":{"@id":"https:\/\/www.m-q.ch\/en\/parliamentary-group-digital-sustainability-parldigi\/#primaryimage"},"thumbnailUrl":"https:\/\/www.m-q.ch\/wp-content\/uploads\/2016\/12\/Parlamentarische-Gruppe-Digitale-Nachhaltigkeit-Parldigi-management-und-qualitaet.jpg","datePublished":"2016-05-09T11:39:42+00:00","dateModified":"2017-03-01T12:55:26+00:00","description":"Apr\u00e8s un premier changement de pr\u00e9sidence en 7 ans, Franz Gr\u00fcter (conseiller national UDC, Lucerne) est le nouveau copr\u00e9sident de Parldigi.","breadcrumb":{"@id":"https:\/\/www.m-q.ch\/en\/parliamentary-group-digital-sustainability-parldigi\/#breadcrumb"},"inLanguage":"fr-FR","potentialAction":[{"@type":"ReadAction","target":["https:\/\/www.m-q.ch\/en\/parliamentary-group-digital-sustainability-parldigi\/"]}]},{"@type":"ImageObject","inLanguage":"fr-FR","@id":"https:\/\/www.m-q.ch\/en\/parliamentary-group-digital-sustainability-parldigi\/#primaryimage","url":"https:\/\/www.m-q.ch\/wp-content\/uploads\/2016\/12\/Parlamentarische-Gruppe-Digitale-Nachhaltigkeit-Parldigi-management-und-qualitaet.jpg","contentUrl":"https:\/\/www.m-q.ch\/wp-content\/uploads\/2016\/12\/Parlamentarische-Gruppe-Digitale-Nachhaltigkeit-Parldigi-management-und-qualitaet.jpg","width":737,"height":680,"caption":"Franz Gr\u00fcter, Nationalrat und Pr\u00e4sident SVP Kt. Luzern"},{"@type":"BreadcrumbList","@id":"https:\/\/www.m-q.ch\/en\/parliamentary-group-digital-sustainability-parldigi\/#breadcrumb","itemListElement":[{"@type":"ListItem","position":1,"name":"Unkategorisiert","item":"https:\/\/www.m-q.ch\/it\/categoria\/senza-categoria\/"},{"@type":"ListItem","position":2,"name":"Parlamentarische Gruppe Digitale Nachhaltigkeit \u201eParldigi\u201c"}]},{"@type":"WebSite","@id":"https:\/\/www.m-q.ch\/fr\/#website","url":"https:\/\/www.m-q.ch\/fr\/","name":"Gestion et qualit\u00e9 du QM","description":"Plate-forme pour les syst\u00e8mes de gestion int\u00e9gr\u00e9e.","publisher":{"@id":"https:\/\/www.m-q.ch\/fr\/#organization"},"potentialAction":[{"@type":"SearchAction","target":{"@type":"EntryPoint","urlTemplate":"https:\/\/www.m-q.ch\/fr\/?s={search_term_string}"},"query-input":{"@type":"PropertyValueSpecification","valueRequired":true,"valueName":"search_term_string"}}],"inLanguage":"fr-FR"},{"@type":"Organization","@id":"https:\/\/www.m-q.ch\/fr\/#organization","name":"Galledia Trade Media AG","url":"https:\/\/www.m-q.ch\/fr\/","logo":{"@type":"ImageObject","inLanguage":"fr-FR","@id":"https:\/\/www.m-q.ch\/fr\/#\/schema\/logo\/image\/","url":"https:\/\/www.m-q.ch\/wp-content\/uploads\/2020\/12\/cropped-logo_small.png","contentUrl":"https:\/\/www.m-q.ch\/wp-content\/uploads\/2020\/12\/cropped-logo_small.png","width":512,"height":512,"caption":"Galledia Fachmedien AG"},"image":{"@id":"https:\/\/www.m-q.ch\/fr\/#\/schema\/logo\/image\/"},"sameAs":["https:\/\/www.facebook.com\/ManagementUndQualitaet","https:\/\/www.linkedin.com\/showcase\/17982321\/admin\/"]},{"@type":"Person","@id":"https:\/\/www.m-q.ch\/fr\/#\/schema\/person\/c0139a2c55a374db6df2cde78ec87148","name":"galledia","image":{"@type":"ImageObject","inLanguage":"fr-FR","@id":"https:\/\/www.m-q.ch\/fr\/#\/schema\/person\/image\/","url":"https:\/\/secure.gravatar.com\/avatar\/66edf527eac29e9a5eb25bcada01f61a?s=96&d=mm&r=g","contentUrl":"https:\/\/secure.gravatar.com\/avatar\/66edf527eac29e9a5eb25bcada01f61a?s=96&d=mm&r=g","caption":"galledia"},"url":"https:\/\/www.m-q.ch\/fr\/author\/galledia\/"}]}},"_links":{"self":[{"href":"https:\/\/www.m-q.ch\/fr\/wp-json\/wp\/v2\/posts\/406","targetHints":{"allow":["GET"]}}],"collection":[{"href":"https:\/\/www.m-q.ch\/fr\/wp-json\/wp\/v2\/posts"}],"about":[{"href":"https:\/\/www.m-q.ch\/fr\/wp-json\/wp\/v2\/types\/post"}],"author":[{"embeddable":true,"href":"https:\/\/www.m-q.ch\/fr\/wp-json\/wp\/v2\/users\/1"}],"replies":[{"embeddable":true,"href":"https:\/\/www.m-q.ch\/fr\/wp-json\/wp\/v2\/comments?post=406"}],"version-history":[{"count":2,"href":"https:\/\/www.m-q.ch\/fr\/wp-json\/wp\/v2\/posts\/406\/revisions"}],"predecessor-version":[{"id":1142,"href":"https:\/\/www.m-q.ch\/fr\/wp-json\/wp\/v2\/posts\/406\/revisions\/1142"}],"wp:featuredmedia":[{"embeddable":true,"href":"https:\/\/www.m-q.ch\/fr\/wp-json\/wp\/v2\/media\/193"}],"wp:attachment":[{"href":"https:\/\/www.m-q.ch\/fr\/wp-json\/wp\/v2\/media?parent=406"}],"wp:term":[{"taxonomy":"category","embeddable":true,"href":"https:\/\/www.m-q.ch\/fr\/wp-json\/wp\/v2\/categories?post=406"},{"taxonomy":"post_tag","embeddable":true,"href":"https:\/\/www.m-q.ch\/fr\/wp-json\/wp\/v2\/tags?post=406"}],"curies":[{"name":"wp","href":"https:\/\/api.w.org\/{rel}","templated":true}]}}