{"id":4106,"date":"2020-06-17T12:28:20","date_gmt":"2020-06-17T10:28:20","guid":{"rendered":"https:\/\/www.m-q.ch\/?p=4106"},"modified":"2020-06-19T14:31:09","modified_gmt":"2020-06-19T12:31:09","slug":"lacademie-swiss-safety-center-rouvre-ses-portes","status":"publish","type":"post","link":"https:\/\/www.m-q.ch\/fr\/swiss-safety-center-akademie-wieder-offen\/","title":{"rendered":"La Swiss Safety Center Academy rouvre ses portes"},"content":{"rendered":"<figure id=\"attachment_4107\" aria-describedby=\"caption-attachment-4107\" style=\"width: 680px\" class=\"wp-caption alignnone\"><img loading=\"lazy\" decoding=\"async\" class=\"size-medium wp-image-4107\" src=\"https:\/\/www.m-q.ch\/wp-content\/uploads\/2020\/06\/SwissSafetyCenter-680x980.jpg\" alt=\"\" width=\"680\" height=\"980\" srcset=\"https:\/\/www.m-q.ch\/wp-content\/uploads\/2020\/06\/SwissSafetyCenter-680x980.jpg 680w, https:\/\/www.m-q.ch\/wp-content\/uploads\/2020\/06\/SwissSafetyCenter-768x1106.jpg 768w, https:\/\/www.m-q.ch\/wp-content\/uploads\/2020\/06\/SwissSafetyCenter-1066x1536.jpg 1066w, https:\/\/www.m-q.ch\/wp-content\/uploads\/2020\/06\/SwissSafetyCenter-1422x2048.jpg 1422w, https:\/\/www.m-q.ch\/wp-content\/uploads\/2020\/06\/SwissSafetyCenter-8x12.jpg 8w, https:\/\/www.m-q.ch\/wp-content\/uploads\/2020\/06\/SwissSafetyCenter-121x175.jpg 121w, https:\/\/www.m-q.ch\/wp-content\/uploads\/2020\/06\/SwissSafetyCenter-243x350.jpg 243w, https:\/\/www.m-q.ch\/wp-content\/uploads\/2020\/06\/SwissSafetyCenter-555x800.jpg 555w, https:\/\/www.m-q.ch\/wp-content\/uploads\/2020\/06\/SwissSafetyCenter-920x1325.jpg 920w, https:\/\/www.m-q.ch\/wp-content\/uploads\/2020\/06\/SwissSafetyCenter-1400x2017.jpg 1400w, https:\/\/www.m-q.ch\/wp-content\/uploads\/2020\/06\/SwissSafetyCenter-972x1400.jpg 972w, https:\/\/www.m-q.ch\/wp-content\/uploads\/2020\/06\/SwissSafetyCenter-300x432.jpg 300w, https:\/\/www.m-q.ch\/wp-content\/uploads\/2020\/06\/SwissSafetyCenter-711x1024.jpg 711w, https:\/\/www.m-q.ch\/wp-content\/uploads\/2020\/06\/SwissSafetyCenter-624x899.jpg 624w, https:\/\/www.m-q.ch\/wp-content\/uploads\/2020\/06\/SwissSafetyCenter.jpg 1666w\" sizes=\"auto, (max-width: 680px) 100vw, 680px\" \/><figcaption id=\"caption-attachment-4107\" class=\"wp-caption-text\">Le centre de comp\u00e9tence pour la s\u00e9curit\u00e9 technique et la gestion des risques \u00e0 Wallisellen. (Photo : Swiss Safety Center AG)<\/figcaption><\/figure>\n<p>Nous sommes tr\u00e8s heureux de vous accueillir \u00e0 nouveau \u00e0 l'Acad\u00e9mie suisse des centres de s\u00e9curit\u00e9 \u00e0 partir du 8 juin 2020. Vous pouvez trouver un aper\u00e7u de tous les cours en classe et des cours en direct sur le web du Swiss Safety Center AG \u00e0 l'adresse suivante <a href=\"https:\/\/akademie.safetycenter.ch\">https:\/\/akademie.safetycenter.ch<\/a>.<\/p>\n<p>La s\u00e9curit\u00e9 et la protection des participants aux cours, des instructeurs et des employ\u00e9s est une priorit\u00e9 absolue dans nos cours en classe. Ce faisant, nous respectons les exigences de l'OFSP en mati\u00e8re de comportement et d'hygi\u00e8ne. Nous avons mis en \u0153uvre nos mesures de protection globales <a href=\"http:\/\/www.safetycenter.ch\/schutzkonzept\">ici<\/a>\u00a0compil\u00e9 pour vous.<\/p>\n<p>En m\u00eame temps, nos salles de conf\u00e9rence et de s\u00e9minaire sont \u00e9galement disponibles \u00e0 nouveau \u00e0 la location pour vos \u00e9v\u00e9nements. Qu'il s'agisse d'une r\u00e9union d'\u00e9quipe, d'un \u00e9v\u00e9nement client ou d'une r\u00e9union annuelle pouvant accueillir jusqu'\u00e0 200 personnes, vous trouverez l'espace ad\u00e9quat dans le centre de conf\u00e9rence nouvellement construit de la Swiss Safety Center Academy - \u00e0 deux pas de la gare de Wallisellen.<\/p>\n<p>Les salles de conf\u00e9rence et de s\u00e9minaire vous int\u00e9ressent ? Alors rendez-nous visite sur <strong>journ\u00e9e portes ouvertes<\/strong> le mardi 30 juin 2020, de 16 \u00e0 18 heures ou prendre un rendez-vous individuel. Veuillez nous contacter par e-mail (raumverwaltung@safetycenter.ch) ou par t\u00e9l\u00e9phone au +41 44 877 61 62.<\/p>\n<p>&nbsp;<\/p>\n<p>&nbsp;<\/p>\n<p>&nbsp;<\/p>","protected":false},"excerpt":{"rendered":"<p>Wir freuen uns sehr, Sie ab dem 8. Juni 2020 wieder in der Swiss Safety Center Akademie willkommen zu heissen. Einen \u00dcberblick zu allen Pr\u00e4senzkursen und Web-Live-Kursen der Swiss Safety Center AG finden Sie unter https:\/\/akademie.safetycenter.ch. Bei unseren Pr\u00e4senzkursen haben die Sicherheit und der Schutz der Kursteilnehmenden, Kursleitenden und Mitarbeitenden h\u00f6chste Priorit\u00e4t. Dabei halten wir [&hellip;]<\/p>\n","protected":false},"author":35,"featured_media":4107,"comment_status":"closed","ping_status":"closed","sticky":false,"template":"","format":"standard","meta":{"_acf_changed":false,"footnotes":""},"categories":[4],"tags":[4340,4339,4338,4341],"class_list":["post-4106","post","type-post","status-publish","format-standard","has-post-thumbnail","hentry","category-risikomanagement","tag-kompetenzzentrum","tag-kurse","tag-swiss-safety-center","tag-tag-der-offenen-tuer"],"acf":[],"yoast_head":"<!-- This site is optimized with the Yoast SEO plugin v26.2 - https:\/\/yoast.com\/wordpress\/plugins\/seo\/ -->\n<title>Swiss Safety Center Akademie wieder offen - MQ Management und Qualit\u00e4t<\/title>\n<meta name=\"description\" content=\"Die Swiss Safety Center AG ist ein Unternehmen der SVTI-Gruppe und damit Teil des Kompetenzzentrums f\u00fcr technische Sicherheit und Risikomanagement.\" \/>\n<meta name=\"robots\" content=\"index, follow, max-snippet:-1, max-image-preview:large, max-video-preview:-1\" \/>\n<link rel=\"canonical\" href=\"https:\/\/www.m-q.ch\/fr\/lacademie-swiss-safety-center-rouvre-ses-portes\/\" \/>\n<meta property=\"og:locale\" content=\"fr_FR\" \/>\n<meta property=\"og:type\" content=\"article\" \/>\n<meta property=\"og:title\" content=\"Swiss Safety Center Akademie wieder offen - MQ Management und Qualit\u00e4t\" \/>\n<meta property=\"og:description\" content=\"Die Swiss Safety Center AG ist ein Unternehmen der SVTI-Gruppe und damit Teil des Kompetenzzentrums f\u00fcr technische Sicherheit und Risikomanagement.\" \/>\n<meta property=\"og:url\" content=\"https:\/\/www.m-q.ch\/fr\/lacademie-swiss-safety-center-rouvre-ses-portes\/\" \/>\n<meta property=\"og:site_name\" content=\"MQ Management und Qualit\u00e4t\" \/>\n<meta property=\"article:publisher\" content=\"https:\/\/www.facebook.com\/ManagementUndQualitaet\" \/>\n<meta property=\"article:published_time\" content=\"2020-06-17T10:28:20+00:00\" \/>\n<meta property=\"article:modified_time\" content=\"2020-06-19T12:31:09+00:00\" \/>\n<meta property=\"og:image\" content=\"https:\/\/www.m-q.ch\/wp-content\/uploads\/2020\/06\/SwissSafetyCenter.jpg\" \/>\n\t<meta property=\"og:image:width\" content=\"1666\" \/>\n\t<meta property=\"og:image:height\" content=\"2400\" \/>\n\t<meta property=\"og:image:type\" content=\"image\/jpeg\" \/>\n<meta name=\"author\" content=\"Roger Str\u00e4ssle\" \/>\n<meta name=\"twitter:card\" content=\"summary_large_image\" \/>\n<meta name=\"twitter:label1\" content=\"\u00c9crit par\" \/>\n\t<meta name=\"twitter:data1\" content=\"Roger Str\u00e4ssle\" \/>\n\t<meta name=\"twitter:label2\" content=\"Dur\u00e9e de lecture estim\u00e9e\" \/>\n\t<meta name=\"twitter:data2\" content=\"1 minute\" \/>\n<script type=\"application\/ld+json\" class=\"yoast-schema-graph\">{\"@context\":\"https:\/\/schema.org\",\"@graph\":[{\"@type\":\"Article\",\"@id\":\"https:\/\/www.m-q.ch\/swiss-safety-center-akademie-wieder-offen\/#article\",\"isPartOf\":{\"@id\":\"https:\/\/www.m-q.ch\/swiss-safety-center-akademie-wieder-offen\/\"},\"author\":{\"name\":\"Roger Str\u00e4ssle\",\"@id\":\"https:\/\/www.m-q.ch\/fr\/#\/schema\/person\/47d540e081acd98ccbeb69b55df653d7\"},\"headline\":\"Swiss Safety Center Akademie wieder offen\",\"datePublished\":\"2020-06-17T10:28:20+00:00\",\"dateModified\":\"2020-06-19T12:31:09+00:00\",\"mainEntityOfPage\":{\"@id\":\"https:\/\/www.m-q.ch\/swiss-safety-center-akademie-wieder-offen\/\"},\"wordCount\":199,\"publisher\":{\"@id\":\"https:\/\/www.m-q.ch\/fr\/#organization\"},\"image\":{\"@id\":\"https:\/\/www.m-q.ch\/swiss-safety-center-akademie-wieder-offen\/#primaryimage\"},\"thumbnailUrl\":\"https:\/\/www.m-q.ch\/wp-content\/uploads\/2020\/06\/SwissSafetyCenter.jpg\",\"keywords\":[\"Kompetenzzentrum\",\"Kurse\",\"Swiss Safety Center\",\"Tag der offenen T\u00fcr\"],\"articleSection\":[\"Risikomanagement\"],\"inLanguage\":\"fr-FR\"},{\"@type\":\"WebPage\",\"@id\":\"https:\/\/www.m-q.ch\/swiss-safety-center-akademie-wieder-offen\/\",\"url\":\"https:\/\/www.m-q.ch\/swiss-safety-center-akademie-wieder-offen\/\",\"name\":\"Swiss Safety Center Akademie wieder offen - MQ Management und Qualit\u00e4t\",\"isPartOf\":{\"@id\":\"https:\/\/www.m-q.ch\/fr\/#website\"},\"primaryImageOfPage\":{\"@id\":\"https:\/\/www.m-q.ch\/swiss-safety-center-akademie-wieder-offen\/#primaryimage\"},\"image\":{\"@id\":\"https:\/\/www.m-q.ch\/swiss-safety-center-akademie-wieder-offen\/#primaryimage\"},\"thumbnailUrl\":\"https:\/\/www.m-q.ch\/wp-content\/uploads\/2020\/06\/SwissSafetyCenter.jpg\",\"datePublished\":\"2020-06-17T10:28:20+00:00\",\"dateModified\":\"2020-06-19T12:31:09+00:00\",\"description\":\"Die Swiss Safety Center AG ist ein Unternehmen der SVTI-Gruppe und damit Teil des Kompetenzzentrums f\u00fcr technische Sicherheit und Risikomanagement.\",\"breadcrumb\":{\"@id\":\"https:\/\/www.m-q.ch\/swiss-safety-center-akademie-wieder-offen\/#breadcrumb\"},\"inLanguage\":\"fr-FR\",\"potentialAction\":[{\"@type\":\"ReadAction\",\"target\":[\"https:\/\/www.m-q.ch\/swiss-safety-center-akademie-wieder-offen\/\"]}]},{\"@type\":\"ImageObject\",\"inLanguage\":\"fr-FR\",\"@id\":\"https:\/\/www.m-q.ch\/swiss-safety-center-akademie-wieder-offen\/#primaryimage\",\"url\":\"https:\/\/www.m-q.ch\/wp-content\/uploads\/2020\/06\/SwissSafetyCenter.jpg\",\"contentUrl\":\"https:\/\/www.m-q.ch\/wp-content\/uploads\/2020\/06\/SwissSafetyCenter.jpg\",\"width\":1666,\"height\":2400,\"caption\":\"Das Kompetenzzentrum f\u00fcr technische Sicherheit und Risikomanagement in Wallisellen. (Bild: Swiss Safety Center AG)\"},{\"@type\":\"BreadcrumbList\",\"@id\":\"https:\/\/www.m-q.ch\/swiss-safety-center-akademie-wieder-offen\/#breadcrumb\",\"itemListElement\":[{\"@type\":\"ListItem\",\"position\":1,\"name\":\"Risikomanagement\",\"item\":\"https:\/\/www.m-q.ch\/kategorie\/risikomanagement\/\"},{\"@type\":\"ListItem\",\"position\":2,\"name\":\"Swiss Safety Center Akademie wieder offen\"}]},{\"@type\":\"WebSite\",\"@id\":\"https:\/\/www.m-q.ch\/fr\/#website\",\"url\":\"https:\/\/www.m-q.ch\/fr\/\",\"name\":\"MQ Management und Qualit\u00e4t\",\"description\":\"Plattform f\u00fcr integrierte Managementsysteme.\",\"publisher\":{\"@id\":\"https:\/\/www.m-q.ch\/fr\/#organization\"},\"potentialAction\":[{\"@type\":\"SearchAction\",\"target\":{\"@type\":\"EntryPoint\",\"urlTemplate\":\"https:\/\/www.m-q.ch\/fr\/?s={search_term_string}\"},\"query-input\":{\"@type\":\"PropertyValueSpecification\",\"valueRequired\":true,\"valueName\":\"search_term_string\"}}],\"inLanguage\":\"fr-FR\"},{\"@type\":\"Organization\",\"@id\":\"https:\/\/www.m-q.ch\/fr\/#organization\",\"name\":\"Galledia Fachmedien AG\",\"url\":\"https:\/\/www.m-q.ch\/fr\/\",\"logo\":{\"@type\":\"ImageObject\",\"inLanguage\":\"fr-FR\",\"@id\":\"https:\/\/www.m-q.ch\/fr\/#\/schema\/logo\/image\/\",\"url\":\"https:\/\/www.m-q.ch\/wp-content\/uploads\/2020\/12\/cropped-logo_small.png\",\"contentUrl\":\"https:\/\/www.m-q.ch\/wp-content\/uploads\/2020\/12\/cropped-logo_small.png\",\"width\":512,\"height\":512,\"caption\":\"Galledia Fachmedien AG\"},\"image\":{\"@id\":\"https:\/\/www.m-q.ch\/fr\/#\/schema\/logo\/image\/\"},\"sameAs\":[\"https:\/\/www.facebook.com\/ManagementUndQualitaet\",\"https:\/\/www.linkedin.com\/showcase\/17982321\/admin\/\"]},{\"@type\":\"Person\",\"@id\":\"https:\/\/www.m-q.ch\/fr\/#\/schema\/person\/47d540e081acd98ccbeb69b55df653d7\",\"name\":\"Roger Str\u00e4ssle\",\"image\":{\"@type\":\"ImageObject\",\"inLanguage\":\"fr-FR\",\"@id\":\"https:\/\/www.m-q.ch\/fr\/#\/schema\/person\/image\/\",\"url\":\"https:\/\/secure.gravatar.com\/avatar\/e4dde3046d8a184d2e2d27651a418883?s=96&d=mm&r=g\",\"contentUrl\":\"https:\/\/secure.gravatar.com\/avatar\/e4dde3046d8a184d2e2d27651a418883?s=96&d=mm&r=g\",\"caption\":\"Roger Str\u00e4ssle\"},\"url\":\"https:\/\/www.m-q.ch\/fr\/author\/roger-straessle\/\"}]}<\/script>\n<!-- \/ Yoast SEO plugin. -->","yoast_head_json":{"title":"La Swiss Safety Center Academy rouvre ses portes - MQ Management und Qualit\u00e4t","description":"Le Swiss Safety Center AG est une entreprise du groupe SVTI et fait donc partie du centre de comp\u00e9tence pour la s\u00e9curit\u00e9 technique et la gestion des risques.","robots":{"index":"index","follow":"follow","max-snippet":"max-snippet:-1","max-image-preview":"max-image-preview:large","max-video-preview":"max-video-preview:-1"},"canonical":"https:\/\/www.m-q.ch\/fr\/lacademie-swiss-safety-center-rouvre-ses-portes\/","og_locale":"fr_FR","og_type":"article","og_title":"Swiss Safety Center Akademie wieder offen - MQ Management und Qualit\u00e4t","og_description":"Die Swiss Safety Center AG ist ein Unternehmen der SVTI-Gruppe und damit Teil des Kompetenzzentrums f\u00fcr technische Sicherheit und Risikomanagement.","og_url":"https:\/\/www.m-q.ch\/fr\/lacademie-swiss-safety-center-rouvre-ses-portes\/","og_site_name":"MQ Management und Qualit\u00e4t","article_publisher":"https:\/\/www.facebook.com\/ManagementUndQualitaet","article_published_time":"2020-06-17T10:28:20+00:00","article_modified_time":"2020-06-19T12:31:09+00:00","og_image":[{"width":1666,"height":2400,"url":"https:\/\/www.m-q.ch\/wp-content\/uploads\/2020\/06\/SwissSafetyCenter.jpg","type":"image\/jpeg"}],"author":"Roger Str\u00e4ssle","twitter_card":"summary_large_image","twitter_misc":{"\u00c9crit par":"Roger Str\u00e4ssle","Dur\u00e9e de lecture estim\u00e9e":"1 minute"},"schema":{"@context":"https:\/\/schema.org","@graph":[{"@type":"Article","@id":"https:\/\/www.m-q.ch\/swiss-safety-center-akademie-wieder-offen\/#article","isPartOf":{"@id":"https:\/\/www.m-q.ch\/swiss-safety-center-akademie-wieder-offen\/"},"author":{"name":"Roger Str\u00e4ssle","@id":"https:\/\/www.m-q.ch\/fr\/#\/schema\/person\/47d540e081acd98ccbeb69b55df653d7"},"headline":"Swiss Safety Center Akademie wieder offen","datePublished":"2020-06-17T10:28:20+00:00","dateModified":"2020-06-19T12:31:09+00:00","mainEntityOfPage":{"@id":"https:\/\/www.m-q.ch\/swiss-safety-center-akademie-wieder-offen\/"},"wordCount":199,"publisher":{"@id":"https:\/\/www.m-q.ch\/fr\/#organization"},"image":{"@id":"https:\/\/www.m-q.ch\/swiss-safety-center-akademie-wieder-offen\/#primaryimage"},"thumbnailUrl":"https:\/\/www.m-q.ch\/wp-content\/uploads\/2020\/06\/SwissSafetyCenter.jpg","keywords":["Kompetenzzentrum","Kurse","Swiss Safety Center","Tag der offenen T\u00fcr"],"articleSection":["Risikomanagement"],"inLanguage":"fr-FR"},{"@type":"WebPage","@id":"https:\/\/www.m-q.ch\/swiss-safety-center-akademie-wieder-offen\/","url":"https:\/\/www.m-q.ch\/swiss-safety-center-akademie-wieder-offen\/","name":"La Swiss Safety Center Academy rouvre ses portes - MQ Management und Qualit\u00e4t","isPartOf":{"@id":"https:\/\/www.m-q.ch\/fr\/#website"},"primaryImageOfPage":{"@id":"https:\/\/www.m-q.ch\/swiss-safety-center-akademie-wieder-offen\/#primaryimage"},"image":{"@id":"https:\/\/www.m-q.ch\/swiss-safety-center-akademie-wieder-offen\/#primaryimage"},"thumbnailUrl":"https:\/\/www.m-q.ch\/wp-content\/uploads\/2020\/06\/SwissSafetyCenter.jpg","datePublished":"2020-06-17T10:28:20+00:00","dateModified":"2020-06-19T12:31:09+00:00","description":"Le Swiss Safety Center AG est une entreprise du groupe SVTI et fait donc partie du centre de comp\u00e9tence pour la s\u00e9curit\u00e9 technique et la gestion des risques.","breadcrumb":{"@id":"https:\/\/www.m-q.ch\/swiss-safety-center-akademie-wieder-offen\/#breadcrumb"},"inLanguage":"fr-FR","potentialAction":[{"@type":"ReadAction","target":["https:\/\/www.m-q.ch\/swiss-safety-center-akademie-wieder-offen\/"]}]},{"@type":"ImageObject","inLanguage":"fr-FR","@id":"https:\/\/www.m-q.ch\/swiss-safety-center-akademie-wieder-offen\/#primaryimage","url":"https:\/\/www.m-q.ch\/wp-content\/uploads\/2020\/06\/SwissSafetyCenter.jpg","contentUrl":"https:\/\/www.m-q.ch\/wp-content\/uploads\/2020\/06\/SwissSafetyCenter.jpg","width":1666,"height":2400,"caption":"Das Kompetenzzentrum f\u00fcr technische Sicherheit und Risikomanagement in Wallisellen. (Bild: Swiss Safety Center AG)"},{"@type":"BreadcrumbList","@id":"https:\/\/www.m-q.ch\/swiss-safety-center-akademie-wieder-offen\/#breadcrumb","itemListElement":[{"@type":"ListItem","position":1,"name":"Risikomanagement","item":"https:\/\/www.m-q.ch\/kategorie\/risikomanagement\/"},{"@type":"ListItem","position":2,"name":"Swiss Safety Center Akademie wieder offen"}]},{"@type":"WebSite","@id":"https:\/\/www.m-q.ch\/fr\/#website","url":"https:\/\/www.m-q.ch\/fr\/","name":"Gestion et qualit\u00e9 du QM","description":"Plate-forme pour les syst\u00e8mes de gestion int\u00e9gr\u00e9e.","publisher":{"@id":"https:\/\/www.m-q.ch\/fr\/#organization"},"potentialAction":[{"@type":"SearchAction","target":{"@type":"EntryPoint","urlTemplate":"https:\/\/www.m-q.ch\/fr\/?s={search_term_string}"},"query-input":{"@type":"PropertyValueSpecification","valueRequired":true,"valueName":"search_term_string"}}],"inLanguage":"fr-FR"},{"@type":"Organization","@id":"https:\/\/www.m-q.ch\/fr\/#organization","name":"Galledia Trade Media AG","url":"https:\/\/www.m-q.ch\/fr\/","logo":{"@type":"ImageObject","inLanguage":"fr-FR","@id":"https:\/\/www.m-q.ch\/fr\/#\/schema\/logo\/image\/","url":"https:\/\/www.m-q.ch\/wp-content\/uploads\/2020\/12\/cropped-logo_small.png","contentUrl":"https:\/\/www.m-q.ch\/wp-content\/uploads\/2020\/12\/cropped-logo_small.png","width":512,"height":512,"caption":"Galledia Fachmedien AG"},"image":{"@id":"https:\/\/www.m-q.ch\/fr\/#\/schema\/logo\/image\/"},"sameAs":["https:\/\/www.facebook.com\/ManagementUndQualitaet","https:\/\/www.linkedin.com\/showcase\/17982321\/admin\/"]},{"@type":"Person","@id":"https:\/\/www.m-q.ch\/fr\/#\/schema\/person\/47d540e081acd98ccbeb69b55df653d7","name":"Roger Str\u00e4ssle","image":{"@type":"ImageObject","inLanguage":"fr-FR","@id":"https:\/\/www.m-q.ch\/fr\/#\/schema\/person\/image\/","url":"https:\/\/secure.gravatar.com\/avatar\/e4dde3046d8a184d2e2d27651a418883?s=96&d=mm&r=g","contentUrl":"https:\/\/secure.gravatar.com\/avatar\/e4dde3046d8a184d2e2d27651a418883?s=96&d=mm&r=g","caption":"Roger Str\u00e4ssle"},"url":"https:\/\/www.m-q.ch\/fr\/author\/roger-straessle\/"}]}},"_links":{"self":[{"href":"https:\/\/www.m-q.ch\/fr\/wp-json\/wp\/v2\/posts\/4106","targetHints":{"allow":["GET"]}}],"collection":[{"href":"https:\/\/www.m-q.ch\/fr\/wp-json\/wp\/v2\/posts"}],"about":[{"href":"https:\/\/www.m-q.ch\/fr\/wp-json\/wp\/v2\/types\/post"}],"author":[{"embeddable":true,"href":"https:\/\/www.m-q.ch\/fr\/wp-json\/wp\/v2\/users\/35"}],"replies":[{"embeddable":true,"href":"https:\/\/www.m-q.ch\/fr\/wp-json\/wp\/v2\/comments?post=4106"}],"version-history":[{"count":2,"href":"https:\/\/www.m-q.ch\/fr\/wp-json\/wp\/v2\/posts\/4106\/revisions"}],"predecessor-version":[{"id":4115,"href":"https:\/\/www.m-q.ch\/fr\/wp-json\/wp\/v2\/posts\/4106\/revisions\/4115"}],"wp:featuredmedia":[{"embeddable":true,"href":"https:\/\/www.m-q.ch\/fr\/wp-json\/wp\/v2\/media\/4107"}],"wp:attachment":[{"href":"https:\/\/www.m-q.ch\/fr\/wp-json\/wp\/v2\/media?parent=4106"}],"wp:term":[{"taxonomy":"category","embeddable":true,"href":"https:\/\/www.m-q.ch\/fr\/wp-json\/wp\/v2\/categories?post=4106"},{"taxonomy":"post_tag","embeddable":true,"href":"https:\/\/www.m-q.ch\/fr\/wp-json\/wp\/v2\/tags?post=4106"}],"curies":[{"name":"wp","href":"https:\/\/api.w.org\/{rel}","templated":true}]}}