{"id":4186,"date":"2020-08-19T11:01:01","date_gmt":"2020-08-19T09:01:01","guid":{"rendered":"https:\/\/www.m-q.ch\/?p=4186"},"modified":"2020-11-05T09:32:00","modified_gmt":"2020-11-05T08:32:00","slug":"le-swiss-ethics-award-a-annonce-les-projets-nomines","status":"publish","type":"post","link":"https:\/\/www.m-q.ch\/fr\/swiss-ethics-award-hat-nominierte-projekte-bekanntgegeben\/","title":{"rendered":"Le Prix suisse de l'\u00e9thique a annonc\u00e9 les projets nomin\u00e9s"},"content":{"rendered":"<figure id=\"attachment_4189\" aria-describedby=\"caption-attachment-4189\" style=\"width: 680px\" class=\"wp-caption alignnone\"><img loading=\"lazy\" decoding=\"async\" class=\"size-medium wp-image-4189\" src=\"https:\/\/www.m-q.ch\/wp-content\/uploads\/2020\/08\/A_SEF_21_20180426_KE_0047-680x453-680x453.jpg\" alt=\"\" width=\"680\" height=\"453\" srcset=\"https:\/\/www.m-q.ch\/wp-content\/uploads\/2020\/08\/A_SEF_21_20180426_KE_0047-680x453.jpg 680w, https:\/\/www.m-q.ch\/wp-content\/uploads\/2020\/08\/A_SEF_21_20180426_KE_0047-680x453-16x12.jpg 16w, https:\/\/www.m-q.ch\/wp-content\/uploads\/2020\/08\/A_SEF_21_20180426_KE_0047-680x453-263x175.jpg 263w, https:\/\/www.m-q.ch\/wp-content\/uploads\/2020\/08\/A_SEF_21_20180426_KE_0047-680x453-525x350.jpg 525w, https:\/\/www.m-q.ch\/wp-content\/uploads\/2020\/08\/A_SEF_21_20180426_KE_0047-680x453-300x200.jpg 300w, https:\/\/www.m-q.ch\/wp-content\/uploads\/2020\/08\/A_SEF_21_20180426_KE_0047-680x453-624x416.jpg 624w\" sizes=\"auto, (max-width: 680px) 100vw, 680px\" \/><figcaption id=\"caption-attachment-4189\" class=\"wp-caption-text\">Lorsque des entreprises clairvoyantes font le bien : Impressions du Prix suisse de l'\u00e9thique 2018. Le Prix 2020 comporte \u00e9galement quelques points lumineux. (Image : zVg)<\/figcaption><\/figure>\n<p style=\"margin: 0px; padding: 0px 0px 22px; font-size: 14px; line-height: 22px; font-family: 'Droid Serif', Georgia, Times, 'Times New Roman', serif; color: #444444; width: 678.297px; float: left; clear: left; font-style: normal; font-variant-ligatures: normal; font-variant-caps: normal; font-weight: 400; letter-spacing: normal; orphans: 2; text-align: start; text-indent: 0px; text-transform: none; white-space: normal; widows: 2; word-spacing: 0px; -webkit-text-stroke-width: 0px; background-color: #ffffff; text-decoration-style: initial; text-decoration-color: initial;\">Depuis 2005, le SWISS EXCELLENCE FORUM r\u00e9compense les performances \u00e9thiques exceptionnelles dans le monde des affaires en d\u00e9cernant le Swiss Ethics Award. L'accent est mis sur les r\u00e9alisations des organisations qui assument une responsabilit\u00e9 particuli\u00e8re et qui s'engagent activement en faveur d'une gouvernance d'entreprise durable. Cinq projets exceptionnels ont \u00e9t\u00e9 nomin\u00e9s pour le prix 2020 :<\/p>\n<ul style=\"margin: 0px 0px 0px 20px; padding: 0px 0px 22px; list-style: inside; font-family: 'Droid Serif', Georgia, Times, 'Times New Roman', serif; font-size: 14px; color: #444444; line-height: 22px; width: auto; float: left; clear: left; font-style: normal; font-variant-ligatures: normal; font-variant-caps: normal; font-weight: 400; letter-spacing: normal; orphans: 2; text-align: start; text-indent: 0px; text-transform: none; white-space: normal; widows: 2; word-spacing: 0px; -webkit-text-stroke-width: 0px; background-color: #ffffff; text-decoration-style: initial; text-decoration-color: initial;\">\n<li>Alternative Bank Schweiz AG, Projet Olten : ABS actif pour le climat<\/li>\n<li>Arbofino AG, M\u00e4nnedorf Investissement dans le bois avec promotion de la biodiversit\u00e9<\/li>\n<li>Forma Futura Invest AG, Zurich Projet : Gestion de fortune durable ind\u00e9pendante<\/li>\n<li>Reckhaus AG, Gais avec respect pour les insectes<\/li>\n<li>Vatorex AG, Wiesendangen avec Bee Together Bee Alive<\/li>\n<\/ul>\n<h2 style=\"margin: 0px; padding: 0px 0px 22px; font-size: 14px; line-height: 22px; font-family: 'Droid Serif', Georgia, Times, 'Times New Roman', serif; color: #444444; width: 678.297px; float: left; clear: left; font-style: normal; font-variant-ligatures: normal; font-variant-caps: normal; font-weight: 400; letter-spacing: normal; orphans: 2; text-align: start; text-indent: 0px; text-transform: none; white-space: normal; widows: 2; word-spacing: 0px; -webkit-text-stroke-width: 0px; background-color: #ffffff; text-decoration-style: initial; text-decoration-color: initial;\"><strong>C\u00e9r\u00e9monie de remise des prix au Mus\u00e9e des transports de Lucerne<\/strong><\/h2>\n<p style=\"margin: 0px; padding: 0px 0px 22px; font-size: 14px; line-height: 22px; font-family: 'Droid Serif', Georgia, Times, 'Times New Roman', serif; color: #444444; width: 678.297px; float: left; clear: left; font-style: normal; font-variant-ligatures: normal; font-variant-caps: normal; font-weight: 400; letter-spacing: normal; orphans: 2; text-align: start; text-indent: 0px; text-transform: none; white-space: normal; widows: 2; word-spacing: 0px; -webkit-text-stroke-width: 0px; background-color: #ffffff; text-decoration-style: initial; text-decoration-color: initial;\">La c\u00e9r\u00e9monie de remise des prix aura lieu le 23 septembre 2020 au Mus\u00e9e des transports de Lucerne dans le cadre d'un programme passionnant. Le Dr Marc Holitscher, membre du conseil d'administration de Microsoft Suisse, parlera de \"l'intelligence artificielle : pourquoi nous avons besoin d'une boussole \u00e9thique\". Il sera invit\u00e9 \u00e0 participer \u00e0 la table ronde qui suivra, en compagnie du Dr Regula Pfister, entrepreneur et membre du conseil d'administration, et du Dr Michael F\u00fcrst, responsable de l'innovation sociale et de la strat\u00e9gie, de la sant\u00e9 mondiale et de la responsabilit\u00e9 d'entreprise chez Novartis International AG.<\/p>\n<h2 style=\"margin: 0px; padding: 0px 0px 22px; font-size: 14px; line-height: 22px; font-family: 'Droid Serif', Georgia, Times, 'Times New Roman', serif; color: #444444; width: 678.297px; float: left; clear: left; font-style: normal; font-variant-ligatures: normal; font-variant-caps: normal; font-weight: 400; letter-spacing: normal; orphans: 2; text-align: start; text-indent: 0px; text-transform: none; white-space: normal; widows: 2; word-spacing: 0px; -webkit-text-stroke-width: 0px; background-color: #ffffff; text-decoration-style: initial; text-decoration-color: initial;\"><strong>Jury du Prix suisse de l'\u00e9thique<\/strong><\/h2>\n<p style=\"margin: 0px; padding: 0px 0px 22px; font-size: 14px; line-height: 22px; font-family: 'Droid Serif', Georgia, Times, 'Times New Roman', serif; color: #444444; width: 678.297px; float: left; clear: left; font-style: normal; font-variant-ligatures: normal; font-variant-caps: normal; font-weight: 400; letter-spacing: normal; orphans: 2; text-align: start; text-indent: 0px; text-transform: none; white-space: normal; widows: 2; word-spacing: 0px; -webkit-text-stroke-width: 0px; background-color: #ffffff; text-decoration-style: initial; text-decoration-color: initial;\">Les projets sont jug\u00e9s par un jury de haut niveau compos\u00e9 d'\u00e9thiciens ainsi que de repr\u00e9sentants des milieux \u00e9conomiques, scientifiques, th\u00e9ologiques et politiques :<\/p>\n<ul>\n<li style=\"width: 678.29px; color: #444444; text-transform: none; line-height: 22px; text-indent: 0px; letter-spacing: normal; clear: left; font-family: 'Droid Serif',Georgia,Times,'Times New Roman',serif; font-size: 14px; font-style: normal; font-weight: 400; word-spacing: 0px; white-space: normal; orphans: 2; widows: 2; float: left; -webkit-text-stroke-width: 0px; background-color: #ffffff;\">Stephan Baer, Baer Ammann GmbH<\/li>\n<li style=\"width: 678.29px; color: #444444; text-transform: none; line-height: 22px; text-indent: 0px; letter-spacing: normal; clear: left; font-family: 'Droid Serif',Georgia,Times,'Times New Roman',serif; font-size: 14px; font-style: normal; font-weight: 400; word-spacing: 0px; white-space: normal; orphans: 2; widows: 2; float: left; -webkit-text-stroke-width: 0px; background-color: #ffffff;\">Corina Eichenberger, conseill\u00e8re nationale<\/li>\n<li style=\"width: 678.29px; color: #444444; text-transform: none; line-height: 22px; text-indent: 0px; letter-spacing: normal; clear: left; font-family: 'Droid Serif',Georgia,Times,'Times New Roman',serif; font-size: 14px; font-style: normal; font-weight: 400; word-spacing: 0px; white-space: normal; orphans: 2; widows: 2; float: left; -webkit-text-stroke-width: 0px; background-color: #ffffff;\">Paola Ghillani, Paola Ghillani &amp; Friends Ltd.<\/li>\n<li style=\"width: 678.29px; color: #444444; text-transform: none; line-height: 22px; text-indent: 0px; letter-spacing: normal; clear: left; font-family: 'Droid Serif',Georgia,Times,'Times New Roman',serif; font-size: 14px; font-style: normal; font-weight: 400; word-spacing: 0px; white-space: normal; orphans: 2; widows: 2; float: left; -webkit-text-stroke-width: 0px; background-color: #ffffff;\">Markus Huppenbauer, Centre pour la religion, l'\u00e9conomie et la politique, Universit\u00e9 de Zurich<\/li>\n<li style=\"width: 678.29px; color: #444444; text-transform: none; line-height: 22px; text-indent: 0px; letter-spacing: normal; clear: left; font-family: 'Droid Serif',Georgia,Times,'Times New Roman',serif; font-size: 14px; font-style: normal; font-weight: 400; word-spacing: 0px; white-space: normal; orphans: 2; widows: 2; float: left; -webkit-text-stroke-width: 0px; background-color: #ffffff;\">Prof. Dr. Hans Ruh, sp\u00e9cialiste des affaires et de l'\u00e9thique sociale<\/li>\n<li style=\"width: 678.29px; color: #444444; text-transform: none; line-height: 22px; text-indent: 0px; letter-spacing: normal; clear: left; font-family: 'Droid Serif',Georgia,Times,'Times New Roman',serif; font-size: 14px; font-style: normal; font-weight: 400; word-spacing: 0px; white-space: normal; orphans: 2; widows: 2; float: left; -webkit-text-stroke-width: 0px; background-color: #ffffff;\">Peter Schaber, Centre d'\u00e9thique de l'Universit\u00e9 de Zurich<\/li>\n<li style=\"width: 678.29px; color: #444444; text-transform: none; line-height: 22px; text-indent: 0px; letter-spacing: normal; clear: left; font-family: 'Droid Serif',Georgia,Times,'Times New Roman',serif; font-size: 14px; font-style: normal; font-weight: 400; word-spacing: 0px; white-space: normal; orphans: 2; widows: 2; float: left; -webkit-text-stroke-width: 0px; background-color: #ffffff;\">Dr. Christoph Weber-Berg, \u00c9glise r\u00e9form\u00e9e du canton d'Argovie<\/li>\n<\/ul>\n<h2 style=\"margin: 0px; padding: 0px 0px 22px; font-size: 14px; line-height: 22px; font-family: 'Droid Serif', Georgia, Times, 'Times New Roman', serif; color: #444444; width: 678.297px; float: left; clear: left; font-style: normal; font-variant-ligatures: normal; font-variant-caps: normal; font-weight: 400; letter-spacing: normal; orphans: 2; text-align: start; text-indent: 0px; text-transform: none; white-space: normal; widows: 2; word-spacing: 0px; -webkit-text-stroke-width: 0px; background-color: #ffffff; text-decoration-style: initial; text-decoration-color: initial;\"><em><strong>Partenaire<\/strong><\/em><\/h2>\n<p style=\"margin: 0px; padding: 0px 0px 22px; font-size: 14px; line-height: 22px; font-family: 'Droid Serif', Georgia, Times, 'Times New Roman', serif; color: #444444; width: 678.297px; float: left; clear: left; font-style: normal; font-variant-ligatures: normal; font-variant-caps: normal; font-weight: 400; letter-spacing: normal; orphans: 2; text-align: start; text-indent: 0px; text-transform: none; white-space: normal; widows: 2; word-spacing: 0px; -webkit-text-stroke-width: 0px; background-color: #ffffff; text-decoration-style: initial; text-decoration-color: initial;\"><em>Le Prix suisse de l'\u00e9thique est soutenu par Holinger AG, Die Post, ibW H\u00f6here Fachschule S\u00fcdostschweiz, la Banque cantonale de Lucerne, Linkgroup AG, la Zentralbahn, l'organisateur et Umwelt Perspektiven.<\/em><\/p>\n<p style=\"margin: 0px; padding: 0px 0px 22px; font-size: 14px; line-height: 22px; font-family: 'Droid Serif', Georgia, Times, 'Times New Roman', serif; color: #444444; width: 678.297px; float: left; clear: left; font-style: normal; font-variant-ligatures: normal; font-variant-caps: normal; font-weight: 400; letter-spacing: normal; orphans: 2; text-align: start; text-indent: 0px; text-transform: none; white-space: normal; widows: 2; word-spacing: 0px; -webkit-text-stroke-width: 0px; background-color: #ffffff; text-decoration-style: initial; text-decoration-color: initial;\"><em>Pour plus de d\u00e9tails, veuillez contacter :<\/em><\/p>\n<p style=\"margin: 0px; padding: 0px 0px 22px; font-size: 14px; line-height: 22px; font-family: 'Droid Serif', Georgia, Times, 'Times New Roman', serif; color: #444444; width: 678.297px; float: left; clear: left; font-style: normal; font-variant-ligatures: normal; font-variant-caps: normal; font-weight: 400; letter-spacing: normal; orphans: 2; text-align: start; text-indent: 0px; text-transform: none; white-space: normal; widows: 2; word-spacing: 0px; -webkit-text-stroke-width: 0px; background-color: #ffffff; text-decoration-style: initial; text-decoration-color: initial;\"><em>Ruth Buholzer, FORUM D'EXCELLENCE SUISSE<\/em><\/p>\n<p style=\"margin: 0px; padding: 0px 0px 22px; font-size: 14px; line-height: 22px; font-family: 'Droid Serif', Georgia, Times, 'Times New Roman', serif; color: #444444; width: 678.297px; float: left; clear: left; font-style: normal; font-variant-ligatures: normal; font-variant-caps: normal; font-weight: 400; letter-spacing: normal; orphans: 2; text-align: start; text-indent: 0px; text-transform: none; white-space: normal; widows: 2; word-spacing: 0px; -webkit-text-stroke-width: 0px; background-color: #ffffff; text-decoration-style: initial; text-decoration-color: initial;\"><em>(<a>r.buholzer@excellence-forum.ch<\/a>)<\/em><\/p>\n<p style=\"margin: 0px; padding: 0px 0px 22px; font-size: 14px; line-height: 22px; font-family: 'Droid Serif', Georgia, Times, 'Times New Roman', serif; color: #444444; width: 678.297px; float: left; clear: left; font-style: normal; font-variant-ligatures: normal; font-variant-caps: normal; font-weight: 400; letter-spacing: normal; orphans: 2; text-align: start; text-indent: 0px; text-transform: none; white-space: normal; widows: 2; word-spacing: 0px; -webkit-text-stroke-width: 0px; background-color: #ffffff; text-decoration-style: initial; text-decoration-color: initial;\"><em><a href=\"https:\/\/www.swiss-excellence-forum.ch\/\">www.swiss-excellence-forum.ch<\/a><\/em><\/p>","protected":false},"excerpt":{"rendered":"<p>Seit 2005 zeichnet das SWISS EXCELLENCE FORUM mit dem Swiss Ethics Award herausragende ethische Leistungen in der Wirtschaft aus. Im Fokus stehen Leistungen von Organisationen, die in besonderer Weise Verantwortung \u00fcbernehmen und sich aktiv f\u00fcr eine nachhaltige Unternehmensf\u00fchrung engagieren. F\u00fcr den Award 2020 sind f\u00fcnf herausragende Projekte nominiert: Alternative Bank Schweiz AG, Olten\u00a0 Projekt: Klima-Aktive [&hellip;]<\/p>\n","protected":false},"author":10,"featured_media":4189,"comment_status":"closed","ping_status":"closed","sticky":false,"template":"","format":"standard","meta":{"_acf_changed":false,"footnotes":""},"categories":[5],"tags":[3529,3328,3360,3367],"class_list":["post-4186","post","type-post","status-publish","format-standard","has-post-thumbnail","hentry","category-business_excellence","tag-award","tag-business-excellence","tag-management-und-unternehmensfuehrung","tag-nachhaltige-wirtschaft"],"acf":[],"yoast_head":"<!-- This site is optimized with the Yoast SEO plugin v26.2 - https:\/\/yoast.com\/wordpress\/plugins\/seo\/ -->\n<title>Swiss Ethics Award hat nominierte Projekte bekanntgegeben - MQ Management und Qualit\u00e4t<\/title>\n<meta name=\"description\" content=\"F\u00fcnf Unternehmen sind f\u00fcr den Swiss Ethics Award nominiert, der am 23. September 2020 durch das SWISS EXCELLENCE FORUM zum 9. Mal verliehen wird.\" \/>\n<meta name=\"robots\" content=\"index, follow, max-snippet:-1, max-image-preview:large, max-video-preview:-1\" \/>\n<link rel=\"canonical\" href=\"https:\/\/www.m-q.ch\/fr\/le-swiss-ethics-award-a-annonce-les-projets-nomines\/\" \/>\n<meta property=\"og:locale\" content=\"fr_FR\" \/>\n<meta property=\"og:type\" content=\"article\" \/>\n<meta property=\"og:title\" content=\"Swiss Ethics Award hat nominierte Projekte bekanntgegeben\" \/>\n<meta property=\"og:description\" content=\"F\u00fcnf Unternehmen sind f\u00fcr den Swiss Ethics Award nominiert, der am 23. September 2020 durch das SWISS EXCELLENCE FORUM zum 9. Mal verliehen wird.\" \/>\n<meta property=\"og:url\" content=\"https:\/\/www.m-q.ch\/fr\/le-swiss-ethics-award-a-annonce-les-projets-nomines\/\" \/>\n<meta property=\"og:site_name\" content=\"MQ Management und Qualit\u00e4t\" \/>\n<meta property=\"article:publisher\" content=\"https:\/\/www.facebook.com\/ManagementUndQualitaet\" \/>\n<meta property=\"article:published_time\" content=\"2020-08-19T09:01:01+00:00\" \/>\n<meta property=\"article:modified_time\" content=\"2020-11-05T08:32:00+00:00\" \/>\n<meta property=\"og:image\" content=\"https:\/\/www.m-q.ch\/wp-content\/uploads\/2020\/08\/A_SEF_21_20180426_KE_0047-680x453.jpg\" \/>\n<meta name=\"author\" content=\"Thomas Berner\" \/>\n<meta name=\"twitter:card\" content=\"summary_large_image\" \/>\n<meta name=\"twitter:title\" content=\"Swiss Ethics Award hat nominierte Projekte bekanntgegeben\" \/>\n<meta name=\"twitter:description\" content=\"F\u00fcnf Unternehmen sind f\u00fcr den Swiss Ethics Award nominiert, der am 23. September 2020 durch das SWISS EXCELLENCE FORUM zum 9. Mal verliehen wird.\" \/>\n<meta name=\"twitter:image\" content=\"https:\/\/www.m-q.ch\/wp-content\/uploads\/2020\/08\/A_SEF_21_20180426_KE_0047-680x453.jpg\" \/>\n<meta name=\"twitter:label1\" content=\"\u00c9crit par\" \/>\n\t<meta name=\"twitter:data1\" content=\"Thomas Berner\" \/>\n\t<meta name=\"twitter:label2\" content=\"Dur\u00e9e de lecture estim\u00e9e\" \/>\n\t<meta name=\"twitter:data2\" content=\"2 minutes\" \/>\n<script type=\"application\/ld+json\" class=\"yoast-schema-graph\">{\"@context\":\"https:\/\/schema.org\",\"@graph\":[{\"@type\":\"Article\",\"@id\":\"https:\/\/www.m-q.ch\/swiss-ethics-award-hat-nominierte-projekte-bekanntgegeben\/#article\",\"isPartOf\":{\"@id\":\"https:\/\/www.m-q.ch\/swiss-ethics-award-hat-nominierte-projekte-bekanntgegeben\/\"},\"author\":{\"name\":\"Thomas Berner\",\"@id\":\"https:\/\/www.m-q.ch\/fr\/#\/schema\/person\/a8711938b1cfb3f056dec70eaa0b42ab\"},\"headline\":\"Swiss Ethics Award hat nominierte Projekte bekanntgegeben\",\"datePublished\":\"2020-08-19T09:01:01+00:00\",\"dateModified\":\"2020-11-05T08:32:00+00:00\",\"mainEntityOfPage\":{\"@id\":\"https:\/\/www.m-q.ch\/swiss-ethics-award-hat-nominierte-projekte-bekanntgegeben\/\"},\"wordCount\":333,\"publisher\":{\"@id\":\"https:\/\/www.m-q.ch\/fr\/#organization\"},\"image\":{\"@id\":\"https:\/\/www.m-q.ch\/swiss-ethics-award-hat-nominierte-projekte-bekanntgegeben\/#primaryimage\"},\"thumbnailUrl\":\"https:\/\/www.m-q.ch\/wp-content\/uploads\/2020\/08\/A_SEF_21_20180426_KE_0047-680x453.jpg\",\"keywords\":[\"Award\",\"Business Excellence\",\"Management und Unternehmensf\u00fchrung\",\"Nachhaltige Wirtschaft\"],\"articleSection\":[\"Business Excellence\"],\"inLanguage\":\"fr-FR\"},{\"@type\":\"WebPage\",\"@id\":\"https:\/\/www.m-q.ch\/swiss-ethics-award-hat-nominierte-projekte-bekanntgegeben\/\",\"url\":\"https:\/\/www.m-q.ch\/swiss-ethics-award-hat-nominierte-projekte-bekanntgegeben\/\",\"name\":\"Swiss Ethics Award hat nominierte Projekte bekanntgegeben - MQ Management und Qualit\u00e4t\",\"isPartOf\":{\"@id\":\"https:\/\/www.m-q.ch\/fr\/#website\"},\"primaryImageOfPage\":{\"@id\":\"https:\/\/www.m-q.ch\/swiss-ethics-award-hat-nominierte-projekte-bekanntgegeben\/#primaryimage\"},\"image\":{\"@id\":\"https:\/\/www.m-q.ch\/swiss-ethics-award-hat-nominierte-projekte-bekanntgegeben\/#primaryimage\"},\"thumbnailUrl\":\"https:\/\/www.m-q.ch\/wp-content\/uploads\/2020\/08\/A_SEF_21_20180426_KE_0047-680x453.jpg\",\"datePublished\":\"2020-08-19T09:01:01+00:00\",\"dateModified\":\"2020-11-05T08:32:00+00:00\",\"description\":\"F\u00fcnf Unternehmen sind f\u00fcr den Swiss Ethics Award nominiert, der am 23. September 2020 durch das SWISS EXCELLENCE FORUM zum 9. Mal verliehen wird.\",\"breadcrumb\":{\"@id\":\"https:\/\/www.m-q.ch\/swiss-ethics-award-hat-nominierte-projekte-bekanntgegeben\/#breadcrumb\"},\"inLanguage\":\"fr-FR\",\"potentialAction\":[{\"@type\":\"ReadAction\",\"target\":[\"https:\/\/www.m-q.ch\/swiss-ethics-award-hat-nominierte-projekte-bekanntgegeben\/\"]}]},{\"@type\":\"ImageObject\",\"inLanguage\":\"fr-FR\",\"@id\":\"https:\/\/www.m-q.ch\/swiss-ethics-award-hat-nominierte-projekte-bekanntgegeben\/#primaryimage\",\"url\":\"https:\/\/www.m-q.ch\/wp-content\/uploads\/2020\/08\/A_SEF_21_20180426_KE_0047-680x453.jpg\",\"contentUrl\":\"https:\/\/www.m-q.ch\/wp-content\/uploads\/2020\/08\/A_SEF_21_20180426_KE_0047-680x453.jpg\",\"width\":680,\"height\":453,\"caption\":\"Wenn weitsichtige Unternehmen Gutes tun: Impressionen vom Swiss Ethics Award 2018. Auch der Award 2020 beinhaltet einige Leuchtpunkte. (Bild: zVg)\"},{\"@type\":\"BreadcrumbList\",\"@id\":\"https:\/\/www.m-q.ch\/swiss-ethics-award-hat-nominierte-projekte-bekanntgegeben\/#breadcrumb\",\"itemListElement\":[{\"@type\":\"ListItem\",\"position\":1,\"name\":\"Business Excellence\",\"item\":\"https:\/\/www.m-q.ch\/kategorie\/business_excellence\/\"},{\"@type\":\"ListItem\",\"position\":2,\"name\":\"Swiss Ethics Award hat nominierte Projekte bekanntgegeben\"}]},{\"@type\":\"WebSite\",\"@id\":\"https:\/\/www.m-q.ch\/fr\/#website\",\"url\":\"https:\/\/www.m-q.ch\/fr\/\",\"name\":\"MQ Management und Qualit\u00e4t\",\"description\":\"Plattform f\u00fcr integrierte Managementsysteme.\",\"publisher\":{\"@id\":\"https:\/\/www.m-q.ch\/fr\/#organization\"},\"potentialAction\":[{\"@type\":\"SearchAction\",\"target\":{\"@type\":\"EntryPoint\",\"urlTemplate\":\"https:\/\/www.m-q.ch\/fr\/?s={search_term_string}\"},\"query-input\":{\"@type\":\"PropertyValueSpecification\",\"valueRequired\":true,\"valueName\":\"search_term_string\"}}],\"inLanguage\":\"fr-FR\"},{\"@type\":\"Organization\",\"@id\":\"https:\/\/www.m-q.ch\/fr\/#organization\",\"name\":\"Galledia Fachmedien AG\",\"url\":\"https:\/\/www.m-q.ch\/fr\/\",\"logo\":{\"@type\":\"ImageObject\",\"inLanguage\":\"fr-FR\",\"@id\":\"https:\/\/www.m-q.ch\/fr\/#\/schema\/logo\/image\/\",\"url\":\"https:\/\/www.m-q.ch\/wp-content\/uploads\/2020\/12\/cropped-logo_small.png\",\"contentUrl\":\"https:\/\/www.m-q.ch\/wp-content\/uploads\/2020\/12\/cropped-logo_small.png\",\"width\":512,\"height\":512,\"caption\":\"Galledia Fachmedien AG\"},\"image\":{\"@id\":\"https:\/\/www.m-q.ch\/fr\/#\/schema\/logo\/image\/\"},\"sameAs\":[\"https:\/\/www.facebook.com\/ManagementUndQualitaet\",\"https:\/\/www.linkedin.com\/showcase\/17982321\/admin\/\"]},{\"@type\":\"Person\",\"@id\":\"https:\/\/www.m-q.ch\/fr\/#\/schema\/person\/a8711938b1cfb3f056dec70eaa0b42ab\",\"name\":\"Thomas Berner\",\"image\":{\"@type\":\"ImageObject\",\"inLanguage\":\"fr-FR\",\"@id\":\"https:\/\/www.m-q.ch\/fr\/#\/schema\/person\/image\/\",\"url\":\"https:\/\/secure.gravatar.com\/avatar\/faea7857408f70478f976d576da10f96?s=96&d=mm&r=g\",\"contentUrl\":\"https:\/\/secure.gravatar.com\/avatar\/faea7857408f70478f976d576da10f96?s=96&d=mm&r=g\",\"caption\":\"Thomas Berner\"},\"url\":\"https:\/\/www.m-q.ch\/fr\/author\/thomas-berner\/\"}]}<\/script>\n<!-- \/ Yoast SEO plugin. -->","yoast_head_json":{"title":"Le Prix suisse de l'\u00e9thique a annonc\u00e9 les projets nomin\u00e9s - MQ Management und Qualit\u00e4t","description":"Cinq entreprises ont \u00e9t\u00e9 nomin\u00e9es pour le Prix suisse de l'\u00e9thique, qui sera remis par le SWISS EXCELLENCE FORUM pour la 9e fois le 23 septembre 2020.","robots":{"index":"index","follow":"follow","max-snippet":"max-snippet:-1","max-image-preview":"max-image-preview:large","max-video-preview":"max-video-preview:-1"},"canonical":"https:\/\/www.m-q.ch\/fr\/le-swiss-ethics-award-a-annonce-les-projets-nomines\/","og_locale":"fr_FR","og_type":"article","og_title":"Swiss Ethics Award hat nominierte Projekte bekanntgegeben","og_description":"F\u00fcnf Unternehmen sind f\u00fcr den Swiss Ethics Award nominiert, der am 23. September 2020 durch das SWISS EXCELLENCE FORUM zum 9. Mal verliehen wird.","og_url":"https:\/\/www.m-q.ch\/fr\/le-swiss-ethics-award-a-annonce-les-projets-nomines\/","og_site_name":"MQ Management und Qualit\u00e4t","article_publisher":"https:\/\/www.facebook.com\/ManagementUndQualitaet","article_published_time":"2020-08-19T09:01:01+00:00","article_modified_time":"2020-11-05T08:32:00+00:00","og_image":[{"url":"https:\/\/www.m-q.ch\/wp-content\/uploads\/2020\/08\/A_SEF_21_20180426_KE_0047-680x453.jpg","type":"","width":"","height":""}],"author":"Thomas Berner","twitter_card":"summary_large_image","twitter_title":"Swiss Ethics Award hat nominierte Projekte bekanntgegeben","twitter_description":"F\u00fcnf Unternehmen sind f\u00fcr den Swiss Ethics Award nominiert, der am 23. September 2020 durch das SWISS EXCELLENCE FORUM zum 9. Mal verliehen wird.","twitter_image":"https:\/\/www.m-q.ch\/wp-content\/uploads\/2020\/08\/A_SEF_21_20180426_KE_0047-680x453.jpg","twitter_misc":{"\u00c9crit par":"Thomas Berner","Dur\u00e9e de lecture estim\u00e9e":"2 minutes"},"schema":{"@context":"https:\/\/schema.org","@graph":[{"@type":"Article","@id":"https:\/\/www.m-q.ch\/swiss-ethics-award-hat-nominierte-projekte-bekanntgegeben\/#article","isPartOf":{"@id":"https:\/\/www.m-q.ch\/swiss-ethics-award-hat-nominierte-projekte-bekanntgegeben\/"},"author":{"name":"Thomas Berner","@id":"https:\/\/www.m-q.ch\/fr\/#\/schema\/person\/a8711938b1cfb3f056dec70eaa0b42ab"},"headline":"Swiss Ethics Award hat nominierte Projekte bekanntgegeben","datePublished":"2020-08-19T09:01:01+00:00","dateModified":"2020-11-05T08:32:00+00:00","mainEntityOfPage":{"@id":"https:\/\/www.m-q.ch\/swiss-ethics-award-hat-nominierte-projekte-bekanntgegeben\/"},"wordCount":333,"publisher":{"@id":"https:\/\/www.m-q.ch\/fr\/#organization"},"image":{"@id":"https:\/\/www.m-q.ch\/swiss-ethics-award-hat-nominierte-projekte-bekanntgegeben\/#primaryimage"},"thumbnailUrl":"https:\/\/www.m-q.ch\/wp-content\/uploads\/2020\/08\/A_SEF_21_20180426_KE_0047-680x453.jpg","keywords":["Award","Business Excellence","Management und Unternehmensf\u00fchrung","Nachhaltige Wirtschaft"],"articleSection":["Business Excellence"],"inLanguage":"fr-FR"},{"@type":"WebPage","@id":"https:\/\/www.m-q.ch\/swiss-ethics-award-hat-nominierte-projekte-bekanntgegeben\/","url":"https:\/\/www.m-q.ch\/swiss-ethics-award-hat-nominierte-projekte-bekanntgegeben\/","name":"Le Prix suisse de l'\u00e9thique a annonc\u00e9 les projets nomin\u00e9s - MQ Management und Qualit\u00e4t","isPartOf":{"@id":"https:\/\/www.m-q.ch\/fr\/#website"},"primaryImageOfPage":{"@id":"https:\/\/www.m-q.ch\/swiss-ethics-award-hat-nominierte-projekte-bekanntgegeben\/#primaryimage"},"image":{"@id":"https:\/\/www.m-q.ch\/swiss-ethics-award-hat-nominierte-projekte-bekanntgegeben\/#primaryimage"},"thumbnailUrl":"https:\/\/www.m-q.ch\/wp-content\/uploads\/2020\/08\/A_SEF_21_20180426_KE_0047-680x453.jpg","datePublished":"2020-08-19T09:01:01+00:00","dateModified":"2020-11-05T08:32:00+00:00","description":"Cinq entreprises ont \u00e9t\u00e9 nomin\u00e9es pour le Prix suisse de l'\u00e9thique, qui sera remis par le SWISS EXCELLENCE FORUM pour la 9e fois le 23 septembre 2020.","breadcrumb":{"@id":"https:\/\/www.m-q.ch\/swiss-ethics-award-hat-nominierte-projekte-bekanntgegeben\/#breadcrumb"},"inLanguage":"fr-FR","potentialAction":[{"@type":"ReadAction","target":["https:\/\/www.m-q.ch\/swiss-ethics-award-hat-nominierte-projekte-bekanntgegeben\/"]}]},{"@type":"ImageObject","inLanguage":"fr-FR","@id":"https:\/\/www.m-q.ch\/swiss-ethics-award-hat-nominierte-projekte-bekanntgegeben\/#primaryimage","url":"https:\/\/www.m-q.ch\/wp-content\/uploads\/2020\/08\/A_SEF_21_20180426_KE_0047-680x453.jpg","contentUrl":"https:\/\/www.m-q.ch\/wp-content\/uploads\/2020\/08\/A_SEF_21_20180426_KE_0047-680x453.jpg","width":680,"height":453,"caption":"Wenn weitsichtige Unternehmen Gutes tun: Impressionen vom Swiss Ethics Award 2018. Auch der Award 2020 beinhaltet einige Leuchtpunkte. (Bild: zVg)"},{"@type":"BreadcrumbList","@id":"https:\/\/www.m-q.ch\/swiss-ethics-award-hat-nominierte-projekte-bekanntgegeben\/#breadcrumb","itemListElement":[{"@type":"ListItem","position":1,"name":"Business Excellence","item":"https:\/\/www.m-q.ch\/kategorie\/business_excellence\/"},{"@type":"ListItem","position":2,"name":"Swiss Ethics Award hat nominierte Projekte bekanntgegeben"}]},{"@type":"WebSite","@id":"https:\/\/www.m-q.ch\/fr\/#website","url":"https:\/\/www.m-q.ch\/fr\/","name":"Gestion et qualit\u00e9 du QM","description":"Plate-forme pour les syst\u00e8mes de gestion int\u00e9gr\u00e9e.","publisher":{"@id":"https:\/\/www.m-q.ch\/fr\/#organization"},"potentialAction":[{"@type":"SearchAction","target":{"@type":"EntryPoint","urlTemplate":"https:\/\/www.m-q.ch\/fr\/?s={search_term_string}"},"query-input":{"@type":"PropertyValueSpecification","valueRequired":true,"valueName":"search_term_string"}}],"inLanguage":"fr-FR"},{"@type":"Organization","@id":"https:\/\/www.m-q.ch\/fr\/#organization","name":"Galledia Trade Media AG","url":"https:\/\/www.m-q.ch\/fr\/","logo":{"@type":"ImageObject","inLanguage":"fr-FR","@id":"https:\/\/www.m-q.ch\/fr\/#\/schema\/logo\/image\/","url":"https:\/\/www.m-q.ch\/wp-content\/uploads\/2020\/12\/cropped-logo_small.png","contentUrl":"https:\/\/www.m-q.ch\/wp-content\/uploads\/2020\/12\/cropped-logo_small.png","width":512,"height":512,"caption":"Galledia Fachmedien AG"},"image":{"@id":"https:\/\/www.m-q.ch\/fr\/#\/schema\/logo\/image\/"},"sameAs":["https:\/\/www.facebook.com\/ManagementUndQualitaet","https:\/\/www.linkedin.com\/showcase\/17982321\/admin\/"]},{"@type":"Person","@id":"https:\/\/www.m-q.ch\/fr\/#\/schema\/person\/a8711938b1cfb3f056dec70eaa0b42ab","name":"Thomas Berner","image":{"@type":"ImageObject","inLanguage":"fr-FR","@id":"https:\/\/www.m-q.ch\/fr\/#\/schema\/person\/image\/","url":"https:\/\/secure.gravatar.com\/avatar\/faea7857408f70478f976d576da10f96?s=96&d=mm&r=g","contentUrl":"https:\/\/secure.gravatar.com\/avatar\/faea7857408f70478f976d576da10f96?s=96&d=mm&r=g","caption":"Thomas Berner"},"url":"https:\/\/www.m-q.ch\/fr\/author\/thomas-berner\/"}]}},"_links":{"self":[{"href":"https:\/\/www.m-q.ch\/fr\/wp-json\/wp\/v2\/posts\/4186","targetHints":{"allow":["GET"]}}],"collection":[{"href":"https:\/\/www.m-q.ch\/fr\/wp-json\/wp\/v2\/posts"}],"about":[{"href":"https:\/\/www.m-q.ch\/fr\/wp-json\/wp\/v2\/types\/post"}],"author":[{"embeddable":true,"href":"https:\/\/www.m-q.ch\/fr\/wp-json\/wp\/v2\/users\/10"}],"replies":[{"embeddable":true,"href":"https:\/\/www.m-q.ch\/fr\/wp-json\/wp\/v2\/comments?post=4186"}],"version-history":[{"count":4,"href":"https:\/\/www.m-q.ch\/fr\/wp-json\/wp\/v2\/posts\/4186\/revisions"}],"predecessor-version":[{"id":4191,"href":"https:\/\/www.m-q.ch\/fr\/wp-json\/wp\/v2\/posts\/4186\/revisions\/4191"}],"wp:featuredmedia":[{"embeddable":true,"href":"https:\/\/www.m-q.ch\/fr\/wp-json\/wp\/v2\/media\/4189"}],"wp:attachment":[{"href":"https:\/\/www.m-q.ch\/fr\/wp-json\/wp\/v2\/media?parent=4186"}],"wp:term":[{"taxonomy":"category","embeddable":true,"href":"https:\/\/www.m-q.ch\/fr\/wp-json\/wp\/v2\/categories?post=4186"},{"taxonomy":"post_tag","embeddable":true,"href":"https:\/\/www.m-q.ch\/fr\/wp-json\/wp\/v2\/tags?post=4186"}],"curies":[{"name":"wp","href":"https:\/\/api.w.org\/{rel}","templated":true}]}}