{"id":424,"date":"2016-05-20T13:49:05","date_gmt":"2016-05-20T11:49:05","guid":{"rendered":"http:\/\/dev.m-q.ch\/?p=424"},"modified":"2017-03-01T13:45:55","modified_gmt":"2017-03-01T12:45:55","slug":"nouvelle-direction-de-linstitut-pour-le-facility-management-ifm","status":"publish","type":"post","link":"https:\/\/www.m-q.ch\/fr\/neue-leitung-des-instituts-fuer-facility-management-ifm\/","title":{"rendered":"Nouvelle gestion de l'Institut pour la gestion des installations (IFM)"},"content":{"rendered":"<p><a href=\"https:\/\/m-q.ch\/wp-content\/uploads\/2016\/12\/Neue-Leitung-des-Instituts-f\u00fcr-Facility-Management-IFM-management-und-qualitaet.jpg\"><img loading=\"lazy\" decoding=\"async\" class=\"wp-image-183 size-full\" src=\"https:\/\/www.m-q.ch\/wp-content\/uploads\/2016\/12\/Neue-Leitung-des-Instituts-f\u00fcr-Facility-Management-IFM-management-und-qualitaet.jpg\" width=\"396\" height=\"528\" srcset=\"https:\/\/www.m-q.ch\/wp-content\/uploads\/2016\/12\/Neue-Leitung-des-Instituts-f\u00fcr-Facility-Management-IFM-management-und-qualitaet.jpg 396w, https:\/\/www.m-q.ch\/wp-content\/uploads\/2016\/12\/Neue-Leitung-des-Instituts-f\u00fcr-Facility-Management-IFM-management-und-qualitaet-9x12.jpg 9w, https:\/\/www.m-q.ch\/wp-content\/uploads\/2016\/12\/Neue-Leitung-des-Instituts-f\u00fcr-Facility-Management-IFM-management-und-qualitaet-131x175.jpg 131w, https:\/\/www.m-q.ch\/wp-content\/uploads\/2016\/12\/Neue-Leitung-des-Instituts-f\u00fcr-Facility-Management-IFM-management-und-qualitaet-263x350.jpg 263w, https:\/\/www.m-q.ch\/wp-content\/uploads\/2016\/12\/Neue-Leitung-des-Instituts-f\u00fcr-Facility-Management-IFM-management-und-qualitaet-300x400.jpg 300w\" sizes=\"auto, (max-width: 396px) 100vw, 396px\" \/><\/a><\/p>\n<p>Antje Junghans est actuellement professeur de gestion des installations \u00e0 Trondheim, \u00e0 l'Universit\u00e9 norv\u00e9gienne des sciences et des technologies (NTNU). Elle est actuellement chercheuse invit\u00e9e \u00e0 l'universit\u00e9 de Californie \u00e0 Berkeley. Ses recherches se concentrent sur la durabilit\u00e9 et l'efficacit\u00e9 \u00e9nerg\u00e9tique des b\u00e2timents et sur le d\u00e9veloppement de strat\u00e9gies holistiques de gestion des installations. Ce scientifique de renom se distingue par des r\u00e9alisations impressionnantes en mati\u00e8re de recherche et d'enseignement et dispose d'un excellent r\u00e9seau international. En tant que membre du conseil d'administration de l'European Facility Management Network (EuroFM), elle a dirig\u00e9 le groupe de recherche Euro-FM de 2010 \u00e0 2012.<\/p>\n<p>Au d\u00e9but de sa carri\u00e8re professionnelle, elle a dirig\u00e9 son propre cabinet d'architectes en Allemagne et a \u00e9t\u00e9 chef de projet de grands projets de construction. \"Je suis convaincu qu'Antje Junghans sera une excellente continuation du travail de Thomas Wehrm\u00fcller\", d\u00e9clare le professeur Urs Hilber, directeur du d\u00e9partement des sciences de la vie et de la gestion des installations de la ZHAW. Le professeur Thomas Wehrm\u00fcller a construit l'actuel IFM \u00e0 W\u00e4denswil et l'a parfaitement profil\u00e9 et dirig\u00e9 pendant 17 ans.<\/p>\n<p>\u00c0 l'Institut de gestion des installations de la ZHAW, plus de 50 experts travaillent, font des recherches et enseignent dans les domaines de la gestion immobili\u00e8re, de l'\u00e9conomie d'entreprise \/ des ressources humaines et de la gestion de l'accueil.<\/p>\n<p><a href=\"http:\/\/www.zhaw.ch\/ifm\" target=\"_blank\" data-cke-saved-href=\"http:\/\/www.zhaw.ch\/ifm\">www.zhaw.ch\/ifm<\/a><\/p>","protected":false},"excerpt":{"rendered":"<p>Prof. Dr.-Ing. Antje Junghans ist heute Professorin f\u00fcr Facility Management in Trondheim an der Norwegian University of Science and Technology (NTNU). Derzeit forscht sie als Gastwissenschaftlerin an der University of California in Berkeley. Ihr Forschungsschwerpunkt gilt der Nachhaltigkeit und Energieeffizienz von Geb\u00e4uden sowie der Entwicklung ganzheitlicher Facility Management-Strategien. Die renommierte Wissenschaftlerin zeichnet sich durch beeindruckende [&hellip;]<\/p>\n","protected":false},"author":1,"featured_media":183,"comment_status":"open","ping_status":"open","sticky":false,"template":"","format":"standard","meta":{"_acf_changed":false,"footnotes":""},"categories":[1],"tags":[3335],"class_list":["post-424","post","type-post","status-publish","format-standard","has-post-thumbnail","hentry","category-unkategorisiert","tag-personalia"],"acf":[],"yoast_head":"<!-- This site is optimized with the Yoast SEO plugin v26.2 - https:\/\/yoast.com\/wordpress\/plugins\/seo\/ -->\n<title>Neue Leitung des Instituts f\u00fcr Facility Management (IFM) - MQ Management und Qualit\u00e4t<\/title>\n<meta name=\"description\" content=\"In der Leitung des Instituts f\u00fcr Facility Management (IFM) der ZHAW in W\u00e4denswil gibt es einen Stabwechsel.\" \/>\n<meta name=\"robots\" content=\"index, follow, max-snippet:-1, max-image-preview:large, max-video-preview:-1\" \/>\n<link rel=\"canonical\" href=\"https:\/\/www.m-q.ch\/fr\/nouveau-chef-dinstitut-pour-la-gestion-des-installations-ifm\/\" \/>\n<meta property=\"og:locale\" content=\"fr_FR\" \/>\n<meta property=\"og:type\" content=\"article\" \/>\n<meta property=\"og:title\" content=\"Neue Leitung des Instituts f\u00fcr Facility Management (IFM) - MQ Management und Qualit\u00e4t\" \/>\n<meta property=\"og:description\" content=\"In der Leitung des Instituts f\u00fcr Facility Management (IFM) der ZHAW in W\u00e4denswil gibt es einen Stabwechsel.\" \/>\n<meta property=\"og:url\" content=\"https:\/\/www.m-q.ch\/fr\/nouveau-chef-dinstitut-pour-la-gestion-des-installations-ifm\/\" \/>\n<meta property=\"og:site_name\" content=\"MQ Management und Qualit\u00e4t\" \/>\n<meta property=\"article:publisher\" content=\"https:\/\/www.facebook.com\/ManagementUndQualitaet\" \/>\n<meta property=\"article:published_time\" content=\"2016-05-20T11:49:05+00:00\" \/>\n<meta property=\"article:modified_time\" content=\"2017-03-01T12:45:55+00:00\" \/>\n<meta property=\"og:image\" content=\"https:\/\/www.m-q.ch\/wp-content\/uploads\/2016\/12\/Neue-Leitung-des-Instituts-f\u00fcr-Facility-Management-IFM-management-und-qualitaet.jpg\" \/>\n\t<meta property=\"og:image:width\" content=\"396\" \/>\n\t<meta property=\"og:image:height\" content=\"528\" \/>\n\t<meta property=\"og:image:type\" content=\"image\/jpeg\" \/>\n<meta name=\"author\" content=\"galledia\" \/>\n<meta name=\"twitter:card\" content=\"summary_large_image\" \/>\n<meta name=\"twitter:label1\" content=\"\u00c9crit par\" \/>\n\t<meta name=\"twitter:data1\" content=\"galledia\" \/>\n\t<meta name=\"twitter:label2\" content=\"Dur\u00e9e de lecture estim\u00e9e\" \/>\n\t<meta name=\"twitter:data2\" content=\"1 minute\" \/>\n<script type=\"application\/ld+json\" class=\"yoast-schema-graph\">{\"@context\":\"https:\/\/schema.org\",\"@graph\":[{\"@type\":\"Article\",\"@id\":\"https:\/\/www.m-q.ch\/en\/new-head-of-institute-for-facility-management-ifm\/#article\",\"isPartOf\":{\"@id\":\"https:\/\/www.m-q.ch\/en\/new-head-of-institute-for-facility-management-ifm\/\"},\"author\":{\"name\":\"galledia\",\"@id\":\"https:\/\/www.m-q.ch\/fr\/#\/schema\/person\/c0139a2c55a374db6df2cde78ec87148\"},\"headline\":\"Neue Leitung des Instituts f\u00fcr Facility Management (IFM)\",\"datePublished\":\"2016-05-20T11:49:05+00:00\",\"dateModified\":\"2017-03-01T12:45:55+00:00\",\"mainEntityOfPage\":{\"@id\":\"https:\/\/www.m-q.ch\/en\/new-head-of-institute-for-facility-management-ifm\/\"},\"wordCount\":191,\"commentCount\":0,\"publisher\":{\"@id\":\"https:\/\/www.m-q.ch\/fr\/#organization\"},\"image\":{\"@id\":\"https:\/\/www.m-q.ch\/en\/new-head-of-institute-for-facility-management-ifm\/#primaryimage\"},\"thumbnailUrl\":\"https:\/\/www.m-q.ch\/wp-content\/uploads\/2016\/12\/Neue-Leitung-des-Instituts-f\u00fcr-Facility-Management-IFM-management-und-qualitaet.jpg\",\"keywords\":[\"Personalia\"],\"articleSection\":[\"Unkategorisiert\"],\"inLanguage\":\"fr-FR\"},{\"@type\":\"WebPage\",\"@id\":\"https:\/\/www.m-q.ch\/en\/new-head-of-institute-for-facility-management-ifm\/\",\"url\":\"https:\/\/www.m-q.ch\/en\/new-head-of-institute-for-facility-management-ifm\/\",\"name\":\"Neue Leitung des Instituts f\u00fcr Facility Management (IFM) - MQ Management und Qualit\u00e4t\",\"isPartOf\":{\"@id\":\"https:\/\/www.m-q.ch\/fr\/#website\"},\"primaryImageOfPage\":{\"@id\":\"https:\/\/www.m-q.ch\/en\/new-head-of-institute-for-facility-management-ifm\/#primaryimage\"},\"image\":{\"@id\":\"https:\/\/www.m-q.ch\/en\/new-head-of-institute-for-facility-management-ifm\/#primaryimage\"},\"thumbnailUrl\":\"https:\/\/www.m-q.ch\/wp-content\/uploads\/2016\/12\/Neue-Leitung-des-Instituts-f\u00fcr-Facility-Management-IFM-management-und-qualitaet.jpg\",\"datePublished\":\"2016-05-20T11:49:05+00:00\",\"dateModified\":\"2017-03-01T12:45:55+00:00\",\"description\":\"In der Leitung des Instituts f\u00fcr Facility Management (IFM) der ZHAW in W\u00e4denswil gibt es einen Stabwechsel.\",\"breadcrumb\":{\"@id\":\"https:\/\/www.m-q.ch\/en\/new-head-of-institute-for-facility-management-ifm\/#breadcrumb\"},\"inLanguage\":\"fr-FR\",\"potentialAction\":[{\"@type\":\"ReadAction\",\"target\":[\"https:\/\/www.m-q.ch\/en\/new-head-of-institute-for-facility-management-ifm\/\"]}]},{\"@type\":\"ImageObject\",\"inLanguage\":\"fr-FR\",\"@id\":\"https:\/\/www.m-q.ch\/en\/new-head-of-institute-for-facility-management-ifm\/#primaryimage\",\"url\":\"https:\/\/www.m-q.ch\/wp-content\/uploads\/2016\/12\/Neue-Leitung-des-Instituts-f\u00fcr-Facility-Management-IFM-management-und-qualitaet.jpg\",\"contentUrl\":\"https:\/\/www.m-q.ch\/wp-content\/uploads\/2016\/12\/Neue-Leitung-des-Instituts-f\u00fcr-Facility-Management-IFM-management-und-qualitaet.jpg\",\"width\":396,\"height\":528,\"caption\":\"Dr.-Ing. Antje Junghans\"},{\"@type\":\"BreadcrumbList\",\"@id\":\"https:\/\/www.m-q.ch\/en\/new-head-of-institute-for-facility-management-ifm\/#breadcrumb\",\"itemListElement\":[{\"@type\":\"ListItem\",\"position\":1,\"name\":\"Unkategorisiert\",\"item\":\"https:\/\/www.m-q.ch\/it\/categoria\/senza-categoria\/\"},{\"@type\":\"ListItem\",\"position\":2,\"name\":\"Neue Leitung des Instituts f\u00fcr Facility Management (IFM)\"}]},{\"@type\":\"WebSite\",\"@id\":\"https:\/\/www.m-q.ch\/fr\/#website\",\"url\":\"https:\/\/www.m-q.ch\/fr\/\",\"name\":\"MQ Management und Qualit\u00e4t\",\"description\":\"Plattform f\u00fcr integrierte Managementsysteme.\",\"publisher\":{\"@id\":\"https:\/\/www.m-q.ch\/fr\/#organization\"},\"potentialAction\":[{\"@type\":\"SearchAction\",\"target\":{\"@type\":\"EntryPoint\",\"urlTemplate\":\"https:\/\/www.m-q.ch\/fr\/?s={search_term_string}\"},\"query-input\":{\"@type\":\"PropertyValueSpecification\",\"valueRequired\":true,\"valueName\":\"search_term_string\"}}],\"inLanguage\":\"fr-FR\"},{\"@type\":\"Organization\",\"@id\":\"https:\/\/www.m-q.ch\/fr\/#organization\",\"name\":\"Galledia Fachmedien AG\",\"url\":\"https:\/\/www.m-q.ch\/fr\/\",\"logo\":{\"@type\":\"ImageObject\",\"inLanguage\":\"fr-FR\",\"@id\":\"https:\/\/www.m-q.ch\/fr\/#\/schema\/logo\/image\/\",\"url\":\"https:\/\/www.m-q.ch\/wp-content\/uploads\/2020\/12\/cropped-logo_small.png\",\"contentUrl\":\"https:\/\/www.m-q.ch\/wp-content\/uploads\/2020\/12\/cropped-logo_small.png\",\"width\":512,\"height\":512,\"caption\":\"Galledia Fachmedien AG\"},\"image\":{\"@id\":\"https:\/\/www.m-q.ch\/fr\/#\/schema\/logo\/image\/\"},\"sameAs\":[\"https:\/\/www.facebook.com\/ManagementUndQualitaet\",\"https:\/\/www.linkedin.com\/showcase\/17982321\/admin\/\"]},{\"@type\":\"Person\",\"@id\":\"https:\/\/www.m-q.ch\/fr\/#\/schema\/person\/c0139a2c55a374db6df2cde78ec87148\",\"name\":\"galledia\",\"image\":{\"@type\":\"ImageObject\",\"inLanguage\":\"fr-FR\",\"@id\":\"https:\/\/www.m-q.ch\/fr\/#\/schema\/person\/image\/\",\"url\":\"https:\/\/secure.gravatar.com\/avatar\/66edf527eac29e9a5eb25bcada01f61a?s=96&d=mm&r=g\",\"contentUrl\":\"https:\/\/secure.gravatar.com\/avatar\/66edf527eac29e9a5eb25bcada01f61a?s=96&d=mm&r=g\",\"caption\":\"galledia\"},\"url\":\"https:\/\/www.m-q.ch\/fr\/author\/galledia\/\"}]}<\/script>\n<!-- \/ Yoast SEO plugin. -->","yoast_head_json":{"title":"Nouvelle direction de l'Institut pour la gestion des installations (IFM) - MQ Management und Qualit\u00e4t","description":"Il y a eu un changement \u00e0 la direction de l'Institut pour la gestion des installations (IFM) de la ZHAW \u00e0 W\u00e4denswil.","robots":{"index":"index","follow":"follow","max-snippet":"max-snippet:-1","max-image-preview":"max-image-preview:large","max-video-preview":"max-video-preview:-1"},"canonical":"https:\/\/www.m-q.ch\/fr\/nouveau-chef-dinstitut-pour-la-gestion-des-installations-ifm\/","og_locale":"fr_FR","og_type":"article","og_title":"Neue Leitung des Instituts f\u00fcr Facility Management (IFM) - MQ Management und Qualit\u00e4t","og_description":"In der Leitung des Instituts f\u00fcr Facility Management (IFM) der ZHAW in W\u00e4denswil gibt es einen Stabwechsel.","og_url":"https:\/\/www.m-q.ch\/fr\/nouveau-chef-dinstitut-pour-la-gestion-des-installations-ifm\/","og_site_name":"MQ Management und Qualit\u00e4t","article_publisher":"https:\/\/www.facebook.com\/ManagementUndQualitaet","article_published_time":"2016-05-20T11:49:05+00:00","article_modified_time":"2017-03-01T12:45:55+00:00","og_image":[{"width":396,"height":528,"url":"https:\/\/www.m-q.ch\/wp-content\/uploads\/2016\/12\/Neue-Leitung-des-Instituts-f\u00fcr-Facility-Management-IFM-management-und-qualitaet.jpg","type":"image\/jpeg"}],"author":"galledia","twitter_card":"summary_large_image","twitter_misc":{"\u00c9crit par":"galledia","Dur\u00e9e de lecture estim\u00e9e":"1 minute"},"schema":{"@context":"https:\/\/schema.org","@graph":[{"@type":"Article","@id":"https:\/\/www.m-q.ch\/en\/new-head-of-institute-for-facility-management-ifm\/#article","isPartOf":{"@id":"https:\/\/www.m-q.ch\/en\/new-head-of-institute-for-facility-management-ifm\/"},"author":{"name":"galledia","@id":"https:\/\/www.m-q.ch\/fr\/#\/schema\/person\/c0139a2c55a374db6df2cde78ec87148"},"headline":"Neue Leitung des Instituts f\u00fcr Facility Management (IFM)","datePublished":"2016-05-20T11:49:05+00:00","dateModified":"2017-03-01T12:45:55+00:00","mainEntityOfPage":{"@id":"https:\/\/www.m-q.ch\/en\/new-head-of-institute-for-facility-management-ifm\/"},"wordCount":191,"commentCount":0,"publisher":{"@id":"https:\/\/www.m-q.ch\/fr\/#organization"},"image":{"@id":"https:\/\/www.m-q.ch\/en\/new-head-of-institute-for-facility-management-ifm\/#primaryimage"},"thumbnailUrl":"https:\/\/www.m-q.ch\/wp-content\/uploads\/2016\/12\/Neue-Leitung-des-Instituts-f\u00fcr-Facility-Management-IFM-management-und-qualitaet.jpg","keywords":["Personalia"],"articleSection":["Unkategorisiert"],"inLanguage":"fr-FR"},{"@type":"WebPage","@id":"https:\/\/www.m-q.ch\/en\/new-head-of-institute-for-facility-management-ifm\/","url":"https:\/\/www.m-q.ch\/en\/new-head-of-institute-for-facility-management-ifm\/","name":"Nouvelle direction de l'Institut pour la gestion des installations (IFM) - MQ Management und Qualit\u00e4t","isPartOf":{"@id":"https:\/\/www.m-q.ch\/fr\/#website"},"primaryImageOfPage":{"@id":"https:\/\/www.m-q.ch\/en\/new-head-of-institute-for-facility-management-ifm\/#primaryimage"},"image":{"@id":"https:\/\/www.m-q.ch\/en\/new-head-of-institute-for-facility-management-ifm\/#primaryimage"},"thumbnailUrl":"https:\/\/www.m-q.ch\/wp-content\/uploads\/2016\/12\/Neue-Leitung-des-Instituts-f\u00fcr-Facility-Management-IFM-management-und-qualitaet.jpg","datePublished":"2016-05-20T11:49:05+00:00","dateModified":"2017-03-01T12:45:55+00:00","description":"Il y a eu un changement \u00e0 la direction de l'Institut pour la gestion des installations (IFM) de la ZHAW \u00e0 W\u00e4denswil.","breadcrumb":{"@id":"https:\/\/www.m-q.ch\/en\/new-head-of-institute-for-facility-management-ifm\/#breadcrumb"},"inLanguage":"fr-FR","potentialAction":[{"@type":"ReadAction","target":["https:\/\/www.m-q.ch\/en\/new-head-of-institute-for-facility-management-ifm\/"]}]},{"@type":"ImageObject","inLanguage":"fr-FR","@id":"https:\/\/www.m-q.ch\/en\/new-head-of-institute-for-facility-management-ifm\/#primaryimage","url":"https:\/\/www.m-q.ch\/wp-content\/uploads\/2016\/12\/Neue-Leitung-des-Instituts-f\u00fcr-Facility-Management-IFM-management-und-qualitaet.jpg","contentUrl":"https:\/\/www.m-q.ch\/wp-content\/uploads\/2016\/12\/Neue-Leitung-des-Instituts-f\u00fcr-Facility-Management-IFM-management-und-qualitaet.jpg","width":396,"height":528,"caption":"Dr.-Ing. Antje Junghans"},{"@type":"BreadcrumbList","@id":"https:\/\/www.m-q.ch\/en\/new-head-of-institute-for-facility-management-ifm\/#breadcrumb","itemListElement":[{"@type":"ListItem","position":1,"name":"Unkategorisiert","item":"https:\/\/www.m-q.ch\/it\/categoria\/senza-categoria\/"},{"@type":"ListItem","position":2,"name":"Neue Leitung des Instituts f\u00fcr Facility Management (IFM)"}]},{"@type":"WebSite","@id":"https:\/\/www.m-q.ch\/fr\/#website","url":"https:\/\/www.m-q.ch\/fr\/","name":"Gestion et qualit\u00e9 du QM","description":"Plate-forme pour les syst\u00e8mes de gestion int\u00e9gr\u00e9e.","publisher":{"@id":"https:\/\/www.m-q.ch\/fr\/#organization"},"potentialAction":[{"@type":"SearchAction","target":{"@type":"EntryPoint","urlTemplate":"https:\/\/www.m-q.ch\/fr\/?s={search_term_string}"},"query-input":{"@type":"PropertyValueSpecification","valueRequired":true,"valueName":"search_term_string"}}],"inLanguage":"fr-FR"},{"@type":"Organization","@id":"https:\/\/www.m-q.ch\/fr\/#organization","name":"Galledia Trade Media AG","url":"https:\/\/www.m-q.ch\/fr\/","logo":{"@type":"ImageObject","inLanguage":"fr-FR","@id":"https:\/\/www.m-q.ch\/fr\/#\/schema\/logo\/image\/","url":"https:\/\/www.m-q.ch\/wp-content\/uploads\/2020\/12\/cropped-logo_small.png","contentUrl":"https:\/\/www.m-q.ch\/wp-content\/uploads\/2020\/12\/cropped-logo_small.png","width":512,"height":512,"caption":"Galledia Fachmedien AG"},"image":{"@id":"https:\/\/www.m-q.ch\/fr\/#\/schema\/logo\/image\/"},"sameAs":["https:\/\/www.facebook.com\/ManagementUndQualitaet","https:\/\/www.linkedin.com\/showcase\/17982321\/admin\/"]},{"@type":"Person","@id":"https:\/\/www.m-q.ch\/fr\/#\/schema\/person\/c0139a2c55a374db6df2cde78ec87148","name":"galledia","image":{"@type":"ImageObject","inLanguage":"fr-FR","@id":"https:\/\/www.m-q.ch\/fr\/#\/schema\/person\/image\/","url":"https:\/\/secure.gravatar.com\/avatar\/66edf527eac29e9a5eb25bcada01f61a?s=96&d=mm&r=g","contentUrl":"https:\/\/secure.gravatar.com\/avatar\/66edf527eac29e9a5eb25bcada01f61a?s=96&d=mm&r=g","caption":"galledia"},"url":"https:\/\/www.m-q.ch\/fr\/author\/galledia\/"}]}},"_links":{"self":[{"href":"https:\/\/www.m-q.ch\/fr\/wp-json\/wp\/v2\/posts\/424","targetHints":{"allow":["GET"]}}],"collection":[{"href":"https:\/\/www.m-q.ch\/fr\/wp-json\/wp\/v2\/posts"}],"about":[{"href":"https:\/\/www.m-q.ch\/fr\/wp-json\/wp\/v2\/types\/post"}],"author":[{"embeddable":true,"href":"https:\/\/www.m-q.ch\/fr\/wp-json\/wp\/v2\/users\/1"}],"replies":[{"embeddable":true,"href":"https:\/\/www.m-q.ch\/fr\/wp-json\/wp\/v2\/comments?post=424"}],"version-history":[{"count":3,"href":"https:\/\/www.m-q.ch\/fr\/wp-json\/wp\/v2\/posts\/424\/revisions"}],"predecessor-version":[{"id":1131,"href":"https:\/\/www.m-q.ch\/fr\/wp-json\/wp\/v2\/posts\/424\/revisions\/1131"}],"wp:featuredmedia":[{"embeddable":true,"href":"https:\/\/www.m-q.ch\/fr\/wp-json\/wp\/v2\/media\/183"}],"wp:attachment":[{"href":"https:\/\/www.m-q.ch\/fr\/wp-json\/wp\/v2\/media?parent=424"}],"wp:term":[{"taxonomy":"category","embeddable":true,"href":"https:\/\/www.m-q.ch\/fr\/wp-json\/wp\/v2\/categories?post=424"},{"taxonomy":"post_tag","embeddable":true,"href":"https:\/\/www.m-q.ch\/fr\/wp-json\/wp\/v2\/tags?post=424"}],"curies":[{"name":"wp","href":"https:\/\/api.w.org\/{rel}","templated":true}]}}