{"id":460,"date":"2016-06-13T14:09:41","date_gmt":"2016-06-13T12:09:41","guid":{"rendered":"http:\/\/dev.m-q.ch\/?p=460"},"modified":"2017-03-01T13:27:35","modified_gmt":"2017-03-01T12:27:35","slug":"un-podium-de-haut-niveau-aux-powertage-a-la-foire-de-zuerich","status":"publish","type":"post","link":"https:\/\/www.m-q.ch\/fr\/hochkaraetiges-podium-an-den-powertagen-in-der-messe-zuerich\/","title":{"rendered":"Un panel de haut niveau lors des \"Power Days\" au Centre de Foires de Zurich"},"content":{"rendered":"<figure id=\"attachment_136\" aria-describedby=\"caption-attachment-136\" style=\"width: 680px\" class=\"wp-caption alignnone\"><a href=\"https:\/\/m-q.ch\/wp-content\/uploads\/2016\/12\/Hochkar\u00e4tiges-Podium-an-den-Powertagen-in-der-Messe-Z\u00fcrich-management-und-qualitaet.jpg\"><img loading=\"lazy\" decoding=\"async\" class=\"wp-image-136 size-medium\" src=\"https:\/\/www.m-q.ch\/wp-content\/uploads\/2016\/12\/Hochkar\u00e4tiges-Podium-an-den-Powertagen-in-der-Messe-Z\u00fcrich-management-und-qualitaet-680x383.jpg\" width=\"680\" height=\"383\" srcset=\"https:\/\/www.m-q.ch\/wp-content\/uploads\/2016\/12\/Hochkar\u00e4tiges-Podium-an-den-Powertagen-in-der-Messe-Z\u00fcrich-management-und-qualitaet-680x383.jpg 680w, https:\/\/www.m-q.ch\/wp-content\/uploads\/2016\/12\/Hochkar\u00e4tiges-Podium-an-den-Powertagen-in-der-Messe-Z\u00fcrich-management-und-qualitaet-768x432.jpg 768w, https:\/\/www.m-q.ch\/wp-content\/uploads\/2016\/12\/Hochkar\u00e4tiges-Podium-an-den-Powertagen-in-der-Messe-Z\u00fcrich-management-und-qualitaet-1536x865.jpg 1536w, https:\/\/www.m-q.ch\/wp-content\/uploads\/2016\/12\/Hochkar\u00e4tiges-Podium-an-den-Powertagen-in-der-Messe-Z\u00fcrich-management-und-qualitaet-2048x1153.jpg 2048w, https:\/\/www.m-q.ch\/wp-content\/uploads\/2016\/12\/Hochkar\u00e4tiges-Podium-an-den-Powertagen-in-der-Messe-Z\u00fcrich-management-und-qualitaet-16x9.jpg 16w, https:\/\/www.m-q.ch\/wp-content\/uploads\/2016\/12\/Hochkar\u00e4tiges-Podium-an-den-Powertagen-in-der-Messe-Z\u00fcrich-management-und-qualitaet-311x175.jpg 311w, https:\/\/www.m-q.ch\/wp-content\/uploads\/2016\/12\/Hochkar\u00e4tiges-Podium-an-den-Powertagen-in-der-Messe-Z\u00fcrich-management-und-qualitaet-622x350.jpg 622w, https:\/\/www.m-q.ch\/wp-content\/uploads\/2016\/12\/Hochkar\u00e4tiges-Podium-an-den-Powertagen-in-der-Messe-Z\u00fcrich-management-und-qualitaet-1421x800.jpg 1421w, https:\/\/www.m-q.ch\/wp-content\/uploads\/2016\/12\/Hochkar\u00e4tiges-Podium-an-den-Powertagen-in-der-Messe-Z\u00fcrich-management-und-qualitaet-920x518.jpg 920w, https:\/\/www.m-q.ch\/wp-content\/uploads\/2016\/12\/Hochkar\u00e4tiges-Podium-an-den-Powertagen-in-der-Messe-Z\u00fcrich-management-und-qualitaet-1400x788.jpg 1400w, https:\/\/www.m-q.ch\/wp-content\/uploads\/2016\/12\/Hochkar\u00e4tiges-Podium-an-den-Powertagen-in-der-Messe-Z\u00fcrich-management-und-qualitaet-300x169.jpg 300w, https:\/\/www.m-q.ch\/wp-content\/uploads\/2016\/12\/Hochkar\u00e4tiges-Podium-an-den-Powertagen-in-der-Messe-Z\u00fcrich-management-und-qualitaet-1024x576.jpg 1024w, https:\/\/www.m-q.ch\/wp-content\/uploads\/2016\/12\/Hochkar\u00e4tiges-Podium-an-den-Powertagen-in-der-Messe-Z\u00fcrich-management-und-qualitaet-624x351.jpg 624w\" sizes=\"auto, (max-width: 680px) 100vw, 680px\" \/><\/a><figcaption id=\"caption-attachment-136\" class=\"wp-caption-text\">Le podium du \"Powertage\" le confirme : la course aux positions sur le march\u00e9 bat son plein.<\/figcaption><\/figure>\n<p>Une pr\u00e9sentation introductive a clairement montr\u00e9 que cette \"quatri\u00e8me r\u00e9volution industrielle\" entra\u00eene des changements perturbateurs dans l'ensemble du secteur et place les consommateurs au centre de la cr\u00e9ation de valeur. Des mod\u00e8les commerciaux enti\u00e8rement nouveaux apparaissent et les services publics deviennent de plus en plus des entreprises ax\u00e9es sur les donn\u00e9es.<\/p>\n<p>\"L'informatique depuis la prise\", ou l'informatique en nuage et l'\"Internet des objets\" sont les technologies d\u00e9cisives \u00e0 cet \u00e9gard. Avectris offre d\u00e9j\u00e0 une gamme de solutions pr\u00eates \u00e0 l'emploi pour les services publics sur cette base. Lors de la table ronde suivante, cinq cadres sup\u00e9rieurs et le Dr Thomas Wettstein, PDG d'Avectris AG, se sont pench\u00e9s sur le sujet.<\/p>\n<p><strong>Podium pour les pionniers<\/strong><\/p>\n<p>Kurt L\u00fcscher, PDG d'Energie 360\u00b0, a soulign\u00e9 combien il est important de repenser les mod\u00e8les commerciaux du point de vue du consommateur \u00e0 l'avenir. L'exp\u00e9rience de l'utilisateur est au premier plan. Par exemple, un service d'\u00e9lectromobilit\u00e9 qui simplifie l'utilisation des stations de recharge via une application pour smartphone. \u00c0 l'avenir, il ne sera plus important de poss\u00e9der des actifs, mais de les exploiter de mani\u00e8re optimale.<\/p>\n<p>Roger Baumer, PDG et copropri\u00e9taire du groupe H\u00e4lg, a not\u00e9 que le contr\u00f4le et l'optimisation de la technique du b\u00e2timent b\u00e9n\u00e9ficient de la num\u00e9risation et permettent une importante optimisation \u00e9nerg\u00e9tique. Il convient \u00e9galement de noter que de nombreux r\u00e9sidents ne souhaitent pas contr\u00f4ler eux-m\u00eames leur appartement, mais pr\u00e9f\u00e8rent laisser cette t\u00e2che \u00e0 un professionnel du b\u00e2timent tel que H\u00e4lg ou des syst\u00e8mes intelligents.<\/p>\n<p><strong>Coexistence <\/strong><\/p>\n<p>Markus S\u00e4gesser, directeur du Stadtwerk Winterthur, a soulign\u00e9 que la num\u00e9risation ne rendra en aucun cas le monde \"mat\u00e9riel\" obsol\u00e8te. Au contraire, elle coexistera avec le nouveau \"monde num\u00e9rique\". Avec le changement culturel qui l'accompagne, la gestion du changement est avant tout n\u00e9cessaire. Les deux mondes sont fondamentalement diff\u00e9rents, par exemple en termes de vitesse de changement.<\/p>\n<p>Christophe Bossel, membre de la direction du groupe FMB, a expliqu\u00e9 que les offres int\u00e9gr\u00e9es et num\u00e9ris\u00e9es repr\u00e9sentent une grande opportunit\u00e9 pour les services publics. Par exemple, FMB propose des installations photovolta\u00efques, des batteries et la surveillance associ\u00e9e aupr\u00e8s d'un seul et m\u00eame fournisseur : les clients peuvent les commander en ligne et FMB peut les traiter de mani\u00e8re efficace gr\u00e2ce au traitement direct. Luca Bortolani d'IKEA a d\u00e9crit comment les syst\u00e8mes photovolta\u00efques peuvent \u00eatre d\u00e9mocratis\u00e9s pour de larges couches de la population. Cela d\u00e9montre de mani\u00e8re impressionnante que les nouveaux concurrents utiliseront leur p\u00e9n\u00e9tration du march\u00e9 et leur acc\u00e8s aux clients pour proposer des produits \u00e9nerg\u00e9tiques innovants.<\/p>\n<p>Dans l'ensemble, l'\u00e9v\u00e9nement a donn\u00e9 un aper\u00e7u fascinant du monde de l'\u00e9nergie num\u00e9rique de demain. Il est \u00e9galement apparu clairement que la course \u00e0 la position sur le march\u00e9 de demain bat d\u00e9j\u00e0 son plein et que les services publics \u00e9tablis devront r\u00e9pondre par des innovations et \u00e9tendre leur cha\u00eene de valeur existante avec des produits num\u00e9riques ax\u00e9s sur le client. Ou pour le dire de mani\u00e8re plus d\u00e9contract\u00e9e : Si vous n'\u00e9voluez pas avec le temps, vous \u00e9voluez avec le temps.<\/p>\n<p><a href=\"http:\/\/www.avectris.ch\" target=\"_blank\" data-cke-saved-href=\"http:\/\/www.avectris.ch\">http:\/\/www.avectris.ch<\/a><\/p>","protected":false},"excerpt":{"rendered":"<p>Ein Eingangsreferat machte anschaulich klar, dass diese \u201e4. Industrielle Revolution\u201c disruptive \u00c4nderungen f\u00fcr die gesamte Sparte mit sich bringt und die Konsumenten in den Fokus der Wertsch\u00f6pfung r\u00fcckt. Ganz neue Gesch\u00e4ftsmodelle entstehen und die Versorger entwickeln sich zunehmend zu datengetriebenen Unternehmen. \u201eIT aus der Steckdose\u201c, respektive Cloud Computing und das \u201eInternet of Things\u201c sind die [&hellip;]<\/p>\n","protected":false},"author":1,"featured_media":136,"comment_status":"open","ping_status":"open","sticky":false,"template":"","format":"standard","meta":{"_acf_changed":false,"footnotes":""},"categories":[1],"tags":[3372],"class_list":["post-460","post","type-post","status-publish","format-standard","has-post-thumbnail","hentry","category-unkategorisiert","tag-digitalisierung"],"acf":[],"yoast_head":"<!-- This site is optimized with the Yoast SEO plugin v26.2 - https:\/\/yoast.com\/wordpress\/plugins\/seo\/ -->\n<title>Hochkar\u00e4tiges Podium an den \u201ePowertagen\u201c in der Messe Z\u00fcrich - MQ Management und Qualit\u00e4t<\/title>\n<meta name=\"description\" content=\"Alle zwei Jahre finden in der Messe Z\u00fcrich die \u201ePowertage\u201c statt: die zukunftsweisende Plattform f\u00fcr die Schweizer Stromwirtschaft.\" \/>\n<meta name=\"robots\" content=\"index, follow, max-snippet:-1, max-image-preview:large, max-video-preview:-1\" \/>\n<link rel=\"canonical\" href=\"https:\/\/www.m-q.ch\/fr\/haut-calibre-podium-au-pouvoir-jours-dans-la-foire-zuerich\/\" \/>\n<meta property=\"og:locale\" content=\"fr_FR\" \/>\n<meta property=\"og:type\" content=\"article\" \/>\n<meta property=\"og:title\" content=\"Hochkar\u00e4tiges Podium an den \u201ePowertagen\u201c in der Messe Z\u00fcrich - MQ Management und Qualit\u00e4t\" \/>\n<meta property=\"og:description\" content=\"Alle zwei Jahre finden in der Messe Z\u00fcrich die \u201ePowertage\u201c statt: die zukunftsweisende Plattform f\u00fcr die Schweizer Stromwirtschaft.\" \/>\n<meta property=\"og:url\" content=\"https:\/\/www.m-q.ch\/fr\/haut-calibre-podium-au-pouvoir-jours-dans-la-foire-zuerich\/\" \/>\n<meta property=\"og:site_name\" content=\"MQ Management und Qualit\u00e4t\" \/>\n<meta property=\"article:publisher\" content=\"https:\/\/www.facebook.com\/ManagementUndQualitaet\" \/>\n<meta property=\"article:published_time\" content=\"2016-06-13T12:09:41+00:00\" \/>\n<meta property=\"article:modified_time\" content=\"2017-03-01T12:27:35+00:00\" \/>\n<meta property=\"og:image\" content=\"https:\/\/www.m-q.ch\/wp-content\/uploads\/2016\/12\/Hochkar\u00e4tiges-Podium-an-den-Powertagen-in-der-Messe-Z\u00fcrich-management-und-qualitaet-scaled.jpg\" \/>\n\t<meta property=\"og:image:width\" content=\"2560\" \/>\n\t<meta property=\"og:image:height\" content=\"1441\" \/>\n\t<meta property=\"og:image:type\" content=\"image\/jpeg\" \/>\n<meta name=\"author\" content=\"galledia\" \/>\n<meta name=\"twitter:card\" content=\"summary_large_image\" \/>\n<meta name=\"twitter:label1\" content=\"\u00c9crit par\" \/>\n\t<meta name=\"twitter:data1\" content=\"galledia\" \/>\n\t<meta name=\"twitter:label2\" content=\"Dur\u00e9e de lecture estim\u00e9e\" \/>\n\t<meta name=\"twitter:data2\" content=\"2 minutes\" \/>\n<script type=\"application\/ld+json\" class=\"yoast-schema-graph\">{\"@context\":\"https:\/\/schema.org\",\"@graph\":[{\"@type\":\"Article\",\"@id\":\"https:\/\/www.m-q.ch\/en\/high-calibre-podium-at-the-power-days-in-the-fair-zuerich\/#article\",\"isPartOf\":{\"@id\":\"https:\/\/www.m-q.ch\/en\/high-calibre-podium-at-the-power-days-in-the-fair-zuerich\/\"},\"author\":{\"name\":\"galledia\",\"@id\":\"https:\/\/www.m-q.ch\/fr\/#\/schema\/person\/c0139a2c55a374db6df2cde78ec87148\"},\"headline\":\"Hochkar\u00e4tiges Podium an den \u201ePowertagen\u201c in der Messe Z\u00fcrich\",\"datePublished\":\"2016-06-13T12:09:41+00:00\",\"dateModified\":\"2017-03-01T12:27:35+00:00\",\"mainEntityOfPage\":{\"@id\":\"https:\/\/www.m-q.ch\/en\/high-calibre-podium-at-the-power-days-in-the-fair-zuerich\/\"},\"wordCount\":445,\"commentCount\":0,\"publisher\":{\"@id\":\"https:\/\/www.m-q.ch\/fr\/#organization\"},\"image\":{\"@id\":\"https:\/\/www.m-q.ch\/en\/high-calibre-podium-at-the-power-days-in-the-fair-zuerich\/#primaryimage\"},\"thumbnailUrl\":\"https:\/\/www.m-q.ch\/wp-content\/uploads\/2016\/12\/Hochkar\u00e4tiges-Podium-an-den-Powertagen-in-der-Messe-Z\u00fcrich-management-und-qualitaet-scaled.jpg\",\"keywords\":[\"Digitalisierung\"],\"articleSection\":[\"Unkategorisiert\"],\"inLanguage\":\"fr-FR\"},{\"@type\":\"WebPage\",\"@id\":\"https:\/\/www.m-q.ch\/en\/high-calibre-podium-at-the-power-days-in-the-fair-zuerich\/\",\"url\":\"https:\/\/www.m-q.ch\/en\/high-calibre-podium-at-the-power-days-in-the-fair-zuerich\/\",\"name\":\"Hochkar\u00e4tiges Podium an den \u201ePowertagen\u201c in der Messe Z\u00fcrich - MQ Management und Qualit\u00e4t\",\"isPartOf\":{\"@id\":\"https:\/\/www.m-q.ch\/fr\/#website\"},\"primaryImageOfPage\":{\"@id\":\"https:\/\/www.m-q.ch\/en\/high-calibre-podium-at-the-power-days-in-the-fair-zuerich\/#primaryimage\"},\"image\":{\"@id\":\"https:\/\/www.m-q.ch\/en\/high-calibre-podium-at-the-power-days-in-the-fair-zuerich\/#primaryimage\"},\"thumbnailUrl\":\"https:\/\/www.m-q.ch\/wp-content\/uploads\/2016\/12\/Hochkar\u00e4tiges-Podium-an-den-Powertagen-in-der-Messe-Z\u00fcrich-management-und-qualitaet-scaled.jpg\",\"datePublished\":\"2016-06-13T12:09:41+00:00\",\"dateModified\":\"2017-03-01T12:27:35+00:00\",\"description\":\"Alle zwei Jahre finden in der Messe Z\u00fcrich die \u201ePowertage\u201c statt: die zukunftsweisende Plattform f\u00fcr die Schweizer Stromwirtschaft.\",\"breadcrumb\":{\"@id\":\"https:\/\/www.m-q.ch\/en\/high-calibre-podium-at-the-power-days-in-the-fair-zuerich\/#breadcrumb\"},\"inLanguage\":\"fr-FR\",\"potentialAction\":[{\"@type\":\"ReadAction\",\"target\":[\"https:\/\/www.m-q.ch\/en\/high-calibre-podium-at-the-power-days-in-the-fair-zuerich\/\"]}]},{\"@type\":\"ImageObject\",\"inLanguage\":\"fr-FR\",\"@id\":\"https:\/\/www.m-q.ch\/en\/high-calibre-podium-at-the-power-days-in-the-fair-zuerich\/#primaryimage\",\"url\":\"https:\/\/www.m-q.ch\/wp-content\/uploads\/2016\/12\/Hochkar\u00e4tiges-Podium-an-den-Powertagen-in-der-Messe-Z\u00fcrich-management-und-qualitaet-scaled.jpg\",\"contentUrl\":\"https:\/\/www.m-q.ch\/wp-content\/uploads\/2016\/12\/Hochkar\u00e4tiges-Podium-an-den-Powertagen-in-der-Messe-Z\u00fcrich-management-und-qualitaet-scaled.jpg\",\"width\":2560,\"height\":1441,\"caption\":\"Das Podium an den \\\"Powertagen\\\" unstricht: das Rennen um Marktpositionen ist im vollem Gange.\"},{\"@type\":\"BreadcrumbList\",\"@id\":\"https:\/\/www.m-q.ch\/en\/high-calibre-podium-at-the-power-days-in-the-fair-zuerich\/#breadcrumb\",\"itemListElement\":[{\"@type\":\"ListItem\",\"position\":1,\"name\":\"Unkategorisiert\",\"item\":\"https:\/\/www.m-q.ch\/it\/categoria\/senza-categoria\/\"},{\"@type\":\"ListItem\",\"position\":2,\"name\":\"Hochkar\u00e4tiges Podium an den \u201ePowertagen\u201c in der Messe Z\u00fcrich\"}]},{\"@type\":\"WebSite\",\"@id\":\"https:\/\/www.m-q.ch\/fr\/#website\",\"url\":\"https:\/\/www.m-q.ch\/fr\/\",\"name\":\"MQ Management und Qualit\u00e4t\",\"description\":\"Plattform f\u00fcr integrierte Managementsysteme.\",\"publisher\":{\"@id\":\"https:\/\/www.m-q.ch\/fr\/#organization\"},\"potentialAction\":[{\"@type\":\"SearchAction\",\"target\":{\"@type\":\"EntryPoint\",\"urlTemplate\":\"https:\/\/www.m-q.ch\/fr\/?s={search_term_string}\"},\"query-input\":{\"@type\":\"PropertyValueSpecification\",\"valueRequired\":true,\"valueName\":\"search_term_string\"}}],\"inLanguage\":\"fr-FR\"},{\"@type\":\"Organization\",\"@id\":\"https:\/\/www.m-q.ch\/fr\/#organization\",\"name\":\"Galledia Fachmedien AG\",\"url\":\"https:\/\/www.m-q.ch\/fr\/\",\"logo\":{\"@type\":\"ImageObject\",\"inLanguage\":\"fr-FR\",\"@id\":\"https:\/\/www.m-q.ch\/fr\/#\/schema\/logo\/image\/\",\"url\":\"https:\/\/www.m-q.ch\/wp-content\/uploads\/2020\/12\/cropped-logo_small.png\",\"contentUrl\":\"https:\/\/www.m-q.ch\/wp-content\/uploads\/2020\/12\/cropped-logo_small.png\",\"width\":512,\"height\":512,\"caption\":\"Galledia Fachmedien AG\"},\"image\":{\"@id\":\"https:\/\/www.m-q.ch\/fr\/#\/schema\/logo\/image\/\"},\"sameAs\":[\"https:\/\/www.facebook.com\/ManagementUndQualitaet\",\"https:\/\/www.linkedin.com\/showcase\/17982321\/admin\/\"]},{\"@type\":\"Person\",\"@id\":\"https:\/\/www.m-q.ch\/fr\/#\/schema\/person\/c0139a2c55a374db6df2cde78ec87148\",\"name\":\"galledia\",\"image\":{\"@type\":\"ImageObject\",\"inLanguage\":\"fr-FR\",\"@id\":\"https:\/\/www.m-q.ch\/fr\/#\/schema\/person\/image\/\",\"url\":\"https:\/\/secure.gravatar.com\/avatar\/66edf527eac29e9a5eb25bcada01f61a?s=96&d=mm&r=g\",\"contentUrl\":\"https:\/\/secure.gravatar.com\/avatar\/66edf527eac29e9a5eb25bcada01f61a?s=96&d=mm&r=g\",\"caption\":\"galledia\"},\"url\":\"https:\/\/www.m-q.ch\/fr\/author\/galledia\/\"}]}<\/script>\n<!-- \/ Yoast SEO plugin. -->","yoast_head_json":{"title":"Un panel de haut niveau aux \"Power Days\" de Messe Z\u00fcrich - MQ Management und Qualit\u00e4t","description":"Tous les deux ans, le centre d'exposition de Zurich accueille les \"Powertage\" : la plateforme d'avenir de l'industrie \u00e9lectrique suisse.","robots":{"index":"index","follow":"follow","max-snippet":"max-snippet:-1","max-image-preview":"max-image-preview:large","max-video-preview":"max-video-preview:-1"},"canonical":"https:\/\/www.m-q.ch\/fr\/haut-calibre-podium-au-pouvoir-jours-dans-la-foire-zuerich\/","og_locale":"fr_FR","og_type":"article","og_title":"Hochkar\u00e4tiges Podium an den \u201ePowertagen\u201c in der Messe Z\u00fcrich - MQ Management und Qualit\u00e4t","og_description":"Alle zwei Jahre finden in der Messe Z\u00fcrich die \u201ePowertage\u201c statt: die zukunftsweisende Plattform f\u00fcr die Schweizer Stromwirtschaft.","og_url":"https:\/\/www.m-q.ch\/fr\/haut-calibre-podium-au-pouvoir-jours-dans-la-foire-zuerich\/","og_site_name":"MQ Management und Qualit\u00e4t","article_publisher":"https:\/\/www.facebook.com\/ManagementUndQualitaet","article_published_time":"2016-06-13T12:09:41+00:00","article_modified_time":"2017-03-01T12:27:35+00:00","og_image":[{"width":2560,"height":1441,"url":"https:\/\/www.m-q.ch\/wp-content\/uploads\/2016\/12\/Hochkar\u00e4tiges-Podium-an-den-Powertagen-in-der-Messe-Z\u00fcrich-management-und-qualitaet-scaled.jpg","type":"image\/jpeg"}],"author":"galledia","twitter_card":"summary_large_image","twitter_misc":{"\u00c9crit par":"galledia","Dur\u00e9e de lecture estim\u00e9e":"2 minutes"},"schema":{"@context":"https:\/\/schema.org","@graph":[{"@type":"Article","@id":"https:\/\/www.m-q.ch\/en\/high-calibre-podium-at-the-power-days-in-the-fair-zuerich\/#article","isPartOf":{"@id":"https:\/\/www.m-q.ch\/en\/high-calibre-podium-at-the-power-days-in-the-fair-zuerich\/"},"author":{"name":"galledia","@id":"https:\/\/www.m-q.ch\/fr\/#\/schema\/person\/c0139a2c55a374db6df2cde78ec87148"},"headline":"Hochkar\u00e4tiges Podium an den \u201ePowertagen\u201c in der Messe Z\u00fcrich","datePublished":"2016-06-13T12:09:41+00:00","dateModified":"2017-03-01T12:27:35+00:00","mainEntityOfPage":{"@id":"https:\/\/www.m-q.ch\/en\/high-calibre-podium-at-the-power-days-in-the-fair-zuerich\/"},"wordCount":445,"commentCount":0,"publisher":{"@id":"https:\/\/www.m-q.ch\/fr\/#organization"},"image":{"@id":"https:\/\/www.m-q.ch\/en\/high-calibre-podium-at-the-power-days-in-the-fair-zuerich\/#primaryimage"},"thumbnailUrl":"https:\/\/www.m-q.ch\/wp-content\/uploads\/2016\/12\/Hochkar\u00e4tiges-Podium-an-den-Powertagen-in-der-Messe-Z\u00fcrich-management-und-qualitaet-scaled.jpg","keywords":["Digitalisierung"],"articleSection":["Unkategorisiert"],"inLanguage":"fr-FR"},{"@type":"WebPage","@id":"https:\/\/www.m-q.ch\/en\/high-calibre-podium-at-the-power-days-in-the-fair-zuerich\/","url":"https:\/\/www.m-q.ch\/en\/high-calibre-podium-at-the-power-days-in-the-fair-zuerich\/","name":"Un panel de haut niveau aux \"Power Days\" de Messe Z\u00fcrich - MQ Management und Qualit\u00e4t","isPartOf":{"@id":"https:\/\/www.m-q.ch\/fr\/#website"},"primaryImageOfPage":{"@id":"https:\/\/www.m-q.ch\/en\/high-calibre-podium-at-the-power-days-in-the-fair-zuerich\/#primaryimage"},"image":{"@id":"https:\/\/www.m-q.ch\/en\/high-calibre-podium-at-the-power-days-in-the-fair-zuerich\/#primaryimage"},"thumbnailUrl":"https:\/\/www.m-q.ch\/wp-content\/uploads\/2016\/12\/Hochkar\u00e4tiges-Podium-an-den-Powertagen-in-der-Messe-Z\u00fcrich-management-und-qualitaet-scaled.jpg","datePublished":"2016-06-13T12:09:41+00:00","dateModified":"2017-03-01T12:27:35+00:00","description":"Tous les deux ans, le centre d'exposition de Zurich accueille les \"Powertage\" : la plateforme d'avenir de l'industrie \u00e9lectrique suisse.","breadcrumb":{"@id":"https:\/\/www.m-q.ch\/en\/high-calibre-podium-at-the-power-days-in-the-fair-zuerich\/#breadcrumb"},"inLanguage":"fr-FR","potentialAction":[{"@type":"ReadAction","target":["https:\/\/www.m-q.ch\/en\/high-calibre-podium-at-the-power-days-in-the-fair-zuerich\/"]}]},{"@type":"ImageObject","inLanguage":"fr-FR","@id":"https:\/\/www.m-q.ch\/en\/high-calibre-podium-at-the-power-days-in-the-fair-zuerich\/#primaryimage","url":"https:\/\/www.m-q.ch\/wp-content\/uploads\/2016\/12\/Hochkar\u00e4tiges-Podium-an-den-Powertagen-in-der-Messe-Z\u00fcrich-management-und-qualitaet-scaled.jpg","contentUrl":"https:\/\/www.m-q.ch\/wp-content\/uploads\/2016\/12\/Hochkar\u00e4tiges-Podium-an-den-Powertagen-in-der-Messe-Z\u00fcrich-management-und-qualitaet-scaled.jpg","width":2560,"height":1441,"caption":"Das Podium an den \"Powertagen\" unstricht: das Rennen um Marktpositionen ist im vollem Gange."},{"@type":"BreadcrumbList","@id":"https:\/\/www.m-q.ch\/en\/high-calibre-podium-at-the-power-days-in-the-fair-zuerich\/#breadcrumb","itemListElement":[{"@type":"ListItem","position":1,"name":"Unkategorisiert","item":"https:\/\/www.m-q.ch\/it\/categoria\/senza-categoria\/"},{"@type":"ListItem","position":2,"name":"Hochkar\u00e4tiges Podium an den \u201ePowertagen\u201c in der Messe Z\u00fcrich"}]},{"@type":"WebSite","@id":"https:\/\/www.m-q.ch\/fr\/#website","url":"https:\/\/www.m-q.ch\/fr\/","name":"Gestion et qualit\u00e9 du QM","description":"Plate-forme pour les syst\u00e8mes de gestion int\u00e9gr\u00e9e.","publisher":{"@id":"https:\/\/www.m-q.ch\/fr\/#organization"},"potentialAction":[{"@type":"SearchAction","target":{"@type":"EntryPoint","urlTemplate":"https:\/\/www.m-q.ch\/fr\/?s={search_term_string}"},"query-input":{"@type":"PropertyValueSpecification","valueRequired":true,"valueName":"search_term_string"}}],"inLanguage":"fr-FR"},{"@type":"Organization","@id":"https:\/\/www.m-q.ch\/fr\/#organization","name":"Galledia Trade Media AG","url":"https:\/\/www.m-q.ch\/fr\/","logo":{"@type":"ImageObject","inLanguage":"fr-FR","@id":"https:\/\/www.m-q.ch\/fr\/#\/schema\/logo\/image\/","url":"https:\/\/www.m-q.ch\/wp-content\/uploads\/2020\/12\/cropped-logo_small.png","contentUrl":"https:\/\/www.m-q.ch\/wp-content\/uploads\/2020\/12\/cropped-logo_small.png","width":512,"height":512,"caption":"Galledia Fachmedien AG"},"image":{"@id":"https:\/\/www.m-q.ch\/fr\/#\/schema\/logo\/image\/"},"sameAs":["https:\/\/www.facebook.com\/ManagementUndQualitaet","https:\/\/www.linkedin.com\/showcase\/17982321\/admin\/"]},{"@type":"Person","@id":"https:\/\/www.m-q.ch\/fr\/#\/schema\/person\/c0139a2c55a374db6df2cde78ec87148","name":"galledia","image":{"@type":"ImageObject","inLanguage":"fr-FR","@id":"https:\/\/www.m-q.ch\/fr\/#\/schema\/person\/image\/","url":"https:\/\/secure.gravatar.com\/avatar\/66edf527eac29e9a5eb25bcada01f61a?s=96&d=mm&r=g","contentUrl":"https:\/\/secure.gravatar.com\/avatar\/66edf527eac29e9a5eb25bcada01f61a?s=96&d=mm&r=g","caption":"galledia"},"url":"https:\/\/www.m-q.ch\/fr\/author\/galledia\/"}]}},"_links":{"self":[{"href":"https:\/\/www.m-q.ch\/fr\/wp-json\/wp\/v2\/posts\/460","targetHints":{"allow":["GET"]}}],"collection":[{"href":"https:\/\/www.m-q.ch\/fr\/wp-json\/wp\/v2\/posts"}],"about":[{"href":"https:\/\/www.m-q.ch\/fr\/wp-json\/wp\/v2\/types\/post"}],"author":[{"embeddable":true,"href":"https:\/\/www.m-q.ch\/fr\/wp-json\/wp\/v2\/users\/1"}],"replies":[{"embeddable":true,"href":"https:\/\/www.m-q.ch\/fr\/wp-json\/wp\/v2\/comments?post=460"}],"version-history":[{"count":2,"href":"https:\/\/www.m-q.ch\/fr\/wp-json\/wp\/v2\/posts\/460\/revisions"}],"predecessor-version":[{"id":1110,"href":"https:\/\/www.m-q.ch\/fr\/wp-json\/wp\/v2\/posts\/460\/revisions\/1110"}],"wp:featuredmedia":[{"embeddable":true,"href":"https:\/\/www.m-q.ch\/fr\/wp-json\/wp\/v2\/media\/136"}],"wp:attachment":[{"href":"https:\/\/www.m-q.ch\/fr\/wp-json\/wp\/v2\/media?parent=460"}],"wp:term":[{"taxonomy":"category","embeddable":true,"href":"https:\/\/www.m-q.ch\/fr\/wp-json\/wp\/v2\/categories?post=460"},{"taxonomy":"post_tag","embeddable":true,"href":"https:\/\/www.m-q.ch\/fr\/wp-json\/wp\/v2\/tags?post=460"}],"curies":[{"name":"wp","href":"https:\/\/api.w.org\/{rel}","templated":true}]}}