{"id":464,"date":"2016-06-15T14:11:20","date_gmt":"2016-06-15T12:11:20","guid":{"rendered":"http:\/\/dev.m-q.ch\/?p=464"},"modified":"2017-03-01T13:26:15","modified_gmt":"2017-03-01T12:26:15","slug":"etude-recente-sur-le-taux-de-couverture-des-entreprises-sli","status":"publish","type":"post","link":"https:\/\/www.m-q.ch\/fr\/aktuelle-studie-zum-deckungsgrad-der-sli-unternehmen\/","title":{"rendered":"\u00c9tude actuelle sur le taux de couverture des soci\u00e9t\u00e9s de SLI"},"content":{"rendered":"<p><a href=\"https:\/\/m-q.ch\/wp-content\/uploads\/2016\/12\/Aktuelle-Studie-zum-Deckungsgrad-der-SLI-Unternehmen-management-und-qualitaet.jpg\"><img loading=\"lazy\" decoding=\"async\" class=\"alignnone wp-image-57 size-medium\" src=\"https:\/\/www.m-q.ch\/wp-content\/uploads\/2016\/12\/Aktuelle-Studie-zum-Deckungsgrad-der-SLI-Unternehmen-management-und-qualitaet-680x510.jpg\" width=\"680\" height=\"510\" srcset=\"https:\/\/www.m-q.ch\/wp-content\/uploads\/2016\/12\/Aktuelle-Studie-zum-Deckungsgrad-der-SLI-Unternehmen-management-und-qualitaet-680x510.jpg 680w, https:\/\/www.m-q.ch\/wp-content\/uploads\/2016\/12\/Aktuelle-Studie-zum-Deckungsgrad-der-SLI-Unternehmen-management-und-qualitaet-768x576.jpg 768w, https:\/\/www.m-q.ch\/wp-content\/uploads\/2016\/12\/Aktuelle-Studie-zum-Deckungsgrad-der-SLI-Unternehmen-management-und-qualitaet-16x12.jpg 16w, https:\/\/www.m-q.ch\/wp-content\/uploads\/2016\/12\/Aktuelle-Studie-zum-Deckungsgrad-der-SLI-Unternehmen-management-und-qualitaet-233x175.jpg 233w, https:\/\/www.m-q.ch\/wp-content\/uploads\/2016\/12\/Aktuelle-Studie-zum-Deckungsgrad-der-SLI-Unternehmen-management-und-qualitaet-467x350.jpg 467w, https:\/\/www.m-q.ch\/wp-content\/uploads\/2016\/12\/Aktuelle-Studie-zum-Deckungsgrad-der-SLI-Unternehmen-management-und-qualitaet-300x225.jpg 300w, https:\/\/www.m-q.ch\/wp-content\/uploads\/2016\/12\/Aktuelle-Studie-zum-Deckungsgrad-der-SLI-Unternehmen-management-und-qualitaet-624x468.jpg 624w, https:\/\/www.m-q.ch\/wp-content\/uploads\/2016\/12\/Aktuelle-Studie-zum-Deckungsgrad-der-SLI-Unternehmen-management-und-qualitaet.jpg 800w\" sizes=\"auto, (max-width: 680px) 100vw, 680px\" \/><\/a><\/p>\n<p>L'\u00e9tude \u00e0 vocation internationale analyse, entre autres, la situation de la couverture des engagements de pr\u00e9voyance dans les bilans de tous les plans de pr\u00e9voyance \u00e0 prestations d\u00e9finies des principales soci\u00e9t\u00e9s cot\u00e9es en Suisse, conform\u00e9ment aux normes comptables internationales en vigueur en Suisse et \u00e0 l'\u00e9tranger.<\/p>\n<p>L'\u00e9valuation des donn\u00e9es publi\u00e9es dans les rapports annuels est effectu\u00e9e conform\u00e9ment aux normes comptables internationales IFRS et US-GAAP.<\/p>\n<p>\"Willis Towers Watson choisit cette approche afin de rendre plus comparables les entreprises internationales bas\u00e9es en Suisse. Par cons\u00e9quent, le ratio de financement pr\u00e9sent\u00e9 dans notre rapport diff\u00e8re sensiblement du ratio de financement r\u00e9glementaire communiqu\u00e9 par les caisses de pension suisses conform\u00e9ment aux normes Swiss GAAP, en vertu de l'article 44 OPP2\", explique Peter Zanella, responsable des retraites chez Willis Towers Watson \u00e0 Zurich. Les normes internationales peuvent \u00eatre utilis\u00e9es pour calculer un point de r\u00e9f\u00e9rence significatif pour l'analyse de la situation globale des pensions d'une entreprise.<\/p>\n<p><strong>Un taux d'actualisation historiquement bas<\/strong><\/p>\n<p>Bien que les actifs du r\u00e9gime n'aient que mod\u00e9r\u00e9ment chang\u00e9, le ratio de financement, tel que d\u00e9fini par les normes comptables internationales, a l\u00e9g\u00e8rement baiss\u00e9 \u00e0 83 % pour les soci\u00e9t\u00e9s de PMI et est rest\u00e9 constant \u00e0 80 % pour les soci\u00e9t\u00e9s d'ISL, souligne l'\u00e9tude de Willis Towers.<\/p>\n<p>Pour les entreprises, le taux d'actualisation historiquement bas rend encore plus important de revoir leurs plans de retraite actuels et d'envisager la mise en place de processus de r\u00e9duction des risques.<\/p>\n<p><strong>Des r\u00e9sultats stables en 2015<\/strong><\/p>\n<p>Par rapport \u00e0 l'ann\u00e9e pr\u00e9c\u00e9dente, les engagements en mati\u00e8re de pensions des soci\u00e9t\u00e9s du PMI analys\u00e9es ont diminu\u00e9 de 3,4 milliards de CHF (-1,6%) et de 0,7 milliard de CHF (-0,3%) pour les soci\u00e9t\u00e9s du PMI, ce qui est en partie d\u00fb aux mouvements au sein de l'indice et \u00e0 la r\u00e9duction des engagements en mati\u00e8re de pensions des diff\u00e9rentes soci\u00e9t\u00e9s. Comme les actifs du r\u00e9gime ont \u00e9volu\u00e9 en dessous des attentes sur la m\u00eame p\u00e9riode, le ratio de financement moyen a diminu\u00e9 de 1 point de pourcentage pour les soci\u00e9t\u00e9s de PMI et est rest\u00e9 stable pour les soci\u00e9t\u00e9s d'ISL. Ainsi, en 2015, 83 % (SMI) et 80 % (SLI) des obligations de pension \u00e9taient couvertes par les actifs correspondants du r\u00e9gime financ\u00e9 s\u00e9par\u00e9ment.<\/p>\n<p><strong>Mesures de r\u00e9duction des risques<\/strong><\/p>\n<p>Apparemment, les entreprises ont pris des mesures pour mieux contr\u00f4ler les engagements de retraite. Des exemples typiques de ces mesures de r\u00e9duction des risques sont la r\u00e9duction des taux de conversion ou la limitation du montant qui peut \u00eatre pr\u00e9lev\u00e9 au titre de la pension.<\/p>\n<p>Les rendements de leurs obligations d'une dur\u00e9e de 10 ans ou plus ont chut\u00e9 de 35 \u00e0 48 points de base au premier trimestre 2016. Pour les plans d'une dur\u00e9e de 15 ans (comme un plan de retraite suisse typique), les engagements de retraite peuvent avoir augment\u00e9 d'environ 5 \u00e0 6 % en raison de la baisse du taux d'actualisation. Cela entra\u00eenerait une r\u00e9duction des ratios de financement \u00e0 78-79 % pour les entreprises de PMI et \u00e0 75-76 % pour les entreprises de TSL.<\/p>\n<p>En Suisse, les bases techniques actualis\u00e9es de la LPP 2015 sont disponibles depuis d\u00e9cembre 2010. Celles-ci tiennent compte de l'exp\u00e9rience de mortalit\u00e9 de 15 des plus grandes caisses de retraite de Suisse sur une p\u00e9riode de 5 ans.<\/p>\n<p>Willis Towers Watson pr\u00e9voit d'appliquer ces principes pour les \u00e9valuations selon les normes comptables internationales dans l'ann\u00e9e en cours. On observe une l\u00e9g\u00e8re augmentation des engagements de retraite pour les r\u00e9gimes de retraite suisses. L'impact r\u00e9el sur les entreprises d\u00e9pendra aussi notamment de la proportion d'assur\u00e9s suisses dans les engagements globaux de retraite.<\/p>\n<p>Compte tenu de la nouvelle baisse des taux d'int\u00e9r\u00eat et de la difficult\u00e9 croissante de trouver des v\u00e9hicules d'investissement traditionnels qui g\u00e9n\u00e8rent des rendements ad\u00e9quats \u00e0 court et moyen terme, il est d'autant plus important de se concentrer sur les engagements de retraite.<\/p>\n<p>Pour plus de d\u00e9tails sur la derni\u00e8re \u00e9tude sur les risques li\u00e9s aux pensions r\u00e9alis\u00e9e par Willis Towers Watson, voir <a href=\"http:\/\/www.towerswatson.com\" target=\"_blank\" data-cke-saved-href=\"http:\/\/www.towerswatson.com\">www.towerswatson.com<\/a><\/p>","protected":false},"excerpt":{"rendered":"<p>Die international ausgerichtete Studie analysiert bei den f\u00fchrenden b\u00f6rsenkotierten Unternehmen in der Schweiz unter anderem die Deckungssituation der Vorsorgeverpflichtungen in den Bilanzen s\u00e4mtlicher leistungsorientierter Vorsorgepl\u00e4ne gem\u00e4ss den internationalen Rechnungslegungsstandards in und ausserhalb der Schweiz. Die Auswertung der in den Gesch\u00e4ftsberichten ver\u00f6ffentlichten Daten erfolgt gem\u00e4ss den internationalen Rechnungslegungsstandards IFRS und US-GAAP. \u201eWillis Towers Watson w\u00e4hlt diese [&hellip;]<\/p>\n","protected":false},"author":1,"featured_media":57,"comment_status":"open","ping_status":"open","sticky":false,"template":"","format":"standard","meta":{"_acf_changed":false,"footnotes":""},"categories":[1],"tags":[3362],"class_list":["post-464","post","type-post","status-publish","format-standard","has-post-thumbnail","hentry","category-unkategorisiert","tag-studie"],"acf":[],"yoast_head":"<!-- This site is optimized with the Yoast SEO plugin v26.2 - https:\/\/yoast.com\/wordpress\/plugins\/seo\/ -->\n<title>Aktuelle Studie zum Deckungsgrad der SLI-Unternehmen - MQ Management und Qualit\u00e4t<\/title>\n<meta name=\"description\" content=\"SLI-Unternehmen: Die j\u00e4hrliche Pension Risk Studie von Willis Towers Watson hat f\u00fcr das Jahr 2015 best\u00e4tigt.\" \/>\n<meta name=\"robots\" content=\"index, follow, max-snippet:-1, max-image-preview:large, max-video-preview:-1\" \/>\n<link rel=\"canonical\" href=\"https:\/\/www.m-q.ch\/fr\/etude-recente-sur-le-taux-de-couverture-des-entreprises-sli\/\" \/>\n<meta property=\"og:locale\" content=\"fr_FR\" \/>\n<meta property=\"og:type\" content=\"article\" \/>\n<meta property=\"og:title\" content=\"Aktuelle Studie zum Deckungsgrad der SLI-Unternehmen - MQ Management und Qualit\u00e4t\" \/>\n<meta property=\"og:description\" content=\"SLI-Unternehmen: Die j\u00e4hrliche Pension Risk Studie von Willis Towers Watson hat f\u00fcr das Jahr 2015 best\u00e4tigt.\" \/>\n<meta property=\"og:url\" content=\"https:\/\/www.m-q.ch\/fr\/etude-recente-sur-le-taux-de-couverture-des-entreprises-sli\/\" \/>\n<meta property=\"og:site_name\" content=\"MQ Management und Qualit\u00e4t\" \/>\n<meta property=\"article:publisher\" content=\"https:\/\/www.facebook.com\/ManagementUndQualitaet\" \/>\n<meta property=\"article:published_time\" content=\"2016-06-15T12:11:20+00:00\" \/>\n<meta property=\"article:modified_time\" content=\"2017-03-01T12:26:15+00:00\" \/>\n<meta property=\"og:image\" content=\"https:\/\/www.m-q.ch\/wp-content\/uploads\/2016\/12\/Aktuelle-Studie-zum-Deckungsgrad-der-SLI-Unternehmen-management-und-qualitaet.jpg\" \/>\n\t<meta property=\"og:image:width\" content=\"800\" \/>\n\t<meta property=\"og:image:height\" content=\"600\" \/>\n\t<meta property=\"og:image:type\" content=\"image\/jpeg\" \/>\n<meta name=\"author\" content=\"galledia\" \/>\n<meta name=\"twitter:card\" content=\"summary_large_image\" \/>\n<meta name=\"twitter:label1\" content=\"\u00c9crit par\" \/>\n\t<meta name=\"twitter:data1\" content=\"galledia\" \/>\n\t<meta name=\"twitter:label2\" content=\"Dur\u00e9e de lecture estim\u00e9e\" \/>\n\t<meta name=\"twitter:data2\" content=\"3 minutes\" \/>\n<script type=\"application\/ld+json\" class=\"yoast-schema-graph\">{\"@context\":\"https:\/\/schema.org\",\"@graph\":[{\"@type\":\"Article\",\"@id\":\"https:\/\/www.m-q.ch\/de\/aktuelle-studie-zum-deckungsgrad-der-sli-unternehmen\/#article\",\"isPartOf\":{\"@id\":\"https:\/\/www.m-q.ch\/de\/aktuelle-studie-zum-deckungsgrad-der-sli-unternehmen\/\"},\"author\":{\"name\":\"galledia\",\"@id\":\"https:\/\/www.m-q.ch\/fr\/#\/schema\/person\/c0139a2c55a374db6df2cde78ec87148\"},\"headline\":\"Aktuelle Studie zum Deckungsgrad der SLI-Unternehmen\",\"datePublished\":\"2016-06-15T12:11:20+00:00\",\"dateModified\":\"2017-03-01T12:26:15+00:00\",\"mainEntityOfPage\":{\"@id\":\"https:\/\/www.m-q.ch\/de\/aktuelle-studie-zum-deckungsgrad-der-sli-unternehmen\/\"},\"wordCount\":552,\"commentCount\":0,\"publisher\":{\"@id\":\"https:\/\/www.m-q.ch\/fr\/#organization\"},\"image\":{\"@id\":\"https:\/\/www.m-q.ch\/de\/aktuelle-studie-zum-deckungsgrad-der-sli-unternehmen\/#primaryimage\"},\"thumbnailUrl\":\"https:\/\/www.m-q.ch\/wp-content\/uploads\/2016\/12\/Aktuelle-Studie-zum-Deckungsgrad-der-SLI-Unternehmen-management-und-qualitaet.jpg\",\"keywords\":[\"Studie\"],\"articleSection\":[\"Unkategorisiert\"],\"inLanguage\":\"fr-FR\"},{\"@type\":\"WebPage\",\"@id\":\"https:\/\/www.m-q.ch\/de\/aktuelle-studie-zum-deckungsgrad-der-sli-unternehmen\/\",\"url\":\"https:\/\/www.m-q.ch\/de\/aktuelle-studie-zum-deckungsgrad-der-sli-unternehmen\/\",\"name\":\"Aktuelle Studie zum Deckungsgrad der SLI-Unternehmen - MQ Management und Qualit\u00e4t\",\"isPartOf\":{\"@id\":\"https:\/\/www.m-q.ch\/fr\/#website\"},\"primaryImageOfPage\":{\"@id\":\"https:\/\/www.m-q.ch\/de\/aktuelle-studie-zum-deckungsgrad-der-sli-unternehmen\/#primaryimage\"},\"image\":{\"@id\":\"https:\/\/www.m-q.ch\/de\/aktuelle-studie-zum-deckungsgrad-der-sli-unternehmen\/#primaryimage\"},\"thumbnailUrl\":\"https:\/\/www.m-q.ch\/wp-content\/uploads\/2016\/12\/Aktuelle-Studie-zum-Deckungsgrad-der-SLI-Unternehmen-management-und-qualitaet.jpg\",\"datePublished\":\"2016-06-15T12:11:20+00:00\",\"dateModified\":\"2017-03-01T12:26:15+00:00\",\"description\":\"SLI-Unternehmen: Die j\u00e4hrliche Pension Risk Studie von Willis Towers Watson hat f\u00fcr das Jahr 2015 best\u00e4tigt.\",\"breadcrumb\":{\"@id\":\"https:\/\/www.m-q.ch\/de\/aktuelle-studie-zum-deckungsgrad-der-sli-unternehmen\/#breadcrumb\"},\"inLanguage\":\"fr-FR\",\"potentialAction\":[{\"@type\":\"ReadAction\",\"target\":[\"https:\/\/www.m-q.ch\/de\/aktuelle-studie-zum-deckungsgrad-der-sli-unternehmen\/\"]}]},{\"@type\":\"ImageObject\",\"inLanguage\":\"fr-FR\",\"@id\":\"https:\/\/www.m-q.ch\/de\/aktuelle-studie-zum-deckungsgrad-der-sli-unternehmen\/#primaryimage\",\"url\":\"https:\/\/www.m-q.ch\/wp-content\/uploads\/2016\/12\/Aktuelle-Studie-zum-Deckungsgrad-der-SLI-Unternehmen-management-und-qualitaet.jpg\",\"contentUrl\":\"https:\/\/www.m-q.ch\/wp-content\/uploads\/2016\/12\/Aktuelle-Studie-zum-Deckungsgrad-der-SLI-Unternehmen-management-und-qualitaet.jpg\",\"width\":800,\"height\":600},{\"@type\":\"BreadcrumbList\",\"@id\":\"https:\/\/www.m-q.ch\/de\/aktuelle-studie-zum-deckungsgrad-der-sli-unternehmen\/#breadcrumb\",\"itemListElement\":[{\"@type\":\"ListItem\",\"position\":1,\"name\":\"Unkategorisiert\",\"item\":\"https:\/\/www.m-q.ch\/it\/categoria\/senza-categoria\/\"},{\"@type\":\"ListItem\",\"position\":2,\"name\":\"Aktuelle Studie zum Deckungsgrad der SLI-Unternehmen\"}]},{\"@type\":\"WebSite\",\"@id\":\"https:\/\/www.m-q.ch\/fr\/#website\",\"url\":\"https:\/\/www.m-q.ch\/fr\/\",\"name\":\"MQ Management und Qualit\u00e4t\",\"description\":\"Plattform f\u00fcr integrierte Managementsysteme.\",\"publisher\":{\"@id\":\"https:\/\/www.m-q.ch\/fr\/#organization\"},\"potentialAction\":[{\"@type\":\"SearchAction\",\"target\":{\"@type\":\"EntryPoint\",\"urlTemplate\":\"https:\/\/www.m-q.ch\/fr\/?s={search_term_string}\"},\"query-input\":{\"@type\":\"PropertyValueSpecification\",\"valueRequired\":true,\"valueName\":\"search_term_string\"}}],\"inLanguage\":\"fr-FR\"},{\"@type\":\"Organization\",\"@id\":\"https:\/\/www.m-q.ch\/fr\/#organization\",\"name\":\"Galledia Fachmedien AG\",\"url\":\"https:\/\/www.m-q.ch\/fr\/\",\"logo\":{\"@type\":\"ImageObject\",\"inLanguage\":\"fr-FR\",\"@id\":\"https:\/\/www.m-q.ch\/fr\/#\/schema\/logo\/image\/\",\"url\":\"https:\/\/www.m-q.ch\/wp-content\/uploads\/2020\/12\/cropped-logo_small.png\",\"contentUrl\":\"https:\/\/www.m-q.ch\/wp-content\/uploads\/2020\/12\/cropped-logo_small.png\",\"width\":512,\"height\":512,\"caption\":\"Galledia Fachmedien AG\"},\"image\":{\"@id\":\"https:\/\/www.m-q.ch\/fr\/#\/schema\/logo\/image\/\"},\"sameAs\":[\"https:\/\/www.facebook.com\/ManagementUndQualitaet\",\"https:\/\/www.linkedin.com\/showcase\/17982321\/admin\/\"]},{\"@type\":\"Person\",\"@id\":\"https:\/\/www.m-q.ch\/fr\/#\/schema\/person\/c0139a2c55a374db6df2cde78ec87148\",\"name\":\"galledia\",\"image\":{\"@type\":\"ImageObject\",\"inLanguage\":\"fr-FR\",\"@id\":\"https:\/\/www.m-q.ch\/fr\/#\/schema\/person\/image\/\",\"url\":\"https:\/\/secure.gravatar.com\/avatar\/66edf527eac29e9a5eb25bcada01f61a?s=96&d=mm&r=g\",\"contentUrl\":\"https:\/\/secure.gravatar.com\/avatar\/66edf527eac29e9a5eb25bcada01f61a?s=96&d=mm&r=g\",\"caption\":\"galledia\"},\"url\":\"https:\/\/www.m-q.ch\/fr\/author\/galledia\/\"}]}<\/script>\n<!-- \/ Yoast SEO plugin. -->","yoast_head_json":{"title":"\u00c9tude actuelle sur le taux de couverture des entreprises SLI - MQ Management und Qualit\u00e4t","description":"Soci\u00e9t\u00e9s SLI : L'\u00e9tude annuelle de Willis Towers Watson sur les risques li\u00e9s aux retraites a confirm\u00e9 l'horizon 2015.","robots":{"index":"index","follow":"follow","max-snippet":"max-snippet:-1","max-image-preview":"max-image-preview:large","max-video-preview":"max-video-preview:-1"},"canonical":"https:\/\/www.m-q.ch\/fr\/etude-recente-sur-le-taux-de-couverture-des-entreprises-sli\/","og_locale":"fr_FR","og_type":"article","og_title":"Aktuelle Studie zum Deckungsgrad der SLI-Unternehmen - MQ Management und Qualit\u00e4t","og_description":"SLI-Unternehmen: Die j\u00e4hrliche Pension Risk Studie von Willis Towers Watson hat f\u00fcr das Jahr 2015 best\u00e4tigt.","og_url":"https:\/\/www.m-q.ch\/fr\/etude-recente-sur-le-taux-de-couverture-des-entreprises-sli\/","og_site_name":"MQ Management und Qualit\u00e4t","article_publisher":"https:\/\/www.facebook.com\/ManagementUndQualitaet","article_published_time":"2016-06-15T12:11:20+00:00","article_modified_time":"2017-03-01T12:26:15+00:00","og_image":[{"width":800,"height":600,"url":"https:\/\/www.m-q.ch\/wp-content\/uploads\/2016\/12\/Aktuelle-Studie-zum-Deckungsgrad-der-SLI-Unternehmen-management-und-qualitaet.jpg","type":"image\/jpeg"}],"author":"galledia","twitter_card":"summary_large_image","twitter_misc":{"\u00c9crit par":"galledia","Dur\u00e9e de lecture estim\u00e9e":"3 minutes"},"schema":{"@context":"https:\/\/schema.org","@graph":[{"@type":"Article","@id":"https:\/\/www.m-q.ch\/de\/aktuelle-studie-zum-deckungsgrad-der-sli-unternehmen\/#article","isPartOf":{"@id":"https:\/\/www.m-q.ch\/de\/aktuelle-studie-zum-deckungsgrad-der-sli-unternehmen\/"},"author":{"name":"galledia","@id":"https:\/\/www.m-q.ch\/fr\/#\/schema\/person\/c0139a2c55a374db6df2cde78ec87148"},"headline":"Aktuelle Studie zum Deckungsgrad der SLI-Unternehmen","datePublished":"2016-06-15T12:11:20+00:00","dateModified":"2017-03-01T12:26:15+00:00","mainEntityOfPage":{"@id":"https:\/\/www.m-q.ch\/de\/aktuelle-studie-zum-deckungsgrad-der-sli-unternehmen\/"},"wordCount":552,"commentCount":0,"publisher":{"@id":"https:\/\/www.m-q.ch\/fr\/#organization"},"image":{"@id":"https:\/\/www.m-q.ch\/de\/aktuelle-studie-zum-deckungsgrad-der-sli-unternehmen\/#primaryimage"},"thumbnailUrl":"https:\/\/www.m-q.ch\/wp-content\/uploads\/2016\/12\/Aktuelle-Studie-zum-Deckungsgrad-der-SLI-Unternehmen-management-und-qualitaet.jpg","keywords":["Studie"],"articleSection":["Unkategorisiert"],"inLanguage":"fr-FR"},{"@type":"WebPage","@id":"https:\/\/www.m-q.ch\/de\/aktuelle-studie-zum-deckungsgrad-der-sli-unternehmen\/","url":"https:\/\/www.m-q.ch\/de\/aktuelle-studie-zum-deckungsgrad-der-sli-unternehmen\/","name":"\u00c9tude actuelle sur le taux de couverture des entreprises SLI - MQ Management und Qualit\u00e4t","isPartOf":{"@id":"https:\/\/www.m-q.ch\/fr\/#website"},"primaryImageOfPage":{"@id":"https:\/\/www.m-q.ch\/de\/aktuelle-studie-zum-deckungsgrad-der-sli-unternehmen\/#primaryimage"},"image":{"@id":"https:\/\/www.m-q.ch\/de\/aktuelle-studie-zum-deckungsgrad-der-sli-unternehmen\/#primaryimage"},"thumbnailUrl":"https:\/\/www.m-q.ch\/wp-content\/uploads\/2016\/12\/Aktuelle-Studie-zum-Deckungsgrad-der-SLI-Unternehmen-management-und-qualitaet.jpg","datePublished":"2016-06-15T12:11:20+00:00","dateModified":"2017-03-01T12:26:15+00:00","description":"Soci\u00e9t\u00e9s SLI : L'\u00e9tude annuelle de Willis Towers Watson sur les risques li\u00e9s aux retraites a confirm\u00e9 l'horizon 2015.","breadcrumb":{"@id":"https:\/\/www.m-q.ch\/de\/aktuelle-studie-zum-deckungsgrad-der-sli-unternehmen\/#breadcrumb"},"inLanguage":"fr-FR","potentialAction":[{"@type":"ReadAction","target":["https:\/\/www.m-q.ch\/de\/aktuelle-studie-zum-deckungsgrad-der-sli-unternehmen\/"]}]},{"@type":"ImageObject","inLanguage":"fr-FR","@id":"https:\/\/www.m-q.ch\/de\/aktuelle-studie-zum-deckungsgrad-der-sli-unternehmen\/#primaryimage","url":"https:\/\/www.m-q.ch\/wp-content\/uploads\/2016\/12\/Aktuelle-Studie-zum-Deckungsgrad-der-SLI-Unternehmen-management-und-qualitaet.jpg","contentUrl":"https:\/\/www.m-q.ch\/wp-content\/uploads\/2016\/12\/Aktuelle-Studie-zum-Deckungsgrad-der-SLI-Unternehmen-management-und-qualitaet.jpg","width":800,"height":600},{"@type":"BreadcrumbList","@id":"https:\/\/www.m-q.ch\/de\/aktuelle-studie-zum-deckungsgrad-der-sli-unternehmen\/#breadcrumb","itemListElement":[{"@type":"ListItem","position":1,"name":"Unkategorisiert","item":"https:\/\/www.m-q.ch\/it\/categoria\/senza-categoria\/"},{"@type":"ListItem","position":2,"name":"Aktuelle Studie zum Deckungsgrad der SLI-Unternehmen"}]},{"@type":"WebSite","@id":"https:\/\/www.m-q.ch\/fr\/#website","url":"https:\/\/www.m-q.ch\/fr\/","name":"Gestion et qualit\u00e9 du QM","description":"Plate-forme pour les syst\u00e8mes de gestion int\u00e9gr\u00e9e.","publisher":{"@id":"https:\/\/www.m-q.ch\/fr\/#organization"},"potentialAction":[{"@type":"SearchAction","target":{"@type":"EntryPoint","urlTemplate":"https:\/\/www.m-q.ch\/fr\/?s={search_term_string}"},"query-input":{"@type":"PropertyValueSpecification","valueRequired":true,"valueName":"search_term_string"}}],"inLanguage":"fr-FR"},{"@type":"Organization","@id":"https:\/\/www.m-q.ch\/fr\/#organization","name":"Galledia Trade Media AG","url":"https:\/\/www.m-q.ch\/fr\/","logo":{"@type":"ImageObject","inLanguage":"fr-FR","@id":"https:\/\/www.m-q.ch\/fr\/#\/schema\/logo\/image\/","url":"https:\/\/www.m-q.ch\/wp-content\/uploads\/2020\/12\/cropped-logo_small.png","contentUrl":"https:\/\/www.m-q.ch\/wp-content\/uploads\/2020\/12\/cropped-logo_small.png","width":512,"height":512,"caption":"Galledia Fachmedien AG"},"image":{"@id":"https:\/\/www.m-q.ch\/fr\/#\/schema\/logo\/image\/"},"sameAs":["https:\/\/www.facebook.com\/ManagementUndQualitaet","https:\/\/www.linkedin.com\/showcase\/17982321\/admin\/"]},{"@type":"Person","@id":"https:\/\/www.m-q.ch\/fr\/#\/schema\/person\/c0139a2c55a374db6df2cde78ec87148","name":"galledia","image":{"@type":"ImageObject","inLanguage":"fr-FR","@id":"https:\/\/www.m-q.ch\/fr\/#\/schema\/person\/image\/","url":"https:\/\/secure.gravatar.com\/avatar\/66edf527eac29e9a5eb25bcada01f61a?s=96&d=mm&r=g","contentUrl":"https:\/\/secure.gravatar.com\/avatar\/66edf527eac29e9a5eb25bcada01f61a?s=96&d=mm&r=g","caption":"galledia"},"url":"https:\/\/www.m-q.ch\/fr\/author\/galledia\/"}]}},"_links":{"self":[{"href":"https:\/\/www.m-q.ch\/fr\/wp-json\/wp\/v2\/posts\/464","targetHints":{"allow":["GET"]}}],"collection":[{"href":"https:\/\/www.m-q.ch\/fr\/wp-json\/wp\/v2\/posts"}],"about":[{"href":"https:\/\/www.m-q.ch\/fr\/wp-json\/wp\/v2\/types\/post"}],"author":[{"embeddable":true,"href":"https:\/\/www.m-q.ch\/fr\/wp-json\/wp\/v2\/users\/1"}],"replies":[{"embeddable":true,"href":"https:\/\/www.m-q.ch\/fr\/wp-json\/wp\/v2\/comments?post=464"}],"version-history":[{"count":3,"href":"https:\/\/www.m-q.ch\/fr\/wp-json\/wp\/v2\/posts\/464\/revisions"}],"predecessor-version":[{"id":1109,"href":"https:\/\/www.m-q.ch\/fr\/wp-json\/wp\/v2\/posts\/464\/revisions\/1109"}],"wp:featuredmedia":[{"embeddable":true,"href":"https:\/\/www.m-q.ch\/fr\/wp-json\/wp\/v2\/media\/57"}],"wp:attachment":[{"href":"https:\/\/www.m-q.ch\/fr\/wp-json\/wp\/v2\/media?parent=464"}],"wp:term":[{"taxonomy":"category","embeddable":true,"href":"https:\/\/www.m-q.ch\/fr\/wp-json\/wp\/v2\/categories?post=464"},{"taxonomy":"post_tag","embeddable":true,"href":"https:\/\/www.m-q.ch\/fr\/wp-json\/wp\/v2\/tags?post=464"}],"curies":[{"name":"wp","href":"https:\/\/api.w.org\/{rel}","templated":true}]}}