{"id":482,"date":"2016-06-29T14:26:03","date_gmt":"2016-06-29T12:26:03","guid":{"rendered":"http:\/\/dev.m-q.ch\/?p=482"},"modified":"2017-03-01T13:11:29","modified_gmt":"2017-03-01T12:11:29","slug":"nouvelle-marque-ombrelle-dans-le-secteur-de-la-construction-metallique","status":"publish","type":"post","link":"https:\/\/www.m-q.ch\/fr\/neue-dachmarke-in-der-metallbau-branche\/","title":{"rendered":"Nouvelle marque ombrelle dans le secteur de la construction m\u00e9tallique"},"content":{"rendered":"<figure id=\"attachment_180\" aria-describedby=\"caption-attachment-180\" style=\"width: 680px\" class=\"wp-caption alignnone\"><a href=\"https:\/\/m-q.ch\/wp-content\/uploads\/2016\/12\/Neue-Dachmarke-in-der-Metallbau-Branche-management-und-qualitaet.jpg\"><img loading=\"lazy\" decoding=\"async\" class=\"wp-image-180 size-medium\" src=\"https:\/\/www.m-q.ch\/wp-content\/uploads\/2016\/12\/Neue-Dachmarke-in-der-Metallbau-Branche-management-und-qualitaet-680x381.jpg\" width=\"680\" height=\"381\" srcset=\"https:\/\/www.m-q.ch\/wp-content\/uploads\/2016\/12\/Neue-Dachmarke-in-der-Metallbau-Branche-management-und-qualitaet-680x381.jpg 680w, https:\/\/www.m-q.ch\/wp-content\/uploads\/2016\/12\/Neue-Dachmarke-in-der-Metallbau-Branche-management-und-qualitaet-768x431.jpg 768w, https:\/\/www.m-q.ch\/wp-content\/uploads\/2016\/12\/Neue-Dachmarke-in-der-Metallbau-Branche-management-und-qualitaet-16x9.jpg 16w, https:\/\/www.m-q.ch\/wp-content\/uploads\/2016\/12\/Neue-Dachmarke-in-der-Metallbau-Branche-management-und-qualitaet-312x175.jpg 312w, https:\/\/www.m-q.ch\/wp-content\/uploads\/2016\/12\/Neue-Dachmarke-in-der-Metallbau-Branche-management-und-qualitaet-624x350.jpg 624w, https:\/\/www.m-q.ch\/wp-content\/uploads\/2016\/12\/Neue-Dachmarke-in-der-Metallbau-Branche-management-und-qualitaet-920x516.jpg 920w, https:\/\/www.m-q.ch\/wp-content\/uploads\/2016\/12\/Neue-Dachmarke-in-der-Metallbau-Branche-management-und-qualitaet-300x168.jpg 300w, https:\/\/www.m-q.ch\/wp-content\/uploads\/2016\/12\/Neue-Dachmarke-in-der-Metallbau-Branche-management-und-qualitaet-1024x574.jpg 1024w, https:\/\/www.m-q.ch\/wp-content\/uploads\/2016\/12\/Neue-Dachmarke-in-der-Metallbau-Branche-management-und-qualitaet.jpg 1104w\" sizes=\"auto, (max-width: 680px) 100vw, 680px\" \/><\/a><figcaption id=\"caption-attachment-180\" class=\"wp-caption-text\">Lancement d'AM Suisse, la nouvelle marque ombrelle de l'industrie de la construction m\u00e9tallique.<\/figcaption><\/figure>\n<p>La nouvelle marque est une r\u00e9alit\u00e9 : le passage \u00e0 AM Suisse a \u00e9t\u00e9 c\u00e9l\u00e9br\u00e9 par environ 270 membres, invit\u00e9s et employ\u00e9s au Hallenstadion de Zurich le 17 juin. La transition a \u00e9t\u00e9 accompagn\u00e9e artistiquement par un spectacle de lumi\u00e8re d'Oleg Basanov et la nouvelle marque a \u00e9t\u00e9 accueillie avec un compte \u00e0 rebours.<\/p>\n<p><strong>Sous le signe du choc du franc<\/strong><\/p>\n<p>Le choc a \u00e9t\u00e9 profond lorsque la Banque nationale a relev\u00e9 le taux de change minimum du franc suisse par rapport \u00e0 l'euro au d\u00e9but de 2015, ont expliqu\u00e9 le pr\u00e9sident central de la SMU, Hans Kunz, et le pr\u00e9sident de l'Association de la construction m\u00e9tallique, Artho Marquart, jeudi 16 juin, lors d'une \u00e9valuation de la situation devant les m\u00e9dias \u00e0 Zurich. La comp\u00e9titivit\u00e9 des entreprises suisses de construction m\u00e9tallique a par la suite d\u00e9clin\u00e9 de mani\u00e8re g\u00e9n\u00e9rale et la pression des entreprises \u00e9trang\u00e8res sur le march\u00e9 a \u00e9norm\u00e9ment augment\u00e9. Selon M. Kunz, 1216 entreprises \u00e9trang\u00e8res au total ont ex\u00e9cut\u00e9 des commandes dans le secteur de la construction m\u00e9tallique en 2015.<\/p>\n<p><strong>\u00c9ducation, optimisation des processus et partenariat social<\/strong><\/p>\n<p>Pour le pr\u00e9sident central de la SMU, il \u00e9tait clair que les entreprises qui investissent r\u00e9guli\u00e8rement dans l'innovation et la formation continue et qui ma\u00eetrisent leurs co\u00fbts sont \u00e0 la hauteur des d\u00e9fis dynamiques de la concurrence. Afin de rester performant, tant dans la construction m\u00e9tallique que dans la lnadtechnik, la cr\u00e9ativit\u00e9 entrepreneuriale, la diff\u00e9renciation par un avantage concurrentiel, l'occupation de niches, la fiabilit\u00e9 et l'optimisation permanente des processus internes sont n\u00e9cessaires. Les 1860 entreprises membres actives sont aujourd'hui en pleine forme, bien conseill\u00e9es par l'association et elles consid\u00e8rent tr\u00e8s bien les endroits o\u00f9 elles investissent de l'argent avec succ\u00e8s, a ajout\u00e9 Christoph Andenmatten, directeur de SMU. Pour lui, cependant, l'un des plus grands d\u00e9fis actuels est la disponibilit\u00e9 de jeunes talents appropri\u00e9s dans les deux secteurs. L'association d\u00e9ploie divers efforts pour s'assurer que des jeunes aptes \u00e0 exercer une profession soient trouv\u00e9s, a expliqu\u00e9 M. Andematten. \u00c0 l'avenir, les formations en construction m\u00e9tallique et en g\u00e9nie agricole se d\u00e9rouleront dans le nouveau centre de formation commun d'Aarberg.<\/p>\n<p><strong>La nouvelle marque ombrelle AM Suisse<\/strong><\/p>\n<p>En tant qu'association innovante et moderne, il est important que le pr\u00e9sident central Hans Kunz soit clairement per\u00e7u \u00e0 travers une marque m\u00e9morable. Dans cette optique, la SMU s'engage d\u00e9sormais intensivement aupr\u00e8s de ses membres sous le nom de \"AM Suisse\" et assure une mise en r\u00e9seau professionnelle pour toutes les t\u00e2ches communes de l'association avec des collaborateurs motiv\u00e9s. Depuis le 17 juin, l'Union suisse des m\u00e9taux s'appelle donc AM Suisse et r\u00e9unit, en tant qu'association fa\u00eeti\u00e8re et patronale, les nouvelles associations professionnelles \"Agrotec Suisse\" pour la technique agricole et \"Metaltec Suisse\" pour la construction m\u00e9tallique.<\/p>\n<p><a href=\"http:\/\/www.amsuisse.ch\" target=\"_blank\" data-cke-saved-href=\"http:\/\/www.amsuisse.ch\">www.amsuisse.ch<\/a><\/p>","protected":false},"excerpt":{"rendered":"<p>Die neue Marke ist Realit\u00e4t: Den \u00dcbergang zu AM Suisse feierten am 17. Juni im Hallenstadion Z\u00fcrich rund 270 Mitglieder, G\u00e4ste und Mitarbeiter. Mit einer Lichtshow von Oleg Basanov wurde der \u00dcbergang k\u00fcnstlerisch begleitet und die neue Marke mit einem Countdown feierlich willkommen geheissen. Im Zeichen des Frankenschocks Der Schock habe tief gesessen, als die [&hellip;]<\/p>\n","protected":false},"author":1,"featured_media":180,"comment_status":"open","ping_status":"open","sticky":false,"template":"","format":"standard","meta":{"_acf_changed":false,"footnotes":""},"categories":[1],"tags":[3359],"class_list":["post-482","post","type-post","status-publish","format-standard","has-post-thumbnail","hentry","category-unkategorisiert","tag-vereineverbaendeinstitutionen"],"acf":[],"yoast_head":"<!-- This site is optimized with the Yoast SEO plugin v26.2 - https:\/\/yoast.com\/wordpress\/plugins\/seo\/ -->\n<title>Neue Dachmarke in der Metallbau-Branche - MQ Management und Qualit\u00e4t<\/title>\n<meta name=\"description\" content=\"Die SMU fokussiert auf Wissensvorsprung, Verl\u00e4sslichkeit, Besetzung von Nischen, und inbesondere Ausbildung und Nachwuchsf\u00f6rderung.\" \/>\n<meta name=\"robots\" content=\"index, follow, max-snippet:-1, max-image-preview:large, max-video-preview:-1\" \/>\n<link rel=\"canonical\" href=\"https:\/\/www.m-q.ch\/fr\/nouvelle-marque-dans-lindustrie-de-la-construction-metallique\/\" \/>\n<meta property=\"og:locale\" content=\"fr_FR\" \/>\n<meta property=\"og:type\" content=\"article\" \/>\n<meta property=\"og:title\" content=\"Neue Dachmarke in der Metallbau-Branche - MQ Management und Qualit\u00e4t\" \/>\n<meta property=\"og:description\" content=\"Die SMU fokussiert auf Wissensvorsprung, Verl\u00e4sslichkeit, Besetzung von Nischen, und inbesondere Ausbildung und Nachwuchsf\u00f6rderung.\" \/>\n<meta property=\"og:url\" content=\"https:\/\/www.m-q.ch\/fr\/nouvelle-marque-dans-lindustrie-de-la-construction-metallique\/\" \/>\n<meta property=\"og:site_name\" content=\"MQ Management und Qualit\u00e4t\" \/>\n<meta property=\"article:publisher\" content=\"https:\/\/www.facebook.com\/ManagementUndQualitaet\" \/>\n<meta property=\"article:published_time\" content=\"2016-06-29T12:26:03+00:00\" \/>\n<meta property=\"article:modified_time\" content=\"2017-03-01T12:11:29+00:00\" \/>\n<meta property=\"og:image\" content=\"https:\/\/www.m-q.ch\/wp-content\/uploads\/2016\/12\/Neue-Dachmarke-in-der-Metallbau-Branche-management-und-qualitaet.jpg\" \/>\n\t<meta property=\"og:image:width\" content=\"1104\" \/>\n\t<meta property=\"og:image:height\" content=\"619\" \/>\n\t<meta property=\"og:image:type\" content=\"image\/jpeg\" \/>\n<meta name=\"author\" content=\"galledia\" \/>\n<meta name=\"twitter:card\" content=\"summary_large_image\" \/>\n<meta name=\"twitter:label1\" content=\"\u00c9crit par\" \/>\n\t<meta name=\"twitter:data1\" content=\"galledia\" \/>\n\t<meta name=\"twitter:label2\" content=\"Dur\u00e9e de lecture estim\u00e9e\" \/>\n\t<meta name=\"twitter:data2\" content=\"2 minutes\" \/>\n<script type=\"application\/ld+json\" class=\"yoast-schema-graph\">{\"@context\":\"https:\/\/schema.org\",\"@graph\":[{\"@type\":\"Article\",\"@id\":\"https:\/\/www.m-q.ch\/fr\/nouvelle-marque-dans-lindustrie-de-la-construction-metallique\/#article\",\"isPartOf\":{\"@id\":\"https:\/\/www.m-q.ch\/fr\/nouvelle-marque-dans-lindustrie-de-la-construction-metallique\/\"},\"author\":{\"name\":\"galledia\",\"@id\":\"https:\/\/www.m-q.ch\/fr\/#\/schema\/person\/c0139a2c55a374db6df2cde78ec87148\"},\"headline\":\"Neue Dachmarke in der Metallbau-Branche\",\"datePublished\":\"2016-06-29T12:26:03+00:00\",\"dateModified\":\"2017-03-01T12:11:29+00:00\",\"mainEntityOfPage\":{\"@id\":\"https:\/\/www.m-q.ch\/fr\/nouvelle-marque-dans-lindustrie-de-la-construction-metallique\/\"},\"wordCount\":392,\"commentCount\":0,\"publisher\":{\"@id\":\"https:\/\/www.m-q.ch\/fr\/#organization\"},\"image\":{\"@id\":\"https:\/\/www.m-q.ch\/fr\/nouvelle-marque-dans-lindustrie-de-la-construction-metallique\/#primaryimage\"},\"thumbnailUrl\":\"https:\/\/www.m-q.ch\/wp-content\/uploads\/2016\/12\/Neue-Dachmarke-in-der-Metallbau-Branche-management-und-qualitaet.jpg\",\"keywords\":[\"Vereine\/Verb\u00e4nde\/Institutionen\"],\"articleSection\":[\"Unkategorisiert\"],\"inLanguage\":\"fr-FR\"},{\"@type\":\"WebPage\",\"@id\":\"https:\/\/www.m-q.ch\/fr\/nouvelle-marque-dans-lindustrie-de-la-construction-metallique\/\",\"url\":\"https:\/\/www.m-q.ch\/fr\/nouvelle-marque-dans-lindustrie-de-la-construction-metallique\/\",\"name\":\"Neue Dachmarke in der Metallbau-Branche - MQ Management und Qualit\u00e4t\",\"isPartOf\":{\"@id\":\"https:\/\/www.m-q.ch\/fr\/#website\"},\"primaryImageOfPage\":{\"@id\":\"https:\/\/www.m-q.ch\/fr\/nouvelle-marque-dans-lindustrie-de-la-construction-metallique\/#primaryimage\"},\"image\":{\"@id\":\"https:\/\/www.m-q.ch\/fr\/nouvelle-marque-dans-lindustrie-de-la-construction-metallique\/#primaryimage\"},\"thumbnailUrl\":\"https:\/\/www.m-q.ch\/wp-content\/uploads\/2016\/12\/Neue-Dachmarke-in-der-Metallbau-Branche-management-und-qualitaet.jpg\",\"datePublished\":\"2016-06-29T12:26:03+00:00\",\"dateModified\":\"2017-03-01T12:11:29+00:00\",\"description\":\"Die SMU fokussiert auf Wissensvorsprung, Verl\u00e4sslichkeit, Besetzung von Nischen, und inbesondere Ausbildung und Nachwuchsf\u00f6rderung.\",\"breadcrumb\":{\"@id\":\"https:\/\/www.m-q.ch\/fr\/nouvelle-marque-dans-lindustrie-de-la-construction-metallique\/#breadcrumb\"},\"inLanguage\":\"fr-FR\",\"potentialAction\":[{\"@type\":\"ReadAction\",\"target\":[\"https:\/\/www.m-q.ch\/fr\/nouvelle-marque-dans-lindustrie-de-la-construction-metallique\/\"]}]},{\"@type\":\"ImageObject\",\"inLanguage\":\"fr-FR\",\"@id\":\"https:\/\/www.m-q.ch\/fr\/nouvelle-marque-dans-lindustrie-de-la-construction-metallique\/#primaryimage\",\"url\":\"https:\/\/www.m-q.ch\/wp-content\/uploads\/2016\/12\/Neue-Dachmarke-in-der-Metallbau-Branche-management-und-qualitaet.jpg\",\"contentUrl\":\"https:\/\/www.m-q.ch\/wp-content\/uploads\/2016\/12\/Neue-Dachmarke-in-der-Metallbau-Branche-management-und-qualitaet.jpg\",\"width\":1104,\"height\":619,\"caption\":\"Launch von AM Suisse, der neuen Dachmarke der Metallbau-Branche.\"},{\"@type\":\"BreadcrumbList\",\"@id\":\"https:\/\/www.m-q.ch\/fr\/nouvelle-marque-dans-lindustrie-de-la-construction-metallique\/#breadcrumb\",\"itemListElement\":[{\"@type\":\"ListItem\",\"position\":1,\"name\":\"Unkategorisiert\",\"item\":\"https:\/\/www.m-q.ch\/it\/categoria\/senza-categoria\/\"},{\"@type\":\"ListItem\",\"position\":2,\"name\":\"Neue Dachmarke in der Metallbau-Branche\"}]},{\"@type\":\"WebSite\",\"@id\":\"https:\/\/www.m-q.ch\/fr\/#website\",\"url\":\"https:\/\/www.m-q.ch\/fr\/\",\"name\":\"MQ Management und Qualit\u00e4t\",\"description\":\"Plattform f\u00fcr integrierte Managementsysteme.\",\"publisher\":{\"@id\":\"https:\/\/www.m-q.ch\/fr\/#organization\"},\"potentialAction\":[{\"@type\":\"SearchAction\",\"target\":{\"@type\":\"EntryPoint\",\"urlTemplate\":\"https:\/\/www.m-q.ch\/fr\/?s={search_term_string}\"},\"query-input\":{\"@type\":\"PropertyValueSpecification\",\"valueRequired\":true,\"valueName\":\"search_term_string\"}}],\"inLanguage\":\"fr-FR\"},{\"@type\":\"Organization\",\"@id\":\"https:\/\/www.m-q.ch\/fr\/#organization\",\"name\":\"Galledia Fachmedien AG\",\"url\":\"https:\/\/www.m-q.ch\/fr\/\",\"logo\":{\"@type\":\"ImageObject\",\"inLanguage\":\"fr-FR\",\"@id\":\"https:\/\/www.m-q.ch\/fr\/#\/schema\/logo\/image\/\",\"url\":\"https:\/\/www.m-q.ch\/wp-content\/uploads\/2020\/12\/cropped-logo_small.png\",\"contentUrl\":\"https:\/\/www.m-q.ch\/wp-content\/uploads\/2020\/12\/cropped-logo_small.png\",\"width\":512,\"height\":512,\"caption\":\"Galledia Fachmedien AG\"},\"image\":{\"@id\":\"https:\/\/www.m-q.ch\/fr\/#\/schema\/logo\/image\/\"},\"sameAs\":[\"https:\/\/www.facebook.com\/ManagementUndQualitaet\",\"https:\/\/www.linkedin.com\/showcase\/17982321\/admin\/\"]},{\"@type\":\"Person\",\"@id\":\"https:\/\/www.m-q.ch\/fr\/#\/schema\/person\/c0139a2c55a374db6df2cde78ec87148\",\"name\":\"galledia\",\"image\":{\"@type\":\"ImageObject\",\"inLanguage\":\"fr-FR\",\"@id\":\"https:\/\/www.m-q.ch\/fr\/#\/schema\/person\/image\/\",\"url\":\"https:\/\/secure.gravatar.com\/avatar\/66edf527eac29e9a5eb25bcada01f61a?s=96&d=mm&r=g\",\"contentUrl\":\"https:\/\/secure.gravatar.com\/avatar\/66edf527eac29e9a5eb25bcada01f61a?s=96&d=mm&r=g\",\"caption\":\"galledia\"},\"url\":\"https:\/\/www.m-q.ch\/fr\/author\/galledia\/\"}]}<\/script>\n<!-- \/ Yoast SEO plugin. -->","yoast_head_json":{"title":"Nouvelle marque ombrelle dans le secteur de la construction m\u00e9tallique - MQ Management and Quality","description":"SMU se concentre sur le leadership en mati\u00e8re de connaissances, la fiabilit\u00e9, l'occupation de niches, et en particulier la formation et la promotion des jeunes talents.","robots":{"index":"index","follow":"follow","max-snippet":"max-snippet:-1","max-image-preview":"max-image-preview:large","max-video-preview":"max-video-preview:-1"},"canonical":"https:\/\/www.m-q.ch\/fr\/nouvelle-marque-dans-lindustrie-de-la-construction-metallique\/","og_locale":"fr_FR","og_type":"article","og_title":"Neue Dachmarke in der Metallbau-Branche - MQ Management und Qualit\u00e4t","og_description":"Die SMU fokussiert auf Wissensvorsprung, Verl\u00e4sslichkeit, Besetzung von Nischen, und inbesondere Ausbildung und Nachwuchsf\u00f6rderung.","og_url":"https:\/\/www.m-q.ch\/fr\/nouvelle-marque-dans-lindustrie-de-la-construction-metallique\/","og_site_name":"MQ Management und Qualit\u00e4t","article_publisher":"https:\/\/www.facebook.com\/ManagementUndQualitaet","article_published_time":"2016-06-29T12:26:03+00:00","article_modified_time":"2017-03-01T12:11:29+00:00","og_image":[{"width":1104,"height":619,"url":"https:\/\/www.m-q.ch\/wp-content\/uploads\/2016\/12\/Neue-Dachmarke-in-der-Metallbau-Branche-management-und-qualitaet.jpg","type":"image\/jpeg"}],"author":"galledia","twitter_card":"summary_large_image","twitter_misc":{"\u00c9crit par":"galledia","Dur\u00e9e de lecture estim\u00e9e":"2 minutes"},"schema":{"@context":"https:\/\/schema.org","@graph":[{"@type":"Article","@id":"https:\/\/www.m-q.ch\/fr\/nouvelle-marque-dans-lindustrie-de-la-construction-metallique\/#article","isPartOf":{"@id":"https:\/\/www.m-q.ch\/fr\/nouvelle-marque-dans-lindustrie-de-la-construction-metallique\/"},"author":{"name":"galledia","@id":"https:\/\/www.m-q.ch\/fr\/#\/schema\/person\/c0139a2c55a374db6df2cde78ec87148"},"headline":"Neue Dachmarke in der Metallbau-Branche","datePublished":"2016-06-29T12:26:03+00:00","dateModified":"2017-03-01T12:11:29+00:00","mainEntityOfPage":{"@id":"https:\/\/www.m-q.ch\/fr\/nouvelle-marque-dans-lindustrie-de-la-construction-metallique\/"},"wordCount":392,"commentCount":0,"publisher":{"@id":"https:\/\/www.m-q.ch\/fr\/#organization"},"image":{"@id":"https:\/\/www.m-q.ch\/fr\/nouvelle-marque-dans-lindustrie-de-la-construction-metallique\/#primaryimage"},"thumbnailUrl":"https:\/\/www.m-q.ch\/wp-content\/uploads\/2016\/12\/Neue-Dachmarke-in-der-Metallbau-Branche-management-und-qualitaet.jpg","keywords":["Vereine\/Verb\u00e4nde\/Institutionen"],"articleSection":["Unkategorisiert"],"inLanguage":"fr-FR"},{"@type":"WebPage","@id":"https:\/\/www.m-q.ch\/fr\/nouvelle-marque-dans-lindustrie-de-la-construction-metallique\/","url":"https:\/\/www.m-q.ch\/fr\/nouvelle-marque-dans-lindustrie-de-la-construction-metallique\/","name":"Nouvelle marque ombrelle dans le secteur de la construction m\u00e9tallique - MQ Management and Quality","isPartOf":{"@id":"https:\/\/www.m-q.ch\/fr\/#website"},"primaryImageOfPage":{"@id":"https:\/\/www.m-q.ch\/fr\/nouvelle-marque-dans-lindustrie-de-la-construction-metallique\/#primaryimage"},"image":{"@id":"https:\/\/www.m-q.ch\/fr\/nouvelle-marque-dans-lindustrie-de-la-construction-metallique\/#primaryimage"},"thumbnailUrl":"https:\/\/www.m-q.ch\/wp-content\/uploads\/2016\/12\/Neue-Dachmarke-in-der-Metallbau-Branche-management-und-qualitaet.jpg","datePublished":"2016-06-29T12:26:03+00:00","dateModified":"2017-03-01T12:11:29+00:00","description":"SMU se concentre sur le leadership en mati\u00e8re de connaissances, la fiabilit\u00e9, l'occupation de niches, et en particulier la formation et la promotion des jeunes talents.","breadcrumb":{"@id":"https:\/\/www.m-q.ch\/fr\/nouvelle-marque-dans-lindustrie-de-la-construction-metallique\/#breadcrumb"},"inLanguage":"fr-FR","potentialAction":[{"@type":"ReadAction","target":["https:\/\/www.m-q.ch\/fr\/nouvelle-marque-dans-lindustrie-de-la-construction-metallique\/"]}]},{"@type":"ImageObject","inLanguage":"fr-FR","@id":"https:\/\/www.m-q.ch\/fr\/nouvelle-marque-dans-lindustrie-de-la-construction-metallique\/#primaryimage","url":"https:\/\/www.m-q.ch\/wp-content\/uploads\/2016\/12\/Neue-Dachmarke-in-der-Metallbau-Branche-management-und-qualitaet.jpg","contentUrl":"https:\/\/www.m-q.ch\/wp-content\/uploads\/2016\/12\/Neue-Dachmarke-in-der-Metallbau-Branche-management-und-qualitaet.jpg","width":1104,"height":619,"caption":"Launch von AM Suisse, der neuen Dachmarke der Metallbau-Branche."},{"@type":"BreadcrumbList","@id":"https:\/\/www.m-q.ch\/fr\/nouvelle-marque-dans-lindustrie-de-la-construction-metallique\/#breadcrumb","itemListElement":[{"@type":"ListItem","position":1,"name":"Unkategorisiert","item":"https:\/\/www.m-q.ch\/it\/categoria\/senza-categoria\/"},{"@type":"ListItem","position":2,"name":"Neue Dachmarke in der Metallbau-Branche"}]},{"@type":"WebSite","@id":"https:\/\/www.m-q.ch\/fr\/#website","url":"https:\/\/www.m-q.ch\/fr\/","name":"Gestion et qualit\u00e9 du QM","description":"Plate-forme pour les syst\u00e8mes de gestion int\u00e9gr\u00e9e.","publisher":{"@id":"https:\/\/www.m-q.ch\/fr\/#organization"},"potentialAction":[{"@type":"SearchAction","target":{"@type":"EntryPoint","urlTemplate":"https:\/\/www.m-q.ch\/fr\/?s={search_term_string}"},"query-input":{"@type":"PropertyValueSpecification","valueRequired":true,"valueName":"search_term_string"}}],"inLanguage":"fr-FR"},{"@type":"Organization","@id":"https:\/\/www.m-q.ch\/fr\/#organization","name":"Galledia Trade Media AG","url":"https:\/\/www.m-q.ch\/fr\/","logo":{"@type":"ImageObject","inLanguage":"fr-FR","@id":"https:\/\/www.m-q.ch\/fr\/#\/schema\/logo\/image\/","url":"https:\/\/www.m-q.ch\/wp-content\/uploads\/2020\/12\/cropped-logo_small.png","contentUrl":"https:\/\/www.m-q.ch\/wp-content\/uploads\/2020\/12\/cropped-logo_small.png","width":512,"height":512,"caption":"Galledia Fachmedien AG"},"image":{"@id":"https:\/\/www.m-q.ch\/fr\/#\/schema\/logo\/image\/"},"sameAs":["https:\/\/www.facebook.com\/ManagementUndQualitaet","https:\/\/www.linkedin.com\/showcase\/17982321\/admin\/"]},{"@type":"Person","@id":"https:\/\/www.m-q.ch\/fr\/#\/schema\/person\/c0139a2c55a374db6df2cde78ec87148","name":"galledia","image":{"@type":"ImageObject","inLanguage":"fr-FR","@id":"https:\/\/www.m-q.ch\/fr\/#\/schema\/person\/image\/","url":"https:\/\/secure.gravatar.com\/avatar\/66edf527eac29e9a5eb25bcada01f61a?s=96&d=mm&r=g","contentUrl":"https:\/\/secure.gravatar.com\/avatar\/66edf527eac29e9a5eb25bcada01f61a?s=96&d=mm&r=g","caption":"galledia"},"url":"https:\/\/www.m-q.ch\/fr\/author\/galledia\/"}]}},"_links":{"self":[{"href":"https:\/\/www.m-q.ch\/fr\/wp-json\/wp\/v2\/posts\/482","targetHints":{"allow":["GET"]}}],"collection":[{"href":"https:\/\/www.m-q.ch\/fr\/wp-json\/wp\/v2\/posts"}],"about":[{"href":"https:\/\/www.m-q.ch\/fr\/wp-json\/wp\/v2\/types\/post"}],"author":[{"embeddable":true,"href":"https:\/\/www.m-q.ch\/fr\/wp-json\/wp\/v2\/users\/1"}],"replies":[{"embeddable":true,"href":"https:\/\/www.m-q.ch\/fr\/wp-json\/wp\/v2\/comments?post=482"}],"version-history":[{"count":4,"href":"https:\/\/www.m-q.ch\/fr\/wp-json\/wp\/v2\/posts\/482\/revisions"}],"predecessor-version":[{"id":1099,"href":"https:\/\/www.m-q.ch\/fr\/wp-json\/wp\/v2\/posts\/482\/revisions\/1099"}],"wp:featuredmedia":[{"embeddable":true,"href":"https:\/\/www.m-q.ch\/fr\/wp-json\/wp\/v2\/media\/180"}],"wp:attachment":[{"href":"https:\/\/www.m-q.ch\/fr\/wp-json\/wp\/v2\/media?parent=482"}],"wp:term":[{"taxonomy":"category","embeddable":true,"href":"https:\/\/www.m-q.ch\/fr\/wp-json\/wp\/v2\/categories?post=482"},{"taxonomy":"post_tag","embeddable":true,"href":"https:\/\/www.m-q.ch\/fr\/wp-json\/wp\/v2\/tags?post=482"}],"curies":[{"name":"wp","href":"https:\/\/api.w.org\/{rel}","templated":true}]}}