{"id":506,"date":"2016-07-11T15:32:18","date_gmt":"2016-07-11T13:32:18","guid":{"rendered":"http:\/\/dev.m-q.ch\/?p=506"},"modified":"2017-03-01T13:00:05","modified_gmt":"2017-03-01T12:00:05","slug":"calendrier-des-evenements-naturels-la-plupart-des-intemperies-ont-lieu-en-juillet","status":"publish","type":"post","link":"https:\/\/www.m-q.ch\/fr\/naturereigniskalender-die-meisten-unwetter-gibt-es-im-juli\/","title":{"rendered":"Calendrier des \u00e9v\u00e9nements naturels : La plupart des temp\u00eates en juillet"},"content":{"rendered":"<figure id=\"attachment_179\" aria-describedby=\"caption-attachment-179\" style=\"width: 560px\" class=\"wp-caption alignnone\"><a href=\"https:\/\/m-q.ch\/wp-content\/uploads\/2016\/12\/Naturereigniskalender-Die-meisten-Unwetter-gibt-es-im-Juli-management-und-qualitaet.jpg\"><img loading=\"lazy\" decoding=\"async\" class=\"wp-image-179 size-full\" src=\"https:\/\/www.m-q.ch\/wp-content\/uploads\/2016\/12\/Naturereigniskalender-Die-meisten-Unwetter-gibt-es-im-Juli-management-und-qualitaet.jpg\" width=\"560\" height=\"350\" srcset=\"https:\/\/www.m-q.ch\/wp-content\/uploads\/2016\/12\/Naturereigniskalender-Die-meisten-Unwetter-gibt-es-im-Juli-management-und-qualitaet.jpg 560w, https:\/\/www.m-q.ch\/wp-content\/uploads\/2016\/12\/Naturereigniskalender-Die-meisten-Unwetter-gibt-es-im-Juli-management-und-qualitaet-16x10.jpg 16w, https:\/\/www.m-q.ch\/wp-content\/uploads\/2016\/12\/Naturereigniskalender-Die-meisten-Unwetter-gibt-es-im-Juli-management-und-qualitaet-280x175.jpg 280w, https:\/\/www.m-q.ch\/wp-content\/uploads\/2016\/12\/Naturereigniskalender-Die-meisten-Unwetter-gibt-es-im-Juli-management-und-qualitaet-300x188.jpg 300w\" sizes=\"auto, (max-width: 560px) 100vw, 560px\" \/><\/a><figcaption id=\"caption-attachment-179\" class=\"wp-caption-text\">Lorsque les temp\u00e9ratures fluctuent, les d\u00e9g\u00e2ts caus\u00e9s par la gr\u00eale se produisent \u00e0 maintes reprises.<\/figcaption><\/figure>\n<blockquote><p>Les cantons de Berne, du Tessin et de Zurich sont particuli\u00e8rement touch\u00e9s par les \u00e9v\u00e9nements naturels.<\/p><\/blockquote>\n<p>Pluies torrentielles, gr\u00ealons de la taille d'une balle de tennis, temp\u00eates violentes, glissements de terrain : en raison de sa situation topographique, la Suisse est constamment expos\u00e9e \u00e0 de violents orages. Les dommages qui en r\u00e9sultent peuvent \u00eatre immenses, comme le montre le calendrier des risques naturels d'Allianz Suisse. La gr\u00eale et les inondations, en particulier, ont caus\u00e9 les plus grands d\u00e9g\u00e2ts au cours des dix derni\u00e8res ann\u00e9es, principalement en juin et juillet.<\/p>\n<p>Bien que l'ampleur des d\u00e9g\u00e2ts soit loin d'\u00eatre aussi importante que dans de nombreuses r\u00e9gions d'Allemagne, de France ou d'Autriche, la temp\u00eate qui vient de se produire pr\u00e9c\u00e8de la prochaine temp\u00eate en Suisse \u00e9galement. En effet, le climat en Suisse est fortement influenc\u00e9 par les Alpes, la plus importante ligne de partage des eaux en Europe centrale, avec de grandes diff\u00e9rences climatiques sur une petite surface. Cela se traduit par des orages violents avec des gr\u00ealons de la taille d'une balle de tennis, des pluies torrentielles et de violents orages, qui laissent souvent derri\u00e8re eux une image de d\u00e9vastation, surtout pendant les mois d'\u00e9t\u00e9.<\/p>\n<p>Dans une comparaison sur dix ans, juin 2016 ne se d\u00e9marque m\u00eame pas tant que \u00e7a, bien qu'il soit consid\u00e9r\u00e9 comme l'un des mois les plus humides depuis le d\u00e9but des relev\u00e9s m\u00e9t\u00e9orologiques. C'est ce que montre le calendrier des risques naturels d'Allianz Suisse, pour lequel les chiffres des sinistres des dix derni\u00e8res ann\u00e9es ont \u00e9t\u00e9 analys\u00e9s.<\/p>\n<p><strong>Les temp\u00eates de gr\u00eale et les inondations sont les plus co\u00fbteuses<\/strong><\/p>\n<p>Depuis 2006, Allianz Suisse a enregistr\u00e9 environ 200 000 sinistres caus\u00e9s par des \u00e9v\u00e9nements naturels tels que la gr\u00eale, les inondations, les temp\u00eates, la foudre, les avalanches et les tremblements de terre, selon les statistiques des sinistres. Le montant total des dommages s'est \u00e9lev\u00e9 \u00e0 environ 640 millions de francs suisses, dont pr\u00e8s de la moiti\u00e9 a \u00e9t\u00e9 caus\u00e9e par des temp\u00eates de gr\u00eale (environ 320 millions de francs suisses dans 96 000 demandes), tandis que les inondations ont repr\u00e9sent\u00e9 environ 170 millions de francs suisses dans 42 000 demandes. La temp\u00eate (environ 55 millions de francs suisses pour 17 000 demandes) et la foudre (environ 32 millions de francs suisses pour 21 000 demandes) ont jou\u00e9 les r\u00f4les les plus importants. En bas du classement, on trouve les pertes dues aux tremblements de terre avec une d\u00e9pense de 120 000 francs pour 51 sinistres au cours des dix derni\u00e8res ann\u00e9es.<\/p>\n<p>Un coup d'\u0153il sur le calendrier r\u00e9v\u00e8le que les ann\u00e9es 2009 et 2013 en particulier ont \u00e9t\u00e9 les plus d\u00e9ficitaires pour Allianz Suisse en comparaison d\u00e9cennale - avec des pertes assur\u00e9es de plus de 85 millions de francs suisses dans chaque cas. \"En raison du r\u00e9chauffement climatique, l'humidit\u00e9 de l'atmosph\u00e8re augmente - c'est pourquoi nous nous attendons \u00e0 une nouvelle augmentation des temp\u00eates violentes \u00e0 l'avenir\", explique Markus Deplazes, responsable des sinistres chez Allianz Suisse.<\/p>\n<p>Plus d'un tiers des \u00e9v\u00e9nements naturels se produisent au cours du seul mois de juillet, le Tessin et le canton de Berne \u00e9tant les plus fr\u00e9quemment touch\u00e9s. Ces violentes temp\u00eates se produisent le plus souvent au moment o\u00f9 M. et Mme Swiss le souhaiteraient le moins - pendant les mois d'\u00e9t\u00e9 de juin et juillet, qui repr\u00e9sentent plus de la moiti\u00e9 des \u00e9v\u00e9nements naturels (environ 110 000). Et pour ceux qui se r\u00e9jouissent d\u00e9j\u00e0 d'un plongeon rafra\u00eechissant dans le lac au milieu de l'\u00e9t\u00e9 : la probabilit\u00e9 d'une temp\u00eate est la plus grande en juillet en raison des nombreuses chaleurs. Avec un total de 70 000 \u00e9v\u00e9nements naturels, juillet occupe la seule place de t\u00eate chez Allianz Suisse.<\/p>\n<p>Soit dit en passant, les mois o\u00f9 le nombre de sinistres dus \u00e0 des \u00e9v\u00e9nements naturels est le plus faible dans une comparaison \u00e0 long terme sont novembre (environ 4 700 sinistres), f\u00e9vrier (environ 6 200 sinistres) et octobre (environ 6 500 sinistres). Et ce que r\u00e9v\u00e8lent \u00e9galement les statistiques sur les sinistres : la plupart des sinistres dus \u00e0 des \u00e9v\u00e9nements naturels sont signal\u00e9s \u00e0 Allianz Suisse par les cantons de Berne et du Tessin (environ 25 000 sinistres chacun), suivis par Zurich (environ 23 000 sinistres). Du point de vue des assureurs, le canton d'Appenzell Rhodes int\u00e9rieures se situe en queue de peloton dans ce classement cantonal, avec seulement 86 sinistres depuis 2006 - bien qu'avec environ 16 000 habitants, il soit aussi le canton le moins peupl\u00e9 de Suisse.<\/p>\n<p><a href=\"http:\/\/www.allianz.ch\" target=\"_blank\" data-cke-saved-href=\"http:\/\/www.allianz.ch\">http:\/\/www.allianz.ch<\/a><\/p>\n<p>&nbsp;<\/p>","protected":false},"excerpt":{"rendered":"<p>Besonders betroffen von Naturereignissen sind dabei die Kantone Bern, Tessin und Z\u00fcrich. Sintflutartige Regenf\u00e4lle, tennisballgrosse Hagelk\u00f6rner, heftige St\u00fcrme, Erdrutsche: Die Schweiz ist aufgrund ihrer topographischen Lage immer wieder schweren Unwettern ausgesetzt. Die daraus entstehenden Sch\u00e4den sind zum Teil immens, wie der Naturereigniskalender der Allianz Suisse zeigt. Vor allem Hagel und \u00dcberschwemmungen haben in den letzten [&hellip;]<\/p>\n","protected":false},"author":1,"featured_media":179,"comment_status":"open","ping_status":"open","sticky":false,"template":"","format":"standard","meta":{"_acf_changed":false,"footnotes":""},"categories":[4],"tags":[3326],"class_list":["post-506","post","type-post","status-publish","format-standard","has-post-thumbnail","hentry","category-risikomanagement","tag-risikomanagement"],"acf":[],"yoast_head":"<!-- This site is optimized with the Yoast SEO plugin v26.2 - https:\/\/yoast.com\/wordpress\/plugins\/seo\/ -->\n<title>Naturereigniskalender: Die meisten Unwetter gibt es im Juli - MQ Management und Qualit\u00e4t<\/title>\n<meta name=\"description\" content=\"Unwetter: Das Wetter der vergangenen Wochen zeigte sich in der Schweiz nicht gerade von der freundlichen Seite.\" \/>\n<meta name=\"robots\" content=\"index, follow, max-snippet:-1, max-image-preview:large, max-video-preview:-1\" \/>\n<link rel=\"canonical\" href=\"https:\/\/www.m-q.ch\/fr\/calendrier-des-evenements-naturels-la-plupart-des-intemperies-ont-lieu-en-juillet\/\" \/>\n<meta property=\"og:locale\" content=\"fr_FR\" \/>\n<meta property=\"og:type\" content=\"article\" \/>\n<meta property=\"og:title\" content=\"Naturereigniskalender: Die meisten Unwetter gibt es im Juli - MQ Management und Qualit\u00e4t\" \/>\n<meta property=\"og:description\" content=\"Unwetter: Das Wetter der vergangenen Wochen zeigte sich in der Schweiz nicht gerade von der freundlichen Seite.\" \/>\n<meta property=\"og:url\" content=\"https:\/\/www.m-q.ch\/fr\/calendrier-des-evenements-naturels-la-plupart-des-intemperies-ont-lieu-en-juillet\/\" \/>\n<meta property=\"og:site_name\" content=\"MQ Management und Qualit\u00e4t\" \/>\n<meta property=\"article:publisher\" content=\"https:\/\/www.facebook.com\/ManagementUndQualitaet\" \/>\n<meta property=\"article:published_time\" content=\"2016-07-11T13:32:18+00:00\" \/>\n<meta property=\"article:modified_time\" content=\"2017-03-01T12:00:05+00:00\" \/>\n<meta property=\"og:image\" content=\"https:\/\/www.m-q.ch\/wp-content\/uploads\/2016\/12\/Naturereigniskalender-Die-meisten-Unwetter-gibt-es-im-Juli-management-und-qualitaet.jpg\" \/>\n\t<meta property=\"og:image:width\" content=\"560\" \/>\n\t<meta property=\"og:image:height\" content=\"350\" \/>\n\t<meta property=\"og:image:type\" content=\"image\/jpeg\" \/>\n<meta name=\"author\" content=\"galledia\" \/>\n<meta name=\"twitter:card\" content=\"summary_large_image\" \/>\n<meta name=\"twitter:label1\" content=\"\u00c9crit par\" \/>\n\t<meta name=\"twitter:data1\" content=\"galledia\" \/>\n\t<meta name=\"twitter:label2\" content=\"Dur\u00e9e de lecture estim\u00e9e\" \/>\n\t<meta name=\"twitter:data2\" content=\"3 minutes\" \/>\n<script type=\"application\/ld+json\" class=\"yoast-schema-graph\">{\"@context\":\"https:\/\/schema.org\",\"@graph\":[{\"@type\":\"Article\",\"@id\":\"https:\/\/www.m-q.ch\/naturereigniskalender-die-meisten-unwetter-gibt-es-im-juli\/#article\",\"isPartOf\":{\"@id\":\"https:\/\/www.m-q.ch\/naturereigniskalender-die-meisten-unwetter-gibt-es-im-juli\/\"},\"author\":{\"name\":\"galledia\",\"@id\":\"https:\/\/www.m-q.ch\/fr\/#\/schema\/person\/c0139a2c55a374db6df2cde78ec87148\"},\"headline\":\"Naturereigniskalender: Die meisten Unwetter gibt es im Juli\",\"datePublished\":\"2016-07-11T13:32:18+00:00\",\"dateModified\":\"2017-03-01T12:00:05+00:00\",\"mainEntityOfPage\":{\"@id\":\"https:\/\/www.m-q.ch\/naturereigniskalender-die-meisten-unwetter-gibt-es-im-juli\/\"},\"wordCount\":635,\"commentCount\":0,\"publisher\":{\"@id\":\"https:\/\/www.m-q.ch\/fr\/#organization\"},\"image\":{\"@id\":\"https:\/\/www.m-q.ch\/naturereigniskalender-die-meisten-unwetter-gibt-es-im-juli\/#primaryimage\"},\"thumbnailUrl\":\"https:\/\/www.m-q.ch\/wp-content\/uploads\/2016\/12\/Naturereigniskalender-Die-meisten-Unwetter-gibt-es-im-Juli-management-und-qualitaet.jpg\",\"keywords\":[\"Risikomanagement\"],\"articleSection\":[\"Risikomanagement\"],\"inLanguage\":\"fr-FR\"},{\"@type\":\"WebPage\",\"@id\":\"https:\/\/www.m-q.ch\/naturereigniskalender-die-meisten-unwetter-gibt-es-im-juli\/\",\"url\":\"https:\/\/www.m-q.ch\/naturereigniskalender-die-meisten-unwetter-gibt-es-im-juli\/\",\"name\":\"Naturereigniskalender: Die meisten Unwetter gibt es im Juli - MQ Management und Qualit\u00e4t\",\"isPartOf\":{\"@id\":\"https:\/\/www.m-q.ch\/fr\/#website\"},\"primaryImageOfPage\":{\"@id\":\"https:\/\/www.m-q.ch\/naturereigniskalender-die-meisten-unwetter-gibt-es-im-juli\/#primaryimage\"},\"image\":{\"@id\":\"https:\/\/www.m-q.ch\/naturereigniskalender-die-meisten-unwetter-gibt-es-im-juli\/#primaryimage\"},\"thumbnailUrl\":\"https:\/\/www.m-q.ch\/wp-content\/uploads\/2016\/12\/Naturereigniskalender-Die-meisten-Unwetter-gibt-es-im-Juli-management-und-qualitaet.jpg\",\"datePublished\":\"2016-07-11T13:32:18+00:00\",\"dateModified\":\"2017-03-01T12:00:05+00:00\",\"description\":\"Unwetter: Das Wetter der vergangenen Wochen zeigte sich in der Schweiz nicht gerade von der freundlichen Seite.\",\"breadcrumb\":{\"@id\":\"https:\/\/www.m-q.ch\/naturereigniskalender-die-meisten-unwetter-gibt-es-im-juli\/#breadcrumb\"},\"inLanguage\":\"fr-FR\",\"potentialAction\":[{\"@type\":\"ReadAction\",\"target\":[\"https:\/\/www.m-q.ch\/naturereigniskalender-die-meisten-unwetter-gibt-es-im-juli\/\"]}]},{\"@type\":\"ImageObject\",\"inLanguage\":\"fr-FR\",\"@id\":\"https:\/\/www.m-q.ch\/naturereigniskalender-die-meisten-unwetter-gibt-es-im-juli\/#primaryimage\",\"url\":\"https:\/\/www.m-q.ch\/wp-content\/uploads\/2016\/12\/Naturereigniskalender-Die-meisten-Unwetter-gibt-es-im-Juli-management-und-qualitaet.jpg\",\"contentUrl\":\"https:\/\/www.m-q.ch\/wp-content\/uploads\/2016\/12\/Naturereigniskalender-Die-meisten-Unwetter-gibt-es-im-Juli-management-und-qualitaet.jpg\",\"width\":560,\"height\":350,\"caption\":\"Bei Temperaturschwankungen kommt es immer wieder zu Hagelsch\u00e4den.\"},{\"@type\":\"BreadcrumbList\",\"@id\":\"https:\/\/www.m-q.ch\/naturereigniskalender-die-meisten-unwetter-gibt-es-im-juli\/#breadcrumb\",\"itemListElement\":[{\"@type\":\"ListItem\",\"position\":1,\"name\":\"Risikomanagement\",\"item\":\"https:\/\/www.m-q.ch\/kategorie\/risikomanagement\/\"},{\"@type\":\"ListItem\",\"position\":2,\"name\":\"Naturereigniskalender: Die meisten Unwetter gibt es im Juli\"}]},{\"@type\":\"WebSite\",\"@id\":\"https:\/\/www.m-q.ch\/fr\/#website\",\"url\":\"https:\/\/www.m-q.ch\/fr\/\",\"name\":\"MQ Management und Qualit\u00e4t\",\"description\":\"Plattform f\u00fcr integrierte Managementsysteme.\",\"publisher\":{\"@id\":\"https:\/\/www.m-q.ch\/fr\/#organization\"},\"potentialAction\":[{\"@type\":\"SearchAction\",\"target\":{\"@type\":\"EntryPoint\",\"urlTemplate\":\"https:\/\/www.m-q.ch\/fr\/?s={search_term_string}\"},\"query-input\":{\"@type\":\"PropertyValueSpecification\",\"valueRequired\":true,\"valueName\":\"search_term_string\"}}],\"inLanguage\":\"fr-FR\"},{\"@type\":\"Organization\",\"@id\":\"https:\/\/www.m-q.ch\/fr\/#organization\",\"name\":\"Galledia Fachmedien AG\",\"url\":\"https:\/\/www.m-q.ch\/fr\/\",\"logo\":{\"@type\":\"ImageObject\",\"inLanguage\":\"fr-FR\",\"@id\":\"https:\/\/www.m-q.ch\/fr\/#\/schema\/logo\/image\/\",\"url\":\"https:\/\/www.m-q.ch\/wp-content\/uploads\/2020\/12\/cropped-logo_small.png\",\"contentUrl\":\"https:\/\/www.m-q.ch\/wp-content\/uploads\/2020\/12\/cropped-logo_small.png\",\"width\":512,\"height\":512,\"caption\":\"Galledia Fachmedien AG\"},\"image\":{\"@id\":\"https:\/\/www.m-q.ch\/fr\/#\/schema\/logo\/image\/\"},\"sameAs\":[\"https:\/\/www.facebook.com\/ManagementUndQualitaet\",\"https:\/\/www.linkedin.com\/showcase\/17982321\/admin\/\"]},{\"@type\":\"Person\",\"@id\":\"https:\/\/www.m-q.ch\/fr\/#\/schema\/person\/c0139a2c55a374db6df2cde78ec87148\",\"name\":\"galledia\",\"image\":{\"@type\":\"ImageObject\",\"inLanguage\":\"fr-FR\",\"@id\":\"https:\/\/www.m-q.ch\/fr\/#\/schema\/person\/image\/\",\"url\":\"https:\/\/secure.gravatar.com\/avatar\/66edf527eac29e9a5eb25bcada01f61a?s=96&d=mm&r=g\",\"contentUrl\":\"https:\/\/secure.gravatar.com\/avatar\/66edf527eac29e9a5eb25bcada01f61a?s=96&d=mm&r=g\",\"caption\":\"galledia\"},\"url\":\"https:\/\/www.m-q.ch\/fr\/author\/galledia\/\"}]}<\/script>\n<!-- \/ Yoast SEO plugin. -->","yoast_head_json":{"title":"Calendrier des \u00e9v\u00e9nements naturels : la plupart des temp\u00eates se produisent en juillet - MQ Management und Qualit\u00e4t","description":"Orages : le temps en Suisse ces derni\u00e8res semaines n'a pas \u00e9t\u00e9 exactement du c\u00f4t\u00e9 des amis.","robots":{"index":"index","follow":"follow","max-snippet":"max-snippet:-1","max-image-preview":"max-image-preview:large","max-video-preview":"max-video-preview:-1"},"canonical":"https:\/\/www.m-q.ch\/fr\/calendrier-des-evenements-naturels-la-plupart-des-intemperies-ont-lieu-en-juillet\/","og_locale":"fr_FR","og_type":"article","og_title":"Naturereigniskalender: Die meisten Unwetter gibt es im Juli - MQ Management und Qualit\u00e4t","og_description":"Unwetter: Das Wetter der vergangenen Wochen zeigte sich in der Schweiz nicht gerade von der freundlichen Seite.","og_url":"https:\/\/www.m-q.ch\/fr\/calendrier-des-evenements-naturels-la-plupart-des-intemperies-ont-lieu-en-juillet\/","og_site_name":"MQ Management und Qualit\u00e4t","article_publisher":"https:\/\/www.facebook.com\/ManagementUndQualitaet","article_published_time":"2016-07-11T13:32:18+00:00","article_modified_time":"2017-03-01T12:00:05+00:00","og_image":[{"width":560,"height":350,"url":"https:\/\/www.m-q.ch\/wp-content\/uploads\/2016\/12\/Naturereigniskalender-Die-meisten-Unwetter-gibt-es-im-Juli-management-und-qualitaet.jpg","type":"image\/jpeg"}],"author":"galledia","twitter_card":"summary_large_image","twitter_misc":{"\u00c9crit par":"galledia","Dur\u00e9e de lecture estim\u00e9e":"3 minutes"},"schema":{"@context":"https:\/\/schema.org","@graph":[{"@type":"Article","@id":"https:\/\/www.m-q.ch\/naturereigniskalender-die-meisten-unwetter-gibt-es-im-juli\/#article","isPartOf":{"@id":"https:\/\/www.m-q.ch\/naturereigniskalender-die-meisten-unwetter-gibt-es-im-juli\/"},"author":{"name":"galledia","@id":"https:\/\/www.m-q.ch\/fr\/#\/schema\/person\/c0139a2c55a374db6df2cde78ec87148"},"headline":"Naturereigniskalender: Die meisten Unwetter gibt es im Juli","datePublished":"2016-07-11T13:32:18+00:00","dateModified":"2017-03-01T12:00:05+00:00","mainEntityOfPage":{"@id":"https:\/\/www.m-q.ch\/naturereigniskalender-die-meisten-unwetter-gibt-es-im-juli\/"},"wordCount":635,"commentCount":0,"publisher":{"@id":"https:\/\/www.m-q.ch\/fr\/#organization"},"image":{"@id":"https:\/\/www.m-q.ch\/naturereigniskalender-die-meisten-unwetter-gibt-es-im-juli\/#primaryimage"},"thumbnailUrl":"https:\/\/www.m-q.ch\/wp-content\/uploads\/2016\/12\/Naturereigniskalender-Die-meisten-Unwetter-gibt-es-im-Juli-management-und-qualitaet.jpg","keywords":["Risikomanagement"],"articleSection":["Risikomanagement"],"inLanguage":"fr-FR"},{"@type":"WebPage","@id":"https:\/\/www.m-q.ch\/naturereigniskalender-die-meisten-unwetter-gibt-es-im-juli\/","url":"https:\/\/www.m-q.ch\/naturereigniskalender-die-meisten-unwetter-gibt-es-im-juli\/","name":"Calendrier des \u00e9v\u00e9nements naturels : la plupart des temp\u00eates se produisent en juillet - MQ Management und Qualit\u00e4t","isPartOf":{"@id":"https:\/\/www.m-q.ch\/fr\/#website"},"primaryImageOfPage":{"@id":"https:\/\/www.m-q.ch\/naturereigniskalender-die-meisten-unwetter-gibt-es-im-juli\/#primaryimage"},"image":{"@id":"https:\/\/www.m-q.ch\/naturereigniskalender-die-meisten-unwetter-gibt-es-im-juli\/#primaryimage"},"thumbnailUrl":"https:\/\/www.m-q.ch\/wp-content\/uploads\/2016\/12\/Naturereigniskalender-Die-meisten-Unwetter-gibt-es-im-Juli-management-und-qualitaet.jpg","datePublished":"2016-07-11T13:32:18+00:00","dateModified":"2017-03-01T12:00:05+00:00","description":"Orages : le temps en Suisse ces derni\u00e8res semaines n'a pas \u00e9t\u00e9 exactement du c\u00f4t\u00e9 des amis.","breadcrumb":{"@id":"https:\/\/www.m-q.ch\/naturereigniskalender-die-meisten-unwetter-gibt-es-im-juli\/#breadcrumb"},"inLanguage":"fr-FR","potentialAction":[{"@type":"ReadAction","target":["https:\/\/www.m-q.ch\/naturereigniskalender-die-meisten-unwetter-gibt-es-im-juli\/"]}]},{"@type":"ImageObject","inLanguage":"fr-FR","@id":"https:\/\/www.m-q.ch\/naturereigniskalender-die-meisten-unwetter-gibt-es-im-juli\/#primaryimage","url":"https:\/\/www.m-q.ch\/wp-content\/uploads\/2016\/12\/Naturereigniskalender-Die-meisten-Unwetter-gibt-es-im-Juli-management-und-qualitaet.jpg","contentUrl":"https:\/\/www.m-q.ch\/wp-content\/uploads\/2016\/12\/Naturereigniskalender-Die-meisten-Unwetter-gibt-es-im-Juli-management-und-qualitaet.jpg","width":560,"height":350,"caption":"Bei Temperaturschwankungen kommt es immer wieder zu Hagelsch\u00e4den."},{"@type":"BreadcrumbList","@id":"https:\/\/www.m-q.ch\/naturereigniskalender-die-meisten-unwetter-gibt-es-im-juli\/#breadcrumb","itemListElement":[{"@type":"ListItem","position":1,"name":"Risikomanagement","item":"https:\/\/www.m-q.ch\/kategorie\/risikomanagement\/"},{"@type":"ListItem","position":2,"name":"Naturereigniskalender: Die meisten Unwetter gibt es im Juli"}]},{"@type":"WebSite","@id":"https:\/\/www.m-q.ch\/fr\/#website","url":"https:\/\/www.m-q.ch\/fr\/","name":"Gestion et qualit\u00e9 du QM","description":"Plate-forme pour les syst\u00e8mes de gestion int\u00e9gr\u00e9e.","publisher":{"@id":"https:\/\/www.m-q.ch\/fr\/#organization"},"potentialAction":[{"@type":"SearchAction","target":{"@type":"EntryPoint","urlTemplate":"https:\/\/www.m-q.ch\/fr\/?s={search_term_string}"},"query-input":{"@type":"PropertyValueSpecification","valueRequired":true,"valueName":"search_term_string"}}],"inLanguage":"fr-FR"},{"@type":"Organization","@id":"https:\/\/www.m-q.ch\/fr\/#organization","name":"Galledia Trade Media AG","url":"https:\/\/www.m-q.ch\/fr\/","logo":{"@type":"ImageObject","inLanguage":"fr-FR","@id":"https:\/\/www.m-q.ch\/fr\/#\/schema\/logo\/image\/","url":"https:\/\/www.m-q.ch\/wp-content\/uploads\/2020\/12\/cropped-logo_small.png","contentUrl":"https:\/\/www.m-q.ch\/wp-content\/uploads\/2020\/12\/cropped-logo_small.png","width":512,"height":512,"caption":"Galledia Fachmedien AG"},"image":{"@id":"https:\/\/www.m-q.ch\/fr\/#\/schema\/logo\/image\/"},"sameAs":["https:\/\/www.facebook.com\/ManagementUndQualitaet","https:\/\/www.linkedin.com\/showcase\/17982321\/admin\/"]},{"@type":"Person","@id":"https:\/\/www.m-q.ch\/fr\/#\/schema\/person\/c0139a2c55a374db6df2cde78ec87148","name":"galledia","image":{"@type":"ImageObject","inLanguage":"fr-FR","@id":"https:\/\/www.m-q.ch\/fr\/#\/schema\/person\/image\/","url":"https:\/\/secure.gravatar.com\/avatar\/66edf527eac29e9a5eb25bcada01f61a?s=96&d=mm&r=g","contentUrl":"https:\/\/secure.gravatar.com\/avatar\/66edf527eac29e9a5eb25bcada01f61a?s=96&d=mm&r=g","caption":"galledia"},"url":"https:\/\/www.m-q.ch\/fr\/author\/galledia\/"}]}},"_links":{"self":[{"href":"https:\/\/www.m-q.ch\/fr\/wp-json\/wp\/v2\/posts\/506","targetHints":{"allow":["GET"]}}],"collection":[{"href":"https:\/\/www.m-q.ch\/fr\/wp-json\/wp\/v2\/posts"}],"about":[{"href":"https:\/\/www.m-q.ch\/fr\/wp-json\/wp\/v2\/types\/post"}],"author":[{"embeddable":true,"href":"https:\/\/www.m-q.ch\/fr\/wp-json\/wp\/v2\/users\/1"}],"replies":[{"embeddable":true,"href":"https:\/\/www.m-q.ch\/fr\/wp-json\/wp\/v2\/comments?post=506"}],"version-history":[{"count":3,"href":"https:\/\/www.m-q.ch\/fr\/wp-json\/wp\/v2\/posts\/506\/revisions"}],"predecessor-version":[{"id":1086,"href":"https:\/\/www.m-q.ch\/fr\/wp-json\/wp\/v2\/posts\/506\/revisions\/1086"}],"wp:featuredmedia":[{"embeddable":true,"href":"https:\/\/www.m-q.ch\/fr\/wp-json\/wp\/v2\/media\/179"}],"wp:attachment":[{"href":"https:\/\/www.m-q.ch\/fr\/wp-json\/wp\/v2\/media?parent=506"}],"wp:term":[{"taxonomy":"category","embeddable":true,"href":"https:\/\/www.m-q.ch\/fr\/wp-json\/wp\/v2\/categories?post=506"},{"taxonomy":"post_tag","embeddable":true,"href":"https:\/\/www.m-q.ch\/fr\/wp-json\/wp\/v2\/tags?post=506"}],"curies":[{"name":"wp","href":"https:\/\/api.w.org\/{rel}","templated":true}]}}