{"id":508,"date":"2016-07-12T15:33:15","date_gmt":"2016-07-12T13:33:15","guid":{"rendered":"http:\/\/dev.m-q.ch\/?p=508"},"modified":"2017-03-01T12:55:24","modified_gmt":"2017-03-01T11:55:24","slug":"messer-schweiz-ag-a-la-pointe","status":"publish","type":"post","link":"https:\/\/www.m-q.ch\/fr\/messer-schweiz-ag-an-der-spitze\/","title":{"rendered":"Messer Schweiz AG au sommet"},"content":{"rendered":"<figure id=\"attachment_172\" aria-describedby=\"caption-attachment-172\" style=\"width: 680px\" class=\"wp-caption alignnone\"><a href=\"https:\/\/m-q.ch\/wp-content\/uploads\/2016\/12\/Messer-Schweiz-AG-an-der-Spitze-management-und-qualitaet.jpg\"><img loading=\"lazy\" decoding=\"async\" class=\"wp-image-172 size-medium\" src=\"https:\/\/www.m-q.ch\/wp-content\/uploads\/2016\/12\/Messer-Schweiz-AG-an-der-Spitze-management-und-qualitaet-680x468.jpg\" width=\"680\" height=\"468\" srcset=\"https:\/\/www.m-q.ch\/wp-content\/uploads\/2016\/12\/Messer-Schweiz-AG-an-der-Spitze-management-und-qualitaet-680x468.jpg 680w, https:\/\/www.m-q.ch\/wp-content\/uploads\/2016\/12\/Messer-Schweiz-AG-an-der-Spitze-management-und-qualitaet-16x12.jpg 16w, https:\/\/www.m-q.ch\/wp-content\/uploads\/2016\/12\/Messer-Schweiz-AG-an-der-Spitze-management-und-qualitaet-254x175.jpg 254w, https:\/\/www.m-q.ch\/wp-content\/uploads\/2016\/12\/Messer-Schweiz-AG-an-der-Spitze-management-und-qualitaet-508x350.jpg 508w, https:\/\/www.m-q.ch\/wp-content\/uploads\/2016\/12\/Messer-Schweiz-AG-an-der-Spitze-management-und-qualitaet-300x207.jpg 300w, https:\/\/www.m-q.ch\/wp-content\/uploads\/2016\/12\/Messer-Schweiz-AG-an-der-Spitze-management-und-qualitaet.jpg 768w, https:\/\/www.m-q.ch\/wp-content\/uploads\/2016\/12\/Messer-Schweiz-AG-an-der-Spitze-management-und-qualitaet-624x430.jpg 624w\" sizes=\"auto, (max-width: 680px) 100vw, 680px\" \/><\/a><figcaption id=\"caption-attachment-172\" class=\"wp-caption-text\">Messer aujourd'hui. Les racines de Messer Schweiz AG se trouvent dans le Suurstoffi \u00e0 Lenzburg. (Photo zVg)<\/figcaption><\/figure>\n<p>Messer est d\u00e9j\u00e0 en mesure d'approvisionner 40 \u00e0 50 stations de remplissage d'hydrog\u00e8ne. Dans le secteur de la sant\u00e9, Messer renforce consid\u00e9rablement sa position de leader sur le march\u00e9 des gaz m\u00e9dicaux. Les h\u00f4pitaux publics et priv\u00e9s investissent dans de nouveaux b\u00e2timents et des installations techniques internes. En tant que premier fabricant d'installations certifi\u00e9es (ISO13485) en Suisse, Messer conna\u00eet un v\u00e9ritable boom des nouvelles constructions et de la modernisation des syst\u00e8mes de tuyauteries obsol\u00e8tes.<\/p>\n<p>Le chiffre d'affaires du sp\u00e9cialiste des gaz industriels Messer a augment\u00e9 de 50 % au cours des dix derni\u00e8res ann\u00e9es (2005-2015). L'ancien \"Suurstoffi\" de Lenzburg est aujourd'hui l'un des principaux fournisseurs de gaz en Suisse et poursuit l'extension du site de production de Lenzburg avec de nouvelles installations de remplissage et un nouveau b\u00e2timent administratif. L'entreprise r\u00e9agit \u00e0 l'\u00e9volution des conditions du march\u00e9 dans le but de mieux d\u00e9velopper les segments de march\u00e9 prometteurs. Avec des innovations, comme le recyclage du CO2, Messer est bien \u00e9quip\u00e9 pour l'avenir.<\/p>\n<p>Avec le lancement de nouveaux produits, une offensive dans l'industrie pharmaceutique est \u00e0 pr\u00e9voir. Ici, Messer a de nouveaux gaz, des domaines d'application et des technologies qui sont propices \u00e0 une croissance durable.<\/p>\n<p><strong>Sans gaz, la Suisse reste immobile<\/strong><\/p>\n<p>Il n'y a gu\u00e8re de produit qui ne puisse \u00eatre associ\u00e9 au gaz. Le propane pour le barbecue de jardin, le dioxyde de carbone dans l'eau min\u00e9rale, les gaz pour la soudure et l'h\u00e9lium dans les ballons sont pratiquement connus. En tant que partenaire \u00e0 la fois flexible et hautement sp\u00e9cialis\u00e9, Messer Schweiz AG est un fournisseur d'institutions de recherche telles que l'Institut Paul Scherrer et l'EMPA.<\/p>\n<p>Avec sa propre usine de s\u00e9paration de l'air sur le site de Lonza \u00e0 Vi\u00e8ge, Messer Schweiz AG s'engage explicitement en faveur de la Suisse comme site de production.<\/p>\n<p>En ao\u00fbt 2016, Messer AG Switzerland f\u00eate son 125e anniversaire. Vous trouverez de plus amples informations \u00e0 l'adresse suivante :<\/p>\n<p><a href=\"http:\/\/www.messer.ch\" target=\"_blank\" data-cke-saved-href=\"http:\/\/www.messer.ch\">http:\/\/www.messer.ch<\/a><\/p>\n<p>&nbsp;<\/p>","protected":false},"excerpt":{"rendered":"<p>Messer ist bereits heute in der Lage, 40-50 Wasserstoff-Tankstellen zu beliefern. In der Gesundheitsindustrie baut Messer die Marktf\u00fchrerschaft f\u00fcr medizinische Gase deutlich aus. \u00d6ffentliche und private Spit\u00e4ler investieren in neue Geb\u00e4ude und hausinterne Technikanlagen. Als f\u00fchrender zertifizierter Anlagenbauer (ISO13485) in der Schweiz, erlebt Messer einen regelrechten Boom bei Neubauten und der Modernisierung veralteter Rohrleitungssysteme. Der [&hellip;]<\/p>\n","protected":false},"author":1,"featured_media":172,"comment_status":"open","ping_status":"open","sticky":false,"template":"","format":"standard","meta":{"_acf_changed":false,"footnotes":""},"categories":[1],"tags":[3352],"class_list":["post-508","post","type-post","status-publish","format-standard","has-post-thumbnail","hentry","category-unkategorisiert","tag-unternehmen"],"acf":[],"yoast_head":"<!-- This site is optimized with the Yoast SEO plugin v26.2 - https:\/\/yoast.com\/wordpress\/plugins\/seo\/ -->\n<title>Messer Schweiz AG an der Spitze - MQ Management und Qualit\u00e4t<\/title>\n<meta name=\"description\" content=\"Die Messer Schweiz AG ist stark verankert in der Schweizer MEM-Industrie.\" \/>\n<meta name=\"robots\" content=\"index, follow, max-snippet:-1, max-image-preview:large, max-video-preview:-1\" \/>\n<link rel=\"canonical\" href=\"https:\/\/www.m-q.ch\/fr\/knife-switzerland-ag-at-the-top\/\" \/>\n<meta property=\"og:locale\" content=\"fr_FR\" \/>\n<meta property=\"og:type\" content=\"article\" \/>\n<meta property=\"og:title\" content=\"Messer Schweiz AG an der Spitze - MQ Management und Qualit\u00e4t\" \/>\n<meta property=\"og:description\" content=\"Die Messer Schweiz AG ist stark verankert in der Schweizer MEM-Industrie.\" \/>\n<meta property=\"og:url\" content=\"https:\/\/www.m-q.ch\/fr\/knife-switzerland-ag-at-the-top\/\" \/>\n<meta property=\"og:site_name\" content=\"MQ Management und Qualit\u00e4t\" \/>\n<meta property=\"article:publisher\" content=\"https:\/\/www.facebook.com\/ManagementUndQualitaet\" \/>\n<meta property=\"article:published_time\" content=\"2016-07-12T13:33:15+00:00\" \/>\n<meta property=\"article:modified_time\" content=\"2017-03-01T11:55:24+00:00\" \/>\n<meta property=\"og:image\" content=\"https:\/\/www.m-q.ch\/wp-content\/uploads\/2016\/12\/Messer-Schweiz-AG-an-der-Spitze-management-und-qualitaet.jpg\" \/>\n\t<meta property=\"og:image:width\" content=\"768\" \/>\n\t<meta property=\"og:image:height\" content=\"529\" \/>\n\t<meta property=\"og:image:type\" content=\"image\/jpeg\" \/>\n<meta name=\"author\" content=\"galledia\" \/>\n<meta name=\"twitter:card\" content=\"summary_large_image\" \/>\n<meta name=\"twitter:label1\" content=\"\u00c9crit par\" \/>\n\t<meta name=\"twitter:data1\" content=\"galledia\" \/>\n\t<meta name=\"twitter:label2\" content=\"Dur\u00e9e de lecture estim\u00e9e\" \/>\n\t<meta name=\"twitter:data2\" content=\"1 minute\" \/>\n<script type=\"application\/ld+json\" class=\"yoast-schema-graph\">{\"@context\":\"https:\/\/schema.org\",\"@graph\":[{\"@type\":\"Article\",\"@id\":\"https:\/\/www.m-q.ch\/en\/knife-switzerland-ag-at-the-top\/#article\",\"isPartOf\":{\"@id\":\"https:\/\/www.m-q.ch\/en\/knife-switzerland-ag-at-the-top\/\"},\"author\":{\"name\":\"galledia\",\"@id\":\"https:\/\/www.m-q.ch\/fr\/#\/schema\/person\/c0139a2c55a374db6df2cde78ec87148\"},\"headline\":\"Messer Schweiz AG an der Spitze\",\"datePublished\":\"2016-07-12T13:33:15+00:00\",\"dateModified\":\"2017-03-01T11:55:24+00:00\",\"mainEntityOfPage\":{\"@id\":\"https:\/\/www.m-q.ch\/en\/knife-switzerland-ag-at-the-top\/\"},\"wordCount\":300,\"commentCount\":0,\"publisher\":{\"@id\":\"https:\/\/www.m-q.ch\/fr\/#organization\"},\"image\":{\"@id\":\"https:\/\/www.m-q.ch\/en\/knife-switzerland-ag-at-the-top\/#primaryimage\"},\"thumbnailUrl\":\"https:\/\/www.m-q.ch\/wp-content\/uploads\/2016\/12\/Messer-Schweiz-AG-an-der-Spitze-management-und-qualitaet.jpg\",\"keywords\":[\"Unternehmen\"],\"articleSection\":[\"Unkategorisiert\"],\"inLanguage\":\"fr-FR\"},{\"@type\":\"WebPage\",\"@id\":\"https:\/\/www.m-q.ch\/en\/knife-switzerland-ag-at-the-top\/\",\"url\":\"https:\/\/www.m-q.ch\/en\/knife-switzerland-ag-at-the-top\/\",\"name\":\"Messer Schweiz AG an der Spitze - MQ Management und Qualit\u00e4t\",\"isPartOf\":{\"@id\":\"https:\/\/www.m-q.ch\/fr\/#website\"},\"primaryImageOfPage\":{\"@id\":\"https:\/\/www.m-q.ch\/en\/knife-switzerland-ag-at-the-top\/#primaryimage\"},\"image\":{\"@id\":\"https:\/\/www.m-q.ch\/en\/knife-switzerland-ag-at-the-top\/#primaryimage\"},\"thumbnailUrl\":\"https:\/\/www.m-q.ch\/wp-content\/uploads\/2016\/12\/Messer-Schweiz-AG-an-der-Spitze-management-und-qualitaet.jpg\",\"datePublished\":\"2016-07-12T13:33:15+00:00\",\"dateModified\":\"2017-03-01T11:55:24+00:00\",\"description\":\"Die Messer Schweiz AG ist stark verankert in der Schweizer MEM-Industrie.\",\"breadcrumb\":{\"@id\":\"https:\/\/www.m-q.ch\/en\/knife-switzerland-ag-at-the-top\/#breadcrumb\"},\"inLanguage\":\"fr-FR\",\"potentialAction\":[{\"@type\":\"ReadAction\",\"target\":[\"https:\/\/www.m-q.ch\/en\/knife-switzerland-ag-at-the-top\/\"]}]},{\"@type\":\"ImageObject\",\"inLanguage\":\"fr-FR\",\"@id\":\"https:\/\/www.m-q.ch\/en\/knife-switzerland-ag-at-the-top\/#primaryimage\",\"url\":\"https:\/\/www.m-q.ch\/wp-content\/uploads\/2016\/12\/Messer-Schweiz-AG-an-der-Spitze-management-und-qualitaet.jpg\",\"contentUrl\":\"https:\/\/www.m-q.ch\/wp-content\/uploads\/2016\/12\/Messer-Schweiz-AG-an-der-Spitze-management-und-qualitaet.jpg\",\"width\":768,\"height\":529,\"caption\":\"Messer heute. Die Wurzeln der Messer Schweiz AG liegen in der Suurstoffi in Lenzburg. (Bild zVg)\"},{\"@type\":\"BreadcrumbList\",\"@id\":\"https:\/\/www.m-q.ch\/en\/knife-switzerland-ag-at-the-top\/#breadcrumb\",\"itemListElement\":[{\"@type\":\"ListItem\",\"position\":1,\"name\":\"Unkategorisiert\",\"item\":\"https:\/\/www.m-q.ch\/it\/categoria\/senza-categoria\/\"},{\"@type\":\"ListItem\",\"position\":2,\"name\":\"Messer Schweiz AG an der Spitze\"}]},{\"@type\":\"WebSite\",\"@id\":\"https:\/\/www.m-q.ch\/fr\/#website\",\"url\":\"https:\/\/www.m-q.ch\/fr\/\",\"name\":\"MQ Management und Qualit\u00e4t\",\"description\":\"Plattform f\u00fcr integrierte Managementsysteme.\",\"publisher\":{\"@id\":\"https:\/\/www.m-q.ch\/fr\/#organization\"},\"potentialAction\":[{\"@type\":\"SearchAction\",\"target\":{\"@type\":\"EntryPoint\",\"urlTemplate\":\"https:\/\/www.m-q.ch\/fr\/?s={search_term_string}\"},\"query-input\":{\"@type\":\"PropertyValueSpecification\",\"valueRequired\":true,\"valueName\":\"search_term_string\"}}],\"inLanguage\":\"fr-FR\"},{\"@type\":\"Organization\",\"@id\":\"https:\/\/www.m-q.ch\/fr\/#organization\",\"name\":\"Galledia Fachmedien AG\",\"url\":\"https:\/\/www.m-q.ch\/fr\/\",\"logo\":{\"@type\":\"ImageObject\",\"inLanguage\":\"fr-FR\",\"@id\":\"https:\/\/www.m-q.ch\/fr\/#\/schema\/logo\/image\/\",\"url\":\"https:\/\/www.m-q.ch\/wp-content\/uploads\/2020\/12\/cropped-logo_small.png\",\"contentUrl\":\"https:\/\/www.m-q.ch\/wp-content\/uploads\/2020\/12\/cropped-logo_small.png\",\"width\":512,\"height\":512,\"caption\":\"Galledia Fachmedien AG\"},\"image\":{\"@id\":\"https:\/\/www.m-q.ch\/fr\/#\/schema\/logo\/image\/\"},\"sameAs\":[\"https:\/\/www.facebook.com\/ManagementUndQualitaet\",\"https:\/\/www.linkedin.com\/showcase\/17982321\/admin\/\"]},{\"@type\":\"Person\",\"@id\":\"https:\/\/www.m-q.ch\/fr\/#\/schema\/person\/c0139a2c55a374db6df2cde78ec87148\",\"name\":\"galledia\",\"image\":{\"@type\":\"ImageObject\",\"inLanguage\":\"fr-FR\",\"@id\":\"https:\/\/www.m-q.ch\/fr\/#\/schema\/person\/image\/\",\"url\":\"https:\/\/secure.gravatar.com\/avatar\/66edf527eac29e9a5eb25bcada01f61a?s=96&d=mm&r=g\",\"contentUrl\":\"https:\/\/secure.gravatar.com\/avatar\/66edf527eac29e9a5eb25bcada01f61a?s=96&d=mm&r=g\",\"caption\":\"galledia\"},\"url\":\"https:\/\/www.m-q.ch\/fr\/author\/galledia\/\"}]}<\/script>\n<!-- \/ Yoast SEO plugin. -->","yoast_head_json":{"title":"Messer Schweiz AG au sommet - MQ Management et qualit\u00e9","description":"Messer Schweiz AG est fortement ancr\u00e9e dans l'industrie MEM suisse.","robots":{"index":"index","follow":"follow","max-snippet":"max-snippet:-1","max-image-preview":"max-image-preview:large","max-video-preview":"max-video-preview:-1"},"canonical":"https:\/\/www.m-q.ch\/fr\/knife-switzerland-ag-at-the-top\/","og_locale":"fr_FR","og_type":"article","og_title":"Messer Schweiz AG an der Spitze - MQ Management und Qualit\u00e4t","og_description":"Die Messer Schweiz AG ist stark verankert in der Schweizer MEM-Industrie.","og_url":"https:\/\/www.m-q.ch\/fr\/knife-switzerland-ag-at-the-top\/","og_site_name":"MQ Management und Qualit\u00e4t","article_publisher":"https:\/\/www.facebook.com\/ManagementUndQualitaet","article_published_time":"2016-07-12T13:33:15+00:00","article_modified_time":"2017-03-01T11:55:24+00:00","og_image":[{"width":768,"height":529,"url":"https:\/\/www.m-q.ch\/wp-content\/uploads\/2016\/12\/Messer-Schweiz-AG-an-der-Spitze-management-und-qualitaet.jpg","type":"image\/jpeg"}],"author":"galledia","twitter_card":"summary_large_image","twitter_misc":{"\u00c9crit par":"galledia","Dur\u00e9e de lecture estim\u00e9e":"1 minute"},"schema":{"@context":"https:\/\/schema.org","@graph":[{"@type":"Article","@id":"https:\/\/www.m-q.ch\/en\/knife-switzerland-ag-at-the-top\/#article","isPartOf":{"@id":"https:\/\/www.m-q.ch\/en\/knife-switzerland-ag-at-the-top\/"},"author":{"name":"galledia","@id":"https:\/\/www.m-q.ch\/fr\/#\/schema\/person\/c0139a2c55a374db6df2cde78ec87148"},"headline":"Messer Schweiz AG an der Spitze","datePublished":"2016-07-12T13:33:15+00:00","dateModified":"2017-03-01T11:55:24+00:00","mainEntityOfPage":{"@id":"https:\/\/www.m-q.ch\/en\/knife-switzerland-ag-at-the-top\/"},"wordCount":300,"commentCount":0,"publisher":{"@id":"https:\/\/www.m-q.ch\/fr\/#organization"},"image":{"@id":"https:\/\/www.m-q.ch\/en\/knife-switzerland-ag-at-the-top\/#primaryimage"},"thumbnailUrl":"https:\/\/www.m-q.ch\/wp-content\/uploads\/2016\/12\/Messer-Schweiz-AG-an-der-Spitze-management-und-qualitaet.jpg","keywords":["Unternehmen"],"articleSection":["Unkategorisiert"],"inLanguage":"fr-FR"},{"@type":"WebPage","@id":"https:\/\/www.m-q.ch\/en\/knife-switzerland-ag-at-the-top\/","url":"https:\/\/www.m-q.ch\/en\/knife-switzerland-ag-at-the-top\/","name":"Messer Schweiz AG au sommet - MQ Management et qualit\u00e9","isPartOf":{"@id":"https:\/\/www.m-q.ch\/fr\/#website"},"primaryImageOfPage":{"@id":"https:\/\/www.m-q.ch\/en\/knife-switzerland-ag-at-the-top\/#primaryimage"},"image":{"@id":"https:\/\/www.m-q.ch\/en\/knife-switzerland-ag-at-the-top\/#primaryimage"},"thumbnailUrl":"https:\/\/www.m-q.ch\/wp-content\/uploads\/2016\/12\/Messer-Schweiz-AG-an-der-Spitze-management-und-qualitaet.jpg","datePublished":"2016-07-12T13:33:15+00:00","dateModified":"2017-03-01T11:55:24+00:00","description":"Messer Schweiz AG est fortement ancr\u00e9e dans l'industrie MEM suisse.","breadcrumb":{"@id":"https:\/\/www.m-q.ch\/en\/knife-switzerland-ag-at-the-top\/#breadcrumb"},"inLanguage":"fr-FR","potentialAction":[{"@type":"ReadAction","target":["https:\/\/www.m-q.ch\/en\/knife-switzerland-ag-at-the-top\/"]}]},{"@type":"ImageObject","inLanguage":"fr-FR","@id":"https:\/\/www.m-q.ch\/en\/knife-switzerland-ag-at-the-top\/#primaryimage","url":"https:\/\/www.m-q.ch\/wp-content\/uploads\/2016\/12\/Messer-Schweiz-AG-an-der-Spitze-management-und-qualitaet.jpg","contentUrl":"https:\/\/www.m-q.ch\/wp-content\/uploads\/2016\/12\/Messer-Schweiz-AG-an-der-Spitze-management-und-qualitaet.jpg","width":768,"height":529,"caption":"Messer heute. Die Wurzeln der Messer Schweiz AG liegen in der Suurstoffi in Lenzburg. (Bild zVg)"},{"@type":"BreadcrumbList","@id":"https:\/\/www.m-q.ch\/en\/knife-switzerland-ag-at-the-top\/#breadcrumb","itemListElement":[{"@type":"ListItem","position":1,"name":"Unkategorisiert","item":"https:\/\/www.m-q.ch\/it\/categoria\/senza-categoria\/"},{"@type":"ListItem","position":2,"name":"Messer Schweiz AG an der Spitze"}]},{"@type":"WebSite","@id":"https:\/\/www.m-q.ch\/fr\/#website","url":"https:\/\/www.m-q.ch\/fr\/","name":"Gestion et qualit\u00e9 du QM","description":"Plate-forme pour les syst\u00e8mes de gestion int\u00e9gr\u00e9e.","publisher":{"@id":"https:\/\/www.m-q.ch\/fr\/#organization"},"potentialAction":[{"@type":"SearchAction","target":{"@type":"EntryPoint","urlTemplate":"https:\/\/www.m-q.ch\/fr\/?s={search_term_string}"},"query-input":{"@type":"PropertyValueSpecification","valueRequired":true,"valueName":"search_term_string"}}],"inLanguage":"fr-FR"},{"@type":"Organization","@id":"https:\/\/www.m-q.ch\/fr\/#organization","name":"Galledia Trade Media AG","url":"https:\/\/www.m-q.ch\/fr\/","logo":{"@type":"ImageObject","inLanguage":"fr-FR","@id":"https:\/\/www.m-q.ch\/fr\/#\/schema\/logo\/image\/","url":"https:\/\/www.m-q.ch\/wp-content\/uploads\/2020\/12\/cropped-logo_small.png","contentUrl":"https:\/\/www.m-q.ch\/wp-content\/uploads\/2020\/12\/cropped-logo_small.png","width":512,"height":512,"caption":"Galledia Fachmedien AG"},"image":{"@id":"https:\/\/www.m-q.ch\/fr\/#\/schema\/logo\/image\/"},"sameAs":["https:\/\/www.facebook.com\/ManagementUndQualitaet","https:\/\/www.linkedin.com\/showcase\/17982321\/admin\/"]},{"@type":"Person","@id":"https:\/\/www.m-q.ch\/fr\/#\/schema\/person\/c0139a2c55a374db6df2cde78ec87148","name":"galledia","image":{"@type":"ImageObject","inLanguage":"fr-FR","@id":"https:\/\/www.m-q.ch\/fr\/#\/schema\/person\/image\/","url":"https:\/\/secure.gravatar.com\/avatar\/66edf527eac29e9a5eb25bcada01f61a?s=96&d=mm&r=g","contentUrl":"https:\/\/secure.gravatar.com\/avatar\/66edf527eac29e9a5eb25bcada01f61a?s=96&d=mm&r=g","caption":"galledia"},"url":"https:\/\/www.m-q.ch\/fr\/author\/galledia\/"}]}},"_links":{"self":[{"href":"https:\/\/www.m-q.ch\/fr\/wp-json\/wp\/v2\/posts\/508","targetHints":{"allow":["GET"]}}],"collection":[{"href":"https:\/\/www.m-q.ch\/fr\/wp-json\/wp\/v2\/posts"}],"about":[{"href":"https:\/\/www.m-q.ch\/fr\/wp-json\/wp\/v2\/types\/post"}],"author":[{"embeddable":true,"href":"https:\/\/www.m-q.ch\/fr\/wp-json\/wp\/v2\/users\/1"}],"replies":[{"embeddable":true,"href":"https:\/\/www.m-q.ch\/fr\/wp-json\/wp\/v2\/comments?post=508"}],"version-history":[{"count":2,"href":"https:\/\/www.m-q.ch\/fr\/wp-json\/wp\/v2\/posts\/508\/revisions"}],"predecessor-version":[{"id":1083,"href":"https:\/\/www.m-q.ch\/fr\/wp-json\/wp\/v2\/posts\/508\/revisions\/1083"}],"wp:featuredmedia":[{"embeddable":true,"href":"https:\/\/www.m-q.ch\/fr\/wp-json\/wp\/v2\/media\/172"}],"wp:attachment":[{"href":"https:\/\/www.m-q.ch\/fr\/wp-json\/wp\/v2\/media?parent=508"}],"wp:term":[{"taxonomy":"category","embeddable":true,"href":"https:\/\/www.m-q.ch\/fr\/wp-json\/wp\/v2\/categories?post=508"},{"taxonomy":"post_tag","embeddable":true,"href":"https:\/\/www.m-q.ch\/fr\/wp-json\/wp\/v2\/tags?post=508"}],"curies":[{"name":"wp","href":"https:\/\/api.w.org\/{rel}","templated":true}]}}