{"id":514,"date":"2016-07-18T15:36:37","date_gmt":"2016-07-18T13:36:37","guid":{"rendered":"http:\/\/dev.m-q.ch\/?p=514"},"modified":"2016-12-09T15:37:29","modified_gmt":"2016-12-09T14:37:29","slug":"comparatif-des-fusees-de-surveillance-suisses","status":"publish","type":"post","link":"https:\/\/www.m-q.ch\/fr\/schweizer-aufsichtsraete-im-vergleich\/","title":{"rendered":"Comparaison des conseils de surveillance suisses"},"content":{"rendered":"<figure id=\"attachment_212\" aria-describedby=\"caption-attachment-212\" style=\"width: 424px\" class=\"wp-caption alignnone\"><a href=\"https:\/\/m-q.ch\/wp-content\/uploads\/2016\/12\/Schweizer-Aufsichtsr\u00e4te-im-Vergleich-management-und-qualitaet.jpg\"><img loading=\"lazy\" decoding=\"async\" class=\"size-full wp-image-212\" src=\"https:\/\/m-q.ch\/wp-content\/uploads\/2016\/12\/Schweizer-Aufsichtsr\u00e4te-im-Vergleich-management-und-qualitaet.jpg\" alt=\"\" width=\"424\" height=\"269\" srcset=\"https:\/\/www.m-q.ch\/wp-content\/uploads\/2016\/12\/Schweizer-Aufsichtsr\u00e4te-im-Vergleich-management-und-qualitaet.jpg 424w, https:\/\/www.m-q.ch\/wp-content\/uploads\/2016\/12\/Schweizer-Aufsichtsr\u00e4te-im-Vergleich-management-und-qualitaet-16x10.jpg 16w, https:\/\/www.m-q.ch\/wp-content\/uploads\/2016\/12\/Schweizer-Aufsichtsr\u00e4te-im-Vergleich-management-und-qualitaet-276x175.jpg 276w, https:\/\/www.m-q.ch\/wp-content\/uploads\/2016\/12\/Schweizer-Aufsichtsr\u00e4te-im-Vergleich-management-und-qualitaet-300x190.jpg 300w\" sizes=\"auto, (max-width: 424px) 100vw, 424px\" \/><\/a><figcaption id=\"caption-attachment-212\" class=\"wp-caption-text\">Il existe \u00e9galement des conseils d'honneur. Par exemple, 30 femmes et hommes sont b\u00e9n\u00e9voles au sein du conseil d'administration de la Techniker Krankenkasse (TK), \u00e0 Hambourg. (Image : Techniker Krankenkasse)<\/figcaption><\/figure>\n<blockquote><p>Les risques pour les entreprises n'ont pas diminu\u00e9, mais sont devenus nettement plus importants ces derni\u00e8res ann\u00e9es.<\/p><\/blockquote>\n<p>Les membres masculins du conseil de surveillance gagnent un quart de plus que leurs coll\u00e8gues f\u00e9minines. Il n'y en a gu\u00e8re plus au conseil de surveillance qu'en 2011 : alors qu'il y a cinq ans, pr\u00e8s de 90 % des membres du conseil de surveillance \u00e9taient des hommes, ce chiffre est encore de huit sur dix aujourd'hui. C'est le r\u00e9sultat d'une \u00e9tude r\u00e9cente sur la r\u00e9mun\u00e9ration et la composition des conseils de surveillance europ\u00e9ens r\u00e9alis\u00e9e par le cabinet de conseil en ressources humaines, talents et organisation Korn Ferry Hay Group.<\/p>\n<p><strong>La Suisse au sommet des salaires<\/strong><\/p>\n<p>La Suisse est en t\u00eate du tableau des r\u00e9mun\u00e9rations des pr\u00e9sidents des conseils de surveillance avec environ 950 000 euros, suivie du Royaume-Uni (460 000 euros), de l'Italie (238 000 euros), de la France (250 000 euros), de la Su\u00e8de (197 000 euros) et de l'Allemagne (188 000 euros). En bas du tableau, on trouve l'Autriche (30 000 euros) et la Norv\u00e8ge (63 000 euros). En moyenne, le responsable d'un conseil de surveillance en Europe re\u00e7oit environ 250 000 euros, et un conseil de surveillance simple 69 000 euros. L'Allemagne se situe au-dessus de la moyenne pour ce dernier. Les personnes qui supervisent une entreprise ici re\u00e7oivent en moyenne 90 000 euros d'indemnit\u00e9s. Cela repr\u00e9sente une augmentation de 50 % au cours des cinq derni\u00e8res ann\u00e9es.<\/p>\n<p>Hubertus Graf Douglas, directeur g\u00e9n\u00e9ral de Korn Ferry Allemagne, d\u00e9clare : \"La vitesse \u00e0 laquelle les conditions commerciales changent aujourd'hui pose aux entreprises des d\u00e9fis sans pr\u00e9c\u00e9dent.<\/p>\n<p>Dans le m\u00eame temps, la complexit\u00e9 s'accro\u00eet en raison de la mise en r\u00e9seau, de la num\u00e9risation et de la mondialisation. Le risque de mauvaises d\u00e9cisions augmente de mani\u00e8re exponentielle. Une situation qui est particuli\u00e8rement difficile pour les conseils de surveillance actuels. Toutefois, il faut noter que la composition et la s\u00e9lection des candidats aux conseils de surveillance allemands ne peuvent toujours pas rivaliser avec le professionnalisme des Suisses ou des Anglo-Saxons.<\/p>\n<p>L\u00e0, une attention particuli\u00e8re est accord\u00e9e aux comp\u00e9tences et au profil, et les proc\u00e9dures de s\u00e9lection sont difficiles. Il ne faut pas oublier que les pouvoirs des dirigeants du conseil de surveillance ou du conseil d'administration sont \u00e9galement beaucoup plus \u00e9tendus\".<\/p>\n<p><strong>Responsabilit\u00e9 partielle des risques \u00a0\u00a0<\/strong><\/p>\n<p>Ainsi, cent pour cent des organes de surveillance allemands couvrent les audits, 97 pour cent la nomination des cadres sup\u00e9rieurs des entreprises et 70 pour cent assument la responsabilit\u00e9 du mod\u00e8le de r\u00e9mun\u00e9ration des cadres sup\u00e9rieurs. Mais seulement 17 % des personnes interrog\u00e9es ont \u00e9galement mis en place un comit\u00e9 des risques d'entreprise fonctionnel. En Italie, cela fait partie des activit\u00e9s quotidiennes de 83 % des conseils de surveillance, en Suisse de 30 % et en Grande-Bretagne de 29 %.<\/p>\n<p>William Eggers d\u00e9clare : \"Ce r\u00e9sultat m'a personnellement surpris. Apr\u00e8s tout, les risques pour les entreprises ne sont pas devenus plus petits, mais beaucoup plus importants ces derni\u00e8res ann\u00e9es. C'est pourquoi je pense qu'il est obligatoire que le \"risque\" soit fermement ancr\u00e9 dans chaque conseil de surveillance\".<\/p>\n<p><a href=\"http:\/\/www.kornferry.com\" target=\"_blank\" data-cke-saved-href=\"http:\/\/www.kornferry.com\">www.kornferry.com<\/a><\/p>","protected":false},"excerpt":{"rendered":"<p>Die Risiken f\u00fcr Unternehmen sind nicht kleiner, sondern in den vergangenen Jahren deutlich gr\u00f6sser geworden. M\u00e4nnliche Aufsichtsr\u00e4te verdienen ein Viertel mehr als ihre weiblichen Kolleginnen. Von denen es nach wie vor kaum mehr im Aufsichtsrat gibt als im Jahr 2011: Waren vor f\u00fcnf Jahren fast 90 Prozent der Aufsichtsr\u00e4te m\u00e4nnlichen Geschlechts, sind es auch heute [&hellip;]<\/p>\n","protected":false},"author":1,"featured_media":212,"comment_status":"open","ping_status":"open","sticky":false,"template":"","format":"standard","meta":{"_acf_changed":false,"footnotes":""},"categories":[1],"tags":[3362],"class_list":["post-514","post","type-post","status-publish","format-standard","has-post-thumbnail","hentry","category-unkategorisiert","tag-studie"],"acf":[],"yoast_head":"<!-- This site is optimized with the Yoast SEO plugin v26.2 - https:\/\/yoast.com\/wordpress\/plugins\/seo\/ -->\n<title>Schweizer Aufsichtsr\u00e4te im Vergleich - MQ Management und Qualit\u00e4t<\/title>\n<meta name=\"description\" content=\"Wie die Korn Ferry Hay Group in einem aktuellen Vergleich betont, gibt es Unterschiede bei den Geh\u00e4ltern der Vorsitzenden. Deutliche Gehaltsunterschiede gibt es auch zwischen m\u00e4nnlichen und weiblichen R\u00e4ten. Hintergr\u00fcnde und weitere interessante Punkte au\" \/>\n<meta name=\"robots\" content=\"index, follow, max-snippet:-1, max-image-preview:large, max-video-preview:-1\" \/>\n<link rel=\"canonical\" href=\"https:\/\/www.m-q.ch\/fr\/comparaison-entre-la-suisse-et-la-suisse-en-matiere-de-surveillance\/\" \/>\n<meta property=\"og:locale\" content=\"fr_FR\" \/>\n<meta property=\"og:type\" content=\"article\" \/>\n<meta property=\"og:title\" content=\"Schweizer Aufsichtsr\u00e4te im Vergleich - MQ Management und Qualit\u00e4t\" \/>\n<meta property=\"og:description\" content=\"Wie die Korn Ferry Hay Group in einem aktuellen Vergleich betont, gibt es Unterschiede bei den Geh\u00e4ltern der Vorsitzenden. Deutliche Gehaltsunterschiede gibt es auch zwischen m\u00e4nnlichen und weiblichen R\u00e4ten. Hintergr\u00fcnde und weitere interessante Punkte au\" \/>\n<meta property=\"og:url\" content=\"https:\/\/www.m-q.ch\/fr\/comparaison-entre-la-suisse-et-la-suisse-en-matiere-de-surveillance\/\" \/>\n<meta property=\"og:site_name\" content=\"MQ Management und Qualit\u00e4t\" \/>\n<meta property=\"article:publisher\" content=\"https:\/\/www.facebook.com\/ManagementUndQualitaet\" \/>\n<meta property=\"article:published_time\" content=\"2016-07-18T13:36:37+00:00\" \/>\n<meta property=\"article:modified_time\" content=\"2016-12-09T14:37:29+00:00\" \/>\n<meta property=\"og:image\" content=\"https:\/\/www.m-q.ch\/wp-content\/uploads\/2016\/12\/Schweizer-Aufsichtsr\u00e4te-im-Vergleich-management-und-qualitaet.jpg\" \/>\n\t<meta property=\"og:image:width\" content=\"424\" \/>\n\t<meta property=\"og:image:height\" content=\"269\" \/>\n\t<meta property=\"og:image:type\" content=\"image\/jpeg\" \/>\n<meta name=\"author\" content=\"galledia\" \/>\n<meta name=\"twitter:card\" content=\"summary_large_image\" \/>\n<meta name=\"twitter:label1\" content=\"\u00c9crit par\" \/>\n\t<meta name=\"twitter:data1\" content=\"galledia\" \/>\n\t<meta name=\"twitter:label2\" content=\"Dur\u00e9e de lecture estim\u00e9e\" \/>\n\t<meta name=\"twitter:data2\" content=\"2 minutes\" \/>\n<script type=\"application\/ld+json\" class=\"yoast-schema-graph\">{\"@context\":\"https:\/\/schema.org\",\"@graph\":[{\"@type\":\"Article\",\"@id\":\"https:\/\/www.m-q.ch\/fr\/comparaison-entre-la-suisse-et-la-suisse-en-matiere-de-surveillance\/#article\",\"isPartOf\":{\"@id\":\"https:\/\/www.m-q.ch\/fr\/comparaison-entre-la-suisse-et-la-suisse-en-matiere-de-surveillance\/\"},\"author\":{\"name\":\"galledia\",\"@id\":\"https:\/\/www.m-q.ch\/fr\/#\/schema\/person\/c0139a2c55a374db6df2cde78ec87148\"},\"headline\":\"Schweizer Aufsichtsr\u00e4te im Vergleich\",\"datePublished\":\"2016-07-18T13:36:37+00:00\",\"dateModified\":\"2016-12-09T14:37:29+00:00\",\"mainEntityOfPage\":{\"@id\":\"https:\/\/www.m-q.ch\/fr\/comparaison-entre-la-suisse-et-la-suisse-en-matiere-de-surveillance\/\"},\"wordCount\":434,\"commentCount\":0,\"publisher\":{\"@id\":\"https:\/\/www.m-q.ch\/fr\/#organization\"},\"image\":{\"@id\":\"https:\/\/www.m-q.ch\/fr\/comparaison-entre-la-suisse-et-la-suisse-en-matiere-de-surveillance\/#primaryimage\"},\"thumbnailUrl\":\"https:\/\/www.m-q.ch\/wp-content\/uploads\/2016\/12\/Schweizer-Aufsichtsr\u00e4te-im-Vergleich-management-und-qualitaet.jpg\",\"keywords\":[\"Studie\"],\"articleSection\":[\"Unkategorisiert\"],\"inLanguage\":\"fr-FR\"},{\"@type\":\"WebPage\",\"@id\":\"https:\/\/www.m-q.ch\/fr\/comparaison-entre-la-suisse-et-la-suisse-en-matiere-de-surveillance\/\",\"url\":\"https:\/\/www.m-q.ch\/fr\/comparaison-entre-la-suisse-et-la-suisse-en-matiere-de-surveillance\/\",\"name\":\"Schweizer Aufsichtsr\u00e4te im Vergleich - MQ Management und Qualit\u00e4t\",\"isPartOf\":{\"@id\":\"https:\/\/www.m-q.ch\/fr\/#website\"},\"primaryImageOfPage\":{\"@id\":\"https:\/\/www.m-q.ch\/fr\/comparaison-entre-la-suisse-et-la-suisse-en-matiere-de-surveillance\/#primaryimage\"},\"image\":{\"@id\":\"https:\/\/www.m-q.ch\/fr\/comparaison-entre-la-suisse-et-la-suisse-en-matiere-de-surveillance\/#primaryimage\"},\"thumbnailUrl\":\"https:\/\/www.m-q.ch\/wp-content\/uploads\/2016\/12\/Schweizer-Aufsichtsr\u00e4te-im-Vergleich-management-und-qualitaet.jpg\",\"datePublished\":\"2016-07-18T13:36:37+00:00\",\"dateModified\":\"2016-12-09T14:37:29+00:00\",\"description\":\"Wie die Korn Ferry Hay Group in einem aktuellen Vergleich betont, gibt es Unterschiede bei den Geh\u00e4ltern der Vorsitzenden. Deutliche Gehaltsunterschiede gibt es auch zwischen m\u00e4nnlichen und weiblichen R\u00e4ten. Hintergr\u00fcnde und weitere interessante Punkte au\",\"breadcrumb\":{\"@id\":\"https:\/\/www.m-q.ch\/fr\/comparaison-entre-la-suisse-et-la-suisse-en-matiere-de-surveillance\/#breadcrumb\"},\"inLanguage\":\"fr-FR\",\"potentialAction\":[{\"@type\":\"ReadAction\",\"target\":[\"https:\/\/www.m-q.ch\/fr\/comparaison-entre-la-suisse-et-la-suisse-en-matiere-de-surveillance\/\"]}]},{\"@type\":\"ImageObject\",\"inLanguage\":\"fr-FR\",\"@id\":\"https:\/\/www.m-q.ch\/fr\/comparaison-entre-la-suisse-et-la-suisse-en-matiere-de-surveillance\/#primaryimage\",\"url\":\"https:\/\/www.m-q.ch\/wp-content\/uploads\/2016\/12\/Schweizer-Aufsichtsr\u00e4te-im-Vergleich-management-und-qualitaet.jpg\",\"contentUrl\":\"https:\/\/www.m-q.ch\/wp-content\/uploads\/2016\/12\/Schweizer-Aufsichtsr\u00e4te-im-Vergleich-management-und-qualitaet.jpg\",\"width\":424,\"height\":269,\"caption\":\"Es gibt auch ehrenamtliche R\u00e4te. 30 Frauen und M\u00e4nner engagieren sich beispielsweise ehrenamtlich im Verwaltungsrat der Techniker Krankenkasse (TK), Hamburg. (Bild: Techniker Krankenkasse)\"},{\"@type\":\"BreadcrumbList\",\"@id\":\"https:\/\/www.m-q.ch\/fr\/comparaison-entre-la-suisse-et-la-suisse-en-matiere-de-surveillance\/#breadcrumb\",\"itemListElement\":[{\"@type\":\"ListItem\",\"position\":1,\"name\":\"Unkategorisiert\",\"item\":\"https:\/\/www.m-q.ch\/it\/categoria\/senza-categoria\/\"},{\"@type\":\"ListItem\",\"position\":2,\"name\":\"Schweizer Aufsichtsr\u00e4te im Vergleich\"}]},{\"@type\":\"WebSite\",\"@id\":\"https:\/\/www.m-q.ch\/fr\/#website\",\"url\":\"https:\/\/www.m-q.ch\/fr\/\",\"name\":\"MQ Management und Qualit\u00e4t\",\"description\":\"Plattform f\u00fcr integrierte Managementsysteme.\",\"publisher\":{\"@id\":\"https:\/\/www.m-q.ch\/fr\/#organization\"},\"potentialAction\":[{\"@type\":\"SearchAction\",\"target\":{\"@type\":\"EntryPoint\",\"urlTemplate\":\"https:\/\/www.m-q.ch\/fr\/?s={search_term_string}\"},\"query-input\":{\"@type\":\"PropertyValueSpecification\",\"valueRequired\":true,\"valueName\":\"search_term_string\"}}],\"inLanguage\":\"fr-FR\"},{\"@type\":\"Organization\",\"@id\":\"https:\/\/www.m-q.ch\/fr\/#organization\",\"name\":\"Galledia Fachmedien AG\",\"url\":\"https:\/\/www.m-q.ch\/fr\/\",\"logo\":{\"@type\":\"ImageObject\",\"inLanguage\":\"fr-FR\",\"@id\":\"https:\/\/www.m-q.ch\/fr\/#\/schema\/logo\/image\/\",\"url\":\"https:\/\/www.m-q.ch\/wp-content\/uploads\/2020\/12\/cropped-logo_small.png\",\"contentUrl\":\"https:\/\/www.m-q.ch\/wp-content\/uploads\/2020\/12\/cropped-logo_small.png\",\"width\":512,\"height\":512,\"caption\":\"Galledia Fachmedien AG\"},\"image\":{\"@id\":\"https:\/\/www.m-q.ch\/fr\/#\/schema\/logo\/image\/\"},\"sameAs\":[\"https:\/\/www.facebook.com\/ManagementUndQualitaet\",\"https:\/\/www.linkedin.com\/showcase\/17982321\/admin\/\"]},{\"@type\":\"Person\",\"@id\":\"https:\/\/www.m-q.ch\/fr\/#\/schema\/person\/c0139a2c55a374db6df2cde78ec87148\",\"name\":\"galledia\",\"image\":{\"@type\":\"ImageObject\",\"inLanguage\":\"fr-FR\",\"@id\":\"https:\/\/www.m-q.ch\/fr\/#\/schema\/person\/image\/\",\"url\":\"https:\/\/secure.gravatar.com\/avatar\/66edf527eac29e9a5eb25bcada01f61a?s=96&d=mm&r=g\",\"contentUrl\":\"https:\/\/secure.gravatar.com\/avatar\/66edf527eac29e9a5eb25bcada01f61a?s=96&d=mm&r=g\",\"caption\":\"galledia\"},\"url\":\"https:\/\/www.m-q.ch\/fr\/author\/galledia\/\"}]}<\/script>\n<!-- \/ Yoast SEO plugin. -->","yoast_head_json":{"title":"Comparaison des conseils de surveillance suisses - MQ Management und Qualit\u00e4t","description":"Comme le souligne le Korn Ferry Hay Group dans une comparaison r\u00e9cente, il existe des diff\u00e9rences dans les salaires des pr\u00e9sidents. Il existe \u00e9galement des diff\u00e9rences de salaire importantes entre les conseillers et conseill\u00e8res municipales. Contexte et autres points int\u00e9ressants au","robots":{"index":"index","follow":"follow","max-snippet":"max-snippet:-1","max-image-preview":"max-image-preview:large","max-video-preview":"max-video-preview:-1"},"canonical":"https:\/\/www.m-q.ch\/fr\/comparaison-entre-la-suisse-et-la-suisse-en-matiere-de-surveillance\/","og_locale":"fr_FR","og_type":"article","og_title":"Schweizer Aufsichtsr\u00e4te im Vergleich - MQ Management und Qualit\u00e4t","og_description":"Wie die Korn Ferry Hay Group in einem aktuellen Vergleich betont, gibt es Unterschiede bei den Geh\u00e4ltern der Vorsitzenden. Deutliche Gehaltsunterschiede gibt es auch zwischen m\u00e4nnlichen und weiblichen R\u00e4ten. Hintergr\u00fcnde und weitere interessante Punkte au","og_url":"https:\/\/www.m-q.ch\/fr\/comparaison-entre-la-suisse-et-la-suisse-en-matiere-de-surveillance\/","og_site_name":"MQ Management und Qualit\u00e4t","article_publisher":"https:\/\/www.facebook.com\/ManagementUndQualitaet","article_published_time":"2016-07-18T13:36:37+00:00","article_modified_time":"2016-12-09T14:37:29+00:00","og_image":[{"width":424,"height":269,"url":"https:\/\/www.m-q.ch\/wp-content\/uploads\/2016\/12\/Schweizer-Aufsichtsr\u00e4te-im-Vergleich-management-und-qualitaet.jpg","type":"image\/jpeg"}],"author":"galledia","twitter_card":"summary_large_image","twitter_misc":{"\u00c9crit par":"galledia","Dur\u00e9e de lecture estim\u00e9e":"2 minutes"},"schema":{"@context":"https:\/\/schema.org","@graph":[{"@type":"Article","@id":"https:\/\/www.m-q.ch\/fr\/comparaison-entre-la-suisse-et-la-suisse-en-matiere-de-surveillance\/#article","isPartOf":{"@id":"https:\/\/www.m-q.ch\/fr\/comparaison-entre-la-suisse-et-la-suisse-en-matiere-de-surveillance\/"},"author":{"name":"galledia","@id":"https:\/\/www.m-q.ch\/fr\/#\/schema\/person\/c0139a2c55a374db6df2cde78ec87148"},"headline":"Schweizer Aufsichtsr\u00e4te im Vergleich","datePublished":"2016-07-18T13:36:37+00:00","dateModified":"2016-12-09T14:37:29+00:00","mainEntityOfPage":{"@id":"https:\/\/www.m-q.ch\/fr\/comparaison-entre-la-suisse-et-la-suisse-en-matiere-de-surveillance\/"},"wordCount":434,"commentCount":0,"publisher":{"@id":"https:\/\/www.m-q.ch\/fr\/#organization"},"image":{"@id":"https:\/\/www.m-q.ch\/fr\/comparaison-entre-la-suisse-et-la-suisse-en-matiere-de-surveillance\/#primaryimage"},"thumbnailUrl":"https:\/\/www.m-q.ch\/wp-content\/uploads\/2016\/12\/Schweizer-Aufsichtsr\u00e4te-im-Vergleich-management-und-qualitaet.jpg","keywords":["Studie"],"articleSection":["Unkategorisiert"],"inLanguage":"fr-FR"},{"@type":"WebPage","@id":"https:\/\/www.m-q.ch\/fr\/comparaison-entre-la-suisse-et-la-suisse-en-matiere-de-surveillance\/","url":"https:\/\/www.m-q.ch\/fr\/comparaison-entre-la-suisse-et-la-suisse-en-matiere-de-surveillance\/","name":"Comparaison des conseils de surveillance suisses - MQ Management und Qualit\u00e4t","isPartOf":{"@id":"https:\/\/www.m-q.ch\/fr\/#website"},"primaryImageOfPage":{"@id":"https:\/\/www.m-q.ch\/fr\/comparaison-entre-la-suisse-et-la-suisse-en-matiere-de-surveillance\/#primaryimage"},"image":{"@id":"https:\/\/www.m-q.ch\/fr\/comparaison-entre-la-suisse-et-la-suisse-en-matiere-de-surveillance\/#primaryimage"},"thumbnailUrl":"https:\/\/www.m-q.ch\/wp-content\/uploads\/2016\/12\/Schweizer-Aufsichtsr\u00e4te-im-Vergleich-management-und-qualitaet.jpg","datePublished":"2016-07-18T13:36:37+00:00","dateModified":"2016-12-09T14:37:29+00:00","description":"Comme le souligne le Korn Ferry Hay Group dans une comparaison r\u00e9cente, il existe des diff\u00e9rences dans les salaires des pr\u00e9sidents. Il existe \u00e9galement des diff\u00e9rences de salaire importantes entre les conseillers et conseill\u00e8res municipales. Contexte et autres points int\u00e9ressants au","breadcrumb":{"@id":"https:\/\/www.m-q.ch\/fr\/comparaison-entre-la-suisse-et-la-suisse-en-matiere-de-surveillance\/#breadcrumb"},"inLanguage":"fr-FR","potentialAction":[{"@type":"ReadAction","target":["https:\/\/www.m-q.ch\/fr\/comparaison-entre-la-suisse-et-la-suisse-en-matiere-de-surveillance\/"]}]},{"@type":"ImageObject","inLanguage":"fr-FR","@id":"https:\/\/www.m-q.ch\/fr\/comparaison-entre-la-suisse-et-la-suisse-en-matiere-de-surveillance\/#primaryimage","url":"https:\/\/www.m-q.ch\/wp-content\/uploads\/2016\/12\/Schweizer-Aufsichtsr\u00e4te-im-Vergleich-management-und-qualitaet.jpg","contentUrl":"https:\/\/www.m-q.ch\/wp-content\/uploads\/2016\/12\/Schweizer-Aufsichtsr\u00e4te-im-Vergleich-management-und-qualitaet.jpg","width":424,"height":269,"caption":"Es gibt auch ehrenamtliche R\u00e4te. 30 Frauen und M\u00e4nner engagieren sich beispielsweise ehrenamtlich im Verwaltungsrat der Techniker Krankenkasse (TK), Hamburg. (Bild: Techniker Krankenkasse)"},{"@type":"BreadcrumbList","@id":"https:\/\/www.m-q.ch\/fr\/comparaison-entre-la-suisse-et-la-suisse-en-matiere-de-surveillance\/#breadcrumb","itemListElement":[{"@type":"ListItem","position":1,"name":"Unkategorisiert","item":"https:\/\/www.m-q.ch\/it\/categoria\/senza-categoria\/"},{"@type":"ListItem","position":2,"name":"Schweizer Aufsichtsr\u00e4te im Vergleich"}]},{"@type":"WebSite","@id":"https:\/\/www.m-q.ch\/fr\/#website","url":"https:\/\/www.m-q.ch\/fr\/","name":"Gestion et qualit\u00e9 du QM","description":"Plate-forme pour les syst\u00e8mes de gestion int\u00e9gr\u00e9e.","publisher":{"@id":"https:\/\/www.m-q.ch\/fr\/#organization"},"potentialAction":[{"@type":"SearchAction","target":{"@type":"EntryPoint","urlTemplate":"https:\/\/www.m-q.ch\/fr\/?s={search_term_string}"},"query-input":{"@type":"PropertyValueSpecification","valueRequired":true,"valueName":"search_term_string"}}],"inLanguage":"fr-FR"},{"@type":"Organization","@id":"https:\/\/www.m-q.ch\/fr\/#organization","name":"Galledia Trade Media AG","url":"https:\/\/www.m-q.ch\/fr\/","logo":{"@type":"ImageObject","inLanguage":"fr-FR","@id":"https:\/\/www.m-q.ch\/fr\/#\/schema\/logo\/image\/","url":"https:\/\/www.m-q.ch\/wp-content\/uploads\/2020\/12\/cropped-logo_small.png","contentUrl":"https:\/\/www.m-q.ch\/wp-content\/uploads\/2020\/12\/cropped-logo_small.png","width":512,"height":512,"caption":"Galledia Fachmedien AG"},"image":{"@id":"https:\/\/www.m-q.ch\/fr\/#\/schema\/logo\/image\/"},"sameAs":["https:\/\/www.facebook.com\/ManagementUndQualitaet","https:\/\/www.linkedin.com\/showcase\/17982321\/admin\/"]},{"@type":"Person","@id":"https:\/\/www.m-q.ch\/fr\/#\/schema\/person\/c0139a2c55a374db6df2cde78ec87148","name":"galledia","image":{"@type":"ImageObject","inLanguage":"fr-FR","@id":"https:\/\/www.m-q.ch\/fr\/#\/schema\/person\/image\/","url":"https:\/\/secure.gravatar.com\/avatar\/66edf527eac29e9a5eb25bcada01f61a?s=96&d=mm&r=g","contentUrl":"https:\/\/secure.gravatar.com\/avatar\/66edf527eac29e9a5eb25bcada01f61a?s=96&d=mm&r=g","caption":"galledia"},"url":"https:\/\/www.m-q.ch\/fr\/author\/galledia\/"}]}},"_links":{"self":[{"href":"https:\/\/www.m-q.ch\/fr\/wp-json\/wp\/v2\/posts\/514","targetHints":{"allow":["GET"]}}],"collection":[{"href":"https:\/\/www.m-q.ch\/fr\/wp-json\/wp\/v2\/posts"}],"about":[{"href":"https:\/\/www.m-q.ch\/fr\/wp-json\/wp\/v2\/types\/post"}],"author":[{"embeddable":true,"href":"https:\/\/www.m-q.ch\/fr\/wp-json\/wp\/v2\/users\/1"}],"replies":[{"embeddable":true,"href":"https:\/\/www.m-q.ch\/fr\/wp-json\/wp\/v2\/comments?post=514"}],"version-history":[{"count":1,"href":"https:\/\/www.m-q.ch\/fr\/wp-json\/wp\/v2\/posts\/514\/revisions"}],"predecessor-version":[{"id":515,"href":"https:\/\/www.m-q.ch\/fr\/wp-json\/wp\/v2\/posts\/514\/revisions\/515"}],"wp:featuredmedia":[{"embeddable":true,"href":"https:\/\/www.m-q.ch\/fr\/wp-json\/wp\/v2\/media\/212"}],"wp:attachment":[{"href":"https:\/\/www.m-q.ch\/fr\/wp-json\/wp\/v2\/media?parent=514"}],"wp:term":[{"taxonomy":"category","embeddable":true,"href":"https:\/\/www.m-q.ch\/fr\/wp-json\/wp\/v2\/categories?post=514"},{"taxonomy":"post_tag","embeddable":true,"href":"https:\/\/www.m-q.ch\/fr\/wp-json\/wp\/v2\/tags?post=514"}],"curies":[{"name":"wp","href":"https:\/\/api.w.org\/{rel}","templated":true}]}}