{"id":526,"date":"2016-08-05T15:49:04","date_gmt":"2016-08-05T13:49:04","guid":{"rendered":"http:\/\/dev.m-q.ch\/?p=526"},"modified":"2017-03-01T10:03:48","modified_gmt":"2017-03-01T09:03:48","slug":"contingents-de-places-de-travail-en-suisse","status":"publish","type":"post","link":"https:\/\/www.m-q.ch\/fr\/kontingente-fuer-arbeitsplaetze-in-der-schweiz\/","title":{"rendered":"Quotas pour les emplois en Suisse"},"content":{"rendered":"<figure id=\"attachment_154\" aria-describedby=\"caption-attachment-154\" style=\"width: 640px\" class=\"wp-caption alignnone\"><a href=\"https:\/\/m-q.ch\/wp-content\/uploads\/2016\/12\/Kontingente-f\u00fcr-Arbeitspl\u00e4tze-in-der-Schweiz-management-und-qualitaet.jpg\"><img loading=\"lazy\" decoding=\"async\" class=\"wp-image-154 size-full\" src=\"https:\/\/www.m-q.ch\/wp-content\/uploads\/2016\/12\/Kontingente-f\u00fcr-Arbeitspl\u00e4tze-in-der-Schweiz-management-und-qualitaet.jpg\" width=\"640\" height=\"424\" srcset=\"https:\/\/www.m-q.ch\/wp-content\/uploads\/2016\/12\/Kontingente-f\u00fcr-Arbeitspl\u00e4tze-in-der-Schweiz-management-und-qualitaet.jpg 640w, https:\/\/www.m-q.ch\/wp-content\/uploads\/2016\/12\/Kontingente-f\u00fcr-Arbeitspl\u00e4tze-in-der-Schweiz-management-und-qualitaet-16x12.jpg 16w, https:\/\/www.m-q.ch\/wp-content\/uploads\/2016\/12\/Kontingente-f\u00fcr-Arbeitspl\u00e4tze-in-der-Schweiz-management-und-qualitaet-264x175.jpg 264w, https:\/\/www.m-q.ch\/wp-content\/uploads\/2016\/12\/Kontingente-f\u00fcr-Arbeitspl\u00e4tze-in-der-Schweiz-management-und-qualitaet-528x350.jpg 528w, https:\/\/www.m-q.ch\/wp-content\/uploads\/2016\/12\/Kontingente-f\u00fcr-Arbeitspl\u00e4tze-in-der-Schweiz-management-und-qualitaet-300x199.jpg 300w, https:\/\/www.m-q.ch\/wp-content\/uploads\/2016\/12\/Kontingente-f\u00fcr-Arbeitspl\u00e4tze-in-der-Schweiz-management-und-qualitaet-624x413.jpg 624w\" sizes=\"auto, (max-width: 640px) 100vw, 640px\" \/><\/a><figcaption id=\"caption-attachment-154\" class=\"wp-caption-text\">Si les sp\u00e9cialistes ne sont pas disponibles au moment voulu, les \u00e9quipes de d\u00e9veloppement suisses sont en difficult\u00e9. (Photo ZvG)<\/figcaption><\/figure>\n<p>Pour 2015 et 2016, le Conseil f\u00e9d\u00e9ral a consid\u00e9rablement r\u00e9duit les quotas pour les prestataires de services des pays de l'UE\/AELE et des pays tiers, ce que Swico avait d\u00e9j\u00e0 vivement critiqu\u00e9 \u00e0 l'\u00e9poque. Le Conseil f\u00e9d\u00e9ral l'a fait principalement avec un argument politique bas\u00e9 sur l'adoption de l'initiative sur l'immigration de masse. Toutefois, ces quotas n'ont rien \u00e0 voir avec l'immigration, puisqu'il s'agit de courts s\u00e9jours de sp\u00e9cialistes qui restent employ\u00e9s \u00e0 l'\u00e9tranger et y retournent \u00e9galement. Ils n'entrent donc pas dans le syst\u00e8me social et n'ont pas droit au regroupement familial.<\/p>\n<p><strong>Quotas d\u00e9j\u00e0 allou\u00e9s<\/strong><\/p>\n<p>Depuis, les membres de Swico en ont ressenti les effets. Au cours de chacun des six trimestres qui ont suivi la r\u00e9duction, les quotas ont \u00e9t\u00e9 utilis\u00e9s \u00e0 peu pr\u00e8s \u00e0 mi-chemin, ce qui a entra\u00een\u00e9 une \"course de l\u00e9vriers\" entre les entreprises ainsi qu'un degr\u00e9 \u00e9lev\u00e9 d'incertitude, par exemple lors des appels d'offres pour des projets internationaux. Si les sp\u00e9cialistes essentiels (bas\u00e9s \u00e0 l'\u00e9tranger) ne sont pas disponibles au moment voulu, les \u00e9quipes de d\u00e9veloppement suisses peuvent rencontrer des difficult\u00e9s : En cons\u00e9quence, toutes les commandes sont transf\u00e9r\u00e9es \u00e0 l'\u00e9tranger, ce qui non seulement prive la Suisse de valeur ajout\u00e9e, mais met \u00e9galement en danger \u00e0 moyen terme les emplois qui se trouvaient auparavant en Suisse.<\/p>\n<p><strong>Brexit - et ensuite ?<\/strong><\/p>\n<p>La d\u00e9t\u00e9rioration croissante des conditions \u00e9conomiques en Suisse, notamment en raison de la force du franc suisse, l'impr\u00e9visibilit\u00e9 croissante des d\u00e9veloppements politiques ainsi que les cons\u00e9quences incertaines de la votation \"Brexit\" : tout cela exige maintenant une action rapide du Conseil f\u00e9d\u00e9ral et un retour \u00e0 des quotas appropri\u00e9s. Celles-ci devraient \u00eatre fix\u00e9es en fonction de crit\u00e8res li\u00e9s au march\u00e9 du travail plut\u00f4t que de l'opportunisme politique, ce qui aurait un impact positif sur l'ensemble du march\u00e9 suisse du travail et de l'apprentissage.<\/p>\n<p>Vous pouvez trouver la d\u00e9claration compl\u00e8te sous cette <a href=\"http:\/\/www.swico.ch\/downloads\/dokumente\/festlegung-der-hoechstzahlen-fuer-das-jahr-2017anhoerungpdf.pdf\/3955\" target=\"_blank\" rel=\"noreferrer\" data-cke-saved-href=\"http:\/\/www.swico.ch\/downloads\/dokumente\/festlegung-der-hoechstzahlen-fuer-das-jahr-2017anhoerungpdf.pdf\/3955\">Lien<\/a><br \/>\n<a href=\"http:\/\/www.swico.ch\" target=\"_blank\" rel=\"noreferrer\" data-cke-saved-href=\"http:\/\/www.swico.ch\">http:\/\/www.swico.ch<\/a><\/p>","protected":false},"excerpt":{"rendered":"<p>F\u00fcr 2015 und auch f\u00fcr 2016 hat der Bundesrat die Kontingente f\u00fcr Dienstleistungserbringer aus EU\/EFTA Staaten und Drittstaaten markant gek\u00fcrzt, was Swico schon damals stark kritisierte. Der Bundesrat tat dies prim\u00e4r mit einer politischen Argumentation, die sich auf die Annahme der Masseneinwanderungsinitiative st\u00fctzte. Dabei haben diese Kontingente mit Einwanderung nichts zu tun, handelt es sich [&hellip;]<\/p>\n","protected":false},"author":1,"featured_media":154,"comment_status":"open","ping_status":"open","sticky":false,"template":"","format":"standard","meta":{"_acf_changed":false,"footnotes":""},"categories":[1],"tags":[3367],"class_list":["post-526","post","type-post","status-publish","format-standard","has-post-thumbnail","hentry","category-unkategorisiert","tag-nachhaltige-wirtschaft"],"acf":[],"yoast_head":"<!-- This site is optimized with the Yoast SEO plugin v26.2 - https:\/\/yoast.com\/wordpress\/plugins\/seo\/ -->\n<title>Kontingente f\u00fcr Arbeitspl\u00e4tze in der Schweiz - MQ Management und Qualit\u00e4t<\/title>\n<meta name=\"description\" content=\"Kontingente: Der Verband der ICT-Anbieter Swico fordert eine deutlich st\u00e4rkere Ausrichtung der Kontingentszahlen auf die Bed\u00fcrfnisse der Wirtschaft.\" \/>\n<meta name=\"robots\" content=\"index, follow, max-snippet:-1, max-image-preview:large, max-video-preview:-1\" \/>\n<link rel=\"canonical\" href=\"https:\/\/www.m-q.ch\/fr\/contingents-de-places-de-travail-en-suisse\/\" \/>\n<meta property=\"og:locale\" content=\"fr_FR\" \/>\n<meta property=\"og:type\" content=\"article\" \/>\n<meta property=\"og:title\" content=\"Kontingente f\u00fcr Arbeitspl\u00e4tze in der Schweiz - MQ Management und Qualit\u00e4t\" \/>\n<meta property=\"og:description\" content=\"Kontingente: Der Verband der ICT-Anbieter Swico fordert eine deutlich st\u00e4rkere Ausrichtung der Kontingentszahlen auf die Bed\u00fcrfnisse der Wirtschaft.\" \/>\n<meta property=\"og:url\" content=\"https:\/\/www.m-q.ch\/fr\/contingents-de-places-de-travail-en-suisse\/\" \/>\n<meta property=\"og:site_name\" content=\"MQ Management und Qualit\u00e4t\" \/>\n<meta property=\"article:publisher\" content=\"https:\/\/www.facebook.com\/ManagementUndQualitaet\" \/>\n<meta property=\"article:published_time\" content=\"2016-08-05T13:49:04+00:00\" \/>\n<meta property=\"article:modified_time\" content=\"2017-03-01T09:03:48+00:00\" \/>\n<meta property=\"og:image\" content=\"https:\/\/www.m-q.ch\/wp-content\/uploads\/2016\/12\/Kontingente-f\u00fcr-Arbeitspl\u00e4tze-in-der-Schweiz-management-und-qualitaet.jpg\" \/>\n\t<meta property=\"og:image:width\" content=\"640\" \/>\n\t<meta property=\"og:image:height\" content=\"424\" \/>\n\t<meta property=\"og:image:type\" content=\"image\/jpeg\" \/>\n<meta name=\"author\" content=\"galledia\" \/>\n<meta name=\"twitter:card\" content=\"summary_large_image\" \/>\n<meta name=\"twitter:label1\" content=\"\u00c9crit par\" \/>\n\t<meta name=\"twitter:data1\" content=\"galledia\" \/>\n\t<meta name=\"twitter:label2\" content=\"Dur\u00e9e de lecture estim\u00e9e\" \/>\n\t<meta name=\"twitter:data2\" content=\"2 minutes\" \/>\n<script type=\"application\/ld+json\" class=\"yoast-schema-graph\">{\"@context\":\"https:\/\/schema.org\",\"@graph\":[{\"@type\":\"Article\",\"@id\":\"https:\/\/www.m-q.ch\/de\/kontingente-fuer-arbeitsplaetze-in-der-schweiz\/#article\",\"isPartOf\":{\"@id\":\"https:\/\/www.m-q.ch\/de\/kontingente-fuer-arbeitsplaetze-in-der-schweiz\/\"},\"author\":{\"name\":\"galledia\",\"@id\":\"https:\/\/www.m-q.ch\/fr\/#\/schema\/person\/c0139a2c55a374db6df2cde78ec87148\"},\"headline\":\"Kontingente f\u00fcr Arbeitspl\u00e4tze in der Schweiz\",\"datePublished\":\"2016-08-05T13:49:04+00:00\",\"dateModified\":\"2017-03-01T09:03:48+00:00\",\"mainEntityOfPage\":{\"@id\":\"https:\/\/www.m-q.ch\/de\/kontingente-fuer-arbeitsplaetze-in-der-schweiz\/\"},\"wordCount\":308,\"commentCount\":0,\"publisher\":{\"@id\":\"https:\/\/www.m-q.ch\/fr\/#organization\"},\"image\":{\"@id\":\"https:\/\/www.m-q.ch\/de\/kontingente-fuer-arbeitsplaetze-in-der-schweiz\/#primaryimage\"},\"thumbnailUrl\":\"https:\/\/www.m-q.ch\/wp-content\/uploads\/2016\/12\/Kontingente-f\u00fcr-Arbeitspl\u00e4tze-in-der-Schweiz-management-und-qualitaet.jpg\",\"keywords\":[\"Nachhaltige Wirtschaft\"],\"articleSection\":[\"Unkategorisiert\"],\"inLanguage\":\"fr-FR\"},{\"@type\":\"WebPage\",\"@id\":\"https:\/\/www.m-q.ch\/de\/kontingente-fuer-arbeitsplaetze-in-der-schweiz\/\",\"url\":\"https:\/\/www.m-q.ch\/de\/kontingente-fuer-arbeitsplaetze-in-der-schweiz\/\",\"name\":\"Kontingente f\u00fcr Arbeitspl\u00e4tze in der Schweiz - MQ Management und Qualit\u00e4t\",\"isPartOf\":{\"@id\":\"https:\/\/www.m-q.ch\/fr\/#website\"},\"primaryImageOfPage\":{\"@id\":\"https:\/\/www.m-q.ch\/de\/kontingente-fuer-arbeitsplaetze-in-der-schweiz\/#primaryimage\"},\"image\":{\"@id\":\"https:\/\/www.m-q.ch\/de\/kontingente-fuer-arbeitsplaetze-in-der-schweiz\/#primaryimage\"},\"thumbnailUrl\":\"https:\/\/www.m-q.ch\/wp-content\/uploads\/2016\/12\/Kontingente-f\u00fcr-Arbeitspl\u00e4tze-in-der-Schweiz-management-und-qualitaet.jpg\",\"datePublished\":\"2016-08-05T13:49:04+00:00\",\"dateModified\":\"2017-03-01T09:03:48+00:00\",\"description\":\"Kontingente: Der Verband der ICT-Anbieter Swico fordert eine deutlich st\u00e4rkere Ausrichtung der Kontingentszahlen auf die Bed\u00fcrfnisse der Wirtschaft.\",\"breadcrumb\":{\"@id\":\"https:\/\/www.m-q.ch\/de\/kontingente-fuer-arbeitsplaetze-in-der-schweiz\/#breadcrumb\"},\"inLanguage\":\"fr-FR\",\"potentialAction\":[{\"@type\":\"ReadAction\",\"target\":[\"https:\/\/www.m-q.ch\/de\/kontingente-fuer-arbeitsplaetze-in-der-schweiz\/\"]}]},{\"@type\":\"ImageObject\",\"inLanguage\":\"fr-FR\",\"@id\":\"https:\/\/www.m-q.ch\/de\/kontingente-fuer-arbeitsplaetze-in-der-schweiz\/#primaryimage\",\"url\":\"https:\/\/www.m-q.ch\/wp-content\/uploads\/2016\/12\/Kontingente-f\u00fcr-Arbeitspl\u00e4tze-in-der-Schweiz-management-und-qualitaet.jpg\",\"contentUrl\":\"https:\/\/www.m-q.ch\/wp-content\/uploads\/2016\/12\/Kontingente-f\u00fcr-Arbeitspl\u00e4tze-in-der-Schweiz-management-und-qualitaet.jpg\",\"width\":640,\"height\":424,\"caption\":\"Sind Spezialisten bei Gebrauch nicht verf\u00fcgbar, sind Schweizer Entwickler-Teams entsprechende Schwierigkeiten kriegen. (Bild ZvG)\"},{\"@type\":\"BreadcrumbList\",\"@id\":\"https:\/\/www.m-q.ch\/de\/kontingente-fuer-arbeitsplaetze-in-der-schweiz\/#breadcrumb\",\"itemListElement\":[{\"@type\":\"ListItem\",\"position\":1,\"name\":\"Unkategorisiert\",\"item\":\"https:\/\/www.m-q.ch\/it\/categoria\/senza-categoria\/\"},{\"@type\":\"ListItem\",\"position\":2,\"name\":\"Kontingente f\u00fcr Arbeitspl\u00e4tze in der Schweiz\"}]},{\"@type\":\"WebSite\",\"@id\":\"https:\/\/www.m-q.ch\/fr\/#website\",\"url\":\"https:\/\/www.m-q.ch\/fr\/\",\"name\":\"MQ Management und Qualit\u00e4t\",\"description\":\"Plattform f\u00fcr integrierte Managementsysteme.\",\"publisher\":{\"@id\":\"https:\/\/www.m-q.ch\/fr\/#organization\"},\"potentialAction\":[{\"@type\":\"SearchAction\",\"target\":{\"@type\":\"EntryPoint\",\"urlTemplate\":\"https:\/\/www.m-q.ch\/fr\/?s={search_term_string}\"},\"query-input\":{\"@type\":\"PropertyValueSpecification\",\"valueRequired\":true,\"valueName\":\"search_term_string\"}}],\"inLanguage\":\"fr-FR\"},{\"@type\":\"Organization\",\"@id\":\"https:\/\/www.m-q.ch\/fr\/#organization\",\"name\":\"Galledia Fachmedien AG\",\"url\":\"https:\/\/www.m-q.ch\/fr\/\",\"logo\":{\"@type\":\"ImageObject\",\"inLanguage\":\"fr-FR\",\"@id\":\"https:\/\/www.m-q.ch\/fr\/#\/schema\/logo\/image\/\",\"url\":\"https:\/\/www.m-q.ch\/wp-content\/uploads\/2020\/12\/cropped-logo_small.png\",\"contentUrl\":\"https:\/\/www.m-q.ch\/wp-content\/uploads\/2020\/12\/cropped-logo_small.png\",\"width\":512,\"height\":512,\"caption\":\"Galledia Fachmedien AG\"},\"image\":{\"@id\":\"https:\/\/www.m-q.ch\/fr\/#\/schema\/logo\/image\/\"},\"sameAs\":[\"https:\/\/www.facebook.com\/ManagementUndQualitaet\",\"https:\/\/www.linkedin.com\/showcase\/17982321\/admin\/\"]},{\"@type\":\"Person\",\"@id\":\"https:\/\/www.m-q.ch\/fr\/#\/schema\/person\/c0139a2c55a374db6df2cde78ec87148\",\"name\":\"galledia\",\"image\":{\"@type\":\"ImageObject\",\"inLanguage\":\"fr-FR\",\"@id\":\"https:\/\/www.m-q.ch\/fr\/#\/schema\/person\/image\/\",\"url\":\"https:\/\/secure.gravatar.com\/avatar\/66edf527eac29e9a5eb25bcada01f61a?s=96&d=mm&r=g\",\"contentUrl\":\"https:\/\/secure.gravatar.com\/avatar\/66edf527eac29e9a5eb25bcada01f61a?s=96&d=mm&r=g\",\"caption\":\"galledia\"},\"url\":\"https:\/\/www.m-q.ch\/fr\/author\/galledia\/\"}]}<\/script>\n<!-- \/ Yoast SEO plugin. -->","yoast_head_json":{"title":"Quotas pour les emplois en Suisse - MQ Management und Qualit\u00e4t","description":"Quotas : L'association des fournisseurs de TIC Swico demande une orientation beaucoup plus forte des chiffres des quotas vers les besoins de l'\u00e9conomie.","robots":{"index":"index","follow":"follow","max-snippet":"max-snippet:-1","max-image-preview":"max-image-preview:large","max-video-preview":"max-video-preview:-1"},"canonical":"https:\/\/www.m-q.ch\/fr\/contingents-de-places-de-travail-en-suisse\/","og_locale":"fr_FR","og_type":"article","og_title":"Kontingente f\u00fcr Arbeitspl\u00e4tze in der Schweiz - MQ Management und Qualit\u00e4t","og_description":"Kontingente: Der Verband der ICT-Anbieter Swico fordert eine deutlich st\u00e4rkere Ausrichtung der Kontingentszahlen auf die Bed\u00fcrfnisse der Wirtschaft.","og_url":"https:\/\/www.m-q.ch\/fr\/contingents-de-places-de-travail-en-suisse\/","og_site_name":"MQ Management und Qualit\u00e4t","article_publisher":"https:\/\/www.facebook.com\/ManagementUndQualitaet","article_published_time":"2016-08-05T13:49:04+00:00","article_modified_time":"2017-03-01T09:03:48+00:00","og_image":[{"width":640,"height":424,"url":"https:\/\/www.m-q.ch\/wp-content\/uploads\/2016\/12\/Kontingente-f\u00fcr-Arbeitspl\u00e4tze-in-der-Schweiz-management-und-qualitaet.jpg","type":"image\/jpeg"}],"author":"galledia","twitter_card":"summary_large_image","twitter_misc":{"\u00c9crit par":"galledia","Dur\u00e9e de lecture estim\u00e9e":"2 minutes"},"schema":{"@context":"https:\/\/schema.org","@graph":[{"@type":"Article","@id":"https:\/\/www.m-q.ch\/de\/kontingente-fuer-arbeitsplaetze-in-der-schweiz\/#article","isPartOf":{"@id":"https:\/\/www.m-q.ch\/de\/kontingente-fuer-arbeitsplaetze-in-der-schweiz\/"},"author":{"name":"galledia","@id":"https:\/\/www.m-q.ch\/fr\/#\/schema\/person\/c0139a2c55a374db6df2cde78ec87148"},"headline":"Kontingente f\u00fcr Arbeitspl\u00e4tze in der Schweiz","datePublished":"2016-08-05T13:49:04+00:00","dateModified":"2017-03-01T09:03:48+00:00","mainEntityOfPage":{"@id":"https:\/\/www.m-q.ch\/de\/kontingente-fuer-arbeitsplaetze-in-der-schweiz\/"},"wordCount":308,"commentCount":0,"publisher":{"@id":"https:\/\/www.m-q.ch\/fr\/#organization"},"image":{"@id":"https:\/\/www.m-q.ch\/de\/kontingente-fuer-arbeitsplaetze-in-der-schweiz\/#primaryimage"},"thumbnailUrl":"https:\/\/www.m-q.ch\/wp-content\/uploads\/2016\/12\/Kontingente-f\u00fcr-Arbeitspl\u00e4tze-in-der-Schweiz-management-und-qualitaet.jpg","keywords":["Nachhaltige Wirtschaft"],"articleSection":["Unkategorisiert"],"inLanguage":"fr-FR"},{"@type":"WebPage","@id":"https:\/\/www.m-q.ch\/de\/kontingente-fuer-arbeitsplaetze-in-der-schweiz\/","url":"https:\/\/www.m-q.ch\/de\/kontingente-fuer-arbeitsplaetze-in-der-schweiz\/","name":"Quotas pour les emplois en Suisse - MQ Management und Qualit\u00e4t","isPartOf":{"@id":"https:\/\/www.m-q.ch\/fr\/#website"},"primaryImageOfPage":{"@id":"https:\/\/www.m-q.ch\/de\/kontingente-fuer-arbeitsplaetze-in-der-schweiz\/#primaryimage"},"image":{"@id":"https:\/\/www.m-q.ch\/de\/kontingente-fuer-arbeitsplaetze-in-der-schweiz\/#primaryimage"},"thumbnailUrl":"https:\/\/www.m-q.ch\/wp-content\/uploads\/2016\/12\/Kontingente-f\u00fcr-Arbeitspl\u00e4tze-in-der-Schweiz-management-und-qualitaet.jpg","datePublished":"2016-08-05T13:49:04+00:00","dateModified":"2017-03-01T09:03:48+00:00","description":"Quotas : L'association des fournisseurs de TIC Swico demande une orientation beaucoup plus forte des chiffres des quotas vers les besoins de l'\u00e9conomie.","breadcrumb":{"@id":"https:\/\/www.m-q.ch\/de\/kontingente-fuer-arbeitsplaetze-in-der-schweiz\/#breadcrumb"},"inLanguage":"fr-FR","potentialAction":[{"@type":"ReadAction","target":["https:\/\/www.m-q.ch\/de\/kontingente-fuer-arbeitsplaetze-in-der-schweiz\/"]}]},{"@type":"ImageObject","inLanguage":"fr-FR","@id":"https:\/\/www.m-q.ch\/de\/kontingente-fuer-arbeitsplaetze-in-der-schweiz\/#primaryimage","url":"https:\/\/www.m-q.ch\/wp-content\/uploads\/2016\/12\/Kontingente-f\u00fcr-Arbeitspl\u00e4tze-in-der-Schweiz-management-und-qualitaet.jpg","contentUrl":"https:\/\/www.m-q.ch\/wp-content\/uploads\/2016\/12\/Kontingente-f\u00fcr-Arbeitspl\u00e4tze-in-der-Schweiz-management-und-qualitaet.jpg","width":640,"height":424,"caption":"Sind Spezialisten bei Gebrauch nicht verf\u00fcgbar, sind Schweizer Entwickler-Teams entsprechende Schwierigkeiten kriegen. (Bild ZvG)"},{"@type":"BreadcrumbList","@id":"https:\/\/www.m-q.ch\/de\/kontingente-fuer-arbeitsplaetze-in-der-schweiz\/#breadcrumb","itemListElement":[{"@type":"ListItem","position":1,"name":"Unkategorisiert","item":"https:\/\/www.m-q.ch\/it\/categoria\/senza-categoria\/"},{"@type":"ListItem","position":2,"name":"Kontingente f\u00fcr Arbeitspl\u00e4tze in der Schweiz"}]},{"@type":"WebSite","@id":"https:\/\/www.m-q.ch\/fr\/#website","url":"https:\/\/www.m-q.ch\/fr\/","name":"Gestion et qualit\u00e9 du QM","description":"Plate-forme pour les syst\u00e8mes de gestion int\u00e9gr\u00e9e.","publisher":{"@id":"https:\/\/www.m-q.ch\/fr\/#organization"},"potentialAction":[{"@type":"SearchAction","target":{"@type":"EntryPoint","urlTemplate":"https:\/\/www.m-q.ch\/fr\/?s={search_term_string}"},"query-input":{"@type":"PropertyValueSpecification","valueRequired":true,"valueName":"search_term_string"}}],"inLanguage":"fr-FR"},{"@type":"Organization","@id":"https:\/\/www.m-q.ch\/fr\/#organization","name":"Galledia Trade Media AG","url":"https:\/\/www.m-q.ch\/fr\/","logo":{"@type":"ImageObject","inLanguage":"fr-FR","@id":"https:\/\/www.m-q.ch\/fr\/#\/schema\/logo\/image\/","url":"https:\/\/www.m-q.ch\/wp-content\/uploads\/2020\/12\/cropped-logo_small.png","contentUrl":"https:\/\/www.m-q.ch\/wp-content\/uploads\/2020\/12\/cropped-logo_small.png","width":512,"height":512,"caption":"Galledia Fachmedien AG"},"image":{"@id":"https:\/\/www.m-q.ch\/fr\/#\/schema\/logo\/image\/"},"sameAs":["https:\/\/www.facebook.com\/ManagementUndQualitaet","https:\/\/www.linkedin.com\/showcase\/17982321\/admin\/"]},{"@type":"Person","@id":"https:\/\/www.m-q.ch\/fr\/#\/schema\/person\/c0139a2c55a374db6df2cde78ec87148","name":"galledia","image":{"@type":"ImageObject","inLanguage":"fr-FR","@id":"https:\/\/www.m-q.ch\/fr\/#\/schema\/person\/image\/","url":"https:\/\/secure.gravatar.com\/avatar\/66edf527eac29e9a5eb25bcada01f61a?s=96&d=mm&r=g","contentUrl":"https:\/\/secure.gravatar.com\/avatar\/66edf527eac29e9a5eb25bcada01f61a?s=96&d=mm&r=g","caption":"galledia"},"url":"https:\/\/www.m-q.ch\/fr\/author\/galledia\/"}]}},"_links":{"self":[{"href":"https:\/\/www.m-q.ch\/fr\/wp-json\/wp\/v2\/posts\/526","targetHints":{"allow":["GET"]}}],"collection":[{"href":"https:\/\/www.m-q.ch\/fr\/wp-json\/wp\/v2\/posts"}],"about":[{"href":"https:\/\/www.m-q.ch\/fr\/wp-json\/wp\/v2\/types\/post"}],"author":[{"embeddable":true,"href":"https:\/\/www.m-q.ch\/fr\/wp-json\/wp\/v2\/users\/1"}],"replies":[{"embeddable":true,"href":"https:\/\/www.m-q.ch\/fr\/wp-json\/wp\/v2\/comments?post=526"}],"version-history":[{"count":3,"href":"https:\/\/www.m-q.ch\/fr\/wp-json\/wp\/v2\/posts\/526\/revisions"}],"predecessor-version":[{"id":1072,"href":"https:\/\/www.m-q.ch\/fr\/wp-json\/wp\/v2\/posts\/526\/revisions\/1072"}],"wp:featuredmedia":[{"embeddable":true,"href":"https:\/\/www.m-q.ch\/fr\/wp-json\/wp\/v2\/media\/154"}],"wp:attachment":[{"href":"https:\/\/www.m-q.ch\/fr\/wp-json\/wp\/v2\/media?parent=526"}],"wp:term":[{"taxonomy":"category","embeddable":true,"href":"https:\/\/www.m-q.ch\/fr\/wp-json\/wp\/v2\/categories?post=526"},{"taxonomy":"post_tag","embeddable":true,"href":"https:\/\/www.m-q.ch\/fr\/wp-json\/wp\/v2\/tags?post=526"}],"curies":[{"name":"wp","href":"https:\/\/api.w.org\/{rel}","templated":true}]}}