{"id":532,"date":"2016-08-10T15:51:22","date_gmt":"2016-08-10T13:51:22","guid":{"rendered":"http:\/\/dev.m-q.ch\/?p=532"},"modified":"2017-03-01T10:00:06","modified_gmt":"2017-03-01T09:00:06","slug":"10-ans-de-swiss-assessment","status":"publish","type":"post","link":"https:\/\/www.m-q.ch\/fr\/10-jahre-swiss-assessment\/","title":{"rendered":"10 ans d'\u00e9valuation suisse"},"content":{"rendered":"<figure id=\"attachment_49\" aria-describedby=\"caption-attachment-49\" style=\"width: 680px\" class=\"wp-caption alignnone\"><a href=\"https:\/\/m-q.ch\/wp-content\/uploads\/2016\/12\/10-Jahre-Swiss-Assessment-management-und-qualitaet.jpg\"><img loading=\"lazy\" decoding=\"async\" class=\"wp-image-49 size-medium\" src=\"https:\/\/www.m-q.ch\/wp-content\/uploads\/2016\/12\/10-Jahre-Swiss-Assessment-management-und-qualitaet-680x544.jpg\" width=\"680\" height=\"544\" srcset=\"https:\/\/www.m-q.ch\/wp-content\/uploads\/2016\/12\/10-Jahre-Swiss-Assessment-management-und-qualitaet-680x544.jpg 680w, https:\/\/www.m-q.ch\/wp-content\/uploads\/2016\/12\/10-Jahre-Swiss-Assessment-management-und-qualitaet-768x614.jpg 768w, https:\/\/www.m-q.ch\/wp-content\/uploads\/2016\/12\/10-Jahre-Swiss-Assessment-management-und-qualitaet-16x12.jpg 16w, https:\/\/www.m-q.ch\/wp-content\/uploads\/2016\/12\/10-Jahre-Swiss-Assessment-management-und-qualitaet-219x175.jpg 219w, https:\/\/www.m-q.ch\/wp-content\/uploads\/2016\/12\/10-Jahre-Swiss-Assessment-management-und-qualitaet-438x350.jpg 438w, https:\/\/www.m-q.ch\/wp-content\/uploads\/2016\/12\/10-Jahre-Swiss-Assessment-management-und-qualitaet-920x736.jpg 920w, https:\/\/www.m-q.ch\/wp-content\/uploads\/2016\/12\/10-Jahre-Swiss-Assessment-management-und-qualitaet-300x240.jpg 300w, https:\/\/www.m-q.ch\/wp-content\/uploads\/2016\/12\/10-Jahre-Swiss-Assessment-management-und-qualitaet-624x499.jpg 624w, https:\/\/www.m-q.ch\/wp-content\/uploads\/2016\/12\/10-Jahre-Swiss-Assessment-management-und-qualitaet.jpg 1000w\" sizes=\"auto, (max-width: 680px) 100vw, 680px\" \/><\/a><figcaption id=\"caption-attachment-49\" class=\"wp-caption-text\">Qualit\u00e9 suisse.<\/figcaption><\/figure>\n<p>La qualit\u00e9 prend du temps. Cependant, l'\u00e9valuation suisse a d\u00e9j\u00e0 accompli beaucoup de choses. L'\u00e9valuation suisse a \u00e9t\u00e9 fond\u00e9e en 2006 sous la forme de l'association \"Arbeitskreis Assessment Center\". En 2012, le label de qualit\u00e9 \"Swiss Assessment Center Quality\" a \u00e9t\u00e9 introduit et l'association a \u00e9t\u00e9 rebaptis\u00e9e \"Swiss Assessment\". En 2016, l'association compte plus de 100 membres actifs, dont 18 sont d\u00e9j\u00e0 certifi\u00e9s.<\/p>\n<p><strong>Une perc\u00e9e avec un label de qualit\u00e9<\/strong><\/p>\n<p>En 2012, une perc\u00e9e dans l'orientation qualit\u00e9 sur le march\u00e9 suisse de l'\u00e9valuation a \u00e9t\u00e9 r\u00e9alis\u00e9e avec la mise en place du label de qualit\u00e9 \"Swiss Assessment Center Quality\". Depuis lors, les prestataires d'\u00e9valuation peuvent \u00eatre certifi\u00e9s selon les normes de Swiss Assessment, de l'Association suisse pour syst\u00e8mes de qualit\u00e9 et de management (SQS) et de l'Universit\u00e9 de Zurich et offrir \u00e0 leurs clients fiabilit\u00e9 et validit\u00e9, soutenant ainsi les normes de qualit\u00e9 \u00e9lev\u00e9es de Swiss Assessment.<\/p>\n<p><em>L'\u00e9valuation suisse f\u00eate ses 10 ans le 9 septembre au Toni Areal \u00e0 Zurich. L'\u00e9v\u00e9nement sera accompagn\u00e9 par le pr\u00e9sident Dr. Patrick Boss et le professeur Dr. Uwe P. Kanning, psychologue d'entreprise, entre autres. <\/em><\/p>\n<p><a href=\"http:\/\/www.swissassessment.ch\/\" target=\"_blank\" rel=\"noreferrer\" data-cke-saved-href=\"http:\/\/www.swissassessment.ch\/\">http:\/\/www.swissassessment.ch\/<\/a><\/p>\n<p>&nbsp;<\/p>","protected":false},"excerpt":{"rendered":"<p>Qualit\u00e4t braucht Zeit. Swiss Assessment hat jedoch schon viel erreicht. Swiss Assessment wurde im Jahre 2006 als Verein \u201eArbeitskreis Assessment Center\u201c gegr\u00fcndet. 2012 folgte die Einf\u00fchrung des Qualit\u00e4tslabels \u201eSwiss Assessment Center Quality\u201c und Umbenennung des Vereins zu \u201eSwiss Assessment\u201c. 2016 verf\u00fcgt der Verein \u00fcber mehr als 100 aktive Mitglieder, davon sind bereits 18 zertifiziert. Durchbruch [&hellip;]<\/p>\n","protected":false},"author":1,"featured_media":49,"comment_status":"open","ping_status":"open","sticky":false,"template":"","format":"standard","meta":{"_acf_changed":false,"footnotes":""},"categories":[1],"tags":[3327],"class_list":["post-532","post","type-post","status-publish","format-standard","has-post-thumbnail","hentry","category-unkategorisiert","tag-qualitaetsmanagement"],"acf":[],"yoast_head":"<!-- This site is optimized with the Yoast SEO plugin v26.2 - https:\/\/yoast.com\/wordpress\/plugins\/seo\/ -->\n<title>10 Jahre Swiss Assessment - MQ Management und Qualit\u00e4t<\/title>\n<meta name=\"description\" content=\"Um Qualit\u00e4t in den Mittelpunkt zu stellen, wurde Swiss Assessment im Jahre 2006 als Verein \u201eArbeitskreis Assessment Center\u201c gegr\u00fcndet.\" \/>\n<meta name=\"robots\" content=\"index, follow, max-snippet:-1, max-image-preview:large, max-video-preview:-1\" \/>\n<link rel=\"canonical\" href=\"https:\/\/www.m-q.ch\/fr\/10-ans-de-swiss-assessment\/\" \/>\n<meta property=\"og:locale\" content=\"fr_FR\" \/>\n<meta property=\"og:type\" content=\"article\" \/>\n<meta property=\"og:title\" content=\"10 Jahre Swiss Assessment - MQ Management und Qualit\u00e4t\" \/>\n<meta property=\"og:description\" content=\"Um Qualit\u00e4t in den Mittelpunkt zu stellen, wurde Swiss Assessment im Jahre 2006 als Verein \u201eArbeitskreis Assessment Center\u201c gegr\u00fcndet.\" \/>\n<meta property=\"og:url\" content=\"https:\/\/www.m-q.ch\/fr\/10-ans-de-swiss-assessment\/\" \/>\n<meta property=\"og:site_name\" content=\"MQ Management und Qualit\u00e4t\" \/>\n<meta property=\"article:publisher\" content=\"https:\/\/www.facebook.com\/ManagementUndQualitaet\" \/>\n<meta property=\"article:published_time\" content=\"2016-08-10T13:51:22+00:00\" \/>\n<meta property=\"article:modified_time\" content=\"2017-03-01T09:00:06+00:00\" \/>\n<meta property=\"og:image\" content=\"https:\/\/www.m-q.ch\/wp-content\/uploads\/2016\/12\/10-Jahre-Swiss-Assessment-management-und-qualitaet.jpg\" \/>\n\t<meta property=\"og:image:width\" content=\"1000\" \/>\n\t<meta property=\"og:image:height\" content=\"800\" \/>\n\t<meta property=\"og:image:type\" content=\"image\/jpeg\" \/>\n<meta name=\"author\" content=\"galledia\" \/>\n<meta name=\"twitter:card\" content=\"summary_large_image\" \/>\n<meta name=\"twitter:label1\" content=\"\u00c9crit par\" \/>\n\t<meta name=\"twitter:data1\" content=\"galledia\" \/>\n\t<meta name=\"twitter:label2\" content=\"Dur\u00e9e de lecture estim\u00e9e\" \/>\n\t<meta name=\"twitter:data2\" content=\"1 minute\" \/>\n<script type=\"application\/ld+json\" class=\"yoast-schema-graph\">{\"@context\":\"https:\/\/schema.org\",\"@graph\":[{\"@type\":\"Article\",\"@id\":\"https:\/\/www.m-q.ch\/de\/10-jahre-swiss-assessment\/#article\",\"isPartOf\":{\"@id\":\"https:\/\/www.m-q.ch\/de\/10-jahre-swiss-assessment\/\"},\"author\":{\"name\":\"galledia\",\"@id\":\"https:\/\/www.m-q.ch\/fr\/#\/schema\/person\/c0139a2c55a374db6df2cde78ec87148\"},\"headline\":\"10 Jahre Swiss Assessment\",\"datePublished\":\"2016-08-10T13:51:22+00:00\",\"dateModified\":\"2017-03-01T09:00:06+00:00\",\"mainEntityOfPage\":{\"@id\":\"https:\/\/www.m-q.ch\/de\/10-jahre-swiss-assessment\/\"},\"wordCount\":181,\"commentCount\":0,\"publisher\":{\"@id\":\"https:\/\/www.m-q.ch\/fr\/#organization\"},\"image\":{\"@id\":\"https:\/\/www.m-q.ch\/de\/10-jahre-swiss-assessment\/#primaryimage\"},\"thumbnailUrl\":\"https:\/\/www.m-q.ch\/wp-content\/uploads\/2016\/12\/10-Jahre-Swiss-Assessment-management-und-qualitaet.jpg\",\"keywords\":[\"Qualit\u00e4tsmanagement\"],\"articleSection\":[\"Unkategorisiert\"],\"inLanguage\":\"fr-FR\"},{\"@type\":\"WebPage\",\"@id\":\"https:\/\/www.m-q.ch\/de\/10-jahre-swiss-assessment\/\",\"url\":\"https:\/\/www.m-q.ch\/de\/10-jahre-swiss-assessment\/\",\"name\":\"10 Jahre Swiss Assessment - MQ Management und Qualit\u00e4t\",\"isPartOf\":{\"@id\":\"https:\/\/www.m-q.ch\/fr\/#website\"},\"primaryImageOfPage\":{\"@id\":\"https:\/\/www.m-q.ch\/de\/10-jahre-swiss-assessment\/#primaryimage\"},\"image\":{\"@id\":\"https:\/\/www.m-q.ch\/de\/10-jahre-swiss-assessment\/#primaryimage\"},\"thumbnailUrl\":\"https:\/\/www.m-q.ch\/wp-content\/uploads\/2016\/12\/10-Jahre-Swiss-Assessment-management-und-qualitaet.jpg\",\"datePublished\":\"2016-08-10T13:51:22+00:00\",\"dateModified\":\"2017-03-01T09:00:06+00:00\",\"description\":\"Um Qualit\u00e4t in den Mittelpunkt zu stellen, wurde Swiss Assessment im Jahre 2006 als Verein \u201eArbeitskreis Assessment Center\u201c gegr\u00fcndet.\",\"breadcrumb\":{\"@id\":\"https:\/\/www.m-q.ch\/de\/10-jahre-swiss-assessment\/#breadcrumb\"},\"inLanguage\":\"fr-FR\",\"potentialAction\":[{\"@type\":\"ReadAction\",\"target\":[\"https:\/\/www.m-q.ch\/de\/10-jahre-swiss-assessment\/\"]}]},{\"@type\":\"ImageObject\",\"inLanguage\":\"fr-FR\",\"@id\":\"https:\/\/www.m-q.ch\/de\/10-jahre-swiss-assessment\/#primaryimage\",\"url\":\"https:\/\/www.m-q.ch\/wp-content\/uploads\/2016\/12\/10-Jahre-Swiss-Assessment-management-und-qualitaet.jpg\",\"contentUrl\":\"https:\/\/www.m-q.ch\/wp-content\/uploads\/2016\/12\/10-Jahre-Swiss-Assessment-management-und-qualitaet.jpg\",\"width\":1000,\"height\":800,\"caption\":\"Qualit\u00e4t aus der Schweiz.\"},{\"@type\":\"BreadcrumbList\",\"@id\":\"https:\/\/www.m-q.ch\/de\/10-jahre-swiss-assessment\/#breadcrumb\",\"itemListElement\":[{\"@type\":\"ListItem\",\"position\":1,\"name\":\"Unkategorisiert\",\"item\":\"https:\/\/www.m-q.ch\/it\/categoria\/senza-categoria\/\"},{\"@type\":\"ListItem\",\"position\":2,\"name\":\"10 Jahre Swiss Assessment\"}]},{\"@type\":\"WebSite\",\"@id\":\"https:\/\/www.m-q.ch\/fr\/#website\",\"url\":\"https:\/\/www.m-q.ch\/fr\/\",\"name\":\"MQ Management und Qualit\u00e4t\",\"description\":\"Plattform f\u00fcr integrierte Managementsysteme.\",\"publisher\":{\"@id\":\"https:\/\/www.m-q.ch\/fr\/#organization\"},\"potentialAction\":[{\"@type\":\"SearchAction\",\"target\":{\"@type\":\"EntryPoint\",\"urlTemplate\":\"https:\/\/www.m-q.ch\/fr\/?s={search_term_string}\"},\"query-input\":{\"@type\":\"PropertyValueSpecification\",\"valueRequired\":true,\"valueName\":\"search_term_string\"}}],\"inLanguage\":\"fr-FR\"},{\"@type\":\"Organization\",\"@id\":\"https:\/\/www.m-q.ch\/fr\/#organization\",\"name\":\"Galledia Fachmedien AG\",\"url\":\"https:\/\/www.m-q.ch\/fr\/\",\"logo\":{\"@type\":\"ImageObject\",\"inLanguage\":\"fr-FR\",\"@id\":\"https:\/\/www.m-q.ch\/fr\/#\/schema\/logo\/image\/\",\"url\":\"https:\/\/www.m-q.ch\/wp-content\/uploads\/2020\/12\/cropped-logo_small.png\",\"contentUrl\":\"https:\/\/www.m-q.ch\/wp-content\/uploads\/2020\/12\/cropped-logo_small.png\",\"width\":512,\"height\":512,\"caption\":\"Galledia Fachmedien AG\"},\"image\":{\"@id\":\"https:\/\/www.m-q.ch\/fr\/#\/schema\/logo\/image\/\"},\"sameAs\":[\"https:\/\/www.facebook.com\/ManagementUndQualitaet\",\"https:\/\/www.linkedin.com\/showcase\/17982321\/admin\/\"]},{\"@type\":\"Person\",\"@id\":\"https:\/\/www.m-q.ch\/fr\/#\/schema\/person\/c0139a2c55a374db6df2cde78ec87148\",\"name\":\"galledia\",\"image\":{\"@type\":\"ImageObject\",\"inLanguage\":\"fr-FR\",\"@id\":\"https:\/\/www.m-q.ch\/fr\/#\/schema\/person\/image\/\",\"url\":\"https:\/\/secure.gravatar.com\/avatar\/66edf527eac29e9a5eb25bcada01f61a?s=96&d=mm&r=g\",\"contentUrl\":\"https:\/\/secure.gravatar.com\/avatar\/66edf527eac29e9a5eb25bcada01f61a?s=96&d=mm&r=g\",\"caption\":\"galledia\"},\"url\":\"https:\/\/www.m-q.ch\/fr\/author\/galledia\/\"}]}<\/script>\n<!-- \/ Yoast SEO plugin. -->","yoast_head_json":{"title":"10 ans d'\u00e9valuation suisse - MQ Management et Qualit\u00e9","description":"Afin de se concentrer sur la qualit\u00e9, Swiss Assessment a \u00e9t\u00e9 fond\u00e9 en 2006 sous la forme de l'association \"Arbeitskreis Assessment Center\".","robots":{"index":"index","follow":"follow","max-snippet":"max-snippet:-1","max-image-preview":"max-image-preview:large","max-video-preview":"max-video-preview:-1"},"canonical":"https:\/\/www.m-q.ch\/fr\/10-ans-de-swiss-assessment\/","og_locale":"fr_FR","og_type":"article","og_title":"10 Jahre Swiss Assessment - MQ Management und Qualit\u00e4t","og_description":"Um Qualit\u00e4t in den Mittelpunkt zu stellen, wurde Swiss Assessment im Jahre 2006 als Verein \u201eArbeitskreis Assessment Center\u201c gegr\u00fcndet.","og_url":"https:\/\/www.m-q.ch\/fr\/10-ans-de-swiss-assessment\/","og_site_name":"MQ Management und Qualit\u00e4t","article_publisher":"https:\/\/www.facebook.com\/ManagementUndQualitaet","article_published_time":"2016-08-10T13:51:22+00:00","article_modified_time":"2017-03-01T09:00:06+00:00","og_image":[{"width":1000,"height":800,"url":"https:\/\/www.m-q.ch\/wp-content\/uploads\/2016\/12\/10-Jahre-Swiss-Assessment-management-und-qualitaet.jpg","type":"image\/jpeg"}],"author":"galledia","twitter_card":"summary_large_image","twitter_misc":{"\u00c9crit par":"galledia","Dur\u00e9e de lecture estim\u00e9e":"1 minute"},"schema":{"@context":"https:\/\/schema.org","@graph":[{"@type":"Article","@id":"https:\/\/www.m-q.ch\/de\/10-jahre-swiss-assessment\/#article","isPartOf":{"@id":"https:\/\/www.m-q.ch\/de\/10-jahre-swiss-assessment\/"},"author":{"name":"galledia","@id":"https:\/\/www.m-q.ch\/fr\/#\/schema\/person\/c0139a2c55a374db6df2cde78ec87148"},"headline":"10 Jahre Swiss Assessment","datePublished":"2016-08-10T13:51:22+00:00","dateModified":"2017-03-01T09:00:06+00:00","mainEntityOfPage":{"@id":"https:\/\/www.m-q.ch\/de\/10-jahre-swiss-assessment\/"},"wordCount":181,"commentCount":0,"publisher":{"@id":"https:\/\/www.m-q.ch\/fr\/#organization"},"image":{"@id":"https:\/\/www.m-q.ch\/de\/10-jahre-swiss-assessment\/#primaryimage"},"thumbnailUrl":"https:\/\/www.m-q.ch\/wp-content\/uploads\/2016\/12\/10-Jahre-Swiss-Assessment-management-und-qualitaet.jpg","keywords":["Qualit\u00e4tsmanagement"],"articleSection":["Unkategorisiert"],"inLanguage":"fr-FR"},{"@type":"WebPage","@id":"https:\/\/www.m-q.ch\/de\/10-jahre-swiss-assessment\/","url":"https:\/\/www.m-q.ch\/de\/10-jahre-swiss-assessment\/","name":"10 ans d'\u00e9valuation suisse - MQ Management et Qualit\u00e9","isPartOf":{"@id":"https:\/\/www.m-q.ch\/fr\/#website"},"primaryImageOfPage":{"@id":"https:\/\/www.m-q.ch\/de\/10-jahre-swiss-assessment\/#primaryimage"},"image":{"@id":"https:\/\/www.m-q.ch\/de\/10-jahre-swiss-assessment\/#primaryimage"},"thumbnailUrl":"https:\/\/www.m-q.ch\/wp-content\/uploads\/2016\/12\/10-Jahre-Swiss-Assessment-management-und-qualitaet.jpg","datePublished":"2016-08-10T13:51:22+00:00","dateModified":"2017-03-01T09:00:06+00:00","description":"Afin de se concentrer sur la qualit\u00e9, Swiss Assessment a \u00e9t\u00e9 fond\u00e9 en 2006 sous la forme de l'association \"Arbeitskreis Assessment Center\".","breadcrumb":{"@id":"https:\/\/www.m-q.ch\/de\/10-jahre-swiss-assessment\/#breadcrumb"},"inLanguage":"fr-FR","potentialAction":[{"@type":"ReadAction","target":["https:\/\/www.m-q.ch\/de\/10-jahre-swiss-assessment\/"]}]},{"@type":"ImageObject","inLanguage":"fr-FR","@id":"https:\/\/www.m-q.ch\/de\/10-jahre-swiss-assessment\/#primaryimage","url":"https:\/\/www.m-q.ch\/wp-content\/uploads\/2016\/12\/10-Jahre-Swiss-Assessment-management-und-qualitaet.jpg","contentUrl":"https:\/\/www.m-q.ch\/wp-content\/uploads\/2016\/12\/10-Jahre-Swiss-Assessment-management-und-qualitaet.jpg","width":1000,"height":800,"caption":"Qualit\u00e4t aus der Schweiz."},{"@type":"BreadcrumbList","@id":"https:\/\/www.m-q.ch\/de\/10-jahre-swiss-assessment\/#breadcrumb","itemListElement":[{"@type":"ListItem","position":1,"name":"Unkategorisiert","item":"https:\/\/www.m-q.ch\/it\/categoria\/senza-categoria\/"},{"@type":"ListItem","position":2,"name":"10 Jahre Swiss Assessment"}]},{"@type":"WebSite","@id":"https:\/\/www.m-q.ch\/fr\/#website","url":"https:\/\/www.m-q.ch\/fr\/","name":"Gestion et qualit\u00e9 du QM","description":"Plate-forme pour les syst\u00e8mes de gestion int\u00e9gr\u00e9e.","publisher":{"@id":"https:\/\/www.m-q.ch\/fr\/#organization"},"potentialAction":[{"@type":"SearchAction","target":{"@type":"EntryPoint","urlTemplate":"https:\/\/www.m-q.ch\/fr\/?s={search_term_string}"},"query-input":{"@type":"PropertyValueSpecification","valueRequired":true,"valueName":"search_term_string"}}],"inLanguage":"fr-FR"},{"@type":"Organization","@id":"https:\/\/www.m-q.ch\/fr\/#organization","name":"Galledia Trade Media AG","url":"https:\/\/www.m-q.ch\/fr\/","logo":{"@type":"ImageObject","inLanguage":"fr-FR","@id":"https:\/\/www.m-q.ch\/fr\/#\/schema\/logo\/image\/","url":"https:\/\/www.m-q.ch\/wp-content\/uploads\/2020\/12\/cropped-logo_small.png","contentUrl":"https:\/\/www.m-q.ch\/wp-content\/uploads\/2020\/12\/cropped-logo_small.png","width":512,"height":512,"caption":"Galledia Fachmedien AG"},"image":{"@id":"https:\/\/www.m-q.ch\/fr\/#\/schema\/logo\/image\/"},"sameAs":["https:\/\/www.facebook.com\/ManagementUndQualitaet","https:\/\/www.linkedin.com\/showcase\/17982321\/admin\/"]},{"@type":"Person","@id":"https:\/\/www.m-q.ch\/fr\/#\/schema\/person\/c0139a2c55a374db6df2cde78ec87148","name":"galledia","image":{"@type":"ImageObject","inLanguage":"fr-FR","@id":"https:\/\/www.m-q.ch\/fr\/#\/schema\/person\/image\/","url":"https:\/\/secure.gravatar.com\/avatar\/66edf527eac29e9a5eb25bcada01f61a?s=96&d=mm&r=g","contentUrl":"https:\/\/secure.gravatar.com\/avatar\/66edf527eac29e9a5eb25bcada01f61a?s=96&d=mm&r=g","caption":"galledia"},"url":"https:\/\/www.m-q.ch\/fr\/author\/galledia\/"}]}},"_links":{"self":[{"href":"https:\/\/www.m-q.ch\/fr\/wp-json\/wp\/v2\/posts\/532","targetHints":{"allow":["GET"]}}],"collection":[{"href":"https:\/\/www.m-q.ch\/fr\/wp-json\/wp\/v2\/posts"}],"about":[{"href":"https:\/\/www.m-q.ch\/fr\/wp-json\/wp\/v2\/types\/post"}],"author":[{"embeddable":true,"href":"https:\/\/www.m-q.ch\/fr\/wp-json\/wp\/v2\/users\/1"}],"replies":[{"embeddable":true,"href":"https:\/\/www.m-q.ch\/fr\/wp-json\/wp\/v2\/comments?post=532"}],"version-history":[{"count":2,"href":"https:\/\/www.m-q.ch\/fr\/wp-json\/wp\/v2\/posts\/532\/revisions"}],"predecessor-version":[{"id":1065,"href":"https:\/\/www.m-q.ch\/fr\/wp-json\/wp\/v2\/posts\/532\/revisions\/1065"}],"wp:featuredmedia":[{"embeddable":true,"href":"https:\/\/www.m-q.ch\/fr\/wp-json\/wp\/v2\/media\/49"}],"wp:attachment":[{"href":"https:\/\/www.m-q.ch\/fr\/wp-json\/wp\/v2\/media?parent=532"}],"wp:term":[{"taxonomy":"category","embeddable":true,"href":"https:\/\/www.m-q.ch\/fr\/wp-json\/wp\/v2\/categories?post=532"},{"taxonomy":"post_tag","embeddable":true,"href":"https:\/\/www.m-q.ch\/fr\/wp-json\/wp\/v2\/tags?post=532"}],"curies":[{"name":"wp","href":"https:\/\/api.w.org\/{rel}","templated":true}]}}