{"id":534,"date":"2016-08-12T15:52:19","date_gmt":"2016-08-12T13:52:19","guid":{"rendered":"http:\/\/dev.m-q.ch\/?p=534"},"modified":"2017-02-24T13:24:26","modified_gmt":"2017-02-24T12:24:26","slug":"eidas-nouvelle-norme-europeenne","status":"publish","type":"post","link":"https:\/\/www.m-q.ch\/fr\/eidas-neue-europaeische-norm\/","title":{"rendered":"eIDAS : Nouvelle norme europ\u00e9enne"},"content":{"rendered":"<figure id=\"attachment_100\" aria-describedby=\"caption-attachment-100\" style=\"width: 461px\" class=\"wp-caption alignnone\"><a href=\"https:\/\/m-q.ch\/wp-content\/uploads\/2016\/12\/eIDAS-Neue-europ\u00e4ische-Norm-management-und-qualitaet.jpg\"><img loading=\"lazy\" decoding=\"async\" class=\"wp-image-100 size-full\" src=\"https:\/\/www.m-q.ch\/wp-content\/uploads\/2016\/12\/eIDAS-Neue-europ\u00e4ische-Norm-management-und-qualitaet.jpg\" width=\"461\" height=\"340\" srcset=\"https:\/\/www.m-q.ch\/wp-content\/uploads\/2016\/12\/eIDAS-Neue-europ\u00e4ische-Norm-management-und-qualitaet.jpg 461w, https:\/\/www.m-q.ch\/wp-content\/uploads\/2016\/12\/eIDAS-Neue-europ\u00e4ische-Norm-management-und-qualitaet-16x12.jpg 16w, https:\/\/www.m-q.ch\/wp-content\/uploads\/2016\/12\/eIDAS-Neue-europ\u00e4ische-Norm-management-und-qualitaet-237x175.jpg 237w, https:\/\/www.m-q.ch\/wp-content\/uploads\/2016\/12\/eIDAS-Neue-europ\u00e4ische-Norm-management-und-qualitaet-300x221.jpg 300w\" sizes=\"auto, (max-width: 461px) 100vw, 461px\" \/><\/a><figcaption id=\"caption-attachment-100\" class=\"wp-caption-text\">La s\u00e9curit\u00e9 de la correspondance \u00e9lectronique est de plus en plus importante.<\/figcaption><\/figure>\n<p>Toutefois, jusqu'\u00e0 l'adoption d'une loi sur les services fiduciaires adapt\u00e9e \u00e0 l'eIDAS, la loi sur les signatures restera valable pour le moment. L'eIDAS ne r\u00e9glemente pas seulement les signatures et les horodatages, mais permet d\u00e9sormais d'utiliser des sceaux qualifi\u00e9s, c'est-\u00e0-dire des signatures pour les personnes morales, et d'autres nouveaux services tels que la v\u00e9rification des sceaux et des signatures, la livraison de courrier \u00e9lectronique recommand\u00e9 et les services de stockage. Par-dessus tout, la nouvelle norme europ\u00e9enne garantit la s\u00e9curit\u00e9 juridique dans toute l'Europe. Cela soutient \u00e9galement la caract\u00e9ristique de qualit\u00e9 sp\u00e9ciale \"fournisseur de services de confiance qualifi\u00e9\" selon l'eIDAS, qu'un fournisseur ne re\u00e7oit que s'il a subi un audit correspondant.<\/p>\n<p><a href=\"http:\/\/www.tuvit.de\" target=\"_blank\" rel=\"noreferrer\" data-cke-saved-href=\"http:\/\/www.tuvit.de\">http:\/\/www.tuvit.de<\/a><\/p>","protected":false},"excerpt":{"rendered":"<p>Bis zur Verabschiedung eines an eIDAS angepassten Vertrauensdienstegesetzes bleibt das Signaturgesetz jedoch bis auf Weiteres g\u00fcltig. eIDAS regelt nicht nur Signaturen und Zeitstempel, sondern erm\u00f6glicht nun auch qualifizierte Siegel, also Signaturen f\u00fcr juristische Personen und weitere neue Dienste wie Pr\u00fcfung von Siegeln und Signaturen, Zustellung von elektronischen Einschreiben und Aufbewahrungsdienste. Vor allem sorgt die neue [&hellip;]<\/p>\n","protected":false},"author":1,"featured_media":100,"comment_status":"open","ping_status":"open","sticky":false,"template":"","format":"standard","meta":{"_acf_changed":false,"footnotes":""},"categories":[1],"tags":[3356],"class_list":["post-534","post","type-post","status-publish","format-standard","has-post-thumbnail","hentry","category-unkategorisiert","tag-normenstandards"],"acf":[],"yoast_head":"<!-- This site is optimized with the Yoast SEO plugin v26.2 - https:\/\/yoast.com\/wordpress\/plugins\/seo\/ -->\n<title>eIDAS: Neue europ\u00e4ische Norm - MQ Management und Qualit\u00e4t<\/title>\n<meta name=\"description\" content=\"Die neue EU-Verordnung eIDAS (EU-Verordnung 910\/2014) wird ab 1. Juli 2016 dem deutschen Signaturgesetz vorgeschaltet und hat damit Anwendungsvorrang.\" \/>\n<meta name=\"robots\" content=\"index, follow, max-snippet:-1, max-image-preview:large, max-video-preview:-1\" \/>\n<link rel=\"canonical\" href=\"https:\/\/www.m-q.ch\/fr\/eidas-nouvelle-norme-europeenne\/\" \/>\n<meta property=\"og:locale\" content=\"fr_FR\" \/>\n<meta property=\"og:type\" content=\"article\" \/>\n<meta property=\"og:title\" content=\"eIDAS: Neue europ\u00e4ische Norm - MQ Management und Qualit\u00e4t\" \/>\n<meta property=\"og:description\" content=\"Die neue EU-Verordnung eIDAS (EU-Verordnung 910\/2014) wird ab 1. Juli 2016 dem deutschen Signaturgesetz vorgeschaltet und hat damit Anwendungsvorrang.\" \/>\n<meta property=\"og:url\" content=\"https:\/\/www.m-q.ch\/fr\/eidas-nouvelle-norme-europeenne\/\" \/>\n<meta property=\"og:site_name\" content=\"MQ Management und Qualit\u00e4t\" \/>\n<meta property=\"article:publisher\" content=\"https:\/\/www.facebook.com\/ManagementUndQualitaet\" \/>\n<meta property=\"article:published_time\" content=\"2016-08-12T13:52:19+00:00\" \/>\n<meta property=\"article:modified_time\" content=\"2017-02-24T12:24:26+00:00\" \/>\n<meta property=\"og:image\" content=\"https:\/\/www.m-q.ch\/wp-content\/uploads\/2016\/12\/eIDAS-Neue-europ\u00e4ische-Norm-management-und-qualitaet.jpg\" \/>\n\t<meta property=\"og:image:width\" content=\"461\" \/>\n\t<meta property=\"og:image:height\" content=\"340\" \/>\n\t<meta property=\"og:image:type\" content=\"image\/jpeg\" \/>\n<meta name=\"author\" content=\"galledia\" \/>\n<meta name=\"twitter:card\" content=\"summary_large_image\" \/>\n<meta name=\"twitter:label1\" content=\"\u00c9crit par\" \/>\n\t<meta name=\"twitter:data1\" content=\"galledia\" \/>\n\t<meta name=\"twitter:label2\" content=\"Dur\u00e9e de lecture estim\u00e9e\" \/>\n\t<meta name=\"twitter:data2\" content=\"1 minute\" \/>\n<script type=\"application\/ld+json\" class=\"yoast-schema-graph\">{\"@context\":\"https:\/\/schema.org\",\"@graph\":[{\"@type\":\"Article\",\"@id\":\"https:\/\/www.m-q.ch\/de\/eidas-neue-europaeische-norm\/#article\",\"isPartOf\":{\"@id\":\"https:\/\/www.m-q.ch\/de\/eidas-neue-europaeische-norm\/\"},\"author\":{\"name\":\"galledia\",\"@id\":\"https:\/\/www.m-q.ch\/fr\/#\/schema\/person\/c0139a2c55a374db6df2cde78ec87148\"},\"headline\":\"eIDAS: Neue europ\u00e4ische Norm\",\"datePublished\":\"2016-08-12T13:52:19+00:00\",\"dateModified\":\"2017-02-24T12:24:26+00:00\",\"mainEntityOfPage\":{\"@id\":\"https:\/\/www.m-q.ch\/de\/eidas-neue-europaeische-norm\/\"},\"wordCount\":115,\"commentCount\":0,\"publisher\":{\"@id\":\"https:\/\/www.m-q.ch\/fr\/#organization\"},\"image\":{\"@id\":\"https:\/\/www.m-q.ch\/de\/eidas-neue-europaeische-norm\/#primaryimage\"},\"thumbnailUrl\":\"https:\/\/www.m-q.ch\/wp-content\/uploads\/2016\/12\/eIDAS-Neue-europ\u00e4ische-Norm-management-und-qualitaet.jpg\",\"keywords\":[\"Normen\/Standards\"],\"articleSection\":[\"Unkategorisiert\"],\"inLanguage\":\"fr-FR\"},{\"@type\":\"WebPage\",\"@id\":\"https:\/\/www.m-q.ch\/de\/eidas-neue-europaeische-norm\/\",\"url\":\"https:\/\/www.m-q.ch\/de\/eidas-neue-europaeische-norm\/\",\"name\":\"eIDAS: Neue europ\u00e4ische Norm - MQ Management und Qualit\u00e4t\",\"isPartOf\":{\"@id\":\"https:\/\/www.m-q.ch\/fr\/#website\"},\"primaryImageOfPage\":{\"@id\":\"https:\/\/www.m-q.ch\/de\/eidas-neue-europaeische-norm\/#primaryimage\"},\"image\":{\"@id\":\"https:\/\/www.m-q.ch\/de\/eidas-neue-europaeische-norm\/#primaryimage\"},\"thumbnailUrl\":\"https:\/\/www.m-q.ch\/wp-content\/uploads\/2016\/12\/eIDAS-Neue-europ\u00e4ische-Norm-management-und-qualitaet.jpg\",\"datePublished\":\"2016-08-12T13:52:19+00:00\",\"dateModified\":\"2017-02-24T12:24:26+00:00\",\"description\":\"Die neue EU-Verordnung eIDAS (EU-Verordnung 910\/2014) wird ab 1. Juli 2016 dem deutschen Signaturgesetz vorgeschaltet und hat damit Anwendungsvorrang.\",\"breadcrumb\":{\"@id\":\"https:\/\/www.m-q.ch\/de\/eidas-neue-europaeische-norm\/#breadcrumb\"},\"inLanguage\":\"fr-FR\",\"potentialAction\":[{\"@type\":\"ReadAction\",\"target\":[\"https:\/\/www.m-q.ch\/de\/eidas-neue-europaeische-norm\/\"]}]},{\"@type\":\"ImageObject\",\"inLanguage\":\"fr-FR\",\"@id\":\"https:\/\/www.m-q.ch\/de\/eidas-neue-europaeische-norm\/#primaryimage\",\"url\":\"https:\/\/www.m-q.ch\/wp-content\/uploads\/2016\/12\/eIDAS-Neue-europ\u00e4ische-Norm-management-und-qualitaet.jpg\",\"contentUrl\":\"https:\/\/www.m-q.ch\/wp-content\/uploads\/2016\/12\/eIDAS-Neue-europ\u00e4ische-Norm-management-und-qualitaet.jpg\",\"width\":461,\"height\":340,\"caption\":\"Eine sichere, elektronische Korrespondenz wird immer wichtiger.\"},{\"@type\":\"BreadcrumbList\",\"@id\":\"https:\/\/www.m-q.ch\/de\/eidas-neue-europaeische-norm\/#breadcrumb\",\"itemListElement\":[{\"@type\":\"ListItem\",\"position\":1,\"name\":\"Unkategorisiert\",\"item\":\"https:\/\/www.m-q.ch\/it\/categoria\/senza-categoria\/\"},{\"@type\":\"ListItem\",\"position\":2,\"name\":\"eIDAS: Neue europ\u00e4ische Norm\"}]},{\"@type\":\"WebSite\",\"@id\":\"https:\/\/www.m-q.ch\/fr\/#website\",\"url\":\"https:\/\/www.m-q.ch\/fr\/\",\"name\":\"MQ Management und Qualit\u00e4t\",\"description\":\"Plattform f\u00fcr integrierte Managementsysteme.\",\"publisher\":{\"@id\":\"https:\/\/www.m-q.ch\/fr\/#organization\"},\"potentialAction\":[{\"@type\":\"SearchAction\",\"target\":{\"@type\":\"EntryPoint\",\"urlTemplate\":\"https:\/\/www.m-q.ch\/fr\/?s={search_term_string}\"},\"query-input\":{\"@type\":\"PropertyValueSpecification\",\"valueRequired\":true,\"valueName\":\"search_term_string\"}}],\"inLanguage\":\"fr-FR\"},{\"@type\":\"Organization\",\"@id\":\"https:\/\/www.m-q.ch\/fr\/#organization\",\"name\":\"Galledia Fachmedien AG\",\"url\":\"https:\/\/www.m-q.ch\/fr\/\",\"logo\":{\"@type\":\"ImageObject\",\"inLanguage\":\"fr-FR\",\"@id\":\"https:\/\/www.m-q.ch\/fr\/#\/schema\/logo\/image\/\",\"url\":\"https:\/\/www.m-q.ch\/wp-content\/uploads\/2020\/12\/cropped-logo_small.png\",\"contentUrl\":\"https:\/\/www.m-q.ch\/wp-content\/uploads\/2020\/12\/cropped-logo_small.png\",\"width\":512,\"height\":512,\"caption\":\"Galledia Fachmedien AG\"},\"image\":{\"@id\":\"https:\/\/www.m-q.ch\/fr\/#\/schema\/logo\/image\/\"},\"sameAs\":[\"https:\/\/www.facebook.com\/ManagementUndQualitaet\",\"https:\/\/www.linkedin.com\/showcase\/17982321\/admin\/\"]},{\"@type\":\"Person\",\"@id\":\"https:\/\/www.m-q.ch\/fr\/#\/schema\/person\/c0139a2c55a374db6df2cde78ec87148\",\"name\":\"galledia\",\"image\":{\"@type\":\"ImageObject\",\"inLanguage\":\"fr-FR\",\"@id\":\"https:\/\/www.m-q.ch\/fr\/#\/schema\/person\/image\/\",\"url\":\"https:\/\/secure.gravatar.com\/avatar\/66edf527eac29e9a5eb25bcada01f61a?s=96&d=mm&r=g\",\"contentUrl\":\"https:\/\/secure.gravatar.com\/avatar\/66edf527eac29e9a5eb25bcada01f61a?s=96&d=mm&r=g\",\"caption\":\"galledia\"},\"url\":\"https:\/\/www.m-q.ch\/fr\/author\/galledia\/\"}]}<\/script>\n<!-- \/ Yoast SEO plugin. -->","yoast_head_json":{"title":"eIDAS : Nouvelle norme europ\u00e9enne - Gestion et qualit\u00e9 du QM","description":"Le nouveau r\u00e8glement europ\u00e9en eIDAS (r\u00e8glement europ\u00e9en 910\/2014) pr\u00e9c\u00e9dera la loi allemande sur la signature num\u00e9rique \u00e0 partir du 1er juillet 2016 et aura donc priorit\u00e9 d'application.","robots":{"index":"index","follow":"follow","max-snippet":"max-snippet:-1","max-image-preview":"max-image-preview:large","max-video-preview":"max-video-preview:-1"},"canonical":"https:\/\/www.m-q.ch\/fr\/eidas-nouvelle-norme-europeenne\/","og_locale":"fr_FR","og_type":"article","og_title":"eIDAS: Neue europ\u00e4ische Norm - MQ Management und Qualit\u00e4t","og_description":"Die neue EU-Verordnung eIDAS (EU-Verordnung 910\/2014) wird ab 1. Juli 2016 dem deutschen Signaturgesetz vorgeschaltet und hat damit Anwendungsvorrang.","og_url":"https:\/\/www.m-q.ch\/fr\/eidas-nouvelle-norme-europeenne\/","og_site_name":"MQ Management und Qualit\u00e4t","article_publisher":"https:\/\/www.facebook.com\/ManagementUndQualitaet","article_published_time":"2016-08-12T13:52:19+00:00","article_modified_time":"2017-02-24T12:24:26+00:00","og_image":[{"width":461,"height":340,"url":"https:\/\/www.m-q.ch\/wp-content\/uploads\/2016\/12\/eIDAS-Neue-europ\u00e4ische-Norm-management-und-qualitaet.jpg","type":"image\/jpeg"}],"author":"galledia","twitter_card":"summary_large_image","twitter_misc":{"\u00c9crit par":"galledia","Dur\u00e9e de lecture estim\u00e9e":"1 minute"},"schema":{"@context":"https:\/\/schema.org","@graph":[{"@type":"Article","@id":"https:\/\/www.m-q.ch\/de\/eidas-neue-europaeische-norm\/#article","isPartOf":{"@id":"https:\/\/www.m-q.ch\/de\/eidas-neue-europaeische-norm\/"},"author":{"name":"galledia","@id":"https:\/\/www.m-q.ch\/fr\/#\/schema\/person\/c0139a2c55a374db6df2cde78ec87148"},"headline":"eIDAS: Neue europ\u00e4ische Norm","datePublished":"2016-08-12T13:52:19+00:00","dateModified":"2017-02-24T12:24:26+00:00","mainEntityOfPage":{"@id":"https:\/\/www.m-q.ch\/de\/eidas-neue-europaeische-norm\/"},"wordCount":115,"commentCount":0,"publisher":{"@id":"https:\/\/www.m-q.ch\/fr\/#organization"},"image":{"@id":"https:\/\/www.m-q.ch\/de\/eidas-neue-europaeische-norm\/#primaryimage"},"thumbnailUrl":"https:\/\/www.m-q.ch\/wp-content\/uploads\/2016\/12\/eIDAS-Neue-europ\u00e4ische-Norm-management-und-qualitaet.jpg","keywords":["Normen\/Standards"],"articleSection":["Unkategorisiert"],"inLanguage":"fr-FR"},{"@type":"WebPage","@id":"https:\/\/www.m-q.ch\/de\/eidas-neue-europaeische-norm\/","url":"https:\/\/www.m-q.ch\/de\/eidas-neue-europaeische-norm\/","name":"eIDAS : Nouvelle norme europ\u00e9enne - Gestion et qualit\u00e9 du QM","isPartOf":{"@id":"https:\/\/www.m-q.ch\/fr\/#website"},"primaryImageOfPage":{"@id":"https:\/\/www.m-q.ch\/de\/eidas-neue-europaeische-norm\/#primaryimage"},"image":{"@id":"https:\/\/www.m-q.ch\/de\/eidas-neue-europaeische-norm\/#primaryimage"},"thumbnailUrl":"https:\/\/www.m-q.ch\/wp-content\/uploads\/2016\/12\/eIDAS-Neue-europ\u00e4ische-Norm-management-und-qualitaet.jpg","datePublished":"2016-08-12T13:52:19+00:00","dateModified":"2017-02-24T12:24:26+00:00","description":"Le nouveau r\u00e8glement europ\u00e9en eIDAS (r\u00e8glement europ\u00e9en 910\/2014) pr\u00e9c\u00e9dera la loi allemande sur la signature num\u00e9rique \u00e0 partir du 1er juillet 2016 et aura donc priorit\u00e9 d'application.","breadcrumb":{"@id":"https:\/\/www.m-q.ch\/de\/eidas-neue-europaeische-norm\/#breadcrumb"},"inLanguage":"fr-FR","potentialAction":[{"@type":"ReadAction","target":["https:\/\/www.m-q.ch\/de\/eidas-neue-europaeische-norm\/"]}]},{"@type":"ImageObject","inLanguage":"fr-FR","@id":"https:\/\/www.m-q.ch\/de\/eidas-neue-europaeische-norm\/#primaryimage","url":"https:\/\/www.m-q.ch\/wp-content\/uploads\/2016\/12\/eIDAS-Neue-europ\u00e4ische-Norm-management-und-qualitaet.jpg","contentUrl":"https:\/\/www.m-q.ch\/wp-content\/uploads\/2016\/12\/eIDAS-Neue-europ\u00e4ische-Norm-management-und-qualitaet.jpg","width":461,"height":340,"caption":"Eine sichere, elektronische Korrespondenz wird immer wichtiger."},{"@type":"BreadcrumbList","@id":"https:\/\/www.m-q.ch\/de\/eidas-neue-europaeische-norm\/#breadcrumb","itemListElement":[{"@type":"ListItem","position":1,"name":"Unkategorisiert","item":"https:\/\/www.m-q.ch\/it\/categoria\/senza-categoria\/"},{"@type":"ListItem","position":2,"name":"eIDAS: Neue europ\u00e4ische Norm"}]},{"@type":"WebSite","@id":"https:\/\/www.m-q.ch\/fr\/#website","url":"https:\/\/www.m-q.ch\/fr\/","name":"Gestion et qualit\u00e9 du QM","description":"Plate-forme pour les syst\u00e8mes de gestion int\u00e9gr\u00e9e.","publisher":{"@id":"https:\/\/www.m-q.ch\/fr\/#organization"},"potentialAction":[{"@type":"SearchAction","target":{"@type":"EntryPoint","urlTemplate":"https:\/\/www.m-q.ch\/fr\/?s={search_term_string}"},"query-input":{"@type":"PropertyValueSpecification","valueRequired":true,"valueName":"search_term_string"}}],"inLanguage":"fr-FR"},{"@type":"Organization","@id":"https:\/\/www.m-q.ch\/fr\/#organization","name":"Galledia Trade Media AG","url":"https:\/\/www.m-q.ch\/fr\/","logo":{"@type":"ImageObject","inLanguage":"fr-FR","@id":"https:\/\/www.m-q.ch\/fr\/#\/schema\/logo\/image\/","url":"https:\/\/www.m-q.ch\/wp-content\/uploads\/2020\/12\/cropped-logo_small.png","contentUrl":"https:\/\/www.m-q.ch\/wp-content\/uploads\/2020\/12\/cropped-logo_small.png","width":512,"height":512,"caption":"Galledia Fachmedien AG"},"image":{"@id":"https:\/\/www.m-q.ch\/fr\/#\/schema\/logo\/image\/"},"sameAs":["https:\/\/www.facebook.com\/ManagementUndQualitaet","https:\/\/www.linkedin.com\/showcase\/17982321\/admin\/"]},{"@type":"Person","@id":"https:\/\/www.m-q.ch\/fr\/#\/schema\/person\/c0139a2c55a374db6df2cde78ec87148","name":"galledia","image":{"@type":"ImageObject","inLanguage":"fr-FR","@id":"https:\/\/www.m-q.ch\/fr\/#\/schema\/person\/image\/","url":"https:\/\/secure.gravatar.com\/avatar\/66edf527eac29e9a5eb25bcada01f61a?s=96&d=mm&r=g","contentUrl":"https:\/\/secure.gravatar.com\/avatar\/66edf527eac29e9a5eb25bcada01f61a?s=96&d=mm&r=g","caption":"galledia"},"url":"https:\/\/www.m-q.ch\/fr\/author\/galledia\/"}]}},"_links":{"self":[{"href":"https:\/\/www.m-q.ch\/fr\/wp-json\/wp\/v2\/posts\/534","targetHints":{"allow":["GET"]}}],"collection":[{"href":"https:\/\/www.m-q.ch\/fr\/wp-json\/wp\/v2\/posts"}],"about":[{"href":"https:\/\/www.m-q.ch\/fr\/wp-json\/wp\/v2\/types\/post"}],"author":[{"embeddable":true,"href":"https:\/\/www.m-q.ch\/fr\/wp-json\/wp\/v2\/users\/1"}],"replies":[{"embeddable":true,"href":"https:\/\/www.m-q.ch\/fr\/wp-json\/wp\/v2\/comments?post=534"}],"version-history":[{"count":2,"href":"https:\/\/www.m-q.ch\/fr\/wp-json\/wp\/v2\/posts\/534\/revisions"}],"predecessor-version":[{"id":968,"href":"https:\/\/www.m-q.ch\/fr\/wp-json\/wp\/v2\/posts\/534\/revisions\/968"}],"wp:featuredmedia":[{"embeddable":true,"href":"https:\/\/www.m-q.ch\/fr\/wp-json\/wp\/v2\/media\/100"}],"wp:attachment":[{"href":"https:\/\/www.m-q.ch\/fr\/wp-json\/wp\/v2\/media?parent=534"}],"wp:term":[{"taxonomy":"category","embeddable":true,"href":"https:\/\/www.m-q.ch\/fr\/wp-json\/wp\/v2\/categories?post=534"},{"taxonomy":"post_tag","embeddable":true,"href":"https:\/\/www.m-q.ch\/fr\/wp-json\/wp\/v2\/tags?post=534"}],"curies":[{"name":"wp","href":"https:\/\/api.w.org\/{rel}","templated":true}]}}