{"id":556,"date":"2016-09-13T08:41:22","date_gmt":"2016-09-13T06:41:22","guid":{"rendered":"http:\/\/dev.m-q.ch\/?p=556"},"modified":"2017-03-01T08:58:08","modified_gmt":"2017-03-01T07:58:08","slug":"premiers-resultats-de-lorganisateur-du-kmu-monitor-2016","status":"publish","type":"post","link":"https:\/\/www.m-q.ch\/fr\/erste-ergebnisse-organisator-kmu-monitor-2016\/","title":{"rendered":"Premiers r\u00e9sultats : ORGANISATEUR SME Monitor 2016"},"content":{"rendered":"<figure id=\"attachment_110\" aria-describedby=\"caption-attachment-110\" style=\"width: 640px\" class=\"wp-caption alignnone\"><a href=\"https:\/\/m-q.ch\/wp-content\/uploads\/2016\/12\/Erste-Ergebnisse-ORGANISATOR-KMU-Monitor-2016-management-und-qualitaet.jpg\"><img loading=\"lazy\" decoding=\"async\" class=\"wp-image-110 size-full\" src=\"https:\/\/www.m-q.ch\/wp-content\/uploads\/2016\/12\/Erste-Ergebnisse-ORGANISATOR-KMU-Monitor-2016-management-und-qualitaet.jpg\" width=\"640\" height=\"427\" srcset=\"https:\/\/www.m-q.ch\/wp-content\/uploads\/2016\/12\/Erste-Ergebnisse-ORGANISATOR-KMU-Monitor-2016-management-und-qualitaet.jpg 640w, https:\/\/www.m-q.ch\/wp-content\/uploads\/2016\/12\/Erste-Ergebnisse-ORGANISATOR-KMU-Monitor-2016-management-und-qualitaet-16x12.jpg 16w, https:\/\/www.m-q.ch\/wp-content\/uploads\/2016\/12\/Erste-Ergebnisse-ORGANISATOR-KMU-Monitor-2016-management-und-qualitaet-262x175.jpg 262w, https:\/\/www.m-q.ch\/wp-content\/uploads\/2016\/12\/Erste-Ergebnisse-ORGANISATOR-KMU-Monitor-2016-management-und-qualitaet-525x350.jpg 525w, https:\/\/www.m-q.ch\/wp-content\/uploads\/2016\/12\/Erste-Ergebnisse-ORGANISATOR-KMU-Monitor-2016-management-und-qualitaet-300x200.jpg 300w, https:\/\/www.m-q.ch\/wp-content\/uploads\/2016\/12\/Erste-Ergebnisse-ORGANISATOR-KMU-Monitor-2016-management-und-qualitaet-624x416.jpg 624w\" sizes=\"auto, (max-width: 640px) 100vw, 640px\" \/><\/a><figcaption id=\"caption-attachment-110\" class=\"wp-caption-text\">Qu'est-ce qui fait bouger les PME suisses ? Racontez-nous dans un bref sondage ! (Image : photos de d\u00e9p\u00f4t)<\/figcaption><\/figure>\n<blockquote><p>Un r\u00e9sultat interm\u00e9diaire de l'enqu\u00eate montre les premi\u00e8res tendances, o\u00f9 les PME \"pincent la chaussure\".<\/p><\/blockquote>\n<p>Pression croissante sur les co\u00fbts dans le commerce de d\u00e9tail ou dans l'industrie. La transformation num\u00e9rique, qui n'est plus seulement une question de secteur informatique. La p\u00e9nurie de travailleurs qualifi\u00e9s, qui pour certains menace l'existence de l'entreprise, pour d'autres n'est qu'un pr\u00e9texte. Et toujours de nouveaux r\u00e8glements et obstacles administratifs qui rendent les affaires courantes plus difficiles. Ces th\u00e8ses sont confirm\u00e9es dans les premiers r\u00e9sultats interm\u00e9diaires de l'enqu\u00eate en ligne pour le SME Monitor, une publication sp\u00e9ciale de l'ORGANISATEUR.<\/p>\n<p>Les r\u00e9ponses \u00e0 cette enqu\u00eate en ligne visent \u00e0 donner une image de l'\u00e9tat d'esprit et \u00e0 montrer les d\u00e9fis auxquels les entreprises sont actuellement confront\u00e9es et les mesures - telles que les investissements - qu'elles prennent pour les surmonter.<\/p>\n<p>L'enqu\u00eate est toujours en cours. Veuillez donc prendre quelques minutes pour r\u00e9pondre \u00e0 nos questions. Les r\u00e9sultats de l'enqu\u00eate seront compil\u00e9s et comment\u00e9s dans la publication sp\u00e9ciale \"SME Monitor\" mentionn\u00e9e ci-dessus. Le num\u00e9ro sp\u00e9cial sera publi\u00e9 en suppl\u00e9ment du num\u00e9ro d'octobre d'ORGANISATEUR et sera \u00e9galement distribu\u00e9 lors de la Journ\u00e9e suisse des PME le 28 octobre.<\/p>\n<p>Toutefois, nous serons heureux de vous envoyer les r\u00e9sultats \u00e0 l'avance - il vous suffit de saisir votre adresse \u00e9lectronique \u00e0 la fin de l'enqu\u00eate.<\/p>\n<p>Cliquer ici pour la version actuelle <a href=\"https:\/\/de.surveymonkey.com\/r\/3FQWBSC\" target=\"_blank\" rel=\"noreferrer\" data-cke-saved-href=\"https:\/\/de.surveymonkey.com\/r\/3FQWBSC\">Enqu\u00eate<\/a><\/p>\n<p>&nbsp;<\/p>","protected":false},"excerpt":{"rendered":"<p>Ein Zwischenergebnis der Umfrage zeigt erste Trends, wo KMU &#8222;der Schuh dr\u00fcckt&#8220;. Zunehmender Kostendruck im Detailhandel oder in der Industrie. Der Digitale Wandel, welcher l\u00e4ngst nicht mehr nur eine Frage der Informatik-Branche ist. Der Mangel an Fachkr\u00e4ften, der f\u00fcr die einen existenzbedrohend, f\u00fcr die anderen bloss herbeigeschrieben ist. Und immer neue Regulierungen und administrative H\u00fcrden, [&hellip;]<\/p>\n","protected":false},"author":1,"featured_media":110,"comment_status":"open","ping_status":"open","sticky":false,"template":"","format":"standard","meta":{"_acf_changed":false,"footnotes":""},"categories":[1],"tags":[3362],"class_list":["post-556","post","type-post","status-publish","format-standard","has-post-thumbnail","hentry","category-unkategorisiert","tag-studie"],"acf":[],"yoast_head":"<!-- This site is optimized with the Yoast SEO plugin v26.2 - https:\/\/yoast.com\/wordpress\/plugins\/seo\/ -->\n<title>Erste Ergebnisse: ORGANISATOR KMU-Monitor 2016 - MQ Management und Qualit\u00e4t<\/title>\n<meta name=\"description\" content=\"Die Online-Umfrage f\u00fcr den KMU-Monitor unseres KMU-Fachmagazins ORGANISATOR zeigt einen ersten Trend.\" \/>\n<meta name=\"robots\" content=\"index, follow, max-snippet:-1, max-image-preview:large, max-video-preview:-1\" \/>\n<link rel=\"canonical\" href=\"https:\/\/www.m-q.ch\/fr\/premier-resultats-organisateur-kmu-moniteur-2016\/\" \/>\n<meta property=\"og:locale\" content=\"fr_FR\" \/>\n<meta property=\"og:type\" content=\"article\" \/>\n<meta property=\"og:title\" content=\"Erste Ergebnisse: ORGANISATOR KMU-Monitor 2016 - MQ Management und Qualit\u00e4t\" \/>\n<meta property=\"og:description\" content=\"Die Online-Umfrage f\u00fcr den KMU-Monitor unseres KMU-Fachmagazins ORGANISATOR zeigt einen ersten Trend.\" \/>\n<meta property=\"og:url\" content=\"https:\/\/www.m-q.ch\/fr\/premier-resultats-organisateur-kmu-moniteur-2016\/\" \/>\n<meta property=\"og:site_name\" content=\"MQ Management und Qualit\u00e4t\" \/>\n<meta property=\"article:publisher\" content=\"https:\/\/www.facebook.com\/ManagementUndQualitaet\" \/>\n<meta property=\"article:published_time\" content=\"2016-09-13T06:41:22+00:00\" \/>\n<meta property=\"article:modified_time\" content=\"2017-03-01T07:58:08+00:00\" \/>\n<meta property=\"og:image\" content=\"https:\/\/www.m-q.ch\/wp-content\/uploads\/2016\/12\/Erste-Ergebnisse-ORGANISATOR-KMU-Monitor-2016-management-und-qualitaet.jpg\" \/>\n\t<meta property=\"og:image:width\" content=\"640\" \/>\n\t<meta property=\"og:image:height\" content=\"427\" \/>\n\t<meta property=\"og:image:type\" content=\"image\/jpeg\" \/>\n<meta name=\"author\" content=\"galledia\" \/>\n<meta name=\"twitter:card\" content=\"summary_large_image\" \/>\n<meta name=\"twitter:label1\" content=\"\u00c9crit par\" \/>\n\t<meta name=\"twitter:data1\" content=\"galledia\" \/>\n\t<meta name=\"twitter:label2\" content=\"Dur\u00e9e de lecture estim\u00e9e\" \/>\n\t<meta name=\"twitter:data2\" content=\"1 minute\" \/>\n<script type=\"application\/ld+json\" class=\"yoast-schema-graph\">{\"@context\":\"https:\/\/schema.org\",\"@graph\":[{\"@type\":\"Article\",\"@id\":\"https:\/\/www.m-q.ch\/fr\/premier-resultats-organisateur-kmu-moniteur-2016\/#article\",\"isPartOf\":{\"@id\":\"https:\/\/www.m-q.ch\/fr\/premier-resultats-organisateur-kmu-moniteur-2016\/\"},\"author\":{\"name\":\"galledia\",\"@id\":\"https:\/\/www.m-q.ch\/fr\/#\/schema\/person\/c0139a2c55a374db6df2cde78ec87148\"},\"headline\":\"Erste Ergebnisse: ORGANISATOR KMU-Monitor 2016\",\"datePublished\":\"2016-09-13T06:41:22+00:00\",\"dateModified\":\"2017-03-01T07:58:08+00:00\",\"mainEntityOfPage\":{\"@id\":\"https:\/\/www.m-q.ch\/fr\/premier-resultats-organisateur-kmu-moniteur-2016\/\"},\"wordCount\":223,\"commentCount\":0,\"publisher\":{\"@id\":\"https:\/\/www.m-q.ch\/fr\/#organization\"},\"image\":{\"@id\":\"https:\/\/www.m-q.ch\/fr\/premier-resultats-organisateur-kmu-moniteur-2016\/#primaryimage\"},\"thumbnailUrl\":\"https:\/\/www.m-q.ch\/wp-content\/uploads\/2016\/12\/Erste-Ergebnisse-ORGANISATOR-KMU-Monitor-2016-management-und-qualitaet.jpg\",\"keywords\":[\"Studie\"],\"articleSection\":[\"Unkategorisiert\"],\"inLanguage\":\"fr-FR\"},{\"@type\":\"WebPage\",\"@id\":\"https:\/\/www.m-q.ch\/fr\/premier-resultats-organisateur-kmu-moniteur-2016\/\",\"url\":\"https:\/\/www.m-q.ch\/fr\/premier-resultats-organisateur-kmu-moniteur-2016\/\",\"name\":\"Erste Ergebnisse: ORGANISATOR KMU-Monitor 2016 - MQ Management und Qualit\u00e4t\",\"isPartOf\":{\"@id\":\"https:\/\/www.m-q.ch\/fr\/#website\"},\"primaryImageOfPage\":{\"@id\":\"https:\/\/www.m-q.ch\/fr\/premier-resultats-organisateur-kmu-moniteur-2016\/#primaryimage\"},\"image\":{\"@id\":\"https:\/\/www.m-q.ch\/fr\/premier-resultats-organisateur-kmu-moniteur-2016\/#primaryimage\"},\"thumbnailUrl\":\"https:\/\/www.m-q.ch\/wp-content\/uploads\/2016\/12\/Erste-Ergebnisse-ORGANISATOR-KMU-Monitor-2016-management-und-qualitaet.jpg\",\"datePublished\":\"2016-09-13T06:41:22+00:00\",\"dateModified\":\"2017-03-01T07:58:08+00:00\",\"description\":\"Die Online-Umfrage f\u00fcr den KMU-Monitor unseres KMU-Fachmagazins ORGANISATOR zeigt einen ersten Trend.\",\"breadcrumb\":{\"@id\":\"https:\/\/www.m-q.ch\/fr\/premier-resultats-organisateur-kmu-moniteur-2016\/#breadcrumb\"},\"inLanguage\":\"fr-FR\",\"potentialAction\":[{\"@type\":\"ReadAction\",\"target\":[\"https:\/\/www.m-q.ch\/fr\/premier-resultats-organisateur-kmu-moniteur-2016\/\"]}]},{\"@type\":\"ImageObject\",\"inLanguage\":\"fr-FR\",\"@id\":\"https:\/\/www.m-q.ch\/fr\/premier-resultats-organisateur-kmu-moniteur-2016\/#primaryimage\",\"url\":\"https:\/\/www.m-q.ch\/wp-content\/uploads\/2016\/12\/Erste-Ergebnisse-ORGANISATOR-KMU-Monitor-2016-management-und-qualitaet.jpg\",\"contentUrl\":\"https:\/\/www.m-q.ch\/wp-content\/uploads\/2016\/12\/Erste-Ergebnisse-ORGANISATOR-KMU-Monitor-2016-management-und-qualitaet.jpg\",\"width\":640,\"height\":427,\"caption\":\"Was bewegt die Schweizer KMU? Sagen Sie es uns in einer kurzen Umfrage! (Bild: depositphotos)\"},{\"@type\":\"BreadcrumbList\",\"@id\":\"https:\/\/www.m-q.ch\/fr\/premier-resultats-organisateur-kmu-moniteur-2016\/#breadcrumb\",\"itemListElement\":[{\"@type\":\"ListItem\",\"position\":1,\"name\":\"Unkategorisiert\",\"item\":\"https:\/\/www.m-q.ch\/it\/categoria\/senza-categoria\/\"},{\"@type\":\"ListItem\",\"position\":2,\"name\":\"Erste Ergebnisse: ORGANISATOR KMU-Monitor 2016\"}]},{\"@type\":\"WebSite\",\"@id\":\"https:\/\/www.m-q.ch\/fr\/#website\",\"url\":\"https:\/\/www.m-q.ch\/fr\/\",\"name\":\"MQ Management und Qualit\u00e4t\",\"description\":\"Plattform f\u00fcr integrierte Managementsysteme.\",\"publisher\":{\"@id\":\"https:\/\/www.m-q.ch\/fr\/#organization\"},\"potentialAction\":[{\"@type\":\"SearchAction\",\"target\":{\"@type\":\"EntryPoint\",\"urlTemplate\":\"https:\/\/www.m-q.ch\/fr\/?s={search_term_string}\"},\"query-input\":{\"@type\":\"PropertyValueSpecification\",\"valueRequired\":true,\"valueName\":\"search_term_string\"}}],\"inLanguage\":\"fr-FR\"},{\"@type\":\"Organization\",\"@id\":\"https:\/\/www.m-q.ch\/fr\/#organization\",\"name\":\"Galledia Fachmedien AG\",\"url\":\"https:\/\/www.m-q.ch\/fr\/\",\"logo\":{\"@type\":\"ImageObject\",\"inLanguage\":\"fr-FR\",\"@id\":\"https:\/\/www.m-q.ch\/fr\/#\/schema\/logo\/image\/\",\"url\":\"https:\/\/www.m-q.ch\/wp-content\/uploads\/2020\/12\/cropped-logo_small.png\",\"contentUrl\":\"https:\/\/www.m-q.ch\/wp-content\/uploads\/2020\/12\/cropped-logo_small.png\",\"width\":512,\"height\":512,\"caption\":\"Galledia Fachmedien AG\"},\"image\":{\"@id\":\"https:\/\/www.m-q.ch\/fr\/#\/schema\/logo\/image\/\"},\"sameAs\":[\"https:\/\/www.facebook.com\/ManagementUndQualitaet\",\"https:\/\/www.linkedin.com\/showcase\/17982321\/admin\/\"]},{\"@type\":\"Person\",\"@id\":\"https:\/\/www.m-q.ch\/fr\/#\/schema\/person\/c0139a2c55a374db6df2cde78ec87148\",\"name\":\"galledia\",\"image\":{\"@type\":\"ImageObject\",\"inLanguage\":\"fr-FR\",\"@id\":\"https:\/\/www.m-q.ch\/fr\/#\/schema\/person\/image\/\",\"url\":\"https:\/\/secure.gravatar.com\/avatar\/66edf527eac29e9a5eb25bcada01f61a?s=96&d=mm&r=g\",\"contentUrl\":\"https:\/\/secure.gravatar.com\/avatar\/66edf527eac29e9a5eb25bcada01f61a?s=96&d=mm&r=g\",\"caption\":\"galledia\"},\"url\":\"https:\/\/www.m-q.ch\/fr\/author\/galledia\/\"}]}<\/script>\n<!-- \/ Yoast SEO plugin. -->","yoast_head_json":{"title":"Premiers r\u00e9sultats : ORGANISATEUR SME Monitor 2016 - MQ Management et qualit\u00e9","description":"L'enqu\u00eate en ligne pour le SME Monitor de notre magazine professionnel ORGANISATEUR montre une premi\u00e8re tendance.","robots":{"index":"index","follow":"follow","max-snippet":"max-snippet:-1","max-image-preview":"max-image-preview:large","max-video-preview":"max-video-preview:-1"},"canonical":"https:\/\/www.m-q.ch\/fr\/premier-resultats-organisateur-kmu-moniteur-2016\/","og_locale":"fr_FR","og_type":"article","og_title":"Erste Ergebnisse: ORGANISATOR KMU-Monitor 2016 - MQ Management und Qualit\u00e4t","og_description":"Die Online-Umfrage f\u00fcr den KMU-Monitor unseres KMU-Fachmagazins ORGANISATOR zeigt einen ersten Trend.","og_url":"https:\/\/www.m-q.ch\/fr\/premier-resultats-organisateur-kmu-moniteur-2016\/","og_site_name":"MQ Management und Qualit\u00e4t","article_publisher":"https:\/\/www.facebook.com\/ManagementUndQualitaet","article_published_time":"2016-09-13T06:41:22+00:00","article_modified_time":"2017-03-01T07:58:08+00:00","og_image":[{"width":640,"height":427,"url":"https:\/\/www.m-q.ch\/wp-content\/uploads\/2016\/12\/Erste-Ergebnisse-ORGANISATOR-KMU-Monitor-2016-management-und-qualitaet.jpg","type":"image\/jpeg"}],"author":"galledia","twitter_card":"summary_large_image","twitter_misc":{"\u00c9crit par":"galledia","Dur\u00e9e de lecture estim\u00e9e":"1 minute"},"schema":{"@context":"https:\/\/schema.org","@graph":[{"@type":"Article","@id":"https:\/\/www.m-q.ch\/fr\/premier-resultats-organisateur-kmu-moniteur-2016\/#article","isPartOf":{"@id":"https:\/\/www.m-q.ch\/fr\/premier-resultats-organisateur-kmu-moniteur-2016\/"},"author":{"name":"galledia","@id":"https:\/\/www.m-q.ch\/fr\/#\/schema\/person\/c0139a2c55a374db6df2cde78ec87148"},"headline":"Erste Ergebnisse: ORGANISATOR KMU-Monitor 2016","datePublished":"2016-09-13T06:41:22+00:00","dateModified":"2017-03-01T07:58:08+00:00","mainEntityOfPage":{"@id":"https:\/\/www.m-q.ch\/fr\/premier-resultats-organisateur-kmu-moniteur-2016\/"},"wordCount":223,"commentCount":0,"publisher":{"@id":"https:\/\/www.m-q.ch\/fr\/#organization"},"image":{"@id":"https:\/\/www.m-q.ch\/fr\/premier-resultats-organisateur-kmu-moniteur-2016\/#primaryimage"},"thumbnailUrl":"https:\/\/www.m-q.ch\/wp-content\/uploads\/2016\/12\/Erste-Ergebnisse-ORGANISATOR-KMU-Monitor-2016-management-und-qualitaet.jpg","keywords":["Studie"],"articleSection":["Unkategorisiert"],"inLanguage":"fr-FR"},{"@type":"WebPage","@id":"https:\/\/www.m-q.ch\/fr\/premier-resultats-organisateur-kmu-moniteur-2016\/","url":"https:\/\/www.m-q.ch\/fr\/premier-resultats-organisateur-kmu-moniteur-2016\/","name":"Premiers r\u00e9sultats : ORGANISATEUR SME Monitor 2016 - MQ Management et qualit\u00e9","isPartOf":{"@id":"https:\/\/www.m-q.ch\/fr\/#website"},"primaryImageOfPage":{"@id":"https:\/\/www.m-q.ch\/fr\/premier-resultats-organisateur-kmu-moniteur-2016\/#primaryimage"},"image":{"@id":"https:\/\/www.m-q.ch\/fr\/premier-resultats-organisateur-kmu-moniteur-2016\/#primaryimage"},"thumbnailUrl":"https:\/\/www.m-q.ch\/wp-content\/uploads\/2016\/12\/Erste-Ergebnisse-ORGANISATOR-KMU-Monitor-2016-management-und-qualitaet.jpg","datePublished":"2016-09-13T06:41:22+00:00","dateModified":"2017-03-01T07:58:08+00:00","description":"L'enqu\u00eate en ligne pour le SME Monitor de notre magazine professionnel ORGANISATEUR montre une premi\u00e8re tendance.","breadcrumb":{"@id":"https:\/\/www.m-q.ch\/fr\/premier-resultats-organisateur-kmu-moniteur-2016\/#breadcrumb"},"inLanguage":"fr-FR","potentialAction":[{"@type":"ReadAction","target":["https:\/\/www.m-q.ch\/fr\/premier-resultats-organisateur-kmu-moniteur-2016\/"]}]},{"@type":"ImageObject","inLanguage":"fr-FR","@id":"https:\/\/www.m-q.ch\/fr\/premier-resultats-organisateur-kmu-moniteur-2016\/#primaryimage","url":"https:\/\/www.m-q.ch\/wp-content\/uploads\/2016\/12\/Erste-Ergebnisse-ORGANISATOR-KMU-Monitor-2016-management-und-qualitaet.jpg","contentUrl":"https:\/\/www.m-q.ch\/wp-content\/uploads\/2016\/12\/Erste-Ergebnisse-ORGANISATOR-KMU-Monitor-2016-management-und-qualitaet.jpg","width":640,"height":427,"caption":"Was bewegt die Schweizer KMU? Sagen Sie es uns in einer kurzen Umfrage! (Bild: depositphotos)"},{"@type":"BreadcrumbList","@id":"https:\/\/www.m-q.ch\/fr\/premier-resultats-organisateur-kmu-moniteur-2016\/#breadcrumb","itemListElement":[{"@type":"ListItem","position":1,"name":"Unkategorisiert","item":"https:\/\/www.m-q.ch\/it\/categoria\/senza-categoria\/"},{"@type":"ListItem","position":2,"name":"Erste Ergebnisse: ORGANISATOR KMU-Monitor 2016"}]},{"@type":"WebSite","@id":"https:\/\/www.m-q.ch\/fr\/#website","url":"https:\/\/www.m-q.ch\/fr\/","name":"Gestion et qualit\u00e9 du QM","description":"Plate-forme pour les syst\u00e8mes de gestion int\u00e9gr\u00e9e.","publisher":{"@id":"https:\/\/www.m-q.ch\/fr\/#organization"},"potentialAction":[{"@type":"SearchAction","target":{"@type":"EntryPoint","urlTemplate":"https:\/\/www.m-q.ch\/fr\/?s={search_term_string}"},"query-input":{"@type":"PropertyValueSpecification","valueRequired":true,"valueName":"search_term_string"}}],"inLanguage":"fr-FR"},{"@type":"Organization","@id":"https:\/\/www.m-q.ch\/fr\/#organization","name":"Galledia Trade Media AG","url":"https:\/\/www.m-q.ch\/fr\/","logo":{"@type":"ImageObject","inLanguage":"fr-FR","@id":"https:\/\/www.m-q.ch\/fr\/#\/schema\/logo\/image\/","url":"https:\/\/www.m-q.ch\/wp-content\/uploads\/2020\/12\/cropped-logo_small.png","contentUrl":"https:\/\/www.m-q.ch\/wp-content\/uploads\/2020\/12\/cropped-logo_small.png","width":512,"height":512,"caption":"Galledia Fachmedien AG"},"image":{"@id":"https:\/\/www.m-q.ch\/fr\/#\/schema\/logo\/image\/"},"sameAs":["https:\/\/www.facebook.com\/ManagementUndQualitaet","https:\/\/www.linkedin.com\/showcase\/17982321\/admin\/"]},{"@type":"Person","@id":"https:\/\/www.m-q.ch\/fr\/#\/schema\/person\/c0139a2c55a374db6df2cde78ec87148","name":"galledia","image":{"@type":"ImageObject","inLanguage":"fr-FR","@id":"https:\/\/www.m-q.ch\/fr\/#\/schema\/person\/image\/","url":"https:\/\/secure.gravatar.com\/avatar\/66edf527eac29e9a5eb25bcada01f61a?s=96&d=mm&r=g","contentUrl":"https:\/\/secure.gravatar.com\/avatar\/66edf527eac29e9a5eb25bcada01f61a?s=96&d=mm&r=g","caption":"galledia"},"url":"https:\/\/www.m-q.ch\/fr\/author\/galledia\/"}]}},"_links":{"self":[{"href":"https:\/\/www.m-q.ch\/fr\/wp-json\/wp\/v2\/posts\/556","targetHints":{"allow":["GET"]}}],"collection":[{"href":"https:\/\/www.m-q.ch\/fr\/wp-json\/wp\/v2\/posts"}],"about":[{"href":"https:\/\/www.m-q.ch\/fr\/wp-json\/wp\/v2\/types\/post"}],"author":[{"embeddable":true,"href":"https:\/\/www.m-q.ch\/fr\/wp-json\/wp\/v2\/users\/1"}],"replies":[{"embeddable":true,"href":"https:\/\/www.m-q.ch\/fr\/wp-json\/wp\/v2\/comments?post=556"}],"version-history":[{"count":2,"href":"https:\/\/www.m-q.ch\/fr\/wp-json\/wp\/v2\/posts\/556\/revisions"}],"predecessor-version":[{"id":1056,"href":"https:\/\/www.m-q.ch\/fr\/wp-json\/wp\/v2\/posts\/556\/revisions\/1056"}],"wp:featuredmedia":[{"embeddable":true,"href":"https:\/\/www.m-q.ch\/fr\/wp-json\/wp\/v2\/media\/110"}],"wp:attachment":[{"href":"https:\/\/www.m-q.ch\/fr\/wp-json\/wp\/v2\/media?parent=556"}],"wp:term":[{"taxonomy":"category","embeddable":true,"href":"https:\/\/www.m-q.ch\/fr\/wp-json\/wp\/v2\/categories?post=556"},{"taxonomy":"post_tag","embeddable":true,"href":"https:\/\/www.m-q.ch\/fr\/wp-json\/wp\/v2\/tags?post=556"}],"curies":[{"name":"wp","href":"https:\/\/api.w.org\/{rel}","templated":true}]}}